{"id":3161,"date":"2013-09-12T23:51:45","date_gmt":"2013-09-13T02:51:45","guid":{"rendered":"http:\/\/www.isletasnoticias.com.ar\/?p=3161"},"modified":"2013-09-13T11:59:51","modified_gmt":"2013-09-13T14:59:51","slug":"este-domingo-la-escuela-n-32-celebra-sus-75-anos-junto-a-la-fiesta-del-agricultor","status":"publish","type":"post","link":"https:\/\/informelitoral.com.ar\/este-domingo-la-escuela-n-32-celebra-sus-75-anos-junto-a-la-fiesta-del-agricultor\/","title":{"rendered":"75 a\u00f1os de la Escuela N\u00b0 32 Mariano Moreno de Isletas"},"content":{"rendered":"<p style=\"text-align: left;\"><strong>\u00a0La Escuela N\u00b0 32 Mariano Moreno de Isletas, celebra su 75\u00b0 aniversario. Los festejos estaban programados para este domingo, junto a la XVIII Fiesta del Agricultor, pero en las \u00faltimas horas se decidi\u00f3 suspender los festejos por las condiciones clim\u00e1ticas desfavorables. Ahora, la fiesta se realizar\u00eda el domingo 22 de septiembre. En <em>ISLETAS NOTICIAS<\/em>, una s\u00edntesis de los primeros pasos de la instituci\u00f3n.<\/strong><\/p>\n<p style=\"text-align: center;\"><img loading=\"lazy\" decoding=\"async\" class=\"size-medium wp-image-3163 aligncenter\" title=\"Parte del frente del edificio de la Escuela N\u00b0 32 de Isletas.\" alt=\"\" src=\"http:\/\/www.isletasnoticias.com.ar\/%77%70%2d%63%6f%6e%74%65%6e%74\/uploads\/2013\/09\/escuela-1-300x225.jpg\" width=\"300\" height=\"225\" srcset=\"https:\/\/informelitoral.com.ar\/%77%70%2d%63%6f%6e%74%65%6e%74\/uploads\/2013\/09\/escuela-1-300x225.jpg 300w, https:\/\/informelitoral.com.ar\/%77%70%2d%63%6f%6e%74%65%6e%74\/uploads\/2013\/09\/escuela-1.jpg 960w\" sizes=\"auto, (max-width: 300px) 100vw, 300px\" \/><\/p>\n<p><img loading=\"lazy\" decoding=\"async\" class=\"size-medium wp-image-3162 alignleft\" title=\"La instituci\u00f3n dando sus primeros pasos.\" alt=\"\" src=\"http:\/\/www.isletasnoticias.com.ar\/%77%70%2d%63%6f%6e%74%65%6e%74\/uploads\/2013\/09\/ESCUELa-300x201.jpg\" width=\"300\" height=\"201\" srcset=\"https:\/\/informelitoral.com.ar\/%77%70%2d%63%6f%6e%74%65%6e%74\/uploads\/2013\/09\/ESCUELa-300x201.jpg 300w, https:\/\/informelitoral.com.ar\/%77%70%2d%63%6f%6e%74%65%6e%74\/uploads\/2013\/09\/ESCUELa.jpg 880w\" sizes=\"auto, (max-width: 300px) 100vw, 300px\" \/><\/p>\n<p style=\"text-align: left;\"><strong>75 a\u00f1os de vida institucional<\/strong><\/p>\n<p style=\"text-align: left;\">La Escuela N\u00ba 32 Mariano Moreno naci\u00f3 en 1938, para cubrir una necesidad de la comunidad rural, puesto que las primeras escuelas eran ambulatorias con maestros que dictaban clases en casas de familia, en idioma alem\u00e1n, haci\u00e9ndolos en algunos casos en castellano. Esta caracter\u00edstica se daba tambi\u00e9n en zonas vecinas.<\/p>\n<p style=\"text-align: left;\">\u00a0 Debido a la creciente demanda y a instancias de <strong>Juan Heinze<\/strong> qui\u00e9n dispuso la construcci\u00f3n de la misma, en un predio de su propiedad y materiales aportados por \u00e9l, naci\u00f3 la escuela de gesti\u00f3n p\u00fablica aconfesional N\u00b0 32, instituy\u00e9ndosele en nombre de Mariano Moreno; con la finalidad de educar a futuros hombres y mujeres que se inserten en la sociedad, participando de la cultura del trabajo.<\/p>\n<p style=\"text-align: left;\">\u00a0 El acto inaugural se efectu\u00f3 el 20 de Junio de 1938 y un d\u00eda despu\u00e9s se iniciaban las clases con la asistencia de 67 alumnos, bajo la direcci\u00f3n de <strong>Nilda Peralta de Colugnatti.<\/strong><\/p>\n<p><img loading=\"lazy\" decoding=\"async\" class=\"size-medium wp-image-3164 alignright\" alt=\"\" src=\"http:\/\/www.isletasnoticias.com.ar\/%77%70%2d%63%6f%6e%74%65%6e%74\/uploads\/2013\/09\/escuela-2-300x184.jpg\" width=\"300\" height=\"184\" srcset=\"https:\/\/informelitoral.com.ar\/%77%70%2d%63%6f%6e%74%65%6e%74\/uploads\/2013\/09\/escuela-2-300x184.jpg 300w, https:\/\/informelitoral.com.ar\/%77%70%2d%63%6f%6e%74%65%6e%74\/uploads\/2013\/09\/escuela-2.jpg 513w\" sizes=\"auto, (max-width: 300px) 100vw, 300px\" \/><\/p>\n<p style=\"text-align: left;\">\u00a0El edificio sigui\u00f3 siendo propiedad privada \u2013 Flia. Heinze- hasta el 29 de Julio de 1987, momento en que se adquiri\u00f3 por el Estado Provincial.- Decreto 4142\/87 y 4778\/87 MGJE.<\/p>\n<p style=\"text-align: left;\">\u00a0La Escuela N\u00b0 32, \u00a0se encuentra ubicada sobre el camino de tierra Ram\u00edrez \u2013 Diamante (ruta prov. 40) siendo Crespo la ciudad m\u00e1s cercana a 17 Km.<\/p>\n","protected":false},"excerpt":{"rendered":"<p>&nbsp;La Escuela N&deg; 32 Mariano Moreno de Isletas, celebra su 75&deg; aniversario. Los festejos estaban programados para este domingo, junto a la XVIII Fiesta del Agricultor, pero en las &uacute;ltimas horas se decidi&oacute; suspender los festejos por las condiciones clim&aacute;ticas desfavorables. Ahora, la fiesta se realizar&iacute;a el domingo 22 de septiembre. En ISLETAS NOTICIAS, una [&hellip;]<\/p>\n","protected":false},"author":2,"featured_media":0,"comment_status":"open","ping_status":"open","sticky":false,"template":"","format":"standard","meta":{"fifu_image_url":"","fifu_image_alt":"","footnotes":""},"categories":[4],"tags":[],"class_list":{"0":"post-3161","1":"post","2":"type-post","3":"status-publish","4":"format-standard","6":"category-locales"},"yoast_head":"<title>75 a\u00f1os de la Escuela N\u00b0 32 Mariano Moreno de Isletas - Informe Litoral<\/title>\n<meta name=\"robots\" content=\"index, follow, max-snippet:-1, max-image-preview:large, max-video-preview:-1\" \/>\n<link rel=\"canonical\" href=\"https:\/\/informelitoral.com.ar\/este-domingo-la-escuela-n-32-celebra-sus-75-anos-junto-a-la-fiesta-del-agricultor\/\" \/>\n<meta property=\"og:locale\" content=\"es_ES\" \/>\n<meta property=\"og:type\" content=\"article\" \/>\n<meta property=\"og:title\" content=\"75 a\u00f1os de la Escuela N\u00b0 32 Mariano Moreno de Isletas - Informe Litoral\" \/>\n<meta property=\"og:description\" content=\"&nbsp;La Escuela N&deg; 32 Mariano Moreno de Isletas, celebra su 75&deg; aniversario. Los festejos estaban programados para este domingo, junto a la XVIII Fiesta del Agricultor, pero en las &uacute;ltimas horas se decidi&oacute; suspender los festejos por las condiciones clim&aacute;ticas desfavorables. Ahora, la fiesta se realizar&iacute;a el domingo 22 de septiembre. En ISLETAS NOTICIAS, una [&hellip;]\" \/>\n<meta property=\"og:url\" content=\"https:\/\/informelitoral.com.ar\/este-domingo-la-escuela-n-32-celebra-sus-75-anos-junto-a-la-fiesta-del-agricultor\/\" \/>\n<meta property=\"og:site_name\" content=\"Informe Litoral\" \/>\n<meta property=\"article:publisher\" content=\"https:\/\/www.facebook.com\/informelitoral\/\" \/>\n<meta property=\"article:published_time\" content=\"2013-09-13T02:51:45+00:00\" \/>\n<meta property=\"article:modified_time\" content=\"2013-09-13T14:59:51+00:00\" \/>\n<meta property=\"og:image\" content=\"https:\/\/informelitoral.com.ar\/%77%70%2d%63%6f%6e%74%65%6e%74\/uploads\/2013\/09\/escuela-1.jpg\" \/>\n\t<meta property=\"og:image:width\" content=\"960\" \/>\n\t<meta property=\"og:image:height\" content=\"720\" \/>\n\t<meta property=\"og:image:type\" content=\"image\/jpeg\" \/>\n<meta name=\"author\" content=\"Gonzalo Schmidt\" \/>\n<meta name=\"twitter:card\" content=\"summary_large_image\" \/>\n<meta name=\"twitter:creator\" content=\"@InformeLitoral\" \/>\n<meta name=\"twitter:site\" content=\"@InformeLitoral\" \/>\n<meta name=\"twitter:label1\" content=\"Escrito por\" \/>\n\t<meta name=\"twitter:data1\" content=\"Gonzalo Schmidt\" \/>\n\t<meta name=\"twitter:label2\" content=\"Tiempo de lectura\" \/>\n\t<meta name=\"twitter:data2\" content=\"1 minuto\" \/>\n<script type=\"application\/ld+json\" class=\"yoast-schema-graph\">{\"@context\":\"https:\\\/\\\/schema.org\",\"@graph\":[{\"@type\":\"Article\",\"@id\":\"https:\\\/\\\/informelitoral.com.ar\\\/este-domingo-la-escuela-n-32-celebra-sus-75-anos-junto-a-la-fiesta-del-agricultor\\\/#article\",\"isPartOf\":{\"@id\":\"https:\\\/\\\/informelitoral.com.ar\\\/este-domingo-la-escuela-n-32-celebra-sus-75-anos-junto-a-la-fiesta-del-agricultor\\\/\"},\"author\":{\"name\":\"Gonzalo Schmidt\",\"@id\":\"https:\\\/\\\/informelitoral.com.ar\\\/#\\\/schema\\\/person\\\/b9d00407c836482871ef1d57bf8e3180\"},\"headline\":\"75 a\u00f1os de la Escuela N\u00b0 32 Mariano Moreno de Isletas\",\"datePublished\":\"2013-09-13T02:51:45+00:00\",\"dateModified\":\"2013-09-13T14:59:51+00:00\",\"mainEntityOfPage\":{\"@id\":\"https:\\\/\\\/informelitoral.com.ar\\\/este-domingo-la-escuela-n-32-celebra-sus-75-anos-junto-a-la-fiesta-del-agricultor\\\/\"},\"wordCount\":285,\"commentCount\":0,\"publisher\":{\"@id\":\"https:\\\/\\\/informelitoral.com.ar\\\/#organization\"},\"image\":{\"@id\":\"https:\\\/\\\/informelitoral.com.ar\\\/este-domingo-la-escuela-n-32-celebra-sus-75-anos-junto-a-la-fiesta-del-agricultor\\\/#primaryimage\"},\"thumbnailUrl\":\"http:\\\/\\\/www.isletasnoticias.com.ar\\\/%77%70%2d%63%6f%6e%74%65%6e%74\\\/uploads\\\/2013\\\/09\\\/escuela-1-300x225.jpg\",\"articleSection\":[\"Isletas\"],\"inLanguage\":\"es\",\"potentialAction\":[{\"@type\":\"CommentAction\",\"name\":\"Comment\",\"target\":[\"https:\\\/\\\/informelitoral.com.ar\\\/este-domingo-la-escuela-n-32-celebra-sus-75-anos-junto-a-la-fiesta-del-agricultor\\\/#respond\"]}]},{\"@type\":\"WebPage\",\"@id\":\"https:\\\/\\\/informelitoral.com.ar\\\/este-domingo-la-escuela-n-32-celebra-sus-75-anos-junto-a-la-fiesta-del-agricultor\\\/\",\"url\":\"https:\\\/\\\/informelitoral.com.ar\\\/este-domingo-la-escuela-n-32-celebra-sus-75-anos-junto-a-la-fiesta-del-agricultor\\\/\",\"name\":\"75 a\u00f1os de la Escuela N\u00b0 32 Mariano Moreno de Isletas - Informe Litoral\",\"isPartOf\":{\"@id\":\"https:\\\/\\\/informelitoral.com.ar\\\/#website\"},\"primaryImageOfPage\":{\"@id\":\"https:\\\/\\\/informelitoral.com.ar\\\/este-domingo-la-escuela-n-32-celebra-sus-75-anos-junto-a-la-fiesta-del-agricultor\\\/#primaryimage\"},\"image\":{\"@id\":\"https:\\\/\\\/informelitoral.com.ar\\\/este-domingo-la-escuela-n-32-celebra-sus-75-anos-junto-a-la-fiesta-del-agricultor\\\/#primaryimage\"},\"thumbnailUrl\":\"http:\\\/\\\/www.isletasnoticias.com.ar\\\/%77%70%2d%63%6f%6e%74%65%6e%74\\\/uploads\\\/2013\\\/09\\\/escuela-1-300x225.jpg\",\"datePublished\":\"2013-09-13T02:51:45+00:00\",\"dateModified\":\"2013-09-13T14:59:51+00:00\",\"breadcrumb\":{\"@id\":\"https:\\\/\\\/informelitoral.com.ar\\\/este-domingo-la-escuela-n-32-celebra-sus-75-anos-junto-a-la-fiesta-del-agricultor\\\/#breadcrumb\"},\"inLanguage\":\"es\",\"potentialAction\":[{\"@type\":\"ReadAction\",\"target\":[\"https:\\\/\\\/informelitoral.com.ar\\\/este-domingo-la-escuela-n-32-celebra-sus-75-anos-junto-a-la-fiesta-del-agricultor\\\/\"]}]},{\"@type\":\"ImageObject\",\"inLanguage\":\"es\",\"@id\":\"https:\\\/\\\/informelitoral.com.ar\\\/este-domingo-la-escuela-n-32-celebra-sus-75-anos-junto-a-la-fiesta-del-agricultor\\\/#primaryimage\",\"url\":\"http:\\\/\\\/www.isletasnoticias.com.ar\\\/%77%70%2d%63%6f%6e%74%65%6e%74\\\/uploads\\\/2013\\\/09\\\/escuela-1-300x225.jpg\",\"contentUrl\":\"http:\\\/\\\/www.isletasnoticias.com.ar\\\/%77%70%2d%63%6f%6e%74%65%6e%74\\\/uploads\\\/2013\\\/09\\\/escuela-1-300x225.jpg\"},{\"@type\":\"BreadcrumbList\",\"@id\":\"https:\\\/\\\/informelitoral.com.ar\\\/este-domingo-la-escuela-n-32-celebra-sus-75-anos-junto-a-la-fiesta-del-agricultor\\\/#breadcrumb\",\"itemListElement\":[{\"@type\":\"ListItem\",\"position\":1,\"name\":\"Portada\",\"item\":\"https:\\\/\\\/informelitoral.com.ar\\\/\"},{\"@type\":\"ListItem\",\"position\":2,\"name\":\"75 a\u00f1os de la Escuela N\u00b0 32 Mariano Moreno de Isletas\"}]},{\"@type\":\"WebSite\",\"@id\":\"https:\\\/\\\/informelitoral.com.ar\\\/#website\",\"url\":\"https:\\\/\\\/informelitoral.com.ar\\\/\",\"name\":\"Informe Litoral\",\"description\":\"&quot;Nos informamos&quot; \",\"publisher\":{\"@id\":\"https:\\\/\\\/informelitoral.com.ar\\\/#organization\"},\"potentialAction\":[{\"@type\":\"SearchAction\",\"target\":{\"@type\":\"EntryPoint\",\"urlTemplate\":\"https:\\\/\\\/informelitoral.com.ar\\\/?s={search_term_string}\"},\"query-input\":{\"@type\":\"PropertyValueSpecification\",\"valueRequired\":true,\"valueName\":\"search_term_string\"}}],\"inLanguage\":\"es\"},{\"@type\":\"Organization\",\"@id\":\"https:\\\/\\\/informelitoral.com.ar\\\/#organization\",\"name\":\"Informe Litoral\",\"url\":\"https:\\\/\\\/informelitoral.com.ar\\\/\",\"logo\":{\"@type\":\"ImageObject\",\"inLanguage\":\"es\",\"@id\":\"https:\\\/\\\/informelitoral.com.ar\\\/#\\\/schema\\\/logo\\\/image\\\/\",\"url\":\"https:\\\/\\\/informelitoral.com.ar\\\/%77%70%2d%63%6f%6e%74%65%6e%74\\\/uploads\\\/2021\\\/01\\\/circulo.png\",\"contentUrl\":\"https:\\\/\\\/informelitoral.com.ar\\\/%77%70%2d%63%6f%6e%74%65%6e%74\\\/uploads\\\/2021\\\/01\\\/circulo.png\",\"width\":723,\"height\":731,\"caption\":\"Informe Litoral\"},\"image\":{\"@id\":\"https:\\\/\\\/informelitoral.com.ar\\\/#\\\/schema\\\/logo\\\/image\\\/\"},\"sameAs\":[\"https:\\\/\\\/www.facebook.com\\\/informelitoral\\\/\",\"https:\\\/\\\/x.com\\\/InformeLitoral\",\"https:\\\/\\\/www.instagram.com\\\/informelitoral\\\/\",\"https:\\\/\\\/www.youtube.com\\\/channel\\\/UCua4Qvz8Icb6MYqhoq9xLXw\"]},{\"@type\":\"Person\",\"@id\":\"https:\\\/\\\/informelitoral.com.ar\\\/#\\\/schema\\\/person\\\/b9d00407c836482871ef1d57bf8e3180\",\"name\":\"Gonzalo Schmidt\",\"image\":{\"@type\":\"ImageObject\",\"inLanguage\":\"es\",\"@id\":\"https:\\\/\\\/secure.gravatar.com\\\/avatar\\\/31a1a7b66ff2de83bd0e9fd79d026630d2d99e55e8bfe501287647b4fd9743de?s=96&d=mm&r=g\",\"url\":\"https:\\\/\\\/secure.gravatar.com\\\/avatar\\\/31a1a7b66ff2de83bd0e9fd79d026630d2d99e55e8bfe501287647b4fd9743de?s=96&d=mm&r=g\",\"contentUrl\":\"https:\\\/\\\/secure.gravatar.com\\\/avatar\\\/31a1a7b66ff2de83bd0e9fd79d026630d2d99e55e8bfe501287647b4fd9743de?s=96&d=mm&r=g\",\"caption\":\"Gonzalo Schmidt\"},\"description\":\"Sitio web de noticias de la provincia de Entre R\u00edos, Argentina. Informaci\u00f3n y entretenimiento. Informe Litoral, nos informamos.\",\"sameAs\":[\"http:\\\/\\\/www.isletasnoticias.com.ar\"],\"url\":\"https:\\\/\\\/informelitoral.com.ar\\\/author\\\/gonzalo\\\/\"}]}<\/script>","yoast_head_json":{"title":"75 a\u00f1os de la Escuela N\u00b0 32 Mariano Moreno de Isletas - Informe Litoral","robots":{"index":"index","follow":"follow","max-snippet":"max-snippet:-1","max-image-preview":"max-image-preview:large","max-video-preview":"max-video-preview:-1"},"canonical":"https:\/\/informelitoral.com.ar\/este-domingo-la-escuela-n-32-celebra-sus-75-anos-junto-a-la-fiesta-del-agricultor\/","og_locale":"es_ES","og_type":"article","og_title":"75 a\u00f1os de la Escuela N\u00b0 32 Mariano Moreno de Isletas - Informe Litoral","og_description":"&nbsp;La Escuela N&deg; 32 Mariano Moreno de Isletas, celebra su 75&deg; aniversario. Los festejos estaban programados para este domingo, junto a la XVIII Fiesta del Agricultor, pero en las &uacute;ltimas horas se decidi&oacute; suspender los festejos por las condiciones clim&aacute;ticas desfavorables. Ahora, la fiesta se realizar&iacute;a el domingo 22 de septiembre. En ISLETAS NOTICIAS, una [&hellip;]","og_url":"https:\/\/informelitoral.com.ar\/este-domingo-la-escuela-n-32-celebra-sus-75-anos-junto-a-la-fiesta-del-agricultor\/","og_site_name":"Informe Litoral","article_publisher":"https:\/\/www.facebook.com\/informelitoral\/","article_published_time":"2013-09-13T02:51:45+00:00","article_modified_time":"2013-09-13T14:59:51+00:00","og_image":[{"width":960,"height":720,"url":"https:\/\/informelitoral.com.ar\/%77%70%2d%63%6f%6e%74%65%6e%74\/uploads\/2013\/09\/escuela-1.jpg","type":"image\/jpeg"}],"author":"Gonzalo Schmidt","twitter_card":"summary_large_image","twitter_creator":"@InformeLitoral","twitter_site":"@InformeLitoral","twitter_misc":{"Escrito por":"Gonzalo Schmidt","Tiempo de lectura":"1 minuto"},"schema":{"@context":"https:\/\/schema.org","@graph":[{"@type":"Article","@id":"https:\/\/informelitoral.com.ar\/este-domingo-la-escuela-n-32-celebra-sus-75-anos-junto-a-la-fiesta-del-agricultor\/#article","isPartOf":{"@id":"https:\/\/informelitoral.com.ar\/este-domingo-la-escuela-n-32-celebra-sus-75-anos-junto-a-la-fiesta-del-agricultor\/"},"author":{"name":"Gonzalo Schmidt","@id":"https:\/\/informelitoral.com.ar\/#\/schema\/person\/b9d00407c836482871ef1d57bf8e3180"},"headline":"75 a\u00f1os de la Escuela N\u00b0 32 Mariano Moreno de Isletas","datePublished":"2013-09-13T02:51:45+00:00","dateModified":"2013-09-13T14:59:51+00:00","mainEntityOfPage":{"@id":"https:\/\/informelitoral.com.ar\/este-domingo-la-escuela-n-32-celebra-sus-75-anos-junto-a-la-fiesta-del-agricultor\/"},"wordCount":285,"commentCount":0,"publisher":{"@id":"https:\/\/informelitoral.com.ar\/#organization"},"image":{"@id":"https:\/\/informelitoral.com.ar\/este-domingo-la-escuela-n-32-celebra-sus-75-anos-junto-a-la-fiesta-del-agricultor\/#primaryimage"},"thumbnailUrl":"http:\/\/www.isletasnoticias.com.ar\/%77%70%2d%63%6f%6e%74%65%6e%74\/uploads\/2013\/09\/escuela-1-300x225.jpg","articleSection":["Isletas"],"inLanguage":"es","potentialAction":[{"@type":"CommentAction","name":"Comment","target":["https:\/\/informelitoral.com.ar\/este-domingo-la-escuela-n-32-celebra-sus-75-anos-junto-a-la-fiesta-del-agricultor\/#respond"]}]},{"@type":"WebPage","@id":"https:\/\/informelitoral.com.ar\/este-domingo-la-escuela-n-32-celebra-sus-75-anos-junto-a-la-fiesta-del-agricultor\/","url":"https:\/\/informelitoral.com.ar\/este-domingo-la-escuela-n-32-celebra-sus-75-anos-junto-a-la-fiesta-del-agricultor\/","name":"75 a\u00f1os de la Escuela N\u00b0 32 Mariano Moreno de Isletas - Informe Litoral","isPartOf":{"@id":"https:\/\/informelitoral.com.ar\/#website"},"primaryImageOfPage":{"@id":"https:\/\/informelitoral.com.ar\/este-domingo-la-escuela-n-32-celebra-sus-75-anos-junto-a-la-fiesta-del-agricultor\/#primaryimage"},"image":{"@id":"https:\/\/informelitoral.com.ar\/este-domingo-la-escuela-n-32-celebra-sus-75-anos-junto-a-la-fiesta-del-agricultor\/#primaryimage"},"thumbnailUrl":"http:\/\/www.isletasnoticias.com.ar\/%77%70%2d%63%6f%6e%74%65%6e%74\/uploads\/2013\/09\/escuela-1-300x225.jpg","datePublished":"2013-09-13T02:51:45+00:00","dateModified":"2013-09-13T14:59:51+00:00","breadcrumb":{"@id":"https:\/\/informelitoral.com.ar\/este-domingo-la-escuela-n-32-celebra-sus-75-anos-junto-a-la-fiesta-del-agricultor\/#breadcrumb"},"inLanguage":"es","potentialAction":[{"@type":"ReadAction","target":["https:\/\/informelitoral.com.ar\/este-domingo-la-escuela-n-32-celebra-sus-75-anos-junto-a-la-fiesta-del-agricultor\/"]}]},{"@type":"ImageObject","inLanguage":"es","@id":"https:\/\/informelitoral.com.ar\/este-domingo-la-escuela-n-32-celebra-sus-75-anos-junto-a-la-fiesta-del-agricultor\/#primaryimage","url":"http:\/\/www.isletasnoticias.com.ar\/%77%70%2d%63%6f%6e%74%65%6e%74\/uploads\/2013\/09\/escuela-1-300x225.jpg","contentUrl":"http:\/\/www.isletasnoticias.com.ar\/%77%70%2d%63%6f%6e%74%65%6e%74\/uploads\/2013\/09\/escuela-1-300x225.jpg"},{"@type":"BreadcrumbList","@id":"https:\/\/informelitoral.com.ar\/este-domingo-la-escuela-n-32-celebra-sus-75-anos-junto-a-la-fiesta-del-agricultor\/#breadcrumb","itemListElement":[{"@type":"ListItem","position":1,"name":"Portada","item":"https:\/\/informelitoral.com.ar\/"},{"@type":"ListItem","position":2,"name":"75 a\u00f1os de la Escuela N\u00b0 32 Mariano Moreno de Isletas"}]},{"@type":"WebSite","@id":"https:\/\/informelitoral.com.ar\/#website","url":"https:\/\/informelitoral.com.ar\/","name":"Informe Litoral","description":"&quot;Nos informamos&quot; ","publisher":{"@id":"https:\/\/informelitoral.com.ar\/#organization"},"potentialAction":[{"@type":"SearchAction","target":{"@type":"EntryPoint","urlTemplate":"https:\/\/informelitoral.com.ar\/?s={search_term_string}"},"query-input":{"@type":"PropertyValueSpecification","valueRequired":true,"valueName":"search_term_string"}}],"inLanguage":"es"},{"@type":"Organization","@id":"https:\/\/informelitoral.com.ar\/#organization","name":"Informe Litoral","url":"https:\/\/informelitoral.com.ar\/","logo":{"@type":"ImageObject","inLanguage":"es","@id":"https:\/\/informelitoral.com.ar\/#\/schema\/logo\/image\/","url":"https:\/\/informelitoral.com.ar\/%77%70%2d%63%6f%6e%74%65%6e%74\/uploads\/2021\/01\/circulo.png","contentUrl":"https:\/\/informelitoral.com.ar\/%77%70%2d%63%6f%6e%74%65%6e%74\/uploads\/2021\/01\/circulo.png","width":723,"height":731,"caption":"Informe Litoral"},"image":{"@id":"https:\/\/informelitoral.com.ar\/#\/schema\/logo\/image\/"},"sameAs":["https:\/\/www.facebook.com\/informelitoral\/","https:\/\/x.com\/InformeLitoral","https:\/\/www.instagram.com\/informelitoral\/","https:\/\/www.youtube.com\/channel\/UCua4Qvz8Icb6MYqhoq9xLXw"]},{"@type":"Person","@id":"https:\/\/informelitoral.com.ar\/#\/schema\/person\/b9d00407c836482871ef1d57bf8e3180","name":"Gonzalo Schmidt","image":{"@type":"ImageObject","inLanguage":"es","@id":"https:\/\/secure.gravatar.com\/avatar\/31a1a7b66ff2de83bd0e9fd79d026630d2d99e55e8bfe501287647b4fd9743de?s=96&d=mm&r=g","url":"https:\/\/secure.gravatar.com\/avatar\/31a1a7b66ff2de83bd0e9fd79d026630d2d99e55e8bfe501287647b4fd9743de?s=96&d=mm&r=g","contentUrl":"https:\/\/secure.gravatar.com\/avatar\/31a1a7b66ff2de83bd0e9fd79d026630d2d99e55e8bfe501287647b4fd9743de?s=96&d=mm&r=g","caption":"Gonzalo Schmidt"},"description":"Sitio web de noticias de la provincia de Entre R\u00edos, Argentina. Informaci\u00f3n y entretenimiento. Informe Litoral, nos informamos.","sameAs":["http:\/\/www.isletasnoticias.com.ar"],"url":"https:\/\/informelitoral.com.ar\/author\/gonzalo\/"}]}},"_links":{"self":[{"href":"https:\/\/informelitoral.com.ar\/%77%70%2d%6a%73%6f%6e\/wp\/v2\/posts\/3161","targetHints":{"allow":["GET"]}}],"collection":[{"href":"https:\/\/informelitoral.com.ar\/%77%70%2d%6a%73%6f%6e\/wp\/v2\/posts"}],"about":[{"href":"https:\/\/informelitoral.com.ar\/%77%70%2d%6a%73%6f%6e\/wp\/v2\/types\/post"}],"author":[{"embeddable":true,"href":"https:\/\/informelitoral.com.ar\/%77%70%2d%6a%73%6f%6e\/wp\/v2\/users\/2"}],"replies":[{"embeddable":true,"href":"https:\/\/informelitoral.com.ar\/%77%70%2d%6a%73%6f%6e\/wp\/v2\/comments?post=3161"}],"version-history":[{"count":0,"href":"https:\/\/informelitoral.com.ar\/%77%70%2d%6a%73%6f%6e\/wp\/v2\/posts\/3161\/revisions"}],"wp:attachment":[{"href":"https:\/\/informelitoral.com.ar\/%77%70%2d%6a%73%6f%6e\/wp\/v2\/media?parent=3161"}],"wp:term":[{"taxonomy":"category","embeddable":true,"href":"https:\/\/informelitoral.com.ar\/%77%70%2d%6a%73%6f%6e\/wp\/v2\/categories?post=3161"},{"taxonomy":"post_tag","embeddable":true,"href":"https:\/\/informelitoral.com.ar\/%77%70%2d%6a%73%6f%6e\/wp\/v2\/tags?post=3161"}],"curies":[{"name":"wp","href":"https:\/\/api.w.org\/{rel}","templated":true}]}}