{"id":31580,"date":"2019-01-15T08:11:09","date_gmt":"2019-01-15T11:11:09","guid":{"rendered":"https:\/\/www.isletasnoticias.com.ar\/?p=31580"},"modified":"2019-01-15T08:11:18","modified_gmt":"2019-01-15T11:11:18","slug":"milagro-sala-fue-condenada-a-13-anos-de-prision-por-asociacion-ilicita-y-extorsion","status":"publish","type":"post","link":"https:\/\/informelitoral.com.ar\/milagro-sala-fue-condenada-a-13-anos-de-prision-por-asociacion-ilicita-y-extorsion\/","title":{"rendered":"Milagro Sala fue condenada a 13 a\u00f1os de prisi\u00f3n por asociaci\u00f3n il\u00edcita y extorsi\u00f3n"},"content":{"rendered":"\n<p>La dirigente social<strong>&nbsp;Milagro Sala fue condenada a 13 a\u00f1os de prisi\u00f3n<\/strong>&nbsp;por defraudaci\u00f3n al Estado, asociaci\u00f3n il\u00edcita y extorsi\u00f3n en la causa conocida como&nbsp;<strong>\u201cPibes Villeros\u201d<\/strong>&nbsp;que investiga el destino de m\u00e1s de&nbsp;<strong>30 millones de pesos para la construcci\u00f3n de viviendas sociales y n\u00facleos h\u00famedos<\/strong>.<\/p>\n\n\n\n<p>La Fiscal\u00eda y la querella hab\u00edan pedido 22 a\u00f1os de prisi\u00f3n m\u00e1s la inhabilitaci\u00f3n absoluta de la l\u00edder de la Tupac Amaru.<\/p>\n\n\n\n<p>Seg\u00fan los jueces, Sala era la cabeza de la asociaci\u00f3n il\u00edcita que, en connivencia con funcionarios de la provincia de\u00a0Jujuy\u00a0y municipales extra\u00edan dinero de programas habitacionales nacionales, los cuales \u00abfueron utilizados con otros fines\u00bb.<\/p>\n\n\n\n<p>De acuerdo a la sentencia emitida por el Tribunal en lo Criminal 3, <strong>otros 15 imputados deber\u00e1n cumplir penas de entre dos a ocho a\u00f1os de prisi\u00f3n<\/strong>, mientras que\u00a0<strong>13 acusados, entre ellos dos ex funcionarios municipales, fueron absueltos<\/strong>,\u00a0consign\u00f3\u00a0<em>Minutouno.<\/em><\/p>\n","protected":false},"excerpt":{"rendered":"<p>La dirigente social&nbsp;Milagro Sala fue condenada a 13 a&ntilde;os de prisi&oacute;n&nbsp;por defraudaci&oacute;n al Estado, asociaci&oacute;n il&iacute;cita y extorsi&oacute;n en la causa conocida como&nbsp;&ldquo;Pibes Villeros&rdquo;&nbsp;que investiga el destino de m&aacute;s de&nbsp;30 millones de pesos para la construcci&oacute;n de viviendas sociales y n&uacute;cleos h&uacute;medos. La Fiscal&iacute;a y la querella hab&iacute;an pedido 22 a&ntilde;os de prisi&oacute;n m&aacute;s la [&hellip;]<\/p>\n","protected":false},"author":2,"featured_media":31581,"comment_status":"open","ping_status":"open","sticky":false,"template":"","format":"standard","meta":{"fifu_image_url":"","fifu_image_alt":"","footnotes":""},"categories":[7,16],"tags":[],"class_list":{"0":"post-31580","1":"post","2":"type-post","3":"status-publish","4":"format-standard","5":"has-post-thumbnail","7":"category-nacionales","8":"category-politi"},"yoast_head":"<title>Milagro Sala fue condenada a 13 a\u00f1os de prisi\u00f3n por asociaci\u00f3n il\u00edcita y extorsi\u00f3n - Informe Litoral<\/title>\n<meta name=\"robots\" content=\"index, follow, max-snippet:-1, max-image-preview:large, max-video-preview:-1\" \/>\n<link rel=\"canonical\" href=\"https:\/\/informelitoral.com.ar\/milagro-sala-fue-condenada-a-13-anos-de-prision-por-asociacion-ilicita-y-extorsion\/\" \/>\n<meta property=\"og:locale\" content=\"es_ES\" \/>\n<meta property=\"og:type\" content=\"article\" \/>\n<meta property=\"og:title\" content=\"Milagro Sala fue condenada a 13 a\u00f1os de prisi\u00f3n por asociaci\u00f3n il\u00edcita y extorsi\u00f3n - Informe Litoral\" \/>\n<meta property=\"og:description\" content=\"La dirigente social&nbsp;Milagro Sala fue condenada a 13 a&ntilde;os de prisi&oacute;n&nbsp;por defraudaci&oacute;n al Estado, asociaci&oacute;n il&iacute;cita y extorsi&oacute;n en la causa conocida como&nbsp;&ldquo;Pibes Villeros&rdquo;&nbsp;que investiga el destino de m&aacute;s de&nbsp;30 millones de pesos para la construcci&oacute;n de viviendas sociales y n&uacute;cleos h&uacute;medos. La Fiscal&iacute;a y la querella hab&iacute;an pedido 22 a&ntilde;os de prisi&oacute;n m&aacute;s la [&hellip;]\" \/>\n<meta property=\"og:url\" content=\"https:\/\/informelitoral.com.ar\/milagro-sala-fue-condenada-a-13-anos-de-prision-por-asociacion-ilicita-y-extorsion\/\" \/>\n<meta property=\"og:site_name\" content=\"Informe Litoral\" \/>\n<meta property=\"article:publisher\" content=\"https:\/\/www.facebook.com\/informelitoral\/\" \/>\n<meta property=\"article:published_time\" content=\"2019-01-15T11:11:09+00:00\" \/>\n<meta property=\"article:modified_time\" content=\"2019-01-15T11:11:18+00:00\" \/>\n<meta property=\"og:image\" content=\"https:\/\/informelitoral.com.ar\/%77%70%2d%63%6f%6e%74%65%6e%74\/uploads\/2019\/01\/0036001125.jpg\" \/>\n\t<meta property=\"og:image:width\" content=\"1140\" \/>\n\t<meta property=\"og:image:height\" content=\"640\" \/>\n\t<meta property=\"og:image:type\" content=\"image\/jpeg\" \/>\n<meta name=\"author\" content=\"Gonzalo Schmidt\" \/>\n<meta name=\"twitter:card\" content=\"summary_large_image\" \/>\n<meta name=\"twitter:creator\" content=\"@InformeLitoral\" \/>\n<meta name=\"twitter:site\" content=\"@InformeLitoral\" \/>\n<meta name=\"twitter:label1\" content=\"Escrito por\" \/>\n\t<meta name=\"twitter:data1\" content=\"Gonzalo Schmidt\" \/>\n\t<meta name=\"twitter:label2\" content=\"Tiempo de lectura\" \/>\n\t<meta name=\"twitter:data2\" content=\"1 minuto\" \/>\n<script type=\"application\/ld+json\" class=\"yoast-schema-graph\">{\"@context\":\"https:\\\/\\\/schema.org\",\"@graph\":[{\"@type\":\"Article\",\"@id\":\"https:\\\/\\\/informelitoral.com.ar\\\/milagro-sala-fue-condenada-a-13-anos-de-prision-por-asociacion-ilicita-y-extorsion\\\/#article\",\"isPartOf\":{\"@id\":\"https:\\\/\\\/informelitoral.com.ar\\\/milagro-sala-fue-condenada-a-13-anos-de-prision-por-asociacion-ilicita-y-extorsion\\\/\"},\"author\":{\"name\":\"Gonzalo Schmidt\",\"@id\":\"https:\\\/\\\/informelitoral.com.ar\\\/#\\\/schema\\\/person\\\/b9d00407c836482871ef1d57bf8e3180\"},\"headline\":\"Milagro Sala fue condenada a 13 a\u00f1os de prisi\u00f3n por asociaci\u00f3n il\u00edcita y extorsi\u00f3n\",\"datePublished\":\"2019-01-15T11:11:09+00:00\",\"dateModified\":\"2019-01-15T11:11:18+00:00\",\"mainEntityOfPage\":{\"@id\":\"https:\\\/\\\/informelitoral.com.ar\\\/milagro-sala-fue-condenada-a-13-anos-de-prision-por-asociacion-ilicita-y-extorsion\\\/\"},\"wordCount\":187,\"commentCount\":0,\"publisher\":{\"@id\":\"https:\\\/\\\/informelitoral.com.ar\\\/#organization\"},\"image\":{\"@id\":\"https:\\\/\\\/informelitoral.com.ar\\\/milagro-sala-fue-condenada-a-13-anos-de-prision-por-asociacion-ilicita-y-extorsion\\\/#primaryimage\"},\"thumbnailUrl\":\"https:\\\/\\\/informelitoral.com.ar\\\/%77%70%2d%63%6f%6e%74%65%6e%74\\\/uploads\\\/2019\\\/01\\\/0036001125.jpg\",\"articleSection\":[\"Nacionales\",\"Politica\"],\"inLanguage\":\"es\",\"potentialAction\":[{\"@type\":\"CommentAction\",\"name\":\"Comment\",\"target\":[\"https:\\\/\\\/informelitoral.com.ar\\\/milagro-sala-fue-condenada-a-13-anos-de-prision-por-asociacion-ilicita-y-extorsion\\\/#respond\"]}]},{\"@type\":\"WebPage\",\"@id\":\"https:\\\/\\\/informelitoral.com.ar\\\/milagro-sala-fue-condenada-a-13-anos-de-prision-por-asociacion-ilicita-y-extorsion\\\/\",\"url\":\"https:\\\/\\\/informelitoral.com.ar\\\/milagro-sala-fue-condenada-a-13-anos-de-prision-por-asociacion-ilicita-y-extorsion\\\/\",\"name\":\"Milagro Sala fue condenada a 13 a\u00f1os de prisi\u00f3n por asociaci\u00f3n il\u00edcita y extorsi\u00f3n - Informe Litoral\",\"isPartOf\":{\"@id\":\"https:\\\/\\\/informelitoral.com.ar\\\/#website\"},\"primaryImageOfPage\":{\"@id\":\"https:\\\/\\\/informelitoral.com.ar\\\/milagro-sala-fue-condenada-a-13-anos-de-prision-por-asociacion-ilicita-y-extorsion\\\/#primaryimage\"},\"image\":{\"@id\":\"https:\\\/\\\/informelitoral.com.ar\\\/milagro-sala-fue-condenada-a-13-anos-de-prision-por-asociacion-ilicita-y-extorsion\\\/#primaryimage\"},\"thumbnailUrl\":\"https:\\\/\\\/informelitoral.com.ar\\\/%77%70%2d%63%6f%6e%74%65%6e%74\\\/uploads\\\/2019\\\/01\\\/0036001125.jpg\",\"datePublished\":\"2019-01-15T11:11:09+00:00\",\"dateModified\":\"2019-01-15T11:11:18+00:00\",\"breadcrumb\":{\"@id\":\"https:\\\/\\\/informelitoral.com.ar\\\/milagro-sala-fue-condenada-a-13-anos-de-prision-por-asociacion-ilicita-y-extorsion\\\/#breadcrumb\"},\"inLanguage\":\"es\",\"potentialAction\":[{\"@type\":\"ReadAction\",\"target\":[\"https:\\\/\\\/informelitoral.com.ar\\\/milagro-sala-fue-condenada-a-13-anos-de-prision-por-asociacion-ilicita-y-extorsion\\\/\"]}]},{\"@type\":\"ImageObject\",\"inLanguage\":\"es\",\"@id\":\"https:\\\/\\\/informelitoral.com.ar\\\/milagro-sala-fue-condenada-a-13-anos-de-prision-por-asociacion-ilicita-y-extorsion\\\/#primaryimage\",\"url\":\"https:\\\/\\\/informelitoral.com.ar\\\/%77%70%2d%63%6f%6e%74%65%6e%74\\\/uploads\\\/2019\\\/01\\\/0036001125.jpg\",\"contentUrl\":\"https:\\\/\\\/informelitoral.com.ar\\\/%77%70%2d%63%6f%6e%74%65%6e%74\\\/uploads\\\/2019\\\/01\\\/0036001125.jpg\",\"width\":1140,\"height\":640},{\"@type\":\"BreadcrumbList\",\"@id\":\"https:\\\/\\\/informelitoral.com.ar\\\/milagro-sala-fue-condenada-a-13-anos-de-prision-por-asociacion-ilicita-y-extorsion\\\/#breadcrumb\",\"itemListElement\":[{\"@type\":\"ListItem\",\"position\":1,\"name\":\"Portada\",\"item\":\"https:\\\/\\\/informelitoral.com.ar\\\/\"},{\"@type\":\"ListItem\",\"position\":2,\"name\":\"Milagro Sala fue condenada a 13 a\u00f1os de prisi\u00f3n por asociaci\u00f3n il\u00edcita y extorsi\u00f3n\"}]},{\"@type\":\"WebSite\",\"@id\":\"https:\\\/\\\/informelitoral.com.ar\\\/#website\",\"url\":\"https:\\\/\\\/informelitoral.com.ar\\\/\",\"name\":\"Informe Litoral\",\"description\":\"&quot;Nos informamos&quot; \",\"publisher\":{\"@id\":\"https:\\\/\\\/informelitoral.com.ar\\\/#organization\"},\"potentialAction\":[{\"@type\":\"SearchAction\",\"target\":{\"@type\":\"EntryPoint\",\"urlTemplate\":\"https:\\\/\\\/informelitoral.com.ar\\\/?s={search_term_string}\"},\"query-input\":{\"@type\":\"PropertyValueSpecification\",\"valueRequired\":true,\"valueName\":\"search_term_string\"}}],\"inLanguage\":\"es\"},{\"@type\":\"Organization\",\"@id\":\"https:\\\/\\\/informelitoral.com.ar\\\/#organization\",\"name\":\"Informe Litoral\",\"url\":\"https:\\\/\\\/informelitoral.com.ar\\\/\",\"logo\":{\"@type\":\"ImageObject\",\"inLanguage\":\"es\",\"@id\":\"https:\\\/\\\/informelitoral.com.ar\\\/#\\\/schema\\\/logo\\\/image\\\/\",\"url\":\"https:\\\/\\\/informelitoral.com.ar\\\/%77%70%2d%63%6f%6e%74%65%6e%74\\\/uploads\\\/2021\\\/01\\\/circulo.png\",\"contentUrl\":\"https:\\\/\\\/informelitoral.com.ar\\\/%77%70%2d%63%6f%6e%74%65%6e%74\\\/uploads\\\/2021\\\/01\\\/circulo.png\",\"width\":723,\"height\":731,\"caption\":\"Informe Litoral\"},\"image\":{\"@id\":\"https:\\\/\\\/informelitoral.com.ar\\\/#\\\/schema\\\/logo\\\/image\\\/\"},\"sameAs\":[\"https:\\\/\\\/www.facebook.com\\\/informelitoral\\\/\",\"https:\\\/\\\/x.com\\\/InformeLitoral\",\"https:\\\/\\\/www.instagram.com\\\/informelitoral\\\/\",\"https:\\\/\\\/www.youtube.com\\\/channel\\\/UCua4Qvz8Icb6MYqhoq9xLXw\"]},{\"@type\":\"Person\",\"@id\":\"https:\\\/\\\/informelitoral.com.ar\\\/#\\\/schema\\\/person\\\/b9d00407c836482871ef1d57bf8e3180\",\"name\":\"Gonzalo Schmidt\",\"image\":{\"@type\":\"ImageObject\",\"inLanguage\":\"es\",\"@id\":\"https:\\\/\\\/secure.gravatar.com\\\/avatar\\\/31a1a7b66ff2de83bd0e9fd79d026630d2d99e55e8bfe501287647b4fd9743de?s=96&d=mm&r=g\",\"url\":\"https:\\\/\\\/secure.gravatar.com\\\/avatar\\\/31a1a7b66ff2de83bd0e9fd79d026630d2d99e55e8bfe501287647b4fd9743de?s=96&d=mm&r=g\",\"contentUrl\":\"https:\\\/\\\/secure.gravatar.com\\\/avatar\\\/31a1a7b66ff2de83bd0e9fd79d026630d2d99e55e8bfe501287647b4fd9743de?s=96&d=mm&r=g\",\"caption\":\"Gonzalo Schmidt\"},\"description\":\"Sitio web de noticias de la provincia de Entre R\u00edos, Argentina. Informaci\u00f3n y entretenimiento. Informe Litoral, nos informamos.\",\"sameAs\":[\"http:\\\/\\\/www.isletasnoticias.com.ar\"],\"url\":\"https:\\\/\\\/informelitoral.com.ar\\\/author\\\/gonzalo\\\/\"}]}<\/script>","yoast_head_json":{"title":"Milagro Sala fue condenada a 13 a\u00f1os de prisi\u00f3n por asociaci\u00f3n il\u00edcita y extorsi\u00f3n - Informe Litoral","robots":{"index":"index","follow":"follow","max-snippet":"max-snippet:-1","max-image-preview":"max-image-preview:large","max-video-preview":"max-video-preview:-1"},"canonical":"https:\/\/informelitoral.com.ar\/milagro-sala-fue-condenada-a-13-anos-de-prision-por-asociacion-ilicita-y-extorsion\/","og_locale":"es_ES","og_type":"article","og_title":"Milagro Sala fue condenada a 13 a\u00f1os de prisi\u00f3n por asociaci\u00f3n il\u00edcita y extorsi\u00f3n - Informe Litoral","og_description":"La dirigente social&nbsp;Milagro Sala fue condenada a 13 a&ntilde;os de prisi&oacute;n&nbsp;por defraudaci&oacute;n al Estado, asociaci&oacute;n il&iacute;cita y extorsi&oacute;n en la causa conocida como&nbsp;&ldquo;Pibes Villeros&rdquo;&nbsp;que investiga el destino de m&aacute;s de&nbsp;30 millones de pesos para la construcci&oacute;n de viviendas sociales y n&uacute;cleos h&uacute;medos. La Fiscal&iacute;a y la querella hab&iacute;an pedido 22 a&ntilde;os de prisi&oacute;n m&aacute;s la [&hellip;]","og_url":"https:\/\/informelitoral.com.ar\/milagro-sala-fue-condenada-a-13-anos-de-prision-por-asociacion-ilicita-y-extorsion\/","og_site_name":"Informe Litoral","article_publisher":"https:\/\/www.facebook.com\/informelitoral\/","article_published_time":"2019-01-15T11:11:09+00:00","article_modified_time":"2019-01-15T11:11:18+00:00","og_image":[{"width":1140,"height":640,"url":"https:\/\/informelitoral.com.ar\/%77%70%2d%63%6f%6e%74%65%6e%74\/uploads\/2019\/01\/0036001125.jpg","type":"image\/jpeg"}],"author":"Gonzalo Schmidt","twitter_card":"summary_large_image","twitter_creator":"@InformeLitoral","twitter_site":"@InformeLitoral","twitter_misc":{"Escrito por":"Gonzalo Schmidt","Tiempo de lectura":"1 minuto"},"schema":{"@context":"https:\/\/schema.org","@graph":[{"@type":"Article","@id":"https:\/\/informelitoral.com.ar\/milagro-sala-fue-condenada-a-13-anos-de-prision-por-asociacion-ilicita-y-extorsion\/#article","isPartOf":{"@id":"https:\/\/informelitoral.com.ar\/milagro-sala-fue-condenada-a-13-anos-de-prision-por-asociacion-ilicita-y-extorsion\/"},"author":{"name":"Gonzalo Schmidt","@id":"https:\/\/informelitoral.com.ar\/#\/schema\/person\/b9d00407c836482871ef1d57bf8e3180"},"headline":"Milagro Sala fue condenada a 13 a\u00f1os de prisi\u00f3n por asociaci\u00f3n il\u00edcita y extorsi\u00f3n","datePublished":"2019-01-15T11:11:09+00:00","dateModified":"2019-01-15T11:11:18+00:00","mainEntityOfPage":{"@id":"https:\/\/informelitoral.com.ar\/milagro-sala-fue-condenada-a-13-anos-de-prision-por-asociacion-ilicita-y-extorsion\/"},"wordCount":187,"commentCount":0,"publisher":{"@id":"https:\/\/informelitoral.com.ar\/#organization"},"image":{"@id":"https:\/\/informelitoral.com.ar\/milagro-sala-fue-condenada-a-13-anos-de-prision-por-asociacion-ilicita-y-extorsion\/#primaryimage"},"thumbnailUrl":"https:\/\/informelitoral.com.ar\/%77%70%2d%63%6f%6e%74%65%6e%74\/uploads\/2019\/01\/0036001125.jpg","articleSection":["Nacionales","Politica"],"inLanguage":"es","potentialAction":[{"@type":"CommentAction","name":"Comment","target":["https:\/\/informelitoral.com.ar\/milagro-sala-fue-condenada-a-13-anos-de-prision-por-asociacion-ilicita-y-extorsion\/#respond"]}]},{"@type":"WebPage","@id":"https:\/\/informelitoral.com.ar\/milagro-sala-fue-condenada-a-13-anos-de-prision-por-asociacion-ilicita-y-extorsion\/","url":"https:\/\/informelitoral.com.ar\/milagro-sala-fue-condenada-a-13-anos-de-prision-por-asociacion-ilicita-y-extorsion\/","name":"Milagro Sala fue condenada a 13 a\u00f1os de prisi\u00f3n por asociaci\u00f3n il\u00edcita y extorsi\u00f3n - Informe Litoral","isPartOf":{"@id":"https:\/\/informelitoral.com.ar\/#website"},"primaryImageOfPage":{"@id":"https:\/\/informelitoral.com.ar\/milagro-sala-fue-condenada-a-13-anos-de-prision-por-asociacion-ilicita-y-extorsion\/#primaryimage"},"image":{"@id":"https:\/\/informelitoral.com.ar\/milagro-sala-fue-condenada-a-13-anos-de-prision-por-asociacion-ilicita-y-extorsion\/#primaryimage"},"thumbnailUrl":"https:\/\/informelitoral.com.ar\/%77%70%2d%63%6f%6e%74%65%6e%74\/uploads\/2019\/01\/0036001125.jpg","datePublished":"2019-01-15T11:11:09+00:00","dateModified":"2019-01-15T11:11:18+00:00","breadcrumb":{"@id":"https:\/\/informelitoral.com.ar\/milagro-sala-fue-condenada-a-13-anos-de-prision-por-asociacion-ilicita-y-extorsion\/#breadcrumb"},"inLanguage":"es","potentialAction":[{"@type":"ReadAction","target":["https:\/\/informelitoral.com.ar\/milagro-sala-fue-condenada-a-13-anos-de-prision-por-asociacion-ilicita-y-extorsion\/"]}]},{"@type":"ImageObject","inLanguage":"es","@id":"https:\/\/informelitoral.com.ar\/milagro-sala-fue-condenada-a-13-anos-de-prision-por-asociacion-ilicita-y-extorsion\/#primaryimage","url":"https:\/\/informelitoral.com.ar\/%77%70%2d%63%6f%6e%74%65%6e%74\/uploads\/2019\/01\/0036001125.jpg","contentUrl":"https:\/\/informelitoral.com.ar\/%77%70%2d%63%6f%6e%74%65%6e%74\/uploads\/2019\/01\/0036001125.jpg","width":1140,"height":640},{"@type":"BreadcrumbList","@id":"https:\/\/informelitoral.com.ar\/milagro-sala-fue-condenada-a-13-anos-de-prision-por-asociacion-ilicita-y-extorsion\/#breadcrumb","itemListElement":[{"@type":"ListItem","position":1,"name":"Portada","item":"https:\/\/informelitoral.com.ar\/"},{"@type":"ListItem","position":2,"name":"Milagro Sala fue condenada a 13 a\u00f1os de prisi\u00f3n por asociaci\u00f3n il\u00edcita y extorsi\u00f3n"}]},{"@type":"WebSite","@id":"https:\/\/informelitoral.com.ar\/#website","url":"https:\/\/informelitoral.com.ar\/","name":"Informe Litoral","description":"&quot;Nos informamos&quot; ","publisher":{"@id":"https:\/\/informelitoral.com.ar\/#organization"},"potentialAction":[{"@type":"SearchAction","target":{"@type":"EntryPoint","urlTemplate":"https:\/\/informelitoral.com.ar\/?s={search_term_string}"},"query-input":{"@type":"PropertyValueSpecification","valueRequired":true,"valueName":"search_term_string"}}],"inLanguage":"es"},{"@type":"Organization","@id":"https:\/\/informelitoral.com.ar\/#organization","name":"Informe Litoral","url":"https:\/\/informelitoral.com.ar\/","logo":{"@type":"ImageObject","inLanguage":"es","@id":"https:\/\/informelitoral.com.ar\/#\/schema\/logo\/image\/","url":"https:\/\/informelitoral.com.ar\/%77%70%2d%63%6f%6e%74%65%6e%74\/uploads\/2021\/01\/circulo.png","contentUrl":"https:\/\/informelitoral.com.ar\/%77%70%2d%63%6f%6e%74%65%6e%74\/uploads\/2021\/01\/circulo.png","width":723,"height":731,"caption":"Informe Litoral"},"image":{"@id":"https:\/\/informelitoral.com.ar\/#\/schema\/logo\/image\/"},"sameAs":["https:\/\/www.facebook.com\/informelitoral\/","https:\/\/x.com\/InformeLitoral","https:\/\/www.instagram.com\/informelitoral\/","https:\/\/www.youtube.com\/channel\/UCua4Qvz8Icb6MYqhoq9xLXw"]},{"@type":"Person","@id":"https:\/\/informelitoral.com.ar\/#\/schema\/person\/b9d00407c836482871ef1d57bf8e3180","name":"Gonzalo Schmidt","image":{"@type":"ImageObject","inLanguage":"es","@id":"https:\/\/secure.gravatar.com\/avatar\/31a1a7b66ff2de83bd0e9fd79d026630d2d99e55e8bfe501287647b4fd9743de?s=96&d=mm&r=g","url":"https:\/\/secure.gravatar.com\/avatar\/31a1a7b66ff2de83bd0e9fd79d026630d2d99e55e8bfe501287647b4fd9743de?s=96&d=mm&r=g","contentUrl":"https:\/\/secure.gravatar.com\/avatar\/31a1a7b66ff2de83bd0e9fd79d026630d2d99e55e8bfe501287647b4fd9743de?s=96&d=mm&r=g","caption":"Gonzalo Schmidt"},"description":"Sitio web de noticias de la provincia de Entre R\u00edos, Argentina. Informaci\u00f3n y entretenimiento. Informe Litoral, nos informamos.","sameAs":["http:\/\/www.isletasnoticias.com.ar"],"url":"https:\/\/informelitoral.com.ar\/author\/gonzalo\/"}]}},"_links":{"self":[{"href":"https:\/\/informelitoral.com.ar\/%77%70%2d%6a%73%6f%6e\/wp\/v2\/posts\/31580","targetHints":{"allow":["GET"]}}],"collection":[{"href":"https:\/\/informelitoral.com.ar\/%77%70%2d%6a%73%6f%6e\/wp\/v2\/posts"}],"about":[{"href":"https:\/\/informelitoral.com.ar\/%77%70%2d%6a%73%6f%6e\/wp\/v2\/types\/post"}],"author":[{"embeddable":true,"href":"https:\/\/informelitoral.com.ar\/%77%70%2d%6a%73%6f%6e\/wp\/v2\/users\/2"}],"replies":[{"embeddable":true,"href":"https:\/\/informelitoral.com.ar\/%77%70%2d%6a%73%6f%6e\/wp\/v2\/comments?post=31580"}],"version-history":[{"count":0,"href":"https:\/\/informelitoral.com.ar\/%77%70%2d%6a%73%6f%6e\/wp\/v2\/posts\/31580\/revisions"}],"wp:featuredmedia":[{"embeddable":true,"href":"https:\/\/informelitoral.com.ar\/%77%70%2d%6a%73%6f%6e\/wp\/v2\/media\/31581"}],"wp:attachment":[{"href":"https:\/\/informelitoral.com.ar\/%77%70%2d%6a%73%6f%6e\/wp\/v2\/media?parent=31580"}],"wp:term":[{"taxonomy":"category","embeddable":true,"href":"https:\/\/informelitoral.com.ar\/%77%70%2d%6a%73%6f%6e\/wp\/v2\/categories?post=31580"},{"taxonomy":"post_tag","embeddable":true,"href":"https:\/\/informelitoral.com.ar\/%77%70%2d%6a%73%6f%6e\/wp\/v2\/tags?post=31580"}],"curies":[{"name":"wp","href":"https:\/\/api.w.org\/{rel}","templated":true}]}}