{"id":31569,"date":"2019-01-14T19:09:57","date_gmt":"2019-01-14T22:09:57","guid":{"rendered":"https:\/\/www.isletasnoticias.com.ar\/?p=31569"},"modified":"2019-01-14T19:10:02","modified_gmt":"2019-01-14T22:10:02","slug":"femicidio-en-santa-fe-el-principal-sospechoso-se-autodetermino","status":"publish","type":"post","link":"https:\/\/informelitoral.com.ar\/femicidio-en-santa-fe-el-principal-sospechoso-se-autodetermino\/","title":{"rendered":"Femicidio en Santa Fe: el principal sospechoso se autodetermin\u00f3"},"content":{"rendered":"\n<p><strong>Agustina Imvinkelried<\/strong>, la adolescente de 17 a\u00f1os que era buscada en la ciudad de Esperanza,&nbsp;<strong>fue encontrada sin vida este lunes por la ma\u00f1ana<\/strong>. Estaba desaparecida desde este domingo a las 6, cuando hab\u00eda sido vista por \u00faltima vez a la salida de un local bailable.<\/p>\n\n\n\n<p>Seg\u00fan se inform\u00f3, su cuerpo fue hallado boca abajo, cubierto por bolsas y papeles. Estaba con las mismas prendas con las que fue vista por \u00faltima vez.<\/p>\n\n\n\n<p>El lugar donde estaban sus restos es una zona descampada distante a la casa del principal sospechoso que se quit\u00f3 la vida ahorc\u00e1ndose en su vivienda.<\/p>\n\n\n\n<p>Esta ma\u00f1ana, antes de conocerse el terrible desenlace, el padre de Agustina habl\u00f3 con Aire de Santa Fe y cont\u00f3 que cada vez que su hija sal\u00eda a bailar llamaba para que pasen a buscarla cuando se retiraba del lugar, pero que \u201cen este caso iba a la casa de una amiga, por eso sab\u00edamos que no volv\u00eda\u201d.<\/p>\n\n\n\n<p>Llegado el mediod\u00eda de ayer, llamaron a la adolescente a su tel\u00e9fono celular para pedirle que volviera a almorzar. Pero nunca atendi\u00f3. Como no lograron contactarla, decidieron averiguar qu\u00e9 suced\u00eda. As\u00ed comenz\u00f3 la b\u00fasqueda que tuvo este lunes el m\u00e1s triste de los finales.<\/p>\n\n\n\n<p><strong>El principal sospechoso se ahorc\u00f3<\/strong><\/p>\n\n\n\n<p>Un hombre de 39 a\u00f1os, al que la polic\u00eda sindicaba como el \u00fanico sospechoso de la desaparici\u00f3n de Agustina, se suicid\u00f3 cuando agentes de la fuerza llegaron a su domicilio para interrogarlo. El hecho ocurri\u00f3 en la madrugada de este lunes, alrededor de las 2,30, en la casa del sujeto, cuya identidad se mantiene en reserva.<\/p>\n\n\n\n<p>El hombre hab\u00eda sido visto junto a la joven a la salida del local bailable Teos el domingo por la madrugada, y su rostro qued\u00f3 grabado en las c\u00e1maras de seguridad del boliche, ubicadas en la puerta del mismo.<\/p>\n\n\n\n<p>Con esos elementos en su poder, personal policial de la Unidad Regional XI del departamento Las Colonias se dirigi\u00f3 al domicilio en el que viv\u00eda el sospechoso a los fines de interrogarlo.<\/p>\n\n\n\n<p>Sin embargo, al verse rodeado por la polic\u00eda, el hombre se quit\u00f3 la vida ahorc\u00e1ndose con una soga que at\u00f3 a un tirante de la casa. La investigaci\u00f3n sobre la desaparici\u00f3n y posterior\u00a0 muerte de la joven de 17 a\u00f1os est\u00e1 a cargo de la fiscal Mar\u00eda Laura Urquiza.<em> (Aire de Santa Fe &#8211; LT 10)<\/em><\/p>\n","protected":false},"excerpt":{"rendered":"<p>Agustina Imvinkelried, la adolescente de 17 a&ntilde;os que era buscada en la ciudad de Esperanza,&nbsp;fue encontrada sin vida este lunes por la ma&ntilde;ana. Estaba desaparecida desde este domingo a las 6, cuando hab&iacute;a sido vista por &uacute;ltima vez a la salida de un local bailable. Seg&uacute;n se inform&oacute;, su cuerpo fue hallado boca abajo, cubierto [&hellip;]<\/p>\n","protected":false},"author":2,"featured_media":31570,"comment_status":"open","ping_status":"open","sticky":false,"template":"","format":"standard","meta":{"fifu_image_url":"","fifu_image_alt":"","footnotes":""},"categories":[1],"tags":[],"class_list":{"0":"post-31569","1":"post","2":"type-post","3":"status-publish","4":"format-standard","5":"has-post-thumbnail","7":"category-sin-categoria"},"yoast_head":"<title>Femicidio en Santa Fe: el principal sospechoso se autodetermin\u00f3 - Informe Litoral<\/title>\n<meta name=\"robots\" content=\"index, follow, max-snippet:-1, max-image-preview:large, max-video-preview:-1\" \/>\n<link rel=\"canonical\" href=\"https:\/\/informelitoral.com.ar\/femicidio-en-santa-fe-el-principal-sospechoso-se-autodetermino\/\" \/>\n<meta property=\"og:locale\" content=\"es_ES\" \/>\n<meta property=\"og:type\" content=\"article\" \/>\n<meta property=\"og:title\" content=\"Femicidio en Santa Fe: el principal sospechoso se autodetermin\u00f3 - Informe Litoral\" \/>\n<meta property=\"og:description\" content=\"Agustina Imvinkelried, la adolescente de 17 a&ntilde;os que era buscada en la ciudad de Esperanza,&nbsp;fue encontrada sin vida este lunes por la ma&ntilde;ana. Estaba desaparecida desde este domingo a las 6, cuando hab&iacute;a sido vista por &uacute;ltima vez a la salida de un local bailable. Seg&uacute;n se inform&oacute;, su cuerpo fue hallado boca abajo, cubierto [&hellip;]\" \/>\n<meta property=\"og:url\" content=\"https:\/\/informelitoral.com.ar\/femicidio-en-santa-fe-el-principal-sospechoso-se-autodetermino\/\" \/>\n<meta property=\"og:site_name\" content=\"Informe Litoral\" \/>\n<meta property=\"article:publisher\" content=\"https:\/\/www.facebook.com\/informelitoral\/\" \/>\n<meta property=\"article:published_time\" content=\"2019-01-14T22:09:57+00:00\" \/>\n<meta property=\"article:modified_time\" content=\"2019-01-14T22:10:02+00:00\" \/>\n<meta property=\"og:image\" content=\"https:\/\/informelitoral.com.ar\/%77%70%2d%63%6f%6e%74%65%6e%74\/uploads\/2019\/01\/Agustina-3.jpg\" \/>\n\t<meta property=\"og:image:width\" content=\"992\" \/>\n\t<meta property=\"og:image:height\" content=\"558\" \/>\n\t<meta property=\"og:image:type\" content=\"image\/jpeg\" \/>\n<meta name=\"author\" content=\"Gonzalo Schmidt\" \/>\n<meta name=\"twitter:card\" content=\"summary_large_image\" \/>\n<meta name=\"twitter:creator\" content=\"@InformeLitoral\" \/>\n<meta name=\"twitter:site\" content=\"@InformeLitoral\" \/>\n<meta name=\"twitter:label1\" content=\"Escrito por\" \/>\n\t<meta name=\"twitter:data1\" content=\"Gonzalo Schmidt\" \/>\n\t<meta name=\"twitter:label2\" content=\"Tiempo de lectura\" \/>\n\t<meta name=\"twitter:data2\" content=\"2 minutos\" \/>\n<script type=\"application\/ld+json\" class=\"yoast-schema-graph\">{\"@context\":\"https:\\\/\\\/schema.org\",\"@graph\":[{\"@type\":\"Article\",\"@id\":\"https:\\\/\\\/informelitoral.com.ar\\\/femicidio-en-santa-fe-el-principal-sospechoso-se-autodetermino\\\/#article\",\"isPartOf\":{\"@id\":\"https:\\\/\\\/informelitoral.com.ar\\\/femicidio-en-santa-fe-el-principal-sospechoso-se-autodetermino\\\/\"},\"author\":{\"name\":\"Gonzalo Schmidt\",\"@id\":\"https:\\\/\\\/informelitoral.com.ar\\\/#\\\/schema\\\/person\\\/b9d00407c836482871ef1d57bf8e3180\"},\"headline\":\"Femicidio en Santa Fe: el principal sospechoso se autodetermin\u00f3\",\"datePublished\":\"2019-01-14T22:09:57+00:00\",\"dateModified\":\"2019-01-14T22:10:02+00:00\",\"mainEntityOfPage\":{\"@id\":\"https:\\\/\\\/informelitoral.com.ar\\\/femicidio-en-santa-fe-el-principal-sospechoso-se-autodetermino\\\/\"},\"wordCount\":419,\"commentCount\":0,\"publisher\":{\"@id\":\"https:\\\/\\\/informelitoral.com.ar\\\/#organization\"},\"image\":{\"@id\":\"https:\\\/\\\/informelitoral.com.ar\\\/femicidio-en-santa-fe-el-principal-sospechoso-se-autodetermino\\\/#primaryimage\"},\"thumbnailUrl\":\"https:\\\/\\\/informelitoral.com.ar\\\/%77%70%2d%63%6f%6e%74%65%6e%74\\\/uploads\\\/2019\\\/01\\\/Agustina-3.jpg\",\"inLanguage\":\"es\",\"potentialAction\":[{\"@type\":\"CommentAction\",\"name\":\"Comment\",\"target\":[\"https:\\\/\\\/informelitoral.com.ar\\\/femicidio-en-santa-fe-el-principal-sospechoso-se-autodetermino\\\/#respond\"]}]},{\"@type\":\"WebPage\",\"@id\":\"https:\\\/\\\/informelitoral.com.ar\\\/femicidio-en-santa-fe-el-principal-sospechoso-se-autodetermino\\\/\",\"url\":\"https:\\\/\\\/informelitoral.com.ar\\\/femicidio-en-santa-fe-el-principal-sospechoso-se-autodetermino\\\/\",\"name\":\"Femicidio en Santa Fe: el principal sospechoso se autodetermin\u00f3 - Informe Litoral\",\"isPartOf\":{\"@id\":\"https:\\\/\\\/informelitoral.com.ar\\\/#website\"},\"primaryImageOfPage\":{\"@id\":\"https:\\\/\\\/informelitoral.com.ar\\\/femicidio-en-santa-fe-el-principal-sospechoso-se-autodetermino\\\/#primaryimage\"},\"image\":{\"@id\":\"https:\\\/\\\/informelitoral.com.ar\\\/femicidio-en-santa-fe-el-principal-sospechoso-se-autodetermino\\\/#primaryimage\"},\"thumbnailUrl\":\"https:\\\/\\\/informelitoral.com.ar\\\/%77%70%2d%63%6f%6e%74%65%6e%74\\\/uploads\\\/2019\\\/01\\\/Agustina-3.jpg\",\"datePublished\":\"2019-01-14T22:09:57+00:00\",\"dateModified\":\"2019-01-14T22:10:02+00:00\",\"breadcrumb\":{\"@id\":\"https:\\\/\\\/informelitoral.com.ar\\\/femicidio-en-santa-fe-el-principal-sospechoso-se-autodetermino\\\/#breadcrumb\"},\"inLanguage\":\"es\",\"potentialAction\":[{\"@type\":\"ReadAction\",\"target\":[\"https:\\\/\\\/informelitoral.com.ar\\\/femicidio-en-santa-fe-el-principal-sospechoso-se-autodetermino\\\/\"]}]},{\"@type\":\"ImageObject\",\"inLanguage\":\"es\",\"@id\":\"https:\\\/\\\/informelitoral.com.ar\\\/femicidio-en-santa-fe-el-principal-sospechoso-se-autodetermino\\\/#primaryimage\",\"url\":\"https:\\\/\\\/informelitoral.com.ar\\\/%77%70%2d%63%6f%6e%74%65%6e%74\\\/uploads\\\/2019\\\/01\\\/Agustina-3.jpg\",\"contentUrl\":\"https:\\\/\\\/informelitoral.com.ar\\\/%77%70%2d%63%6f%6e%74%65%6e%74\\\/uploads\\\/2019\\\/01\\\/Agustina-3.jpg\",\"width\":992,\"height\":558},{\"@type\":\"BreadcrumbList\",\"@id\":\"https:\\\/\\\/informelitoral.com.ar\\\/femicidio-en-santa-fe-el-principal-sospechoso-se-autodetermino\\\/#breadcrumb\",\"itemListElement\":[{\"@type\":\"ListItem\",\"position\":1,\"name\":\"Portada\",\"item\":\"https:\\\/\\\/informelitoral.com.ar\\\/\"},{\"@type\":\"ListItem\",\"position\":2,\"name\":\"Femicidio en Santa Fe: el principal sospechoso se autodetermin\u00f3\"}]},{\"@type\":\"WebSite\",\"@id\":\"https:\\\/\\\/informelitoral.com.ar\\\/#website\",\"url\":\"https:\\\/\\\/informelitoral.com.ar\\\/\",\"name\":\"Informe Litoral\",\"description\":\"&quot;Nos informamos&quot; \",\"publisher\":{\"@id\":\"https:\\\/\\\/informelitoral.com.ar\\\/#organization\"},\"potentialAction\":[{\"@type\":\"SearchAction\",\"target\":{\"@type\":\"EntryPoint\",\"urlTemplate\":\"https:\\\/\\\/informelitoral.com.ar\\\/?s={search_term_string}\"},\"query-input\":{\"@type\":\"PropertyValueSpecification\",\"valueRequired\":true,\"valueName\":\"search_term_string\"}}],\"inLanguage\":\"es\"},{\"@type\":\"Organization\",\"@id\":\"https:\\\/\\\/informelitoral.com.ar\\\/#organization\",\"name\":\"Informe Litoral\",\"url\":\"https:\\\/\\\/informelitoral.com.ar\\\/\",\"logo\":{\"@type\":\"ImageObject\",\"inLanguage\":\"es\",\"@id\":\"https:\\\/\\\/informelitoral.com.ar\\\/#\\\/schema\\\/logo\\\/image\\\/\",\"url\":\"https:\\\/\\\/informelitoral.com.ar\\\/%77%70%2d%63%6f%6e%74%65%6e%74\\\/uploads\\\/2021\\\/01\\\/circulo.png\",\"contentUrl\":\"https:\\\/\\\/informelitoral.com.ar\\\/%77%70%2d%63%6f%6e%74%65%6e%74\\\/uploads\\\/2021\\\/01\\\/circulo.png\",\"width\":723,\"height\":731,\"caption\":\"Informe Litoral\"},\"image\":{\"@id\":\"https:\\\/\\\/informelitoral.com.ar\\\/#\\\/schema\\\/logo\\\/image\\\/\"},\"sameAs\":[\"https:\\\/\\\/www.facebook.com\\\/informelitoral\\\/\",\"https:\\\/\\\/x.com\\\/InformeLitoral\",\"https:\\\/\\\/www.instagram.com\\\/informelitoral\\\/\",\"https:\\\/\\\/www.youtube.com\\\/channel\\\/UCua4Qvz8Icb6MYqhoq9xLXw\"]},{\"@type\":\"Person\",\"@id\":\"https:\\\/\\\/informelitoral.com.ar\\\/#\\\/schema\\\/person\\\/b9d00407c836482871ef1d57bf8e3180\",\"name\":\"Gonzalo Schmidt\",\"image\":{\"@type\":\"ImageObject\",\"inLanguage\":\"es\",\"@id\":\"https:\\\/\\\/secure.gravatar.com\\\/avatar\\\/31a1a7b66ff2de83bd0e9fd79d026630d2d99e55e8bfe501287647b4fd9743de?s=96&d=mm&r=g\",\"url\":\"https:\\\/\\\/secure.gravatar.com\\\/avatar\\\/31a1a7b66ff2de83bd0e9fd79d026630d2d99e55e8bfe501287647b4fd9743de?s=96&d=mm&r=g\",\"contentUrl\":\"https:\\\/\\\/secure.gravatar.com\\\/avatar\\\/31a1a7b66ff2de83bd0e9fd79d026630d2d99e55e8bfe501287647b4fd9743de?s=96&d=mm&r=g\",\"caption\":\"Gonzalo Schmidt\"},\"description\":\"Sitio web de noticias de la provincia de Entre R\u00edos, Argentina. Informaci\u00f3n y entretenimiento. Informe Litoral, nos informamos.\",\"sameAs\":[\"http:\\\/\\\/www.isletasnoticias.com.ar\"],\"url\":\"https:\\\/\\\/informelitoral.com.ar\\\/author\\\/gonzalo\\\/\"}]}<\/script>","yoast_head_json":{"title":"Femicidio en Santa Fe: el principal sospechoso se autodetermin\u00f3 - Informe Litoral","robots":{"index":"index","follow":"follow","max-snippet":"max-snippet:-1","max-image-preview":"max-image-preview:large","max-video-preview":"max-video-preview:-1"},"canonical":"https:\/\/informelitoral.com.ar\/femicidio-en-santa-fe-el-principal-sospechoso-se-autodetermino\/","og_locale":"es_ES","og_type":"article","og_title":"Femicidio en Santa Fe: el principal sospechoso se autodetermin\u00f3 - Informe Litoral","og_description":"Agustina Imvinkelried, la adolescente de 17 a&ntilde;os que era buscada en la ciudad de Esperanza,&nbsp;fue encontrada sin vida este lunes por la ma&ntilde;ana. Estaba desaparecida desde este domingo a las 6, cuando hab&iacute;a sido vista por &uacute;ltima vez a la salida de un local bailable. Seg&uacute;n se inform&oacute;, su cuerpo fue hallado boca abajo, cubierto [&hellip;]","og_url":"https:\/\/informelitoral.com.ar\/femicidio-en-santa-fe-el-principal-sospechoso-se-autodetermino\/","og_site_name":"Informe Litoral","article_publisher":"https:\/\/www.facebook.com\/informelitoral\/","article_published_time":"2019-01-14T22:09:57+00:00","article_modified_time":"2019-01-14T22:10:02+00:00","og_image":[{"width":992,"height":558,"url":"https:\/\/informelitoral.com.ar\/%77%70%2d%63%6f%6e%74%65%6e%74\/uploads\/2019\/01\/Agustina-3.jpg","type":"image\/jpeg"}],"author":"Gonzalo Schmidt","twitter_card":"summary_large_image","twitter_creator":"@InformeLitoral","twitter_site":"@InformeLitoral","twitter_misc":{"Escrito por":"Gonzalo Schmidt","Tiempo de lectura":"2 minutos"},"schema":{"@context":"https:\/\/schema.org","@graph":[{"@type":"Article","@id":"https:\/\/informelitoral.com.ar\/femicidio-en-santa-fe-el-principal-sospechoso-se-autodetermino\/#article","isPartOf":{"@id":"https:\/\/informelitoral.com.ar\/femicidio-en-santa-fe-el-principal-sospechoso-se-autodetermino\/"},"author":{"name":"Gonzalo Schmidt","@id":"https:\/\/informelitoral.com.ar\/#\/schema\/person\/b9d00407c836482871ef1d57bf8e3180"},"headline":"Femicidio en Santa Fe: el principal sospechoso se autodetermin\u00f3","datePublished":"2019-01-14T22:09:57+00:00","dateModified":"2019-01-14T22:10:02+00:00","mainEntityOfPage":{"@id":"https:\/\/informelitoral.com.ar\/femicidio-en-santa-fe-el-principal-sospechoso-se-autodetermino\/"},"wordCount":419,"commentCount":0,"publisher":{"@id":"https:\/\/informelitoral.com.ar\/#organization"},"image":{"@id":"https:\/\/informelitoral.com.ar\/femicidio-en-santa-fe-el-principal-sospechoso-se-autodetermino\/#primaryimage"},"thumbnailUrl":"https:\/\/informelitoral.com.ar\/%77%70%2d%63%6f%6e%74%65%6e%74\/uploads\/2019\/01\/Agustina-3.jpg","inLanguage":"es","potentialAction":[{"@type":"CommentAction","name":"Comment","target":["https:\/\/informelitoral.com.ar\/femicidio-en-santa-fe-el-principal-sospechoso-se-autodetermino\/#respond"]}]},{"@type":"WebPage","@id":"https:\/\/informelitoral.com.ar\/femicidio-en-santa-fe-el-principal-sospechoso-se-autodetermino\/","url":"https:\/\/informelitoral.com.ar\/femicidio-en-santa-fe-el-principal-sospechoso-se-autodetermino\/","name":"Femicidio en Santa Fe: el principal sospechoso se autodetermin\u00f3 - Informe Litoral","isPartOf":{"@id":"https:\/\/informelitoral.com.ar\/#website"},"primaryImageOfPage":{"@id":"https:\/\/informelitoral.com.ar\/femicidio-en-santa-fe-el-principal-sospechoso-se-autodetermino\/#primaryimage"},"image":{"@id":"https:\/\/informelitoral.com.ar\/femicidio-en-santa-fe-el-principal-sospechoso-se-autodetermino\/#primaryimage"},"thumbnailUrl":"https:\/\/informelitoral.com.ar\/%77%70%2d%63%6f%6e%74%65%6e%74\/uploads\/2019\/01\/Agustina-3.jpg","datePublished":"2019-01-14T22:09:57+00:00","dateModified":"2019-01-14T22:10:02+00:00","breadcrumb":{"@id":"https:\/\/informelitoral.com.ar\/femicidio-en-santa-fe-el-principal-sospechoso-se-autodetermino\/#breadcrumb"},"inLanguage":"es","potentialAction":[{"@type":"ReadAction","target":["https:\/\/informelitoral.com.ar\/femicidio-en-santa-fe-el-principal-sospechoso-se-autodetermino\/"]}]},{"@type":"ImageObject","inLanguage":"es","@id":"https:\/\/informelitoral.com.ar\/femicidio-en-santa-fe-el-principal-sospechoso-se-autodetermino\/#primaryimage","url":"https:\/\/informelitoral.com.ar\/%77%70%2d%63%6f%6e%74%65%6e%74\/uploads\/2019\/01\/Agustina-3.jpg","contentUrl":"https:\/\/informelitoral.com.ar\/%77%70%2d%63%6f%6e%74%65%6e%74\/uploads\/2019\/01\/Agustina-3.jpg","width":992,"height":558},{"@type":"BreadcrumbList","@id":"https:\/\/informelitoral.com.ar\/femicidio-en-santa-fe-el-principal-sospechoso-se-autodetermino\/#breadcrumb","itemListElement":[{"@type":"ListItem","position":1,"name":"Portada","item":"https:\/\/informelitoral.com.ar\/"},{"@type":"ListItem","position":2,"name":"Femicidio en Santa Fe: el principal sospechoso se autodetermin\u00f3"}]},{"@type":"WebSite","@id":"https:\/\/informelitoral.com.ar\/#website","url":"https:\/\/informelitoral.com.ar\/","name":"Informe Litoral","description":"&quot;Nos informamos&quot; ","publisher":{"@id":"https:\/\/informelitoral.com.ar\/#organization"},"potentialAction":[{"@type":"SearchAction","target":{"@type":"EntryPoint","urlTemplate":"https:\/\/informelitoral.com.ar\/?s={search_term_string}"},"query-input":{"@type":"PropertyValueSpecification","valueRequired":true,"valueName":"search_term_string"}}],"inLanguage":"es"},{"@type":"Organization","@id":"https:\/\/informelitoral.com.ar\/#organization","name":"Informe Litoral","url":"https:\/\/informelitoral.com.ar\/","logo":{"@type":"ImageObject","inLanguage":"es","@id":"https:\/\/informelitoral.com.ar\/#\/schema\/logo\/image\/","url":"https:\/\/informelitoral.com.ar\/%77%70%2d%63%6f%6e%74%65%6e%74\/uploads\/2021\/01\/circulo.png","contentUrl":"https:\/\/informelitoral.com.ar\/%77%70%2d%63%6f%6e%74%65%6e%74\/uploads\/2021\/01\/circulo.png","width":723,"height":731,"caption":"Informe Litoral"},"image":{"@id":"https:\/\/informelitoral.com.ar\/#\/schema\/logo\/image\/"},"sameAs":["https:\/\/www.facebook.com\/informelitoral\/","https:\/\/x.com\/InformeLitoral","https:\/\/www.instagram.com\/informelitoral\/","https:\/\/www.youtube.com\/channel\/UCua4Qvz8Icb6MYqhoq9xLXw"]},{"@type":"Person","@id":"https:\/\/informelitoral.com.ar\/#\/schema\/person\/b9d00407c836482871ef1d57bf8e3180","name":"Gonzalo Schmidt","image":{"@type":"ImageObject","inLanguage":"es","@id":"https:\/\/secure.gravatar.com\/avatar\/31a1a7b66ff2de83bd0e9fd79d026630d2d99e55e8bfe501287647b4fd9743de?s=96&d=mm&r=g","url":"https:\/\/secure.gravatar.com\/avatar\/31a1a7b66ff2de83bd0e9fd79d026630d2d99e55e8bfe501287647b4fd9743de?s=96&d=mm&r=g","contentUrl":"https:\/\/secure.gravatar.com\/avatar\/31a1a7b66ff2de83bd0e9fd79d026630d2d99e55e8bfe501287647b4fd9743de?s=96&d=mm&r=g","caption":"Gonzalo Schmidt"},"description":"Sitio web de noticias de la provincia de Entre R\u00edos, Argentina. Informaci\u00f3n y entretenimiento. Informe Litoral, nos informamos.","sameAs":["http:\/\/www.isletasnoticias.com.ar"],"url":"https:\/\/informelitoral.com.ar\/author\/gonzalo\/"}]}},"_links":{"self":[{"href":"https:\/\/informelitoral.com.ar\/%77%70%2d%6a%73%6f%6e\/wp\/v2\/posts\/31569","targetHints":{"allow":["GET"]}}],"collection":[{"href":"https:\/\/informelitoral.com.ar\/%77%70%2d%6a%73%6f%6e\/wp\/v2\/posts"}],"about":[{"href":"https:\/\/informelitoral.com.ar\/%77%70%2d%6a%73%6f%6e\/wp\/v2\/types\/post"}],"author":[{"embeddable":true,"href":"https:\/\/informelitoral.com.ar\/%77%70%2d%6a%73%6f%6e\/wp\/v2\/users\/2"}],"replies":[{"embeddable":true,"href":"https:\/\/informelitoral.com.ar\/%77%70%2d%6a%73%6f%6e\/wp\/v2\/comments?post=31569"}],"version-history":[{"count":0,"href":"https:\/\/informelitoral.com.ar\/%77%70%2d%6a%73%6f%6e\/wp\/v2\/posts\/31569\/revisions"}],"wp:featuredmedia":[{"embeddable":true,"href":"https:\/\/informelitoral.com.ar\/%77%70%2d%6a%73%6f%6e\/wp\/v2\/media\/31570"}],"wp:attachment":[{"href":"https:\/\/informelitoral.com.ar\/%77%70%2d%6a%73%6f%6e\/wp\/v2\/media?parent=31569"}],"wp:term":[{"taxonomy":"category","embeddable":true,"href":"https:\/\/informelitoral.com.ar\/%77%70%2d%6a%73%6f%6e\/wp\/v2\/categories?post=31569"},{"taxonomy":"post_tag","embeddable":true,"href":"https:\/\/informelitoral.com.ar\/%77%70%2d%6a%73%6f%6e\/wp\/v2\/tags?post=31569"}],"curies":[{"name":"wp","href":"https:\/\/api.w.org\/{rel}","templated":true}]}}