{"id":31556,"date":"2019-01-14T09:10:45","date_gmt":"2019-01-14T12:10:45","guid":{"rendered":"https:\/\/www.isletasnoticias.com.ar\/?p=31556"},"modified":"2019-01-14T09:17:17","modified_gmt":"2019-01-14T12:17:17","slug":"desde-febrero-la-luz-aumentara-un-38","status":"publish","type":"post","link":"https:\/\/informelitoral.com.ar\/desde-febrero-la-luz-aumentara-un-38\/","title":{"rendered":"Desde febrero la luz aumentar\u00e1 un 38%"},"content":{"rendered":"\n<p>Los primeros meses de este a\u00f1o tendr\u00e1n por caracter\u00edstica nuevos&nbsp;aumentos&nbsp;en las tarifas de los servicios p\u00fablicos, principalmente de la electricidad, el gas y el transporte, entre otros. Si bien el impacto de cada incremento estar\u00e1 sujeto a diversos factores y a la realidad de cada provincia,&nbsp;<strong>la nueva estructura tarifaria de la electricidad alcanzar\u00e1 hasta el mes de octubre un incremento global del orden del 53%<\/strong>. <\/p>\n\n\n\n<p>Seg\u00fan lo dispuesto por la Secretar\u00eda de Energ\u00eda de la Naci\u00f3n en el decreto 366\/18,&nbsp;<strong>el primer tramo de la suba se implementar\u00e1 a partir de febrero<\/strong>, por lo que el usuario -para el caso de Entre R\u00edos-<strong>&nbsp;comenzar\u00e1 a pagar los nuevos valores con las boletas del per\u00edodo marzo-abril<\/strong>, en el marco de un mercado energ\u00e9tico que en nuestra provincia se distribuye entre 18 cooperativas y la Empresa de Energ\u00eda de Entre R\u00edos (Enersa), que re\u00fane la mayor cantidad de usuarios.<\/p>\n\n\n\n<p>Seg\u00fan se inform\u00f3 desde el Ente Provincial Regulador de la Energ\u00eda de Entre R\u00edos (EPRE), el aumento acumulado trepar\u00e1 hasta el 53%, en forma desdoblada, en un primer tramo ser\u00e1 de un 38% (febrero, marzo y abril) y el segundo de un 15% que se aplicar\u00e1 entre mayo y octubre.En t\u00e9rminos t\u00e9cnicos la actualizaci\u00f3n tarifaria responde b\u00e1sicamente al aumento del Costo de Adquisici\u00f3n de la Energ\u00eda en el Mercado El\u00e9ctrico Mayorista, que es un componente exclusivamente nacional y que en forma semestral fija la Compa\u00f1\u00eda Administradora del Mercado Mayorista El\u00e9ctrico (Cammesa).<\/p>\n\n\n\n<p>\u00abEllos fijan el valor de lo que se denomina megavatio hora, que por un mecanismo de pase directo se traslada directamente a los usuarios de todas las provincias\u00bb, detall\u00f3&nbsp;<strong>Luciano Paul\u00edn<\/strong>,&nbsp;<strong>director de An\u00e1lisis Normativos y Estudios Especiales del EPRE<\/strong>, seg\u00fan public\u00f3 <em>UNO.<\/em><\/p>\n\n\n\n<p>En este nuevo esquema tambi\u00e9n incidir\u00e1 el Valor Agregado de la Distribuci\u00f3n (VAD), que depende de cada provincia y comprende todo lo que concierne al mantenimiento, los costos de infraestructura y que hab\u00eda sido definido en la \u00faltima audiencia p\u00fablica realizada en Villaguay en 2016.<\/p>\n\n\n\n<p>Sobre las perspectivas respecto a c\u00f3mo puede impactar el valor de la tarifa en el bolsillo de los entrerrianos, Paul\u00edn aventur\u00f3 que el per\u00edodo estival \u00abva a ser el peor\u00bb aunque consider\u00f3 que \u00abafortunadamente<strong>&nbsp;fijaron el aumento a partir del 1\u00ba de febrero<\/strong>; eso significa que seg\u00fan el corte del suministro que cada uno de nosotros tengamos en nuestras casas, como son bimestrales las llegadas de las facturas,&nbsp;<strong>reci\u00e9n lo vamos a sentir en el per\u00edodo marzo-abril<\/strong>. Pero teniendo en cuenta que se cobrar\u00e1n los consumos de febrero, que es cuando m\u00e1s se consume\u00bb.<\/p>\n\n\n\n<h3 class=\"wp-block-heading\"><strong>Impuestos<\/strong><\/h3>\n\n\n\n<p>Por otro lado, el funcionario tambi\u00e9n se refiri\u00f3 a la carga de impuestos que incide en la tarifa el\u00e9ctrica. \u00ab<strong>Es muy alta y es el tercer componente que forma parte de la tarifa final<\/strong>. Es din\u00e1mico porque la base imponible que se toma son los componentes provinciales y el componente nacional\u00bb, sostuvo.<\/p>\n\n\n\n<p>Al respecto, plante\u00f3 a <em>UNO<\/em> que \u00abcuando se habla de la carga impositiva hay que hacer una disgregaci\u00f3n de su composici\u00f3n: en primer lugar el 21% del IVA, que podr\u00eda haberse reducido. Hubo un proyecto legislativo en Entre R\u00edos, incentivado por el EPRE a trav\u00e9s del gobernador, pero no tuvo cabida\u00bb.<\/p>\n\n\n\n<p>En relaci\u00f3n a este punto, record\u00f3 que \u00aba pedido del presidente de la Naci\u00f3n, Mauricio Macri, se redujo el impuesto provincial que se llama del<strong>&nbsp;Fondo para el Desarrollo El\u00e9ctrico de Entre R\u00edos (Fedeer)<\/strong>. Eso implic\u00f3 una baja de los ingresos para la Secretar\u00eda de Energ\u00eda provincial y en el usuario no lleg\u00f3 a representar un 5% final\u00bb.<\/p>\n\n\n\n<p>Asimismo, remarc\u00f3 que \u00ab<strong>de alg\u00fan lado tiene que salir esa plata para compensar esas tarifas diferenciales<\/strong>\u00ab. \u00abPodemos plantear si es justo o injusto, pero nos excede a nosotros\u00bb, reflexion\u00f3. Tambi\u00e9n mencion\u00f3 a las tasas municipales, el \u00faltimo elemento de un componente que se torna en una pesada carga.&nbsp;<strong>Para atenuar el impacto del aumento se propuso a los municipios reducir sus tasas, pero la realidad es que no hubo respuestas favorables.<\/strong><\/p>\n\n\n\n<p>En este contexto, Paul\u00edn tambi\u00e9n record\u00f3 que el gobernador de la provincia,&nbsp;<strong>Gustavo Bordet<\/strong>, anunci\u00f3 a fines del a\u00f1o pasado que su gesti\u00f3n&nbsp;<strong>se har\u00e1 cargo de la quita del subsidio nacional para la Tarifa Social y el Plan Est\u00edmulo<\/strong>. Ante la preocupaci\u00f3n de los beneficiarios, pero principalmente de las cooperativas, el EPRE confirm\u00f3 que el 15 de enero se presentar\u00e1 en una conferencia de prensa el mecanismo que se va a utilizar para afrontar ese costo.<\/p>\n\n\n\n<p>\u00ab<strong>Se van a absorber 50 millones de pesos mensuales<\/strong>, es decir que 115.000 usuarios va a seguir gozando de ese beneficio, por lo menos en el primer semestre de este a\u00f1o. Y de cierta manera se va a compensar a las distribuidoras por este gasto que no estaba planificado, ni siquiera con c\u00e1lculos del Valor Agregado de la Distribuci\u00f3n en la audiencia p\u00fablica de Villaguay.&nbsp;<strong>Estamos viendo c\u00f3mo compensar esos millones que no estaban presupuestados, para ver de qu\u00e9 fondo pueden salir<\/strong>\u00ab, dijo a <em>UNO.<\/em><\/p>\n","protected":false},"excerpt":{"rendered":"<p>Los primeros meses de este a&ntilde;o tendr&aacute;n por caracter&iacute;stica nuevos&nbsp;aumentos&nbsp;en las tarifas de los servicios p&uacute;blicos, principalmente de la electricidad, el gas y el transporte, entre otros. Si bien el impacto de cada incremento estar&aacute; sujeto a diversos factores y a la realidad de cada provincia,&nbsp;la nueva estructura tarifaria de la electricidad alcanzar&aacute; hasta el [&hellip;]<\/p>\n","protected":false},"author":2,"featured_media":17316,"comment_status":"open","ping_status":"open","sticky":false,"template":"","format":"standard","meta":{"fifu_image_url":"","fifu_image_alt":"","footnotes":""},"categories":[6],"tags":[155,627,257,342],"class_list":{"0":"post-31556","1":"post","2":"type-post","3":"status-publish","4":"format-standard","5":"has-post-thumbnail","7":"category-entre-rios","8":"tag-aumentos","9":"tag-energia-electrica","10":"tag-luz","11":"tag-tarifa-electrica"},"yoast_head":"<title>Desde febrero la luz aumentar\u00e1 un 38% - Informe Litoral<\/title>\n<meta name=\"robots\" content=\"index, follow, max-snippet:-1, max-image-preview:large, max-video-preview:-1\" \/>\n<link rel=\"canonical\" href=\"https:\/\/informelitoral.com.ar\/desde-febrero-la-luz-aumentara-un-38\/\" \/>\n<meta property=\"og:locale\" content=\"es_ES\" \/>\n<meta property=\"og:type\" content=\"article\" \/>\n<meta property=\"og:title\" content=\"Desde febrero la luz aumentar\u00e1 un 38% - Informe Litoral\" \/>\n<meta property=\"og:description\" content=\"Los primeros meses de este a&ntilde;o tendr&aacute;n por caracter&iacute;stica nuevos&nbsp;aumentos&nbsp;en las tarifas de los servicios p&uacute;blicos, principalmente de la electricidad, el gas y el transporte, entre otros. Si bien el impacto de cada incremento estar&aacute; sujeto a diversos factores y a la realidad de cada provincia,&nbsp;la nueva estructura tarifaria de la electricidad alcanzar&aacute; hasta el [&hellip;]\" \/>\n<meta property=\"og:url\" content=\"https:\/\/informelitoral.com.ar\/desde-febrero-la-luz-aumentara-un-38\/\" \/>\n<meta property=\"og:site_name\" content=\"Informe Litoral\" \/>\n<meta property=\"article:publisher\" content=\"https:\/\/www.facebook.com\/informelitoral\/\" \/>\n<meta property=\"article:published_time\" content=\"2019-01-14T12:10:45+00:00\" \/>\n<meta property=\"article:modified_time\" content=\"2019-01-14T12:17:17+00:00\" \/>\n<meta property=\"og:image\" content=\"https:\/\/informelitoral.com.ar\/%77%70%2d%63%6f%6e%74%65%6e%74\/uploads\/2016\/07\/aumento-de-luz-2152668w620.jpg\" \/>\n\t<meta property=\"og:image:width\" content=\"620\" \/>\n\t<meta property=\"og:image:height\" content=\"348\" \/>\n\t<meta property=\"og:image:type\" content=\"image\/jpeg\" \/>\n<meta name=\"author\" content=\"Gonzalo Schmidt\" \/>\n<meta name=\"twitter:card\" content=\"summary_large_image\" \/>\n<meta name=\"twitter:creator\" content=\"@InformeLitoral\" \/>\n<meta name=\"twitter:site\" content=\"@InformeLitoral\" \/>\n<meta name=\"twitter:label1\" content=\"Escrito por\" \/>\n\t<meta name=\"twitter:data1\" content=\"Gonzalo Schmidt\" \/>\n\t<meta name=\"twitter:label2\" content=\"Tiempo de lectura\" \/>\n\t<meta name=\"twitter:data2\" content=\"4 minutos\" \/>\n<script type=\"application\/ld+json\" class=\"yoast-schema-graph\">{\"@context\":\"https:\\\/\\\/schema.org\",\"@graph\":[{\"@type\":\"Article\",\"@id\":\"https:\\\/\\\/informelitoral.com.ar\\\/desde-febrero-la-luz-aumentara-un-38\\\/#article\",\"isPartOf\":{\"@id\":\"https:\\\/\\\/informelitoral.com.ar\\\/desde-febrero-la-luz-aumentara-un-38\\\/\"},\"author\":{\"name\":\"Gonzalo Schmidt\",\"@id\":\"https:\\\/\\\/informelitoral.com.ar\\\/#\\\/schema\\\/person\\\/b9d00407c836482871ef1d57bf8e3180\"},\"headline\":\"Desde febrero la luz aumentar\u00e1 un 38%\",\"datePublished\":\"2019-01-14T12:10:45+00:00\",\"dateModified\":\"2019-01-14T12:17:17+00:00\",\"mainEntityOfPage\":{\"@id\":\"https:\\\/\\\/informelitoral.com.ar\\\/desde-febrero-la-luz-aumentara-un-38\\\/\"},\"wordCount\":894,\"commentCount\":0,\"publisher\":{\"@id\":\"https:\\\/\\\/informelitoral.com.ar\\\/#organization\"},\"image\":{\"@id\":\"https:\\\/\\\/informelitoral.com.ar\\\/desde-febrero-la-luz-aumentara-un-38\\\/#primaryimage\"},\"thumbnailUrl\":\"https:\\\/\\\/informelitoral.com.ar\\\/%77%70%2d%63%6f%6e%74%65%6e%74\\\/uploads\\\/2016\\\/07\\\/aumento-de-luz-2152668w620.jpg\",\"keywords\":[\"Aumentos\",\"Energ\u00eda el\u00e9ctrica\",\"Luz\",\"Tarifa el\u00e9ctrica\"],\"articleSection\":[\"Entre R\u00edos\"],\"inLanguage\":\"es\",\"potentialAction\":[{\"@type\":\"CommentAction\",\"name\":\"Comment\",\"target\":[\"https:\\\/\\\/informelitoral.com.ar\\\/desde-febrero-la-luz-aumentara-un-38\\\/#respond\"]}]},{\"@type\":\"WebPage\",\"@id\":\"https:\\\/\\\/informelitoral.com.ar\\\/desde-febrero-la-luz-aumentara-un-38\\\/\",\"url\":\"https:\\\/\\\/informelitoral.com.ar\\\/desde-febrero-la-luz-aumentara-un-38\\\/\",\"name\":\"Desde febrero la luz aumentar\u00e1 un 38% - Informe Litoral\",\"isPartOf\":{\"@id\":\"https:\\\/\\\/informelitoral.com.ar\\\/#website\"},\"primaryImageOfPage\":{\"@id\":\"https:\\\/\\\/informelitoral.com.ar\\\/desde-febrero-la-luz-aumentara-un-38\\\/#primaryimage\"},\"image\":{\"@id\":\"https:\\\/\\\/informelitoral.com.ar\\\/desde-febrero-la-luz-aumentara-un-38\\\/#primaryimage\"},\"thumbnailUrl\":\"https:\\\/\\\/informelitoral.com.ar\\\/%77%70%2d%63%6f%6e%74%65%6e%74\\\/uploads\\\/2016\\\/07\\\/aumento-de-luz-2152668w620.jpg\",\"datePublished\":\"2019-01-14T12:10:45+00:00\",\"dateModified\":\"2019-01-14T12:17:17+00:00\",\"breadcrumb\":{\"@id\":\"https:\\\/\\\/informelitoral.com.ar\\\/desde-febrero-la-luz-aumentara-un-38\\\/#breadcrumb\"},\"inLanguage\":\"es\",\"potentialAction\":[{\"@type\":\"ReadAction\",\"target\":[\"https:\\\/\\\/informelitoral.com.ar\\\/desde-febrero-la-luz-aumentara-un-38\\\/\"]}]},{\"@type\":\"ImageObject\",\"inLanguage\":\"es\",\"@id\":\"https:\\\/\\\/informelitoral.com.ar\\\/desde-febrero-la-luz-aumentara-un-38\\\/#primaryimage\",\"url\":\"https:\\\/\\\/informelitoral.com.ar\\\/%77%70%2d%63%6f%6e%74%65%6e%74\\\/uploads\\\/2016\\\/07\\\/aumento-de-luz-2152668w620.jpg\",\"contentUrl\":\"https:\\\/\\\/informelitoral.com.ar\\\/%77%70%2d%63%6f%6e%74%65%6e%74\\\/uploads\\\/2016\\\/07\\\/aumento-de-luz-2152668w620.jpg\",\"width\":620,\"height\":348},{\"@type\":\"BreadcrumbList\",\"@id\":\"https:\\\/\\\/informelitoral.com.ar\\\/desde-febrero-la-luz-aumentara-un-38\\\/#breadcrumb\",\"itemListElement\":[{\"@type\":\"ListItem\",\"position\":1,\"name\":\"Portada\",\"item\":\"https:\\\/\\\/informelitoral.com.ar\\\/\"},{\"@type\":\"ListItem\",\"position\":2,\"name\":\"Desde febrero la luz aumentar\u00e1 un 38%\"}]},{\"@type\":\"WebSite\",\"@id\":\"https:\\\/\\\/informelitoral.com.ar\\\/#website\",\"url\":\"https:\\\/\\\/informelitoral.com.ar\\\/\",\"name\":\"Informe Litoral\",\"description\":\"&quot;Nos informamos&quot; \",\"publisher\":{\"@id\":\"https:\\\/\\\/informelitoral.com.ar\\\/#organization\"},\"potentialAction\":[{\"@type\":\"SearchAction\",\"target\":{\"@type\":\"EntryPoint\",\"urlTemplate\":\"https:\\\/\\\/informelitoral.com.ar\\\/?s={search_term_string}\"},\"query-input\":{\"@type\":\"PropertyValueSpecification\",\"valueRequired\":true,\"valueName\":\"search_term_string\"}}],\"inLanguage\":\"es\"},{\"@type\":\"Organization\",\"@id\":\"https:\\\/\\\/informelitoral.com.ar\\\/#organization\",\"name\":\"Informe Litoral\",\"url\":\"https:\\\/\\\/informelitoral.com.ar\\\/\",\"logo\":{\"@type\":\"ImageObject\",\"inLanguage\":\"es\",\"@id\":\"https:\\\/\\\/informelitoral.com.ar\\\/#\\\/schema\\\/logo\\\/image\\\/\",\"url\":\"https:\\\/\\\/informelitoral.com.ar\\\/%77%70%2d%63%6f%6e%74%65%6e%74\\\/uploads\\\/2021\\\/01\\\/circulo.png\",\"contentUrl\":\"https:\\\/\\\/informelitoral.com.ar\\\/%77%70%2d%63%6f%6e%74%65%6e%74\\\/uploads\\\/2021\\\/01\\\/circulo.png\",\"width\":723,\"height\":731,\"caption\":\"Informe Litoral\"},\"image\":{\"@id\":\"https:\\\/\\\/informelitoral.com.ar\\\/#\\\/schema\\\/logo\\\/image\\\/\"},\"sameAs\":[\"https:\\\/\\\/www.facebook.com\\\/informelitoral\\\/\",\"https:\\\/\\\/x.com\\\/InformeLitoral\",\"https:\\\/\\\/www.instagram.com\\\/informelitoral\\\/\",\"https:\\\/\\\/www.youtube.com\\\/channel\\\/UCua4Qvz8Icb6MYqhoq9xLXw\"]},{\"@type\":\"Person\",\"@id\":\"https:\\\/\\\/informelitoral.com.ar\\\/#\\\/schema\\\/person\\\/b9d00407c836482871ef1d57bf8e3180\",\"name\":\"Gonzalo Schmidt\",\"image\":{\"@type\":\"ImageObject\",\"inLanguage\":\"es\",\"@id\":\"https:\\\/\\\/secure.gravatar.com\\\/avatar\\\/31a1a7b66ff2de83bd0e9fd79d026630d2d99e55e8bfe501287647b4fd9743de?s=96&d=mm&r=g\",\"url\":\"https:\\\/\\\/secure.gravatar.com\\\/avatar\\\/31a1a7b66ff2de83bd0e9fd79d026630d2d99e55e8bfe501287647b4fd9743de?s=96&d=mm&r=g\",\"contentUrl\":\"https:\\\/\\\/secure.gravatar.com\\\/avatar\\\/31a1a7b66ff2de83bd0e9fd79d026630d2d99e55e8bfe501287647b4fd9743de?s=96&d=mm&r=g\",\"caption\":\"Gonzalo Schmidt\"},\"description\":\"Sitio web de noticias de la provincia de Entre R\u00edos, Argentina. Informaci\u00f3n y entretenimiento. Informe Litoral, nos informamos.\",\"sameAs\":[\"http:\\\/\\\/www.isletasnoticias.com.ar\"],\"url\":\"https:\\\/\\\/informelitoral.com.ar\\\/author\\\/gonzalo\\\/\"}]}<\/script>","yoast_head_json":{"title":"Desde febrero la luz aumentar\u00e1 un 38% - Informe Litoral","robots":{"index":"index","follow":"follow","max-snippet":"max-snippet:-1","max-image-preview":"max-image-preview:large","max-video-preview":"max-video-preview:-1"},"canonical":"https:\/\/informelitoral.com.ar\/desde-febrero-la-luz-aumentara-un-38\/","og_locale":"es_ES","og_type":"article","og_title":"Desde febrero la luz aumentar\u00e1 un 38% - Informe Litoral","og_description":"Los primeros meses de este a&ntilde;o tendr&aacute;n por caracter&iacute;stica nuevos&nbsp;aumentos&nbsp;en las tarifas de los servicios p&uacute;blicos, principalmente de la electricidad, el gas y el transporte, entre otros. Si bien el impacto de cada incremento estar&aacute; sujeto a diversos factores y a la realidad de cada provincia,&nbsp;la nueva estructura tarifaria de la electricidad alcanzar&aacute; hasta el [&hellip;]","og_url":"https:\/\/informelitoral.com.ar\/desde-febrero-la-luz-aumentara-un-38\/","og_site_name":"Informe Litoral","article_publisher":"https:\/\/www.facebook.com\/informelitoral\/","article_published_time":"2019-01-14T12:10:45+00:00","article_modified_time":"2019-01-14T12:17:17+00:00","og_image":[{"width":620,"height":348,"url":"https:\/\/informelitoral.com.ar\/%77%70%2d%63%6f%6e%74%65%6e%74\/uploads\/2016\/07\/aumento-de-luz-2152668w620.jpg","type":"image\/jpeg"}],"author":"Gonzalo Schmidt","twitter_card":"summary_large_image","twitter_creator":"@InformeLitoral","twitter_site":"@InformeLitoral","twitter_misc":{"Escrito por":"Gonzalo Schmidt","Tiempo de lectura":"4 minutos"},"schema":{"@context":"https:\/\/schema.org","@graph":[{"@type":"Article","@id":"https:\/\/informelitoral.com.ar\/desde-febrero-la-luz-aumentara-un-38\/#article","isPartOf":{"@id":"https:\/\/informelitoral.com.ar\/desde-febrero-la-luz-aumentara-un-38\/"},"author":{"name":"Gonzalo Schmidt","@id":"https:\/\/informelitoral.com.ar\/#\/schema\/person\/b9d00407c836482871ef1d57bf8e3180"},"headline":"Desde febrero la luz aumentar\u00e1 un 38%","datePublished":"2019-01-14T12:10:45+00:00","dateModified":"2019-01-14T12:17:17+00:00","mainEntityOfPage":{"@id":"https:\/\/informelitoral.com.ar\/desde-febrero-la-luz-aumentara-un-38\/"},"wordCount":894,"commentCount":0,"publisher":{"@id":"https:\/\/informelitoral.com.ar\/#organization"},"image":{"@id":"https:\/\/informelitoral.com.ar\/desde-febrero-la-luz-aumentara-un-38\/#primaryimage"},"thumbnailUrl":"https:\/\/informelitoral.com.ar\/%77%70%2d%63%6f%6e%74%65%6e%74\/uploads\/2016\/07\/aumento-de-luz-2152668w620.jpg","keywords":["Aumentos","Energ\u00eda el\u00e9ctrica","Luz","Tarifa el\u00e9ctrica"],"articleSection":["Entre R\u00edos"],"inLanguage":"es","potentialAction":[{"@type":"CommentAction","name":"Comment","target":["https:\/\/informelitoral.com.ar\/desde-febrero-la-luz-aumentara-un-38\/#respond"]}]},{"@type":"WebPage","@id":"https:\/\/informelitoral.com.ar\/desde-febrero-la-luz-aumentara-un-38\/","url":"https:\/\/informelitoral.com.ar\/desde-febrero-la-luz-aumentara-un-38\/","name":"Desde febrero la luz aumentar\u00e1 un 38% - Informe Litoral","isPartOf":{"@id":"https:\/\/informelitoral.com.ar\/#website"},"primaryImageOfPage":{"@id":"https:\/\/informelitoral.com.ar\/desde-febrero-la-luz-aumentara-un-38\/#primaryimage"},"image":{"@id":"https:\/\/informelitoral.com.ar\/desde-febrero-la-luz-aumentara-un-38\/#primaryimage"},"thumbnailUrl":"https:\/\/informelitoral.com.ar\/%77%70%2d%63%6f%6e%74%65%6e%74\/uploads\/2016\/07\/aumento-de-luz-2152668w620.jpg","datePublished":"2019-01-14T12:10:45+00:00","dateModified":"2019-01-14T12:17:17+00:00","breadcrumb":{"@id":"https:\/\/informelitoral.com.ar\/desde-febrero-la-luz-aumentara-un-38\/#breadcrumb"},"inLanguage":"es","potentialAction":[{"@type":"ReadAction","target":["https:\/\/informelitoral.com.ar\/desde-febrero-la-luz-aumentara-un-38\/"]}]},{"@type":"ImageObject","inLanguage":"es","@id":"https:\/\/informelitoral.com.ar\/desde-febrero-la-luz-aumentara-un-38\/#primaryimage","url":"https:\/\/informelitoral.com.ar\/%77%70%2d%63%6f%6e%74%65%6e%74\/uploads\/2016\/07\/aumento-de-luz-2152668w620.jpg","contentUrl":"https:\/\/informelitoral.com.ar\/%77%70%2d%63%6f%6e%74%65%6e%74\/uploads\/2016\/07\/aumento-de-luz-2152668w620.jpg","width":620,"height":348},{"@type":"BreadcrumbList","@id":"https:\/\/informelitoral.com.ar\/desde-febrero-la-luz-aumentara-un-38\/#breadcrumb","itemListElement":[{"@type":"ListItem","position":1,"name":"Portada","item":"https:\/\/informelitoral.com.ar\/"},{"@type":"ListItem","position":2,"name":"Desde febrero la luz aumentar\u00e1 un 38%"}]},{"@type":"WebSite","@id":"https:\/\/informelitoral.com.ar\/#website","url":"https:\/\/informelitoral.com.ar\/","name":"Informe Litoral","description":"&quot;Nos informamos&quot; ","publisher":{"@id":"https:\/\/informelitoral.com.ar\/#organization"},"potentialAction":[{"@type":"SearchAction","target":{"@type":"EntryPoint","urlTemplate":"https:\/\/informelitoral.com.ar\/?s={search_term_string}"},"query-input":{"@type":"PropertyValueSpecification","valueRequired":true,"valueName":"search_term_string"}}],"inLanguage":"es"},{"@type":"Organization","@id":"https:\/\/informelitoral.com.ar\/#organization","name":"Informe Litoral","url":"https:\/\/informelitoral.com.ar\/","logo":{"@type":"ImageObject","inLanguage":"es","@id":"https:\/\/informelitoral.com.ar\/#\/schema\/logo\/image\/","url":"https:\/\/informelitoral.com.ar\/%77%70%2d%63%6f%6e%74%65%6e%74\/uploads\/2021\/01\/circulo.png","contentUrl":"https:\/\/informelitoral.com.ar\/%77%70%2d%63%6f%6e%74%65%6e%74\/uploads\/2021\/01\/circulo.png","width":723,"height":731,"caption":"Informe Litoral"},"image":{"@id":"https:\/\/informelitoral.com.ar\/#\/schema\/logo\/image\/"},"sameAs":["https:\/\/www.facebook.com\/informelitoral\/","https:\/\/x.com\/InformeLitoral","https:\/\/www.instagram.com\/informelitoral\/","https:\/\/www.youtube.com\/channel\/UCua4Qvz8Icb6MYqhoq9xLXw"]},{"@type":"Person","@id":"https:\/\/informelitoral.com.ar\/#\/schema\/person\/b9d00407c836482871ef1d57bf8e3180","name":"Gonzalo Schmidt","image":{"@type":"ImageObject","inLanguage":"es","@id":"https:\/\/secure.gravatar.com\/avatar\/31a1a7b66ff2de83bd0e9fd79d026630d2d99e55e8bfe501287647b4fd9743de?s=96&d=mm&r=g","url":"https:\/\/secure.gravatar.com\/avatar\/31a1a7b66ff2de83bd0e9fd79d026630d2d99e55e8bfe501287647b4fd9743de?s=96&d=mm&r=g","contentUrl":"https:\/\/secure.gravatar.com\/avatar\/31a1a7b66ff2de83bd0e9fd79d026630d2d99e55e8bfe501287647b4fd9743de?s=96&d=mm&r=g","caption":"Gonzalo Schmidt"},"description":"Sitio web de noticias de la provincia de Entre R\u00edos, Argentina. Informaci\u00f3n y entretenimiento. Informe Litoral, nos informamos.","sameAs":["http:\/\/www.isletasnoticias.com.ar"],"url":"https:\/\/informelitoral.com.ar\/author\/gonzalo\/"}]}},"_links":{"self":[{"href":"https:\/\/informelitoral.com.ar\/%77%70%2d%6a%73%6f%6e\/wp\/v2\/posts\/31556","targetHints":{"allow":["GET"]}}],"collection":[{"href":"https:\/\/informelitoral.com.ar\/%77%70%2d%6a%73%6f%6e\/wp\/v2\/posts"}],"about":[{"href":"https:\/\/informelitoral.com.ar\/%77%70%2d%6a%73%6f%6e\/wp\/v2\/types\/post"}],"author":[{"embeddable":true,"href":"https:\/\/informelitoral.com.ar\/%77%70%2d%6a%73%6f%6e\/wp\/v2\/users\/2"}],"replies":[{"embeddable":true,"href":"https:\/\/informelitoral.com.ar\/%77%70%2d%6a%73%6f%6e\/wp\/v2\/comments?post=31556"}],"version-history":[{"count":0,"href":"https:\/\/informelitoral.com.ar\/%77%70%2d%6a%73%6f%6e\/wp\/v2\/posts\/31556\/revisions"}],"wp:featuredmedia":[{"embeddable":true,"href":"https:\/\/informelitoral.com.ar\/%77%70%2d%6a%73%6f%6e\/wp\/v2\/media\/17316"}],"wp:attachment":[{"href":"https:\/\/informelitoral.com.ar\/%77%70%2d%6a%73%6f%6e\/wp\/v2\/media?parent=31556"}],"wp:term":[{"taxonomy":"category","embeddable":true,"href":"https:\/\/informelitoral.com.ar\/%77%70%2d%6a%73%6f%6e\/wp\/v2\/categories?post=31556"},{"taxonomy":"post_tag","embeddable":true,"href":"https:\/\/informelitoral.com.ar\/%77%70%2d%6a%73%6f%6e\/wp\/v2\/tags?post=31556"}],"curies":[{"name":"wp","href":"https:\/\/api.w.org\/{rel}","templated":true}]}}