{"id":3140,"date":"2013-09-10T10:54:47","date_gmt":"2013-09-10T13:54:47","guid":{"rendered":"http:\/\/www.isletasnoticias.com.ar\/?p=3140"},"modified":"2013-09-10T10:56:56","modified_gmt":"2013-09-10T13:56:56","slug":"es-dramatica-la-situacion-en-cordoba-san-luis-y-tucuman-por-los-incendios-forestales","status":"publish","type":"post","link":"https:\/\/informelitoral.com.ar\/es-dramatica-la-situacion-en-cordoba-san-luis-y-tucuman-por-los-incendios-forestales\/","title":{"rendered":"Es dram\u00e1tica la situaci\u00f3n en C\u00f3rdoba, San Luis y Tucum\u00e1n por los incendios forestales"},"content":{"rendered":"<p><strong>Los equipos de rescate informaron que necesitan la ayuda de precipitaciones para controlar los focos m\u00e1s grandes. Reci\u00e9n llover\u00eda el jueves. La zona m\u00e1s complicada es la de Calamuchita. En San Miguel de Tucum\u00e1n el fuego lleg\u00f3 al Aeropuerto.<\/strong>\u00a0<img decoding=\"async\" title=\"\" alt=\"\" src=\"http:\/\/cdn01.ib.infobae.com\/adjuntos\/162\/imagenes\/010\/127\/0010127816.jpg\" data-src-s=\"http:\/\/cdn01.ib.infobae.com\/adjuntos\/162\/imagenes\/010\/127\/0010127814.jpg\" data-src-m=\"http:\/\/cdn01.ib.infobae.com\/adjuntos\/162\/imagenes\/010\/127\/0010127815.jpg\" data-src-l=\"http:\/\/cdn01.ib.infobae.com\/adjuntos\/162\/imagenes\/010\/127\/0010127816.jpg\" \/><img decoding=\"async\" title=\"\" alt=\"\" src=\"http:\/\/cdn01.ib.infobae.com\/adjuntos\/162\/imagenes\/010\/128\/0010128251.jpg\" data-src-s=\"http:\/\/cdn01.ib.infobae.com\/adjuntos\/162\/imagenes\/010\/128\/0010128249.jpg\" data-src-m=\"http:\/\/cdn01.ib.infobae.com\/adjuntos\/162\/imagenes\/010\/128\/0010128250.jpg\" data-src-l=\"http:\/\/cdn01.ib.infobae.com\/adjuntos\/162\/imagenes\/010\/128\/0010128251.jpg\" \/><img decoding=\"async\" title=\"\" alt=\"\" src=\"http:\/\/cdn01.ib.infobae.com\/adjuntos\/162\/imagenes\/010\/127\/0010127527.jpg\" data-src-s=\"http:\/\/cdn01.ib.infobae.com\/adjuntos\/162\/imagenes\/010\/127\/0010127525.jpg\" data-src-m=\"http:\/\/cdn01.ib.infobae.com\/adjuntos\/162\/imagenes\/010\/127\/0010127526.jpg\" data-src-l=\"http:\/\/cdn01.ib.infobae.com\/adjuntos\/162\/imagenes\/010\/127\/0010127527.jpg\" \/><img decoding=\"async\" title=\"\" alt=\"\" src=\"http:\/\/cdn01.ib.infobae.com\/adjuntos\/162\/imagenes\/010\/127\/0010127545.jpg\" data-src-s=\"http:\/\/cdn01.ib.infobae.com\/adjuntos\/162\/imagenes\/010\/127\/0010127543.jpg\" data-src-m=\"http:\/\/cdn01.ib.infobae.com\/adjuntos\/162\/imagenes\/010\/127\/0010127544.jpg\" data-src-l=\"http:\/\/cdn01.ib.infobae.com\/adjuntos\/162\/imagenes\/010\/127\/0010127545.jpg\" \/><img decoding=\"async\" title=\"\" alt=\"\" src=\"http:\/\/cdn01.ib.infobae.com\/adjuntos\/162\/imagenes\/010\/124\/0010124747.jpg\" data-src-s=\"http:\/\/cdn01.ib.infobae.com\/adjuntos\/162\/imagenes\/010\/124\/0010124745.jpg\" data-src-m=\"http:\/\/cdn01.ib.infobae.com\/adjuntos\/162\/imagenes\/010\/124\/0010124746.jpg\" data-src-l=\"http:\/\/cdn01.ib.infobae.com\/adjuntos\/162\/imagenes\/010\/124\/0010124747.jpg\" \/><img decoding=\"async\" title=\"\" alt=\"\" src=\"http:\/\/cdn01.ib.infobae.com\/adjuntos\/162\/imagenes\/010\/127\/0010127804.jpg\" data-src-s=\"http:\/\/cdn01.ib.infobae.com\/adjuntos\/162\/imagenes\/010\/127\/0010127802.jpg\" data-src-m=\"http:\/\/cdn01.ib.infobae.com\/adjuntos\/162\/imagenes\/010\/127\/0010127803.jpg\" data-src-l=\"http:\/\/cdn01.ib.infobae.com\/adjuntos\/162\/imagenes\/010\/127\/0010127804.jpg\" \/><\/p>\n<p>La situaci\u00f3n de los incendios que afectan a la provincia de C\u00f3rdoba desde el fin de semana\u00a0<b>es m\u00e1s cr\u00edtica de lo que se cre\u00eda<\/b>. Las altas temperaturas, la sequ\u00eda y el fuerte viento convirtieron en un infierno las sierras de C\u00f3rdoba y\u00a0<b>reci\u00e9n el jueves llegar\u00edan las lluvias<\/b>, que traer\u00edan algo de alivio y ayudar\u00edan a los equipos de bomberos.<\/p>\n<p><b>Casi 300 bomberos, de 165 cuarteles<\/b>, combaten las llamas, en\u00a0<b>m\u00e1s de 100 focos detectados<\/b>. Desde la Provincia se\u00f1alaron que por el viento los aviones hidrantes y los helic\u00f3pteros estuvieron inoperables desde el mediod\u00eda.<\/p>\n<p><b>La zona m\u00e1s afectada es la del valle de Ca<\/b><b>lamuchita<\/b>, donde desde el viernes se vienen quemando miles de hect\u00e1reas, la mayor\u00eda con forestaciones de pinares. Esta situaci\u00f3n oblig\u00f3 a evacuar unas 300 personas, que vieron c\u00f3mo las llamas arrasaban con sus precarias viviendas.<\/p>\n<div id=\"embed11_wrap\">\n<div id=\"embed11_content\">\n<div id=\"embed11_embed\"><img decoding=\"async\" title=\"\" alt=\"\" src=\"http:\/\/cdn01.ib.infobae.com\/adjuntos\/162\/imagenes\/010\/129\/0010129024.jpg\" data-src-s=\"http:\/\/cdn01.ib.infobae.com\/adjuntos\/162\/imagenes\/010\/129\/0010129022.jpg\" data-src-m=\"http:\/\/cdn01.ib.infobae.com\/adjuntos\/162\/imagenes\/010\/129\/0010129023.jpg\" data-src-l=\"http:\/\/cdn01.ib.infobae.com\/adjuntos\/162\/imagenes\/010\/129\/0010129024.jpg\" \/><\/div>\n<\/div>\n<div id=\"embed11_epigrafe\"><\/div>\n<\/div>\n<p>\u00abCalamuchita no es el \u00fanico foco activo en C\u00f3rdoba\u00bb. El intendente de la localidad serrana de Salsipuedes,\u00a0<b>Sergio Cornejo<\/b>, advirti\u00f3 que en su regi\u00f3n se activ\u00f3 ayer un nuevo foco en el sector de Sierra Chica, con 25 manzanas afectadas.\u00a0<b>\u00abLa velocidad del viento y su direcci\u00f3n hicieron que sea m\u00e1s complicado el tema\u00bb<\/b>, indic\u00f3 en radio\u00a0<i>La Red<\/i>.<\/p>\n<p>El funcionario explic\u00f3 que en un primer momento intentaron combatir el fuego con los escasos recursos que ten\u00edan debido a que las distintas dotaciones de la zona est\u00e1n trabajando en diferentes \u00e1reas.<\/p>\n<p>\u00abPor suerte no hay muchos evacuados.\u00a0<b>Est\u00e1n todos a salvo de vida, salvo un joven que por resguardar su casa qued\u00f3 en el Instituto del Quemado con quemaduras importantes.<\/b>\u00a0Otra familia que perdi\u00f3 su casa el 100% tambi\u00e9n tiene heridas\u00bb, inform\u00f3.<\/p>\n<p>Cornejo diferenci\u00f3 la situaci\u00f3n en Salsipuedes con la de Calamuchita, donde el fuego afecta a 10 mil hect\u00e1reas y es casi incontrolable para quienes trabajan en controlarlo.<\/p>\n<p>En este marco, el ministro de Desarrollo Social,\u00a0<b>Daniel Passerini<\/b>, explic\u00f3 que \u00abno hay v\u00edctimas fatales, por suerte, y s\u00f3lo hay un herido de gravedad por una ca\u00edda de un \u00e1rbol que impact\u00f3 en la cabeza de la persona\u00bb.<\/p>\n<p>\u00abLamentablemente, ante incendios de esta magnitud el clima es el protagonista n\u00famero uno.\u00a0<b>Tuvimos d\u00edas terribles, con mucho viento, con mucho calor<\/b>. Por lo tanto, el trabajo de bomberos va a ser intensificado. Le pedimos a la gente que siga las instrucciones y entienda que muchas veces hay que cortar rutas y evacuar ciertos lugares\u00bb, a\u00f1adi\u00f3.<\/p>\n<p>Claramente las altas temperaturas no ayudan. En las Sierras, como en la ciudad de C\u00f3rdoba,<b>\u00a0la m\u00e1xima super\u00f3 ayer los 38 grados<\/b>, pero cerca de los focos de fuego era muy superior. Para hoy se estima una temperatura similar en torno a los\u00a0<b>35 grados<\/b>.<\/p>\n<p>En este marco, el intendente de C\u00f3rdoba capital,\u00a0<b>Ram\u00f3n Mestre<\/b>, declar\u00f3 el\u00a0<b>estado de emergencia ambiental por 72 horas<\/b>. El municipio encomend\u00f3 a las \u00e1reas pertinentes \u00abla elaboraci\u00f3n de diagramas de emergencia, conforme a la normativa vigente, y con la afectaci\u00f3n de personal, de recursos y de medios materiales necesarios para su ejecuci\u00f3n\u00bb.<\/p>\n<p>El gobernador\u00a0<b>Jos\u00e9 Manuel de la Sota<\/b>\u00a0admiti\u00f3 que la situaci\u00f3n es preocupante.\u00a0\u00abLa situaci\u00f3n es grave. Se descontrol\u00f3 un poco el foco de Alta Gracia y va camino a Villa Ciudad de Am\u00e9rica. Lo m\u00e1s duro sigue estando en Villa Alpina, Yacanto y Villa Berna\u00bb, se\u00f1al\u00f3 en di\u00e1logo con\u00a0<i>Cadena 3<\/i>.<\/p>\n<p>Por otra parte, aclar\u00f3 que no hacen falta donaciones para bomberos y evacuados, porque las distintas reparticiones del gobierno provincial cuentan con los recursos necesarios en este tipo de situaciones.<\/p>\n<p>A su vez, el mandatario provincial inform\u00f3 que el secretario de Seguridad de la Naci\u00f3n,\u00a0<b>Sergio Berni<\/b>, se comunic\u00f3 con \u00e9l y le prometi\u00f3 que enviar\u00e1n ayuda para combatir los incendios.<\/p>\n<p>Por su parte, el ministro de Seguridad de la provincia,\u00a0<b>Alejo Paredes<\/b>, se\u00f1al\u00f3 que en todos los focos que se encuentran activos ha actuado la mano del hombre, \u00abya sea por negligencia o intencionalidad\u00bb.<\/p>\n<p>Las autoridades comunicaron que hay\u00a0<b>una persona detenida<\/b>\u00a0sospechada de haber comenzado el incendio, pero seg\u00fan se\u00f1al\u00f3 el comisario Cicarelli al diario local\u00a0<i>La Voz del Interior<\/i>,\u00a0<b>\u00abno hay pruebas contundentes que lo comprometan\u00bb<\/b>.<\/p>\n<p><b>San Luis<\/b><\/p>\n<p>La provincia de San Luis tambi\u00e9n est\u00e1 siendo afectada por varios focos de incendio forestales, y el gobernador Claudio Poggi declar\u00f3 el estado de emergencia por tres meses.<\/p>\n<p>La sequ\u00eda prolongada, el calor y el fuerte viento tambi\u00e9n complica la tarea de los bomberos.<\/p>\n<p>Villa Merlo, Paraje San Fernando, Concar\u00e1n, El Morro, La Toma y El Saladillo son las localidades que se encuentran abarcadas por la expansi\u00f3n de las llamas en San Luis, seg\u00fan el diario local\u00a0<i>La Rep\u00fablica<\/i>.<\/p>\n<p>El portal\u00a0<i>San Luis Informa<\/i>\u00a0da cuenta del fallecimiento de un segundo herido, que estaba internado en terapia intensiva, producto de las quemaduras que sufriera al ser alcanzado por las llamas que afectan la zona de Merlo.<\/p>\n<p><b>Tucum\u00e1n<\/b><\/p>\n<p>La provincia de Tucum\u00e1n tambi\u00e9n est\u00e1 siendo afectada por varios focos de incendio, producto de la sequ\u00eda. Ayer, desde temprano, el fuego comenz\u00f3 a avanzar sobre varios sectores del este de\u00a0<b>San Miguel de Tucum\u00e1n<\/b>, pero el p\u00e1nico se adue\u00f1\u00f3 de la situaci\u00f3n cuando cerca de las 17 las llamas llegaron al\u00a0<b>aeropuerto \u00a0internacional Benjam\u00edn Matienzo<\/b>.<\/p>\n<div id=\"1634447-Grande-492888134_wrap\">\n<div id=\"1634447-Grande-492888134_content\"><img decoding=\"async\" id=\"1634447-Grande-492888134_embed\" alt=\"\" src=\"http:\/\/cdn01.ib.infobae.com\/adjuntos\/162\/imagenes\/010\/129\/0010129031.jpg?2013-09-10-08-36-36\" \/><\/div>\n<div id=\"1634447-Grande-492888134_epigrafe\"><\/div>\n<\/div>\n<p>Ante la proximidad de las llamas, la primera medida fue suspender los aterrizajes. Un vuelo que deb\u00eda arribar a la provincia fue desviado a Santiago del Estero. Como all\u00e1 la situaci\u00f3n era similar, el avi\u00f3n volvi\u00f3 a cambiar de ruta y finalmente aterriz\u00f3 en Salta.<\/p>\n<p>Al igual que en C\u00f3rdoba, las elevadas temperaturas que se registran y los fuertes vientos complican el trabajo de los especialistas para combatir el fuego, que finalmente fue controlado, pero no extinguido.<\/p>\n<p><b>Neuqu\u00e9n<\/b><\/p>\n<p>La coordinadora del Sistema Integrado de Emergencias del Neuqu\u00e9n (SIEN), Luciana Ortiz Luna, inform\u00f3 que hay cerca de cinco focos de incendio en la localidad de Plottier, otros en Centenario y que ya fue extinguido el fuego que rodeaba la capital neuquina.<\/p>\n<p>En Plottier, la funcionaria explic\u00f3 que seis bomberos fueron asistidos por inhalaci\u00f3n de humo y deshidrataci\u00f3n y que dos ni\u00f1os y su madre debieron ser trasladados al hospital local con principio de asfixia.<\/p>\n<p>En este contexto, el Ministerio de Gobierno, Educaci\u00f3n y Justicia suspendi\u00f3 las clases en los turnos vespertino y nocturno en toda la zona afectada, ante la permanencia de fuego y los fuertes vientos, que complica las tareas de los equipos de rescate.<\/p>\n<p>Fuente: Infobae. Im\u00e1genes: NA, DyN,\u00a0www.calamuchitadigital.com.ar, La Gaceta y Casa de Gobierno de C\u00f3rdoba.<\/p>\n","protected":false},"excerpt":{"rendered":"<p>Los equipos de rescate informaron que necesitan la ayuda de precipitaciones para controlar los focos m&aacute;s grandes. Reci&eacute;n llover&iacute;a el jueves. La zona m&aacute;s complicada es la de Calamuchita. En San Miguel de Tucum&aacute;n el fuego lleg&oacute; al Aeropuerto.&nbsp; La situaci&oacute;n de los incendios que afectan a la provincia de C&oacute;rdoba desde el fin de [&hellip;]<\/p>\n","protected":false},"author":2,"featured_media":0,"comment_status":"open","ping_status":"open","sticky":false,"template":"","format":"standard","meta":{"fifu_image_url":"","fifu_image_alt":"","footnotes":""},"categories":[7],"tags":[],"class_list":{"0":"post-3140","1":"post","2":"type-post","3":"status-publish","4":"format-standard","6":"category-nacionales"},"yoast_head":"<title>Es dram\u00e1tica la situaci\u00f3n en C\u00f3rdoba, San Luis y Tucum\u00e1n por los incendios forestales - Informe Litoral<\/title>\n<meta name=\"robots\" content=\"index, follow, max-snippet:-1, max-image-preview:large, max-video-preview:-1\" \/>\n<link rel=\"canonical\" href=\"https:\/\/informelitoral.com.ar\/es-dramatica-la-situacion-en-cordoba-san-luis-y-tucuman-por-los-incendios-forestales\/\" \/>\n<meta property=\"og:locale\" content=\"es_ES\" \/>\n<meta property=\"og:type\" content=\"article\" \/>\n<meta property=\"og:title\" content=\"Es dram\u00e1tica la situaci\u00f3n en C\u00f3rdoba, San Luis y Tucum\u00e1n por los incendios forestales - Informe Litoral\" \/>\n<meta property=\"og:description\" content=\"Los equipos de rescate informaron que necesitan la ayuda de precipitaciones para controlar los focos m&aacute;s grandes. Reci&eacute;n llover&iacute;a el jueves. La zona m&aacute;s complicada es la de Calamuchita. En San Miguel de Tucum&aacute;n el fuego lleg&oacute; al Aeropuerto.&nbsp; La situaci&oacute;n de los incendios que afectan a la provincia de C&oacute;rdoba desde el fin de [&hellip;]\" \/>\n<meta property=\"og:url\" content=\"https:\/\/informelitoral.com.ar\/es-dramatica-la-situacion-en-cordoba-san-luis-y-tucuman-por-los-incendios-forestales\/\" \/>\n<meta property=\"og:site_name\" content=\"Informe Litoral\" \/>\n<meta property=\"article:publisher\" content=\"https:\/\/www.facebook.com\/informelitoral\/\" \/>\n<meta property=\"article:published_time\" content=\"2013-09-10T13:54:47+00:00\" \/>\n<meta property=\"article:modified_time\" content=\"2013-09-10T13:56:56+00:00\" \/>\n<meta property=\"og:image\" content=\"http:\/\/cdn01.ib.infobae.com\/adjuntos\/162\/imagenes\/010\/127\/0010127816.jpg\" \/>\n<meta name=\"author\" content=\"Gonzalo Schmidt\" \/>\n<meta name=\"twitter:card\" content=\"summary_large_image\" \/>\n<meta name=\"twitter:creator\" content=\"@InformeLitoral\" \/>\n<meta name=\"twitter:site\" content=\"@InformeLitoral\" \/>\n<meta name=\"twitter:label1\" content=\"Escrito por\" \/>\n\t<meta name=\"twitter:data1\" content=\"Gonzalo Schmidt\" \/>\n\t<meta name=\"twitter:label2\" content=\"Tiempo de lectura\" \/>\n\t<meta name=\"twitter:data2\" content=\"6 minutos\" \/>\n<script type=\"application\/ld+json\" class=\"yoast-schema-graph\">{\"@context\":\"https:\\\/\\\/schema.org\",\"@graph\":[{\"@type\":\"Article\",\"@id\":\"https:\\\/\\\/informelitoral.com.ar\\\/es-dramatica-la-situacion-en-cordoba-san-luis-y-tucuman-por-los-incendios-forestales\\\/#article\",\"isPartOf\":{\"@id\":\"https:\\\/\\\/informelitoral.com.ar\\\/es-dramatica-la-situacion-en-cordoba-san-luis-y-tucuman-por-los-incendios-forestales\\\/\"},\"author\":{\"name\":\"Gonzalo Schmidt\",\"@id\":\"https:\\\/\\\/informelitoral.com.ar\\\/#\\\/schema\\\/person\\\/b9d00407c836482871ef1d57bf8e3180\"},\"headline\":\"Es dram\u00e1tica la situaci\u00f3n en C\u00f3rdoba, San Luis y Tucum\u00e1n por los incendios forestales\",\"datePublished\":\"2013-09-10T13:54:47+00:00\",\"dateModified\":\"2013-09-10T13:56:56+00:00\",\"mainEntityOfPage\":{\"@id\":\"https:\\\/\\\/informelitoral.com.ar\\\/es-dramatica-la-situacion-en-cordoba-san-luis-y-tucuman-por-los-incendios-forestales\\\/\"},\"wordCount\":1191,\"commentCount\":0,\"publisher\":{\"@id\":\"https:\\\/\\\/informelitoral.com.ar\\\/#organization\"},\"image\":{\"@id\":\"https:\\\/\\\/informelitoral.com.ar\\\/es-dramatica-la-situacion-en-cordoba-san-luis-y-tucuman-por-los-incendios-forestales\\\/#primaryimage\"},\"thumbnailUrl\":\"http:\\\/\\\/cdn01.ib.infobae.com\\\/adjuntos\\\/162\\\/imagenes\\\/010\\\/127\\\/0010127816.jpg\",\"articleSection\":[\"Nacionales\"],\"inLanguage\":\"es\",\"potentialAction\":[{\"@type\":\"CommentAction\",\"name\":\"Comment\",\"target\":[\"https:\\\/\\\/informelitoral.com.ar\\\/es-dramatica-la-situacion-en-cordoba-san-luis-y-tucuman-por-los-incendios-forestales\\\/#respond\"]}]},{\"@type\":\"WebPage\",\"@id\":\"https:\\\/\\\/informelitoral.com.ar\\\/es-dramatica-la-situacion-en-cordoba-san-luis-y-tucuman-por-los-incendios-forestales\\\/\",\"url\":\"https:\\\/\\\/informelitoral.com.ar\\\/es-dramatica-la-situacion-en-cordoba-san-luis-y-tucuman-por-los-incendios-forestales\\\/\",\"name\":\"Es dram\u00e1tica la situaci\u00f3n en C\u00f3rdoba, San Luis y Tucum\u00e1n por los incendios forestales - Informe Litoral\",\"isPartOf\":{\"@id\":\"https:\\\/\\\/informelitoral.com.ar\\\/#website\"},\"primaryImageOfPage\":{\"@id\":\"https:\\\/\\\/informelitoral.com.ar\\\/es-dramatica-la-situacion-en-cordoba-san-luis-y-tucuman-por-los-incendios-forestales\\\/#primaryimage\"},\"image\":{\"@id\":\"https:\\\/\\\/informelitoral.com.ar\\\/es-dramatica-la-situacion-en-cordoba-san-luis-y-tucuman-por-los-incendios-forestales\\\/#primaryimage\"},\"thumbnailUrl\":\"http:\\\/\\\/cdn01.ib.infobae.com\\\/adjuntos\\\/162\\\/imagenes\\\/010\\\/127\\\/0010127816.jpg\",\"datePublished\":\"2013-09-10T13:54:47+00:00\",\"dateModified\":\"2013-09-10T13:56:56+00:00\",\"breadcrumb\":{\"@id\":\"https:\\\/\\\/informelitoral.com.ar\\\/es-dramatica-la-situacion-en-cordoba-san-luis-y-tucuman-por-los-incendios-forestales\\\/#breadcrumb\"},\"inLanguage\":\"es\",\"potentialAction\":[{\"@type\":\"ReadAction\",\"target\":[\"https:\\\/\\\/informelitoral.com.ar\\\/es-dramatica-la-situacion-en-cordoba-san-luis-y-tucuman-por-los-incendios-forestales\\\/\"]}]},{\"@type\":\"ImageObject\",\"inLanguage\":\"es\",\"@id\":\"https:\\\/\\\/informelitoral.com.ar\\\/es-dramatica-la-situacion-en-cordoba-san-luis-y-tucuman-por-los-incendios-forestales\\\/#primaryimage\",\"url\":\"http:\\\/\\\/cdn01.ib.infobae.com\\\/adjuntos\\\/162\\\/imagenes\\\/010\\\/127\\\/0010127816.jpg\",\"contentUrl\":\"http:\\\/\\\/cdn01.ib.infobae.com\\\/adjuntos\\\/162\\\/imagenes\\\/010\\\/127\\\/0010127816.jpg\"},{\"@type\":\"BreadcrumbList\",\"@id\":\"https:\\\/\\\/informelitoral.com.ar\\\/es-dramatica-la-situacion-en-cordoba-san-luis-y-tucuman-por-los-incendios-forestales\\\/#breadcrumb\",\"itemListElement\":[{\"@type\":\"ListItem\",\"position\":1,\"name\":\"Portada\",\"item\":\"https:\\\/\\\/informelitoral.com.ar\\\/\"},{\"@type\":\"ListItem\",\"position\":2,\"name\":\"Es dram\u00e1tica la situaci\u00f3n en C\u00f3rdoba, San Luis y Tucum\u00e1n por los incendios forestales\"}]},{\"@type\":\"WebSite\",\"@id\":\"https:\\\/\\\/informelitoral.com.ar\\\/#website\",\"url\":\"https:\\\/\\\/informelitoral.com.ar\\\/\",\"name\":\"Informe Litoral\",\"description\":\"&quot;Nos informamos&quot; \",\"publisher\":{\"@id\":\"https:\\\/\\\/informelitoral.com.ar\\\/#organization\"},\"potentialAction\":[{\"@type\":\"SearchAction\",\"target\":{\"@type\":\"EntryPoint\",\"urlTemplate\":\"https:\\\/\\\/informelitoral.com.ar\\\/?s={search_term_string}\"},\"query-input\":{\"@type\":\"PropertyValueSpecification\",\"valueRequired\":true,\"valueName\":\"search_term_string\"}}],\"inLanguage\":\"es\"},{\"@type\":\"Organization\",\"@id\":\"https:\\\/\\\/informelitoral.com.ar\\\/#organization\",\"name\":\"Informe Litoral\",\"url\":\"https:\\\/\\\/informelitoral.com.ar\\\/\",\"logo\":{\"@type\":\"ImageObject\",\"inLanguage\":\"es\",\"@id\":\"https:\\\/\\\/informelitoral.com.ar\\\/#\\\/schema\\\/logo\\\/image\\\/\",\"url\":\"https:\\\/\\\/informelitoral.com.ar\\\/%77%70%2d%63%6f%6e%74%65%6e%74\\\/uploads\\\/2021\\\/01\\\/circulo.png\",\"contentUrl\":\"https:\\\/\\\/informelitoral.com.ar\\\/%77%70%2d%63%6f%6e%74%65%6e%74\\\/uploads\\\/2021\\\/01\\\/circulo.png\",\"width\":723,\"height\":731,\"caption\":\"Informe Litoral\"},\"image\":{\"@id\":\"https:\\\/\\\/informelitoral.com.ar\\\/#\\\/schema\\\/logo\\\/image\\\/\"},\"sameAs\":[\"https:\\\/\\\/www.facebook.com\\\/informelitoral\\\/\",\"https:\\\/\\\/x.com\\\/InformeLitoral\",\"https:\\\/\\\/www.instagram.com\\\/informelitoral\\\/\",\"https:\\\/\\\/www.youtube.com\\\/channel\\\/UCua4Qvz8Icb6MYqhoq9xLXw\"]},{\"@type\":\"Person\",\"@id\":\"https:\\\/\\\/informelitoral.com.ar\\\/#\\\/schema\\\/person\\\/b9d00407c836482871ef1d57bf8e3180\",\"name\":\"Gonzalo Schmidt\",\"image\":{\"@type\":\"ImageObject\",\"inLanguage\":\"es\",\"@id\":\"https:\\\/\\\/secure.gravatar.com\\\/avatar\\\/31a1a7b66ff2de83bd0e9fd79d026630d2d99e55e8bfe501287647b4fd9743de?s=96&d=mm&r=g\",\"url\":\"https:\\\/\\\/secure.gravatar.com\\\/avatar\\\/31a1a7b66ff2de83bd0e9fd79d026630d2d99e55e8bfe501287647b4fd9743de?s=96&d=mm&r=g\",\"contentUrl\":\"https:\\\/\\\/secure.gravatar.com\\\/avatar\\\/31a1a7b66ff2de83bd0e9fd79d026630d2d99e55e8bfe501287647b4fd9743de?s=96&d=mm&r=g\",\"caption\":\"Gonzalo Schmidt\"},\"description\":\"Sitio web de noticias de la provincia de Entre R\u00edos, Argentina. Informaci\u00f3n y entretenimiento. Informe Litoral, nos informamos.\",\"sameAs\":[\"http:\\\/\\\/www.isletasnoticias.com.ar\"],\"url\":\"https:\\\/\\\/informelitoral.com.ar\\\/author\\\/gonzalo\\\/\"}]}<\/script>","yoast_head_json":{"title":"Es dram\u00e1tica la situaci\u00f3n en C\u00f3rdoba, San Luis y Tucum\u00e1n por los incendios forestales - Informe Litoral","robots":{"index":"index","follow":"follow","max-snippet":"max-snippet:-1","max-image-preview":"max-image-preview:large","max-video-preview":"max-video-preview:-1"},"canonical":"https:\/\/informelitoral.com.ar\/es-dramatica-la-situacion-en-cordoba-san-luis-y-tucuman-por-los-incendios-forestales\/","og_locale":"es_ES","og_type":"article","og_title":"Es dram\u00e1tica la situaci\u00f3n en C\u00f3rdoba, San Luis y Tucum\u00e1n por los incendios forestales - Informe Litoral","og_description":"Los equipos de rescate informaron que necesitan la ayuda de precipitaciones para controlar los focos m&aacute;s grandes. Reci&eacute;n llover&iacute;a el jueves. La zona m&aacute;s complicada es la de Calamuchita. En San Miguel de Tucum&aacute;n el fuego lleg&oacute; al Aeropuerto.&nbsp; La situaci&oacute;n de los incendios que afectan a la provincia de C&oacute;rdoba desde el fin de [&hellip;]","og_url":"https:\/\/informelitoral.com.ar\/es-dramatica-la-situacion-en-cordoba-san-luis-y-tucuman-por-los-incendios-forestales\/","og_site_name":"Informe Litoral","article_publisher":"https:\/\/www.facebook.com\/informelitoral\/","article_published_time":"2013-09-10T13:54:47+00:00","article_modified_time":"2013-09-10T13:56:56+00:00","og_image":[{"url":"http:\/\/cdn01.ib.infobae.com\/adjuntos\/162\/imagenes\/010\/127\/0010127816.jpg","type":"","width":"","height":""}],"author":"Gonzalo Schmidt","twitter_card":"summary_large_image","twitter_creator":"@InformeLitoral","twitter_site":"@InformeLitoral","twitter_misc":{"Escrito por":"Gonzalo Schmidt","Tiempo de lectura":"6 minutos"},"schema":{"@context":"https:\/\/schema.org","@graph":[{"@type":"Article","@id":"https:\/\/informelitoral.com.ar\/es-dramatica-la-situacion-en-cordoba-san-luis-y-tucuman-por-los-incendios-forestales\/#article","isPartOf":{"@id":"https:\/\/informelitoral.com.ar\/es-dramatica-la-situacion-en-cordoba-san-luis-y-tucuman-por-los-incendios-forestales\/"},"author":{"name":"Gonzalo Schmidt","@id":"https:\/\/informelitoral.com.ar\/#\/schema\/person\/b9d00407c836482871ef1d57bf8e3180"},"headline":"Es dram\u00e1tica la situaci\u00f3n en C\u00f3rdoba, San Luis y Tucum\u00e1n por los incendios forestales","datePublished":"2013-09-10T13:54:47+00:00","dateModified":"2013-09-10T13:56:56+00:00","mainEntityOfPage":{"@id":"https:\/\/informelitoral.com.ar\/es-dramatica-la-situacion-en-cordoba-san-luis-y-tucuman-por-los-incendios-forestales\/"},"wordCount":1191,"commentCount":0,"publisher":{"@id":"https:\/\/informelitoral.com.ar\/#organization"},"image":{"@id":"https:\/\/informelitoral.com.ar\/es-dramatica-la-situacion-en-cordoba-san-luis-y-tucuman-por-los-incendios-forestales\/#primaryimage"},"thumbnailUrl":"http:\/\/cdn01.ib.infobae.com\/adjuntos\/162\/imagenes\/010\/127\/0010127816.jpg","articleSection":["Nacionales"],"inLanguage":"es","potentialAction":[{"@type":"CommentAction","name":"Comment","target":["https:\/\/informelitoral.com.ar\/es-dramatica-la-situacion-en-cordoba-san-luis-y-tucuman-por-los-incendios-forestales\/#respond"]}]},{"@type":"WebPage","@id":"https:\/\/informelitoral.com.ar\/es-dramatica-la-situacion-en-cordoba-san-luis-y-tucuman-por-los-incendios-forestales\/","url":"https:\/\/informelitoral.com.ar\/es-dramatica-la-situacion-en-cordoba-san-luis-y-tucuman-por-los-incendios-forestales\/","name":"Es dram\u00e1tica la situaci\u00f3n en C\u00f3rdoba, San Luis y Tucum\u00e1n por los incendios forestales - Informe Litoral","isPartOf":{"@id":"https:\/\/informelitoral.com.ar\/#website"},"primaryImageOfPage":{"@id":"https:\/\/informelitoral.com.ar\/es-dramatica-la-situacion-en-cordoba-san-luis-y-tucuman-por-los-incendios-forestales\/#primaryimage"},"image":{"@id":"https:\/\/informelitoral.com.ar\/es-dramatica-la-situacion-en-cordoba-san-luis-y-tucuman-por-los-incendios-forestales\/#primaryimage"},"thumbnailUrl":"http:\/\/cdn01.ib.infobae.com\/adjuntos\/162\/imagenes\/010\/127\/0010127816.jpg","datePublished":"2013-09-10T13:54:47+00:00","dateModified":"2013-09-10T13:56:56+00:00","breadcrumb":{"@id":"https:\/\/informelitoral.com.ar\/es-dramatica-la-situacion-en-cordoba-san-luis-y-tucuman-por-los-incendios-forestales\/#breadcrumb"},"inLanguage":"es","potentialAction":[{"@type":"ReadAction","target":["https:\/\/informelitoral.com.ar\/es-dramatica-la-situacion-en-cordoba-san-luis-y-tucuman-por-los-incendios-forestales\/"]}]},{"@type":"ImageObject","inLanguage":"es","@id":"https:\/\/informelitoral.com.ar\/es-dramatica-la-situacion-en-cordoba-san-luis-y-tucuman-por-los-incendios-forestales\/#primaryimage","url":"http:\/\/cdn01.ib.infobae.com\/adjuntos\/162\/imagenes\/010\/127\/0010127816.jpg","contentUrl":"http:\/\/cdn01.ib.infobae.com\/adjuntos\/162\/imagenes\/010\/127\/0010127816.jpg"},{"@type":"BreadcrumbList","@id":"https:\/\/informelitoral.com.ar\/es-dramatica-la-situacion-en-cordoba-san-luis-y-tucuman-por-los-incendios-forestales\/#breadcrumb","itemListElement":[{"@type":"ListItem","position":1,"name":"Portada","item":"https:\/\/informelitoral.com.ar\/"},{"@type":"ListItem","position":2,"name":"Es dram\u00e1tica la situaci\u00f3n en C\u00f3rdoba, San Luis y Tucum\u00e1n por los incendios forestales"}]},{"@type":"WebSite","@id":"https:\/\/informelitoral.com.ar\/#website","url":"https:\/\/informelitoral.com.ar\/","name":"Informe Litoral","description":"&quot;Nos informamos&quot; ","publisher":{"@id":"https:\/\/informelitoral.com.ar\/#organization"},"potentialAction":[{"@type":"SearchAction","target":{"@type":"EntryPoint","urlTemplate":"https:\/\/informelitoral.com.ar\/?s={search_term_string}"},"query-input":{"@type":"PropertyValueSpecification","valueRequired":true,"valueName":"search_term_string"}}],"inLanguage":"es"},{"@type":"Organization","@id":"https:\/\/informelitoral.com.ar\/#organization","name":"Informe Litoral","url":"https:\/\/informelitoral.com.ar\/","logo":{"@type":"ImageObject","inLanguage":"es","@id":"https:\/\/informelitoral.com.ar\/#\/schema\/logo\/image\/","url":"https:\/\/informelitoral.com.ar\/%77%70%2d%63%6f%6e%74%65%6e%74\/uploads\/2021\/01\/circulo.png","contentUrl":"https:\/\/informelitoral.com.ar\/%77%70%2d%63%6f%6e%74%65%6e%74\/uploads\/2021\/01\/circulo.png","width":723,"height":731,"caption":"Informe Litoral"},"image":{"@id":"https:\/\/informelitoral.com.ar\/#\/schema\/logo\/image\/"},"sameAs":["https:\/\/www.facebook.com\/informelitoral\/","https:\/\/x.com\/InformeLitoral","https:\/\/www.instagram.com\/informelitoral\/","https:\/\/www.youtube.com\/channel\/UCua4Qvz8Icb6MYqhoq9xLXw"]},{"@type":"Person","@id":"https:\/\/informelitoral.com.ar\/#\/schema\/person\/b9d00407c836482871ef1d57bf8e3180","name":"Gonzalo Schmidt","image":{"@type":"ImageObject","inLanguage":"es","@id":"https:\/\/secure.gravatar.com\/avatar\/31a1a7b66ff2de83bd0e9fd79d026630d2d99e55e8bfe501287647b4fd9743de?s=96&d=mm&r=g","url":"https:\/\/secure.gravatar.com\/avatar\/31a1a7b66ff2de83bd0e9fd79d026630d2d99e55e8bfe501287647b4fd9743de?s=96&d=mm&r=g","contentUrl":"https:\/\/secure.gravatar.com\/avatar\/31a1a7b66ff2de83bd0e9fd79d026630d2d99e55e8bfe501287647b4fd9743de?s=96&d=mm&r=g","caption":"Gonzalo Schmidt"},"description":"Sitio web de noticias de la provincia de Entre R\u00edos, Argentina. Informaci\u00f3n y entretenimiento. Informe Litoral, nos informamos.","sameAs":["http:\/\/www.isletasnoticias.com.ar"],"url":"https:\/\/informelitoral.com.ar\/author\/gonzalo\/"}]}},"_links":{"self":[{"href":"https:\/\/informelitoral.com.ar\/%77%70%2d%6a%73%6f%6e\/wp\/v2\/posts\/3140","targetHints":{"allow":["GET"]}}],"collection":[{"href":"https:\/\/informelitoral.com.ar\/%77%70%2d%6a%73%6f%6e\/wp\/v2\/posts"}],"about":[{"href":"https:\/\/informelitoral.com.ar\/%77%70%2d%6a%73%6f%6e\/wp\/v2\/types\/post"}],"author":[{"embeddable":true,"href":"https:\/\/informelitoral.com.ar\/%77%70%2d%6a%73%6f%6e\/wp\/v2\/users\/2"}],"replies":[{"embeddable":true,"href":"https:\/\/informelitoral.com.ar\/%77%70%2d%6a%73%6f%6e\/wp\/v2\/comments?post=3140"}],"version-history":[{"count":0,"href":"https:\/\/informelitoral.com.ar\/%77%70%2d%6a%73%6f%6e\/wp\/v2\/posts\/3140\/revisions"}],"wp:attachment":[{"href":"https:\/\/informelitoral.com.ar\/%77%70%2d%6a%73%6f%6e\/wp\/v2\/media?parent=3140"}],"wp:term":[{"taxonomy":"category","embeddable":true,"href":"https:\/\/informelitoral.com.ar\/%77%70%2d%6a%73%6f%6e\/wp\/v2\/categories?post=3140"},{"taxonomy":"post_tag","embeddable":true,"href":"https:\/\/informelitoral.com.ar\/%77%70%2d%6a%73%6f%6e\/wp\/v2\/tags?post=3140"}],"curies":[{"name":"wp","href":"https:\/\/api.w.org\/{rel}","templated":true}]}}