{"id":3129,"date":"2013-09-10T00:29:52","date_gmt":"2013-09-10T03:29:52","guid":{"rendered":"http:\/\/www.isletasnoticias.com.ar\/?p=3129"},"modified":"2013-09-10T00:37:45","modified_gmt":"2013-09-10T03:37:45","slug":"diamante-mas-de-10-mil-motos-habrian-participado-del-xviii-motoencuentro-internacional","status":"publish","type":"post","link":"https:\/\/informelitoral.com.ar\/diamante-mas-de-10-mil-motos-habrian-participado-del-xviii-motoencuentro-internacional\/","title":{"rendered":"Diamante: m\u00e1s de 10 mil motos habr\u00edan participado del XVIII Motoencuentro Internacional"},"content":{"rendered":"<p style=\"text-align: left;\"><strong>Los organizadores de la XVIII edici\u00f3n del Motoencuentro Internacional de Diamante se reunieron e hicieron un balance positivo\u00a0<\/strong><strong>del evento. El encuentro fue encabezado por la intendente <em>Claudia Gieco<\/em>. Destacaron la labor de las distintas \u00e1reas municipales. Confirmaron que ingresaron al predio Valle de la Ensenada m\u00e1s de 10 mil motos, que el evento reuni\u00f3 a m\u00e1s de 30 mil personas que dejaron un saldo econ\u00f3mico positivo de unos 15 millones de pesos en el circuito econ\u00f3mico de la ciudad y regi\u00f3n.<br \/>\n<\/strong><\/p>\n<p style=\"text-align: center;\"><img loading=\"lazy\" decoding=\"async\" class=\"size-medium wp-image-3132 aligncenter\" title=\"Foto: Isletas Noticias.\" alt=\"\" src=\"http:\/\/www.isletasnoticias.com.ar\/%77%70%2d%63%6f%6e%74%65%6e%74\/uploads\/2013\/09\/Foto0163-300x225.jpg\" width=\"300\" height=\"225\" srcset=\"https:\/\/informelitoral.com.ar\/%77%70%2d%63%6f%6e%74%65%6e%74\/uploads\/2013\/09\/Foto0163-300x225.jpg 300w, https:\/\/informelitoral.com.ar\/%77%70%2d%63%6f%6e%74%65%6e%74\/uploads\/2013\/09\/Foto0163-1024x768.jpg 1024w, https:\/\/informelitoral.com.ar\/%77%70%2d%63%6f%6e%74%65%6e%74\/uploads\/2013\/09\/Foto0163.jpg 2048w\" sizes=\"auto, (max-width: 300px) 100vw, 300px\" \/><\/p>\n<p>El XVIII Motoencuentro Internacional de Diamante dej\u00f3 un saldo positivo que super\u00f3 las expectativas de la organizaci\u00f3n. Desde la comuna informaron sobre los distintos aspectos que caracterizaron esta edici\u00f3n.<\/p>\n<p>Como aspectos sobresalientes destacaron el buen clima que acompa\u00f1\u00f3 las cuatro jornadas, las 40 bandas de m\u00fasica que brillaron en el escenario Norberto Pappo Napolitano, con la presencia de Viticus, Mal\u00f3n, Eruca Sativa, Lovorne, y Kapanga en el cierre, la presencia de la modelo y conductora Alejandra Maglietti,<\/p>\n<p><strong><a href=\"http:\/\/www.isletasnoticias.com.ar\/%77%70%2d%63%6f%6e%74%65%6e%74\/uploads\/2013\/09\/Foto0138.jpg\"><img loading=\"lazy\" decoding=\"async\" class=\"size-medium wp-image-3133 alignright\" title=\"Foto: Isletas Noticias.\" alt=\"\" src=\"http:\/\/www.isletasnoticias.com.ar\/%77%70%2d%63%6f%6e%74%65%6e%74\/uploads\/2013\/09\/Foto0138-300x225.jpg\" width=\"300\" height=\"225\" srcset=\"https:\/\/informelitoral.com.ar\/%77%70%2d%63%6f%6e%74%65%6e%74\/uploads\/2013\/09\/Foto0138-300x225.jpg 300w, https:\/\/informelitoral.com.ar\/%77%70%2d%63%6f%6e%74%65%6e%74\/uploads\/2013\/09\/Foto0138-1024x768.jpg 1024w, https:\/\/informelitoral.com.ar\/%77%70%2d%63%6f%6e%74%65%6e%74\/uploads\/2013\/09\/Foto0138.jpg 2048w\" sizes=\"auto, (max-width: 300px) 100vw, 300px\" \/><\/a><\/strong><\/p>\n<p>los shows de Los Navarro con sus saltos acrob\u00e1ticos, Gamuza y su moto pistera, y la presentaci\u00f3n de la moto Excalibur. Los moteros destacaron las mejoras en el predio donde se lleva a cabo el evento, en sanitarios, caminos, parrillas, parquizaci\u00f3n, y sistema de ingresos y circulaci\u00f3n.<br \/>\nNuevamente la cordialidad del diamantino hacia los visitantes, la tranquilidad y seguridad a pesar de las miles de motos, y las bellezas de nuestro paisaje, cautivaron a los moteros que visitaron la ciudad.<\/p>\n<p><a href=\"http:\/\/www.isletasnoticias.com.ar\/%77%70%2d%63%6f%6e%74%65%6e%74\/uploads\/2013\/09\/Foto0171.jpg\"><img loading=\"lazy\" decoding=\"async\" class=\"size-medium wp-image-3131 alignright\" title=\"Foto: Isletas Noticias.\" alt=\"\" src=\"http:\/\/www.isletasnoticias.com.ar\/%77%70%2d%63%6f%6e%74%65%6e%74\/uploads\/2013\/09\/Foto0171-300x225.jpg\" width=\"300\" height=\"225\" srcset=\"https:\/\/informelitoral.com.ar\/%77%70%2d%63%6f%6e%74%65%6e%74\/uploads\/2013\/09\/Foto0171-300x225.jpg 300w, https:\/\/informelitoral.com.ar\/%77%70%2d%63%6f%6e%74%65%6e%74\/uploads\/2013\/09\/Foto0171-1024x768.jpg 1024w, https:\/\/informelitoral.com.ar\/%77%70%2d%63%6f%6e%74%65%6e%74\/uploads\/2013\/09\/Foto0171.jpg 2048w\" sizes=\"auto, (max-width: 300px) 100vw, 300px\" \/><\/a><strong>Reuni\u00f3n<\/strong><br \/>\nLa intendente<strong> Claudia Gieco<\/strong> realiz\u00f3 este lunes por la ma\u00f1ana una reuni\u00f3n con su gabinete para analizar la edici\u00f3n reci\u00e9n concluida del Motoencuentro. \u201cNos alientan los comentarios de los visitantes, que destacan las mejoras en el predio donde se realiza el evento, ponderan la cartelera art\u00edstica, los shows y entretenimientos, los atractivos de Diamante, adem\u00e1s de valorar la limpieza en la ciudad y en el predio, y los esfuerzos por los operativos de seguridad y tr\u00e1nsito que se realizan, a pesar de las miles de motos y personas que ingresan durante los cuatro d\u00edas\u201d, dijo.<\/p>\n<p>Seg\u00fan confirmaron desde la organizaci\u00f3n, m\u00e1s de 10 mil motos ingresaron al predio, entre dos mil y tres mil motos llegaron y se quedaron en la ciudad y alrededores sin ingresar al Valle de la Ensenada, hubo m\u00e1s de 1<a href=\"http:\/\/www.isletasnoticias.com.ar\/%77%70%2d%63%6f%6e%74%65%6e%74\/uploads\/2013\/09\/Foto0158.jpg\"><img loading=\"lazy\" decoding=\"async\" class=\"size-medium wp-image-3136 alignright\" title=\"Foto: Isletas Noticias.\" alt=\"\" src=\"http:\/\/www.isletasnoticias.com.ar\/%77%70%2d%63%6f%6e%74%65%6e%74\/uploads\/2013\/09\/Foto0158-300x225.jpg\" width=\"300\" height=\"225\" srcset=\"https:\/\/informelitoral.com.ar\/%77%70%2d%63%6f%6e%74%65%6e%74\/uploads\/2013\/09\/Foto0158-300x225.jpg 300w, https:\/\/informelitoral.com.ar\/%77%70%2d%63%6f%6e%74%65%6e%74\/uploads\/2013\/09\/Foto0158-1024x768.jpg 1024w, https:\/\/informelitoral.com.ar\/%77%70%2d%63%6f%6e%74%65%6e%74\/uploads\/2013\/09\/Foto0158.jpg 2048w\" sizes=\"auto, (max-width: 300px) 100vw, 300px\" \/><\/a>00 puestos comerciales montados especialmente para estos d\u00edas, entre el Balneario y la ciudad para cubrir las necesidades de comida, bebida y otros rubros.Tambi\u00e9n trabajaron con mayor demanda varios comercios y rubros vinculados, como los supermercados, panader\u00edas, kioscos, y las cinco estaciones de servicio.<\/p>\n<p>El movimiento econ\u00f3mico que dej\u00f3 el motoencuentro de Diamante a la ciudad, rond\u00f3 los 15 millones de pesos. Es el evento de mayor impacto en la ciudad, el principal motoencuentro del pa\u00eds, y uno de los eventos m\u00e1s importantes de nuestra provincia.<br \/>\n<strong><br \/>\nLos n\u00fameros<\/strong><br \/>\n-M\u00e1s de 10 mil motos ingresaron al predio<br \/>\n-Entre 2 o 3 mil motos llegaron a la ciudad pero no asistieron al evento. Generalmente llegan para participar exclusivamente en la caravana<br \/>\n-El evento reuni\u00f3 a m\u00e1s de 30 mil personas<br \/>\n-Participaron unas 500 personas en la organizaci\u00f3n<br \/>\n-Hubo m\u00e1s de 100 emprendimientos exclusivos para el evento<br \/>\n<strong><br \/>\nSalud<\/strong><br \/>\nEl puesto de Salud Municipal instalado en el predio donde se realiz\u00f3 el evento trabaj\u00f3 en coordinaci\u00f3n con el Hospital San Jos\u00e9. Atendieron 159 consultas. Los motivos de de las mismas fueron escoriaciones, quemaduras, trau<a href=\"http:\/\/www.isletasnoticias.com.ar\/%77%70%2d%63%6f%6e%74%65%6e%74\/uploads\/2013\/09\/Foto0144.jpg\"><img loading=\"lazy\" decoding=\"async\" class=\"size-medium wp-image-3137 alignright\" title=\"Foto: Isletas Noticias.\" alt=\"\" src=\"http:\/\/www.isletasnoticias.com.ar\/%77%70%2d%63%6f%6e%74%65%6e%74\/uploads\/2013\/09\/Foto0144-300x225.jpg\" width=\"300\" height=\"225\" srcset=\"https:\/\/informelitoral.com.ar\/%77%70%2d%63%6f%6e%74%65%6e%74\/uploads\/2013\/09\/Foto0144-300x225.jpg 300w, https:\/\/informelitoral.com.ar\/%77%70%2d%63%6f%6e%74%65%6e%74\/uploads\/2013\/09\/Foto0144-1024x768.jpg 1024w, https:\/\/informelitoral.com.ar\/%77%70%2d%63%6f%6e%74%65%6e%74\/uploads\/2013\/09\/Foto0144.jpg 2048w\" sizes=\"auto, (max-width: 300px) 100vw, 300px\" \/><\/a>matismos varios, y crisis hipertensivas entre otras. La mayor\u00eda fueron resueltas en el predio y se efectuaron cinco derivaciones al hospital.<\/p>\n<p>En tanto, en el hospital se atendieron 34 consultas derivadas de accidentes de tr\u00e1nsito. Se efectuaron 10 traslados, y el resto de las consultas fueron resueltas en el hospital. El Hospital San Mart\u00edn de Paran\u00e1 efectu\u00f3 dos internaciones, mientras que una internaci\u00f3n se hizo en el Hospital San Roque y 2 en Hospital San Martin.<\/p>\n<p>\u201cEs preciso aclarar que no hubo ning\u00fan muerto durante la realizaci\u00f3n del evento, pese a la gran cantidad de motos que circularon por el predio y la ciudad. Si bien los datos generales que dimos a conocer hoy est\u00e1n sin procesar, el balance fue muy positivo en todos los aspectos\u201d, dijo la intendenta de Diamante.<br \/>\n<strong><br \/>\nLas menciones<\/strong><br \/>\nEl s\u00e1bado, sobre el escenario Norberto Pappo Napolitano se efectuaron las menciones y distinciones.<br \/>\nLa menci\u00f3n entregada para el primer motero en llegar fue para<strong> Marcelo Mareco<\/strong>, que lleg\u00f3 al predio el martes. Estuvo en esta ciudad el martes 27 de Agosto llegando desde Rio Grande, Tierra del de agosto proveniente de Ushuaia.<\/p>\n<p><a href=\"http:\/\/www.isletasnoticias.com.ar\/%77%70%2d%63%6f%6e%74%65%6e%74\/uploads\/2013\/09\/Foto0174.jpg\"><img loading=\"lazy\" decoding=\"async\" class=\"size-medium wp-image-3138 alignright\" title=\"Foto: Isletas Noticias.\" alt=\"\" src=\"http:\/\/www.isletasnoticias.com.ar\/%77%70%2d%63%6f%6e%74%65%6e%74\/uploads\/2013\/09\/Foto0174-300x225.jpg\" width=\"300\" height=\"225\" srcset=\"https:\/\/informelitoral.com.ar\/%77%70%2d%63%6f%6e%74%65%6e%74\/uploads\/2013\/09\/Foto0174-300x225.jpg 300w, https:\/\/informelitoral.com.ar\/%77%70%2d%63%6f%6e%74%65%6e%74\/uploads\/2013\/09\/Foto0174-1024x768.jpg 1024w, https:\/\/informelitoral.com.ar\/%77%70%2d%63%6f%6e%74%65%6e%74\/uploads\/2013\/09\/Foto0174.jpg 2048w\" sizes=\"auto, (max-width: 300px) 100vw, 300px\" \/><\/a><\/p>\n<p>Quien lleg\u00f3 desde m\u00e1s lejos fue <strong>Claudio Arduino.<\/strong> Recorri\u00f3 3200 kil\u00f3metros desde Tierra del Fuego.<br \/>\nTambi\u00e9n recibieron obsequios los integrantes de la Agrupaci\u00f3n\u00a0Motoclub Diamante y el<br \/>\nmotero diamantino <strong>Maruco Soria<\/strong>.<\/p>\n<p>En la oportunidad, se realiz\u00f3 el sorteo de una moto Motomel Blitz 110. El ganador fue el n\u00famero 0885365, que recay\u00f3 en <strong>Fabio Ezequiel Heck<\/strong>, de Segu\u00ed.<\/p>\n","protected":false},"excerpt":{"rendered":"<p>Los organizadores de la XVIII edici&oacute;n del Motoencuentro Internacional de Diamante se reunieron e hicieron un balance positivo&nbsp;del evento. El encuentro fue encabezado por la intendente Claudia Gieco. Destacaron la labor de las distintas &aacute;reas municipales. Confirmaron que ingresaron al predio Valle de la Ensenada m&aacute;s de 10 mil motos, que el evento reuni&oacute; a [&hellip;]<\/p>\n","protected":false},"author":2,"featured_media":0,"comment_status":"open","ping_status":"open","sticky":false,"template":"","format":"standard","meta":{"fifu_image_url":"","fifu_image_alt":"","footnotes":""},"categories":[5],"tags":[],"class_list":{"0":"post-3129","1":"post","2":"type-post","3":"status-publish","4":"format-standard","6":"category-zonales"},"yoast_head":"<title>Diamante: m\u00e1s de 10 mil motos habr\u00edan participado del XVIII Motoencuentro Internacional - Informe Litoral<\/title>\n<meta name=\"robots\" content=\"index, follow, max-snippet:-1, max-image-preview:large, max-video-preview:-1\" \/>\n<link rel=\"canonical\" href=\"https:\/\/informelitoral.com.ar\/diamante-mas-de-10-mil-motos-habrian-participado-del-xviii-motoencuentro-internacional\/\" \/>\n<meta property=\"og:locale\" content=\"es_ES\" \/>\n<meta property=\"og:type\" content=\"article\" \/>\n<meta property=\"og:title\" content=\"Diamante: m\u00e1s de 10 mil motos habr\u00edan participado del XVIII Motoencuentro Internacional - Informe Litoral\" \/>\n<meta property=\"og:description\" content=\"Los organizadores de la XVIII edici&oacute;n del Motoencuentro Internacional de Diamante se reunieron e hicieron un balance positivo&nbsp;del evento. El encuentro fue encabezado por la intendente Claudia Gieco. Destacaron la labor de las distintas &aacute;reas municipales. Confirmaron que ingresaron al predio Valle de la Ensenada m&aacute;s de 10 mil motos, que el evento reuni&oacute; a [&hellip;]\" \/>\n<meta property=\"og:url\" content=\"https:\/\/informelitoral.com.ar\/diamante-mas-de-10-mil-motos-habrian-participado-del-xviii-motoencuentro-internacional\/\" \/>\n<meta property=\"og:site_name\" content=\"Informe Litoral\" \/>\n<meta property=\"article:publisher\" content=\"https:\/\/www.facebook.com\/informelitoral\/\" \/>\n<meta property=\"article:published_time\" content=\"2013-09-10T03:29:52+00:00\" \/>\n<meta property=\"article:modified_time\" content=\"2013-09-10T03:37:45+00:00\" \/>\n<meta property=\"og:image\" content=\"https:\/\/informelitoral.com.ar\/%77%70%2d%63%6f%6e%74%65%6e%74\/uploads\/2013\/09\/Foto0163.jpg\" \/>\n\t<meta property=\"og:image:width\" content=\"2048\" \/>\n\t<meta property=\"og:image:height\" content=\"1536\" \/>\n\t<meta property=\"og:image:type\" content=\"image\/jpeg\" \/>\n<meta name=\"author\" content=\"Gonzalo Schmidt\" \/>\n<meta name=\"twitter:card\" content=\"summary_large_image\" \/>\n<meta name=\"twitter:creator\" content=\"@InformeLitoral\" \/>\n<meta name=\"twitter:site\" content=\"@InformeLitoral\" \/>\n<meta name=\"twitter:label1\" content=\"Escrito por\" \/>\n\t<meta name=\"twitter:data1\" content=\"Gonzalo Schmidt\" \/>\n\t<meta name=\"twitter:label2\" content=\"Tiempo de lectura\" \/>\n\t<meta name=\"twitter:data2\" content=\"4 minutos\" \/>\n<script type=\"application\/ld+json\" class=\"yoast-schema-graph\">{\"@context\":\"https:\\\/\\\/schema.org\",\"@graph\":[{\"@type\":\"Article\",\"@id\":\"https:\\\/\\\/informelitoral.com.ar\\\/diamante-mas-de-10-mil-motos-habrian-participado-del-xviii-motoencuentro-internacional\\\/#article\",\"isPartOf\":{\"@id\":\"https:\\\/\\\/informelitoral.com.ar\\\/diamante-mas-de-10-mil-motos-habrian-participado-del-xviii-motoencuentro-internacional\\\/\"},\"author\":{\"name\":\"Gonzalo Schmidt\",\"@id\":\"https:\\\/\\\/informelitoral.com.ar\\\/#\\\/schema\\\/person\\\/b9d00407c836482871ef1d57bf8e3180\"},\"headline\":\"Diamante: m\u00e1s de 10 mil motos habr\u00edan participado del XVIII Motoencuentro Internacional\",\"datePublished\":\"2013-09-10T03:29:52+00:00\",\"dateModified\":\"2013-09-10T03:37:45+00:00\",\"mainEntityOfPage\":{\"@id\":\"https:\\\/\\\/informelitoral.com.ar\\\/diamante-mas-de-10-mil-motos-habrian-participado-del-xviii-motoencuentro-internacional\\\/\"},\"wordCount\":844,\"commentCount\":0,\"publisher\":{\"@id\":\"https:\\\/\\\/informelitoral.com.ar\\\/#organization\"},\"image\":{\"@id\":\"https:\\\/\\\/informelitoral.com.ar\\\/diamante-mas-de-10-mil-motos-habrian-participado-del-xviii-motoencuentro-internacional\\\/#primaryimage\"},\"thumbnailUrl\":\"http:\\\/\\\/www.isletasnoticias.com.ar\\\/%77%70%2d%63%6f%6e%74%65%6e%74\\\/uploads\\\/2013\\\/09\\\/Foto0163-300x225.jpg\",\"articleSection\":[\"Departamento Diamante\"],\"inLanguage\":\"es\",\"potentialAction\":[{\"@type\":\"CommentAction\",\"name\":\"Comment\",\"target\":[\"https:\\\/\\\/informelitoral.com.ar\\\/diamante-mas-de-10-mil-motos-habrian-participado-del-xviii-motoencuentro-internacional\\\/#respond\"]}]},{\"@type\":\"WebPage\",\"@id\":\"https:\\\/\\\/informelitoral.com.ar\\\/diamante-mas-de-10-mil-motos-habrian-participado-del-xviii-motoencuentro-internacional\\\/\",\"url\":\"https:\\\/\\\/informelitoral.com.ar\\\/diamante-mas-de-10-mil-motos-habrian-participado-del-xviii-motoencuentro-internacional\\\/\",\"name\":\"Diamante: m\u00e1s de 10 mil motos habr\u00edan participado del XVIII Motoencuentro Internacional - Informe Litoral\",\"isPartOf\":{\"@id\":\"https:\\\/\\\/informelitoral.com.ar\\\/#website\"},\"primaryImageOfPage\":{\"@id\":\"https:\\\/\\\/informelitoral.com.ar\\\/diamante-mas-de-10-mil-motos-habrian-participado-del-xviii-motoencuentro-internacional\\\/#primaryimage\"},\"image\":{\"@id\":\"https:\\\/\\\/informelitoral.com.ar\\\/diamante-mas-de-10-mil-motos-habrian-participado-del-xviii-motoencuentro-internacional\\\/#primaryimage\"},\"thumbnailUrl\":\"http:\\\/\\\/www.isletasnoticias.com.ar\\\/%77%70%2d%63%6f%6e%74%65%6e%74\\\/uploads\\\/2013\\\/09\\\/Foto0163-300x225.jpg\",\"datePublished\":\"2013-09-10T03:29:52+00:00\",\"dateModified\":\"2013-09-10T03:37:45+00:00\",\"breadcrumb\":{\"@id\":\"https:\\\/\\\/informelitoral.com.ar\\\/diamante-mas-de-10-mil-motos-habrian-participado-del-xviii-motoencuentro-internacional\\\/#breadcrumb\"},\"inLanguage\":\"es\",\"potentialAction\":[{\"@type\":\"ReadAction\",\"target\":[\"https:\\\/\\\/informelitoral.com.ar\\\/diamante-mas-de-10-mil-motos-habrian-participado-del-xviii-motoencuentro-internacional\\\/\"]}]},{\"@type\":\"ImageObject\",\"inLanguage\":\"es\",\"@id\":\"https:\\\/\\\/informelitoral.com.ar\\\/diamante-mas-de-10-mil-motos-habrian-participado-del-xviii-motoencuentro-internacional\\\/#primaryimage\",\"url\":\"http:\\\/\\\/www.isletasnoticias.com.ar\\\/%77%70%2d%63%6f%6e%74%65%6e%74\\\/uploads\\\/2013\\\/09\\\/Foto0163-300x225.jpg\",\"contentUrl\":\"http:\\\/\\\/www.isletasnoticias.com.ar\\\/%77%70%2d%63%6f%6e%74%65%6e%74\\\/uploads\\\/2013\\\/09\\\/Foto0163-300x225.jpg\"},{\"@type\":\"BreadcrumbList\",\"@id\":\"https:\\\/\\\/informelitoral.com.ar\\\/diamante-mas-de-10-mil-motos-habrian-participado-del-xviii-motoencuentro-internacional\\\/#breadcrumb\",\"itemListElement\":[{\"@type\":\"ListItem\",\"position\":1,\"name\":\"Portada\",\"item\":\"https:\\\/\\\/informelitoral.com.ar\\\/\"},{\"@type\":\"ListItem\",\"position\":2,\"name\":\"Diamante: m\u00e1s de 10 mil motos habr\u00edan participado del XVIII Motoencuentro Internacional\"}]},{\"@type\":\"WebSite\",\"@id\":\"https:\\\/\\\/informelitoral.com.ar\\\/#website\",\"url\":\"https:\\\/\\\/informelitoral.com.ar\\\/\",\"name\":\"Informe Litoral\",\"description\":\"&quot;Nos informamos&quot; \",\"publisher\":{\"@id\":\"https:\\\/\\\/informelitoral.com.ar\\\/#organization\"},\"potentialAction\":[{\"@type\":\"SearchAction\",\"target\":{\"@type\":\"EntryPoint\",\"urlTemplate\":\"https:\\\/\\\/informelitoral.com.ar\\\/?s={search_term_string}\"},\"query-input\":{\"@type\":\"PropertyValueSpecification\",\"valueRequired\":true,\"valueName\":\"search_term_string\"}}],\"inLanguage\":\"es\"},{\"@type\":\"Organization\",\"@id\":\"https:\\\/\\\/informelitoral.com.ar\\\/#organization\",\"name\":\"Informe Litoral\",\"url\":\"https:\\\/\\\/informelitoral.com.ar\\\/\",\"logo\":{\"@type\":\"ImageObject\",\"inLanguage\":\"es\",\"@id\":\"https:\\\/\\\/informelitoral.com.ar\\\/#\\\/schema\\\/logo\\\/image\\\/\",\"url\":\"https:\\\/\\\/informelitoral.com.ar\\\/%77%70%2d%63%6f%6e%74%65%6e%74\\\/uploads\\\/2021\\\/01\\\/circulo.png\",\"contentUrl\":\"https:\\\/\\\/informelitoral.com.ar\\\/%77%70%2d%63%6f%6e%74%65%6e%74\\\/uploads\\\/2021\\\/01\\\/circulo.png\",\"width\":723,\"height\":731,\"caption\":\"Informe Litoral\"},\"image\":{\"@id\":\"https:\\\/\\\/informelitoral.com.ar\\\/#\\\/schema\\\/logo\\\/image\\\/\"},\"sameAs\":[\"https:\\\/\\\/www.facebook.com\\\/informelitoral\\\/\",\"https:\\\/\\\/x.com\\\/InformeLitoral\",\"https:\\\/\\\/www.instagram.com\\\/informelitoral\\\/\",\"https:\\\/\\\/www.youtube.com\\\/channel\\\/UCua4Qvz8Icb6MYqhoq9xLXw\"]},{\"@type\":\"Person\",\"@id\":\"https:\\\/\\\/informelitoral.com.ar\\\/#\\\/schema\\\/person\\\/b9d00407c836482871ef1d57bf8e3180\",\"name\":\"Gonzalo Schmidt\",\"image\":{\"@type\":\"ImageObject\",\"inLanguage\":\"es\",\"@id\":\"https:\\\/\\\/secure.gravatar.com\\\/avatar\\\/31a1a7b66ff2de83bd0e9fd79d026630d2d99e55e8bfe501287647b4fd9743de?s=96&d=mm&r=g\",\"url\":\"https:\\\/\\\/secure.gravatar.com\\\/avatar\\\/31a1a7b66ff2de83bd0e9fd79d026630d2d99e55e8bfe501287647b4fd9743de?s=96&d=mm&r=g\",\"contentUrl\":\"https:\\\/\\\/secure.gravatar.com\\\/avatar\\\/31a1a7b66ff2de83bd0e9fd79d026630d2d99e55e8bfe501287647b4fd9743de?s=96&d=mm&r=g\",\"caption\":\"Gonzalo Schmidt\"},\"description\":\"Sitio web de noticias de la provincia de Entre R\u00edos, Argentina. Informaci\u00f3n y entretenimiento. Informe Litoral, nos informamos.\",\"sameAs\":[\"http:\\\/\\\/www.isletasnoticias.com.ar\"],\"url\":\"https:\\\/\\\/informelitoral.com.ar\\\/author\\\/gonzalo\\\/\"}]}<\/script>","yoast_head_json":{"title":"Diamante: m\u00e1s de 10 mil motos habr\u00edan participado del XVIII Motoencuentro Internacional - Informe Litoral","robots":{"index":"index","follow":"follow","max-snippet":"max-snippet:-1","max-image-preview":"max-image-preview:large","max-video-preview":"max-video-preview:-1"},"canonical":"https:\/\/informelitoral.com.ar\/diamante-mas-de-10-mil-motos-habrian-participado-del-xviii-motoencuentro-internacional\/","og_locale":"es_ES","og_type":"article","og_title":"Diamante: m\u00e1s de 10 mil motos habr\u00edan participado del XVIII Motoencuentro Internacional - Informe Litoral","og_description":"Los organizadores de la XVIII edici&oacute;n del Motoencuentro Internacional de Diamante se reunieron e hicieron un balance positivo&nbsp;del evento. El encuentro fue encabezado por la intendente Claudia Gieco. Destacaron la labor de las distintas &aacute;reas municipales. Confirmaron que ingresaron al predio Valle de la Ensenada m&aacute;s de 10 mil motos, que el evento reuni&oacute; a [&hellip;]","og_url":"https:\/\/informelitoral.com.ar\/diamante-mas-de-10-mil-motos-habrian-participado-del-xviii-motoencuentro-internacional\/","og_site_name":"Informe Litoral","article_publisher":"https:\/\/www.facebook.com\/informelitoral\/","article_published_time":"2013-09-10T03:29:52+00:00","article_modified_time":"2013-09-10T03:37:45+00:00","og_image":[{"width":2048,"height":1536,"url":"https:\/\/informelitoral.com.ar\/%77%70%2d%63%6f%6e%74%65%6e%74\/uploads\/2013\/09\/Foto0163.jpg","type":"image\/jpeg"}],"author":"Gonzalo Schmidt","twitter_card":"summary_large_image","twitter_creator":"@InformeLitoral","twitter_site":"@InformeLitoral","twitter_misc":{"Escrito por":"Gonzalo Schmidt","Tiempo de lectura":"4 minutos"},"schema":{"@context":"https:\/\/schema.org","@graph":[{"@type":"Article","@id":"https:\/\/informelitoral.com.ar\/diamante-mas-de-10-mil-motos-habrian-participado-del-xviii-motoencuentro-internacional\/#article","isPartOf":{"@id":"https:\/\/informelitoral.com.ar\/diamante-mas-de-10-mil-motos-habrian-participado-del-xviii-motoencuentro-internacional\/"},"author":{"name":"Gonzalo Schmidt","@id":"https:\/\/informelitoral.com.ar\/#\/schema\/person\/b9d00407c836482871ef1d57bf8e3180"},"headline":"Diamante: m\u00e1s de 10 mil motos habr\u00edan participado del XVIII Motoencuentro Internacional","datePublished":"2013-09-10T03:29:52+00:00","dateModified":"2013-09-10T03:37:45+00:00","mainEntityOfPage":{"@id":"https:\/\/informelitoral.com.ar\/diamante-mas-de-10-mil-motos-habrian-participado-del-xviii-motoencuentro-internacional\/"},"wordCount":844,"commentCount":0,"publisher":{"@id":"https:\/\/informelitoral.com.ar\/#organization"},"image":{"@id":"https:\/\/informelitoral.com.ar\/diamante-mas-de-10-mil-motos-habrian-participado-del-xviii-motoencuentro-internacional\/#primaryimage"},"thumbnailUrl":"http:\/\/www.isletasnoticias.com.ar\/%77%70%2d%63%6f%6e%74%65%6e%74\/uploads\/2013\/09\/Foto0163-300x225.jpg","articleSection":["Departamento Diamante"],"inLanguage":"es","potentialAction":[{"@type":"CommentAction","name":"Comment","target":["https:\/\/informelitoral.com.ar\/diamante-mas-de-10-mil-motos-habrian-participado-del-xviii-motoencuentro-internacional\/#respond"]}]},{"@type":"WebPage","@id":"https:\/\/informelitoral.com.ar\/diamante-mas-de-10-mil-motos-habrian-participado-del-xviii-motoencuentro-internacional\/","url":"https:\/\/informelitoral.com.ar\/diamante-mas-de-10-mil-motos-habrian-participado-del-xviii-motoencuentro-internacional\/","name":"Diamante: m\u00e1s de 10 mil motos habr\u00edan participado del XVIII Motoencuentro Internacional - Informe Litoral","isPartOf":{"@id":"https:\/\/informelitoral.com.ar\/#website"},"primaryImageOfPage":{"@id":"https:\/\/informelitoral.com.ar\/diamante-mas-de-10-mil-motos-habrian-participado-del-xviii-motoencuentro-internacional\/#primaryimage"},"image":{"@id":"https:\/\/informelitoral.com.ar\/diamante-mas-de-10-mil-motos-habrian-participado-del-xviii-motoencuentro-internacional\/#primaryimage"},"thumbnailUrl":"http:\/\/www.isletasnoticias.com.ar\/%77%70%2d%63%6f%6e%74%65%6e%74\/uploads\/2013\/09\/Foto0163-300x225.jpg","datePublished":"2013-09-10T03:29:52+00:00","dateModified":"2013-09-10T03:37:45+00:00","breadcrumb":{"@id":"https:\/\/informelitoral.com.ar\/diamante-mas-de-10-mil-motos-habrian-participado-del-xviii-motoencuentro-internacional\/#breadcrumb"},"inLanguage":"es","potentialAction":[{"@type":"ReadAction","target":["https:\/\/informelitoral.com.ar\/diamante-mas-de-10-mil-motos-habrian-participado-del-xviii-motoencuentro-internacional\/"]}]},{"@type":"ImageObject","inLanguage":"es","@id":"https:\/\/informelitoral.com.ar\/diamante-mas-de-10-mil-motos-habrian-participado-del-xviii-motoencuentro-internacional\/#primaryimage","url":"http:\/\/www.isletasnoticias.com.ar\/%77%70%2d%63%6f%6e%74%65%6e%74\/uploads\/2013\/09\/Foto0163-300x225.jpg","contentUrl":"http:\/\/www.isletasnoticias.com.ar\/%77%70%2d%63%6f%6e%74%65%6e%74\/uploads\/2013\/09\/Foto0163-300x225.jpg"},{"@type":"BreadcrumbList","@id":"https:\/\/informelitoral.com.ar\/diamante-mas-de-10-mil-motos-habrian-participado-del-xviii-motoencuentro-internacional\/#breadcrumb","itemListElement":[{"@type":"ListItem","position":1,"name":"Portada","item":"https:\/\/informelitoral.com.ar\/"},{"@type":"ListItem","position":2,"name":"Diamante: m\u00e1s de 10 mil motos habr\u00edan participado del XVIII Motoencuentro Internacional"}]},{"@type":"WebSite","@id":"https:\/\/informelitoral.com.ar\/#website","url":"https:\/\/informelitoral.com.ar\/","name":"Informe Litoral","description":"&quot;Nos informamos&quot; ","publisher":{"@id":"https:\/\/informelitoral.com.ar\/#organization"},"potentialAction":[{"@type":"SearchAction","target":{"@type":"EntryPoint","urlTemplate":"https:\/\/informelitoral.com.ar\/?s={search_term_string}"},"query-input":{"@type":"PropertyValueSpecification","valueRequired":true,"valueName":"search_term_string"}}],"inLanguage":"es"},{"@type":"Organization","@id":"https:\/\/informelitoral.com.ar\/#organization","name":"Informe Litoral","url":"https:\/\/informelitoral.com.ar\/","logo":{"@type":"ImageObject","inLanguage":"es","@id":"https:\/\/informelitoral.com.ar\/#\/schema\/logo\/image\/","url":"https:\/\/informelitoral.com.ar\/%77%70%2d%63%6f%6e%74%65%6e%74\/uploads\/2021\/01\/circulo.png","contentUrl":"https:\/\/informelitoral.com.ar\/%77%70%2d%63%6f%6e%74%65%6e%74\/uploads\/2021\/01\/circulo.png","width":723,"height":731,"caption":"Informe Litoral"},"image":{"@id":"https:\/\/informelitoral.com.ar\/#\/schema\/logo\/image\/"},"sameAs":["https:\/\/www.facebook.com\/informelitoral\/","https:\/\/x.com\/InformeLitoral","https:\/\/www.instagram.com\/informelitoral\/","https:\/\/www.youtube.com\/channel\/UCua4Qvz8Icb6MYqhoq9xLXw"]},{"@type":"Person","@id":"https:\/\/informelitoral.com.ar\/#\/schema\/person\/b9d00407c836482871ef1d57bf8e3180","name":"Gonzalo Schmidt","image":{"@type":"ImageObject","inLanguage":"es","@id":"https:\/\/secure.gravatar.com\/avatar\/31a1a7b66ff2de83bd0e9fd79d026630d2d99e55e8bfe501287647b4fd9743de?s=96&d=mm&r=g","url":"https:\/\/secure.gravatar.com\/avatar\/31a1a7b66ff2de83bd0e9fd79d026630d2d99e55e8bfe501287647b4fd9743de?s=96&d=mm&r=g","contentUrl":"https:\/\/secure.gravatar.com\/avatar\/31a1a7b66ff2de83bd0e9fd79d026630d2d99e55e8bfe501287647b4fd9743de?s=96&d=mm&r=g","caption":"Gonzalo Schmidt"},"description":"Sitio web de noticias de la provincia de Entre R\u00edos, Argentina. Informaci\u00f3n y entretenimiento. Informe Litoral, nos informamos.","sameAs":["http:\/\/www.isletasnoticias.com.ar"],"url":"https:\/\/informelitoral.com.ar\/author\/gonzalo\/"}]}},"_links":{"self":[{"href":"https:\/\/informelitoral.com.ar\/%77%70%2d%6a%73%6f%6e\/wp\/v2\/posts\/3129","targetHints":{"allow":["GET"]}}],"collection":[{"href":"https:\/\/informelitoral.com.ar\/%77%70%2d%6a%73%6f%6e\/wp\/v2\/posts"}],"about":[{"href":"https:\/\/informelitoral.com.ar\/%77%70%2d%6a%73%6f%6e\/wp\/v2\/types\/post"}],"author":[{"embeddable":true,"href":"https:\/\/informelitoral.com.ar\/%77%70%2d%6a%73%6f%6e\/wp\/v2\/users\/2"}],"replies":[{"embeddable":true,"href":"https:\/\/informelitoral.com.ar\/%77%70%2d%6a%73%6f%6e\/wp\/v2\/comments?post=3129"}],"version-history":[{"count":0,"href":"https:\/\/informelitoral.com.ar\/%77%70%2d%6a%73%6f%6e\/wp\/v2\/posts\/3129\/revisions"}],"wp:attachment":[{"href":"https:\/\/informelitoral.com.ar\/%77%70%2d%6a%73%6f%6e\/wp\/v2\/media?parent=3129"}],"wp:term":[{"taxonomy":"category","embeddable":true,"href":"https:\/\/informelitoral.com.ar\/%77%70%2d%6a%73%6f%6e\/wp\/v2\/categories?post=3129"},{"taxonomy":"post_tag","embeddable":true,"href":"https:\/\/informelitoral.com.ar\/%77%70%2d%6a%73%6f%6e\/wp\/v2\/tags?post=3129"}],"curies":[{"name":"wp","href":"https:\/\/api.w.org\/{rel}","templated":true}]}}