{"id":3124,"date":"2013-09-10T00:14:53","date_gmt":"2013-09-10T03:14:53","guid":{"rendered":"http:\/\/www.isletasnoticias.com.ar\/?p=3124"},"modified":"2013-09-10T00:15:57","modified_gmt":"2013-09-10T03:15:57","slug":"el-campo-argentino-abrio-sus-tranqueras-a-200-periodistas","status":"publish","type":"post","link":"https:\/\/informelitoral.com.ar\/el-campo-argentino-abrio-sus-tranqueras-a-200-periodistas\/","title":{"rendered":"El campo argentino abri\u00f3 sus tranqueras a 200 periodistas"},"content":{"rendered":"<div>\n<div><strong>Del 1 al 4 de septiembre Argentina fue sede el Congreso Internacional de Periodistas Agropecuarios del cual participaron alrededor de 200 agroperiodistas de 60 pa\u00edses.<\/strong><\/div>\n<p><img loading=\"lazy\" decoding=\"async\" class=\"size-medium wp-image-3125 aligncenter\" alt=\"campo\" src=\"http:\/\/www.isletasnoticias.com.ar\/%77%70%2d%63%6f%6e%74%65%6e%74\/uploads\/2013\/09\/campo-300x116.jpg\" width=\"300\" height=\"116\" srcset=\"https:\/\/informelitoral.com.ar\/%77%70%2d%63%6f%6e%74%65%6e%74\/uploads\/2013\/09\/campo-300x116.jpg 300w, https:\/\/informelitoral.com.ar\/%77%70%2d%63%6f%6e%74%65%6e%74\/uploads\/2013\/09\/campo.jpg 620w\" sizes=\"auto, (max-width: 300px) 100vw, 300px\" \/><\/p>\n<\/div>\n<div>Con una comida de gala termin\u00f3 el Congreso Anual de la Federaci\u00f3n Internacional de Periodistas Agropecuarios (IFAJ, por sus siglas en ingl\u00e9s), el mi\u00e9rcoles, en la Bolsa de Comercio de Rosario. Hab\u00eda comenzado el domingo, en Buenos Aires, y fue la primera vez que se realiz\u00f3 en un pa\u00eds latinoamericano. El evento cont\u00f3 con la presencia de 200 periodistas de m\u00e1s de 60 pa\u00edses de los cinco continentes.<\/div>\n<div><\/div>\n<div>Durante la semana, los reporteros especializados en agro pudieron conocer establecimientos ganaderos, agr\u00edcolas, lecheros y frut\u00edcolas, plantas industriales y tomar contacto con los diferentes protagonistas de la cadena de valor agroindustrial.<\/div>\n<div><\/div>\n<div>El mi\u00e9rcoles, durante la ma\u00f1ana, en la Bolsa de Comercio de Rosario, se llev\u00f3 adelante una jornada acad\u00e9mica, en la que qued\u00f3 claro el rol protag\u00f3nico que tienen la Argentina y el Mercosur en la provisi\u00f3n mundial de alimentos.<\/div>\n<div><\/div>\n<div><strong>El 41% de la comercializaci\u00f3n de granos<\/strong><\/div>\n<div>Seg\u00fan <strong>Gustavo L\u00f3pez,<\/strong> analista de la consultora Agritrend y uno de los disertantes de la jornada, \u201cactualmente, Argentina y Brasil participan en el 33,6% de las exportaciones mundiales de granos, pero para 2020 podr\u00edan hacerlo con el 41%\u201d. Para conseguirlo ser\u00e1 necesario superar algunas limitantes de infraestructura que existen en la regi\u00f3n: fundamentalmente la falta de capacidad de almacenamiento y los problemas para el transporte de productos, explic\u00f3 L\u00f3pez.<\/div>\n<div><\/div>\n<div>Hay un gran potencial: \u201cLa Argentina es el quinto pa\u00eds con mayor tierra cultivable disponible, despu\u00e9s de Brasil, Congo, Angola y Sud\u00e1n\u201d, destac\u00f3 el secretario de Agricultura de la Naci\u00f3n, Lorenzo Basso, y agreg\u00f3: \u201cEl 39% de la Argentina son campos naturales y desiertos. Hay posibilidad de expandir la producci\u00f3n y para eso es fundamental la innovaci\u00f3n tecnol\u00f3gica y tener nuevas metas productivas\u201d.<\/div>\n<div><\/div>\n<div><strong>La importancia del complejo sojero<\/strong><\/div>\n<div>Mientras que <strong>Rogelio Pont\u00f3n<\/strong>, analista del Departamento de Estudios Econ\u00f3micos de la Bolsa de Comercio de Rosario (BCR), destac\u00f3 la importancia de la soja: \u201cEn Argentina,\u00a0 es el principal producto de exportaci\u00f3n y es la que suministra gran parte de las divisas que ingresan al pa\u00eds, alrededor de 25.000 millones de d\u00f3lares. Adem\u00e1s, la actividad sojera es la herramienta antiinflacionaria m\u00e1s importante en la Argentina, es la que nos permite seguir subsistiendo\u201d.<\/div>\n<div><\/div>\n<div><strong>Mario Blejer<\/strong>, quien estuvo a cargo de la apertura del congreso, como presidente de Foro Pa\u00eds, tambi\u00e9n destac\u00f3 la importancia del polo sojero: \u201cLa Argentina provee el 43% de la harina y el aceite de soja comercializados a nivel mundial. Hasta 2010, el pa\u00eds tambi\u00e9n era proveedor del 60% de las ventas internacionales de biocombustible\u201d. Sin embargo, advirti\u00f3 que \u201clas plantas del complejo sojero est\u00e1n trabajando por debajo de su capacidad instalada y se est\u00e1 vendiendo m\u00e1s poroto sin procesar\u201d<\/div>\n<div><\/div>\n<div><strong>Fin del boom de los commodities<\/strong><\/div>\n<div>Seg\u00fan, Blejer \u201cel boom de los commodities es algo del pasado. No solamente van a retroceder los precios, sino que es probable que tambi\u00e9n aumente la volatilidad\u201d. \u00a0Adem\u00e1s, advirti\u00f3 que \u201ca nivel mundial vamos a ver que la primarizaci\u00f3n de la econom\u00eda volver\u00e1 a crear problemas de desarrollo\u201d. Para Blejer, la \u00fanica forma de escapar de est\u00e1 situaci\u00f3n es profundizar el agregado de valor en origen.<\/div>\n<div><\/div>\n<div>Las causas de esta posible primarizaci\u00f3n de la econom\u00eda estuvieron expuestas por Gustavo Id\u00edgoras, ex agregado agr\u00edcola ante la Uni\u00f3n Europea y consultor de Issues Management, quien alert\u00f3 sobre los inconvenientes que vendr\u00e1n en materia de comercializaci\u00f3n. \u201cEl proteccionismo va a caracterizar al mundo en los pr\u00f3ximos a\u00f1os. Se va a vivir un alto nivel de conflictividad comercial. Esto se ver\u00e1 incrementado por las consecuencias de la crisis internacional porque los pa\u00edses desarrollados necesitan incrementar el empleo, y los pa\u00edses subdesarrollados, lo mismo\u201d.<\/div>\n<div><\/div>\n<div><strong>Red Latinoamericana<\/strong><\/div>\n<div>En el marco del congreso de IFAJ, con el fin de trabajar regionalmente en la comunicaci\u00f3n del sector, se firm\u00f3 un acta para crear la Red de Comunicadores Agropecuarios de Latinoam\u00e9rica y el Caribe, conformada por 13 pa\u00edses, entre ellos Argentina, M\u00e9xico, Uruguay, Brasil, Paraguay, Bolivia, Guatemala, Per\u00fa, Chile, Venezuela.<\/div>\n<div><\/div>\n<div>El periodista argentino presidente del comit\u00e9 organizador IFAJ 2013,<strong> Carlos Curci Gonz\u00e1lez<\/strong>, ser\u00e1 el Coordinador General de la nueva entidad, y dijo que \u201clos objetivos de la red ser\u00e1n velar por la libertad de expresi\u00f3n, generar capacitaci\u00f3n e interactuar con otras redes de colegas de todo el mundo\u201d.<\/div>\n","protected":false},"excerpt":{"rendered":"<p>Del 1 al 4 de septiembre Argentina fue sede el Congreso Internacional de Periodistas Agropecuarios del cual participaron alrededor de 200 agroperiodistas de 60 pa&iacute;ses. Con una comida de gala termin&oacute; el Congreso Anual de la Federaci&oacute;n Internacional de Periodistas Agropecuarios (IFAJ, por sus siglas en ingl&eacute;s), el mi&eacute;rcoles, en la Bolsa de Comercio de [&hellip;]<\/p>\n","protected":false},"author":2,"featured_media":0,"comment_status":"open","ping_status":"open","sticky":false,"template":"","format":"standard","meta":{"fifu_image_url":"","fifu_image_alt":"","footnotes":""},"categories":[10,7],"tags":[],"class_list":{"0":"post-3124","1":"post","2":"type-post","3":"status-publish","4":"format-standard","6":"category-campo","7":"category-nacionales"},"yoast_head":"<title>El campo argentino abri\u00f3 sus tranqueras a 200 periodistas  - Informe Litoral<\/title>\n<meta name=\"robots\" content=\"index, follow, max-snippet:-1, max-image-preview:large, max-video-preview:-1\" \/>\n<link rel=\"canonical\" href=\"https:\/\/informelitoral.com.ar\/el-campo-argentino-abrio-sus-tranqueras-a-200-periodistas\/\" \/>\n<meta property=\"og:locale\" content=\"es_ES\" \/>\n<meta property=\"og:type\" content=\"article\" \/>\n<meta property=\"og:title\" content=\"El campo argentino abri\u00f3 sus tranqueras a 200 periodistas  - Informe Litoral\" \/>\n<meta property=\"og:description\" content=\"Del 1 al 4 de septiembre Argentina fue sede el Congreso Internacional de Periodistas Agropecuarios del cual participaron alrededor de 200 agroperiodistas de 60 pa&iacute;ses. Con una comida de gala termin&oacute; el Congreso Anual de la Federaci&oacute;n Internacional de Periodistas Agropecuarios (IFAJ, por sus siglas en ingl&eacute;s), el mi&eacute;rcoles, en la Bolsa de Comercio de [&hellip;]\" \/>\n<meta property=\"og:url\" content=\"https:\/\/informelitoral.com.ar\/el-campo-argentino-abrio-sus-tranqueras-a-200-periodistas\/\" \/>\n<meta property=\"og:site_name\" content=\"Informe Litoral\" \/>\n<meta property=\"article:publisher\" content=\"https:\/\/www.facebook.com\/informelitoral\/\" \/>\n<meta property=\"article:published_time\" content=\"2013-09-10T03:14:53+00:00\" \/>\n<meta property=\"article:modified_time\" content=\"2013-09-10T03:15:57+00:00\" \/>\n<meta property=\"og:image\" content=\"https:\/\/informelitoral.com.ar\/%77%70%2d%63%6f%6e%74%65%6e%74\/uploads\/2013\/09\/campo.jpg\" \/>\n\t<meta property=\"og:image:width\" content=\"620\" \/>\n\t<meta property=\"og:image:height\" content=\"240\" \/>\n\t<meta property=\"og:image:type\" content=\"image\/jpeg\" \/>\n<meta name=\"author\" content=\"Gonzalo Schmidt\" \/>\n<meta name=\"twitter:card\" content=\"summary_large_image\" \/>\n<meta name=\"twitter:creator\" content=\"@InformeLitoral\" \/>\n<meta name=\"twitter:site\" content=\"@InformeLitoral\" \/>\n<meta name=\"twitter:label1\" content=\"Escrito por\" \/>\n\t<meta name=\"twitter:data1\" content=\"Gonzalo Schmidt\" \/>\n\t<meta name=\"twitter:label2\" content=\"Tiempo de lectura\" \/>\n\t<meta name=\"twitter:data2\" content=\"4 minutos\" \/>\n<script type=\"application\/ld+json\" class=\"yoast-schema-graph\">{\"@context\":\"https:\\\/\\\/schema.org\",\"@graph\":[{\"@type\":\"Article\",\"@id\":\"https:\\\/\\\/informelitoral.com.ar\\\/el-campo-argentino-abrio-sus-tranqueras-a-200-periodistas\\\/#article\",\"isPartOf\":{\"@id\":\"https:\\\/\\\/informelitoral.com.ar\\\/el-campo-argentino-abrio-sus-tranqueras-a-200-periodistas\\\/\"},\"author\":{\"name\":\"Gonzalo Schmidt\",\"@id\":\"https:\\\/\\\/informelitoral.com.ar\\\/#\\\/schema\\\/person\\\/b9d00407c836482871ef1d57bf8e3180\"},\"headline\":\"El campo argentino abri\u00f3 sus tranqueras a 200 periodistas\",\"datePublished\":\"2013-09-10T03:14:53+00:00\",\"dateModified\":\"2013-09-10T03:15:57+00:00\",\"mainEntityOfPage\":{\"@id\":\"https:\\\/\\\/informelitoral.com.ar\\\/el-campo-argentino-abrio-sus-tranqueras-a-200-periodistas\\\/\"},\"wordCount\":771,\"commentCount\":0,\"publisher\":{\"@id\":\"https:\\\/\\\/informelitoral.com.ar\\\/#organization\"},\"image\":{\"@id\":\"https:\\\/\\\/informelitoral.com.ar\\\/el-campo-argentino-abrio-sus-tranqueras-a-200-periodistas\\\/#primaryimage\"},\"thumbnailUrl\":\"http:\\\/\\\/www.isletasnoticias.com.ar\\\/%77%70%2d%63%6f%6e%74%65%6e%74\\\/uploads\\\/2013\\\/09\\\/campo-300x116.jpg\",\"articleSection\":[\"Campo\",\"Nacionales\"],\"inLanguage\":\"es\",\"potentialAction\":[{\"@type\":\"CommentAction\",\"name\":\"Comment\",\"target\":[\"https:\\\/\\\/informelitoral.com.ar\\\/el-campo-argentino-abrio-sus-tranqueras-a-200-periodistas\\\/#respond\"]}]},{\"@type\":\"WebPage\",\"@id\":\"https:\\\/\\\/informelitoral.com.ar\\\/el-campo-argentino-abrio-sus-tranqueras-a-200-periodistas\\\/\",\"url\":\"https:\\\/\\\/informelitoral.com.ar\\\/el-campo-argentino-abrio-sus-tranqueras-a-200-periodistas\\\/\",\"name\":\"El campo argentino abri\u00f3 sus tranqueras a 200 periodistas - Informe Litoral\",\"isPartOf\":{\"@id\":\"https:\\\/\\\/informelitoral.com.ar\\\/#website\"},\"primaryImageOfPage\":{\"@id\":\"https:\\\/\\\/informelitoral.com.ar\\\/el-campo-argentino-abrio-sus-tranqueras-a-200-periodistas\\\/#primaryimage\"},\"image\":{\"@id\":\"https:\\\/\\\/informelitoral.com.ar\\\/el-campo-argentino-abrio-sus-tranqueras-a-200-periodistas\\\/#primaryimage\"},\"thumbnailUrl\":\"http:\\\/\\\/www.isletasnoticias.com.ar\\\/%77%70%2d%63%6f%6e%74%65%6e%74\\\/uploads\\\/2013\\\/09\\\/campo-300x116.jpg\",\"datePublished\":\"2013-09-10T03:14:53+00:00\",\"dateModified\":\"2013-09-10T03:15:57+00:00\",\"breadcrumb\":{\"@id\":\"https:\\\/\\\/informelitoral.com.ar\\\/el-campo-argentino-abrio-sus-tranqueras-a-200-periodistas\\\/#breadcrumb\"},\"inLanguage\":\"es\",\"potentialAction\":[{\"@type\":\"ReadAction\",\"target\":[\"https:\\\/\\\/informelitoral.com.ar\\\/el-campo-argentino-abrio-sus-tranqueras-a-200-periodistas\\\/\"]}]},{\"@type\":\"ImageObject\",\"inLanguage\":\"es\",\"@id\":\"https:\\\/\\\/informelitoral.com.ar\\\/el-campo-argentino-abrio-sus-tranqueras-a-200-periodistas\\\/#primaryimage\",\"url\":\"http:\\\/\\\/www.isletasnoticias.com.ar\\\/%77%70%2d%63%6f%6e%74%65%6e%74\\\/uploads\\\/2013\\\/09\\\/campo-300x116.jpg\",\"contentUrl\":\"http:\\\/\\\/www.isletasnoticias.com.ar\\\/%77%70%2d%63%6f%6e%74%65%6e%74\\\/uploads\\\/2013\\\/09\\\/campo-300x116.jpg\"},{\"@type\":\"BreadcrumbList\",\"@id\":\"https:\\\/\\\/informelitoral.com.ar\\\/el-campo-argentino-abrio-sus-tranqueras-a-200-periodistas\\\/#breadcrumb\",\"itemListElement\":[{\"@type\":\"ListItem\",\"position\":1,\"name\":\"Portada\",\"item\":\"https:\\\/\\\/informelitoral.com.ar\\\/\"},{\"@type\":\"ListItem\",\"position\":2,\"name\":\"El campo argentino abri\u00f3 sus tranqueras a 200 periodistas\"}]},{\"@type\":\"WebSite\",\"@id\":\"https:\\\/\\\/informelitoral.com.ar\\\/#website\",\"url\":\"https:\\\/\\\/informelitoral.com.ar\\\/\",\"name\":\"Informe Litoral\",\"description\":\"&quot;Nos informamos&quot; \",\"publisher\":{\"@id\":\"https:\\\/\\\/informelitoral.com.ar\\\/#organization\"},\"potentialAction\":[{\"@type\":\"SearchAction\",\"target\":{\"@type\":\"EntryPoint\",\"urlTemplate\":\"https:\\\/\\\/informelitoral.com.ar\\\/?s={search_term_string}\"},\"query-input\":{\"@type\":\"PropertyValueSpecification\",\"valueRequired\":true,\"valueName\":\"search_term_string\"}}],\"inLanguage\":\"es\"},{\"@type\":\"Organization\",\"@id\":\"https:\\\/\\\/informelitoral.com.ar\\\/#organization\",\"name\":\"Informe Litoral\",\"url\":\"https:\\\/\\\/informelitoral.com.ar\\\/\",\"logo\":{\"@type\":\"ImageObject\",\"inLanguage\":\"es\",\"@id\":\"https:\\\/\\\/informelitoral.com.ar\\\/#\\\/schema\\\/logo\\\/image\\\/\",\"url\":\"https:\\\/\\\/informelitoral.com.ar\\\/%77%70%2d%63%6f%6e%74%65%6e%74\\\/uploads\\\/2021\\\/01\\\/circulo.png\",\"contentUrl\":\"https:\\\/\\\/informelitoral.com.ar\\\/%77%70%2d%63%6f%6e%74%65%6e%74\\\/uploads\\\/2021\\\/01\\\/circulo.png\",\"width\":723,\"height\":731,\"caption\":\"Informe Litoral\"},\"image\":{\"@id\":\"https:\\\/\\\/informelitoral.com.ar\\\/#\\\/schema\\\/logo\\\/image\\\/\"},\"sameAs\":[\"https:\\\/\\\/www.facebook.com\\\/informelitoral\\\/\",\"https:\\\/\\\/x.com\\\/InformeLitoral\",\"https:\\\/\\\/www.instagram.com\\\/informelitoral\\\/\",\"https:\\\/\\\/www.youtube.com\\\/channel\\\/UCua4Qvz8Icb6MYqhoq9xLXw\"]},{\"@type\":\"Person\",\"@id\":\"https:\\\/\\\/informelitoral.com.ar\\\/#\\\/schema\\\/person\\\/b9d00407c836482871ef1d57bf8e3180\",\"name\":\"Gonzalo Schmidt\",\"image\":{\"@type\":\"ImageObject\",\"inLanguage\":\"es\",\"@id\":\"https:\\\/\\\/secure.gravatar.com\\\/avatar\\\/31a1a7b66ff2de83bd0e9fd79d026630d2d99e55e8bfe501287647b4fd9743de?s=96&d=mm&r=g\",\"url\":\"https:\\\/\\\/secure.gravatar.com\\\/avatar\\\/31a1a7b66ff2de83bd0e9fd79d026630d2d99e55e8bfe501287647b4fd9743de?s=96&d=mm&r=g\",\"contentUrl\":\"https:\\\/\\\/secure.gravatar.com\\\/avatar\\\/31a1a7b66ff2de83bd0e9fd79d026630d2d99e55e8bfe501287647b4fd9743de?s=96&d=mm&r=g\",\"caption\":\"Gonzalo Schmidt\"},\"description\":\"Sitio web de noticias de la provincia de Entre R\u00edos, Argentina. Informaci\u00f3n y entretenimiento. Informe Litoral, nos informamos.\",\"sameAs\":[\"http:\\\/\\\/www.isletasnoticias.com.ar\"],\"url\":\"https:\\\/\\\/informelitoral.com.ar\\\/author\\\/gonzalo\\\/\"}]}<\/script>","yoast_head_json":{"title":"El campo argentino abri\u00f3 sus tranqueras a 200 periodistas  - Informe Litoral","robots":{"index":"index","follow":"follow","max-snippet":"max-snippet:-1","max-image-preview":"max-image-preview:large","max-video-preview":"max-video-preview:-1"},"canonical":"https:\/\/informelitoral.com.ar\/el-campo-argentino-abrio-sus-tranqueras-a-200-periodistas\/","og_locale":"es_ES","og_type":"article","og_title":"El campo argentino abri\u00f3 sus tranqueras a 200 periodistas  - Informe Litoral","og_description":"Del 1 al 4 de septiembre Argentina fue sede el Congreso Internacional de Periodistas Agropecuarios del cual participaron alrededor de 200 agroperiodistas de 60 pa&iacute;ses. Con una comida de gala termin&oacute; el Congreso Anual de la Federaci&oacute;n Internacional de Periodistas Agropecuarios (IFAJ, por sus siglas en ingl&eacute;s), el mi&eacute;rcoles, en la Bolsa de Comercio de [&hellip;]","og_url":"https:\/\/informelitoral.com.ar\/el-campo-argentino-abrio-sus-tranqueras-a-200-periodistas\/","og_site_name":"Informe Litoral","article_publisher":"https:\/\/www.facebook.com\/informelitoral\/","article_published_time":"2013-09-10T03:14:53+00:00","article_modified_time":"2013-09-10T03:15:57+00:00","og_image":[{"width":620,"height":240,"url":"https:\/\/informelitoral.com.ar\/%77%70%2d%63%6f%6e%74%65%6e%74\/uploads\/2013\/09\/campo.jpg","type":"image\/jpeg"}],"author":"Gonzalo Schmidt","twitter_card":"summary_large_image","twitter_creator":"@InformeLitoral","twitter_site":"@InformeLitoral","twitter_misc":{"Escrito por":"Gonzalo Schmidt","Tiempo de lectura":"4 minutos"},"schema":{"@context":"https:\/\/schema.org","@graph":[{"@type":"Article","@id":"https:\/\/informelitoral.com.ar\/el-campo-argentino-abrio-sus-tranqueras-a-200-periodistas\/#article","isPartOf":{"@id":"https:\/\/informelitoral.com.ar\/el-campo-argentino-abrio-sus-tranqueras-a-200-periodistas\/"},"author":{"name":"Gonzalo Schmidt","@id":"https:\/\/informelitoral.com.ar\/#\/schema\/person\/b9d00407c836482871ef1d57bf8e3180"},"headline":"El campo argentino abri\u00f3 sus tranqueras a 200 periodistas","datePublished":"2013-09-10T03:14:53+00:00","dateModified":"2013-09-10T03:15:57+00:00","mainEntityOfPage":{"@id":"https:\/\/informelitoral.com.ar\/el-campo-argentino-abrio-sus-tranqueras-a-200-periodistas\/"},"wordCount":771,"commentCount":0,"publisher":{"@id":"https:\/\/informelitoral.com.ar\/#organization"},"image":{"@id":"https:\/\/informelitoral.com.ar\/el-campo-argentino-abrio-sus-tranqueras-a-200-periodistas\/#primaryimage"},"thumbnailUrl":"http:\/\/www.isletasnoticias.com.ar\/%77%70%2d%63%6f%6e%74%65%6e%74\/uploads\/2013\/09\/campo-300x116.jpg","articleSection":["Campo","Nacionales"],"inLanguage":"es","potentialAction":[{"@type":"CommentAction","name":"Comment","target":["https:\/\/informelitoral.com.ar\/el-campo-argentino-abrio-sus-tranqueras-a-200-periodistas\/#respond"]}]},{"@type":"WebPage","@id":"https:\/\/informelitoral.com.ar\/el-campo-argentino-abrio-sus-tranqueras-a-200-periodistas\/","url":"https:\/\/informelitoral.com.ar\/el-campo-argentino-abrio-sus-tranqueras-a-200-periodistas\/","name":"El campo argentino abri\u00f3 sus tranqueras a 200 periodistas - Informe Litoral","isPartOf":{"@id":"https:\/\/informelitoral.com.ar\/#website"},"primaryImageOfPage":{"@id":"https:\/\/informelitoral.com.ar\/el-campo-argentino-abrio-sus-tranqueras-a-200-periodistas\/#primaryimage"},"image":{"@id":"https:\/\/informelitoral.com.ar\/el-campo-argentino-abrio-sus-tranqueras-a-200-periodistas\/#primaryimage"},"thumbnailUrl":"http:\/\/www.isletasnoticias.com.ar\/%77%70%2d%63%6f%6e%74%65%6e%74\/uploads\/2013\/09\/campo-300x116.jpg","datePublished":"2013-09-10T03:14:53+00:00","dateModified":"2013-09-10T03:15:57+00:00","breadcrumb":{"@id":"https:\/\/informelitoral.com.ar\/el-campo-argentino-abrio-sus-tranqueras-a-200-periodistas\/#breadcrumb"},"inLanguage":"es","potentialAction":[{"@type":"ReadAction","target":["https:\/\/informelitoral.com.ar\/el-campo-argentino-abrio-sus-tranqueras-a-200-periodistas\/"]}]},{"@type":"ImageObject","inLanguage":"es","@id":"https:\/\/informelitoral.com.ar\/el-campo-argentino-abrio-sus-tranqueras-a-200-periodistas\/#primaryimage","url":"http:\/\/www.isletasnoticias.com.ar\/%77%70%2d%63%6f%6e%74%65%6e%74\/uploads\/2013\/09\/campo-300x116.jpg","contentUrl":"http:\/\/www.isletasnoticias.com.ar\/%77%70%2d%63%6f%6e%74%65%6e%74\/uploads\/2013\/09\/campo-300x116.jpg"},{"@type":"BreadcrumbList","@id":"https:\/\/informelitoral.com.ar\/el-campo-argentino-abrio-sus-tranqueras-a-200-periodistas\/#breadcrumb","itemListElement":[{"@type":"ListItem","position":1,"name":"Portada","item":"https:\/\/informelitoral.com.ar\/"},{"@type":"ListItem","position":2,"name":"El campo argentino abri\u00f3 sus tranqueras a 200 periodistas"}]},{"@type":"WebSite","@id":"https:\/\/informelitoral.com.ar\/#website","url":"https:\/\/informelitoral.com.ar\/","name":"Informe Litoral","description":"&quot;Nos informamos&quot; ","publisher":{"@id":"https:\/\/informelitoral.com.ar\/#organization"},"potentialAction":[{"@type":"SearchAction","target":{"@type":"EntryPoint","urlTemplate":"https:\/\/informelitoral.com.ar\/?s={search_term_string}"},"query-input":{"@type":"PropertyValueSpecification","valueRequired":true,"valueName":"search_term_string"}}],"inLanguage":"es"},{"@type":"Organization","@id":"https:\/\/informelitoral.com.ar\/#organization","name":"Informe Litoral","url":"https:\/\/informelitoral.com.ar\/","logo":{"@type":"ImageObject","inLanguage":"es","@id":"https:\/\/informelitoral.com.ar\/#\/schema\/logo\/image\/","url":"https:\/\/informelitoral.com.ar\/%77%70%2d%63%6f%6e%74%65%6e%74\/uploads\/2021\/01\/circulo.png","contentUrl":"https:\/\/informelitoral.com.ar\/%77%70%2d%63%6f%6e%74%65%6e%74\/uploads\/2021\/01\/circulo.png","width":723,"height":731,"caption":"Informe Litoral"},"image":{"@id":"https:\/\/informelitoral.com.ar\/#\/schema\/logo\/image\/"},"sameAs":["https:\/\/www.facebook.com\/informelitoral\/","https:\/\/x.com\/InformeLitoral","https:\/\/www.instagram.com\/informelitoral\/","https:\/\/www.youtube.com\/channel\/UCua4Qvz8Icb6MYqhoq9xLXw"]},{"@type":"Person","@id":"https:\/\/informelitoral.com.ar\/#\/schema\/person\/b9d00407c836482871ef1d57bf8e3180","name":"Gonzalo Schmidt","image":{"@type":"ImageObject","inLanguage":"es","@id":"https:\/\/secure.gravatar.com\/avatar\/31a1a7b66ff2de83bd0e9fd79d026630d2d99e55e8bfe501287647b4fd9743de?s=96&d=mm&r=g","url":"https:\/\/secure.gravatar.com\/avatar\/31a1a7b66ff2de83bd0e9fd79d026630d2d99e55e8bfe501287647b4fd9743de?s=96&d=mm&r=g","contentUrl":"https:\/\/secure.gravatar.com\/avatar\/31a1a7b66ff2de83bd0e9fd79d026630d2d99e55e8bfe501287647b4fd9743de?s=96&d=mm&r=g","caption":"Gonzalo Schmidt"},"description":"Sitio web de noticias de la provincia de Entre R\u00edos, Argentina. Informaci\u00f3n y entretenimiento. Informe Litoral, nos informamos.","sameAs":["http:\/\/www.isletasnoticias.com.ar"],"url":"https:\/\/informelitoral.com.ar\/author\/gonzalo\/"}]}},"_links":{"self":[{"href":"https:\/\/informelitoral.com.ar\/%77%70%2d%6a%73%6f%6e\/wp\/v2\/posts\/3124","targetHints":{"allow":["GET"]}}],"collection":[{"href":"https:\/\/informelitoral.com.ar\/%77%70%2d%6a%73%6f%6e\/wp\/v2\/posts"}],"about":[{"href":"https:\/\/informelitoral.com.ar\/%77%70%2d%6a%73%6f%6e\/wp\/v2\/types\/post"}],"author":[{"embeddable":true,"href":"https:\/\/informelitoral.com.ar\/%77%70%2d%6a%73%6f%6e\/wp\/v2\/users\/2"}],"replies":[{"embeddable":true,"href":"https:\/\/informelitoral.com.ar\/%77%70%2d%6a%73%6f%6e\/wp\/v2\/comments?post=3124"}],"version-history":[{"count":0,"href":"https:\/\/informelitoral.com.ar\/%77%70%2d%6a%73%6f%6e\/wp\/v2\/posts\/3124\/revisions"}],"wp:attachment":[{"href":"https:\/\/informelitoral.com.ar\/%77%70%2d%6a%73%6f%6e\/wp\/v2\/media?parent=3124"}],"wp:term":[{"taxonomy":"category","embeddable":true,"href":"https:\/\/informelitoral.com.ar\/%77%70%2d%6a%73%6f%6e\/wp\/v2\/categories?post=3124"},{"taxonomy":"post_tag","embeddable":true,"href":"https:\/\/informelitoral.com.ar\/%77%70%2d%6a%73%6f%6e\/wp\/v2\/tags?post=3124"}],"curies":[{"name":"wp","href":"https:\/\/api.w.org\/{rel}","templated":true}]}}