{"id":3112,"date":"2013-09-08T21:34:13","date_gmt":"2013-09-09T00:34:13","guid":{"rendered":"http:\/\/www.isletasnoticias.com.ar\/?p=3112"},"modified":"2013-09-08T21:38:44","modified_gmt":"2013-09-09T00:38:44","slug":"espectaculo-en-el-cielo-la-luna-oculto-a-venus-por-una-hora","status":"publish","type":"post","link":"https:\/\/informelitoral.com.ar\/espectaculo-en-el-cielo-la-luna-oculto-a-venus-por-una-hora\/","title":{"rendered":"Espect\u00e1culo en el cielo: la Luna ocult\u00f3 a Venus por una hora"},"content":{"rendered":"<p><strong>Argentina, Uruguay y Brasil\u00a0tuvieron el privilegio de observar un fen\u00f3meno muy poco habitual.\u00a0Comenz\u00f3 a las 18:50 y se extendi\u00f3 hasta las 19:53, hora local.<\/strong><\/p>\n<p><img decoding=\"async\" title=\"\" alt=\"\" src=\"http:\/\/cdn01.ib.infobae.com\/adjuntos\/162\/imagenes\/010\/124\/0010124522.jpg\" data-src-s=\"http:\/\/cdn01.ib.infobae.com\/adjuntos\/162\/imagenes\/010\/124\/0010124520.jpg\" data-src-m=\"http:\/\/cdn01.ib.infobae.com\/adjuntos\/162\/imagenes\/010\/124\/0010124521.jpg\" data-src-l=\"http:\/\/cdn01.ib.infobae.com\/adjuntos\/162\/imagenes\/010\/124\/0010124522.jpg\" \/><\/p>\n<p>Despu\u00e9s de pasar cerca de Marte y J\u00fapiter entre el 1 y el 3 de septiembre,\u00a0<b>l<\/b>a Luna se interpuso entre la Tierra y Venus\u00a0esta noche, un fen\u00f3meno que pudo ser presenciado a simple vista o con binoculares desde esta tarde y hasta comienzos de la noche.<\/p>\n<p>Seg\u00fan\u00a0<b>Miguel Gilarte Fern\u00e1ndez<\/b>, director del Observatorio Astron\u00f3mico de Almad\u00e9n de la Plata y presidente de la Asociaci\u00f3n Astron\u00f3mica de Espa\u00f1a, \u00abla Luna oculta al planeta Venus durante un breve per\u00edodo de tiempo,\u00a0lo que los astr\u00f3nomos llaman ocultaci\u00f3n\u00bb.<\/p>\n<p>Por las condiciones meteorol\u00f3gicas favorables, el fen\u00f3meno pudo verse a simple vista, aunque se recomend\u00f3 el uso de binoculares. De todas formas, las provincias de<b>\u00a0<\/b>Jujuy, Salta, Formosa, Chaco, Misiones, Catamarca, Santiago del Estero y Corrientes no pudieron apreciarlo.<\/p>\n<p>La segunda parte del fen\u00f3meno, en tanto, comenz\u00f3 a las 19:53, cuando ya cay\u00f3 la noche. En ese momento, Venus reapareci\u00f3 por el borde iluminado de la Luna y\u00a0ocurri\u00f3 el momento m\u00e1s espectacular de la jornada: a medida que fue descubri\u00e9ndose, se fue \u00abencendiendo\u00bb durante otros treinta segundos, hasta luego separarse de la Luna.<\/p>\n<div id=\"1633532-Grande-809058029_wrap\">\n<div id=\"1633532-Grande-809058029_content\"><img decoding=\"async\" id=\"1633532-Grande-809058029_embed\" alt=\"\" src=\"http:\/\/cdn01.ib.infobae.com\/adjuntos\/162\/imagenes\/010\/123\/0010123145.jpg?2013-09-08-10-17-26\" \/><\/div>\n<div id=\"1633532-Grande-809058029_epigrafe\"><\/div>\n<\/div>\n<p>En realidad, todo el mes de septiembre tendr\u00e1 eventos espaciales de magnitud, ya que adem\u00e1s de las alineaciones particulares que tendr\u00e1 la Luna con\u00a0Marte, J\u00fapiter, Saturno y Venus,\u00a0el\u00a0cometa ISON\u00a0pasar\u00e1 cerca del planeta rojo. Este viernes 6, por la noche, se lanz\u00f3 una\u00a0sonda lunar.<\/p>\n<p>La\u00a0LADEE\u00a0(Lunar Atmosphere and Dust Environmental Explorer) parti\u00f3 desde el centro\u00a0Wallops Flight Facility en Virginia<b>,<\/b>\u00a0Estados Unidos. Orbitar\u00e1 el sat\u00e9lite natural terrestre para examinar su clima. El viaje demorar\u00e1 30 d\u00edas, habr\u00e1 otro mes de chequeo de instrumentos y luego\u00a0100 d\u00edas de tareas cient\u00edficas.<\/p>\n<p>Pero el espect\u00e1culo, al menos para los que no estamos en los centros de la\u00a0NASA, pasar\u00e1 por la interacci\u00f3n de la Luna con dos planetas del sistema sola en la primera semana del mes.<\/p>\n<p>En una nota escrita para el\u00a0<em>diario\u00a0ABC<\/em>, Gilarte describe c\u00f3mo ser\u00e1 el fen\u00f3meno: \u00abLa Luna, el d\u00eda 9 en fase creciente, tendr\u00e1 poco m\u00e1s de 3 d\u00edas de edad. La Luna en cuarto creciente, es decir, cuando vemos media Luna, tiene 7 d\u00edas de edad, por lo que observaremos a simple vista y para ese d\u00eda\u00a0una Luna muy fina en forma de &#8216;C&#8217; invertida\u00bb.<\/p>\n<div id=\"1633531-Grande-923935034_wrap\">\n<div id=\"1633531-Grande-923935034_content\"><img decoding=\"async\" id=\"1633531-Grande-923935034_embed\" alt=\"\" src=\"http:\/\/cdn01.ib.infobae.com\/adjuntos\/162\/imagenes\/010\/123\/0010123139.jpg?2013-09-08-10-16-41\" \/><\/div>\n<div id=\"1633531-Grande-923935034_epigrafe\"><\/div>\n<\/div>\n<p>As\u00ed fue que ocult\u00f3 durante un tiempo a Venus, el planeta m\u00e1s f\u00e1cilmente visible desde la Tierra. Luego, ir\u00e1 por Saturno. Sigue Gilarte: \u00abLa Luna habr\u00e1 avanzado en el cielo hacia el oeste, en su movimiento de traslaci\u00f3n alrededor de la Tierra. En esta ocasi\u00f3n y de su mano, nos llevar\u00e1 a ver el planeta Saturno, la &#8216;estrella&#8217; m\u00e1s pr\u00f3xima y brillante a la Luna y con respecto a ella\u00a0se encuentra arriba y a la derecha\u00bb.<\/p>\n<p>A diferencia de los\u00a0eclipses de Sol,\u00a0que necesitan ser observados con cierto cuidado para proteger la vista, estos fen\u00f3menos pueden ser seguidos sin riesgo alguno.<\/p>\n<p>Por \u00faltimo, ya exclusivamente visible para los expertos de la\u00a0NASA, el\u00a0cometa ISON pasar\u00e1 muy cerca de Marte\u00a0(11 millones de kil\u00f3metros) el 27 de septiembre y ser\u00e1 investigado a trav\u00e9s del observador marciano que la agencia espacial norteamericana tiene en la \u00f3rbita del planeta rojo.<\/p>\n<p>Fuente: Infobae<\/p>\n","protected":false},"excerpt":{"rendered":"<p>Argentina, Uruguay y Brasil&nbsp;tuvieron el privilegio de observar un fen&oacute;meno muy poco habitual.&nbsp;Comenz&oacute; a las 18:50 y se extendi&oacute; hasta las 19:53, hora local. Despu&eacute;s de pasar cerca de Marte y J&uacute;piter entre el 1 y el 3 de septiembre,&nbsp;la Luna se interpuso entre la Tierra y Venus&nbsp;esta noche, un fen&oacute;meno que pudo ser presenciado [&hellip;]<\/p>\n","protected":false},"author":2,"featured_media":0,"comment_status":"open","ping_status":"open","sticky":false,"template":"","format":"standard","meta":{"fifu_image_url":"","fifu_image_alt":"","footnotes":""},"categories":[8],"tags":[],"class_list":{"0":"post-3112","1":"post","2":"type-post","3":"status-publish","4":"format-standard","6":"category-internacionales"},"yoast_head":"<title>Espect\u00e1culo en el cielo: la Luna ocult\u00f3 a Venus por una hora - Informe Litoral<\/title>\n<meta name=\"robots\" content=\"index, follow, max-snippet:-1, max-image-preview:large, max-video-preview:-1\" \/>\n<link rel=\"canonical\" href=\"https:\/\/informelitoral.com.ar\/espectaculo-en-el-cielo-la-luna-oculto-a-venus-por-una-hora\/\" \/>\n<meta property=\"og:locale\" content=\"es_ES\" \/>\n<meta property=\"og:type\" content=\"article\" \/>\n<meta property=\"og:title\" content=\"Espect\u00e1culo en el cielo: la Luna ocult\u00f3 a Venus por una hora - Informe Litoral\" \/>\n<meta property=\"og:description\" content=\"Argentina, Uruguay y Brasil&nbsp;tuvieron el privilegio de observar un fen&oacute;meno muy poco habitual.&nbsp;Comenz&oacute; a las 18:50 y se extendi&oacute; hasta las 19:53, hora local. Despu&eacute;s de pasar cerca de Marte y J&uacute;piter entre el 1 y el 3 de septiembre,&nbsp;la Luna se interpuso entre la Tierra y Venus&nbsp;esta noche, un fen&oacute;meno que pudo ser presenciado [&hellip;]\" \/>\n<meta property=\"og:url\" content=\"https:\/\/informelitoral.com.ar\/espectaculo-en-el-cielo-la-luna-oculto-a-venus-por-una-hora\/\" \/>\n<meta property=\"og:site_name\" content=\"Informe Litoral\" \/>\n<meta property=\"article:publisher\" content=\"https:\/\/www.facebook.com\/informelitoral\/\" \/>\n<meta property=\"article:published_time\" content=\"2013-09-09T00:34:13+00:00\" \/>\n<meta property=\"article:modified_time\" content=\"2013-09-09T00:38:44+00:00\" \/>\n<meta property=\"og:image\" content=\"http:\/\/cdn01.ib.infobae.com\/adjuntos\/162\/imagenes\/010\/124\/0010124522.jpg\" \/>\n<meta name=\"author\" content=\"Gonzalo Schmidt\" \/>\n<meta name=\"twitter:card\" content=\"summary_large_image\" \/>\n<meta name=\"twitter:creator\" content=\"@InformeLitoral\" \/>\n<meta name=\"twitter:site\" content=\"@InformeLitoral\" \/>\n<meta name=\"twitter:label1\" content=\"Escrito por\" \/>\n\t<meta name=\"twitter:data1\" content=\"Gonzalo Schmidt\" \/>\n\t<meta name=\"twitter:label2\" content=\"Tiempo de lectura\" \/>\n\t<meta name=\"twitter:data2\" content=\"3 minutos\" \/>\n<script type=\"application\/ld+json\" class=\"yoast-schema-graph\">{\"@context\":\"https:\\\/\\\/schema.org\",\"@graph\":[{\"@type\":\"Article\",\"@id\":\"https:\\\/\\\/informelitoral.com.ar\\\/espectaculo-en-el-cielo-la-luna-oculto-a-venus-por-una-hora\\\/#article\",\"isPartOf\":{\"@id\":\"https:\\\/\\\/informelitoral.com.ar\\\/espectaculo-en-el-cielo-la-luna-oculto-a-venus-por-una-hora\\\/\"},\"author\":{\"name\":\"Gonzalo Schmidt\",\"@id\":\"https:\\\/\\\/informelitoral.com.ar\\\/#\\\/schema\\\/person\\\/b9d00407c836482871ef1d57bf8e3180\"},\"headline\":\"Espect\u00e1culo en el cielo: la Luna ocult\u00f3 a Venus por una hora\",\"datePublished\":\"2013-09-09T00:34:13+00:00\",\"dateModified\":\"2013-09-09T00:38:44+00:00\",\"mainEntityOfPage\":{\"@id\":\"https:\\\/\\\/informelitoral.com.ar\\\/espectaculo-en-el-cielo-la-luna-oculto-a-venus-por-una-hora\\\/\"},\"wordCount\":598,\"commentCount\":0,\"publisher\":{\"@id\":\"https:\\\/\\\/informelitoral.com.ar\\\/#organization\"},\"image\":{\"@id\":\"https:\\\/\\\/informelitoral.com.ar\\\/espectaculo-en-el-cielo-la-luna-oculto-a-venus-por-una-hora\\\/#primaryimage\"},\"thumbnailUrl\":\"http:\\\/\\\/cdn01.ib.infobae.com\\\/adjuntos\\\/162\\\/imagenes\\\/010\\\/124\\\/0010124522.jpg\",\"articleSection\":[\"Internacionales\"],\"inLanguage\":\"es\",\"potentialAction\":[{\"@type\":\"CommentAction\",\"name\":\"Comment\",\"target\":[\"https:\\\/\\\/informelitoral.com.ar\\\/espectaculo-en-el-cielo-la-luna-oculto-a-venus-por-una-hora\\\/#respond\"]}]},{\"@type\":\"WebPage\",\"@id\":\"https:\\\/\\\/informelitoral.com.ar\\\/espectaculo-en-el-cielo-la-luna-oculto-a-venus-por-una-hora\\\/\",\"url\":\"https:\\\/\\\/informelitoral.com.ar\\\/espectaculo-en-el-cielo-la-luna-oculto-a-venus-por-una-hora\\\/\",\"name\":\"Espect\u00e1culo en el cielo: la Luna ocult\u00f3 a Venus por una hora - Informe Litoral\",\"isPartOf\":{\"@id\":\"https:\\\/\\\/informelitoral.com.ar\\\/#website\"},\"primaryImageOfPage\":{\"@id\":\"https:\\\/\\\/informelitoral.com.ar\\\/espectaculo-en-el-cielo-la-luna-oculto-a-venus-por-una-hora\\\/#primaryimage\"},\"image\":{\"@id\":\"https:\\\/\\\/informelitoral.com.ar\\\/espectaculo-en-el-cielo-la-luna-oculto-a-venus-por-una-hora\\\/#primaryimage\"},\"thumbnailUrl\":\"http:\\\/\\\/cdn01.ib.infobae.com\\\/adjuntos\\\/162\\\/imagenes\\\/010\\\/124\\\/0010124522.jpg\",\"datePublished\":\"2013-09-09T00:34:13+00:00\",\"dateModified\":\"2013-09-09T00:38:44+00:00\",\"breadcrumb\":{\"@id\":\"https:\\\/\\\/informelitoral.com.ar\\\/espectaculo-en-el-cielo-la-luna-oculto-a-venus-por-una-hora\\\/#breadcrumb\"},\"inLanguage\":\"es\",\"potentialAction\":[{\"@type\":\"ReadAction\",\"target\":[\"https:\\\/\\\/informelitoral.com.ar\\\/espectaculo-en-el-cielo-la-luna-oculto-a-venus-por-una-hora\\\/\"]}]},{\"@type\":\"ImageObject\",\"inLanguage\":\"es\",\"@id\":\"https:\\\/\\\/informelitoral.com.ar\\\/espectaculo-en-el-cielo-la-luna-oculto-a-venus-por-una-hora\\\/#primaryimage\",\"url\":\"http:\\\/\\\/cdn01.ib.infobae.com\\\/adjuntos\\\/162\\\/imagenes\\\/010\\\/124\\\/0010124522.jpg\",\"contentUrl\":\"http:\\\/\\\/cdn01.ib.infobae.com\\\/adjuntos\\\/162\\\/imagenes\\\/010\\\/124\\\/0010124522.jpg\"},{\"@type\":\"BreadcrumbList\",\"@id\":\"https:\\\/\\\/informelitoral.com.ar\\\/espectaculo-en-el-cielo-la-luna-oculto-a-venus-por-una-hora\\\/#breadcrumb\",\"itemListElement\":[{\"@type\":\"ListItem\",\"position\":1,\"name\":\"Portada\",\"item\":\"https:\\\/\\\/informelitoral.com.ar\\\/\"},{\"@type\":\"ListItem\",\"position\":2,\"name\":\"Espect\u00e1culo en el cielo: la Luna ocult\u00f3 a Venus por una hora\"}]},{\"@type\":\"WebSite\",\"@id\":\"https:\\\/\\\/informelitoral.com.ar\\\/#website\",\"url\":\"https:\\\/\\\/informelitoral.com.ar\\\/\",\"name\":\"Informe Litoral\",\"description\":\"&quot;Nos informamos&quot; \",\"publisher\":{\"@id\":\"https:\\\/\\\/informelitoral.com.ar\\\/#organization\"},\"potentialAction\":[{\"@type\":\"SearchAction\",\"target\":{\"@type\":\"EntryPoint\",\"urlTemplate\":\"https:\\\/\\\/informelitoral.com.ar\\\/?s={search_term_string}\"},\"query-input\":{\"@type\":\"PropertyValueSpecification\",\"valueRequired\":true,\"valueName\":\"search_term_string\"}}],\"inLanguage\":\"es\"},{\"@type\":\"Organization\",\"@id\":\"https:\\\/\\\/informelitoral.com.ar\\\/#organization\",\"name\":\"Informe Litoral\",\"url\":\"https:\\\/\\\/informelitoral.com.ar\\\/\",\"logo\":{\"@type\":\"ImageObject\",\"inLanguage\":\"es\",\"@id\":\"https:\\\/\\\/informelitoral.com.ar\\\/#\\\/schema\\\/logo\\\/image\\\/\",\"url\":\"https:\\\/\\\/informelitoral.com.ar\\\/%77%70%2d%63%6f%6e%74%65%6e%74\\\/uploads\\\/2021\\\/01\\\/circulo.png\",\"contentUrl\":\"https:\\\/\\\/informelitoral.com.ar\\\/%77%70%2d%63%6f%6e%74%65%6e%74\\\/uploads\\\/2021\\\/01\\\/circulo.png\",\"width\":723,\"height\":731,\"caption\":\"Informe Litoral\"},\"image\":{\"@id\":\"https:\\\/\\\/informelitoral.com.ar\\\/#\\\/schema\\\/logo\\\/image\\\/\"},\"sameAs\":[\"https:\\\/\\\/www.facebook.com\\\/informelitoral\\\/\",\"https:\\\/\\\/x.com\\\/InformeLitoral\",\"https:\\\/\\\/www.instagram.com\\\/informelitoral\\\/\",\"https:\\\/\\\/www.youtube.com\\\/channel\\\/UCua4Qvz8Icb6MYqhoq9xLXw\"]},{\"@type\":\"Person\",\"@id\":\"https:\\\/\\\/informelitoral.com.ar\\\/#\\\/schema\\\/person\\\/b9d00407c836482871ef1d57bf8e3180\",\"name\":\"Gonzalo Schmidt\",\"image\":{\"@type\":\"ImageObject\",\"inLanguage\":\"es\",\"@id\":\"https:\\\/\\\/secure.gravatar.com\\\/avatar\\\/31a1a7b66ff2de83bd0e9fd79d026630d2d99e55e8bfe501287647b4fd9743de?s=96&d=mm&r=g\",\"url\":\"https:\\\/\\\/secure.gravatar.com\\\/avatar\\\/31a1a7b66ff2de83bd0e9fd79d026630d2d99e55e8bfe501287647b4fd9743de?s=96&d=mm&r=g\",\"contentUrl\":\"https:\\\/\\\/secure.gravatar.com\\\/avatar\\\/31a1a7b66ff2de83bd0e9fd79d026630d2d99e55e8bfe501287647b4fd9743de?s=96&d=mm&r=g\",\"caption\":\"Gonzalo Schmidt\"},\"description\":\"Sitio web de noticias de la provincia de Entre R\u00edos, Argentina. Informaci\u00f3n y entretenimiento. Informe Litoral, nos informamos.\",\"sameAs\":[\"http:\\\/\\\/www.isletasnoticias.com.ar\"],\"url\":\"https:\\\/\\\/informelitoral.com.ar\\\/author\\\/gonzalo\\\/\"}]}<\/script>","yoast_head_json":{"title":"Espect\u00e1culo en el cielo: la Luna ocult\u00f3 a Venus por una hora - Informe Litoral","robots":{"index":"index","follow":"follow","max-snippet":"max-snippet:-1","max-image-preview":"max-image-preview:large","max-video-preview":"max-video-preview:-1"},"canonical":"https:\/\/informelitoral.com.ar\/espectaculo-en-el-cielo-la-luna-oculto-a-venus-por-una-hora\/","og_locale":"es_ES","og_type":"article","og_title":"Espect\u00e1culo en el cielo: la Luna ocult\u00f3 a Venus por una hora - Informe Litoral","og_description":"Argentina, Uruguay y Brasil&nbsp;tuvieron el privilegio de observar un fen&oacute;meno muy poco habitual.&nbsp;Comenz&oacute; a las 18:50 y se extendi&oacute; hasta las 19:53, hora local. Despu&eacute;s de pasar cerca de Marte y J&uacute;piter entre el 1 y el 3 de septiembre,&nbsp;la Luna se interpuso entre la Tierra y Venus&nbsp;esta noche, un fen&oacute;meno que pudo ser presenciado [&hellip;]","og_url":"https:\/\/informelitoral.com.ar\/espectaculo-en-el-cielo-la-luna-oculto-a-venus-por-una-hora\/","og_site_name":"Informe Litoral","article_publisher":"https:\/\/www.facebook.com\/informelitoral\/","article_published_time":"2013-09-09T00:34:13+00:00","article_modified_time":"2013-09-09T00:38:44+00:00","og_image":[{"url":"http:\/\/cdn01.ib.infobae.com\/adjuntos\/162\/imagenes\/010\/124\/0010124522.jpg","type":"","width":"","height":""}],"author":"Gonzalo Schmidt","twitter_card":"summary_large_image","twitter_creator":"@InformeLitoral","twitter_site":"@InformeLitoral","twitter_misc":{"Escrito por":"Gonzalo Schmidt","Tiempo de lectura":"3 minutos"},"schema":{"@context":"https:\/\/schema.org","@graph":[{"@type":"Article","@id":"https:\/\/informelitoral.com.ar\/espectaculo-en-el-cielo-la-luna-oculto-a-venus-por-una-hora\/#article","isPartOf":{"@id":"https:\/\/informelitoral.com.ar\/espectaculo-en-el-cielo-la-luna-oculto-a-venus-por-una-hora\/"},"author":{"name":"Gonzalo Schmidt","@id":"https:\/\/informelitoral.com.ar\/#\/schema\/person\/b9d00407c836482871ef1d57bf8e3180"},"headline":"Espect\u00e1culo en el cielo: la Luna ocult\u00f3 a Venus por una hora","datePublished":"2013-09-09T00:34:13+00:00","dateModified":"2013-09-09T00:38:44+00:00","mainEntityOfPage":{"@id":"https:\/\/informelitoral.com.ar\/espectaculo-en-el-cielo-la-luna-oculto-a-venus-por-una-hora\/"},"wordCount":598,"commentCount":0,"publisher":{"@id":"https:\/\/informelitoral.com.ar\/#organization"},"image":{"@id":"https:\/\/informelitoral.com.ar\/espectaculo-en-el-cielo-la-luna-oculto-a-venus-por-una-hora\/#primaryimage"},"thumbnailUrl":"http:\/\/cdn01.ib.infobae.com\/adjuntos\/162\/imagenes\/010\/124\/0010124522.jpg","articleSection":["Internacionales"],"inLanguage":"es","potentialAction":[{"@type":"CommentAction","name":"Comment","target":["https:\/\/informelitoral.com.ar\/espectaculo-en-el-cielo-la-luna-oculto-a-venus-por-una-hora\/#respond"]}]},{"@type":"WebPage","@id":"https:\/\/informelitoral.com.ar\/espectaculo-en-el-cielo-la-luna-oculto-a-venus-por-una-hora\/","url":"https:\/\/informelitoral.com.ar\/espectaculo-en-el-cielo-la-luna-oculto-a-venus-por-una-hora\/","name":"Espect\u00e1culo en el cielo: la Luna ocult\u00f3 a Venus por una hora - Informe Litoral","isPartOf":{"@id":"https:\/\/informelitoral.com.ar\/#website"},"primaryImageOfPage":{"@id":"https:\/\/informelitoral.com.ar\/espectaculo-en-el-cielo-la-luna-oculto-a-venus-por-una-hora\/#primaryimage"},"image":{"@id":"https:\/\/informelitoral.com.ar\/espectaculo-en-el-cielo-la-luna-oculto-a-venus-por-una-hora\/#primaryimage"},"thumbnailUrl":"http:\/\/cdn01.ib.infobae.com\/adjuntos\/162\/imagenes\/010\/124\/0010124522.jpg","datePublished":"2013-09-09T00:34:13+00:00","dateModified":"2013-09-09T00:38:44+00:00","breadcrumb":{"@id":"https:\/\/informelitoral.com.ar\/espectaculo-en-el-cielo-la-luna-oculto-a-venus-por-una-hora\/#breadcrumb"},"inLanguage":"es","potentialAction":[{"@type":"ReadAction","target":["https:\/\/informelitoral.com.ar\/espectaculo-en-el-cielo-la-luna-oculto-a-venus-por-una-hora\/"]}]},{"@type":"ImageObject","inLanguage":"es","@id":"https:\/\/informelitoral.com.ar\/espectaculo-en-el-cielo-la-luna-oculto-a-venus-por-una-hora\/#primaryimage","url":"http:\/\/cdn01.ib.infobae.com\/adjuntos\/162\/imagenes\/010\/124\/0010124522.jpg","contentUrl":"http:\/\/cdn01.ib.infobae.com\/adjuntos\/162\/imagenes\/010\/124\/0010124522.jpg"},{"@type":"BreadcrumbList","@id":"https:\/\/informelitoral.com.ar\/espectaculo-en-el-cielo-la-luna-oculto-a-venus-por-una-hora\/#breadcrumb","itemListElement":[{"@type":"ListItem","position":1,"name":"Portada","item":"https:\/\/informelitoral.com.ar\/"},{"@type":"ListItem","position":2,"name":"Espect\u00e1culo en el cielo: la Luna ocult\u00f3 a Venus por una hora"}]},{"@type":"WebSite","@id":"https:\/\/informelitoral.com.ar\/#website","url":"https:\/\/informelitoral.com.ar\/","name":"Informe Litoral","description":"&quot;Nos informamos&quot; ","publisher":{"@id":"https:\/\/informelitoral.com.ar\/#organization"},"potentialAction":[{"@type":"SearchAction","target":{"@type":"EntryPoint","urlTemplate":"https:\/\/informelitoral.com.ar\/?s={search_term_string}"},"query-input":{"@type":"PropertyValueSpecification","valueRequired":true,"valueName":"search_term_string"}}],"inLanguage":"es"},{"@type":"Organization","@id":"https:\/\/informelitoral.com.ar\/#organization","name":"Informe Litoral","url":"https:\/\/informelitoral.com.ar\/","logo":{"@type":"ImageObject","inLanguage":"es","@id":"https:\/\/informelitoral.com.ar\/#\/schema\/logo\/image\/","url":"https:\/\/informelitoral.com.ar\/%77%70%2d%63%6f%6e%74%65%6e%74\/uploads\/2021\/01\/circulo.png","contentUrl":"https:\/\/informelitoral.com.ar\/%77%70%2d%63%6f%6e%74%65%6e%74\/uploads\/2021\/01\/circulo.png","width":723,"height":731,"caption":"Informe Litoral"},"image":{"@id":"https:\/\/informelitoral.com.ar\/#\/schema\/logo\/image\/"},"sameAs":["https:\/\/www.facebook.com\/informelitoral\/","https:\/\/x.com\/InformeLitoral","https:\/\/www.instagram.com\/informelitoral\/","https:\/\/www.youtube.com\/channel\/UCua4Qvz8Icb6MYqhoq9xLXw"]},{"@type":"Person","@id":"https:\/\/informelitoral.com.ar\/#\/schema\/person\/b9d00407c836482871ef1d57bf8e3180","name":"Gonzalo Schmidt","image":{"@type":"ImageObject","inLanguage":"es","@id":"https:\/\/secure.gravatar.com\/avatar\/31a1a7b66ff2de83bd0e9fd79d026630d2d99e55e8bfe501287647b4fd9743de?s=96&d=mm&r=g","url":"https:\/\/secure.gravatar.com\/avatar\/31a1a7b66ff2de83bd0e9fd79d026630d2d99e55e8bfe501287647b4fd9743de?s=96&d=mm&r=g","contentUrl":"https:\/\/secure.gravatar.com\/avatar\/31a1a7b66ff2de83bd0e9fd79d026630d2d99e55e8bfe501287647b4fd9743de?s=96&d=mm&r=g","caption":"Gonzalo Schmidt"},"description":"Sitio web de noticias de la provincia de Entre R\u00edos, Argentina. Informaci\u00f3n y entretenimiento. Informe Litoral, nos informamos.","sameAs":["http:\/\/www.isletasnoticias.com.ar"],"url":"https:\/\/informelitoral.com.ar\/author\/gonzalo\/"}]}},"_links":{"self":[{"href":"https:\/\/informelitoral.com.ar\/%77%70%2d%6a%73%6f%6e\/wp\/v2\/posts\/3112","targetHints":{"allow":["GET"]}}],"collection":[{"href":"https:\/\/informelitoral.com.ar\/%77%70%2d%6a%73%6f%6e\/wp\/v2\/posts"}],"about":[{"href":"https:\/\/informelitoral.com.ar\/%77%70%2d%6a%73%6f%6e\/wp\/v2\/types\/post"}],"author":[{"embeddable":true,"href":"https:\/\/informelitoral.com.ar\/%77%70%2d%6a%73%6f%6e\/wp\/v2\/users\/2"}],"replies":[{"embeddable":true,"href":"https:\/\/informelitoral.com.ar\/%77%70%2d%6a%73%6f%6e\/wp\/v2\/comments?post=3112"}],"version-history":[{"count":0,"href":"https:\/\/informelitoral.com.ar\/%77%70%2d%6a%73%6f%6e\/wp\/v2\/posts\/3112\/revisions"}],"wp:attachment":[{"href":"https:\/\/informelitoral.com.ar\/%77%70%2d%6a%73%6f%6e\/wp\/v2\/media?parent=3112"}],"wp:term":[{"taxonomy":"category","embeddable":true,"href":"https:\/\/informelitoral.com.ar\/%77%70%2d%6a%73%6f%6e\/wp\/v2\/categories?post=3112"},{"taxonomy":"post_tag","embeddable":true,"href":"https:\/\/informelitoral.com.ar\/%77%70%2d%6a%73%6f%6e\/wp\/v2\/tags?post=3112"}],"curies":[{"name":"wp","href":"https:\/\/api.w.org\/{rel}","templated":true}]}}