{"id":3109,"date":"2013-09-08T21:20:40","date_gmt":"2013-09-09T00:20:40","guid":{"rendered":"http:\/\/www.isletasnoticias.com.ar\/?p=3109"},"modified":"2013-09-08T21:20:40","modified_gmt":"2013-09-09T00:20:40","slug":"opinion-la-agonia-de-la-farsa","status":"publish","type":"post","link":"https:\/\/informelitoral.com.ar\/opinion-la-agonia-de-la-farsa\/","title":{"rendered":"Opini\u00f3n: La agon\u00eda de la farsa"},"content":{"rendered":"<div>\n<div>-Por <strong>Rogelio Alaniz.<\/strong><\/div>\n<p><img loading=\"lazy\" decoding=\"async\" class=\"size-full wp-image-3110 alignright\" alt=\"rogelio alaniz\" src=\"http:\/\/www.isletasnoticias.com.ar\/%77%70%2d%63%6f%6e%74%65%6e%74\/uploads\/2013\/09\/rogelio-alaniz.jpg\" width=\"300\" height=\"274\" \/><\/p>\n<div><\/div>\n<\/div>\n<div>\u201cCuando many\u00e9s que a tu lado se prueban la ropa que vas a dejar\u201d. Enrique Santos Disc\u00e9polo<\/div>\n<div><\/div>\n<div>El 11 de agosto no se eligieron candidatos internos y el 27 de octubre no se elegir\u00e1n diputados o senadores. En todos los casos, lo que se decide en las urnas no est\u00e1 en 2013 sino en 2015. Formalmente Massa compiti\u00f3 contra Insaurralde, pero en la realidad todos sabemos que compiti\u00f3 contra la se\u00f1ora. El intendente de Lomas de Zamora es un pretexto, una excusa, una soberana insignificancia colocada en ese lugar para resaltar el significado de Ella. Si por esos azares del destino hubiera ganado en agosto, la victoria hubiera sido de la se\u00f1ora, no de \u00e9l. Como perdi\u00f3, la derrota tampoco le pertenece. \u00bfY si no le pertenece a \u00e9l, a qui\u00e9n le pertenecer\u00e1? Muy bien, acertaron.<\/div>\n<div><\/div>\n<div>No est\u00e1 bien que en un pa\u00eds se convoque a votar por una cosa, pero lo que se decida sea otra. Que se llame a votar por Insaurralde, cuando en realidad se est\u00e1 votando por Ella. Que se le diga a la gente que hay que elegir diputados para 2013, cuando est\u00e1n eligiendo candidatos para 2015. En un pa\u00eds donde el Poder Legislativo importa, en octubre deber\u00eda debatirse acerca de la calidad de los legisladores y no sobre la de los futuros candidatos presidenciales. En un pa\u00eds serio no se saltean las exigencias institucionales del presente para atender las supuestas urgencias del futuro.<\/div>\n<div><\/div>\n<div>En elecciones convocadas para dirimir candidatos internos gracias a una ley que el oficialismo reivindica como propia, lo que predomin\u00f3 fue la cultura del dedo. Ni deliberaci\u00f3n, ni democracia interna, ni construcci\u00f3n popular desde las bases. Dedo. Dedo de la se\u00f1ora, y sometimiento. En la Argentina del dulce de leche, la birome y la avenida m\u00e1s ancha del mundo, hemos sumado una singular originalidad a la cultura universal: elecciones en las que no se elige a nadie.<\/div>\n<div><\/div>\n<div>\u00bfQui\u00e9n es el responsable de esa aceleraci\u00f3n de los tiempos, de este desplazamiento hacia el futuro, de esta suerte de histeria cronol\u00f3gica? \u00bfqui\u00e9n es el responsable de esta pr\u00e1ctica descarnada del poder, de esta concepci\u00f3n brutal de la pol\u00edtica donde el poder pareciera un trofeo, un fetiche, una presa de caza que se disputa brutalmente en nombre de un realismo primitivo y desencajado? No hace falta dar nombres, porque todos lo sabemos y el buen gusto y el correcto estilo proh\u00edbe decir lo obvio.<\/div>\n<div><\/div>\n<div>El oficialismo se cocina en su propia salsa. Miente y marca las cartas, pero como el famoso tah\u00far que se trampeaba a s\u00ed mismo, pierde la partida. Ni la Ant\u00e1rtida ni Bariloche alcanzan para disimular lo evidente. La se\u00f1ora ha iniciado su cuenta regresiva, algo previsible en un gobierno democr\u00e1tico, pero catastr\u00f3fico para quien se supone elegida por Dios o por el Destino.<\/div>\n<div><\/div>\n<div>El olor agrio y f\u00e9tido de la derrota recorre los pasillos fantasmales del oficialismo. Ning\u00fan argumento leguleyo puede eludir esta sensaci\u00f3n de ca\u00edda, de fin de fiesta. Un gobierno que siempre jug\u00f3 al todo o nada, ahora empieza a conocer el sabor apelmazado de la nada. Un gobierno que siempre se quiso llevar todo por delante, ahora descubre que \u201cadelante\u201d es un lugar ocupado por otros.<\/div>\n<div><\/div>\n<div>El imperativo en estas elecciones era ganar, ganar a toda costa. Como sea y contra quien sea. No lo lograron. En 2009 pod\u00edan perder una elecci\u00f3n porque a\u00fan quedaba resto, a\u00fan ten\u00edan cartas en la manga. Y a\u00fan el azar pod\u00eda intervenir en la partida transformando a la se\u00f1ora en una viuda tr\u00e1gica. Ahora la varita del mago se ha quebrado y en la galera no hay m\u00e1s conejos.<\/div>\n<div><\/div>\n<div>Los voceros oficiales niegan haber sido derrotados, pero admiten -hasta Diana Conti lo admite- que la reelecci\u00f3n indefinida no ser\u00e1 posible. Eso y confesar ante escribano p\u00fablico que perdieron, es lo mismo. Sin reelecci\u00f3n indefinida, el kircherismo est\u00e1 liquidado. Ahora s\u00f3lo queda prepararse para abandonar el escenario. Algunos ya lo est\u00e1n haciendo, otros lo piensan pero todav\u00eda no se deciden, los m\u00e1s leales acompa\u00f1ar\u00e1n el f\u00e9retro hasta la puerta del cementerio y despu\u00e9s se encargar\u00e1n de buscar a alguien a quien adular. No son traidores ni renegados; son leales a una tradici\u00f3n y a una causa que les ense\u00f1\u00f3 que el pueblo nunca se equivoca y, por lo tanto, hay que estar siempre del lado del ganador.<\/div>\n<div><\/div>\n<div>La se\u00f1ora fue derrotada de una vez y para siempre en 2013. En 2015 habr\u00e1 otros candidatos, se jugar\u00e1n otros destinos, pero el kirchnerismo estar\u00e1 ausente, porque no hay kirchnerismo sin los Kirchner, como no hubo menemismo sin Menem. Y no lo hay, porque son los Kirchner los que trabajaron y trajinaron para que as\u00ed sea. El proyecto nacional y popular empezaba y terminaba con ellos. El relato ingres\u00f3 en su \u00faltima p\u00e1gina y, como en la profec\u00eda de T. S. Eliot, el fin concluye no con un estallido sino con un suspiro o un sollozo.<\/div>\n<div><\/div>\n<div>El peronismo por su parte sobrevivir\u00e1 al kirchnerismo como sobrevivi\u00f3 al menemismo. \u201cSobrevivir\u00e1\u201d tal vez no sea la palabra adecuada, porque muy bien podr\u00eda pensarse que en realidad el peronismo se nutri\u00f3 a lo largo de todos estos a\u00f1os de estas experiencias. O que el peronismo es efectivamente la causa y la consecuencia de todas estas experiencias, de todos estos \u201cismos\u201d que intentar\u00e1n proyectarse hacia el futuro, porque, tal como lo demuestran los hechos, no hay peronismo sin un caudillo alrededor del cual se reporta su amplia y leal platea.<\/div>\n<div>El pr\u00f3ximo \u201cismo\u201d se construir\u00e1 alrededor de Scioli, Massa, Capitanich o el que sea. En este nuevo ciclo, los candidatos se esforzar\u00e1n por demostrarle a la opini\u00f3n p\u00fablica que va a hacer exactamente lo opuesto a los Kirchner, aunque para ello contar\u00e1n con la colaboraci\u00f3n desinteresada y eficaz de los abanderados de la antigua causa devenidos en furiosos militantes del nuevo evangelio.<\/div>\n<div><\/div>\n<div>Mientras tanto, los peronistas aprovechar\u00e1n el tiempo que falta para tomar lecciones por correspondencia sobre pluralismo, tolerancia, decencia p\u00fablica y respeto a la ley. Si los privatizadores de ayer fueron los estatistas de hoy o los indultadores de asesinos de los noventa fueron los juzgadores actuales, sin que por ello se les moviera un pelo, en esta etapa poco y nada les costar\u00e1 lucir con luminosa sonrisa las sencillas y algo deste\u00f1idas vestimentas de la democracia republicana.<\/div>\n<div><\/div>\n<div>Jorge Yoma predijo que si la se\u00f1ora no cambia, no llega a 2015. Ojal\u00e1 se equivoque. Sin embargo, como el alacr\u00e1n de la f\u00e1bula, no creo que la se\u00f1ora cambie, y me cuesta mucho imaginarla entregando la banda presidencial a otro presidente electo. As\u00ed y todo, no s\u00e9 c\u00f3mo ni de qu\u00e9 manera, pero la se\u00f1ora debe llegar a 2015. El poder que gan\u00f3 y retuvo atropellando todas las reglas de la democracia, lo debe perder acatando la ley m\u00e1xima de la democracia: la alternancia pac\u00edfica del poder, la periodicidad de los mandatos, el respeto a las normas del Estado de derecho. La gran lecci\u00f3n republicana de 2015 se producir\u00e1 cuando la Constituci\u00f3n la destituya a Ella. Ni conspiraciones militares ni intrigas medi\u00e1ticas, la perfecta maniobra destituyente la deben dar las leyes.<\/div>\n<div><\/div>\n<div>El populismo debe ser derrotado por el pueblo. La se\u00f1ora en 2015 debe entregar el poder y volverse a su casa. No s\u00e9 cual ser\u00e1 su domicilio, no s\u00e9 si ser\u00e1 R\u00edo Gallegos, El Calafate o Puerto Madero, pero es importante que la direcci\u00f3n se conozca, y en particular que la conozcan los jueces. Despu\u00e9s de todo, no es justo que en la agenda de sus se\u00f1or\u00edas s\u00f3lo est\u00e9n registradas las direcciones de Ricardo Jaime, L\u00e1zaro B\u00e1ez y Amado Boudou.<\/div>\n<div><\/div>\n<div>Conclusiones para melanc\u00f3licos de fin de siglo. Diez a\u00f1os de menemismo y diez a\u00f1os de kirchnerismo. Del grotesco a la farsa, del cinismo a la hipocres\u00eda, de las relaciones carnales con Bush a las relaciones carnales con Ch\u00e1vez; del cesarismo riojano al cesarismo santacruce\u00f1o. Diez m\u00e1s diez son veinte. Veinte a\u00f1os de nuestras vidas sometidas a gobiernos que la historia no absolver\u00e1, a reg\u00edmenes populistas, incompetentes y corruptos. Pobre de nosotros y pobre la Argentina,\u00a0tan lejos de Dios y tan cerca del peronismo.<\/div>\n","protected":false},"excerpt":{"rendered":"<p>-Por Rogelio Alaniz. &ldquo;Cuando many&eacute;s que a tu lado se prueban la ropa que vas a dejar&rdquo;. Enrique Santos Disc&eacute;polo El 11 de agosto no se eligieron candidatos internos y el 27 de octubre no se elegir&aacute;n diputados o senadores. En todos los casos, lo que se decide en las urnas no est&aacute; en 2013 [&hellip;]<\/p>\n","protected":false},"author":2,"featured_media":0,"comment_status":"open","ping_status":"open","sticky":false,"template":"","format":"standard","meta":{"fifu_image_url":"","fifu_image_alt":"","footnotes":""},"categories":[11],"tags":[],"class_list":{"0":"post-3109","1":"post","2":"type-post","3":"status-publish","4":"format-standard","6":"category-opinion"},"yoast_head":"<title>Opini\u00f3n: La agon\u00eda de la farsa - Informe Litoral<\/title>\n<meta name=\"robots\" content=\"index, follow, max-snippet:-1, max-image-preview:large, max-video-preview:-1\" \/>\n<link rel=\"canonical\" href=\"https:\/\/informelitoral.com.ar\/opinion-la-agonia-de-la-farsa\/\" \/>\n<meta property=\"og:locale\" content=\"es_ES\" \/>\n<meta property=\"og:type\" content=\"article\" \/>\n<meta property=\"og:title\" content=\"Opini\u00f3n: La agon\u00eda de la farsa - Informe Litoral\" \/>\n<meta property=\"og:description\" content=\"-Por Rogelio Alaniz. &ldquo;Cuando many&eacute;s que a tu lado se prueban la ropa que vas a dejar&rdquo;. Enrique Santos Disc&eacute;polo El 11 de agosto no se eligieron candidatos internos y el 27 de octubre no se elegir&aacute;n diputados o senadores. En todos los casos, lo que se decide en las urnas no est&aacute; en 2013 [&hellip;]\" \/>\n<meta property=\"og:url\" content=\"https:\/\/informelitoral.com.ar\/opinion-la-agonia-de-la-farsa\/\" \/>\n<meta property=\"og:site_name\" content=\"Informe Litoral\" \/>\n<meta property=\"article:publisher\" content=\"https:\/\/www.facebook.com\/informelitoral\/\" \/>\n<meta property=\"article:published_time\" content=\"2013-09-09T00:20:40+00:00\" \/>\n<meta property=\"og:image\" content=\"https:\/\/informelitoral.com.ar\/%77%70%2d%63%6f%6e%74%65%6e%74\/uploads\/2013\/09\/rogelio-alaniz.jpg\" \/>\n\t<meta property=\"og:image:width\" content=\"300\" \/>\n\t<meta property=\"og:image:height\" content=\"274\" \/>\n\t<meta property=\"og:image:type\" content=\"image\/jpeg\" \/>\n<meta name=\"author\" content=\"Gonzalo Schmidt\" \/>\n<meta name=\"twitter:card\" content=\"summary_large_image\" \/>\n<meta name=\"twitter:creator\" content=\"@InformeLitoral\" \/>\n<meta name=\"twitter:site\" content=\"@InformeLitoral\" \/>\n<meta name=\"twitter:label1\" content=\"Escrito por\" \/>\n\t<meta name=\"twitter:data1\" content=\"Gonzalo Schmidt\" \/>\n\t<meta name=\"twitter:label2\" content=\"Tiempo de lectura\" \/>\n\t<meta name=\"twitter:data2\" content=\"7 minutos\" \/>\n<script type=\"application\/ld+json\" class=\"yoast-schema-graph\">{\"@context\":\"https:\\\/\\\/schema.org\",\"@graph\":[{\"@type\":\"Article\",\"@id\":\"https:\\\/\\\/informelitoral.com.ar\\\/opinion-la-agonia-de-la-farsa\\\/#article\",\"isPartOf\":{\"@id\":\"https:\\\/\\\/informelitoral.com.ar\\\/opinion-la-agonia-de-la-farsa\\\/\"},\"author\":{\"name\":\"Gonzalo Schmidt\",\"@id\":\"https:\\\/\\\/informelitoral.com.ar\\\/#\\\/schema\\\/person\\\/b9d00407c836482871ef1d57bf8e3180\"},\"headline\":\"Opini\u00f3n: La agon\u00eda de la farsa\",\"datePublished\":\"2013-09-09T00:20:40+00:00\",\"mainEntityOfPage\":{\"@id\":\"https:\\\/\\\/informelitoral.com.ar\\\/opinion-la-agonia-de-la-farsa\\\/\"},\"wordCount\":1435,\"commentCount\":0,\"publisher\":{\"@id\":\"https:\\\/\\\/informelitoral.com.ar\\\/#organization\"},\"image\":{\"@id\":\"https:\\\/\\\/informelitoral.com.ar\\\/opinion-la-agonia-de-la-farsa\\\/#primaryimage\"},\"thumbnailUrl\":\"http:\\\/\\\/www.isletasnoticias.com.ar\\\/%77%70%2d%63%6f%6e%74%65%6e%74\\\/uploads\\\/2013\\\/09\\\/rogelio-alaniz.jpg\",\"articleSection\":[\"Opini\u00f3n\"],\"inLanguage\":\"es\",\"potentialAction\":[{\"@type\":\"CommentAction\",\"name\":\"Comment\",\"target\":[\"https:\\\/\\\/informelitoral.com.ar\\\/opinion-la-agonia-de-la-farsa\\\/#respond\"]}]},{\"@type\":\"WebPage\",\"@id\":\"https:\\\/\\\/informelitoral.com.ar\\\/opinion-la-agonia-de-la-farsa\\\/\",\"url\":\"https:\\\/\\\/informelitoral.com.ar\\\/opinion-la-agonia-de-la-farsa\\\/\",\"name\":\"Opini\u00f3n: La agon\u00eda de la farsa - Informe Litoral\",\"isPartOf\":{\"@id\":\"https:\\\/\\\/informelitoral.com.ar\\\/#website\"},\"primaryImageOfPage\":{\"@id\":\"https:\\\/\\\/informelitoral.com.ar\\\/opinion-la-agonia-de-la-farsa\\\/#primaryimage\"},\"image\":{\"@id\":\"https:\\\/\\\/informelitoral.com.ar\\\/opinion-la-agonia-de-la-farsa\\\/#primaryimage\"},\"thumbnailUrl\":\"http:\\\/\\\/www.isletasnoticias.com.ar\\\/%77%70%2d%63%6f%6e%74%65%6e%74\\\/uploads\\\/2013\\\/09\\\/rogelio-alaniz.jpg\",\"datePublished\":\"2013-09-09T00:20:40+00:00\",\"breadcrumb\":{\"@id\":\"https:\\\/\\\/informelitoral.com.ar\\\/opinion-la-agonia-de-la-farsa\\\/#breadcrumb\"},\"inLanguage\":\"es\",\"potentialAction\":[{\"@type\":\"ReadAction\",\"target\":[\"https:\\\/\\\/informelitoral.com.ar\\\/opinion-la-agonia-de-la-farsa\\\/\"]}]},{\"@type\":\"ImageObject\",\"inLanguage\":\"es\",\"@id\":\"https:\\\/\\\/informelitoral.com.ar\\\/opinion-la-agonia-de-la-farsa\\\/#primaryimage\",\"url\":\"http:\\\/\\\/www.isletasnoticias.com.ar\\\/%77%70%2d%63%6f%6e%74%65%6e%74\\\/uploads\\\/2013\\\/09\\\/rogelio-alaniz.jpg\",\"contentUrl\":\"http:\\\/\\\/www.isletasnoticias.com.ar\\\/%77%70%2d%63%6f%6e%74%65%6e%74\\\/uploads\\\/2013\\\/09\\\/rogelio-alaniz.jpg\"},{\"@type\":\"BreadcrumbList\",\"@id\":\"https:\\\/\\\/informelitoral.com.ar\\\/opinion-la-agonia-de-la-farsa\\\/#breadcrumb\",\"itemListElement\":[{\"@type\":\"ListItem\",\"position\":1,\"name\":\"Portada\",\"item\":\"https:\\\/\\\/informelitoral.com.ar\\\/\"},{\"@type\":\"ListItem\",\"position\":2,\"name\":\"Opini\u00f3n: La agon\u00eda de la farsa\"}]},{\"@type\":\"WebSite\",\"@id\":\"https:\\\/\\\/informelitoral.com.ar\\\/#website\",\"url\":\"https:\\\/\\\/informelitoral.com.ar\\\/\",\"name\":\"Informe Litoral\",\"description\":\"&quot;Nos informamos&quot; \",\"publisher\":{\"@id\":\"https:\\\/\\\/informelitoral.com.ar\\\/#organization\"},\"potentialAction\":[{\"@type\":\"SearchAction\",\"target\":{\"@type\":\"EntryPoint\",\"urlTemplate\":\"https:\\\/\\\/informelitoral.com.ar\\\/?s={search_term_string}\"},\"query-input\":{\"@type\":\"PropertyValueSpecification\",\"valueRequired\":true,\"valueName\":\"search_term_string\"}}],\"inLanguage\":\"es\"},{\"@type\":\"Organization\",\"@id\":\"https:\\\/\\\/informelitoral.com.ar\\\/#organization\",\"name\":\"Informe Litoral\",\"url\":\"https:\\\/\\\/informelitoral.com.ar\\\/\",\"logo\":{\"@type\":\"ImageObject\",\"inLanguage\":\"es\",\"@id\":\"https:\\\/\\\/informelitoral.com.ar\\\/#\\\/schema\\\/logo\\\/image\\\/\",\"url\":\"https:\\\/\\\/informelitoral.com.ar\\\/%77%70%2d%63%6f%6e%74%65%6e%74\\\/uploads\\\/2021\\\/01\\\/circulo.png\",\"contentUrl\":\"https:\\\/\\\/informelitoral.com.ar\\\/%77%70%2d%63%6f%6e%74%65%6e%74\\\/uploads\\\/2021\\\/01\\\/circulo.png\",\"width\":723,\"height\":731,\"caption\":\"Informe Litoral\"},\"image\":{\"@id\":\"https:\\\/\\\/informelitoral.com.ar\\\/#\\\/schema\\\/logo\\\/image\\\/\"},\"sameAs\":[\"https:\\\/\\\/www.facebook.com\\\/informelitoral\\\/\",\"https:\\\/\\\/x.com\\\/InformeLitoral\",\"https:\\\/\\\/www.instagram.com\\\/informelitoral\\\/\",\"https:\\\/\\\/www.youtube.com\\\/channel\\\/UCua4Qvz8Icb6MYqhoq9xLXw\"]},{\"@type\":\"Person\",\"@id\":\"https:\\\/\\\/informelitoral.com.ar\\\/#\\\/schema\\\/person\\\/b9d00407c836482871ef1d57bf8e3180\",\"name\":\"Gonzalo Schmidt\",\"image\":{\"@type\":\"ImageObject\",\"inLanguage\":\"es\",\"@id\":\"https:\\\/\\\/secure.gravatar.com\\\/avatar\\\/31a1a7b66ff2de83bd0e9fd79d026630d2d99e55e8bfe501287647b4fd9743de?s=96&d=mm&r=g\",\"url\":\"https:\\\/\\\/secure.gravatar.com\\\/avatar\\\/31a1a7b66ff2de83bd0e9fd79d026630d2d99e55e8bfe501287647b4fd9743de?s=96&d=mm&r=g\",\"contentUrl\":\"https:\\\/\\\/secure.gravatar.com\\\/avatar\\\/31a1a7b66ff2de83bd0e9fd79d026630d2d99e55e8bfe501287647b4fd9743de?s=96&d=mm&r=g\",\"caption\":\"Gonzalo Schmidt\"},\"description\":\"Sitio web de noticias de la provincia de Entre R\u00edos, Argentina. Informaci\u00f3n y entretenimiento. Informe Litoral, nos informamos.\",\"sameAs\":[\"http:\\\/\\\/www.isletasnoticias.com.ar\"],\"url\":\"https:\\\/\\\/informelitoral.com.ar\\\/author\\\/gonzalo\\\/\"}]}<\/script>","yoast_head_json":{"title":"Opini\u00f3n: La agon\u00eda de la farsa - Informe Litoral","robots":{"index":"index","follow":"follow","max-snippet":"max-snippet:-1","max-image-preview":"max-image-preview:large","max-video-preview":"max-video-preview:-1"},"canonical":"https:\/\/informelitoral.com.ar\/opinion-la-agonia-de-la-farsa\/","og_locale":"es_ES","og_type":"article","og_title":"Opini\u00f3n: La agon\u00eda de la farsa - Informe Litoral","og_description":"-Por Rogelio Alaniz. &ldquo;Cuando many&eacute;s que a tu lado se prueban la ropa que vas a dejar&rdquo;. Enrique Santos Disc&eacute;polo El 11 de agosto no se eligieron candidatos internos y el 27 de octubre no se elegir&aacute;n diputados o senadores. En todos los casos, lo que se decide en las urnas no est&aacute; en 2013 [&hellip;]","og_url":"https:\/\/informelitoral.com.ar\/opinion-la-agonia-de-la-farsa\/","og_site_name":"Informe Litoral","article_publisher":"https:\/\/www.facebook.com\/informelitoral\/","article_published_time":"2013-09-09T00:20:40+00:00","og_image":[{"width":300,"height":274,"url":"https:\/\/informelitoral.com.ar\/%77%70%2d%63%6f%6e%74%65%6e%74\/uploads\/2013\/09\/rogelio-alaniz.jpg","type":"image\/jpeg"}],"author":"Gonzalo Schmidt","twitter_card":"summary_large_image","twitter_creator":"@InformeLitoral","twitter_site":"@InformeLitoral","twitter_misc":{"Escrito por":"Gonzalo Schmidt","Tiempo de lectura":"7 minutos"},"schema":{"@context":"https:\/\/schema.org","@graph":[{"@type":"Article","@id":"https:\/\/informelitoral.com.ar\/opinion-la-agonia-de-la-farsa\/#article","isPartOf":{"@id":"https:\/\/informelitoral.com.ar\/opinion-la-agonia-de-la-farsa\/"},"author":{"name":"Gonzalo Schmidt","@id":"https:\/\/informelitoral.com.ar\/#\/schema\/person\/b9d00407c836482871ef1d57bf8e3180"},"headline":"Opini\u00f3n: La agon\u00eda de la farsa","datePublished":"2013-09-09T00:20:40+00:00","mainEntityOfPage":{"@id":"https:\/\/informelitoral.com.ar\/opinion-la-agonia-de-la-farsa\/"},"wordCount":1435,"commentCount":0,"publisher":{"@id":"https:\/\/informelitoral.com.ar\/#organization"},"image":{"@id":"https:\/\/informelitoral.com.ar\/opinion-la-agonia-de-la-farsa\/#primaryimage"},"thumbnailUrl":"http:\/\/www.isletasnoticias.com.ar\/%77%70%2d%63%6f%6e%74%65%6e%74\/uploads\/2013\/09\/rogelio-alaniz.jpg","articleSection":["Opini\u00f3n"],"inLanguage":"es","potentialAction":[{"@type":"CommentAction","name":"Comment","target":["https:\/\/informelitoral.com.ar\/opinion-la-agonia-de-la-farsa\/#respond"]}]},{"@type":"WebPage","@id":"https:\/\/informelitoral.com.ar\/opinion-la-agonia-de-la-farsa\/","url":"https:\/\/informelitoral.com.ar\/opinion-la-agonia-de-la-farsa\/","name":"Opini\u00f3n: La agon\u00eda de la farsa - Informe Litoral","isPartOf":{"@id":"https:\/\/informelitoral.com.ar\/#website"},"primaryImageOfPage":{"@id":"https:\/\/informelitoral.com.ar\/opinion-la-agonia-de-la-farsa\/#primaryimage"},"image":{"@id":"https:\/\/informelitoral.com.ar\/opinion-la-agonia-de-la-farsa\/#primaryimage"},"thumbnailUrl":"http:\/\/www.isletasnoticias.com.ar\/%77%70%2d%63%6f%6e%74%65%6e%74\/uploads\/2013\/09\/rogelio-alaniz.jpg","datePublished":"2013-09-09T00:20:40+00:00","breadcrumb":{"@id":"https:\/\/informelitoral.com.ar\/opinion-la-agonia-de-la-farsa\/#breadcrumb"},"inLanguage":"es","potentialAction":[{"@type":"ReadAction","target":["https:\/\/informelitoral.com.ar\/opinion-la-agonia-de-la-farsa\/"]}]},{"@type":"ImageObject","inLanguage":"es","@id":"https:\/\/informelitoral.com.ar\/opinion-la-agonia-de-la-farsa\/#primaryimage","url":"http:\/\/www.isletasnoticias.com.ar\/%77%70%2d%63%6f%6e%74%65%6e%74\/uploads\/2013\/09\/rogelio-alaniz.jpg","contentUrl":"http:\/\/www.isletasnoticias.com.ar\/%77%70%2d%63%6f%6e%74%65%6e%74\/uploads\/2013\/09\/rogelio-alaniz.jpg"},{"@type":"BreadcrumbList","@id":"https:\/\/informelitoral.com.ar\/opinion-la-agonia-de-la-farsa\/#breadcrumb","itemListElement":[{"@type":"ListItem","position":1,"name":"Portada","item":"https:\/\/informelitoral.com.ar\/"},{"@type":"ListItem","position":2,"name":"Opini\u00f3n: La agon\u00eda de la farsa"}]},{"@type":"WebSite","@id":"https:\/\/informelitoral.com.ar\/#website","url":"https:\/\/informelitoral.com.ar\/","name":"Informe Litoral","description":"&quot;Nos informamos&quot; ","publisher":{"@id":"https:\/\/informelitoral.com.ar\/#organization"},"potentialAction":[{"@type":"SearchAction","target":{"@type":"EntryPoint","urlTemplate":"https:\/\/informelitoral.com.ar\/?s={search_term_string}"},"query-input":{"@type":"PropertyValueSpecification","valueRequired":true,"valueName":"search_term_string"}}],"inLanguage":"es"},{"@type":"Organization","@id":"https:\/\/informelitoral.com.ar\/#organization","name":"Informe Litoral","url":"https:\/\/informelitoral.com.ar\/","logo":{"@type":"ImageObject","inLanguage":"es","@id":"https:\/\/informelitoral.com.ar\/#\/schema\/logo\/image\/","url":"https:\/\/informelitoral.com.ar\/%77%70%2d%63%6f%6e%74%65%6e%74\/uploads\/2021\/01\/circulo.png","contentUrl":"https:\/\/informelitoral.com.ar\/%77%70%2d%63%6f%6e%74%65%6e%74\/uploads\/2021\/01\/circulo.png","width":723,"height":731,"caption":"Informe Litoral"},"image":{"@id":"https:\/\/informelitoral.com.ar\/#\/schema\/logo\/image\/"},"sameAs":["https:\/\/www.facebook.com\/informelitoral\/","https:\/\/x.com\/InformeLitoral","https:\/\/www.instagram.com\/informelitoral\/","https:\/\/www.youtube.com\/channel\/UCua4Qvz8Icb6MYqhoq9xLXw"]},{"@type":"Person","@id":"https:\/\/informelitoral.com.ar\/#\/schema\/person\/b9d00407c836482871ef1d57bf8e3180","name":"Gonzalo Schmidt","image":{"@type":"ImageObject","inLanguage":"es","@id":"https:\/\/secure.gravatar.com\/avatar\/31a1a7b66ff2de83bd0e9fd79d026630d2d99e55e8bfe501287647b4fd9743de?s=96&d=mm&r=g","url":"https:\/\/secure.gravatar.com\/avatar\/31a1a7b66ff2de83bd0e9fd79d026630d2d99e55e8bfe501287647b4fd9743de?s=96&d=mm&r=g","contentUrl":"https:\/\/secure.gravatar.com\/avatar\/31a1a7b66ff2de83bd0e9fd79d026630d2d99e55e8bfe501287647b4fd9743de?s=96&d=mm&r=g","caption":"Gonzalo Schmidt"},"description":"Sitio web de noticias de la provincia de Entre R\u00edos, Argentina. Informaci\u00f3n y entretenimiento. Informe Litoral, nos informamos.","sameAs":["http:\/\/www.isletasnoticias.com.ar"],"url":"https:\/\/informelitoral.com.ar\/author\/gonzalo\/"}]}},"_links":{"self":[{"href":"https:\/\/informelitoral.com.ar\/%77%70%2d%6a%73%6f%6e\/wp\/v2\/posts\/3109","targetHints":{"allow":["GET"]}}],"collection":[{"href":"https:\/\/informelitoral.com.ar\/%77%70%2d%6a%73%6f%6e\/wp\/v2\/posts"}],"about":[{"href":"https:\/\/informelitoral.com.ar\/%77%70%2d%6a%73%6f%6e\/wp\/v2\/types\/post"}],"author":[{"embeddable":true,"href":"https:\/\/informelitoral.com.ar\/%77%70%2d%6a%73%6f%6e\/wp\/v2\/users\/2"}],"replies":[{"embeddable":true,"href":"https:\/\/informelitoral.com.ar\/%77%70%2d%6a%73%6f%6e\/wp\/v2\/comments?post=3109"}],"version-history":[{"count":0,"href":"https:\/\/informelitoral.com.ar\/%77%70%2d%6a%73%6f%6e\/wp\/v2\/posts\/3109\/revisions"}],"wp:attachment":[{"href":"https:\/\/informelitoral.com.ar\/%77%70%2d%6a%73%6f%6e\/wp\/v2\/media?parent=3109"}],"wp:term":[{"taxonomy":"category","embeddable":true,"href":"https:\/\/informelitoral.com.ar\/%77%70%2d%6a%73%6f%6e\/wp\/v2\/categories?post=3109"},{"taxonomy":"post_tag","embeddable":true,"href":"https:\/\/informelitoral.com.ar\/%77%70%2d%6a%73%6f%6e\/wp\/v2\/tags?post=3109"}],"curies":[{"name":"wp","href":"https:\/\/api.w.org\/{rel}","templated":true}]}}