{"id":3106,"date":"2013-09-07T23:06:00","date_gmt":"2013-09-08T02:06:00","guid":{"rendered":"http:\/\/www.isletasnoticias.com.ar\/?p=3106"},"modified":"2013-09-07T23:06:00","modified_gmt":"2013-09-08T02:06:00","slug":"motoencuentro-alejadra-maglietti-fue-la-figura-de-la-tarde-del-sabado","status":"publish","type":"post","link":"https:\/\/informelitoral.com.ar\/motoencuentro-alejadra-maglietti-fue-la-figura-de-la-tarde-del-sabado\/","title":{"rendered":"Motoencuentro: Alejadra Maglietti, fue la figura de la tarde del s\u00e1bado"},"content":{"rendered":"<p><strong>La conductora y modelo <em>Alejandra Maglietti<\/em> fue invitada especial del Motoencuentro 2013. Recorri\u00f3 el predio en donde se desarrolla el evento y particip\u00f3 de la caravana que se realiz\u00f3 en la tarde del s\u00e1bado.<\/strong><\/p>\n<p style=\"text-align: center;\"><img loading=\"lazy\" decoding=\"async\" class=\"size-medium wp-image-3107 aligncenter\" style=\"text-align: center;\" title=\"La  conductora y modelo fue la figura de la tarde del s\u00e1bado.\" alt=\"\" src=\"http:\/\/www.isletasnoticias.com.ar\/%77%70%2d%63%6f%6e%74%65%6e%74\/uploads\/2013\/09\/MAGLIETTI-300x202.jpg\" width=\"300\" height=\"202\" srcset=\"https:\/\/informelitoral.com.ar\/%77%70%2d%63%6f%6e%74%65%6e%74\/uploads\/2013\/09\/MAGLIETTI-300x202.jpg 300w, https:\/\/informelitoral.com.ar\/%77%70%2d%63%6f%6e%74%65%6e%74\/uploads\/2013\/09\/MAGLIETTI.jpg 799w\" sizes=\"auto, (max-width: 300px) 100vw, 300px\" \/><\/p>\n<p style=\"text-align: left;\">Maglietti comparti\u00f3 la tarde con los moteros que se acercaron a saludarla y tomarse fotograf\u00edas con la figura femenina del evento. \u201cMe sorprendi\u00f3 la buena onda de la gente, sobre todo que todo el mundo est\u00e1 pas\u00e1ndola bien, en familia, con amigos\u201d, dijo.<\/p>\n<p style=\"text-align: left;\">Adem\u00e1s, asegur\u00f3: \u201cMe gusta mucho venir al interior y admiro las ciudades que tienen un r\u00edo tan lindo para mostrar. Me gusta la costanera y todo lo que tenga que ver con la vida al aire libre, por eso cada vez que puedo vengo a tomar un poco de la tranquilidad del interior\u201d. Inform\u00f3 prensa municipal.<\/p>\n<p>En su primera visita a Diamante, la panelista del programa <em>Bendita TV,<\/em> expres\u00f3: \u201cLo que m\u00e1s me llam\u00f3 la atenci\u00f3n fue la costanera hermosa y todo el parque que hay sobre el r\u00edo. Tiene una vista impresionante, y me gustar\u00eda conocer esta ciudad en verano para poder ba\u00f1arme en el r\u00edo\u201d. Expres\u00f3 en di\u00e1logo con<em> Uno por Semana.<\/em><\/p>\n","protected":false},"excerpt":{"rendered":"<p>La conductora y modelo Alejandra Maglietti fue invitada especial del Motoencuentro 2013. Recorri&oacute; el predio en donde se desarrolla el evento y particip&oacute; de la caravana que se realiz&oacute; en la tarde del s&aacute;bado. Maglietti comparti&oacute; la tarde con los moteros que se acercaron a saludarla y tomarse fotograf&iacute;as con la figura femenina del evento. [&hellip;]<\/p>\n","protected":false},"author":2,"featured_media":0,"comment_status":"open","ping_status":"open","sticky":false,"template":"","format":"standard","meta":{"fifu_image_url":"","fifu_image_alt":"","footnotes":""},"categories":[1],"tags":[],"class_list":{"0":"post-3106","1":"post","2":"type-post","3":"status-publish","4":"format-standard","6":"category-sin-categoria"},"yoast_head":"<title>Motoencuentro: Alejadra Maglietti, fue la figura de la tarde del s\u00e1bado - Informe Litoral<\/title>\n<meta name=\"robots\" content=\"index, follow, max-snippet:-1, max-image-preview:large, max-video-preview:-1\" \/>\n<link rel=\"canonical\" href=\"https:\/\/informelitoral.com.ar\/motoencuentro-alejadra-maglietti-fue-la-figura-de-la-tarde-del-sabado\/\" \/>\n<meta property=\"og:locale\" content=\"es_ES\" \/>\n<meta property=\"og:type\" content=\"article\" \/>\n<meta property=\"og:title\" content=\"Motoencuentro: Alejadra Maglietti, fue la figura de la tarde del s\u00e1bado - Informe Litoral\" \/>\n<meta property=\"og:description\" content=\"La conductora y modelo Alejandra Maglietti fue invitada especial del Motoencuentro 2013. Recorri&oacute; el predio en donde se desarrolla el evento y particip&oacute; de la caravana que se realiz&oacute; en la tarde del s&aacute;bado. Maglietti comparti&oacute; la tarde con los moteros que se acercaron a saludarla y tomarse fotograf&iacute;as con la figura femenina del evento. [&hellip;]\" \/>\n<meta property=\"og:url\" content=\"https:\/\/informelitoral.com.ar\/motoencuentro-alejadra-maglietti-fue-la-figura-de-la-tarde-del-sabado\/\" \/>\n<meta property=\"og:site_name\" content=\"Informe Litoral\" \/>\n<meta property=\"article:publisher\" content=\"https:\/\/www.facebook.com\/informelitoral\/\" \/>\n<meta property=\"article:published_time\" content=\"2013-09-08T02:06:00+00:00\" \/>\n<meta property=\"og:image\" content=\"https:\/\/informelitoral.com.ar\/%77%70%2d%63%6f%6e%74%65%6e%74\/uploads\/2013\/09\/MAGLIETTI.jpg\" \/>\n\t<meta property=\"og:image:width\" content=\"799\" \/>\n\t<meta property=\"og:image:height\" content=\"538\" \/>\n\t<meta property=\"og:image:type\" content=\"image\/jpeg\" \/>\n<meta name=\"author\" content=\"Gonzalo Schmidt\" \/>\n<meta name=\"twitter:card\" content=\"summary_large_image\" \/>\n<meta name=\"twitter:creator\" content=\"@InformeLitoral\" \/>\n<meta name=\"twitter:site\" content=\"@InformeLitoral\" \/>\n<meta name=\"twitter:label1\" content=\"Escrito por\" \/>\n\t<meta name=\"twitter:data1\" content=\"Gonzalo Schmidt\" \/>\n\t<meta name=\"twitter:label2\" content=\"Tiempo de lectura\" \/>\n\t<meta name=\"twitter:data2\" content=\"1 minuto\" \/>\n<script type=\"application\/ld+json\" class=\"yoast-schema-graph\">{\"@context\":\"https:\\\/\\\/schema.org\",\"@graph\":[{\"@type\":\"Article\",\"@id\":\"https:\\\/\\\/informelitoral.com.ar\\\/motoencuentro-alejadra-maglietti-fue-la-figura-de-la-tarde-del-sabado\\\/#article\",\"isPartOf\":{\"@id\":\"https:\\\/\\\/informelitoral.com.ar\\\/motoencuentro-alejadra-maglietti-fue-la-figura-de-la-tarde-del-sabado\\\/\"},\"author\":{\"name\":\"Gonzalo Schmidt\",\"@id\":\"https:\\\/\\\/informelitoral.com.ar\\\/#\\\/schema\\\/person\\\/b9d00407c836482871ef1d57bf8e3180\"},\"headline\":\"Motoencuentro: Alejadra Maglietti, fue la figura de la tarde del s\u00e1bado\",\"datePublished\":\"2013-09-08T02:06:00+00:00\",\"mainEntityOfPage\":{\"@id\":\"https:\\\/\\\/informelitoral.com.ar\\\/motoencuentro-alejadra-maglietti-fue-la-figura-de-la-tarde-del-sabado\\\/\"},\"wordCount\":214,\"commentCount\":0,\"publisher\":{\"@id\":\"https:\\\/\\\/informelitoral.com.ar\\\/#organization\"},\"image\":{\"@id\":\"https:\\\/\\\/informelitoral.com.ar\\\/motoencuentro-alejadra-maglietti-fue-la-figura-de-la-tarde-del-sabado\\\/#primaryimage\"},\"thumbnailUrl\":\"http:\\\/\\\/www.isletasnoticias.com.ar\\\/%77%70%2d%63%6f%6e%74%65%6e%74\\\/uploads\\\/2013\\\/09\\\/MAGLIETTI-300x202.jpg\",\"inLanguage\":\"es\",\"potentialAction\":[{\"@type\":\"CommentAction\",\"name\":\"Comment\",\"target\":[\"https:\\\/\\\/informelitoral.com.ar\\\/motoencuentro-alejadra-maglietti-fue-la-figura-de-la-tarde-del-sabado\\\/#respond\"]}]},{\"@type\":\"WebPage\",\"@id\":\"https:\\\/\\\/informelitoral.com.ar\\\/motoencuentro-alejadra-maglietti-fue-la-figura-de-la-tarde-del-sabado\\\/\",\"url\":\"https:\\\/\\\/informelitoral.com.ar\\\/motoencuentro-alejadra-maglietti-fue-la-figura-de-la-tarde-del-sabado\\\/\",\"name\":\"Motoencuentro: Alejadra Maglietti, fue la figura de la tarde del s\u00e1bado - Informe Litoral\",\"isPartOf\":{\"@id\":\"https:\\\/\\\/informelitoral.com.ar\\\/#website\"},\"primaryImageOfPage\":{\"@id\":\"https:\\\/\\\/informelitoral.com.ar\\\/motoencuentro-alejadra-maglietti-fue-la-figura-de-la-tarde-del-sabado\\\/#primaryimage\"},\"image\":{\"@id\":\"https:\\\/\\\/informelitoral.com.ar\\\/motoencuentro-alejadra-maglietti-fue-la-figura-de-la-tarde-del-sabado\\\/#primaryimage\"},\"thumbnailUrl\":\"http:\\\/\\\/www.isletasnoticias.com.ar\\\/%77%70%2d%63%6f%6e%74%65%6e%74\\\/uploads\\\/2013\\\/09\\\/MAGLIETTI-300x202.jpg\",\"datePublished\":\"2013-09-08T02:06:00+00:00\",\"breadcrumb\":{\"@id\":\"https:\\\/\\\/informelitoral.com.ar\\\/motoencuentro-alejadra-maglietti-fue-la-figura-de-la-tarde-del-sabado\\\/#breadcrumb\"},\"inLanguage\":\"es\",\"potentialAction\":[{\"@type\":\"ReadAction\",\"target\":[\"https:\\\/\\\/informelitoral.com.ar\\\/motoencuentro-alejadra-maglietti-fue-la-figura-de-la-tarde-del-sabado\\\/\"]}]},{\"@type\":\"ImageObject\",\"inLanguage\":\"es\",\"@id\":\"https:\\\/\\\/informelitoral.com.ar\\\/motoencuentro-alejadra-maglietti-fue-la-figura-de-la-tarde-del-sabado\\\/#primaryimage\",\"url\":\"http:\\\/\\\/www.isletasnoticias.com.ar\\\/%77%70%2d%63%6f%6e%74%65%6e%74\\\/uploads\\\/2013\\\/09\\\/MAGLIETTI-300x202.jpg\",\"contentUrl\":\"http:\\\/\\\/www.isletasnoticias.com.ar\\\/%77%70%2d%63%6f%6e%74%65%6e%74\\\/uploads\\\/2013\\\/09\\\/MAGLIETTI-300x202.jpg\"},{\"@type\":\"BreadcrumbList\",\"@id\":\"https:\\\/\\\/informelitoral.com.ar\\\/motoencuentro-alejadra-maglietti-fue-la-figura-de-la-tarde-del-sabado\\\/#breadcrumb\",\"itemListElement\":[{\"@type\":\"ListItem\",\"position\":1,\"name\":\"Portada\",\"item\":\"https:\\\/\\\/informelitoral.com.ar\\\/\"},{\"@type\":\"ListItem\",\"position\":2,\"name\":\"Motoencuentro: Alejadra Maglietti, fue la figura de la tarde del s\u00e1bado\"}]},{\"@type\":\"WebSite\",\"@id\":\"https:\\\/\\\/informelitoral.com.ar\\\/#website\",\"url\":\"https:\\\/\\\/informelitoral.com.ar\\\/\",\"name\":\"Informe Litoral\",\"description\":\"&quot;Nos informamos&quot; \",\"publisher\":{\"@id\":\"https:\\\/\\\/informelitoral.com.ar\\\/#organization\"},\"potentialAction\":[{\"@type\":\"SearchAction\",\"target\":{\"@type\":\"EntryPoint\",\"urlTemplate\":\"https:\\\/\\\/informelitoral.com.ar\\\/?s={search_term_string}\"},\"query-input\":{\"@type\":\"PropertyValueSpecification\",\"valueRequired\":true,\"valueName\":\"search_term_string\"}}],\"inLanguage\":\"es\"},{\"@type\":\"Organization\",\"@id\":\"https:\\\/\\\/informelitoral.com.ar\\\/#organization\",\"name\":\"Informe Litoral\",\"url\":\"https:\\\/\\\/informelitoral.com.ar\\\/\",\"logo\":{\"@type\":\"ImageObject\",\"inLanguage\":\"es\",\"@id\":\"https:\\\/\\\/informelitoral.com.ar\\\/#\\\/schema\\\/logo\\\/image\\\/\",\"url\":\"https:\\\/\\\/informelitoral.com.ar\\\/%77%70%2d%63%6f%6e%74%65%6e%74\\\/uploads\\\/2021\\\/01\\\/circulo.png\",\"contentUrl\":\"https:\\\/\\\/informelitoral.com.ar\\\/%77%70%2d%63%6f%6e%74%65%6e%74\\\/uploads\\\/2021\\\/01\\\/circulo.png\",\"width\":723,\"height\":731,\"caption\":\"Informe Litoral\"},\"image\":{\"@id\":\"https:\\\/\\\/informelitoral.com.ar\\\/#\\\/schema\\\/logo\\\/image\\\/\"},\"sameAs\":[\"https:\\\/\\\/www.facebook.com\\\/informelitoral\\\/\",\"https:\\\/\\\/x.com\\\/InformeLitoral\",\"https:\\\/\\\/www.instagram.com\\\/informelitoral\\\/\",\"https:\\\/\\\/www.youtube.com\\\/channel\\\/UCua4Qvz8Icb6MYqhoq9xLXw\"]},{\"@type\":\"Person\",\"@id\":\"https:\\\/\\\/informelitoral.com.ar\\\/#\\\/schema\\\/person\\\/b9d00407c836482871ef1d57bf8e3180\",\"name\":\"Gonzalo Schmidt\",\"image\":{\"@type\":\"ImageObject\",\"inLanguage\":\"es\",\"@id\":\"https:\\\/\\\/secure.gravatar.com\\\/avatar\\\/31a1a7b66ff2de83bd0e9fd79d026630d2d99e55e8bfe501287647b4fd9743de?s=96&d=mm&r=g\",\"url\":\"https:\\\/\\\/secure.gravatar.com\\\/avatar\\\/31a1a7b66ff2de83bd0e9fd79d026630d2d99e55e8bfe501287647b4fd9743de?s=96&d=mm&r=g\",\"contentUrl\":\"https:\\\/\\\/secure.gravatar.com\\\/avatar\\\/31a1a7b66ff2de83bd0e9fd79d026630d2d99e55e8bfe501287647b4fd9743de?s=96&d=mm&r=g\",\"caption\":\"Gonzalo Schmidt\"},\"description\":\"Sitio web de noticias de la provincia de Entre R\u00edos, Argentina. Informaci\u00f3n y entretenimiento. Informe Litoral, nos informamos.\",\"sameAs\":[\"http:\\\/\\\/www.isletasnoticias.com.ar\"],\"url\":\"https:\\\/\\\/informelitoral.com.ar\\\/author\\\/gonzalo\\\/\"}]}<\/script>","yoast_head_json":{"title":"Motoencuentro: Alejadra Maglietti, fue la figura de la tarde del s\u00e1bado - Informe Litoral","robots":{"index":"index","follow":"follow","max-snippet":"max-snippet:-1","max-image-preview":"max-image-preview:large","max-video-preview":"max-video-preview:-1"},"canonical":"https:\/\/informelitoral.com.ar\/motoencuentro-alejadra-maglietti-fue-la-figura-de-la-tarde-del-sabado\/","og_locale":"es_ES","og_type":"article","og_title":"Motoencuentro: Alejadra Maglietti, fue la figura de la tarde del s\u00e1bado - Informe Litoral","og_description":"La conductora y modelo Alejandra Maglietti fue invitada especial del Motoencuentro 2013. Recorri&oacute; el predio en donde se desarrolla el evento y particip&oacute; de la caravana que se realiz&oacute; en la tarde del s&aacute;bado. Maglietti comparti&oacute; la tarde con los moteros que se acercaron a saludarla y tomarse fotograf&iacute;as con la figura femenina del evento. [&hellip;]","og_url":"https:\/\/informelitoral.com.ar\/motoencuentro-alejadra-maglietti-fue-la-figura-de-la-tarde-del-sabado\/","og_site_name":"Informe Litoral","article_publisher":"https:\/\/www.facebook.com\/informelitoral\/","article_published_time":"2013-09-08T02:06:00+00:00","og_image":[{"width":799,"height":538,"url":"https:\/\/informelitoral.com.ar\/%77%70%2d%63%6f%6e%74%65%6e%74\/uploads\/2013\/09\/MAGLIETTI.jpg","type":"image\/jpeg"}],"author":"Gonzalo Schmidt","twitter_card":"summary_large_image","twitter_creator":"@InformeLitoral","twitter_site":"@InformeLitoral","twitter_misc":{"Escrito por":"Gonzalo Schmidt","Tiempo de lectura":"1 minuto"},"schema":{"@context":"https:\/\/schema.org","@graph":[{"@type":"Article","@id":"https:\/\/informelitoral.com.ar\/motoencuentro-alejadra-maglietti-fue-la-figura-de-la-tarde-del-sabado\/#article","isPartOf":{"@id":"https:\/\/informelitoral.com.ar\/motoencuentro-alejadra-maglietti-fue-la-figura-de-la-tarde-del-sabado\/"},"author":{"name":"Gonzalo Schmidt","@id":"https:\/\/informelitoral.com.ar\/#\/schema\/person\/b9d00407c836482871ef1d57bf8e3180"},"headline":"Motoencuentro: Alejadra Maglietti, fue la figura de la tarde del s\u00e1bado","datePublished":"2013-09-08T02:06:00+00:00","mainEntityOfPage":{"@id":"https:\/\/informelitoral.com.ar\/motoencuentro-alejadra-maglietti-fue-la-figura-de-la-tarde-del-sabado\/"},"wordCount":214,"commentCount":0,"publisher":{"@id":"https:\/\/informelitoral.com.ar\/#organization"},"image":{"@id":"https:\/\/informelitoral.com.ar\/motoencuentro-alejadra-maglietti-fue-la-figura-de-la-tarde-del-sabado\/#primaryimage"},"thumbnailUrl":"http:\/\/www.isletasnoticias.com.ar\/%77%70%2d%63%6f%6e%74%65%6e%74\/uploads\/2013\/09\/MAGLIETTI-300x202.jpg","inLanguage":"es","potentialAction":[{"@type":"CommentAction","name":"Comment","target":["https:\/\/informelitoral.com.ar\/motoencuentro-alejadra-maglietti-fue-la-figura-de-la-tarde-del-sabado\/#respond"]}]},{"@type":"WebPage","@id":"https:\/\/informelitoral.com.ar\/motoencuentro-alejadra-maglietti-fue-la-figura-de-la-tarde-del-sabado\/","url":"https:\/\/informelitoral.com.ar\/motoencuentro-alejadra-maglietti-fue-la-figura-de-la-tarde-del-sabado\/","name":"Motoencuentro: Alejadra Maglietti, fue la figura de la tarde del s\u00e1bado - Informe Litoral","isPartOf":{"@id":"https:\/\/informelitoral.com.ar\/#website"},"primaryImageOfPage":{"@id":"https:\/\/informelitoral.com.ar\/motoencuentro-alejadra-maglietti-fue-la-figura-de-la-tarde-del-sabado\/#primaryimage"},"image":{"@id":"https:\/\/informelitoral.com.ar\/motoencuentro-alejadra-maglietti-fue-la-figura-de-la-tarde-del-sabado\/#primaryimage"},"thumbnailUrl":"http:\/\/www.isletasnoticias.com.ar\/%77%70%2d%63%6f%6e%74%65%6e%74\/uploads\/2013\/09\/MAGLIETTI-300x202.jpg","datePublished":"2013-09-08T02:06:00+00:00","breadcrumb":{"@id":"https:\/\/informelitoral.com.ar\/motoencuentro-alejadra-maglietti-fue-la-figura-de-la-tarde-del-sabado\/#breadcrumb"},"inLanguage":"es","potentialAction":[{"@type":"ReadAction","target":["https:\/\/informelitoral.com.ar\/motoencuentro-alejadra-maglietti-fue-la-figura-de-la-tarde-del-sabado\/"]}]},{"@type":"ImageObject","inLanguage":"es","@id":"https:\/\/informelitoral.com.ar\/motoencuentro-alejadra-maglietti-fue-la-figura-de-la-tarde-del-sabado\/#primaryimage","url":"http:\/\/www.isletasnoticias.com.ar\/%77%70%2d%63%6f%6e%74%65%6e%74\/uploads\/2013\/09\/MAGLIETTI-300x202.jpg","contentUrl":"http:\/\/www.isletasnoticias.com.ar\/%77%70%2d%63%6f%6e%74%65%6e%74\/uploads\/2013\/09\/MAGLIETTI-300x202.jpg"},{"@type":"BreadcrumbList","@id":"https:\/\/informelitoral.com.ar\/motoencuentro-alejadra-maglietti-fue-la-figura-de-la-tarde-del-sabado\/#breadcrumb","itemListElement":[{"@type":"ListItem","position":1,"name":"Portada","item":"https:\/\/informelitoral.com.ar\/"},{"@type":"ListItem","position":2,"name":"Motoencuentro: Alejadra Maglietti, fue la figura de la tarde del s\u00e1bado"}]},{"@type":"WebSite","@id":"https:\/\/informelitoral.com.ar\/#website","url":"https:\/\/informelitoral.com.ar\/","name":"Informe Litoral","description":"&quot;Nos informamos&quot; ","publisher":{"@id":"https:\/\/informelitoral.com.ar\/#organization"},"potentialAction":[{"@type":"SearchAction","target":{"@type":"EntryPoint","urlTemplate":"https:\/\/informelitoral.com.ar\/?s={search_term_string}"},"query-input":{"@type":"PropertyValueSpecification","valueRequired":true,"valueName":"search_term_string"}}],"inLanguage":"es"},{"@type":"Organization","@id":"https:\/\/informelitoral.com.ar\/#organization","name":"Informe Litoral","url":"https:\/\/informelitoral.com.ar\/","logo":{"@type":"ImageObject","inLanguage":"es","@id":"https:\/\/informelitoral.com.ar\/#\/schema\/logo\/image\/","url":"https:\/\/informelitoral.com.ar\/%77%70%2d%63%6f%6e%74%65%6e%74\/uploads\/2021\/01\/circulo.png","contentUrl":"https:\/\/informelitoral.com.ar\/%77%70%2d%63%6f%6e%74%65%6e%74\/uploads\/2021\/01\/circulo.png","width":723,"height":731,"caption":"Informe Litoral"},"image":{"@id":"https:\/\/informelitoral.com.ar\/#\/schema\/logo\/image\/"},"sameAs":["https:\/\/www.facebook.com\/informelitoral\/","https:\/\/x.com\/InformeLitoral","https:\/\/www.instagram.com\/informelitoral\/","https:\/\/www.youtube.com\/channel\/UCua4Qvz8Icb6MYqhoq9xLXw"]},{"@type":"Person","@id":"https:\/\/informelitoral.com.ar\/#\/schema\/person\/b9d00407c836482871ef1d57bf8e3180","name":"Gonzalo Schmidt","image":{"@type":"ImageObject","inLanguage":"es","@id":"https:\/\/secure.gravatar.com\/avatar\/31a1a7b66ff2de83bd0e9fd79d026630d2d99e55e8bfe501287647b4fd9743de?s=96&d=mm&r=g","url":"https:\/\/secure.gravatar.com\/avatar\/31a1a7b66ff2de83bd0e9fd79d026630d2d99e55e8bfe501287647b4fd9743de?s=96&d=mm&r=g","contentUrl":"https:\/\/secure.gravatar.com\/avatar\/31a1a7b66ff2de83bd0e9fd79d026630d2d99e55e8bfe501287647b4fd9743de?s=96&d=mm&r=g","caption":"Gonzalo Schmidt"},"description":"Sitio web de noticias de la provincia de Entre R\u00edos, Argentina. Informaci\u00f3n y entretenimiento. Informe Litoral, nos informamos.","sameAs":["http:\/\/www.isletasnoticias.com.ar"],"url":"https:\/\/informelitoral.com.ar\/author\/gonzalo\/"}]}},"_links":{"self":[{"href":"https:\/\/informelitoral.com.ar\/%77%70%2d%6a%73%6f%6e\/wp\/v2\/posts\/3106","targetHints":{"allow":["GET"]}}],"collection":[{"href":"https:\/\/informelitoral.com.ar\/%77%70%2d%6a%73%6f%6e\/wp\/v2\/posts"}],"about":[{"href":"https:\/\/informelitoral.com.ar\/%77%70%2d%6a%73%6f%6e\/wp\/v2\/types\/post"}],"author":[{"embeddable":true,"href":"https:\/\/informelitoral.com.ar\/%77%70%2d%6a%73%6f%6e\/wp\/v2\/users\/2"}],"replies":[{"embeddable":true,"href":"https:\/\/informelitoral.com.ar\/%77%70%2d%6a%73%6f%6e\/wp\/v2\/comments?post=3106"}],"version-history":[{"count":0,"href":"https:\/\/informelitoral.com.ar\/%77%70%2d%6a%73%6f%6e\/wp\/v2\/posts\/3106\/revisions"}],"wp:attachment":[{"href":"https:\/\/informelitoral.com.ar\/%77%70%2d%6a%73%6f%6e\/wp\/v2\/media?parent=3106"}],"wp:term":[{"taxonomy":"category","embeddable":true,"href":"https:\/\/informelitoral.com.ar\/%77%70%2d%6a%73%6f%6e\/wp\/v2\/categories?post=3106"},{"taxonomy":"post_tag","embeddable":true,"href":"https:\/\/informelitoral.com.ar\/%77%70%2d%6a%73%6f%6e\/wp\/v2\/tags?post=3106"}],"curies":[{"name":"wp","href":"https:\/\/api.w.org\/{rel}","templated":true}]}}