{"id":31059,"date":"2018-12-10T11:18:58","date_gmt":"2018-12-10T14:18:58","guid":{"rendered":"https:\/\/www.isletasnoticias.com.ar\/?p=31059"},"modified":"2018-12-10T11:24:57","modified_gmt":"2018-12-10T14:24:57","slug":"comienza-el-cronograma-de-pagos-de-becas-provinciales","status":"publish","type":"post","link":"https:\/\/informelitoral.com.ar\/comienza-el-cronograma-de-pagos-de-becas-provinciales\/","title":{"rendered":"Comienza el cronograma de pagos de becas provinciales"},"content":{"rendered":"\n<p>La directora ejecutiva del Instituto Becario,<strong>&nbsp;Claudia Gieco<\/strong>, explic\u00f3 que \u201c<strong>los universitarios a partir de 2018 percibir\u00e1n diciembre, un mes clave de ex\u00e1menes<\/strong>\u201c.<\/p>\n\n\n\n<p>Asimismo, la titular del organismo becario indic\u00f3 que \u201ccomenzar\u00e1n el pr\u00f3ximo ciclo lectivo como becados, por lo que retomar\u00e1n sus actividades y mesas con el apoyo del gobierno provincial; cobrar\u00e1n nueves meses en total, cuando hasta 2017 eran ocho pagos anuales; y sumar\u00e1n las mesas del mes de mayo en la presentaci\u00f3n de la renovaci\u00f3n, lo que les supondr\u00eda tener m\u00e1s materias aprobadas para intentar cumplir como requisitos acad\u00e9micos del reglamento del organismo\u201d.<\/p>\n\n\n\n<p><strong>M\u00e1s de 8.000 estudiantes universitarios y terciarios percibir\u00e1n su beca a trav\u00e9s del banco Entre R\u00edos<\/strong>, siempre con el cronograma seg\u00fan la finalizaci\u00f3n del documento del beneficiario.<\/p>\n\n\n\n<p>Los formularios nuevos y de renovaci\u00f3n superior estar\u00e1n disponibles entre febrero y marzo.<\/p>\n\n\n\n<p><strong>Nivel secundario<\/strong><br>Cabe se\u00f1alar que los alumnos de nivel secundario ya percibieron los ocho meses programados para el calendario educativo 2018. Por ello, el Instituto envi\u00f3 las solicitudes de renovaci\u00f3n por lo que ir\u00e1n recibiendo el formulario, etiquetado con el nombre del beneficiario, en el establecimiento educativo.<\/p>\n\n\n\n<p><strong>Cronograma<\/strong><br>DNI Fecha<br>0 10\/12<br>1 11\/12<br>2 12\/12<br>3 13\/12<br>4 14\/12<br>5 17\/12<br>6 18\/12<br>7 19\/12<br>8 20\/12<br>9 21\/12<\/p>\n","protected":false},"excerpt":{"rendered":"<p>La directora ejecutiva del Instituto Becario,&nbsp;Claudia Gieco, explic&oacute; que &ldquo;los universitarios a partir de 2018 percibir&aacute;n diciembre, un mes clave de ex&aacute;menes&ldquo;. Asimismo, la titular del organismo becario indic&oacute; que &ldquo;comenzar&aacute;n el pr&oacute;ximo ciclo lectivo como becados, por lo que retomar&aacute;n sus actividades y mesas con el apoyo del gobierno provincial; cobrar&aacute;n nueves meses en [&hellip;]<\/p>\n","protected":false},"author":2,"featured_media":26685,"comment_status":"open","ping_status":"open","sticky":false,"template":"","format":"standard","meta":{"fifu_image_url":"","fifu_image_alt":"","footnotes":""},"categories":[6],"tags":[122,81,382],"class_list":{"0":"post-31059","1":"post","2":"type-post","3":"status-publish","4":"format-standard","5":"has-post-thumbnail","7":"category-entre-rios","8":"tag-cronograma-de-pagos","9":"tag-entre-rios","10":"tag-inaubepro"},"yoast_head":"<title>Comienza el cronograma de pagos de becas provinciales - Informe Litoral<\/title>\n<meta name=\"robots\" content=\"index, follow, max-snippet:-1, max-image-preview:large, max-video-preview:-1\" \/>\n<link rel=\"canonical\" href=\"https:\/\/informelitoral.com.ar\/comienza-el-cronograma-de-pagos-de-becas-provinciales\/\" \/>\n<meta property=\"og:locale\" content=\"es_ES\" \/>\n<meta property=\"og:type\" content=\"article\" \/>\n<meta property=\"og:title\" content=\"Comienza el cronograma de pagos de becas provinciales - Informe Litoral\" \/>\n<meta property=\"og:description\" content=\"La directora ejecutiva del Instituto Becario,&nbsp;Claudia Gieco, explic&oacute; que &ldquo;los universitarios a partir de 2018 percibir&aacute;n diciembre, un mes clave de ex&aacute;menes&ldquo;. Asimismo, la titular del organismo becario indic&oacute; que &ldquo;comenzar&aacute;n el pr&oacute;ximo ciclo lectivo como becados, por lo que retomar&aacute;n sus actividades y mesas con el apoyo del gobierno provincial; cobrar&aacute;n nueves meses en [&hellip;]\" \/>\n<meta property=\"og:url\" content=\"https:\/\/informelitoral.com.ar\/comienza-el-cronograma-de-pagos-de-becas-provinciales\/\" \/>\n<meta property=\"og:site_name\" content=\"Informe Litoral\" \/>\n<meta property=\"article:publisher\" content=\"https:\/\/www.facebook.com\/informelitoral\/\" \/>\n<meta property=\"article:published_time\" content=\"2018-12-10T14:18:58+00:00\" \/>\n<meta property=\"article:modified_time\" content=\"2018-12-10T14:24:57+00:00\" \/>\n<meta property=\"og:image\" content=\"https:\/\/informelitoral.com.ar\/%77%70%2d%63%6f%6e%74%65%6e%74\/uploads\/2018\/05\/Becas-inaubepro.jpg\" \/>\n\t<meta property=\"og:image:width\" content=\"640\" \/>\n\t<meta property=\"og:image:height\" content=\"405\" \/>\n\t<meta property=\"og:image:type\" content=\"image\/jpeg\" \/>\n<meta name=\"author\" content=\"Gonzalo Schmidt\" \/>\n<meta name=\"twitter:card\" content=\"summary_large_image\" \/>\n<meta name=\"twitter:creator\" content=\"@InformeLitoral\" \/>\n<meta name=\"twitter:site\" content=\"@InformeLitoral\" \/>\n<meta name=\"twitter:label1\" content=\"Escrito por\" \/>\n\t<meta name=\"twitter:data1\" content=\"Gonzalo Schmidt\" \/>\n\t<meta name=\"twitter:label2\" content=\"Tiempo de lectura\" \/>\n\t<meta name=\"twitter:data2\" content=\"1 minuto\" \/>\n<script type=\"application\/ld+json\" class=\"yoast-schema-graph\">{\"@context\":\"https:\\\/\\\/schema.org\",\"@graph\":[{\"@type\":\"Article\",\"@id\":\"https:\\\/\\\/informelitoral.com.ar\\\/comienza-el-cronograma-de-pagos-de-becas-provinciales\\\/#article\",\"isPartOf\":{\"@id\":\"https:\\\/\\\/informelitoral.com.ar\\\/comienza-el-cronograma-de-pagos-de-becas-provinciales\\\/\"},\"author\":{\"name\":\"Gonzalo Schmidt\",\"@id\":\"https:\\\/\\\/informelitoral.com.ar\\\/#\\\/schema\\\/person\\\/b9d00407c836482871ef1d57bf8e3180\"},\"headline\":\"Comienza el cronograma de pagos de becas provinciales\",\"datePublished\":\"2018-12-10T14:18:58+00:00\",\"dateModified\":\"2018-12-10T14:24:57+00:00\",\"mainEntityOfPage\":{\"@id\":\"https:\\\/\\\/informelitoral.com.ar\\\/comienza-el-cronograma-de-pagos-de-becas-provinciales\\\/\"},\"wordCount\":214,\"commentCount\":0,\"publisher\":{\"@id\":\"https:\\\/\\\/informelitoral.com.ar\\\/#organization\"},\"image\":{\"@id\":\"https:\\\/\\\/informelitoral.com.ar\\\/comienza-el-cronograma-de-pagos-de-becas-provinciales\\\/#primaryimage\"},\"thumbnailUrl\":\"https:\\\/\\\/informelitoral.com.ar\\\/%77%70%2d%63%6f%6e%74%65%6e%74\\\/uploads\\\/2018\\\/05\\\/Becas-inaubepro.jpg\",\"keywords\":[\"Cronograma de pagos\",\"Entre R\u00edos\",\"InAuBePro\"],\"articleSection\":[\"Entre R\u00edos\"],\"inLanguage\":\"es\",\"potentialAction\":[{\"@type\":\"CommentAction\",\"name\":\"Comment\",\"target\":[\"https:\\\/\\\/informelitoral.com.ar\\\/comienza-el-cronograma-de-pagos-de-becas-provinciales\\\/#respond\"]}]},{\"@type\":\"WebPage\",\"@id\":\"https:\\\/\\\/informelitoral.com.ar\\\/comienza-el-cronograma-de-pagos-de-becas-provinciales\\\/\",\"url\":\"https:\\\/\\\/informelitoral.com.ar\\\/comienza-el-cronograma-de-pagos-de-becas-provinciales\\\/\",\"name\":\"Comienza el cronograma de pagos de becas provinciales - Informe Litoral\",\"isPartOf\":{\"@id\":\"https:\\\/\\\/informelitoral.com.ar\\\/#website\"},\"primaryImageOfPage\":{\"@id\":\"https:\\\/\\\/informelitoral.com.ar\\\/comienza-el-cronograma-de-pagos-de-becas-provinciales\\\/#primaryimage\"},\"image\":{\"@id\":\"https:\\\/\\\/informelitoral.com.ar\\\/comienza-el-cronograma-de-pagos-de-becas-provinciales\\\/#primaryimage\"},\"thumbnailUrl\":\"https:\\\/\\\/informelitoral.com.ar\\\/%77%70%2d%63%6f%6e%74%65%6e%74\\\/uploads\\\/2018\\\/05\\\/Becas-inaubepro.jpg\",\"datePublished\":\"2018-12-10T14:18:58+00:00\",\"dateModified\":\"2018-12-10T14:24:57+00:00\",\"breadcrumb\":{\"@id\":\"https:\\\/\\\/informelitoral.com.ar\\\/comienza-el-cronograma-de-pagos-de-becas-provinciales\\\/#breadcrumb\"},\"inLanguage\":\"es\",\"potentialAction\":[{\"@type\":\"ReadAction\",\"target\":[\"https:\\\/\\\/informelitoral.com.ar\\\/comienza-el-cronograma-de-pagos-de-becas-provinciales\\\/\"]}]},{\"@type\":\"ImageObject\",\"inLanguage\":\"es\",\"@id\":\"https:\\\/\\\/informelitoral.com.ar\\\/comienza-el-cronograma-de-pagos-de-becas-provinciales\\\/#primaryimage\",\"url\":\"https:\\\/\\\/informelitoral.com.ar\\\/%77%70%2d%63%6f%6e%74%65%6e%74\\\/uploads\\\/2018\\\/05\\\/Becas-inaubepro.jpg\",\"contentUrl\":\"https:\\\/\\\/informelitoral.com.ar\\\/%77%70%2d%63%6f%6e%74%65%6e%74\\\/uploads\\\/2018\\\/05\\\/Becas-inaubepro.jpg\",\"width\":640,\"height\":405},{\"@type\":\"BreadcrumbList\",\"@id\":\"https:\\\/\\\/informelitoral.com.ar\\\/comienza-el-cronograma-de-pagos-de-becas-provinciales\\\/#breadcrumb\",\"itemListElement\":[{\"@type\":\"ListItem\",\"position\":1,\"name\":\"Portada\",\"item\":\"https:\\\/\\\/informelitoral.com.ar\\\/\"},{\"@type\":\"ListItem\",\"position\":2,\"name\":\"Comienza el cronograma de pagos de becas provinciales\"}]},{\"@type\":\"WebSite\",\"@id\":\"https:\\\/\\\/informelitoral.com.ar\\\/#website\",\"url\":\"https:\\\/\\\/informelitoral.com.ar\\\/\",\"name\":\"Informe Litoral\",\"description\":\"&quot;Nos informamos&quot; \",\"publisher\":{\"@id\":\"https:\\\/\\\/informelitoral.com.ar\\\/#organization\"},\"potentialAction\":[{\"@type\":\"SearchAction\",\"target\":{\"@type\":\"EntryPoint\",\"urlTemplate\":\"https:\\\/\\\/informelitoral.com.ar\\\/?s={search_term_string}\"},\"query-input\":{\"@type\":\"PropertyValueSpecification\",\"valueRequired\":true,\"valueName\":\"search_term_string\"}}],\"inLanguage\":\"es\"},{\"@type\":\"Organization\",\"@id\":\"https:\\\/\\\/informelitoral.com.ar\\\/#organization\",\"name\":\"Informe Litoral\",\"url\":\"https:\\\/\\\/informelitoral.com.ar\\\/\",\"logo\":{\"@type\":\"ImageObject\",\"inLanguage\":\"es\",\"@id\":\"https:\\\/\\\/informelitoral.com.ar\\\/#\\\/schema\\\/logo\\\/image\\\/\",\"url\":\"https:\\\/\\\/informelitoral.com.ar\\\/%77%70%2d%63%6f%6e%74%65%6e%74\\\/uploads\\\/2021\\\/01\\\/circulo.png\",\"contentUrl\":\"https:\\\/\\\/informelitoral.com.ar\\\/%77%70%2d%63%6f%6e%74%65%6e%74\\\/uploads\\\/2021\\\/01\\\/circulo.png\",\"width\":723,\"height\":731,\"caption\":\"Informe Litoral\"},\"image\":{\"@id\":\"https:\\\/\\\/informelitoral.com.ar\\\/#\\\/schema\\\/logo\\\/image\\\/\"},\"sameAs\":[\"https:\\\/\\\/www.facebook.com\\\/informelitoral\\\/\",\"https:\\\/\\\/x.com\\\/InformeLitoral\",\"https:\\\/\\\/www.instagram.com\\\/informelitoral\\\/\",\"https:\\\/\\\/www.youtube.com\\\/channel\\\/UCua4Qvz8Icb6MYqhoq9xLXw\"]},{\"@type\":\"Person\",\"@id\":\"https:\\\/\\\/informelitoral.com.ar\\\/#\\\/schema\\\/person\\\/b9d00407c836482871ef1d57bf8e3180\",\"name\":\"Gonzalo Schmidt\",\"image\":{\"@type\":\"ImageObject\",\"inLanguage\":\"es\",\"@id\":\"https:\\\/\\\/secure.gravatar.com\\\/avatar\\\/31a1a7b66ff2de83bd0e9fd79d026630d2d99e55e8bfe501287647b4fd9743de?s=96&d=mm&r=g\",\"url\":\"https:\\\/\\\/secure.gravatar.com\\\/avatar\\\/31a1a7b66ff2de83bd0e9fd79d026630d2d99e55e8bfe501287647b4fd9743de?s=96&d=mm&r=g\",\"contentUrl\":\"https:\\\/\\\/secure.gravatar.com\\\/avatar\\\/31a1a7b66ff2de83bd0e9fd79d026630d2d99e55e8bfe501287647b4fd9743de?s=96&d=mm&r=g\",\"caption\":\"Gonzalo Schmidt\"},\"description\":\"Sitio web de noticias de la provincia de Entre R\u00edos, Argentina. Informaci\u00f3n y entretenimiento. Informe Litoral, nos informamos.\",\"sameAs\":[\"http:\\\/\\\/www.isletasnoticias.com.ar\"],\"url\":\"https:\\\/\\\/informelitoral.com.ar\\\/author\\\/gonzalo\\\/\"}]}<\/script>","yoast_head_json":{"title":"Comienza el cronograma de pagos de becas provinciales - Informe Litoral","robots":{"index":"index","follow":"follow","max-snippet":"max-snippet:-1","max-image-preview":"max-image-preview:large","max-video-preview":"max-video-preview:-1"},"canonical":"https:\/\/informelitoral.com.ar\/comienza-el-cronograma-de-pagos-de-becas-provinciales\/","og_locale":"es_ES","og_type":"article","og_title":"Comienza el cronograma de pagos de becas provinciales - Informe Litoral","og_description":"La directora ejecutiva del Instituto Becario,&nbsp;Claudia Gieco, explic&oacute; que &ldquo;los universitarios a partir de 2018 percibir&aacute;n diciembre, un mes clave de ex&aacute;menes&ldquo;. Asimismo, la titular del organismo becario indic&oacute; que &ldquo;comenzar&aacute;n el pr&oacute;ximo ciclo lectivo como becados, por lo que retomar&aacute;n sus actividades y mesas con el apoyo del gobierno provincial; cobrar&aacute;n nueves meses en [&hellip;]","og_url":"https:\/\/informelitoral.com.ar\/comienza-el-cronograma-de-pagos-de-becas-provinciales\/","og_site_name":"Informe Litoral","article_publisher":"https:\/\/www.facebook.com\/informelitoral\/","article_published_time":"2018-12-10T14:18:58+00:00","article_modified_time":"2018-12-10T14:24:57+00:00","og_image":[{"width":640,"height":405,"url":"https:\/\/informelitoral.com.ar\/%77%70%2d%63%6f%6e%74%65%6e%74\/uploads\/2018\/05\/Becas-inaubepro.jpg","type":"image\/jpeg"}],"author":"Gonzalo Schmidt","twitter_card":"summary_large_image","twitter_creator":"@InformeLitoral","twitter_site":"@InformeLitoral","twitter_misc":{"Escrito por":"Gonzalo Schmidt","Tiempo de lectura":"1 minuto"},"schema":{"@context":"https:\/\/schema.org","@graph":[{"@type":"Article","@id":"https:\/\/informelitoral.com.ar\/comienza-el-cronograma-de-pagos-de-becas-provinciales\/#article","isPartOf":{"@id":"https:\/\/informelitoral.com.ar\/comienza-el-cronograma-de-pagos-de-becas-provinciales\/"},"author":{"name":"Gonzalo Schmidt","@id":"https:\/\/informelitoral.com.ar\/#\/schema\/person\/b9d00407c836482871ef1d57bf8e3180"},"headline":"Comienza el cronograma de pagos de becas provinciales","datePublished":"2018-12-10T14:18:58+00:00","dateModified":"2018-12-10T14:24:57+00:00","mainEntityOfPage":{"@id":"https:\/\/informelitoral.com.ar\/comienza-el-cronograma-de-pagos-de-becas-provinciales\/"},"wordCount":214,"commentCount":0,"publisher":{"@id":"https:\/\/informelitoral.com.ar\/#organization"},"image":{"@id":"https:\/\/informelitoral.com.ar\/comienza-el-cronograma-de-pagos-de-becas-provinciales\/#primaryimage"},"thumbnailUrl":"https:\/\/informelitoral.com.ar\/%77%70%2d%63%6f%6e%74%65%6e%74\/uploads\/2018\/05\/Becas-inaubepro.jpg","keywords":["Cronograma de pagos","Entre R\u00edos","InAuBePro"],"articleSection":["Entre R\u00edos"],"inLanguage":"es","potentialAction":[{"@type":"CommentAction","name":"Comment","target":["https:\/\/informelitoral.com.ar\/comienza-el-cronograma-de-pagos-de-becas-provinciales\/#respond"]}]},{"@type":"WebPage","@id":"https:\/\/informelitoral.com.ar\/comienza-el-cronograma-de-pagos-de-becas-provinciales\/","url":"https:\/\/informelitoral.com.ar\/comienza-el-cronograma-de-pagos-de-becas-provinciales\/","name":"Comienza el cronograma de pagos de becas provinciales - Informe Litoral","isPartOf":{"@id":"https:\/\/informelitoral.com.ar\/#website"},"primaryImageOfPage":{"@id":"https:\/\/informelitoral.com.ar\/comienza-el-cronograma-de-pagos-de-becas-provinciales\/#primaryimage"},"image":{"@id":"https:\/\/informelitoral.com.ar\/comienza-el-cronograma-de-pagos-de-becas-provinciales\/#primaryimage"},"thumbnailUrl":"https:\/\/informelitoral.com.ar\/%77%70%2d%63%6f%6e%74%65%6e%74\/uploads\/2018\/05\/Becas-inaubepro.jpg","datePublished":"2018-12-10T14:18:58+00:00","dateModified":"2018-12-10T14:24:57+00:00","breadcrumb":{"@id":"https:\/\/informelitoral.com.ar\/comienza-el-cronograma-de-pagos-de-becas-provinciales\/#breadcrumb"},"inLanguage":"es","potentialAction":[{"@type":"ReadAction","target":["https:\/\/informelitoral.com.ar\/comienza-el-cronograma-de-pagos-de-becas-provinciales\/"]}]},{"@type":"ImageObject","inLanguage":"es","@id":"https:\/\/informelitoral.com.ar\/comienza-el-cronograma-de-pagos-de-becas-provinciales\/#primaryimage","url":"https:\/\/informelitoral.com.ar\/%77%70%2d%63%6f%6e%74%65%6e%74\/uploads\/2018\/05\/Becas-inaubepro.jpg","contentUrl":"https:\/\/informelitoral.com.ar\/%77%70%2d%63%6f%6e%74%65%6e%74\/uploads\/2018\/05\/Becas-inaubepro.jpg","width":640,"height":405},{"@type":"BreadcrumbList","@id":"https:\/\/informelitoral.com.ar\/comienza-el-cronograma-de-pagos-de-becas-provinciales\/#breadcrumb","itemListElement":[{"@type":"ListItem","position":1,"name":"Portada","item":"https:\/\/informelitoral.com.ar\/"},{"@type":"ListItem","position":2,"name":"Comienza el cronograma de pagos de becas provinciales"}]},{"@type":"WebSite","@id":"https:\/\/informelitoral.com.ar\/#website","url":"https:\/\/informelitoral.com.ar\/","name":"Informe Litoral","description":"&quot;Nos informamos&quot; ","publisher":{"@id":"https:\/\/informelitoral.com.ar\/#organization"},"potentialAction":[{"@type":"SearchAction","target":{"@type":"EntryPoint","urlTemplate":"https:\/\/informelitoral.com.ar\/?s={search_term_string}"},"query-input":{"@type":"PropertyValueSpecification","valueRequired":true,"valueName":"search_term_string"}}],"inLanguage":"es"},{"@type":"Organization","@id":"https:\/\/informelitoral.com.ar\/#organization","name":"Informe Litoral","url":"https:\/\/informelitoral.com.ar\/","logo":{"@type":"ImageObject","inLanguage":"es","@id":"https:\/\/informelitoral.com.ar\/#\/schema\/logo\/image\/","url":"https:\/\/informelitoral.com.ar\/%77%70%2d%63%6f%6e%74%65%6e%74\/uploads\/2021\/01\/circulo.png","contentUrl":"https:\/\/informelitoral.com.ar\/%77%70%2d%63%6f%6e%74%65%6e%74\/uploads\/2021\/01\/circulo.png","width":723,"height":731,"caption":"Informe Litoral"},"image":{"@id":"https:\/\/informelitoral.com.ar\/#\/schema\/logo\/image\/"},"sameAs":["https:\/\/www.facebook.com\/informelitoral\/","https:\/\/x.com\/InformeLitoral","https:\/\/www.instagram.com\/informelitoral\/","https:\/\/www.youtube.com\/channel\/UCua4Qvz8Icb6MYqhoq9xLXw"]},{"@type":"Person","@id":"https:\/\/informelitoral.com.ar\/#\/schema\/person\/b9d00407c836482871ef1d57bf8e3180","name":"Gonzalo Schmidt","image":{"@type":"ImageObject","inLanguage":"es","@id":"https:\/\/secure.gravatar.com\/avatar\/31a1a7b66ff2de83bd0e9fd79d026630d2d99e55e8bfe501287647b4fd9743de?s=96&d=mm&r=g","url":"https:\/\/secure.gravatar.com\/avatar\/31a1a7b66ff2de83bd0e9fd79d026630d2d99e55e8bfe501287647b4fd9743de?s=96&d=mm&r=g","contentUrl":"https:\/\/secure.gravatar.com\/avatar\/31a1a7b66ff2de83bd0e9fd79d026630d2d99e55e8bfe501287647b4fd9743de?s=96&d=mm&r=g","caption":"Gonzalo Schmidt"},"description":"Sitio web de noticias de la provincia de Entre R\u00edos, Argentina. Informaci\u00f3n y entretenimiento. Informe Litoral, nos informamos.","sameAs":["http:\/\/www.isletasnoticias.com.ar"],"url":"https:\/\/informelitoral.com.ar\/author\/gonzalo\/"}]}},"_links":{"self":[{"href":"https:\/\/informelitoral.com.ar\/%77%70%2d%6a%73%6f%6e\/wp\/v2\/posts\/31059","targetHints":{"allow":["GET"]}}],"collection":[{"href":"https:\/\/informelitoral.com.ar\/%77%70%2d%6a%73%6f%6e\/wp\/v2\/posts"}],"about":[{"href":"https:\/\/informelitoral.com.ar\/%77%70%2d%6a%73%6f%6e\/wp\/v2\/types\/post"}],"author":[{"embeddable":true,"href":"https:\/\/informelitoral.com.ar\/%77%70%2d%6a%73%6f%6e\/wp\/v2\/users\/2"}],"replies":[{"embeddable":true,"href":"https:\/\/informelitoral.com.ar\/%77%70%2d%6a%73%6f%6e\/wp\/v2\/comments?post=31059"}],"version-history":[{"count":0,"href":"https:\/\/informelitoral.com.ar\/%77%70%2d%6a%73%6f%6e\/wp\/v2\/posts\/31059\/revisions"}],"wp:featuredmedia":[{"embeddable":true,"href":"https:\/\/informelitoral.com.ar\/%77%70%2d%6a%73%6f%6e\/wp\/v2\/media\/26685"}],"wp:attachment":[{"href":"https:\/\/informelitoral.com.ar\/%77%70%2d%6a%73%6f%6e\/wp\/v2\/media?parent=31059"}],"wp:term":[{"taxonomy":"category","embeddable":true,"href":"https:\/\/informelitoral.com.ar\/%77%70%2d%6a%73%6f%6e\/wp\/v2\/categories?post=31059"},{"taxonomy":"post_tag","embeddable":true,"href":"https:\/\/informelitoral.com.ar\/%77%70%2d%6a%73%6f%6e\/wp\/v2\/tags?post=31059"}],"curies":[{"name":"wp","href":"https:\/\/api.w.org\/{rel}","templated":true}]}}