{"id":3100,"date":"2013-09-05T23:03:08","date_gmt":"2013-09-06T02:03:08","guid":{"rendered":"http:\/\/www.isletasnoticias.com.ar\/?p=3100"},"modified":"2013-09-05T23:03:08","modified_gmt":"2013-09-06T02:03:08","slug":"este-sabado-fm-eco-transmitira-desde-el-motoencuentro-por-cuarto-ano","status":"publish","type":"post","link":"https:\/\/informelitoral.com.ar\/este-sabado-fm-eco-transmitira-desde-el-motoencuentro-por-cuarto-ano\/","title":{"rendered":"Este s\u00e1bado FM Eco transmitir\u00e1 desde el Motoencuentro por cuarto a\u00f1o"},"content":{"rendered":"<p><strong>La transmisi\u00f3n ser\u00e1 este s\u00e1bado 7, de 15:00 a 18:00, directamente desde el predio del complejo Valle de la Ensenada, donde se lleva a cabo por decimoctavo a\u00f1o consecutivo el Motoencuentro Internacio<strong>nal.<\/strong><\/strong><\/p>\n<p style=\"text-align: center;\"><img loading=\"lazy\" decoding=\"async\" class=\"size-medium wp-image-3101 aligncenter\" title=\"Imagen: Uno por Semana.\" alt=\"\" src=\"http:\/\/www.isletasnoticias.com.ar\/%77%70%2d%63%6f%6e%74%65%6e%74\/uploads\/2013\/09\/moto1-300x193.jpg\" width=\"300\" height=\"193\" srcset=\"https:\/\/informelitoral.com.ar\/%77%70%2d%63%6f%6e%74%65%6e%74\/uploads\/2013\/09\/moto1-300x193.jpg 300w, https:\/\/informelitoral.com.ar\/%77%70%2d%63%6f%6e%74%65%6e%74\/uploads\/2013\/09\/moto1.jpg 720w\" sizes=\"auto, (max-width: 300px) 100vw, 300px\" \/><\/p>\n<p>\u00a0 El programa <em>Uno por Semana,\u00a0<\/em>que desde el 6 de marzo del 2010 se emite por FM Eco 100.3 de General Ram\u00edrez, transmitir\u00e1 por cuarto a\u00f1o consecutivo desde el Motoencuentro Internacional de Diamante.<\/p>\n<p>El ciclo radial que es conducido por<strong> Gonzalo Schmidt<\/strong>, operado t\u00e9cnicamente por<strong> Emiliano Sch\u00e1nzenbach<\/strong>, y cuenta con la participaci\u00f3n de<strong> Dar\u00edo L\u00f3pez<\/strong>, como corresponsal de Las Cuevas, va los s\u00e1bados de 15:00 a 18:00 por la emisora ramirense y tambi\u00e9n se lo puede sintonizar a trav\u00e9s de internet en: www.fmeco1003.com.ar.<\/p>\n<p><img loading=\"lazy\" decoding=\"async\" class=\"size-medium wp-image-3057 alignright\" title=\"El programa va los s\u00e1bados de 15:00 a 18:00 y puede ser sintonizado en: www.fmeco1003.com.ar\" alt=\"\" src=\"http:\/\/www.isletasnoticias.com.ar\/%77%70%2d%63%6f%6e%74%65%6e%74\/uploads\/2013\/09\/motoencuentro-1-300x174.jpg\" width=\"300\" height=\"174\" srcset=\"https:\/\/informelitoral.com.ar\/%77%70%2d%63%6f%6e%74%65%6e%74\/uploads\/2013\/09\/motoencuentro-1-300x174.jpg 300w, https:\/\/informelitoral.com.ar\/%77%70%2d%63%6f%6e%74%65%6e%74\/uploads\/2013\/09\/motoencuentro-1.jpg 599w\" sizes=\"auto, (max-width: 300px) 100vw, 300px\" \/><\/p>\n<p>Seg\u00fan se inform\u00f3, la intenci\u00f3n durante las tres horas de programaci\u00f3n es transmitir el mayor tiempo posible en directo desde Diamante, \u00abno s\u00f3lo para pasar n\u00fameros que va dejando el evento, sino para hablar con todos los protagonistas; desde funcionarios, pasando por moteros que vienen de lejos o cerca, personal policial, de servicio y todo lo que vaya surgiendo a lo largo de la tarde\u00bb. Expres\u00f3 Schmidt.<\/p>\n<p style=\"text-align: left;\">\u00abLa idea es hacer pasar un buen momento a los oyentes y en especial para que aquellos que no puedan ir y les guste, lo vivan a trav\u00e9s de la radio, por eso agradezco a quienes har\u00e1n posible un a\u00f1os m\u00e1s esta transmisi\u00f3n\u00bb. Finaliz\u00f3 el conductor.<\/p>\n","protected":false},"excerpt":{"rendered":"<p>La transmisi&oacute;n ser&aacute; este s&aacute;bado 7, de 15:00 a 18:00, directamente desde el predio del complejo Valle de la Ensenada, donde se lleva a cabo por decimoctavo a&ntilde;o consecutivo el Motoencuentro Internacional. &nbsp; El programa Uno por Semana,&nbsp;que desde el 6 de marzo del 2010 se emite por FM Eco 100.3 de General Ram&iacute;rez, transmitir&aacute; [&hellip;]<\/p>\n","protected":false},"author":2,"featured_media":0,"comment_status":"open","ping_status":"open","sticky":false,"template":"","format":"standard","meta":{"fifu_image_url":"","fifu_image_alt":"","footnotes":""},"categories":[5,12],"tags":[],"class_list":{"0":"post-3100","1":"post","2":"type-post","3":"status-publish","4":"format-standard","6":"category-zonales","7":"category-espectaculos"},"yoast_head":"<title>Este s\u00e1bado FM Eco transmitir\u00e1 desde el Motoencuentro por cuarto a\u00f1o - Informe Litoral<\/title>\n<meta name=\"robots\" content=\"index, follow, max-snippet:-1, max-image-preview:large, max-video-preview:-1\" \/>\n<link rel=\"canonical\" href=\"https:\/\/informelitoral.com.ar\/este-sabado-fm-eco-transmitira-desde-el-motoencuentro-por-cuarto-ano\/\" \/>\n<meta property=\"og:locale\" content=\"es_ES\" \/>\n<meta property=\"og:type\" content=\"article\" \/>\n<meta property=\"og:title\" content=\"Este s\u00e1bado FM Eco transmitir\u00e1 desde el Motoencuentro por cuarto a\u00f1o - Informe Litoral\" \/>\n<meta property=\"og:description\" content=\"La transmisi&oacute;n ser&aacute; este s&aacute;bado 7, de 15:00 a 18:00, directamente desde el predio del complejo Valle de la Ensenada, donde se lleva a cabo por decimoctavo a&ntilde;o consecutivo el Motoencuentro Internacional. &nbsp; El programa Uno por Semana,&nbsp;que desde el 6 de marzo del 2010 se emite por FM Eco 100.3 de General Ram&iacute;rez, transmitir&aacute; [&hellip;]\" \/>\n<meta property=\"og:url\" content=\"https:\/\/informelitoral.com.ar\/este-sabado-fm-eco-transmitira-desde-el-motoencuentro-por-cuarto-ano\/\" \/>\n<meta property=\"og:site_name\" content=\"Informe Litoral\" \/>\n<meta property=\"article:publisher\" content=\"https:\/\/www.facebook.com\/informelitoral\/\" \/>\n<meta property=\"article:published_time\" content=\"2013-09-06T02:03:08+00:00\" \/>\n<meta property=\"og:image\" content=\"https:\/\/informelitoral.com.ar\/%77%70%2d%63%6f%6e%74%65%6e%74\/uploads\/2013\/09\/moto1.jpg\" \/>\n\t<meta property=\"og:image:width\" content=\"720\" \/>\n\t<meta property=\"og:image:height\" content=\"464\" \/>\n\t<meta property=\"og:image:type\" content=\"image\/jpeg\" \/>\n<meta name=\"author\" content=\"Gonzalo Schmidt\" \/>\n<meta name=\"twitter:card\" content=\"summary_large_image\" \/>\n<meta name=\"twitter:creator\" content=\"@InformeLitoral\" \/>\n<meta name=\"twitter:site\" content=\"@InformeLitoral\" \/>\n<meta name=\"twitter:label1\" content=\"Escrito por\" \/>\n\t<meta name=\"twitter:data1\" content=\"Gonzalo Schmidt\" \/>\n\t<meta name=\"twitter:label2\" content=\"Tiempo de lectura\" \/>\n\t<meta name=\"twitter:data2\" content=\"1 minuto\" \/>\n<script type=\"application\/ld+json\" class=\"yoast-schema-graph\">{\"@context\":\"https:\\\/\\\/schema.org\",\"@graph\":[{\"@type\":\"Article\",\"@id\":\"https:\\\/\\\/informelitoral.com.ar\\\/este-sabado-fm-eco-transmitira-desde-el-motoencuentro-por-cuarto-ano\\\/#article\",\"isPartOf\":{\"@id\":\"https:\\\/\\\/informelitoral.com.ar\\\/este-sabado-fm-eco-transmitira-desde-el-motoencuentro-por-cuarto-ano\\\/\"},\"author\":{\"name\":\"Gonzalo Schmidt\",\"@id\":\"https:\\\/\\\/informelitoral.com.ar\\\/#\\\/schema\\\/person\\\/b9d00407c836482871ef1d57bf8e3180\"},\"headline\":\"Este s\u00e1bado FM Eco transmitir\u00e1 desde el Motoencuentro por cuarto a\u00f1o\",\"datePublished\":\"2013-09-06T02:03:08+00:00\",\"mainEntityOfPage\":{\"@id\":\"https:\\\/\\\/informelitoral.com.ar\\\/este-sabado-fm-eco-transmitira-desde-el-motoencuentro-por-cuarto-ano\\\/\"},\"wordCount\":259,\"commentCount\":0,\"publisher\":{\"@id\":\"https:\\\/\\\/informelitoral.com.ar\\\/#organization\"},\"image\":{\"@id\":\"https:\\\/\\\/informelitoral.com.ar\\\/este-sabado-fm-eco-transmitira-desde-el-motoencuentro-por-cuarto-ano\\\/#primaryimage\"},\"thumbnailUrl\":\"http:\\\/\\\/www.isletasnoticias.com.ar\\\/%77%70%2d%63%6f%6e%74%65%6e%74\\\/uploads\\\/2013\\\/09\\\/moto1-300x193.jpg\",\"articleSection\":[\"Departamento Diamante\",\"Espect\u00e1culos\"],\"inLanguage\":\"es\",\"potentialAction\":[{\"@type\":\"CommentAction\",\"name\":\"Comment\",\"target\":[\"https:\\\/\\\/informelitoral.com.ar\\\/este-sabado-fm-eco-transmitira-desde-el-motoencuentro-por-cuarto-ano\\\/#respond\"]}]},{\"@type\":\"WebPage\",\"@id\":\"https:\\\/\\\/informelitoral.com.ar\\\/este-sabado-fm-eco-transmitira-desde-el-motoencuentro-por-cuarto-ano\\\/\",\"url\":\"https:\\\/\\\/informelitoral.com.ar\\\/este-sabado-fm-eco-transmitira-desde-el-motoencuentro-por-cuarto-ano\\\/\",\"name\":\"Este s\u00e1bado FM Eco transmitir\u00e1 desde el Motoencuentro por cuarto a\u00f1o - Informe Litoral\",\"isPartOf\":{\"@id\":\"https:\\\/\\\/informelitoral.com.ar\\\/#website\"},\"primaryImageOfPage\":{\"@id\":\"https:\\\/\\\/informelitoral.com.ar\\\/este-sabado-fm-eco-transmitira-desde-el-motoencuentro-por-cuarto-ano\\\/#primaryimage\"},\"image\":{\"@id\":\"https:\\\/\\\/informelitoral.com.ar\\\/este-sabado-fm-eco-transmitira-desde-el-motoencuentro-por-cuarto-ano\\\/#primaryimage\"},\"thumbnailUrl\":\"http:\\\/\\\/www.isletasnoticias.com.ar\\\/%77%70%2d%63%6f%6e%74%65%6e%74\\\/uploads\\\/2013\\\/09\\\/moto1-300x193.jpg\",\"datePublished\":\"2013-09-06T02:03:08+00:00\",\"breadcrumb\":{\"@id\":\"https:\\\/\\\/informelitoral.com.ar\\\/este-sabado-fm-eco-transmitira-desde-el-motoencuentro-por-cuarto-ano\\\/#breadcrumb\"},\"inLanguage\":\"es\",\"potentialAction\":[{\"@type\":\"ReadAction\",\"target\":[\"https:\\\/\\\/informelitoral.com.ar\\\/este-sabado-fm-eco-transmitira-desde-el-motoencuentro-por-cuarto-ano\\\/\"]}]},{\"@type\":\"ImageObject\",\"inLanguage\":\"es\",\"@id\":\"https:\\\/\\\/informelitoral.com.ar\\\/este-sabado-fm-eco-transmitira-desde-el-motoencuentro-por-cuarto-ano\\\/#primaryimage\",\"url\":\"http:\\\/\\\/www.isletasnoticias.com.ar\\\/%77%70%2d%63%6f%6e%74%65%6e%74\\\/uploads\\\/2013\\\/09\\\/moto1-300x193.jpg\",\"contentUrl\":\"http:\\\/\\\/www.isletasnoticias.com.ar\\\/%77%70%2d%63%6f%6e%74%65%6e%74\\\/uploads\\\/2013\\\/09\\\/moto1-300x193.jpg\"},{\"@type\":\"BreadcrumbList\",\"@id\":\"https:\\\/\\\/informelitoral.com.ar\\\/este-sabado-fm-eco-transmitira-desde-el-motoencuentro-por-cuarto-ano\\\/#breadcrumb\",\"itemListElement\":[{\"@type\":\"ListItem\",\"position\":1,\"name\":\"Portada\",\"item\":\"https:\\\/\\\/informelitoral.com.ar\\\/\"},{\"@type\":\"ListItem\",\"position\":2,\"name\":\"Este s\u00e1bado FM Eco transmitir\u00e1 desde el Motoencuentro por cuarto a\u00f1o\"}]},{\"@type\":\"WebSite\",\"@id\":\"https:\\\/\\\/informelitoral.com.ar\\\/#website\",\"url\":\"https:\\\/\\\/informelitoral.com.ar\\\/\",\"name\":\"Informe Litoral\",\"description\":\"&quot;Nos informamos&quot; \",\"publisher\":{\"@id\":\"https:\\\/\\\/informelitoral.com.ar\\\/#organization\"},\"potentialAction\":[{\"@type\":\"SearchAction\",\"target\":{\"@type\":\"EntryPoint\",\"urlTemplate\":\"https:\\\/\\\/informelitoral.com.ar\\\/?s={search_term_string}\"},\"query-input\":{\"@type\":\"PropertyValueSpecification\",\"valueRequired\":true,\"valueName\":\"search_term_string\"}}],\"inLanguage\":\"es\"},{\"@type\":\"Organization\",\"@id\":\"https:\\\/\\\/informelitoral.com.ar\\\/#organization\",\"name\":\"Informe Litoral\",\"url\":\"https:\\\/\\\/informelitoral.com.ar\\\/\",\"logo\":{\"@type\":\"ImageObject\",\"inLanguage\":\"es\",\"@id\":\"https:\\\/\\\/informelitoral.com.ar\\\/#\\\/schema\\\/logo\\\/image\\\/\",\"url\":\"https:\\\/\\\/informelitoral.com.ar\\\/%77%70%2d%63%6f%6e%74%65%6e%74\\\/uploads\\\/2021\\\/01\\\/circulo.png\",\"contentUrl\":\"https:\\\/\\\/informelitoral.com.ar\\\/%77%70%2d%63%6f%6e%74%65%6e%74\\\/uploads\\\/2021\\\/01\\\/circulo.png\",\"width\":723,\"height\":731,\"caption\":\"Informe Litoral\"},\"image\":{\"@id\":\"https:\\\/\\\/informelitoral.com.ar\\\/#\\\/schema\\\/logo\\\/image\\\/\"},\"sameAs\":[\"https:\\\/\\\/www.facebook.com\\\/informelitoral\\\/\",\"https:\\\/\\\/x.com\\\/InformeLitoral\",\"https:\\\/\\\/www.instagram.com\\\/informelitoral\\\/\",\"https:\\\/\\\/www.youtube.com\\\/channel\\\/UCua4Qvz8Icb6MYqhoq9xLXw\"]},{\"@type\":\"Person\",\"@id\":\"https:\\\/\\\/informelitoral.com.ar\\\/#\\\/schema\\\/person\\\/b9d00407c836482871ef1d57bf8e3180\",\"name\":\"Gonzalo Schmidt\",\"image\":{\"@type\":\"ImageObject\",\"inLanguage\":\"es\",\"@id\":\"https:\\\/\\\/secure.gravatar.com\\\/avatar\\\/31a1a7b66ff2de83bd0e9fd79d026630d2d99e55e8bfe501287647b4fd9743de?s=96&d=mm&r=g\",\"url\":\"https:\\\/\\\/secure.gravatar.com\\\/avatar\\\/31a1a7b66ff2de83bd0e9fd79d026630d2d99e55e8bfe501287647b4fd9743de?s=96&d=mm&r=g\",\"contentUrl\":\"https:\\\/\\\/secure.gravatar.com\\\/avatar\\\/31a1a7b66ff2de83bd0e9fd79d026630d2d99e55e8bfe501287647b4fd9743de?s=96&d=mm&r=g\",\"caption\":\"Gonzalo Schmidt\"},\"description\":\"Sitio web de noticias de la provincia de Entre R\u00edos, Argentina. Informaci\u00f3n y entretenimiento. Informe Litoral, nos informamos.\",\"sameAs\":[\"http:\\\/\\\/www.isletasnoticias.com.ar\"],\"url\":\"https:\\\/\\\/informelitoral.com.ar\\\/author\\\/gonzalo\\\/\"}]}<\/script>","yoast_head_json":{"title":"Este s\u00e1bado FM Eco transmitir\u00e1 desde el Motoencuentro por cuarto a\u00f1o - Informe Litoral","robots":{"index":"index","follow":"follow","max-snippet":"max-snippet:-1","max-image-preview":"max-image-preview:large","max-video-preview":"max-video-preview:-1"},"canonical":"https:\/\/informelitoral.com.ar\/este-sabado-fm-eco-transmitira-desde-el-motoencuentro-por-cuarto-ano\/","og_locale":"es_ES","og_type":"article","og_title":"Este s\u00e1bado FM Eco transmitir\u00e1 desde el Motoencuentro por cuarto a\u00f1o - Informe Litoral","og_description":"La transmisi&oacute;n ser&aacute; este s&aacute;bado 7, de 15:00 a 18:00, directamente desde el predio del complejo Valle de la Ensenada, donde se lleva a cabo por decimoctavo a&ntilde;o consecutivo el Motoencuentro Internacional. &nbsp; El programa Uno por Semana,&nbsp;que desde el 6 de marzo del 2010 se emite por FM Eco 100.3 de General Ram&iacute;rez, transmitir&aacute; [&hellip;]","og_url":"https:\/\/informelitoral.com.ar\/este-sabado-fm-eco-transmitira-desde-el-motoencuentro-por-cuarto-ano\/","og_site_name":"Informe Litoral","article_publisher":"https:\/\/www.facebook.com\/informelitoral\/","article_published_time":"2013-09-06T02:03:08+00:00","og_image":[{"width":720,"height":464,"url":"https:\/\/informelitoral.com.ar\/%77%70%2d%63%6f%6e%74%65%6e%74\/uploads\/2013\/09\/moto1.jpg","type":"image\/jpeg"}],"author":"Gonzalo Schmidt","twitter_card":"summary_large_image","twitter_creator":"@InformeLitoral","twitter_site":"@InformeLitoral","twitter_misc":{"Escrito por":"Gonzalo Schmidt","Tiempo de lectura":"1 minuto"},"schema":{"@context":"https:\/\/schema.org","@graph":[{"@type":"Article","@id":"https:\/\/informelitoral.com.ar\/este-sabado-fm-eco-transmitira-desde-el-motoencuentro-por-cuarto-ano\/#article","isPartOf":{"@id":"https:\/\/informelitoral.com.ar\/este-sabado-fm-eco-transmitira-desde-el-motoencuentro-por-cuarto-ano\/"},"author":{"name":"Gonzalo Schmidt","@id":"https:\/\/informelitoral.com.ar\/#\/schema\/person\/b9d00407c836482871ef1d57bf8e3180"},"headline":"Este s\u00e1bado FM Eco transmitir\u00e1 desde el Motoencuentro por cuarto a\u00f1o","datePublished":"2013-09-06T02:03:08+00:00","mainEntityOfPage":{"@id":"https:\/\/informelitoral.com.ar\/este-sabado-fm-eco-transmitira-desde-el-motoencuentro-por-cuarto-ano\/"},"wordCount":259,"commentCount":0,"publisher":{"@id":"https:\/\/informelitoral.com.ar\/#organization"},"image":{"@id":"https:\/\/informelitoral.com.ar\/este-sabado-fm-eco-transmitira-desde-el-motoencuentro-por-cuarto-ano\/#primaryimage"},"thumbnailUrl":"http:\/\/www.isletasnoticias.com.ar\/%77%70%2d%63%6f%6e%74%65%6e%74\/uploads\/2013\/09\/moto1-300x193.jpg","articleSection":["Departamento Diamante","Espect\u00e1culos"],"inLanguage":"es","potentialAction":[{"@type":"CommentAction","name":"Comment","target":["https:\/\/informelitoral.com.ar\/este-sabado-fm-eco-transmitira-desde-el-motoencuentro-por-cuarto-ano\/#respond"]}]},{"@type":"WebPage","@id":"https:\/\/informelitoral.com.ar\/este-sabado-fm-eco-transmitira-desde-el-motoencuentro-por-cuarto-ano\/","url":"https:\/\/informelitoral.com.ar\/este-sabado-fm-eco-transmitira-desde-el-motoencuentro-por-cuarto-ano\/","name":"Este s\u00e1bado FM Eco transmitir\u00e1 desde el Motoencuentro por cuarto a\u00f1o - Informe Litoral","isPartOf":{"@id":"https:\/\/informelitoral.com.ar\/#website"},"primaryImageOfPage":{"@id":"https:\/\/informelitoral.com.ar\/este-sabado-fm-eco-transmitira-desde-el-motoencuentro-por-cuarto-ano\/#primaryimage"},"image":{"@id":"https:\/\/informelitoral.com.ar\/este-sabado-fm-eco-transmitira-desde-el-motoencuentro-por-cuarto-ano\/#primaryimage"},"thumbnailUrl":"http:\/\/www.isletasnoticias.com.ar\/%77%70%2d%63%6f%6e%74%65%6e%74\/uploads\/2013\/09\/moto1-300x193.jpg","datePublished":"2013-09-06T02:03:08+00:00","breadcrumb":{"@id":"https:\/\/informelitoral.com.ar\/este-sabado-fm-eco-transmitira-desde-el-motoencuentro-por-cuarto-ano\/#breadcrumb"},"inLanguage":"es","potentialAction":[{"@type":"ReadAction","target":["https:\/\/informelitoral.com.ar\/este-sabado-fm-eco-transmitira-desde-el-motoencuentro-por-cuarto-ano\/"]}]},{"@type":"ImageObject","inLanguage":"es","@id":"https:\/\/informelitoral.com.ar\/este-sabado-fm-eco-transmitira-desde-el-motoencuentro-por-cuarto-ano\/#primaryimage","url":"http:\/\/www.isletasnoticias.com.ar\/%77%70%2d%63%6f%6e%74%65%6e%74\/uploads\/2013\/09\/moto1-300x193.jpg","contentUrl":"http:\/\/www.isletasnoticias.com.ar\/%77%70%2d%63%6f%6e%74%65%6e%74\/uploads\/2013\/09\/moto1-300x193.jpg"},{"@type":"BreadcrumbList","@id":"https:\/\/informelitoral.com.ar\/este-sabado-fm-eco-transmitira-desde-el-motoencuentro-por-cuarto-ano\/#breadcrumb","itemListElement":[{"@type":"ListItem","position":1,"name":"Portada","item":"https:\/\/informelitoral.com.ar\/"},{"@type":"ListItem","position":2,"name":"Este s\u00e1bado FM Eco transmitir\u00e1 desde el Motoencuentro por cuarto a\u00f1o"}]},{"@type":"WebSite","@id":"https:\/\/informelitoral.com.ar\/#website","url":"https:\/\/informelitoral.com.ar\/","name":"Informe Litoral","description":"&quot;Nos informamos&quot; ","publisher":{"@id":"https:\/\/informelitoral.com.ar\/#organization"},"potentialAction":[{"@type":"SearchAction","target":{"@type":"EntryPoint","urlTemplate":"https:\/\/informelitoral.com.ar\/?s={search_term_string}"},"query-input":{"@type":"PropertyValueSpecification","valueRequired":true,"valueName":"search_term_string"}}],"inLanguage":"es"},{"@type":"Organization","@id":"https:\/\/informelitoral.com.ar\/#organization","name":"Informe Litoral","url":"https:\/\/informelitoral.com.ar\/","logo":{"@type":"ImageObject","inLanguage":"es","@id":"https:\/\/informelitoral.com.ar\/#\/schema\/logo\/image\/","url":"https:\/\/informelitoral.com.ar\/%77%70%2d%63%6f%6e%74%65%6e%74\/uploads\/2021\/01\/circulo.png","contentUrl":"https:\/\/informelitoral.com.ar\/%77%70%2d%63%6f%6e%74%65%6e%74\/uploads\/2021\/01\/circulo.png","width":723,"height":731,"caption":"Informe Litoral"},"image":{"@id":"https:\/\/informelitoral.com.ar\/#\/schema\/logo\/image\/"},"sameAs":["https:\/\/www.facebook.com\/informelitoral\/","https:\/\/x.com\/InformeLitoral","https:\/\/www.instagram.com\/informelitoral\/","https:\/\/www.youtube.com\/channel\/UCua4Qvz8Icb6MYqhoq9xLXw"]},{"@type":"Person","@id":"https:\/\/informelitoral.com.ar\/#\/schema\/person\/b9d00407c836482871ef1d57bf8e3180","name":"Gonzalo Schmidt","image":{"@type":"ImageObject","inLanguage":"es","@id":"https:\/\/secure.gravatar.com\/avatar\/31a1a7b66ff2de83bd0e9fd79d026630d2d99e55e8bfe501287647b4fd9743de?s=96&d=mm&r=g","url":"https:\/\/secure.gravatar.com\/avatar\/31a1a7b66ff2de83bd0e9fd79d026630d2d99e55e8bfe501287647b4fd9743de?s=96&d=mm&r=g","contentUrl":"https:\/\/secure.gravatar.com\/avatar\/31a1a7b66ff2de83bd0e9fd79d026630d2d99e55e8bfe501287647b4fd9743de?s=96&d=mm&r=g","caption":"Gonzalo Schmidt"},"description":"Sitio web de noticias de la provincia de Entre R\u00edos, Argentina. Informaci\u00f3n y entretenimiento. Informe Litoral, nos informamos.","sameAs":["http:\/\/www.isletasnoticias.com.ar"],"url":"https:\/\/informelitoral.com.ar\/author\/gonzalo\/"}]}},"_links":{"self":[{"href":"https:\/\/informelitoral.com.ar\/%77%70%2d%6a%73%6f%6e\/wp\/v2\/posts\/3100","targetHints":{"allow":["GET"]}}],"collection":[{"href":"https:\/\/informelitoral.com.ar\/%77%70%2d%6a%73%6f%6e\/wp\/v2\/posts"}],"about":[{"href":"https:\/\/informelitoral.com.ar\/%77%70%2d%6a%73%6f%6e\/wp\/v2\/types\/post"}],"author":[{"embeddable":true,"href":"https:\/\/informelitoral.com.ar\/%77%70%2d%6a%73%6f%6e\/wp\/v2\/users\/2"}],"replies":[{"embeddable":true,"href":"https:\/\/informelitoral.com.ar\/%77%70%2d%6a%73%6f%6e\/wp\/v2\/comments?post=3100"}],"version-history":[{"count":0,"href":"https:\/\/informelitoral.com.ar\/%77%70%2d%6a%73%6f%6e\/wp\/v2\/posts\/3100\/revisions"}],"wp:attachment":[{"href":"https:\/\/informelitoral.com.ar\/%77%70%2d%6a%73%6f%6e\/wp\/v2\/media?parent=3100"}],"wp:term":[{"taxonomy":"category","embeddable":true,"href":"https:\/\/informelitoral.com.ar\/%77%70%2d%6a%73%6f%6e\/wp\/v2\/categories?post=3100"},{"taxonomy":"post_tag","embeddable":true,"href":"https:\/\/informelitoral.com.ar\/%77%70%2d%6a%73%6f%6e\/wp\/v2\/tags?post=3100"}],"curies":[{"name":"wp","href":"https:\/\/api.w.org\/{rel}","templated":true}]}}