{"id":30981,"date":"2018-11-28T20:24:47","date_gmt":"2018-11-28T23:24:47","guid":{"rendered":"https:\/\/www.isletasnoticias.com.ar\/?p=30981"},"modified":"2018-12-05T08:29:29","modified_gmt":"2018-12-05T11:29:29","slug":"ley-de-comunas-senado-dio-sancion-definitiva-con-apoyo-de-cambiemos","status":"publish","type":"post","link":"https:\/\/informelitoral.com.ar\/ley-de-comunas-senado-dio-sancion-definitiva-con-apoyo-de-cambiemos\/","title":{"rendered":"Ley de Comunas: Senado dio sanci\u00f3n definitiva con apoyo de Cambiemos"},"content":{"rendered":"<p>La ley de Comunas obtuvo este mi\u00e9rcoles por la noche sanci\u00f3n definitiva al ser aprobada por el Senado provincial. La norma fue apoyada en general por el bloque Cambiemos, a excepci\u00f3n de Nicol\u00e1s Mattiauda, de Gualeguaych\u00fa, y Beltr\u00e1n Lora, de Nogoy\u00e1. El oficialismo vot\u00f3 completo y los dos unipersonales tambi\u00e9n aprobaron: Pablo Canali, de Col\u00f3n, y H\u00e9ctor Blanco, de Tala.<\/p>\n<p>La nueva ley reglamenta el art\u00edculo de la Constituci\u00f3n 2008 que define a las comunas como centros de poblaci\u00f3n de entre 400 y 1500 habitantes, con autonom\u00eda para discutir sus propias normas, establecer sus propias fuentes de ingresos y elegir a sus autoridades. Se trata de una autonom\u00eda \u201csemiplena\u201d, ya que s\u00f3lo los municipios de m\u00e1s de 10.000 habitantes tienen pueden dictarse su propia carta org\u00e1nica.<\/p>\n<p>Las Comunas de Primera Categor\u00eda ser\u00e1n aquellas actuales juntas de gobierno que tengan m\u00e1s de 700 y hasta 1.500 habitantes, mientras que las de Segunda Categor\u00eda tendr\u00e1n entre 400 y 700 habitantes.<\/p>\n<p>El proyecto que logr\u00f3 sanci\u00f3n total este mi\u00e9rcoles contempla que el gobierno de cada comuna ser\u00e1 ejercido por dos \u00f3rganos: un Departamento Ejecutivo y un Consejo Comunal. El Consejo tendr\u00e1 ocho miembros para la comuna de primera y seis para las de segunda. La lista ganadora de las elecciones tendr\u00e1 la mayor\u00eda de integrantes del consejo y quien la encabece ejercer\u00e1 la presidencia comunal.<\/p>\n<p>Los funcionarios electivos durar\u00e1n cuatro a\u00f1os en el cargo, pudiendo ser reelectos de manera indefinida, a excepci\u00f3n del Presidente Comunal, quien podr\u00e1 ser reelecto por per\u00edodos consecutivos s\u00f3lo una vez, pero indefinidamente por per\u00edodos alternados.<\/p>\n<p>En cuanto a patrimonio y recursos, se establecen facultades como sancionar ordenanzas que establezcan c\u00e1nones, tasas y contribuciones por obra p\u00fablica, adem\u00e1s de su propio presupuesto anual. Asimismo, se dispone que el uno por ciento de coparticipaci\u00f3n nacional y provincial debe distribuirse entre las comunas. Actualmente ese porcentaje representa casi 40 millones de pesos mensuales.<\/p>\n<p>Adem\u00e1s de las coparticipaciones, sus recursos econ\u00f3micos provendr\u00e1n de:<\/p>\n<p>&#8211; contribuciones por mejoras, tasas, derechos, aranceles, tarifas y precios p\u00fablicos que impongan por la prestaci\u00f3n de sus servicios.<\/p>\n<p>&#8211; subvenciones, subsidios y aportes que le acuerden los Gobiernos Nacional y Provincial<\/p>\n<p>&#8211; donaciones y legados<\/p>\n<p>&#8211; \u201ctodo otro concepto que se prevea recaudar y\/o incorporar durante el ejercicio en nombre de la Comuna, y los excedentes de ejercicios anteriores\u201d.<\/p>\n","protected":false},"excerpt":{"rendered":"<p>La C\u00e1mara Alta provincial hizo ley este mi\u00e9rcoles por la noche el proyecto del Ejecutivo que convierte a las juntas de gobierno en Comunas, que tendr\u00e1n mayor autonom\u00eda y financiamiento propio. Hubo 15 votos a favor del total de 17.<\/p>\n","protected":false},"author":2,"featured_media":30982,"comment_status":"open","ping_status":"open","sticky":false,"template":"","format":"standard","meta":{"fifu_image_url":"","fifu_image_alt":"","footnotes":""},"categories":[16],"tags":[81,200,427,464],"class_list":{"0":"post-30981","1":"post","2":"type-post","3":"status-publish","4":"format-standard","5":"has-post-thumbnail","7":"category-politi","8":"tag-entre-rios","9":"tag-juntas-de-gobierno","10":"tag-ley-de-comunas","11":"tag-senado"},"yoast_head":"<title>Ley de Comunas: Senado dio sanci\u00f3n definitiva con apoyo de Cambiemos - Informe Litoral<\/title>\n<meta name=\"robots\" content=\"index, follow, max-snippet:-1, max-image-preview:large, max-video-preview:-1\" \/>\n<link rel=\"canonical\" href=\"https:\/\/informelitoral.com.ar\/ley-de-comunas-senado-dio-sancion-definitiva-con-apoyo-de-cambiemos\/\" \/>\n<meta property=\"og:locale\" content=\"es_ES\" \/>\n<meta property=\"og:type\" content=\"article\" \/>\n<meta property=\"og:title\" content=\"Ley de Comunas: Senado dio sanci\u00f3n definitiva con apoyo de Cambiemos - Informe Litoral\" \/>\n<meta property=\"og:description\" content=\"La C\u00e1mara Alta provincial hizo ley este mi\u00e9rcoles por la noche el proyecto del Ejecutivo que convierte a las juntas de gobierno en Comunas, que tendr\u00e1n mayor autonom\u00eda y financiamiento propio. Hubo 15 votos a favor del total de 17.\" \/>\n<meta property=\"og:url\" content=\"https:\/\/informelitoral.com.ar\/ley-de-comunas-senado-dio-sancion-definitiva-con-apoyo-de-cambiemos\/\" \/>\n<meta property=\"og:site_name\" content=\"Informe Litoral\" \/>\n<meta property=\"article:publisher\" content=\"https:\/\/www.facebook.com\/informelitoral\/\" \/>\n<meta property=\"article:published_time\" content=\"2018-11-28T23:24:47+00:00\" \/>\n<meta property=\"article:modified_time\" content=\"2018-12-05T11:29:29+00:00\" \/>\n<meta property=\"og:image\" content=\"https:\/\/informelitoral.com.ar\/%77%70%2d%63%6f%6e%74%65%6e%74\/uploads\/2018\/12\/54f0fecfba160256e45f3d0aee326453.jpeg\" \/>\n\t<meta property=\"og:image:width\" content=\"960\" \/>\n\t<meta property=\"og:image:height\" content=\"640\" \/>\n\t<meta property=\"og:image:type\" content=\"image\/jpeg\" \/>\n<meta name=\"author\" content=\"Gonzalo Schmidt\" \/>\n<meta name=\"twitter:card\" content=\"summary_large_image\" \/>\n<meta name=\"twitter:creator\" content=\"@InformeLitoral\" \/>\n<meta name=\"twitter:site\" content=\"@InformeLitoral\" \/>\n<meta name=\"twitter:label1\" content=\"Escrito por\" \/>\n\t<meta name=\"twitter:data1\" content=\"Gonzalo Schmidt\" \/>\n\t<meta name=\"twitter:label2\" content=\"Tiempo de lectura\" \/>\n\t<meta name=\"twitter:data2\" content=\"2 minutos\" \/>\n<script type=\"application\/ld+json\" class=\"yoast-schema-graph\">{\"@context\":\"https:\\\/\\\/schema.org\",\"@graph\":[{\"@type\":\"Article\",\"@id\":\"https:\\\/\\\/informelitoral.com.ar\\\/ley-de-comunas-senado-dio-sancion-definitiva-con-apoyo-de-cambiemos\\\/#article\",\"isPartOf\":{\"@id\":\"https:\\\/\\\/informelitoral.com.ar\\\/ley-de-comunas-senado-dio-sancion-definitiva-con-apoyo-de-cambiemos\\\/\"},\"author\":{\"name\":\"Gonzalo Schmidt\",\"@id\":\"https:\\\/\\\/informelitoral.com.ar\\\/#\\\/schema\\\/person\\\/b9d00407c836482871ef1d57bf8e3180\"},\"headline\":\"Ley de Comunas: Senado dio sanci\u00f3n definitiva con apoyo de Cambiemos\",\"datePublished\":\"2018-11-28T23:24:47+00:00\",\"dateModified\":\"2018-12-05T11:29:29+00:00\",\"mainEntityOfPage\":{\"@id\":\"https:\\\/\\\/informelitoral.com.ar\\\/ley-de-comunas-senado-dio-sancion-definitiva-con-apoyo-de-cambiemos\\\/\"},\"wordCount\":424,\"commentCount\":0,\"publisher\":{\"@id\":\"https:\\\/\\\/informelitoral.com.ar\\\/#organization\"},\"image\":{\"@id\":\"https:\\\/\\\/informelitoral.com.ar\\\/ley-de-comunas-senado-dio-sancion-definitiva-con-apoyo-de-cambiemos\\\/#primaryimage\"},\"thumbnailUrl\":\"https:\\\/\\\/informelitoral.com.ar\\\/%77%70%2d%63%6f%6e%74%65%6e%74\\\/uploads\\\/2018\\\/12\\\/54f0fecfba160256e45f3d0aee326453.jpeg\",\"keywords\":[\"Entre R\u00edos\",\"Juntas de Gobierno\",\"Ley de Comunas\",\"Senado\"],\"articleSection\":[\"Politica\"],\"inLanguage\":\"es\",\"potentialAction\":[{\"@type\":\"CommentAction\",\"name\":\"Comment\",\"target\":[\"https:\\\/\\\/informelitoral.com.ar\\\/ley-de-comunas-senado-dio-sancion-definitiva-con-apoyo-de-cambiemos\\\/#respond\"]}]},{\"@type\":\"WebPage\",\"@id\":\"https:\\\/\\\/informelitoral.com.ar\\\/ley-de-comunas-senado-dio-sancion-definitiva-con-apoyo-de-cambiemos\\\/\",\"url\":\"https:\\\/\\\/informelitoral.com.ar\\\/ley-de-comunas-senado-dio-sancion-definitiva-con-apoyo-de-cambiemos\\\/\",\"name\":\"Ley de Comunas: Senado dio sanci\u00f3n definitiva con apoyo de Cambiemos - Informe Litoral\",\"isPartOf\":{\"@id\":\"https:\\\/\\\/informelitoral.com.ar\\\/#website\"},\"primaryImageOfPage\":{\"@id\":\"https:\\\/\\\/informelitoral.com.ar\\\/ley-de-comunas-senado-dio-sancion-definitiva-con-apoyo-de-cambiemos\\\/#primaryimage\"},\"image\":{\"@id\":\"https:\\\/\\\/informelitoral.com.ar\\\/ley-de-comunas-senado-dio-sancion-definitiva-con-apoyo-de-cambiemos\\\/#primaryimage\"},\"thumbnailUrl\":\"https:\\\/\\\/informelitoral.com.ar\\\/%77%70%2d%63%6f%6e%74%65%6e%74\\\/uploads\\\/2018\\\/12\\\/54f0fecfba160256e45f3d0aee326453.jpeg\",\"datePublished\":\"2018-11-28T23:24:47+00:00\",\"dateModified\":\"2018-12-05T11:29:29+00:00\",\"breadcrumb\":{\"@id\":\"https:\\\/\\\/informelitoral.com.ar\\\/ley-de-comunas-senado-dio-sancion-definitiva-con-apoyo-de-cambiemos\\\/#breadcrumb\"},\"inLanguage\":\"es\",\"potentialAction\":[{\"@type\":\"ReadAction\",\"target\":[\"https:\\\/\\\/informelitoral.com.ar\\\/ley-de-comunas-senado-dio-sancion-definitiva-con-apoyo-de-cambiemos\\\/\"]}]},{\"@type\":\"ImageObject\",\"inLanguage\":\"es\",\"@id\":\"https:\\\/\\\/informelitoral.com.ar\\\/ley-de-comunas-senado-dio-sancion-definitiva-con-apoyo-de-cambiemos\\\/#primaryimage\",\"url\":\"https:\\\/\\\/informelitoral.com.ar\\\/%77%70%2d%63%6f%6e%74%65%6e%74\\\/uploads\\\/2018\\\/12\\\/54f0fecfba160256e45f3d0aee326453.jpeg\",\"contentUrl\":\"https:\\\/\\\/informelitoral.com.ar\\\/%77%70%2d%63%6f%6e%74%65%6e%74\\\/uploads\\\/2018\\\/12\\\/54f0fecfba160256e45f3d0aee326453.jpeg\",\"width\":960,\"height\":640},{\"@type\":\"BreadcrumbList\",\"@id\":\"https:\\\/\\\/informelitoral.com.ar\\\/ley-de-comunas-senado-dio-sancion-definitiva-con-apoyo-de-cambiemos\\\/#breadcrumb\",\"itemListElement\":[{\"@type\":\"ListItem\",\"position\":1,\"name\":\"Portada\",\"item\":\"https:\\\/\\\/informelitoral.com.ar\\\/\"},{\"@type\":\"ListItem\",\"position\":2,\"name\":\"Ley de Comunas: Senado dio sanci\u00f3n definitiva con apoyo de Cambiemos\"}]},{\"@type\":\"WebSite\",\"@id\":\"https:\\\/\\\/informelitoral.com.ar\\\/#website\",\"url\":\"https:\\\/\\\/informelitoral.com.ar\\\/\",\"name\":\"Informe Litoral\",\"description\":\"&quot;Nos informamos&quot; \",\"publisher\":{\"@id\":\"https:\\\/\\\/informelitoral.com.ar\\\/#organization\"},\"potentialAction\":[{\"@type\":\"SearchAction\",\"target\":{\"@type\":\"EntryPoint\",\"urlTemplate\":\"https:\\\/\\\/informelitoral.com.ar\\\/?s={search_term_string}\"},\"query-input\":{\"@type\":\"PropertyValueSpecification\",\"valueRequired\":true,\"valueName\":\"search_term_string\"}}],\"inLanguage\":\"es\"},{\"@type\":\"Organization\",\"@id\":\"https:\\\/\\\/informelitoral.com.ar\\\/#organization\",\"name\":\"Informe Litoral\",\"url\":\"https:\\\/\\\/informelitoral.com.ar\\\/\",\"logo\":{\"@type\":\"ImageObject\",\"inLanguage\":\"es\",\"@id\":\"https:\\\/\\\/informelitoral.com.ar\\\/#\\\/schema\\\/logo\\\/image\\\/\",\"url\":\"https:\\\/\\\/informelitoral.com.ar\\\/%77%70%2d%63%6f%6e%74%65%6e%74\\\/uploads\\\/2021\\\/01\\\/circulo.png\",\"contentUrl\":\"https:\\\/\\\/informelitoral.com.ar\\\/%77%70%2d%63%6f%6e%74%65%6e%74\\\/uploads\\\/2021\\\/01\\\/circulo.png\",\"width\":723,\"height\":731,\"caption\":\"Informe Litoral\"},\"image\":{\"@id\":\"https:\\\/\\\/informelitoral.com.ar\\\/#\\\/schema\\\/logo\\\/image\\\/\"},\"sameAs\":[\"https:\\\/\\\/www.facebook.com\\\/informelitoral\\\/\",\"https:\\\/\\\/x.com\\\/InformeLitoral\",\"https:\\\/\\\/www.instagram.com\\\/informelitoral\\\/\",\"https:\\\/\\\/www.youtube.com\\\/channel\\\/UCua4Qvz8Icb6MYqhoq9xLXw\"]},{\"@type\":\"Person\",\"@id\":\"https:\\\/\\\/informelitoral.com.ar\\\/#\\\/schema\\\/person\\\/b9d00407c836482871ef1d57bf8e3180\",\"name\":\"Gonzalo Schmidt\",\"image\":{\"@type\":\"ImageObject\",\"inLanguage\":\"es\",\"@id\":\"https:\\\/\\\/secure.gravatar.com\\\/avatar\\\/31a1a7b66ff2de83bd0e9fd79d026630d2d99e55e8bfe501287647b4fd9743de?s=96&d=mm&r=g\",\"url\":\"https:\\\/\\\/secure.gravatar.com\\\/avatar\\\/31a1a7b66ff2de83bd0e9fd79d026630d2d99e55e8bfe501287647b4fd9743de?s=96&d=mm&r=g\",\"contentUrl\":\"https:\\\/\\\/secure.gravatar.com\\\/avatar\\\/31a1a7b66ff2de83bd0e9fd79d026630d2d99e55e8bfe501287647b4fd9743de?s=96&d=mm&r=g\",\"caption\":\"Gonzalo Schmidt\"},\"description\":\"Sitio web de noticias de la provincia de Entre R\u00edos, Argentina. Informaci\u00f3n y entretenimiento. Informe Litoral, nos informamos.\",\"sameAs\":[\"http:\\\/\\\/www.isletasnoticias.com.ar\"],\"url\":\"https:\\\/\\\/informelitoral.com.ar\\\/author\\\/gonzalo\\\/\"}]}<\/script>","yoast_head_json":{"title":"Ley de Comunas: Senado dio sanci\u00f3n definitiva con apoyo de Cambiemos - Informe Litoral","robots":{"index":"index","follow":"follow","max-snippet":"max-snippet:-1","max-image-preview":"max-image-preview:large","max-video-preview":"max-video-preview:-1"},"canonical":"https:\/\/informelitoral.com.ar\/ley-de-comunas-senado-dio-sancion-definitiva-con-apoyo-de-cambiemos\/","og_locale":"es_ES","og_type":"article","og_title":"Ley de Comunas: Senado dio sanci\u00f3n definitiva con apoyo de Cambiemos - Informe Litoral","og_description":"La C\u00e1mara Alta provincial hizo ley este mi\u00e9rcoles por la noche el proyecto del Ejecutivo que convierte a las juntas de gobierno en Comunas, que tendr\u00e1n mayor autonom\u00eda y financiamiento propio. Hubo 15 votos a favor del total de 17.","og_url":"https:\/\/informelitoral.com.ar\/ley-de-comunas-senado-dio-sancion-definitiva-con-apoyo-de-cambiemos\/","og_site_name":"Informe Litoral","article_publisher":"https:\/\/www.facebook.com\/informelitoral\/","article_published_time":"2018-11-28T23:24:47+00:00","article_modified_time":"2018-12-05T11:29:29+00:00","og_image":[{"width":960,"height":640,"url":"https:\/\/informelitoral.com.ar\/%77%70%2d%63%6f%6e%74%65%6e%74\/uploads\/2018\/12\/54f0fecfba160256e45f3d0aee326453.jpeg","type":"image\/jpeg"}],"author":"Gonzalo Schmidt","twitter_card":"summary_large_image","twitter_creator":"@InformeLitoral","twitter_site":"@InformeLitoral","twitter_misc":{"Escrito por":"Gonzalo Schmidt","Tiempo de lectura":"2 minutos"},"schema":{"@context":"https:\/\/schema.org","@graph":[{"@type":"Article","@id":"https:\/\/informelitoral.com.ar\/ley-de-comunas-senado-dio-sancion-definitiva-con-apoyo-de-cambiemos\/#article","isPartOf":{"@id":"https:\/\/informelitoral.com.ar\/ley-de-comunas-senado-dio-sancion-definitiva-con-apoyo-de-cambiemos\/"},"author":{"name":"Gonzalo Schmidt","@id":"https:\/\/informelitoral.com.ar\/#\/schema\/person\/b9d00407c836482871ef1d57bf8e3180"},"headline":"Ley de Comunas: Senado dio sanci\u00f3n definitiva con apoyo de Cambiemos","datePublished":"2018-11-28T23:24:47+00:00","dateModified":"2018-12-05T11:29:29+00:00","mainEntityOfPage":{"@id":"https:\/\/informelitoral.com.ar\/ley-de-comunas-senado-dio-sancion-definitiva-con-apoyo-de-cambiemos\/"},"wordCount":424,"commentCount":0,"publisher":{"@id":"https:\/\/informelitoral.com.ar\/#organization"},"image":{"@id":"https:\/\/informelitoral.com.ar\/ley-de-comunas-senado-dio-sancion-definitiva-con-apoyo-de-cambiemos\/#primaryimage"},"thumbnailUrl":"https:\/\/informelitoral.com.ar\/%77%70%2d%63%6f%6e%74%65%6e%74\/uploads\/2018\/12\/54f0fecfba160256e45f3d0aee326453.jpeg","keywords":["Entre R\u00edos","Juntas de Gobierno","Ley de Comunas","Senado"],"articleSection":["Politica"],"inLanguage":"es","potentialAction":[{"@type":"CommentAction","name":"Comment","target":["https:\/\/informelitoral.com.ar\/ley-de-comunas-senado-dio-sancion-definitiva-con-apoyo-de-cambiemos\/#respond"]}]},{"@type":"WebPage","@id":"https:\/\/informelitoral.com.ar\/ley-de-comunas-senado-dio-sancion-definitiva-con-apoyo-de-cambiemos\/","url":"https:\/\/informelitoral.com.ar\/ley-de-comunas-senado-dio-sancion-definitiva-con-apoyo-de-cambiemos\/","name":"Ley de Comunas: Senado dio sanci\u00f3n definitiva con apoyo de Cambiemos - Informe Litoral","isPartOf":{"@id":"https:\/\/informelitoral.com.ar\/#website"},"primaryImageOfPage":{"@id":"https:\/\/informelitoral.com.ar\/ley-de-comunas-senado-dio-sancion-definitiva-con-apoyo-de-cambiemos\/#primaryimage"},"image":{"@id":"https:\/\/informelitoral.com.ar\/ley-de-comunas-senado-dio-sancion-definitiva-con-apoyo-de-cambiemos\/#primaryimage"},"thumbnailUrl":"https:\/\/informelitoral.com.ar\/%77%70%2d%63%6f%6e%74%65%6e%74\/uploads\/2018\/12\/54f0fecfba160256e45f3d0aee326453.jpeg","datePublished":"2018-11-28T23:24:47+00:00","dateModified":"2018-12-05T11:29:29+00:00","breadcrumb":{"@id":"https:\/\/informelitoral.com.ar\/ley-de-comunas-senado-dio-sancion-definitiva-con-apoyo-de-cambiemos\/#breadcrumb"},"inLanguage":"es","potentialAction":[{"@type":"ReadAction","target":["https:\/\/informelitoral.com.ar\/ley-de-comunas-senado-dio-sancion-definitiva-con-apoyo-de-cambiemos\/"]}]},{"@type":"ImageObject","inLanguage":"es","@id":"https:\/\/informelitoral.com.ar\/ley-de-comunas-senado-dio-sancion-definitiva-con-apoyo-de-cambiemos\/#primaryimage","url":"https:\/\/informelitoral.com.ar\/%77%70%2d%63%6f%6e%74%65%6e%74\/uploads\/2018\/12\/54f0fecfba160256e45f3d0aee326453.jpeg","contentUrl":"https:\/\/informelitoral.com.ar\/%77%70%2d%63%6f%6e%74%65%6e%74\/uploads\/2018\/12\/54f0fecfba160256e45f3d0aee326453.jpeg","width":960,"height":640},{"@type":"BreadcrumbList","@id":"https:\/\/informelitoral.com.ar\/ley-de-comunas-senado-dio-sancion-definitiva-con-apoyo-de-cambiemos\/#breadcrumb","itemListElement":[{"@type":"ListItem","position":1,"name":"Portada","item":"https:\/\/informelitoral.com.ar\/"},{"@type":"ListItem","position":2,"name":"Ley de Comunas: Senado dio sanci\u00f3n definitiva con apoyo de Cambiemos"}]},{"@type":"WebSite","@id":"https:\/\/informelitoral.com.ar\/#website","url":"https:\/\/informelitoral.com.ar\/","name":"Informe Litoral","description":"&quot;Nos informamos&quot; ","publisher":{"@id":"https:\/\/informelitoral.com.ar\/#organization"},"potentialAction":[{"@type":"SearchAction","target":{"@type":"EntryPoint","urlTemplate":"https:\/\/informelitoral.com.ar\/?s={search_term_string}"},"query-input":{"@type":"PropertyValueSpecification","valueRequired":true,"valueName":"search_term_string"}}],"inLanguage":"es"},{"@type":"Organization","@id":"https:\/\/informelitoral.com.ar\/#organization","name":"Informe Litoral","url":"https:\/\/informelitoral.com.ar\/","logo":{"@type":"ImageObject","inLanguage":"es","@id":"https:\/\/informelitoral.com.ar\/#\/schema\/logo\/image\/","url":"https:\/\/informelitoral.com.ar\/%77%70%2d%63%6f%6e%74%65%6e%74\/uploads\/2021\/01\/circulo.png","contentUrl":"https:\/\/informelitoral.com.ar\/%77%70%2d%63%6f%6e%74%65%6e%74\/uploads\/2021\/01\/circulo.png","width":723,"height":731,"caption":"Informe Litoral"},"image":{"@id":"https:\/\/informelitoral.com.ar\/#\/schema\/logo\/image\/"},"sameAs":["https:\/\/www.facebook.com\/informelitoral\/","https:\/\/x.com\/InformeLitoral","https:\/\/www.instagram.com\/informelitoral\/","https:\/\/www.youtube.com\/channel\/UCua4Qvz8Icb6MYqhoq9xLXw"]},{"@type":"Person","@id":"https:\/\/informelitoral.com.ar\/#\/schema\/person\/b9d00407c836482871ef1d57bf8e3180","name":"Gonzalo Schmidt","image":{"@type":"ImageObject","inLanguage":"es","@id":"https:\/\/secure.gravatar.com\/avatar\/31a1a7b66ff2de83bd0e9fd79d026630d2d99e55e8bfe501287647b4fd9743de?s=96&d=mm&r=g","url":"https:\/\/secure.gravatar.com\/avatar\/31a1a7b66ff2de83bd0e9fd79d026630d2d99e55e8bfe501287647b4fd9743de?s=96&d=mm&r=g","contentUrl":"https:\/\/secure.gravatar.com\/avatar\/31a1a7b66ff2de83bd0e9fd79d026630d2d99e55e8bfe501287647b4fd9743de?s=96&d=mm&r=g","caption":"Gonzalo Schmidt"},"description":"Sitio web de noticias de la provincia de Entre R\u00edos, Argentina. Informaci\u00f3n y entretenimiento. Informe Litoral, nos informamos.","sameAs":["http:\/\/www.isletasnoticias.com.ar"],"url":"https:\/\/informelitoral.com.ar\/author\/gonzalo\/"}]}},"_links":{"self":[{"href":"https:\/\/informelitoral.com.ar\/%77%70%2d%6a%73%6f%6e\/wp\/v2\/posts\/30981","targetHints":{"allow":["GET"]}}],"collection":[{"href":"https:\/\/informelitoral.com.ar\/%77%70%2d%6a%73%6f%6e\/wp\/v2\/posts"}],"about":[{"href":"https:\/\/informelitoral.com.ar\/%77%70%2d%6a%73%6f%6e\/wp\/v2\/types\/post"}],"author":[{"embeddable":true,"href":"https:\/\/informelitoral.com.ar\/%77%70%2d%6a%73%6f%6e\/wp\/v2\/users\/2"}],"replies":[{"embeddable":true,"href":"https:\/\/informelitoral.com.ar\/%77%70%2d%6a%73%6f%6e\/wp\/v2\/comments?post=30981"}],"version-history":[{"count":0,"href":"https:\/\/informelitoral.com.ar\/%77%70%2d%6a%73%6f%6e\/wp\/v2\/posts\/30981\/revisions"}],"wp:featuredmedia":[{"embeddable":true,"href":"https:\/\/informelitoral.com.ar\/%77%70%2d%6a%73%6f%6e\/wp\/v2\/media\/30982"}],"wp:attachment":[{"href":"https:\/\/informelitoral.com.ar\/%77%70%2d%6a%73%6f%6e\/wp\/v2\/media?parent=30981"}],"wp:term":[{"taxonomy":"category","embeddable":true,"href":"https:\/\/informelitoral.com.ar\/%77%70%2d%6a%73%6f%6e\/wp\/v2\/categories?post=30981"},{"taxonomy":"post_tag","embeddable":true,"href":"https:\/\/informelitoral.com.ar\/%77%70%2d%6a%73%6f%6e\/wp\/v2\/tags?post=30981"}],"curies":[{"name":"wp","href":"https:\/\/api.w.org\/{rel}","templated":true}]}}