{"id":30883,"date":"2018-11-29T08:01:19","date_gmt":"2018-11-29T11:01:19","guid":{"rendered":"https:\/\/www.isletasnoticias.com.ar\/?p=30883"},"modified":"2018-11-29T08:09:09","modified_gmt":"2018-11-29T11:09:09","slug":"g20-el-desafio-en-seguridad-mas-importante-que-jamas-tuvo-la-argentina","status":"publish","type":"post","link":"https:\/\/informelitoral.com.ar\/g20-el-desafio-en-seguridad-mas-importante-que-jamas-tuvo-la-argentina\/","title":{"rendered":"G20: el desaf\u00edo en seguridad m\u00e1s importante que jam\u00e1s tuvo la Argentina"},"content":{"rendered":"<div class=\"row pb-content-type-text\">\n<div class=\"col-xs-12 col-print-12\">\n<p class=\"element element-paragraph\"><strong>Tres anillos de seguridad de las fuerzas federales<\/strong>\u00a0(Polic\u00eda Federal, Polic\u00eda Aeron\u00e1utica, Prefectura y Gendarmer\u00eda) proteger\u00e1n el\u00a0<em>venue<\/em>\u00a0o lugar donde se realizar\u00e1 la cumbre presidencial del G20, impidiendo el ingreso de personas ajenas al evento, brindando apoyo al personal perteneciente de la Unidad T\u00e9cnica G20 y bloqueando cualquier intento de turbas que intenten introducirse dentro de la zona protegida. Lo mismo suceder\u00e1 en los traslados de las delegaciones y alrededor de los hoteles donde se alojan los 28 presidentes y jefes de estado y los 10 titulares de organismos internacionales, donde habr\u00e1 una sistema de seguridad similar al que \u00a0estar\u00e1 rodeando el predio de Costa Salguero.<\/p>\n<\/div>\n<\/div>\n<div class=\"row pb-content-type-text\">\n<div class=\"col-xs-12 col-print-12\">\n<p class=\"element element-paragraph\">Por fuera de los tres anillos, la Polic\u00eda de la Ciudad \u00a0tendr\u00e1 presencia y comunicaci\u00f3n con el comando unificado alertando por cualquier alteraci\u00f3n del orden p\u00fablico. L<strong>a Polic\u00eda de la provincia de Buenos Aires custodiar\u00e1 la traza de las rutas que van del Aeropuerto Internacional de Ezeiza a la Ciudad<\/strong>, poniendo especial verificaci\u00f3n en los puentes de acceso, contrarrestando el ingreso de agrupaciones o manifestaciones que pretendan impedir el desarrollo de la cumbre.<strong>\u00a0En total, fuerzas federales y locales, desplegar\u00e1n 22.000 efectivos<\/strong>.<\/p>\n<\/div>\n<\/div>\n<div class=\"row pb-content-type-text\">\n<div class=\"col-xs-12 col-print-12\">\n<p class=\"element element-paragraph\">En paralelo, e<strong>l Comando Aeroespacial del Estado Mayor Conjunto ubicado en la localidad de Merlo se abocar\u00e1 a tareas de vigilancia del espacio a\u00e9reo<\/strong>\u00a0mediante el control del tr\u00e1fico de todo tipo de aeronave,\u00a0<strong>buscando \u00abactuar disuasivamente y de manera efectiva en el aeroespacio\u00bb<\/strong>, como dice el Ministerio de Defensa en un comunicado. Es un eufemismo para evitar decir que <strong>est\u00e1 autorizada la llamada \u00abley de derribo\u00bb<\/strong>, una medida que se realiza en todas las cumbres del G20 y que, en el caso de la Argentina,<strong>\u00a0dispuso un blindaje a\u00e9reo dentro de un per\u00edmetro de 460 kil\u00f3metros alrededor de Buenos<\/strong>\u00a0<strong>Aires<\/strong>.<\/p>\n<\/div>\n<\/div>\n<div class=\"row pb-content-type-image\">\n<figure class=\"element element-image col-xs-12\">\n<div class=\"single-image\"><img decoding=\"async\" id=\"LLYDB33HINDPXGQBKLUHPN6NK4\" class=\"image-lazy\" src=\"https:\/\/www.infobae.com\/new-resizer\/HteIQM5Kz_a8YxppKVBED5YTrhg=\/600x0\/filters:quality(100)\/s3.amazonaws.com\/arc-wordpress-client-uploads\/infobae-wp\/%77%70%2d%63%6f%6e%74%65%6e%74\/uploads\/2018\/11\/20151444\/Conferencia-Prensa-Seguridad-G20-6.jpeg\" alt=\"La ministra Patricia Bullrich (Patricio Murphy)\" width=\"750\" height=\"421.875\" data-url=\"https:\/\/www.infobae.com\/g20\/2018\/11\/29\/g20-alerta-maxima-por-el-desafio-en-seguridad-mas-importante-que-jamas-tuvo-la-argentina\/%23LLYDB33HINDPXGQBKLUHPN6NK4\" data-original=\"https:\/\/www.infobae.com\/new-resizer\/HteIQM5Kz_a8YxppKVBED5YTrhg=\/600x0\/filters:quality(100)\/s3.amazonaws.com\/arc-wordpress-client-uploads\/infobae-wp\/%77%70%2d%63%6f%6e%74%65%6e%74\/uploads\/2018\/11\/20151444\/Conferencia-Prensa-Seguridad-G20-6.jpeg\" \/><\/div><figcaption class=\"\"><em><span class=\"credit\">La ministra Patricia Bullrich (Patricio Murphy)<\/span><\/em><\/figcaption><\/figure>\n<\/div>\n<div class=\"row pb-content-type-text\">\n<div class=\"col-xs-12 col-print-12\">\n<p class=\"element element-paragraph\">Tal como lo adelant\u00f3\u00a0<em>Infobae,<\/em> desde las 15 de hoy jueves y hasta las 22 del 1\u00ba de diciembre nadie podr\u00e1 volar ese espacio a\u00e9reo porque, de lo contrario, \u00abser\u00e1 tomado como aeronave hostil, pudiendo ser derribado\u00bb. Por supuesto, tambi\u00e9n habr\u00e1 una vigilancia especial en los aer\u00f3dromos que se encuentran en su zona de influencia.<\/p>\n<\/div>\n<\/div>\n<div class=\"row pb-content-type-text\">\n<div class=\"col-xs-12 col-print-12\">\n<p class=\"element element-paragraph\">Por otro lado,\u00a0<strong>tambi\u00e9n la Armada Argentina dispuso 500 efectivos<\/strong>\u00a0integrado por el batall\u00f3n de comunicaciones N\u00ba 1, la fuerza de infanter\u00eda de marina de la flota de mar, la compa\u00f1\u00eda de ingenieros anfibios, el batall\u00f3n de infanter\u00eda de marina n\u00ba 3, la escuadrilla de r\u00edos, el batall\u00f3n de veh\u00edculos anfibios, la agrupaci\u00f3n de comandos anfibios, la agrupaci\u00f3n de buzos t\u00e1cticos, adem\u00e1s del destructor ARA La Argentina con helic\u00f3ptero AS-555 FENECC embarcado y el buque multiprop\u00f3sito ARA Ciudad de Rosario.<\/p>\n<\/div>\n<\/div>\n<div class=\"row pb-content-type-text\">\n<div class=\"col-xs-12 col-print-12\">\n<p class=\"element element-paragraph\">A los que se debe sumar los\u00a0<strong>grupos de amenaza bacteriol\u00f3gica qu\u00edmica nuclear<\/strong>\u00a0y, por supuesto, los grupos antidisturbios en las zonas por fuera de restricci\u00f3n, donde est\u00e1 prevista una movilizaci\u00f3n hacia el Congreso, en la que se esperan hechos de violencia.<\/p>\n<\/div>\n<\/div>\n<div class=\"row pb-content-type-text\">\n<div class=\"col-xs-12 col-print-12\">\n<p class=\"element element-paragraph\"><strong>Nunca en la historia argentina se dispuso un operativo semejante<\/strong>. Claro, nunca se realiz\u00f3 en nuestro pa\u00eds una cumbre que obliga a un desaf\u00edo de prevenci\u00f3n y log\u00edstica que solo hemos visto en los noticieros internacionales. O en pel\u00edculas.<\/p>\n<\/div>\n<\/div>\n<div class=\"row pb-content-type-text\">\n<div class=\"col-xs-12 col-print-12\">\n<p class=\"element element-paragraph\">Es que los megaeventos exigen siempre un esfuerzo descomunal, pero mucho<strong>\u00a0m\u00e1s en pa\u00edses democr\u00e1ticos, donde la protesta y la libertad de expresi\u00f3n son constitucionales<\/strong>, y existe la obligaci\u00f3n de los gobiernos de que la faciliten. Cuando en el 2016 el G20 se realiz\u00f3 en Hangzhou, China, nadie hizo movilizaciones en contra. El gobierno chino dispuso la salida compulsiva de los habitantes, a quienes les pagaron pasajes en tren, y no hubo ni siquiera un m\u00ednimo atascamiento de tr\u00e1nsito.<\/p>\n<\/div>\n<\/div>\n<div class=\"row pb-content-type-text\">\n<div class=\"col-xs-12 col-print-12\">\n<p class=\"element element-paragraph\">Distinto fue lo que sucedi\u00f3 en Hamburgo el a\u00f1o pasado, cuando no hubo muertos, pero s\u00ed\u00a0<strong>violentos enfrentamientos entre polic\u00edas alemanes y militantes antiglobalizaci\u00f3n<\/strong>\u00a0que dejaron cientos de heridos y escenas dram\u00e1ticas, que no impidieron el desarrollo de la cumbre, pero s\u00ed la realizaci\u00f3n de varias reuniones bilaterales entre los l\u00edderes. La que estaba prevista entre Emmanuel Macron y Mauricio Macri, por ejemplo, no lleg\u00f3 a concretarse.<\/p>\n<\/div>\n<\/div>\n<div class=\"row pb-content-type-text\">\n<div class=\"col-xs-12 col-print-12\">\n<p class=\"element element-paragraph\"><strong>Los alemanes estuvieron en la Argentina dando una charla a los responsables de seguridad del G20.<\/strong>\u00a0Mostraron mapas detallando la estrategia prevista, las zonas de conflicto, las avanzadas inesperadas de los militantes, los errores cometidos.\u00a0<strong>Esos activistas no estar\u00e1n en la Argentina, un destino muy alejado para los globalif\u00f3bicos<\/strong>, pero existe la presunci\u00f3n de que argentinos tuvieron capacitaci\u00f3n digital y que -incluso- hay grupos locales que podr\u00edan ofrecer ellos mismos ense\u00f1anzas a los militantes europeos.<\/p>\n<\/div>\n<\/div>\n<div class=\"row pb-content-type-text\">\n<div class=\"col-xs-12 col-print-12\">\n<p class=\"element element-paragraph\"><strong>Tambi\u00e9n las fuerzas de seguridad francesas dieron una capacitaci\u00f3n similar a los responsables de la seguridad loca<\/strong>l. Este mismo a\u00f1o tuvieron desmanes y escenas violentas en Par\u00eds, Lyon y Marsella que terminaron con casi 300 heridos una vez conocida la victoria de Francia en el Mundial de F\u00fatbol. Tampoco hubo muertos, pero las fuerzas de seguridad se vieron sorprendidas por la fiereza de las protestas, aunque luego lograron dominar las calles.<\/p>\n<\/div>\n<\/div>\n<div class=\"row pb-content-type-image\">\n<figure class=\"element element-image col-xs-12\">\n<div class=\"single-image\"><img decoding=\"async\" id=\"HFAXX7W75JBHDKWPAHGDN6OHMM\" class=\"image-lazy\" src=\"https:\/\/www.infobae.com\/new-resizer\/yk2qEuLH4361rXOA6yq_mN3XVNg=\/600x0\/filters:quality(100)\/s3.amazonaws.com\/arc-wordpress-client-uploads\/infobae-wp\/%77%70%2d%63%6f%6e%74%65%6e%74\/uploads\/2018\/11\/16131551\/G20_Armamento_Seguridad_2041.jpg\" alt=\"Adri\u00e1n Escandar\" width=\"750\" height=\"421.875\" data-url=\"https:\/\/www.infobae.com\/g20\/2018\/11\/29\/g20-alerta-maxima-por-el-desafio-en-seguridad-mas-importante-que-jamas-tuvo-la-argentina\/%23HFAXX7W75JBHDKWPAHGDN6OHMM\" data-original=\"https:\/\/www.infobae.com\/new-resizer\/yk2qEuLH4361rXOA6yq_mN3XVNg=\/600x0\/filters:quality(100)\/s3.amazonaws.com\/arc-wordpress-client-uploads\/infobae-wp\/%77%70%2d%63%6f%6e%74%65%6e%74\/uploads\/2018\/11\/16131551\/G20_Armamento_Seguridad_2041.jpg\" \/><\/div><figcaption class=\"\"><em><span class=\"credit\">Adri\u00e1n Escandar<\/span><\/em><\/figcaption><\/figure>\n<\/div>\n<div class=\"row pb-content-type-text\">\n<div class=\"col-xs-12 col-print-12\">\n<p class=\"element element-paragraph\">En el Comit\u00e9 de Seguridad que preside la ministra Patricia Bullrich existe el convencimiento de que<strong>\u00a0est\u00e1n lo suficientemente preparados para poder reaccionar a\u00fan ante situaciones sorpresivas<\/strong>. En principio, recuerdan que hace un a\u00f1o y medio est\u00e1n trabajando para la cumbre. Y resaltan que en la reuni\u00f3n de la Organizaci\u00f3n Mundial de Comercio (OMC) que se realiz\u00f3 en diciembre del a\u00f1o pasado se implement\u00f3 una prueba del sistema, que se fue capacitando a lo largo y a lo ancho del pa\u00eds en las m\u00e1s de 50 reuniones que se hicieron con las distintas instancias tem\u00e1ticas (de ministros de Econom\u00eda, de Energ\u00eda, de Relaciones Exteriores, de Trabajo, de Educaci\u00f3n, de Ciencia y Tecnolog\u00eda, de la Mujer, de la Juventud, de Agricultura, de Ambiente, de Negocios, de grupos\u00a0<em>think thank<\/em>, etc, etc, etc), donde no se produjo un solo problema.<\/p>\n<\/div>\n<\/div>\n<div class=\"row pb-content-type-text\">\n<div class=\"col-xs-12 col-print-12\">\n<p class=\"element element-paragraph\"><strong>\u00abNo van a poder llegar a donde est\u00e1 ning\u00fan jefe de estado\u00bb, se asegura en el Comit\u00e9 de Seguridad<\/strong>. Las dudas est\u00e1n centradas en qu\u00e9 puede pasar por fuera de las zonas cerradas. Est\u00e1n convencidos de que las cosas no estar\u00e1n tranquilas y que habr\u00e1 protestas que derivar\u00e1n en violencia. Pero est\u00e1n convencidos de que est\u00e1n suficientemente preparados, no solo en materia de seguridad, sino tambi\u00e9n en la justicia, para que se inicien las tareas de identificaci\u00f3n y detenci\u00f3n, y en los hospitales, para dar cabida a los militantes o efectivos heridos.<\/p>\n<\/div>\n<\/div>\n<div class=\"row pb-content-type-text\">\n<div class=\"col-xs-12 col-print-12\">\n<p class=\"element element-paragraph\">\u00bfAlcanzar\u00e1? \u00bfSaldr\u00e1n las cosas razonablemente bien? \u00bf<strong>Se repetir\u00e1 un papel\u00f3n semejante al que se produjo en los ingresos al estadio Monumental? \u00a0<\/strong>En principio, no parece. No hay barras bravas mezcladas con la seguridad ni con la pol\u00edtica que conducir\u00e1 la cumbre. Las alertas est\u00e1n al tope y la organizaci\u00f3n parece afiatada.<strong>\u00a0Faltan pocas horas para que el mundo se entere si los argentinos estamos en condiciones -o no-<\/strong>\u00a0de llevar adelante el desaf\u00edo log\u00edstico m\u00e1s importante que tuvo nuestro pa\u00eds en su historia. <em>(Fuente: Infobae)<\/em><\/p>\n<\/div>\n<\/div>\n","protected":false},"excerpt":{"rendered":"<p>En total, entre fuerzas federales y locales, habr\u00e1 22.000 efectivos desplegados para la seguridad del evento.<\/p>\n","protected":false},"author":2,"featured_media":30884,"comment_status":"open","ping_status":"open","sticky":false,"template":"","format":"standard","meta":{"fifu_image_url":"","fifu_image_alt":"","footnotes":""},"categories":[16],"tags":[],"class_list":{"0":"post-30883","1":"post","2":"type-post","3":"status-publish","4":"format-standard","5":"has-post-thumbnail","7":"category-politi"},"yoast_head":"<title>G20: el desaf\u00edo en seguridad m\u00e1s importante que jam\u00e1s tuvo la Argentina - Informe Litoral<\/title>\n<meta name=\"robots\" content=\"index, follow, max-snippet:-1, max-image-preview:large, max-video-preview:-1\" \/>\n<link rel=\"canonical\" href=\"https:\/\/informelitoral.com.ar\/g20-el-desafio-en-seguridad-mas-importante-que-jamas-tuvo-la-argentina\/\" \/>\n<meta property=\"og:locale\" content=\"es_ES\" \/>\n<meta property=\"og:type\" content=\"article\" \/>\n<meta property=\"og:title\" content=\"G20: el desaf\u00edo en seguridad m\u00e1s importante que jam\u00e1s tuvo la Argentina - Informe Litoral\" \/>\n<meta property=\"og:description\" content=\"En total, entre fuerzas federales y locales, habr\u00e1 22.000 efectivos desplegados para la seguridad del evento.\" \/>\n<meta property=\"og:url\" content=\"https:\/\/informelitoral.com.ar\/g20-el-desafio-en-seguridad-mas-importante-que-jamas-tuvo-la-argentina\/\" \/>\n<meta property=\"og:site_name\" content=\"Informe Litoral\" \/>\n<meta property=\"article:publisher\" content=\"https:\/\/www.facebook.com\/informelitoral\/\" \/>\n<meta property=\"article:published_time\" content=\"2018-11-29T11:01:19+00:00\" \/>\n<meta property=\"article:modified_time\" content=\"2018-11-29T11:09:09+00:00\" \/>\n<meta property=\"og:image\" content=\"https:\/\/informelitoral.com.ar\/%77%70%2d%63%6f%6e%74%65%6e%74\/uploads\/2018\/11\/cumbre-g-20.jpg\" \/>\n\t<meta property=\"og:image:width\" content=\"1170\" \/>\n\t<meta property=\"og:image:height\" content=\"791\" \/>\n\t<meta property=\"og:image:type\" content=\"image\/jpeg\" \/>\n<meta name=\"author\" content=\"Gonzalo Schmidt\" \/>\n<meta name=\"twitter:card\" content=\"summary_large_image\" \/>\n<meta name=\"twitter:creator\" content=\"@InformeLitoral\" \/>\n<meta name=\"twitter:site\" content=\"@InformeLitoral\" \/>\n<meta name=\"twitter:label1\" content=\"Escrito por\" \/>\n\t<meta name=\"twitter:data1\" content=\"Gonzalo Schmidt\" \/>\n\t<meta name=\"twitter:label2\" content=\"Tiempo de lectura\" \/>\n\t<meta name=\"twitter:data2\" content=\"6 minutos\" \/>\n<script type=\"application\/ld+json\" class=\"yoast-schema-graph\">{\"@context\":\"https:\\\/\\\/schema.org\",\"@graph\":[{\"@type\":\"Article\",\"@id\":\"https:\\\/\\\/informelitoral.com.ar\\\/g20-el-desafio-en-seguridad-mas-importante-que-jamas-tuvo-la-argentina\\\/#article\",\"isPartOf\":{\"@id\":\"https:\\\/\\\/informelitoral.com.ar\\\/g20-el-desafio-en-seguridad-mas-importante-que-jamas-tuvo-la-argentina\\\/\"},\"author\":{\"name\":\"Gonzalo Schmidt\",\"@id\":\"https:\\\/\\\/informelitoral.com.ar\\\/#\\\/schema\\\/person\\\/b9d00407c836482871ef1d57bf8e3180\"},\"headline\":\"G20: el desaf\u00edo en seguridad m\u00e1s importante que jam\u00e1s tuvo la Argentina\",\"datePublished\":\"2018-11-29T11:01:19+00:00\",\"dateModified\":\"2018-11-29T11:09:09+00:00\",\"mainEntityOfPage\":{\"@id\":\"https:\\\/\\\/informelitoral.com.ar\\\/g20-el-desafio-en-seguridad-mas-importante-que-jamas-tuvo-la-argentina\\\/\"},\"wordCount\":1226,\"commentCount\":0,\"publisher\":{\"@id\":\"https:\\\/\\\/informelitoral.com.ar\\\/#organization\"},\"image\":{\"@id\":\"https:\\\/\\\/informelitoral.com.ar\\\/g20-el-desafio-en-seguridad-mas-importante-que-jamas-tuvo-la-argentina\\\/#primaryimage\"},\"thumbnailUrl\":\"https:\\\/\\\/informelitoral.com.ar\\\/%77%70%2d%63%6f%6e%74%65%6e%74\\\/uploads\\\/2018\\\/11\\\/cumbre-g-20.jpg\",\"articleSection\":[\"Politica\"],\"inLanguage\":\"es\",\"potentialAction\":[{\"@type\":\"CommentAction\",\"name\":\"Comment\",\"target\":[\"https:\\\/\\\/informelitoral.com.ar\\\/g20-el-desafio-en-seguridad-mas-importante-que-jamas-tuvo-la-argentina\\\/#respond\"]}]},{\"@type\":\"WebPage\",\"@id\":\"https:\\\/\\\/informelitoral.com.ar\\\/g20-el-desafio-en-seguridad-mas-importante-que-jamas-tuvo-la-argentina\\\/\",\"url\":\"https:\\\/\\\/informelitoral.com.ar\\\/g20-el-desafio-en-seguridad-mas-importante-que-jamas-tuvo-la-argentina\\\/\",\"name\":\"G20: el desaf\u00edo en seguridad m\u00e1s importante que jam\u00e1s tuvo la Argentina - Informe Litoral\",\"isPartOf\":{\"@id\":\"https:\\\/\\\/informelitoral.com.ar\\\/#website\"},\"primaryImageOfPage\":{\"@id\":\"https:\\\/\\\/informelitoral.com.ar\\\/g20-el-desafio-en-seguridad-mas-importante-que-jamas-tuvo-la-argentina\\\/#primaryimage\"},\"image\":{\"@id\":\"https:\\\/\\\/informelitoral.com.ar\\\/g20-el-desafio-en-seguridad-mas-importante-que-jamas-tuvo-la-argentina\\\/#primaryimage\"},\"thumbnailUrl\":\"https:\\\/\\\/informelitoral.com.ar\\\/%77%70%2d%63%6f%6e%74%65%6e%74\\\/uploads\\\/2018\\\/11\\\/cumbre-g-20.jpg\",\"datePublished\":\"2018-11-29T11:01:19+00:00\",\"dateModified\":\"2018-11-29T11:09:09+00:00\",\"breadcrumb\":{\"@id\":\"https:\\\/\\\/informelitoral.com.ar\\\/g20-el-desafio-en-seguridad-mas-importante-que-jamas-tuvo-la-argentina\\\/#breadcrumb\"},\"inLanguage\":\"es\",\"potentialAction\":[{\"@type\":\"ReadAction\",\"target\":[\"https:\\\/\\\/informelitoral.com.ar\\\/g20-el-desafio-en-seguridad-mas-importante-que-jamas-tuvo-la-argentina\\\/\"]}]},{\"@type\":\"ImageObject\",\"inLanguage\":\"es\",\"@id\":\"https:\\\/\\\/informelitoral.com.ar\\\/g20-el-desafio-en-seguridad-mas-importante-que-jamas-tuvo-la-argentina\\\/#primaryimage\",\"url\":\"https:\\\/\\\/informelitoral.com.ar\\\/%77%70%2d%63%6f%6e%74%65%6e%74\\\/uploads\\\/2018\\\/11\\\/cumbre-g-20.jpg\",\"contentUrl\":\"https:\\\/\\\/informelitoral.com.ar\\\/%77%70%2d%63%6f%6e%74%65%6e%74\\\/uploads\\\/2018\\\/11\\\/cumbre-g-20.jpg\",\"width\":1170,\"height\":791},{\"@type\":\"BreadcrumbList\",\"@id\":\"https:\\\/\\\/informelitoral.com.ar\\\/g20-el-desafio-en-seguridad-mas-importante-que-jamas-tuvo-la-argentina\\\/#breadcrumb\",\"itemListElement\":[{\"@type\":\"ListItem\",\"position\":1,\"name\":\"Portada\",\"item\":\"https:\\\/\\\/informelitoral.com.ar\\\/\"},{\"@type\":\"ListItem\",\"position\":2,\"name\":\"G20: el desaf\u00edo en seguridad m\u00e1s importante que jam\u00e1s tuvo la Argentina\"}]},{\"@type\":\"WebSite\",\"@id\":\"https:\\\/\\\/informelitoral.com.ar\\\/#website\",\"url\":\"https:\\\/\\\/informelitoral.com.ar\\\/\",\"name\":\"Informe Litoral\",\"description\":\"&quot;Nos informamos&quot; \",\"publisher\":{\"@id\":\"https:\\\/\\\/informelitoral.com.ar\\\/#organization\"},\"potentialAction\":[{\"@type\":\"SearchAction\",\"target\":{\"@type\":\"EntryPoint\",\"urlTemplate\":\"https:\\\/\\\/informelitoral.com.ar\\\/?s={search_term_string}\"},\"query-input\":{\"@type\":\"PropertyValueSpecification\",\"valueRequired\":true,\"valueName\":\"search_term_string\"}}],\"inLanguage\":\"es\"},{\"@type\":\"Organization\",\"@id\":\"https:\\\/\\\/informelitoral.com.ar\\\/#organization\",\"name\":\"Informe Litoral\",\"url\":\"https:\\\/\\\/informelitoral.com.ar\\\/\",\"logo\":{\"@type\":\"ImageObject\",\"inLanguage\":\"es\",\"@id\":\"https:\\\/\\\/informelitoral.com.ar\\\/#\\\/schema\\\/logo\\\/image\\\/\",\"url\":\"https:\\\/\\\/informelitoral.com.ar\\\/%77%70%2d%63%6f%6e%74%65%6e%74\\\/uploads\\\/2021\\\/01\\\/circulo.png\",\"contentUrl\":\"https:\\\/\\\/informelitoral.com.ar\\\/%77%70%2d%63%6f%6e%74%65%6e%74\\\/uploads\\\/2021\\\/01\\\/circulo.png\",\"width\":723,\"height\":731,\"caption\":\"Informe Litoral\"},\"image\":{\"@id\":\"https:\\\/\\\/informelitoral.com.ar\\\/#\\\/schema\\\/logo\\\/image\\\/\"},\"sameAs\":[\"https:\\\/\\\/www.facebook.com\\\/informelitoral\\\/\",\"https:\\\/\\\/x.com\\\/InformeLitoral\",\"https:\\\/\\\/www.instagram.com\\\/informelitoral\\\/\",\"https:\\\/\\\/www.youtube.com\\\/channel\\\/UCua4Qvz8Icb6MYqhoq9xLXw\"]},{\"@type\":\"Person\",\"@id\":\"https:\\\/\\\/informelitoral.com.ar\\\/#\\\/schema\\\/person\\\/b9d00407c836482871ef1d57bf8e3180\",\"name\":\"Gonzalo Schmidt\",\"image\":{\"@type\":\"ImageObject\",\"inLanguage\":\"es\",\"@id\":\"https:\\\/\\\/secure.gravatar.com\\\/avatar\\\/31a1a7b66ff2de83bd0e9fd79d026630d2d99e55e8bfe501287647b4fd9743de?s=96&d=mm&r=g\",\"url\":\"https:\\\/\\\/secure.gravatar.com\\\/avatar\\\/31a1a7b66ff2de83bd0e9fd79d026630d2d99e55e8bfe501287647b4fd9743de?s=96&d=mm&r=g\",\"contentUrl\":\"https:\\\/\\\/secure.gravatar.com\\\/avatar\\\/31a1a7b66ff2de83bd0e9fd79d026630d2d99e55e8bfe501287647b4fd9743de?s=96&d=mm&r=g\",\"caption\":\"Gonzalo Schmidt\"},\"description\":\"Sitio web de noticias de la provincia de Entre R\u00edos, Argentina. Informaci\u00f3n y entretenimiento. Informe Litoral, nos informamos.\",\"sameAs\":[\"http:\\\/\\\/www.isletasnoticias.com.ar\"],\"url\":\"https:\\\/\\\/informelitoral.com.ar\\\/author\\\/gonzalo\\\/\"}]}<\/script>","yoast_head_json":{"title":"G20: el desaf\u00edo en seguridad m\u00e1s importante que jam\u00e1s tuvo la Argentina - Informe Litoral","robots":{"index":"index","follow":"follow","max-snippet":"max-snippet:-1","max-image-preview":"max-image-preview:large","max-video-preview":"max-video-preview:-1"},"canonical":"https:\/\/informelitoral.com.ar\/g20-el-desafio-en-seguridad-mas-importante-que-jamas-tuvo-la-argentina\/","og_locale":"es_ES","og_type":"article","og_title":"G20: el desaf\u00edo en seguridad m\u00e1s importante que jam\u00e1s tuvo la Argentina - Informe Litoral","og_description":"En total, entre fuerzas federales y locales, habr\u00e1 22.000 efectivos desplegados para la seguridad del evento.","og_url":"https:\/\/informelitoral.com.ar\/g20-el-desafio-en-seguridad-mas-importante-que-jamas-tuvo-la-argentina\/","og_site_name":"Informe Litoral","article_publisher":"https:\/\/www.facebook.com\/informelitoral\/","article_published_time":"2018-11-29T11:01:19+00:00","article_modified_time":"2018-11-29T11:09:09+00:00","og_image":[{"width":1170,"height":791,"url":"https:\/\/informelitoral.com.ar\/%77%70%2d%63%6f%6e%74%65%6e%74\/uploads\/2018\/11\/cumbre-g-20.jpg","type":"image\/jpeg"}],"author":"Gonzalo Schmidt","twitter_card":"summary_large_image","twitter_creator":"@InformeLitoral","twitter_site":"@InformeLitoral","twitter_misc":{"Escrito por":"Gonzalo Schmidt","Tiempo de lectura":"6 minutos"},"schema":{"@context":"https:\/\/schema.org","@graph":[{"@type":"Article","@id":"https:\/\/informelitoral.com.ar\/g20-el-desafio-en-seguridad-mas-importante-que-jamas-tuvo-la-argentina\/#article","isPartOf":{"@id":"https:\/\/informelitoral.com.ar\/g20-el-desafio-en-seguridad-mas-importante-que-jamas-tuvo-la-argentina\/"},"author":{"name":"Gonzalo Schmidt","@id":"https:\/\/informelitoral.com.ar\/#\/schema\/person\/b9d00407c836482871ef1d57bf8e3180"},"headline":"G20: el desaf\u00edo en seguridad m\u00e1s importante que jam\u00e1s tuvo la Argentina","datePublished":"2018-11-29T11:01:19+00:00","dateModified":"2018-11-29T11:09:09+00:00","mainEntityOfPage":{"@id":"https:\/\/informelitoral.com.ar\/g20-el-desafio-en-seguridad-mas-importante-que-jamas-tuvo-la-argentina\/"},"wordCount":1226,"commentCount":0,"publisher":{"@id":"https:\/\/informelitoral.com.ar\/#organization"},"image":{"@id":"https:\/\/informelitoral.com.ar\/g20-el-desafio-en-seguridad-mas-importante-que-jamas-tuvo-la-argentina\/#primaryimage"},"thumbnailUrl":"https:\/\/informelitoral.com.ar\/%77%70%2d%63%6f%6e%74%65%6e%74\/uploads\/2018\/11\/cumbre-g-20.jpg","articleSection":["Politica"],"inLanguage":"es","potentialAction":[{"@type":"CommentAction","name":"Comment","target":["https:\/\/informelitoral.com.ar\/g20-el-desafio-en-seguridad-mas-importante-que-jamas-tuvo-la-argentina\/#respond"]}]},{"@type":"WebPage","@id":"https:\/\/informelitoral.com.ar\/g20-el-desafio-en-seguridad-mas-importante-que-jamas-tuvo-la-argentina\/","url":"https:\/\/informelitoral.com.ar\/g20-el-desafio-en-seguridad-mas-importante-que-jamas-tuvo-la-argentina\/","name":"G20: el desaf\u00edo en seguridad m\u00e1s importante que jam\u00e1s tuvo la Argentina - Informe Litoral","isPartOf":{"@id":"https:\/\/informelitoral.com.ar\/#website"},"primaryImageOfPage":{"@id":"https:\/\/informelitoral.com.ar\/g20-el-desafio-en-seguridad-mas-importante-que-jamas-tuvo-la-argentina\/#primaryimage"},"image":{"@id":"https:\/\/informelitoral.com.ar\/g20-el-desafio-en-seguridad-mas-importante-que-jamas-tuvo-la-argentina\/#primaryimage"},"thumbnailUrl":"https:\/\/informelitoral.com.ar\/%77%70%2d%63%6f%6e%74%65%6e%74\/uploads\/2018\/11\/cumbre-g-20.jpg","datePublished":"2018-11-29T11:01:19+00:00","dateModified":"2018-11-29T11:09:09+00:00","breadcrumb":{"@id":"https:\/\/informelitoral.com.ar\/g20-el-desafio-en-seguridad-mas-importante-que-jamas-tuvo-la-argentina\/#breadcrumb"},"inLanguage":"es","potentialAction":[{"@type":"ReadAction","target":["https:\/\/informelitoral.com.ar\/g20-el-desafio-en-seguridad-mas-importante-que-jamas-tuvo-la-argentina\/"]}]},{"@type":"ImageObject","inLanguage":"es","@id":"https:\/\/informelitoral.com.ar\/g20-el-desafio-en-seguridad-mas-importante-que-jamas-tuvo-la-argentina\/#primaryimage","url":"https:\/\/informelitoral.com.ar\/%77%70%2d%63%6f%6e%74%65%6e%74\/uploads\/2018\/11\/cumbre-g-20.jpg","contentUrl":"https:\/\/informelitoral.com.ar\/%77%70%2d%63%6f%6e%74%65%6e%74\/uploads\/2018\/11\/cumbre-g-20.jpg","width":1170,"height":791},{"@type":"BreadcrumbList","@id":"https:\/\/informelitoral.com.ar\/g20-el-desafio-en-seguridad-mas-importante-que-jamas-tuvo-la-argentina\/#breadcrumb","itemListElement":[{"@type":"ListItem","position":1,"name":"Portada","item":"https:\/\/informelitoral.com.ar\/"},{"@type":"ListItem","position":2,"name":"G20: el desaf\u00edo en seguridad m\u00e1s importante que jam\u00e1s tuvo la Argentina"}]},{"@type":"WebSite","@id":"https:\/\/informelitoral.com.ar\/#website","url":"https:\/\/informelitoral.com.ar\/","name":"Informe Litoral","description":"&quot;Nos informamos&quot; ","publisher":{"@id":"https:\/\/informelitoral.com.ar\/#organization"},"potentialAction":[{"@type":"SearchAction","target":{"@type":"EntryPoint","urlTemplate":"https:\/\/informelitoral.com.ar\/?s={search_term_string}"},"query-input":{"@type":"PropertyValueSpecification","valueRequired":true,"valueName":"search_term_string"}}],"inLanguage":"es"},{"@type":"Organization","@id":"https:\/\/informelitoral.com.ar\/#organization","name":"Informe Litoral","url":"https:\/\/informelitoral.com.ar\/","logo":{"@type":"ImageObject","inLanguage":"es","@id":"https:\/\/informelitoral.com.ar\/#\/schema\/logo\/image\/","url":"https:\/\/informelitoral.com.ar\/%77%70%2d%63%6f%6e%74%65%6e%74\/uploads\/2021\/01\/circulo.png","contentUrl":"https:\/\/informelitoral.com.ar\/%77%70%2d%63%6f%6e%74%65%6e%74\/uploads\/2021\/01\/circulo.png","width":723,"height":731,"caption":"Informe Litoral"},"image":{"@id":"https:\/\/informelitoral.com.ar\/#\/schema\/logo\/image\/"},"sameAs":["https:\/\/www.facebook.com\/informelitoral\/","https:\/\/x.com\/InformeLitoral","https:\/\/www.instagram.com\/informelitoral\/","https:\/\/www.youtube.com\/channel\/UCua4Qvz8Icb6MYqhoq9xLXw"]},{"@type":"Person","@id":"https:\/\/informelitoral.com.ar\/#\/schema\/person\/b9d00407c836482871ef1d57bf8e3180","name":"Gonzalo Schmidt","image":{"@type":"ImageObject","inLanguage":"es","@id":"https:\/\/secure.gravatar.com\/avatar\/31a1a7b66ff2de83bd0e9fd79d026630d2d99e55e8bfe501287647b4fd9743de?s=96&d=mm&r=g","url":"https:\/\/secure.gravatar.com\/avatar\/31a1a7b66ff2de83bd0e9fd79d026630d2d99e55e8bfe501287647b4fd9743de?s=96&d=mm&r=g","contentUrl":"https:\/\/secure.gravatar.com\/avatar\/31a1a7b66ff2de83bd0e9fd79d026630d2d99e55e8bfe501287647b4fd9743de?s=96&d=mm&r=g","caption":"Gonzalo Schmidt"},"description":"Sitio web de noticias de la provincia de Entre R\u00edos, Argentina. Informaci\u00f3n y entretenimiento. Informe Litoral, nos informamos.","sameAs":["http:\/\/www.isletasnoticias.com.ar"],"url":"https:\/\/informelitoral.com.ar\/author\/gonzalo\/"}]}},"_links":{"self":[{"href":"https:\/\/informelitoral.com.ar\/%77%70%2d%6a%73%6f%6e\/wp\/v2\/posts\/30883","targetHints":{"allow":["GET"]}}],"collection":[{"href":"https:\/\/informelitoral.com.ar\/%77%70%2d%6a%73%6f%6e\/wp\/v2\/posts"}],"about":[{"href":"https:\/\/informelitoral.com.ar\/%77%70%2d%6a%73%6f%6e\/wp\/v2\/types\/post"}],"author":[{"embeddable":true,"href":"https:\/\/informelitoral.com.ar\/%77%70%2d%6a%73%6f%6e\/wp\/v2\/users\/2"}],"replies":[{"embeddable":true,"href":"https:\/\/informelitoral.com.ar\/%77%70%2d%6a%73%6f%6e\/wp\/v2\/comments?post=30883"}],"version-history":[{"count":0,"href":"https:\/\/informelitoral.com.ar\/%77%70%2d%6a%73%6f%6e\/wp\/v2\/posts\/30883\/revisions"}],"wp:featuredmedia":[{"embeddable":true,"href":"https:\/\/informelitoral.com.ar\/%77%70%2d%6a%73%6f%6e\/wp\/v2\/media\/30884"}],"wp:attachment":[{"href":"https:\/\/informelitoral.com.ar\/%77%70%2d%6a%73%6f%6e\/wp\/v2\/media?parent=30883"}],"wp:term":[{"taxonomy":"category","embeddable":true,"href":"https:\/\/informelitoral.com.ar\/%77%70%2d%6a%73%6f%6e\/wp\/v2\/categories?post=30883"},{"taxonomy":"post_tag","embeddable":true,"href":"https:\/\/informelitoral.com.ar\/%77%70%2d%6a%73%6f%6e\/wp\/v2\/tags?post=30883"}],"curies":[{"name":"wp","href":"https:\/\/api.w.org\/{rel}","templated":true}]}}