{"id":3087,"date":"2013-09-05T21:43:39","date_gmt":"2013-09-06T00:43:39","guid":{"rendered":"http:\/\/www.isletasnoticias.com.ar\/?p=3087"},"modified":"2013-09-05T21:43:39","modified_gmt":"2013-09-06T00:43:39","slug":"reparacion-de-la-ruta-11-solicitan-adopcion-de-medidas-de-seguridad","status":"publish","type":"post","link":"https:\/\/informelitoral.com.ar\/reparacion-de-la-ruta-11-solicitan-adopcion-de-medidas-de-seguridad\/","title":{"rendered":"Reparaci\u00f3n de la ruta 11: solicitan adopci\u00f3n de medidas de seguridad"},"content":{"rendered":"<div><strong>\u00a0D\u00edas pasados tuvo ingreso en la C\u00e1mara de\u00a0 Diputados de Entre R\u00edos, un proyecto de resoluci\u00f3n, por el cual se solicita al Poder Ejecutivo Provincial se dispongan los controles y se haga cumplir con las medidas de seguridad del caso, en los trabajos que se realizan en la reparaci\u00f3n de la ruta provincial N\u00b0 11.<\/strong><\/div>\n<div><img loading=\"lazy\" decoding=\"async\" class=\"size-medium wp-image-2359 alignright\" title=\"Diputado Jorge Monge.\" alt=\"monje\" src=\"http:\/\/www.isletasnoticias.com.ar\/%77%70%2d%63%6f%6e%74%65%6e%74\/uploads\/2013\/07\/monje-300x262.jpg\" width=\"300\" height=\"262\" srcset=\"https:\/\/informelitoral.com.ar\/%77%70%2d%63%6f%6e%74%65%6e%74\/uploads\/2013\/07\/monje-300x262.jpg 300w, https:\/\/informelitoral.com.ar\/%77%70%2d%63%6f%6e%74%65%6e%74\/uploads\/2013\/07\/monje.jpg 549w\" sizes=\"auto, (max-width: 300px) 100vw, 300px\" \/><\/div>\n<div><\/div>\n<div>En los fundamentos de la iniciativa presentada por el diputado <strong>Jorge Monge<\/strong> se destaca la preocupaci\u00f3n por la falta de medidas de seguridad y el estado provisorio de las banquinas en el tramo de dicha ruta que va desde la ciudad de Diamante hacia el sur, hasta el arroyo Doll, preocupaci\u00f3n expresada \u00a0circunstanciadamente por vecinos y medios de comunicaci\u00f3n, en particular EL SUPREMO II \u00c9poca.<\/div>\n<div><\/div>\n<div>\u00a0 \u201cLa necesaria reparaci\u00f3n de este tramo ha llevado a que en la actualidad se est\u00e9n realizando\u00a0 tareas de reparaci\u00f3n sin que las mismas \u2013 seg\u00fan especialistas en la materia \u2013 observen las adecuadas medidas de seguridad, no solo durante la jornada de trabajo, sino y fundamentalmente, en horas nocturnas y en momentos de lluvia o niebla. En particular \u00a0\u00a0la diferencia de nivel que existe entre la carpeta asf\u00e1ltica nueva y la zona contigua en preparaci\u00f3n de banquina o tercer carril es muy elevada y queda abierta toda la noche, gener\u00e1ndose una suerte de escal\u00f3n cuya desnivel puede generar graves accidentes, los carteles est\u00e1n pr\u00e1cticamente\u00a0 sobre el lugar del desv\u00edo y no con la antelaci\u00f3n de distancia correspondiente\u201d afirm\u00f3 el legislador diamantino.<\/div>\n<div><\/div>\n<div>\u00a0 \u201cLa reparaci\u00f3n de este tramo de la ruta<a href=\"http:\/\/www.isletasnoticias.com.ar\/%77%70%2d%63%6f%6e%74%65%6e%74\/uploads\/2013\/09\/ruta.jpg\"><img loading=\"lazy\" decoding=\"async\" class=\"size-medium wp-image-3088 alignleft\" alt=\"ruta\" src=\"http:\/\/www.isletasnoticias.com.ar\/%77%70%2d%63%6f%6e%74%65%6e%74\/uploads\/2013\/09\/ruta-300x170.jpg\" width=\"300\" height=\"170\" srcset=\"https:\/\/informelitoral.com.ar\/%77%70%2d%63%6f%6e%74%65%6e%74\/uploads\/2013\/09\/ruta-300x170.jpg 300w, https:\/\/informelitoral.com.ar\/%77%70%2d%63%6f%6e%74%65%6e%74\/uploads\/2013\/09\/ruta.jpg 440w\" sizes=\"auto, (max-width: 300px) 100vw, 300px\" \/><\/a> provincial N\u00b0 11 es una medida positiva que largamente fue esperada, principalmente por quienes con frecuencia se desplazan por la misma, pero estas necesarias obras\u00a0 no deben\u00a0 generar\u00a0 riesgos &#8211; aunque estos sean provisorios mientras dure la reparaci\u00f3n &#8211; \u00a0\u00a0para la vida y bienes de los transe\u00fantes\u201d concluy\u00f3 el diputado Monge.<\/div>\n<div><\/div>\n","protected":false},"excerpt":{"rendered":"<p>&nbsp;D&iacute;as pasados tuvo ingreso en la C&aacute;mara de&nbsp; Diputados de Entre R&iacute;os, un proyecto de resoluci&oacute;n, por el cual se solicita al Poder Ejecutivo Provincial se dispongan los controles y se haga cumplir con las medidas de seguridad del caso, en los trabajos que se realizan en la reparaci&oacute;n de la ruta provincial N&deg; 11. [&hellip;]<\/p>\n","protected":false},"author":2,"featured_media":0,"comment_status":"open","ping_status":"open","sticky":false,"template":"","format":"standard","meta":{"fifu_image_url":"","fifu_image_alt":"","footnotes":""},"categories":[5,16],"tags":[],"class_list":{"0":"post-3087","1":"post","2":"type-post","3":"status-publish","4":"format-standard","6":"category-zonales","7":"category-politi"},"yoast_head":"<title>Reparaci\u00f3n de la ruta 11: solicitan adopci\u00f3n de medidas de seguridad - Informe Litoral<\/title>\n<meta name=\"robots\" content=\"index, follow, max-snippet:-1, max-image-preview:large, max-video-preview:-1\" \/>\n<link rel=\"canonical\" href=\"https:\/\/informelitoral.com.ar\/reparacion-de-la-ruta-11-solicitan-adopcion-de-medidas-de-seguridad\/\" \/>\n<meta property=\"og:locale\" content=\"es_ES\" \/>\n<meta property=\"og:type\" content=\"article\" \/>\n<meta property=\"og:title\" content=\"Reparaci\u00f3n de la ruta 11: solicitan adopci\u00f3n de medidas de seguridad - Informe Litoral\" \/>\n<meta property=\"og:description\" content=\"&nbsp;D&iacute;as pasados tuvo ingreso en la C&aacute;mara de&nbsp; Diputados de Entre R&iacute;os, un proyecto de resoluci&oacute;n, por el cual se solicita al Poder Ejecutivo Provincial se dispongan los controles y se haga cumplir con las medidas de seguridad del caso, en los trabajos que se realizan en la reparaci&oacute;n de la ruta provincial N&deg; 11. [&hellip;]\" \/>\n<meta property=\"og:url\" content=\"https:\/\/informelitoral.com.ar\/reparacion-de-la-ruta-11-solicitan-adopcion-de-medidas-de-seguridad\/\" \/>\n<meta property=\"og:site_name\" content=\"Informe Litoral\" \/>\n<meta property=\"article:publisher\" content=\"https:\/\/www.facebook.com\/informelitoral\/\" \/>\n<meta property=\"article:published_time\" content=\"2013-09-06T00:43:39+00:00\" \/>\n<meta property=\"og:image\" content=\"https:\/\/informelitoral.com.ar\/%77%70%2d%63%6f%6e%74%65%6e%74\/uploads\/2013\/07\/monje.jpg\" \/>\n\t<meta property=\"og:image:width\" content=\"549\" \/>\n\t<meta property=\"og:image:height\" content=\"480\" \/>\n\t<meta property=\"og:image:type\" content=\"image\/jpeg\" \/>\n<meta name=\"author\" content=\"Gonzalo Schmidt\" \/>\n<meta name=\"twitter:card\" content=\"summary_large_image\" \/>\n<meta name=\"twitter:creator\" content=\"@InformeLitoral\" \/>\n<meta name=\"twitter:site\" content=\"@InformeLitoral\" \/>\n<meta name=\"twitter:label1\" content=\"Escrito por\" \/>\n\t<meta name=\"twitter:data1\" content=\"Gonzalo Schmidt\" \/>\n\t<meta name=\"twitter:label2\" content=\"Tiempo de lectura\" \/>\n\t<meta name=\"twitter:data2\" content=\"2 minutos\" \/>\n<script type=\"application\/ld+json\" class=\"yoast-schema-graph\">{\"@context\":\"https:\\\/\\\/schema.org\",\"@graph\":[{\"@type\":\"Article\",\"@id\":\"https:\\\/\\\/informelitoral.com.ar\\\/reparacion-de-la-ruta-11-solicitan-adopcion-de-medidas-de-seguridad\\\/#article\",\"isPartOf\":{\"@id\":\"https:\\\/\\\/informelitoral.com.ar\\\/reparacion-de-la-ruta-11-solicitan-adopcion-de-medidas-de-seguridad\\\/\"},\"author\":{\"name\":\"Gonzalo Schmidt\",\"@id\":\"https:\\\/\\\/informelitoral.com.ar\\\/#\\\/schema\\\/person\\\/b9d00407c836482871ef1d57bf8e3180\"},\"headline\":\"Reparaci\u00f3n de la ruta 11: solicitan adopci\u00f3n de medidas de seguridad\",\"datePublished\":\"2013-09-06T00:43:39+00:00\",\"mainEntityOfPage\":{\"@id\":\"https:\\\/\\\/informelitoral.com.ar\\\/reparacion-de-la-ruta-11-solicitan-adopcion-de-medidas-de-seguridad\\\/\"},\"wordCount\":331,\"commentCount\":0,\"publisher\":{\"@id\":\"https:\\\/\\\/informelitoral.com.ar\\\/#organization\"},\"image\":{\"@id\":\"https:\\\/\\\/informelitoral.com.ar\\\/reparacion-de-la-ruta-11-solicitan-adopcion-de-medidas-de-seguridad\\\/#primaryimage\"},\"thumbnailUrl\":\"http:\\\/\\\/www.isletasnoticias.com.ar\\\/%77%70%2d%63%6f%6e%74%65%6e%74\\\/uploads\\\/2013\\\/07\\\/monje-300x262.jpg\",\"articleSection\":[\"Departamento Diamante\",\"Politica\"],\"inLanguage\":\"es\",\"potentialAction\":[{\"@type\":\"CommentAction\",\"name\":\"Comment\",\"target\":[\"https:\\\/\\\/informelitoral.com.ar\\\/reparacion-de-la-ruta-11-solicitan-adopcion-de-medidas-de-seguridad\\\/#respond\"]}]},{\"@type\":\"WebPage\",\"@id\":\"https:\\\/\\\/informelitoral.com.ar\\\/reparacion-de-la-ruta-11-solicitan-adopcion-de-medidas-de-seguridad\\\/\",\"url\":\"https:\\\/\\\/informelitoral.com.ar\\\/reparacion-de-la-ruta-11-solicitan-adopcion-de-medidas-de-seguridad\\\/\",\"name\":\"Reparaci\u00f3n de la ruta 11: solicitan adopci\u00f3n de medidas de seguridad - Informe Litoral\",\"isPartOf\":{\"@id\":\"https:\\\/\\\/informelitoral.com.ar\\\/#website\"},\"primaryImageOfPage\":{\"@id\":\"https:\\\/\\\/informelitoral.com.ar\\\/reparacion-de-la-ruta-11-solicitan-adopcion-de-medidas-de-seguridad\\\/#primaryimage\"},\"image\":{\"@id\":\"https:\\\/\\\/informelitoral.com.ar\\\/reparacion-de-la-ruta-11-solicitan-adopcion-de-medidas-de-seguridad\\\/#primaryimage\"},\"thumbnailUrl\":\"http:\\\/\\\/www.isletasnoticias.com.ar\\\/%77%70%2d%63%6f%6e%74%65%6e%74\\\/uploads\\\/2013\\\/07\\\/monje-300x262.jpg\",\"datePublished\":\"2013-09-06T00:43:39+00:00\",\"breadcrumb\":{\"@id\":\"https:\\\/\\\/informelitoral.com.ar\\\/reparacion-de-la-ruta-11-solicitan-adopcion-de-medidas-de-seguridad\\\/#breadcrumb\"},\"inLanguage\":\"es\",\"potentialAction\":[{\"@type\":\"ReadAction\",\"target\":[\"https:\\\/\\\/informelitoral.com.ar\\\/reparacion-de-la-ruta-11-solicitan-adopcion-de-medidas-de-seguridad\\\/\"]}]},{\"@type\":\"ImageObject\",\"inLanguage\":\"es\",\"@id\":\"https:\\\/\\\/informelitoral.com.ar\\\/reparacion-de-la-ruta-11-solicitan-adopcion-de-medidas-de-seguridad\\\/#primaryimage\",\"url\":\"http:\\\/\\\/www.isletasnoticias.com.ar\\\/%77%70%2d%63%6f%6e%74%65%6e%74\\\/uploads\\\/2013\\\/07\\\/monje-300x262.jpg\",\"contentUrl\":\"http:\\\/\\\/www.isletasnoticias.com.ar\\\/%77%70%2d%63%6f%6e%74%65%6e%74\\\/uploads\\\/2013\\\/07\\\/monje-300x262.jpg\"},{\"@type\":\"BreadcrumbList\",\"@id\":\"https:\\\/\\\/informelitoral.com.ar\\\/reparacion-de-la-ruta-11-solicitan-adopcion-de-medidas-de-seguridad\\\/#breadcrumb\",\"itemListElement\":[{\"@type\":\"ListItem\",\"position\":1,\"name\":\"Portada\",\"item\":\"https:\\\/\\\/informelitoral.com.ar\\\/\"},{\"@type\":\"ListItem\",\"position\":2,\"name\":\"Reparaci\u00f3n de la ruta 11: solicitan adopci\u00f3n de medidas de seguridad\"}]},{\"@type\":\"WebSite\",\"@id\":\"https:\\\/\\\/informelitoral.com.ar\\\/#website\",\"url\":\"https:\\\/\\\/informelitoral.com.ar\\\/\",\"name\":\"Informe Litoral\",\"description\":\"&quot;Nos informamos&quot; \",\"publisher\":{\"@id\":\"https:\\\/\\\/informelitoral.com.ar\\\/#organization\"},\"potentialAction\":[{\"@type\":\"SearchAction\",\"target\":{\"@type\":\"EntryPoint\",\"urlTemplate\":\"https:\\\/\\\/informelitoral.com.ar\\\/?s={search_term_string}\"},\"query-input\":{\"@type\":\"PropertyValueSpecification\",\"valueRequired\":true,\"valueName\":\"search_term_string\"}}],\"inLanguage\":\"es\"},{\"@type\":\"Organization\",\"@id\":\"https:\\\/\\\/informelitoral.com.ar\\\/#organization\",\"name\":\"Informe Litoral\",\"url\":\"https:\\\/\\\/informelitoral.com.ar\\\/\",\"logo\":{\"@type\":\"ImageObject\",\"inLanguage\":\"es\",\"@id\":\"https:\\\/\\\/informelitoral.com.ar\\\/#\\\/schema\\\/logo\\\/image\\\/\",\"url\":\"https:\\\/\\\/informelitoral.com.ar\\\/%77%70%2d%63%6f%6e%74%65%6e%74\\\/uploads\\\/2021\\\/01\\\/circulo.png\",\"contentUrl\":\"https:\\\/\\\/informelitoral.com.ar\\\/%77%70%2d%63%6f%6e%74%65%6e%74\\\/uploads\\\/2021\\\/01\\\/circulo.png\",\"width\":723,\"height\":731,\"caption\":\"Informe Litoral\"},\"image\":{\"@id\":\"https:\\\/\\\/informelitoral.com.ar\\\/#\\\/schema\\\/logo\\\/image\\\/\"},\"sameAs\":[\"https:\\\/\\\/www.facebook.com\\\/informelitoral\\\/\",\"https:\\\/\\\/x.com\\\/InformeLitoral\",\"https:\\\/\\\/www.instagram.com\\\/informelitoral\\\/\",\"https:\\\/\\\/www.youtube.com\\\/channel\\\/UCua4Qvz8Icb6MYqhoq9xLXw\"]},{\"@type\":\"Person\",\"@id\":\"https:\\\/\\\/informelitoral.com.ar\\\/#\\\/schema\\\/person\\\/b9d00407c836482871ef1d57bf8e3180\",\"name\":\"Gonzalo Schmidt\",\"image\":{\"@type\":\"ImageObject\",\"inLanguage\":\"es\",\"@id\":\"https:\\\/\\\/secure.gravatar.com\\\/avatar\\\/31a1a7b66ff2de83bd0e9fd79d026630d2d99e55e8bfe501287647b4fd9743de?s=96&d=mm&r=g\",\"url\":\"https:\\\/\\\/secure.gravatar.com\\\/avatar\\\/31a1a7b66ff2de83bd0e9fd79d026630d2d99e55e8bfe501287647b4fd9743de?s=96&d=mm&r=g\",\"contentUrl\":\"https:\\\/\\\/secure.gravatar.com\\\/avatar\\\/31a1a7b66ff2de83bd0e9fd79d026630d2d99e55e8bfe501287647b4fd9743de?s=96&d=mm&r=g\",\"caption\":\"Gonzalo Schmidt\"},\"description\":\"Sitio web de noticias de la provincia de Entre R\u00edos, Argentina. Informaci\u00f3n y entretenimiento. Informe Litoral, nos informamos.\",\"sameAs\":[\"http:\\\/\\\/www.isletasnoticias.com.ar\"],\"url\":\"https:\\\/\\\/informelitoral.com.ar\\\/author\\\/gonzalo\\\/\"}]}<\/script>","yoast_head_json":{"title":"Reparaci\u00f3n de la ruta 11: solicitan adopci\u00f3n de medidas de seguridad - Informe Litoral","robots":{"index":"index","follow":"follow","max-snippet":"max-snippet:-1","max-image-preview":"max-image-preview:large","max-video-preview":"max-video-preview:-1"},"canonical":"https:\/\/informelitoral.com.ar\/reparacion-de-la-ruta-11-solicitan-adopcion-de-medidas-de-seguridad\/","og_locale":"es_ES","og_type":"article","og_title":"Reparaci\u00f3n de la ruta 11: solicitan adopci\u00f3n de medidas de seguridad - Informe Litoral","og_description":"&nbsp;D&iacute;as pasados tuvo ingreso en la C&aacute;mara de&nbsp; Diputados de Entre R&iacute;os, un proyecto de resoluci&oacute;n, por el cual se solicita al Poder Ejecutivo Provincial se dispongan los controles y se haga cumplir con las medidas de seguridad del caso, en los trabajos que se realizan en la reparaci&oacute;n de la ruta provincial N&deg; 11. [&hellip;]","og_url":"https:\/\/informelitoral.com.ar\/reparacion-de-la-ruta-11-solicitan-adopcion-de-medidas-de-seguridad\/","og_site_name":"Informe Litoral","article_publisher":"https:\/\/www.facebook.com\/informelitoral\/","article_published_time":"2013-09-06T00:43:39+00:00","og_image":[{"width":549,"height":480,"url":"https:\/\/informelitoral.com.ar\/%77%70%2d%63%6f%6e%74%65%6e%74\/uploads\/2013\/07\/monje.jpg","type":"image\/jpeg"}],"author":"Gonzalo Schmidt","twitter_card":"summary_large_image","twitter_creator":"@InformeLitoral","twitter_site":"@InformeLitoral","twitter_misc":{"Escrito por":"Gonzalo Schmidt","Tiempo de lectura":"2 minutos"},"schema":{"@context":"https:\/\/schema.org","@graph":[{"@type":"Article","@id":"https:\/\/informelitoral.com.ar\/reparacion-de-la-ruta-11-solicitan-adopcion-de-medidas-de-seguridad\/#article","isPartOf":{"@id":"https:\/\/informelitoral.com.ar\/reparacion-de-la-ruta-11-solicitan-adopcion-de-medidas-de-seguridad\/"},"author":{"name":"Gonzalo Schmidt","@id":"https:\/\/informelitoral.com.ar\/#\/schema\/person\/b9d00407c836482871ef1d57bf8e3180"},"headline":"Reparaci\u00f3n de la ruta 11: solicitan adopci\u00f3n de medidas de seguridad","datePublished":"2013-09-06T00:43:39+00:00","mainEntityOfPage":{"@id":"https:\/\/informelitoral.com.ar\/reparacion-de-la-ruta-11-solicitan-adopcion-de-medidas-de-seguridad\/"},"wordCount":331,"commentCount":0,"publisher":{"@id":"https:\/\/informelitoral.com.ar\/#organization"},"image":{"@id":"https:\/\/informelitoral.com.ar\/reparacion-de-la-ruta-11-solicitan-adopcion-de-medidas-de-seguridad\/#primaryimage"},"thumbnailUrl":"http:\/\/www.isletasnoticias.com.ar\/%77%70%2d%63%6f%6e%74%65%6e%74\/uploads\/2013\/07\/monje-300x262.jpg","articleSection":["Departamento Diamante","Politica"],"inLanguage":"es","potentialAction":[{"@type":"CommentAction","name":"Comment","target":["https:\/\/informelitoral.com.ar\/reparacion-de-la-ruta-11-solicitan-adopcion-de-medidas-de-seguridad\/#respond"]}]},{"@type":"WebPage","@id":"https:\/\/informelitoral.com.ar\/reparacion-de-la-ruta-11-solicitan-adopcion-de-medidas-de-seguridad\/","url":"https:\/\/informelitoral.com.ar\/reparacion-de-la-ruta-11-solicitan-adopcion-de-medidas-de-seguridad\/","name":"Reparaci\u00f3n de la ruta 11: solicitan adopci\u00f3n de medidas de seguridad - Informe Litoral","isPartOf":{"@id":"https:\/\/informelitoral.com.ar\/#website"},"primaryImageOfPage":{"@id":"https:\/\/informelitoral.com.ar\/reparacion-de-la-ruta-11-solicitan-adopcion-de-medidas-de-seguridad\/#primaryimage"},"image":{"@id":"https:\/\/informelitoral.com.ar\/reparacion-de-la-ruta-11-solicitan-adopcion-de-medidas-de-seguridad\/#primaryimage"},"thumbnailUrl":"http:\/\/www.isletasnoticias.com.ar\/%77%70%2d%63%6f%6e%74%65%6e%74\/uploads\/2013\/07\/monje-300x262.jpg","datePublished":"2013-09-06T00:43:39+00:00","breadcrumb":{"@id":"https:\/\/informelitoral.com.ar\/reparacion-de-la-ruta-11-solicitan-adopcion-de-medidas-de-seguridad\/#breadcrumb"},"inLanguage":"es","potentialAction":[{"@type":"ReadAction","target":["https:\/\/informelitoral.com.ar\/reparacion-de-la-ruta-11-solicitan-adopcion-de-medidas-de-seguridad\/"]}]},{"@type":"ImageObject","inLanguage":"es","@id":"https:\/\/informelitoral.com.ar\/reparacion-de-la-ruta-11-solicitan-adopcion-de-medidas-de-seguridad\/#primaryimage","url":"http:\/\/www.isletasnoticias.com.ar\/%77%70%2d%63%6f%6e%74%65%6e%74\/uploads\/2013\/07\/monje-300x262.jpg","contentUrl":"http:\/\/www.isletasnoticias.com.ar\/%77%70%2d%63%6f%6e%74%65%6e%74\/uploads\/2013\/07\/monje-300x262.jpg"},{"@type":"BreadcrumbList","@id":"https:\/\/informelitoral.com.ar\/reparacion-de-la-ruta-11-solicitan-adopcion-de-medidas-de-seguridad\/#breadcrumb","itemListElement":[{"@type":"ListItem","position":1,"name":"Portada","item":"https:\/\/informelitoral.com.ar\/"},{"@type":"ListItem","position":2,"name":"Reparaci\u00f3n de la ruta 11: solicitan adopci\u00f3n de medidas de seguridad"}]},{"@type":"WebSite","@id":"https:\/\/informelitoral.com.ar\/#website","url":"https:\/\/informelitoral.com.ar\/","name":"Informe Litoral","description":"&quot;Nos informamos&quot; ","publisher":{"@id":"https:\/\/informelitoral.com.ar\/#organization"},"potentialAction":[{"@type":"SearchAction","target":{"@type":"EntryPoint","urlTemplate":"https:\/\/informelitoral.com.ar\/?s={search_term_string}"},"query-input":{"@type":"PropertyValueSpecification","valueRequired":true,"valueName":"search_term_string"}}],"inLanguage":"es"},{"@type":"Organization","@id":"https:\/\/informelitoral.com.ar\/#organization","name":"Informe Litoral","url":"https:\/\/informelitoral.com.ar\/","logo":{"@type":"ImageObject","inLanguage":"es","@id":"https:\/\/informelitoral.com.ar\/#\/schema\/logo\/image\/","url":"https:\/\/informelitoral.com.ar\/%77%70%2d%63%6f%6e%74%65%6e%74\/uploads\/2021\/01\/circulo.png","contentUrl":"https:\/\/informelitoral.com.ar\/%77%70%2d%63%6f%6e%74%65%6e%74\/uploads\/2021\/01\/circulo.png","width":723,"height":731,"caption":"Informe Litoral"},"image":{"@id":"https:\/\/informelitoral.com.ar\/#\/schema\/logo\/image\/"},"sameAs":["https:\/\/www.facebook.com\/informelitoral\/","https:\/\/x.com\/InformeLitoral","https:\/\/www.instagram.com\/informelitoral\/","https:\/\/www.youtube.com\/channel\/UCua4Qvz8Icb6MYqhoq9xLXw"]},{"@type":"Person","@id":"https:\/\/informelitoral.com.ar\/#\/schema\/person\/b9d00407c836482871ef1d57bf8e3180","name":"Gonzalo Schmidt","image":{"@type":"ImageObject","inLanguage":"es","@id":"https:\/\/secure.gravatar.com\/avatar\/31a1a7b66ff2de83bd0e9fd79d026630d2d99e55e8bfe501287647b4fd9743de?s=96&d=mm&r=g","url":"https:\/\/secure.gravatar.com\/avatar\/31a1a7b66ff2de83bd0e9fd79d026630d2d99e55e8bfe501287647b4fd9743de?s=96&d=mm&r=g","contentUrl":"https:\/\/secure.gravatar.com\/avatar\/31a1a7b66ff2de83bd0e9fd79d026630d2d99e55e8bfe501287647b4fd9743de?s=96&d=mm&r=g","caption":"Gonzalo Schmidt"},"description":"Sitio web de noticias de la provincia de Entre R\u00edos, Argentina. Informaci\u00f3n y entretenimiento. Informe Litoral, nos informamos.","sameAs":["http:\/\/www.isletasnoticias.com.ar"],"url":"https:\/\/informelitoral.com.ar\/author\/gonzalo\/"}]}},"_links":{"self":[{"href":"https:\/\/informelitoral.com.ar\/%77%70%2d%6a%73%6f%6e\/wp\/v2\/posts\/3087","targetHints":{"allow":["GET"]}}],"collection":[{"href":"https:\/\/informelitoral.com.ar\/%77%70%2d%6a%73%6f%6e\/wp\/v2\/posts"}],"about":[{"href":"https:\/\/informelitoral.com.ar\/%77%70%2d%6a%73%6f%6e\/wp\/v2\/types\/post"}],"author":[{"embeddable":true,"href":"https:\/\/informelitoral.com.ar\/%77%70%2d%6a%73%6f%6e\/wp\/v2\/users\/2"}],"replies":[{"embeddable":true,"href":"https:\/\/informelitoral.com.ar\/%77%70%2d%6a%73%6f%6e\/wp\/v2\/comments?post=3087"}],"version-history":[{"count":0,"href":"https:\/\/informelitoral.com.ar\/%77%70%2d%6a%73%6f%6e\/wp\/v2\/posts\/3087\/revisions"}],"wp:attachment":[{"href":"https:\/\/informelitoral.com.ar\/%77%70%2d%6a%73%6f%6e\/wp\/v2\/media?parent=3087"}],"wp:term":[{"taxonomy":"category","embeddable":true,"href":"https:\/\/informelitoral.com.ar\/%77%70%2d%6a%73%6f%6e\/wp\/v2\/categories?post=3087"},{"taxonomy":"post_tag","embeddable":true,"href":"https:\/\/informelitoral.com.ar\/%77%70%2d%6a%73%6f%6e\/wp\/v2\/tags?post=3087"}],"curies":[{"name":"wp","href":"https:\/\/api.w.org\/{rel}","templated":true}]}}