{"id":3085,"date":"2013-09-04T23:13:07","date_gmt":"2013-09-05T02:13:07","guid":{"rendered":"http:\/\/www.isletasnoticias.com.ar\/?p=3085"},"modified":"2013-09-04T23:13:07","modified_gmt":"2013-09-05T02:13:07","slug":"papa-francisco-que-se-alce-fuerte-en-toda-la-tierra-el-grito-de-la-paz","status":"publish","type":"post","link":"https:\/\/informelitoral.com.ar\/papa-francisco-que-se-alce-fuerte-en-toda-la-tierra-el-grito-de-la-paz\/","title":{"rendered":"Papa Francisco: \u00abQue se alce fuerte en toda la tierra el grito de la paz\u00bb"},"content":{"rendered":"<p><strong>Tras dos meses de receso, el Papa retom\u00f3 sus\u00a0audiencias generales de los mi\u00e9rcoles\u00a0en plaza San Pedro. Dedic\u00f3 la homil\u00eda a\u00a0recordar su viaje a R\u00edo de Janeiro\u00a0y cerr\u00f3 la ceremonia con\u00a0un nuevo llamado a poner fin a la guerra en Siria.<\/strong><\/p>\n<figure><img decoding=\"async\" title=\"\" alt=\"\" src=\"http:\/\/cdn01.ib.infobae.com\/adjuntos\/162\/imagenes\/010\/101\/0010101215.jpg\" data-src-s=\"http:\/\/cdn01.ib.infobae.com\/adjuntos\/162\/imagenes\/010\/101\/0010101213.jpg\" data-src-m=\"http:\/\/cdn01.ib.infobae.com\/adjuntos\/162\/imagenes\/010\/101\/0010101214.jpg\" data-src-l=\"http:\/\/cdn01.ib.infobae.com\/adjuntos\/162\/imagenes\/010\/101\/0010101215.jpg\" \/><figcaption>Reuters<\/figcaption><\/figure>\n<p>\u00abGracias a Dios y a nuestra se\u00f1ora de\u00a0Aparecida\u00bb, dijo el Papa, en referencia a la patrona del Brasil, ante la multitud de fieles que, como es costumbre desde el inicio de su pontificado, colm\u00f3 la plaza San Pedro. Y mencion\u00f3 especialmente el c\u00e1lido recibimiento de que fue objeto por parte de los brasile\u00f1os. Dijo tener mucha \u00absaudade\u00bb de su visita a R\u00edo.<\/p>\n<p>Francisco\u00a0dedic\u00f3 su homil\u00eda a recordar la experiencia vivida en la\u00a0Jornada Mundial de la Juventud\u00a0(JMJ) en Brasil a fines de julio pasado, a la que resumi\u00f3 en tres conceptos:\u00a0acogida, fiesta y misi\u00f3n.<\/p>\n<p>Defini\u00f3 a la JMJ como\u00a0una gran fiesta de la fe, pero record\u00f3 que \u00absin el amor de Dios, no hay verdadera fiesta para el hombre\u00bb. \u00abAcogida, fiesta, fiesta con los hermanos, pero sobre todo con el Se\u00f1or, una fiesta de la fe. Y misi\u00f3n, Jes\u00fas env\u00eda a los disc\u00edpulos, vayan, lleven la luz y el amor a las periferias de la existencia\u00bb, dijo el Papa, y agreg\u00f3: \u00abYo estar\u00e9 con ustedes, nos dice el Se\u00f1or; sin \u00c9l no podemos hacer nada\u00bb.<\/p>\n<p>\u00abA los ojos de Dios, todo joven es un ap\u00f3stol\u00bb, dijo tambi\u00e9n Francisco. Y se\u00f1al\u00f3 que, si todos los j\u00f3venes que estuvieron en R\u00edo permanecen unidos, construir\u00e1n el Reino de Dios.<\/p>\n<p>En este sentido,\u00a0interpel\u00f3 varias veces a los j\u00f3venes presentes en la plaza: \u00ab\u00bfQuieren transformarse en esperanza? \u00bfSe atreven a transformar el mundo, a hacerlo m\u00e1s justo? \u00bfTienen el coraje de recoger este desaf\u00edo?\u00bb, les pregunt\u00f3.<\/p>\n<p>La buena noticia, dijo, \u00abaunque no sale en los diarios\u00bb, es que \u00absomos amados por Dios y Jes\u00fas ha venido a salvarnos, a perdonarnos\u00bb.<\/p>\n<p>Este recurso de destacar lo que no se publica en los medios lo us\u00f3 tambi\u00e9n en referencia a los peregrinos de la JMJ: \u00abLos j\u00f3venes que en R\u00edo encontraron a Jes\u00fas resucitado\u00a0no salen en los diarios porque no hacen esc\u00e1ndalo\u00bb.<\/p>\n<p>Despu\u00e9s de la homil\u00eda, Francisco dedic\u00f3 un breve momento a reiterar\u00a0su convocatoria por la paz. Estas fueron sus palabras: \u00abEl s\u00e1bado pr\u00f3ximo (7 de septiembre) tendremos juntos una\u00a0jornada especial de ayuno y de oraci\u00f3n\u00a0por la paz en\u00a0Siria, en Medio Oriente y en el mundo entero<b>\u00a0<\/b>y tambi\u00e9n por la paz en nuestros corazones. Porque la paz empieza en el coraz\u00f3n. De nuevo<strong>\u00a0<\/strong>invito a toda la Iglesia a vivir intensamente\u00a0este d\u00eda y desde ahora expreso mi agradecimiento a los\u00a0otros hermanos cristianos, a los hermanos de otras religiones y a los hombres y mujeres de buena voluntad\u00a0que quieran unirse, en el modo y lugar propios a este momento. Exhorto en particular a los fieles romanos y a los peregrinos a participar de la velada de oraci\u00f3n aqu\u00ed,\u00a0en plaza San Pedro, a las 19 horas, para pedir al Se\u00f1or el gran don de la Paz.\u00a0Que se alce fuerte en toda la tierra el grito de la paz\u00bb. Fuente: Infobae.<\/p>\n","protected":false},"excerpt":{"rendered":"<p>Tras dos meses de receso, el Papa retom&oacute; sus&nbsp;audiencias generales de los mi&eacute;rcoles&nbsp;en plaza San Pedro. Dedic&oacute; la homil&iacute;a a&nbsp;recordar su viaje a R&iacute;o de Janeiro&nbsp;y cerr&oacute; la ceremonia con&nbsp;un nuevo llamado a poner fin a la guerra en Siria. Reuters &laquo;Gracias a Dios y a nuestra se&ntilde;ora de&nbsp;Aparecida&raquo;, dijo el Papa, en referencia a [&hellip;]<\/p>\n","protected":false},"author":2,"featured_media":0,"comment_status":"open","ping_status":"open","sticky":false,"template":"","format":"standard","meta":{"fifu_image_url":"","fifu_image_alt":"","footnotes":""},"categories":[8],"tags":[],"class_list":{"0":"post-3085","1":"post","2":"type-post","3":"status-publish","4":"format-standard","6":"category-internacionales"},"yoast_head":"<title>Papa Francisco: &quot;Que se alce fuerte en toda la tierra el grito de la paz&quot; - Informe Litoral<\/title>\n<meta name=\"robots\" content=\"index, follow, max-snippet:-1, max-image-preview:large, max-video-preview:-1\" \/>\n<link rel=\"canonical\" href=\"https:\/\/informelitoral.com.ar\/papa-francisco-que-se-alce-fuerte-en-toda-la-tierra-el-grito-de-la-paz\/\" \/>\n<meta property=\"og:locale\" content=\"es_ES\" \/>\n<meta property=\"og:type\" content=\"article\" \/>\n<meta property=\"og:title\" content=\"Papa Francisco: &quot;Que se alce fuerte en toda la tierra el grito de la paz&quot; - Informe Litoral\" \/>\n<meta property=\"og:description\" content=\"Tras dos meses de receso, el Papa retom&oacute; sus&nbsp;audiencias generales de los mi&eacute;rcoles&nbsp;en plaza San Pedro. Dedic&oacute; la homil&iacute;a a&nbsp;recordar su viaje a R&iacute;o de Janeiro&nbsp;y cerr&oacute; la ceremonia con&nbsp;un nuevo llamado a poner fin a la guerra en Siria. Reuters &laquo;Gracias a Dios y a nuestra se&ntilde;ora de&nbsp;Aparecida&raquo;, dijo el Papa, en referencia a [&hellip;]\" \/>\n<meta property=\"og:url\" content=\"https:\/\/informelitoral.com.ar\/papa-francisco-que-se-alce-fuerte-en-toda-la-tierra-el-grito-de-la-paz\/\" \/>\n<meta property=\"og:site_name\" content=\"Informe Litoral\" \/>\n<meta property=\"article:publisher\" content=\"https:\/\/www.facebook.com\/informelitoral\/\" \/>\n<meta property=\"article:published_time\" content=\"2013-09-05T02:13:07+00:00\" \/>\n<meta property=\"og:image\" content=\"http:\/\/cdn01.ib.infobae.com\/adjuntos\/162\/imagenes\/010\/101\/0010101215.jpg\" \/>\n<meta name=\"author\" content=\"Gonzalo Schmidt\" \/>\n<meta name=\"twitter:card\" content=\"summary_large_image\" \/>\n<meta name=\"twitter:creator\" content=\"@InformeLitoral\" \/>\n<meta name=\"twitter:site\" content=\"@InformeLitoral\" \/>\n<meta name=\"twitter:label1\" content=\"Escrito por\" \/>\n\t<meta name=\"twitter:data1\" content=\"Gonzalo Schmidt\" \/>\n\t<meta name=\"twitter:label2\" content=\"Tiempo de lectura\" \/>\n\t<meta name=\"twitter:data2\" content=\"3 minutos\" \/>\n<script type=\"application\/ld+json\" class=\"yoast-schema-graph\">{\"@context\":\"https:\\\/\\\/schema.org\",\"@graph\":[{\"@type\":\"Article\",\"@id\":\"https:\\\/\\\/informelitoral.com.ar\\\/papa-francisco-que-se-alce-fuerte-en-toda-la-tierra-el-grito-de-la-paz\\\/#article\",\"isPartOf\":{\"@id\":\"https:\\\/\\\/informelitoral.com.ar\\\/papa-francisco-que-se-alce-fuerte-en-toda-la-tierra-el-grito-de-la-paz\\\/\"},\"author\":{\"name\":\"Gonzalo Schmidt\",\"@id\":\"https:\\\/\\\/informelitoral.com.ar\\\/#\\\/schema\\\/person\\\/b9d00407c836482871ef1d57bf8e3180\"},\"headline\":\"Papa Francisco: \u00abQue se alce fuerte en toda la tierra el grito de la paz\u00bb\",\"datePublished\":\"2013-09-05T02:13:07+00:00\",\"mainEntityOfPage\":{\"@id\":\"https:\\\/\\\/informelitoral.com.ar\\\/papa-francisco-que-se-alce-fuerte-en-toda-la-tierra-el-grito-de-la-paz\\\/\"},\"wordCount\":577,\"commentCount\":0,\"publisher\":{\"@id\":\"https:\\\/\\\/informelitoral.com.ar\\\/#organization\"},\"image\":{\"@id\":\"https:\\\/\\\/informelitoral.com.ar\\\/papa-francisco-que-se-alce-fuerte-en-toda-la-tierra-el-grito-de-la-paz\\\/#primaryimage\"},\"thumbnailUrl\":\"http:\\\/\\\/cdn01.ib.infobae.com\\\/adjuntos\\\/162\\\/imagenes\\\/010\\\/101\\\/0010101215.jpg\",\"articleSection\":[\"Internacionales\"],\"inLanguage\":\"es\",\"potentialAction\":[{\"@type\":\"CommentAction\",\"name\":\"Comment\",\"target\":[\"https:\\\/\\\/informelitoral.com.ar\\\/papa-francisco-que-se-alce-fuerte-en-toda-la-tierra-el-grito-de-la-paz\\\/#respond\"]}]},{\"@type\":\"WebPage\",\"@id\":\"https:\\\/\\\/informelitoral.com.ar\\\/papa-francisco-que-se-alce-fuerte-en-toda-la-tierra-el-grito-de-la-paz\\\/\",\"url\":\"https:\\\/\\\/informelitoral.com.ar\\\/papa-francisco-que-se-alce-fuerte-en-toda-la-tierra-el-grito-de-la-paz\\\/\",\"name\":\"Papa Francisco: \\\"Que se alce fuerte en toda la tierra el grito de la paz\\\" - Informe Litoral\",\"isPartOf\":{\"@id\":\"https:\\\/\\\/informelitoral.com.ar\\\/#website\"},\"primaryImageOfPage\":{\"@id\":\"https:\\\/\\\/informelitoral.com.ar\\\/papa-francisco-que-se-alce-fuerte-en-toda-la-tierra-el-grito-de-la-paz\\\/#primaryimage\"},\"image\":{\"@id\":\"https:\\\/\\\/informelitoral.com.ar\\\/papa-francisco-que-se-alce-fuerte-en-toda-la-tierra-el-grito-de-la-paz\\\/#primaryimage\"},\"thumbnailUrl\":\"http:\\\/\\\/cdn01.ib.infobae.com\\\/adjuntos\\\/162\\\/imagenes\\\/010\\\/101\\\/0010101215.jpg\",\"datePublished\":\"2013-09-05T02:13:07+00:00\",\"breadcrumb\":{\"@id\":\"https:\\\/\\\/informelitoral.com.ar\\\/papa-francisco-que-se-alce-fuerte-en-toda-la-tierra-el-grito-de-la-paz\\\/#breadcrumb\"},\"inLanguage\":\"es\",\"potentialAction\":[{\"@type\":\"ReadAction\",\"target\":[\"https:\\\/\\\/informelitoral.com.ar\\\/papa-francisco-que-se-alce-fuerte-en-toda-la-tierra-el-grito-de-la-paz\\\/\"]}]},{\"@type\":\"ImageObject\",\"inLanguage\":\"es\",\"@id\":\"https:\\\/\\\/informelitoral.com.ar\\\/papa-francisco-que-se-alce-fuerte-en-toda-la-tierra-el-grito-de-la-paz\\\/#primaryimage\",\"url\":\"http:\\\/\\\/cdn01.ib.infobae.com\\\/adjuntos\\\/162\\\/imagenes\\\/010\\\/101\\\/0010101215.jpg\",\"contentUrl\":\"http:\\\/\\\/cdn01.ib.infobae.com\\\/adjuntos\\\/162\\\/imagenes\\\/010\\\/101\\\/0010101215.jpg\"},{\"@type\":\"BreadcrumbList\",\"@id\":\"https:\\\/\\\/informelitoral.com.ar\\\/papa-francisco-que-se-alce-fuerte-en-toda-la-tierra-el-grito-de-la-paz\\\/#breadcrumb\",\"itemListElement\":[{\"@type\":\"ListItem\",\"position\":1,\"name\":\"Portada\",\"item\":\"https:\\\/\\\/informelitoral.com.ar\\\/\"},{\"@type\":\"ListItem\",\"position\":2,\"name\":\"Papa Francisco: \u00abQue se alce fuerte en toda la tierra el grito de la paz\u00bb\"}]},{\"@type\":\"WebSite\",\"@id\":\"https:\\\/\\\/informelitoral.com.ar\\\/#website\",\"url\":\"https:\\\/\\\/informelitoral.com.ar\\\/\",\"name\":\"Informe Litoral\",\"description\":\"&quot;Nos informamos&quot; \",\"publisher\":{\"@id\":\"https:\\\/\\\/informelitoral.com.ar\\\/#organization\"},\"potentialAction\":[{\"@type\":\"SearchAction\",\"target\":{\"@type\":\"EntryPoint\",\"urlTemplate\":\"https:\\\/\\\/informelitoral.com.ar\\\/?s={search_term_string}\"},\"query-input\":{\"@type\":\"PropertyValueSpecification\",\"valueRequired\":true,\"valueName\":\"search_term_string\"}}],\"inLanguage\":\"es\"},{\"@type\":\"Organization\",\"@id\":\"https:\\\/\\\/informelitoral.com.ar\\\/#organization\",\"name\":\"Informe Litoral\",\"url\":\"https:\\\/\\\/informelitoral.com.ar\\\/\",\"logo\":{\"@type\":\"ImageObject\",\"inLanguage\":\"es\",\"@id\":\"https:\\\/\\\/informelitoral.com.ar\\\/#\\\/schema\\\/logo\\\/image\\\/\",\"url\":\"https:\\\/\\\/informelitoral.com.ar\\\/%77%70%2d%63%6f%6e%74%65%6e%74\\\/uploads\\\/2021\\\/01\\\/circulo.png\",\"contentUrl\":\"https:\\\/\\\/informelitoral.com.ar\\\/%77%70%2d%63%6f%6e%74%65%6e%74\\\/uploads\\\/2021\\\/01\\\/circulo.png\",\"width\":723,\"height\":731,\"caption\":\"Informe Litoral\"},\"image\":{\"@id\":\"https:\\\/\\\/informelitoral.com.ar\\\/#\\\/schema\\\/logo\\\/image\\\/\"},\"sameAs\":[\"https:\\\/\\\/www.facebook.com\\\/informelitoral\\\/\",\"https:\\\/\\\/x.com\\\/InformeLitoral\",\"https:\\\/\\\/www.instagram.com\\\/informelitoral\\\/\",\"https:\\\/\\\/www.youtube.com\\\/channel\\\/UCua4Qvz8Icb6MYqhoq9xLXw\"]},{\"@type\":\"Person\",\"@id\":\"https:\\\/\\\/informelitoral.com.ar\\\/#\\\/schema\\\/person\\\/b9d00407c836482871ef1d57bf8e3180\",\"name\":\"Gonzalo Schmidt\",\"image\":{\"@type\":\"ImageObject\",\"inLanguage\":\"es\",\"@id\":\"https:\\\/\\\/secure.gravatar.com\\\/avatar\\\/31a1a7b66ff2de83bd0e9fd79d026630d2d99e55e8bfe501287647b4fd9743de?s=96&d=mm&r=g\",\"url\":\"https:\\\/\\\/secure.gravatar.com\\\/avatar\\\/31a1a7b66ff2de83bd0e9fd79d026630d2d99e55e8bfe501287647b4fd9743de?s=96&d=mm&r=g\",\"contentUrl\":\"https:\\\/\\\/secure.gravatar.com\\\/avatar\\\/31a1a7b66ff2de83bd0e9fd79d026630d2d99e55e8bfe501287647b4fd9743de?s=96&d=mm&r=g\",\"caption\":\"Gonzalo Schmidt\"},\"description\":\"Sitio web de noticias de la provincia de Entre R\u00edos, Argentina. Informaci\u00f3n y entretenimiento. Informe Litoral, nos informamos.\",\"sameAs\":[\"http:\\\/\\\/www.isletasnoticias.com.ar\"],\"url\":\"https:\\\/\\\/informelitoral.com.ar\\\/author\\\/gonzalo\\\/\"}]}<\/script>","yoast_head_json":{"title":"Papa Francisco: \"Que se alce fuerte en toda la tierra el grito de la paz\" - Informe Litoral","robots":{"index":"index","follow":"follow","max-snippet":"max-snippet:-1","max-image-preview":"max-image-preview:large","max-video-preview":"max-video-preview:-1"},"canonical":"https:\/\/informelitoral.com.ar\/papa-francisco-que-se-alce-fuerte-en-toda-la-tierra-el-grito-de-la-paz\/","og_locale":"es_ES","og_type":"article","og_title":"Papa Francisco: \"Que se alce fuerte en toda la tierra el grito de la paz\" - Informe Litoral","og_description":"Tras dos meses de receso, el Papa retom&oacute; sus&nbsp;audiencias generales de los mi&eacute;rcoles&nbsp;en plaza San Pedro. Dedic&oacute; la homil&iacute;a a&nbsp;recordar su viaje a R&iacute;o de Janeiro&nbsp;y cerr&oacute; la ceremonia con&nbsp;un nuevo llamado a poner fin a la guerra en Siria. Reuters &laquo;Gracias a Dios y a nuestra se&ntilde;ora de&nbsp;Aparecida&raquo;, dijo el Papa, en referencia a [&hellip;]","og_url":"https:\/\/informelitoral.com.ar\/papa-francisco-que-se-alce-fuerte-en-toda-la-tierra-el-grito-de-la-paz\/","og_site_name":"Informe Litoral","article_publisher":"https:\/\/www.facebook.com\/informelitoral\/","article_published_time":"2013-09-05T02:13:07+00:00","og_image":[{"url":"http:\/\/cdn01.ib.infobae.com\/adjuntos\/162\/imagenes\/010\/101\/0010101215.jpg","type":"","width":"","height":""}],"author":"Gonzalo Schmidt","twitter_card":"summary_large_image","twitter_creator":"@InformeLitoral","twitter_site":"@InformeLitoral","twitter_misc":{"Escrito por":"Gonzalo Schmidt","Tiempo de lectura":"3 minutos"},"schema":{"@context":"https:\/\/schema.org","@graph":[{"@type":"Article","@id":"https:\/\/informelitoral.com.ar\/papa-francisco-que-se-alce-fuerte-en-toda-la-tierra-el-grito-de-la-paz\/#article","isPartOf":{"@id":"https:\/\/informelitoral.com.ar\/papa-francisco-que-se-alce-fuerte-en-toda-la-tierra-el-grito-de-la-paz\/"},"author":{"name":"Gonzalo Schmidt","@id":"https:\/\/informelitoral.com.ar\/#\/schema\/person\/b9d00407c836482871ef1d57bf8e3180"},"headline":"Papa Francisco: \u00abQue se alce fuerte en toda la tierra el grito de la paz\u00bb","datePublished":"2013-09-05T02:13:07+00:00","mainEntityOfPage":{"@id":"https:\/\/informelitoral.com.ar\/papa-francisco-que-se-alce-fuerte-en-toda-la-tierra-el-grito-de-la-paz\/"},"wordCount":577,"commentCount":0,"publisher":{"@id":"https:\/\/informelitoral.com.ar\/#organization"},"image":{"@id":"https:\/\/informelitoral.com.ar\/papa-francisco-que-se-alce-fuerte-en-toda-la-tierra-el-grito-de-la-paz\/#primaryimage"},"thumbnailUrl":"http:\/\/cdn01.ib.infobae.com\/adjuntos\/162\/imagenes\/010\/101\/0010101215.jpg","articleSection":["Internacionales"],"inLanguage":"es","potentialAction":[{"@type":"CommentAction","name":"Comment","target":["https:\/\/informelitoral.com.ar\/papa-francisco-que-se-alce-fuerte-en-toda-la-tierra-el-grito-de-la-paz\/#respond"]}]},{"@type":"WebPage","@id":"https:\/\/informelitoral.com.ar\/papa-francisco-que-se-alce-fuerte-en-toda-la-tierra-el-grito-de-la-paz\/","url":"https:\/\/informelitoral.com.ar\/papa-francisco-que-se-alce-fuerte-en-toda-la-tierra-el-grito-de-la-paz\/","name":"Papa Francisco: \"Que se alce fuerte en toda la tierra el grito de la paz\" - Informe Litoral","isPartOf":{"@id":"https:\/\/informelitoral.com.ar\/#website"},"primaryImageOfPage":{"@id":"https:\/\/informelitoral.com.ar\/papa-francisco-que-se-alce-fuerte-en-toda-la-tierra-el-grito-de-la-paz\/#primaryimage"},"image":{"@id":"https:\/\/informelitoral.com.ar\/papa-francisco-que-se-alce-fuerte-en-toda-la-tierra-el-grito-de-la-paz\/#primaryimage"},"thumbnailUrl":"http:\/\/cdn01.ib.infobae.com\/adjuntos\/162\/imagenes\/010\/101\/0010101215.jpg","datePublished":"2013-09-05T02:13:07+00:00","breadcrumb":{"@id":"https:\/\/informelitoral.com.ar\/papa-francisco-que-se-alce-fuerte-en-toda-la-tierra-el-grito-de-la-paz\/#breadcrumb"},"inLanguage":"es","potentialAction":[{"@type":"ReadAction","target":["https:\/\/informelitoral.com.ar\/papa-francisco-que-se-alce-fuerte-en-toda-la-tierra-el-grito-de-la-paz\/"]}]},{"@type":"ImageObject","inLanguage":"es","@id":"https:\/\/informelitoral.com.ar\/papa-francisco-que-se-alce-fuerte-en-toda-la-tierra-el-grito-de-la-paz\/#primaryimage","url":"http:\/\/cdn01.ib.infobae.com\/adjuntos\/162\/imagenes\/010\/101\/0010101215.jpg","contentUrl":"http:\/\/cdn01.ib.infobae.com\/adjuntos\/162\/imagenes\/010\/101\/0010101215.jpg"},{"@type":"BreadcrumbList","@id":"https:\/\/informelitoral.com.ar\/papa-francisco-que-se-alce-fuerte-en-toda-la-tierra-el-grito-de-la-paz\/#breadcrumb","itemListElement":[{"@type":"ListItem","position":1,"name":"Portada","item":"https:\/\/informelitoral.com.ar\/"},{"@type":"ListItem","position":2,"name":"Papa Francisco: \u00abQue se alce fuerte en toda la tierra el grito de la paz\u00bb"}]},{"@type":"WebSite","@id":"https:\/\/informelitoral.com.ar\/#website","url":"https:\/\/informelitoral.com.ar\/","name":"Informe Litoral","description":"&quot;Nos informamos&quot; ","publisher":{"@id":"https:\/\/informelitoral.com.ar\/#organization"},"potentialAction":[{"@type":"SearchAction","target":{"@type":"EntryPoint","urlTemplate":"https:\/\/informelitoral.com.ar\/?s={search_term_string}"},"query-input":{"@type":"PropertyValueSpecification","valueRequired":true,"valueName":"search_term_string"}}],"inLanguage":"es"},{"@type":"Organization","@id":"https:\/\/informelitoral.com.ar\/#organization","name":"Informe Litoral","url":"https:\/\/informelitoral.com.ar\/","logo":{"@type":"ImageObject","inLanguage":"es","@id":"https:\/\/informelitoral.com.ar\/#\/schema\/logo\/image\/","url":"https:\/\/informelitoral.com.ar\/%77%70%2d%63%6f%6e%74%65%6e%74\/uploads\/2021\/01\/circulo.png","contentUrl":"https:\/\/informelitoral.com.ar\/%77%70%2d%63%6f%6e%74%65%6e%74\/uploads\/2021\/01\/circulo.png","width":723,"height":731,"caption":"Informe Litoral"},"image":{"@id":"https:\/\/informelitoral.com.ar\/#\/schema\/logo\/image\/"},"sameAs":["https:\/\/www.facebook.com\/informelitoral\/","https:\/\/x.com\/InformeLitoral","https:\/\/www.instagram.com\/informelitoral\/","https:\/\/www.youtube.com\/channel\/UCua4Qvz8Icb6MYqhoq9xLXw"]},{"@type":"Person","@id":"https:\/\/informelitoral.com.ar\/#\/schema\/person\/b9d00407c836482871ef1d57bf8e3180","name":"Gonzalo Schmidt","image":{"@type":"ImageObject","inLanguage":"es","@id":"https:\/\/secure.gravatar.com\/avatar\/31a1a7b66ff2de83bd0e9fd79d026630d2d99e55e8bfe501287647b4fd9743de?s=96&d=mm&r=g","url":"https:\/\/secure.gravatar.com\/avatar\/31a1a7b66ff2de83bd0e9fd79d026630d2d99e55e8bfe501287647b4fd9743de?s=96&d=mm&r=g","contentUrl":"https:\/\/secure.gravatar.com\/avatar\/31a1a7b66ff2de83bd0e9fd79d026630d2d99e55e8bfe501287647b4fd9743de?s=96&d=mm&r=g","caption":"Gonzalo Schmidt"},"description":"Sitio web de noticias de la provincia de Entre R\u00edos, Argentina. Informaci\u00f3n y entretenimiento. Informe Litoral, nos informamos.","sameAs":["http:\/\/www.isletasnoticias.com.ar"],"url":"https:\/\/informelitoral.com.ar\/author\/gonzalo\/"}]}},"_links":{"self":[{"href":"https:\/\/informelitoral.com.ar\/%77%70%2d%6a%73%6f%6e\/wp\/v2\/posts\/3085","targetHints":{"allow":["GET"]}}],"collection":[{"href":"https:\/\/informelitoral.com.ar\/%77%70%2d%6a%73%6f%6e\/wp\/v2\/posts"}],"about":[{"href":"https:\/\/informelitoral.com.ar\/%77%70%2d%6a%73%6f%6e\/wp\/v2\/types\/post"}],"author":[{"embeddable":true,"href":"https:\/\/informelitoral.com.ar\/%77%70%2d%6a%73%6f%6e\/wp\/v2\/users\/2"}],"replies":[{"embeddable":true,"href":"https:\/\/informelitoral.com.ar\/%77%70%2d%6a%73%6f%6e\/wp\/v2\/comments?post=3085"}],"version-history":[{"count":0,"href":"https:\/\/informelitoral.com.ar\/%77%70%2d%6a%73%6f%6e\/wp\/v2\/posts\/3085\/revisions"}],"wp:attachment":[{"href":"https:\/\/informelitoral.com.ar\/%77%70%2d%6a%73%6f%6e\/wp\/v2\/media?parent=3085"}],"wp:term":[{"taxonomy":"category","embeddable":true,"href":"https:\/\/informelitoral.com.ar\/%77%70%2d%6a%73%6f%6e\/wp\/v2\/categories?post=3085"},{"taxonomy":"post_tag","embeddable":true,"href":"https:\/\/informelitoral.com.ar\/%77%70%2d%6a%73%6f%6e\/wp\/v2\/tags?post=3085"}],"curies":[{"name":"wp","href":"https:\/\/api.w.org\/{rel}","templated":true}]}}