{"id":3082,"date":"2013-09-04T19:06:32","date_gmt":"2013-09-04T22:06:32","guid":{"rendered":"http:\/\/www.isletasnoticias.com.ar\/?p=3082"},"modified":"2013-09-04T19:06:32","modified_gmt":"2013-09-04T22:06:32","slug":"urribarri-se-reunira-el-lunes-con-timerman-por-la-ex-botnia","status":"publish","type":"post","link":"https:\/\/informelitoral.com.ar\/urribarri-se-reunira-el-lunes-con-timerman-por-la-ex-botnia\/","title":{"rendered":"Urribarri se reunir\u00e1 el lunes con Timerman, por la ex Botnia"},"content":{"rendered":"<p><strong>El gobernador <em>Sergio Urribarri<\/em> revel\u00f3 que se reunir\u00e1 el lunes con el canciller <em>H\u00e9ctor Timerman<\/em> por la pretensi\u00f3n de UPM de incrementar la producci\u00f3n de pasta de celulosa en la planta uruguaya. \u00abLa posici\u00f3n del gobierno de Entre R\u00edos, y no tengo dudas que tambi\u00e9n la del gobierno nacional, es no acceder a este pedido\u00bb, dijo el mandatario este mi\u00e9rcoles desde Gualeguaych\u00fa, donde firm\u00f3 un convenio para obras de infraestructura vial e inaugur\u00f3 u<strong>n jard\u00edn de infantes en una escuela local.<\/strong><\/strong><\/p>\n<p style=\"text-align: center;\"><img loading=\"lazy\" decoding=\"async\" class=\"size-medium wp-image-3083 aligncenter\" title=\"Urribarri se reunir\u00e1 el lunes con Timerman.\" alt=\"timerman_uribarri_470p27061\" src=\"http:\/\/www.isletasnoticias.com.ar\/%77%70%2d%63%6f%6e%74%65%6e%74\/uploads\/2013\/09\/timerman_uribarri_470p27061-300x127.jpg\" width=\"300\" height=\"127\" srcset=\"https:\/\/informelitoral.com.ar\/%77%70%2d%63%6f%6e%74%65%6e%74\/uploads\/2013\/09\/timerman_uribarri_470p27061-300x127.jpg 300w, https:\/\/informelitoral.com.ar\/%77%70%2d%63%6f%6e%74%65%6e%74\/uploads\/2013\/09\/timerman_uribarri_470p27061.jpg 470w\" sizes=\"auto, (max-width: 300px) 100vw, 300px\" \/><\/p>\n<p style=\"text-align: left;\">\u00abEl canciller <strong>H\u00e9ctor Timernann<\/strong> nos convoc\u00f3, junto al intendente <strong>Juan Bahillo<\/strong> y el senador <strong>Pedro Guastavino<\/strong>, a un encuentro que se realizar\u00e1 en la sede de Canciller\u00eda en el que seguramente se nos brindar\u00e1n precisiones sobre\u00a0el pedido de UPM. No tenemos dudas de que el gobierno nacional nos ratificar\u00e1 que no va permitir ning\u00fan incremento en la producci\u00f3n de pasta de celulosa y menos a\u00fan la construcci\u00f3n de otra planta a la vera del r\u00edo Uruguay\u00bb, dijo el mandatario entrerriano. El encuentro tendr\u00e1 lugar el lunes, al regreso de Timerman de San Petersburgo, donde acompa\u00f1a la presidente en la Cumbre del Grupo de los 20.<\/p>\n<p style=\"text-align: left;\">La Canciller\u00eda argentina present\u00f3 un duro informe a trav\u00e9s de la CARU advirtiendo sobre incumplimientos de las autoridades del vecino pa\u00eds. El gobernador <strong>Sergio\u00a0Urribarri<\/strong> -a trav\u00e9s de la Canciller\u00eda argentina- hab\u00eda requerido\u00a0precisiones sobre estas versiones.<\/p>\n<p><img loading=\"lazy\" decoding=\"async\" class=\"size-medium wp-image-2998 alignright\" title=\"La pastera pretende ampliar su producci\u00f3n en Uruguay\" alt=\"botnia 2\" src=\"http:\/\/www.isletasnoticias.com.ar\/%77%70%2d%63%6f%6e%74%65%6e%74\/uploads\/2013\/08\/botnia-21-300x199.jpg\" width=\"300\" height=\"199\" srcset=\"https:\/\/informelitoral.com.ar\/%77%70%2d%63%6f%6e%74%65%6e%74\/uploads\/2013\/08\/botnia-21-300x199.jpg 300w, https:\/\/informelitoral.com.ar\/%77%70%2d%63%6f%6e%74%65%6e%74\/uploads\/2013\/08\/botnia-21.jpg 500w\" sizes=\"auto, (max-width: 300px) 100vw, 300px\" \/><\/p>\n<p style=\"text-align: left;\">El gobernador entrerriano hab\u00eda asegurado hace unos d\u00edas que har\u00e1 \u201ctodas las gestiones para evitar que nada ni nadie amenace el medio ambiente de la ciudad y de la provincia. Si de salud se trata, nos preocupa hacer obras, avanzar en tecnolog\u00eda, pero tambi\u00e9n cuidar nuestro medio ambiente\u201d. Hoy confirm\u00f3 la audiencia con Timermann.<\/p>\n<p>Tambi\u00e9n se pudo conocer un fuerte cuestionamiento que ha venido sosteniendo la delegaci\u00f3n argentina en la Comisi\u00f3n Administradora del R\u00edo Uruguay \u2013 que preside el ingeniero <strong>Hern\u00e1n Orduna<\/strong>&#8211; por el aumento \u201cde hecho\u201d de la producci\u00f3n, por un lado, que ya lleg\u00f3 a 1,1 mill\u00f3n de toneladas, y la falta de respuestas claras que debe brindar la Direcci\u00f3n Nacional de Medio Ambiente uruguaya (Dinama)- sobre el impacto de este incremento.<\/p>\n<p style=\"text-align: left;\">Para los especialistas en el tema el aumento de producci\u00f3n implica ignorar e infringir el Estatuto del R\u00edo Uruguay, el Digesto, la propia normativa interna del vecino pa\u00eds, lo ordenado por la Corte Internacional de Justicia de La Haya en su sentencia del 20 de abril de 2010 y lo acordado por ambos pa\u00edses en todos los Acuerdos Presidenciales hasta la fecha.<\/p>\n<p style=\"text-align: center;\">\n","protected":false},"excerpt":{"rendered":"<p>El gobernador Sergio Urribarri revel&oacute; que se reunir&aacute; el lunes con el canciller H&eacute;ctor Timerman por la pretensi&oacute;n de UPM de incrementar la producci&oacute;n de pasta de celulosa en la planta uruguaya. &laquo;La posici&oacute;n del gobierno de Entre R&iacute;os, y no tengo dudas que tambi&eacute;n la del gobierno nacional, es no acceder a este pedido&raquo;, [&hellip;]<\/p>\n","protected":false},"author":2,"featured_media":0,"comment_status":"open","ping_status":"open","sticky":false,"template":"","format":"standard","meta":{"fifu_image_url":"","fifu_image_alt":"","footnotes":""},"categories":[6,16],"tags":[],"class_list":{"0":"post-3082","1":"post","2":"type-post","3":"status-publish","4":"format-standard","6":"category-entre-rios","7":"category-politi"},"yoast_head":"<title>Urribarri se reunir\u00e1 el lunes con Timerman, por la ex Botnia - Informe Litoral<\/title>\n<meta name=\"robots\" content=\"index, follow, max-snippet:-1, max-image-preview:large, max-video-preview:-1\" \/>\n<link rel=\"canonical\" href=\"https:\/\/informelitoral.com.ar\/urribarri-se-reunira-el-lunes-con-timerman-por-la-ex-botnia\/\" \/>\n<meta property=\"og:locale\" content=\"es_ES\" \/>\n<meta property=\"og:type\" content=\"article\" \/>\n<meta property=\"og:title\" content=\"Urribarri se reunir\u00e1 el lunes con Timerman, por la ex Botnia - Informe Litoral\" \/>\n<meta property=\"og:description\" content=\"El gobernador Sergio Urribarri revel&oacute; que se reunir&aacute; el lunes con el canciller H&eacute;ctor Timerman por la pretensi&oacute;n de UPM de incrementar la producci&oacute;n de pasta de celulosa en la planta uruguaya. &laquo;La posici&oacute;n del gobierno de Entre R&iacute;os, y no tengo dudas que tambi&eacute;n la del gobierno nacional, es no acceder a este pedido&raquo;, [&hellip;]\" \/>\n<meta property=\"og:url\" content=\"https:\/\/informelitoral.com.ar\/urribarri-se-reunira-el-lunes-con-timerman-por-la-ex-botnia\/\" \/>\n<meta property=\"og:site_name\" content=\"Informe Litoral\" \/>\n<meta property=\"article:publisher\" content=\"https:\/\/www.facebook.com\/informelitoral\/\" \/>\n<meta property=\"article:published_time\" content=\"2013-09-04T22:06:32+00:00\" \/>\n<meta property=\"og:image\" content=\"https:\/\/informelitoral.com.ar\/%77%70%2d%63%6f%6e%74%65%6e%74\/uploads\/2013\/09\/timerman_uribarri_470p27061.jpg\" \/>\n\t<meta property=\"og:image:width\" content=\"470\" \/>\n\t<meta property=\"og:image:height\" content=\"200\" \/>\n\t<meta property=\"og:image:type\" content=\"image\/jpeg\" \/>\n<meta name=\"author\" content=\"Gonzalo Schmidt\" \/>\n<meta name=\"twitter:card\" content=\"summary_large_image\" \/>\n<meta name=\"twitter:creator\" content=\"@InformeLitoral\" \/>\n<meta name=\"twitter:site\" content=\"@InformeLitoral\" \/>\n<meta name=\"twitter:label1\" content=\"Escrito por\" \/>\n\t<meta name=\"twitter:data1\" content=\"Gonzalo Schmidt\" \/>\n\t<meta name=\"twitter:label2\" content=\"Tiempo de lectura\" \/>\n\t<meta name=\"twitter:data2\" content=\"2 minutos\" \/>\n<script type=\"application\/ld+json\" class=\"yoast-schema-graph\">{\"@context\":\"https:\\\/\\\/schema.org\",\"@graph\":[{\"@type\":\"Article\",\"@id\":\"https:\\\/\\\/informelitoral.com.ar\\\/urribarri-se-reunira-el-lunes-con-timerman-por-la-ex-botnia\\\/#article\",\"isPartOf\":{\"@id\":\"https:\\\/\\\/informelitoral.com.ar\\\/urribarri-se-reunira-el-lunes-con-timerman-por-la-ex-botnia\\\/\"},\"author\":{\"name\":\"Gonzalo Schmidt\",\"@id\":\"https:\\\/\\\/informelitoral.com.ar\\\/#\\\/schema\\\/person\\\/b9d00407c836482871ef1d57bf8e3180\"},\"headline\":\"Urribarri se reunir\u00e1 el lunes con Timerman, por la ex Botnia\",\"datePublished\":\"2013-09-04T22:06:32+00:00\",\"mainEntityOfPage\":{\"@id\":\"https:\\\/\\\/informelitoral.com.ar\\\/urribarri-se-reunira-el-lunes-con-timerman-por-la-ex-botnia\\\/\"},\"wordCount\":456,\"commentCount\":0,\"publisher\":{\"@id\":\"https:\\\/\\\/informelitoral.com.ar\\\/#organization\"},\"image\":{\"@id\":\"https:\\\/\\\/informelitoral.com.ar\\\/urribarri-se-reunira-el-lunes-con-timerman-por-la-ex-botnia\\\/#primaryimage\"},\"thumbnailUrl\":\"http:\\\/\\\/www.isletasnoticias.com.ar\\\/%77%70%2d%63%6f%6e%74%65%6e%74\\\/uploads\\\/2013\\\/09\\\/timerman_uribarri_470p27061-300x127.jpg\",\"articleSection\":[\"Entre R\u00edos\",\"Politica\"],\"inLanguage\":\"es\",\"potentialAction\":[{\"@type\":\"CommentAction\",\"name\":\"Comment\",\"target\":[\"https:\\\/\\\/informelitoral.com.ar\\\/urribarri-se-reunira-el-lunes-con-timerman-por-la-ex-botnia\\\/#respond\"]}]},{\"@type\":\"WebPage\",\"@id\":\"https:\\\/\\\/informelitoral.com.ar\\\/urribarri-se-reunira-el-lunes-con-timerman-por-la-ex-botnia\\\/\",\"url\":\"https:\\\/\\\/informelitoral.com.ar\\\/urribarri-se-reunira-el-lunes-con-timerman-por-la-ex-botnia\\\/\",\"name\":\"Urribarri se reunir\u00e1 el lunes con Timerman, por la ex Botnia - Informe Litoral\",\"isPartOf\":{\"@id\":\"https:\\\/\\\/informelitoral.com.ar\\\/#website\"},\"primaryImageOfPage\":{\"@id\":\"https:\\\/\\\/informelitoral.com.ar\\\/urribarri-se-reunira-el-lunes-con-timerman-por-la-ex-botnia\\\/#primaryimage\"},\"image\":{\"@id\":\"https:\\\/\\\/informelitoral.com.ar\\\/urribarri-se-reunira-el-lunes-con-timerman-por-la-ex-botnia\\\/#primaryimage\"},\"thumbnailUrl\":\"http:\\\/\\\/www.isletasnoticias.com.ar\\\/%77%70%2d%63%6f%6e%74%65%6e%74\\\/uploads\\\/2013\\\/09\\\/timerman_uribarri_470p27061-300x127.jpg\",\"datePublished\":\"2013-09-04T22:06:32+00:00\",\"breadcrumb\":{\"@id\":\"https:\\\/\\\/informelitoral.com.ar\\\/urribarri-se-reunira-el-lunes-con-timerman-por-la-ex-botnia\\\/#breadcrumb\"},\"inLanguage\":\"es\",\"potentialAction\":[{\"@type\":\"ReadAction\",\"target\":[\"https:\\\/\\\/informelitoral.com.ar\\\/urribarri-se-reunira-el-lunes-con-timerman-por-la-ex-botnia\\\/\"]}]},{\"@type\":\"ImageObject\",\"inLanguage\":\"es\",\"@id\":\"https:\\\/\\\/informelitoral.com.ar\\\/urribarri-se-reunira-el-lunes-con-timerman-por-la-ex-botnia\\\/#primaryimage\",\"url\":\"http:\\\/\\\/www.isletasnoticias.com.ar\\\/%77%70%2d%63%6f%6e%74%65%6e%74\\\/uploads\\\/2013\\\/09\\\/timerman_uribarri_470p27061-300x127.jpg\",\"contentUrl\":\"http:\\\/\\\/www.isletasnoticias.com.ar\\\/%77%70%2d%63%6f%6e%74%65%6e%74\\\/uploads\\\/2013\\\/09\\\/timerman_uribarri_470p27061-300x127.jpg\"},{\"@type\":\"BreadcrumbList\",\"@id\":\"https:\\\/\\\/informelitoral.com.ar\\\/urribarri-se-reunira-el-lunes-con-timerman-por-la-ex-botnia\\\/#breadcrumb\",\"itemListElement\":[{\"@type\":\"ListItem\",\"position\":1,\"name\":\"Portada\",\"item\":\"https:\\\/\\\/informelitoral.com.ar\\\/\"},{\"@type\":\"ListItem\",\"position\":2,\"name\":\"Urribarri se reunir\u00e1 el lunes con Timerman, por la ex Botnia\"}]},{\"@type\":\"WebSite\",\"@id\":\"https:\\\/\\\/informelitoral.com.ar\\\/#website\",\"url\":\"https:\\\/\\\/informelitoral.com.ar\\\/\",\"name\":\"Informe Litoral\",\"description\":\"&quot;Nos informamos&quot; \",\"publisher\":{\"@id\":\"https:\\\/\\\/informelitoral.com.ar\\\/#organization\"},\"potentialAction\":[{\"@type\":\"SearchAction\",\"target\":{\"@type\":\"EntryPoint\",\"urlTemplate\":\"https:\\\/\\\/informelitoral.com.ar\\\/?s={search_term_string}\"},\"query-input\":{\"@type\":\"PropertyValueSpecification\",\"valueRequired\":true,\"valueName\":\"search_term_string\"}}],\"inLanguage\":\"es\"},{\"@type\":\"Organization\",\"@id\":\"https:\\\/\\\/informelitoral.com.ar\\\/#organization\",\"name\":\"Informe Litoral\",\"url\":\"https:\\\/\\\/informelitoral.com.ar\\\/\",\"logo\":{\"@type\":\"ImageObject\",\"inLanguage\":\"es\",\"@id\":\"https:\\\/\\\/informelitoral.com.ar\\\/#\\\/schema\\\/logo\\\/image\\\/\",\"url\":\"https:\\\/\\\/informelitoral.com.ar\\\/%77%70%2d%63%6f%6e%74%65%6e%74\\\/uploads\\\/2021\\\/01\\\/circulo.png\",\"contentUrl\":\"https:\\\/\\\/informelitoral.com.ar\\\/%77%70%2d%63%6f%6e%74%65%6e%74\\\/uploads\\\/2021\\\/01\\\/circulo.png\",\"width\":723,\"height\":731,\"caption\":\"Informe Litoral\"},\"image\":{\"@id\":\"https:\\\/\\\/informelitoral.com.ar\\\/#\\\/schema\\\/logo\\\/image\\\/\"},\"sameAs\":[\"https:\\\/\\\/www.facebook.com\\\/informelitoral\\\/\",\"https:\\\/\\\/x.com\\\/InformeLitoral\",\"https:\\\/\\\/www.instagram.com\\\/informelitoral\\\/\",\"https:\\\/\\\/www.youtube.com\\\/channel\\\/UCua4Qvz8Icb6MYqhoq9xLXw\"]},{\"@type\":\"Person\",\"@id\":\"https:\\\/\\\/informelitoral.com.ar\\\/#\\\/schema\\\/person\\\/b9d00407c836482871ef1d57bf8e3180\",\"name\":\"Gonzalo Schmidt\",\"image\":{\"@type\":\"ImageObject\",\"inLanguage\":\"es\",\"@id\":\"https:\\\/\\\/secure.gravatar.com\\\/avatar\\\/31a1a7b66ff2de83bd0e9fd79d026630d2d99e55e8bfe501287647b4fd9743de?s=96&d=mm&r=g\",\"url\":\"https:\\\/\\\/secure.gravatar.com\\\/avatar\\\/31a1a7b66ff2de83bd0e9fd79d026630d2d99e55e8bfe501287647b4fd9743de?s=96&d=mm&r=g\",\"contentUrl\":\"https:\\\/\\\/secure.gravatar.com\\\/avatar\\\/31a1a7b66ff2de83bd0e9fd79d026630d2d99e55e8bfe501287647b4fd9743de?s=96&d=mm&r=g\",\"caption\":\"Gonzalo Schmidt\"},\"description\":\"Sitio web de noticias de la provincia de Entre R\u00edos, Argentina. Informaci\u00f3n y entretenimiento. Informe Litoral, nos informamos.\",\"sameAs\":[\"http:\\\/\\\/www.isletasnoticias.com.ar\"],\"url\":\"https:\\\/\\\/informelitoral.com.ar\\\/author\\\/gonzalo\\\/\"}]}<\/script>","yoast_head_json":{"title":"Urribarri se reunir\u00e1 el lunes con Timerman, por la ex Botnia - Informe Litoral","robots":{"index":"index","follow":"follow","max-snippet":"max-snippet:-1","max-image-preview":"max-image-preview:large","max-video-preview":"max-video-preview:-1"},"canonical":"https:\/\/informelitoral.com.ar\/urribarri-se-reunira-el-lunes-con-timerman-por-la-ex-botnia\/","og_locale":"es_ES","og_type":"article","og_title":"Urribarri se reunir\u00e1 el lunes con Timerman, por la ex Botnia - Informe Litoral","og_description":"El gobernador Sergio Urribarri revel&oacute; que se reunir&aacute; el lunes con el canciller H&eacute;ctor Timerman por la pretensi&oacute;n de UPM de incrementar la producci&oacute;n de pasta de celulosa en la planta uruguaya. &laquo;La posici&oacute;n del gobierno de Entre R&iacute;os, y no tengo dudas que tambi&eacute;n la del gobierno nacional, es no acceder a este pedido&raquo;, [&hellip;]","og_url":"https:\/\/informelitoral.com.ar\/urribarri-se-reunira-el-lunes-con-timerman-por-la-ex-botnia\/","og_site_name":"Informe Litoral","article_publisher":"https:\/\/www.facebook.com\/informelitoral\/","article_published_time":"2013-09-04T22:06:32+00:00","og_image":[{"width":470,"height":200,"url":"https:\/\/informelitoral.com.ar\/%77%70%2d%63%6f%6e%74%65%6e%74\/uploads\/2013\/09\/timerman_uribarri_470p27061.jpg","type":"image\/jpeg"}],"author":"Gonzalo Schmidt","twitter_card":"summary_large_image","twitter_creator":"@InformeLitoral","twitter_site":"@InformeLitoral","twitter_misc":{"Escrito por":"Gonzalo Schmidt","Tiempo de lectura":"2 minutos"},"schema":{"@context":"https:\/\/schema.org","@graph":[{"@type":"Article","@id":"https:\/\/informelitoral.com.ar\/urribarri-se-reunira-el-lunes-con-timerman-por-la-ex-botnia\/#article","isPartOf":{"@id":"https:\/\/informelitoral.com.ar\/urribarri-se-reunira-el-lunes-con-timerman-por-la-ex-botnia\/"},"author":{"name":"Gonzalo Schmidt","@id":"https:\/\/informelitoral.com.ar\/#\/schema\/person\/b9d00407c836482871ef1d57bf8e3180"},"headline":"Urribarri se reunir\u00e1 el lunes con Timerman, por la ex Botnia","datePublished":"2013-09-04T22:06:32+00:00","mainEntityOfPage":{"@id":"https:\/\/informelitoral.com.ar\/urribarri-se-reunira-el-lunes-con-timerman-por-la-ex-botnia\/"},"wordCount":456,"commentCount":0,"publisher":{"@id":"https:\/\/informelitoral.com.ar\/#organization"},"image":{"@id":"https:\/\/informelitoral.com.ar\/urribarri-se-reunira-el-lunes-con-timerman-por-la-ex-botnia\/#primaryimage"},"thumbnailUrl":"http:\/\/www.isletasnoticias.com.ar\/%77%70%2d%63%6f%6e%74%65%6e%74\/uploads\/2013\/09\/timerman_uribarri_470p27061-300x127.jpg","articleSection":["Entre R\u00edos","Politica"],"inLanguage":"es","potentialAction":[{"@type":"CommentAction","name":"Comment","target":["https:\/\/informelitoral.com.ar\/urribarri-se-reunira-el-lunes-con-timerman-por-la-ex-botnia\/#respond"]}]},{"@type":"WebPage","@id":"https:\/\/informelitoral.com.ar\/urribarri-se-reunira-el-lunes-con-timerman-por-la-ex-botnia\/","url":"https:\/\/informelitoral.com.ar\/urribarri-se-reunira-el-lunes-con-timerman-por-la-ex-botnia\/","name":"Urribarri se reunir\u00e1 el lunes con Timerman, por la ex Botnia - Informe Litoral","isPartOf":{"@id":"https:\/\/informelitoral.com.ar\/#website"},"primaryImageOfPage":{"@id":"https:\/\/informelitoral.com.ar\/urribarri-se-reunira-el-lunes-con-timerman-por-la-ex-botnia\/#primaryimage"},"image":{"@id":"https:\/\/informelitoral.com.ar\/urribarri-se-reunira-el-lunes-con-timerman-por-la-ex-botnia\/#primaryimage"},"thumbnailUrl":"http:\/\/www.isletasnoticias.com.ar\/%77%70%2d%63%6f%6e%74%65%6e%74\/uploads\/2013\/09\/timerman_uribarri_470p27061-300x127.jpg","datePublished":"2013-09-04T22:06:32+00:00","breadcrumb":{"@id":"https:\/\/informelitoral.com.ar\/urribarri-se-reunira-el-lunes-con-timerman-por-la-ex-botnia\/#breadcrumb"},"inLanguage":"es","potentialAction":[{"@type":"ReadAction","target":["https:\/\/informelitoral.com.ar\/urribarri-se-reunira-el-lunes-con-timerman-por-la-ex-botnia\/"]}]},{"@type":"ImageObject","inLanguage":"es","@id":"https:\/\/informelitoral.com.ar\/urribarri-se-reunira-el-lunes-con-timerman-por-la-ex-botnia\/#primaryimage","url":"http:\/\/www.isletasnoticias.com.ar\/%77%70%2d%63%6f%6e%74%65%6e%74\/uploads\/2013\/09\/timerman_uribarri_470p27061-300x127.jpg","contentUrl":"http:\/\/www.isletasnoticias.com.ar\/%77%70%2d%63%6f%6e%74%65%6e%74\/uploads\/2013\/09\/timerman_uribarri_470p27061-300x127.jpg"},{"@type":"BreadcrumbList","@id":"https:\/\/informelitoral.com.ar\/urribarri-se-reunira-el-lunes-con-timerman-por-la-ex-botnia\/#breadcrumb","itemListElement":[{"@type":"ListItem","position":1,"name":"Portada","item":"https:\/\/informelitoral.com.ar\/"},{"@type":"ListItem","position":2,"name":"Urribarri se reunir\u00e1 el lunes con Timerman, por la ex Botnia"}]},{"@type":"WebSite","@id":"https:\/\/informelitoral.com.ar\/#website","url":"https:\/\/informelitoral.com.ar\/","name":"Informe Litoral","description":"&quot;Nos informamos&quot; ","publisher":{"@id":"https:\/\/informelitoral.com.ar\/#organization"},"potentialAction":[{"@type":"SearchAction","target":{"@type":"EntryPoint","urlTemplate":"https:\/\/informelitoral.com.ar\/?s={search_term_string}"},"query-input":{"@type":"PropertyValueSpecification","valueRequired":true,"valueName":"search_term_string"}}],"inLanguage":"es"},{"@type":"Organization","@id":"https:\/\/informelitoral.com.ar\/#organization","name":"Informe Litoral","url":"https:\/\/informelitoral.com.ar\/","logo":{"@type":"ImageObject","inLanguage":"es","@id":"https:\/\/informelitoral.com.ar\/#\/schema\/logo\/image\/","url":"https:\/\/informelitoral.com.ar\/%77%70%2d%63%6f%6e%74%65%6e%74\/uploads\/2021\/01\/circulo.png","contentUrl":"https:\/\/informelitoral.com.ar\/%77%70%2d%63%6f%6e%74%65%6e%74\/uploads\/2021\/01\/circulo.png","width":723,"height":731,"caption":"Informe Litoral"},"image":{"@id":"https:\/\/informelitoral.com.ar\/#\/schema\/logo\/image\/"},"sameAs":["https:\/\/www.facebook.com\/informelitoral\/","https:\/\/x.com\/InformeLitoral","https:\/\/www.instagram.com\/informelitoral\/","https:\/\/www.youtube.com\/channel\/UCua4Qvz8Icb6MYqhoq9xLXw"]},{"@type":"Person","@id":"https:\/\/informelitoral.com.ar\/#\/schema\/person\/b9d00407c836482871ef1d57bf8e3180","name":"Gonzalo Schmidt","image":{"@type":"ImageObject","inLanguage":"es","@id":"https:\/\/secure.gravatar.com\/avatar\/31a1a7b66ff2de83bd0e9fd79d026630d2d99e55e8bfe501287647b4fd9743de?s=96&d=mm&r=g","url":"https:\/\/secure.gravatar.com\/avatar\/31a1a7b66ff2de83bd0e9fd79d026630d2d99e55e8bfe501287647b4fd9743de?s=96&d=mm&r=g","contentUrl":"https:\/\/secure.gravatar.com\/avatar\/31a1a7b66ff2de83bd0e9fd79d026630d2d99e55e8bfe501287647b4fd9743de?s=96&d=mm&r=g","caption":"Gonzalo Schmidt"},"description":"Sitio web de noticias de la provincia de Entre R\u00edos, Argentina. Informaci\u00f3n y entretenimiento. Informe Litoral, nos informamos.","sameAs":["http:\/\/www.isletasnoticias.com.ar"],"url":"https:\/\/informelitoral.com.ar\/author\/gonzalo\/"}]}},"_links":{"self":[{"href":"https:\/\/informelitoral.com.ar\/%77%70%2d%6a%73%6f%6e\/wp\/v2\/posts\/3082","targetHints":{"allow":["GET"]}}],"collection":[{"href":"https:\/\/informelitoral.com.ar\/%77%70%2d%6a%73%6f%6e\/wp\/v2\/posts"}],"about":[{"href":"https:\/\/informelitoral.com.ar\/%77%70%2d%6a%73%6f%6e\/wp\/v2\/types\/post"}],"author":[{"embeddable":true,"href":"https:\/\/informelitoral.com.ar\/%77%70%2d%6a%73%6f%6e\/wp\/v2\/users\/2"}],"replies":[{"embeddable":true,"href":"https:\/\/informelitoral.com.ar\/%77%70%2d%6a%73%6f%6e\/wp\/v2\/comments?post=3082"}],"version-history":[{"count":0,"href":"https:\/\/informelitoral.com.ar\/%77%70%2d%6a%73%6f%6e\/wp\/v2\/posts\/3082\/revisions"}],"wp:attachment":[{"href":"https:\/\/informelitoral.com.ar\/%77%70%2d%6a%73%6f%6e\/wp\/v2\/media?parent=3082"}],"wp:term":[{"taxonomy":"category","embeddable":true,"href":"https:\/\/informelitoral.com.ar\/%77%70%2d%6a%73%6f%6e\/wp\/v2\/categories?post=3082"},{"taxonomy":"post_tag","embeddable":true,"href":"https:\/\/informelitoral.com.ar\/%77%70%2d%6a%73%6f%6e\/wp\/v2\/tags?post=3082"}],"curies":[{"name":"wp","href":"https:\/\/api.w.org\/{rel}","templated":true}]}}