{"id":30633,"date":"2018-11-16T07:47:19","date_gmt":"2018-11-16T10:47:19","guid":{"rendered":"https:\/\/www.isletasnoticias.com.ar\/?p=30633"},"modified":"2018-11-16T07:54:10","modified_gmt":"2018-11-16T10:54:10","slug":"proponen-la-instalacion-de-paneles-solares-en-galpones-de-pollos-para-disminuir-costos-energeticos","status":"publish","type":"post","link":"https:\/\/informelitoral.com.ar\/proponen-la-instalacion-de-paneles-solares-en-galpones-de-pollos-para-disminuir-costos-energeticos\/","title":{"rendered":"Proponen la instalaci\u00f3n de paneles solares en galpones de pollos para disminuir costos energ\u00e9ticos"},"content":{"rendered":"<p>Luego del encuentro que se desarroll\u00f3 en Buenos Aires, el secretario de Producci\u00f3n, \u00c1lvaro Gab\u00e1s, quien acompa\u00f1\u00f3 al gobernador, explic\u00f3 que \u201ces muy importante porque en el sector productivo en general y el av\u00edcola en particular, se tiende a ir a una reconversi\u00f3n de energ\u00eda tradicional por energ\u00eda alternativa o renovable, el mundo se dirige por ese lado; la energ\u00eda el\u00e9ctrica f\u00f3sil est\u00e1 cara y por eso tenemos que ir por energ\u00eda e\u00f3lica, solar y biomasa\u201d.<\/p>\n<p>Luego record\u00f3 que \u201cel gobernador ha generado una directriz y una pol\u00edtica productiva concreta para esta reconversi\u00f3n, para la matriz energ\u00e9tica y se est\u00e1n generando todos los esfuerzos tanto desde la Secretar\u00eda de Energ\u00eda, como de la Secretar\u00eda de Producci\u00f3n para trabajar mancomunadamente en ese proyecto\u201d.<\/p>\n<p>El presidente de la C\u00e1mara Argentina de Productores Integrados de Pollos, Ricardo Unrein, explic\u00f3 que le acercaron al gobernador \u00abun proyecto de la provisi\u00f3n de paneles solares para todas las granjas de Entre R\u00edos, de la provincia de Buenos Aires y Santa Fe\u201d, y que \u201cviene acompa\u00f1ado por la fundaci\u00f3n Hugo del Carril\u201d.<\/p>\n<p>\u201cEn la provincia de Entre R\u00edos y en todo el pa\u00eds es para producir la energ\u00eda necesaria para la crianza de pollos y en el lapso en el que la granja no lo ocupa, reinyectarlo hacia la l\u00ednea el\u00e9ctrica de la provincia y la provincia que ocupe esa energ\u00eda para un fin social para subvencionar el precio a los sectores m\u00e1s necesitados de la energ\u00eda\u201d, puntualiz\u00f3.<\/p>\n<p>En tanto que la presidenta de la fundaci\u00f3n Hugo del Carril, Marcela Fontana, detall\u00f3 que la fundaci\u00f3n acompa\u00f1a \u00aben todo\u201d al proyecto. Podemos empezar a proveer a los productores de estos panales solares, que traer\u00eda una disminuci\u00f3n del costo energ\u00e9tico, lo cual producir\u00eda una mayor rentabiliad de las ganancias y que las familias puedan vivir un poco m\u00e1s holgadamente\u00bb.<\/p>\n<p>El proyecto a este nivel no se hizo en otros lugares del pa\u00eds, aunque \u00abel proveer las granjas de productores con paneles solares s\u00ed est\u00e1 funcionando en Europa\u00bb.<\/p>\n<p><iframe loading=\"lazy\" width=\"696\" height=\"392\" src=\"https:\/\/www.youtube.com\/embed\/lmsrfhiLZKk?feature=oembed\" frameborder=\"0\" allow=\"accelerometer; autoplay; encrypted-media; gyroscope; picture-in-picture\" allowfullscreen><\/iframe><\/p>\n","protected":false},"excerpt":{"rendered":"<p>El gobernador Gustavo Bordet recibi\u00f3 a representantes de la C\u00e1mara Argentina de Productores Integrados de Pollos y de la fundaci\u00f3n Hugo del Carril quienes le presentaron un proyecto para incorporar paneles de energ\u00eda solar a galpones de pollos para disminuir costos energ\u00e9ticos.<\/p>\n","protected":false},"author":2,"featured_media":30634,"comment_status":"open","ping_status":"open","sticky":false,"template":"","format":"standard","meta":{"fifu_image_url":"","fifu_image_alt":"","footnotes":""},"categories":[10,6],"tags":[336,81,249,120],"class_list":{"0":"post-30633","1":"post","2":"type-post","3":"status-publish","4":"format-standard","5":"has-post-thumbnail","7":"category-campo","8":"category-entre-rios","9":"tag-avicultura","10":"tag-entre-rios","11":"tag-gobierno-provincial","12":"tag-produccion"},"yoast_head":"<title>Proponen la instalaci\u00f3n de paneles solares en galpones de pollos para disminuir costos energ\u00e9ticos - Informe Litoral<\/title>\n<meta name=\"robots\" content=\"index, follow, max-snippet:-1, max-image-preview:large, max-video-preview:-1\" \/>\n<link rel=\"canonical\" href=\"https:\/\/informelitoral.com.ar\/proponen-la-instalacion-de-paneles-solares-en-galpones-de-pollos-para-disminuir-costos-energeticos\/\" \/>\n<meta property=\"og:locale\" content=\"es_ES\" \/>\n<meta property=\"og:type\" content=\"article\" \/>\n<meta property=\"og:title\" content=\"Proponen la instalaci\u00f3n de paneles solares en galpones de pollos para disminuir costos energ\u00e9ticos - Informe Litoral\" \/>\n<meta property=\"og:description\" content=\"El gobernador Gustavo Bordet recibi\u00f3 a representantes de la C\u00e1mara Argentina de Productores Integrados de Pollos y de la fundaci\u00f3n Hugo del Carril quienes le presentaron un proyecto para incorporar paneles de energ\u00eda solar a galpones de pollos para disminuir costos energ\u00e9ticos.\" \/>\n<meta property=\"og:url\" content=\"https:\/\/informelitoral.com.ar\/proponen-la-instalacion-de-paneles-solares-en-galpones-de-pollos-para-disminuir-costos-energeticos\/\" \/>\n<meta property=\"og:site_name\" content=\"Informe Litoral\" \/>\n<meta property=\"article:publisher\" content=\"https:\/\/www.facebook.com\/informelitoral\/\" \/>\n<meta property=\"article:published_time\" content=\"2018-11-16T10:47:19+00:00\" \/>\n<meta property=\"article:modified_time\" content=\"2018-11-16T10:54:10+00:00\" \/>\n<meta property=\"og:image\" content=\"https:\/\/informelitoral.com.ar\/%77%70%2d%63%6f%6e%74%65%6e%74\/uploads\/2018\/11\/1542317690jpg.jpg\" \/>\n\t<meta property=\"og:image:width\" content=\"3150\" \/>\n\t<meta property=\"og:image:height\" content=\"2102\" \/>\n\t<meta property=\"og:image:type\" content=\"image\/jpeg\" \/>\n<meta name=\"author\" content=\"Gonzalo Schmidt\" \/>\n<meta name=\"twitter:card\" content=\"summary_large_image\" \/>\n<meta name=\"twitter:creator\" content=\"@InformeLitoral\" \/>\n<meta name=\"twitter:site\" content=\"@InformeLitoral\" \/>\n<meta name=\"twitter:label1\" content=\"Escrito por\" \/>\n\t<meta name=\"twitter:data1\" content=\"Gonzalo Schmidt\" \/>\n\t<meta name=\"twitter:label2\" content=\"Tiempo de lectura\" \/>\n\t<meta name=\"twitter:data2\" content=\"2 minutos\" \/>\n<script type=\"application\/ld+json\" class=\"yoast-schema-graph\">{\"@context\":\"https:\\\/\\\/schema.org\",\"@graph\":[{\"@type\":\"Article\",\"@id\":\"https:\\\/\\\/informelitoral.com.ar\\\/proponen-la-instalacion-de-paneles-solares-en-galpones-de-pollos-para-disminuir-costos-energeticos\\\/#article\",\"isPartOf\":{\"@id\":\"https:\\\/\\\/informelitoral.com.ar\\\/proponen-la-instalacion-de-paneles-solares-en-galpones-de-pollos-para-disminuir-costos-energeticos\\\/\"},\"author\":{\"name\":\"Gonzalo Schmidt\",\"@id\":\"https:\\\/\\\/informelitoral.com.ar\\\/#\\\/schema\\\/person\\\/b9d00407c836482871ef1d57bf8e3180\"},\"headline\":\"Proponen la instalaci\u00f3n de paneles solares en galpones de pollos para disminuir costos energ\u00e9ticos\",\"datePublished\":\"2018-11-16T10:47:19+00:00\",\"dateModified\":\"2018-11-16T10:54:10+00:00\",\"mainEntityOfPage\":{\"@id\":\"https:\\\/\\\/informelitoral.com.ar\\\/proponen-la-instalacion-de-paneles-solares-en-galpones-de-pollos-para-disminuir-costos-energeticos\\\/\"},\"wordCount\":391,\"commentCount\":0,\"publisher\":{\"@id\":\"https:\\\/\\\/informelitoral.com.ar\\\/#organization\"},\"image\":{\"@id\":\"https:\\\/\\\/informelitoral.com.ar\\\/proponen-la-instalacion-de-paneles-solares-en-galpones-de-pollos-para-disminuir-costos-energeticos\\\/#primaryimage\"},\"thumbnailUrl\":\"https:\\\/\\\/informelitoral.com.ar\\\/%77%70%2d%63%6f%6e%74%65%6e%74\\\/uploads\\\/2018\\\/11\\\/1542317690jpg.jpg\",\"keywords\":[\"Avicultura\",\"Entre R\u00edos\",\"Gobierno provincial\",\"Producci\u00f3n\"],\"articleSection\":[\"Campo\",\"Entre R\u00edos\"],\"inLanguage\":\"es\",\"potentialAction\":[{\"@type\":\"CommentAction\",\"name\":\"Comment\",\"target\":[\"https:\\\/\\\/informelitoral.com.ar\\\/proponen-la-instalacion-de-paneles-solares-en-galpones-de-pollos-para-disminuir-costos-energeticos\\\/#respond\"]}]},{\"@type\":\"WebPage\",\"@id\":\"https:\\\/\\\/informelitoral.com.ar\\\/proponen-la-instalacion-de-paneles-solares-en-galpones-de-pollos-para-disminuir-costos-energeticos\\\/\",\"url\":\"https:\\\/\\\/informelitoral.com.ar\\\/proponen-la-instalacion-de-paneles-solares-en-galpones-de-pollos-para-disminuir-costos-energeticos\\\/\",\"name\":\"Proponen la instalaci\u00f3n de paneles solares en galpones de pollos para disminuir costos energ\u00e9ticos - Informe Litoral\",\"isPartOf\":{\"@id\":\"https:\\\/\\\/informelitoral.com.ar\\\/#website\"},\"primaryImageOfPage\":{\"@id\":\"https:\\\/\\\/informelitoral.com.ar\\\/proponen-la-instalacion-de-paneles-solares-en-galpones-de-pollos-para-disminuir-costos-energeticos\\\/#primaryimage\"},\"image\":{\"@id\":\"https:\\\/\\\/informelitoral.com.ar\\\/proponen-la-instalacion-de-paneles-solares-en-galpones-de-pollos-para-disminuir-costos-energeticos\\\/#primaryimage\"},\"thumbnailUrl\":\"https:\\\/\\\/informelitoral.com.ar\\\/%77%70%2d%63%6f%6e%74%65%6e%74\\\/uploads\\\/2018\\\/11\\\/1542317690jpg.jpg\",\"datePublished\":\"2018-11-16T10:47:19+00:00\",\"dateModified\":\"2018-11-16T10:54:10+00:00\",\"breadcrumb\":{\"@id\":\"https:\\\/\\\/informelitoral.com.ar\\\/proponen-la-instalacion-de-paneles-solares-en-galpones-de-pollos-para-disminuir-costos-energeticos\\\/#breadcrumb\"},\"inLanguage\":\"es\",\"potentialAction\":[{\"@type\":\"ReadAction\",\"target\":[\"https:\\\/\\\/informelitoral.com.ar\\\/proponen-la-instalacion-de-paneles-solares-en-galpones-de-pollos-para-disminuir-costos-energeticos\\\/\"]}]},{\"@type\":\"ImageObject\",\"inLanguage\":\"es\",\"@id\":\"https:\\\/\\\/informelitoral.com.ar\\\/proponen-la-instalacion-de-paneles-solares-en-galpones-de-pollos-para-disminuir-costos-energeticos\\\/#primaryimage\",\"url\":\"https:\\\/\\\/informelitoral.com.ar\\\/%77%70%2d%63%6f%6e%74%65%6e%74\\\/uploads\\\/2018\\\/11\\\/1542317690jpg.jpg\",\"contentUrl\":\"https:\\\/\\\/informelitoral.com.ar\\\/%77%70%2d%63%6f%6e%74%65%6e%74\\\/uploads\\\/2018\\\/11\\\/1542317690jpg.jpg\",\"width\":3150,\"height\":2102},{\"@type\":\"BreadcrumbList\",\"@id\":\"https:\\\/\\\/informelitoral.com.ar\\\/proponen-la-instalacion-de-paneles-solares-en-galpones-de-pollos-para-disminuir-costos-energeticos\\\/#breadcrumb\",\"itemListElement\":[{\"@type\":\"ListItem\",\"position\":1,\"name\":\"Portada\",\"item\":\"https:\\\/\\\/informelitoral.com.ar\\\/\"},{\"@type\":\"ListItem\",\"position\":2,\"name\":\"Proponen la instalaci\u00f3n de paneles solares en galpones de pollos para disminuir costos energ\u00e9ticos\"}]},{\"@type\":\"WebSite\",\"@id\":\"https:\\\/\\\/informelitoral.com.ar\\\/#website\",\"url\":\"https:\\\/\\\/informelitoral.com.ar\\\/\",\"name\":\"Informe Litoral\",\"description\":\"&quot;Nos informamos&quot; \",\"publisher\":{\"@id\":\"https:\\\/\\\/informelitoral.com.ar\\\/#organization\"},\"potentialAction\":[{\"@type\":\"SearchAction\",\"target\":{\"@type\":\"EntryPoint\",\"urlTemplate\":\"https:\\\/\\\/informelitoral.com.ar\\\/?s={search_term_string}\"},\"query-input\":{\"@type\":\"PropertyValueSpecification\",\"valueRequired\":true,\"valueName\":\"search_term_string\"}}],\"inLanguage\":\"es\"},{\"@type\":\"Organization\",\"@id\":\"https:\\\/\\\/informelitoral.com.ar\\\/#organization\",\"name\":\"Informe Litoral\",\"url\":\"https:\\\/\\\/informelitoral.com.ar\\\/\",\"logo\":{\"@type\":\"ImageObject\",\"inLanguage\":\"es\",\"@id\":\"https:\\\/\\\/informelitoral.com.ar\\\/#\\\/schema\\\/logo\\\/image\\\/\",\"url\":\"https:\\\/\\\/informelitoral.com.ar\\\/%77%70%2d%63%6f%6e%74%65%6e%74\\\/uploads\\\/2021\\\/01\\\/circulo.png\",\"contentUrl\":\"https:\\\/\\\/informelitoral.com.ar\\\/%77%70%2d%63%6f%6e%74%65%6e%74\\\/uploads\\\/2021\\\/01\\\/circulo.png\",\"width\":723,\"height\":731,\"caption\":\"Informe Litoral\"},\"image\":{\"@id\":\"https:\\\/\\\/informelitoral.com.ar\\\/#\\\/schema\\\/logo\\\/image\\\/\"},\"sameAs\":[\"https:\\\/\\\/www.facebook.com\\\/informelitoral\\\/\",\"https:\\\/\\\/x.com\\\/InformeLitoral\",\"https:\\\/\\\/www.instagram.com\\\/informelitoral\\\/\",\"https:\\\/\\\/www.youtube.com\\\/channel\\\/UCua4Qvz8Icb6MYqhoq9xLXw\"]},{\"@type\":\"Person\",\"@id\":\"https:\\\/\\\/informelitoral.com.ar\\\/#\\\/schema\\\/person\\\/b9d00407c836482871ef1d57bf8e3180\",\"name\":\"Gonzalo Schmidt\",\"image\":{\"@type\":\"ImageObject\",\"inLanguage\":\"es\",\"@id\":\"https:\\\/\\\/secure.gravatar.com\\\/avatar\\\/31a1a7b66ff2de83bd0e9fd79d026630d2d99e55e8bfe501287647b4fd9743de?s=96&d=mm&r=g\",\"url\":\"https:\\\/\\\/secure.gravatar.com\\\/avatar\\\/31a1a7b66ff2de83bd0e9fd79d026630d2d99e55e8bfe501287647b4fd9743de?s=96&d=mm&r=g\",\"contentUrl\":\"https:\\\/\\\/secure.gravatar.com\\\/avatar\\\/31a1a7b66ff2de83bd0e9fd79d026630d2d99e55e8bfe501287647b4fd9743de?s=96&d=mm&r=g\",\"caption\":\"Gonzalo Schmidt\"},\"description\":\"Sitio web de noticias de la provincia de Entre R\u00edos, Argentina. Informaci\u00f3n y entretenimiento. Informe Litoral, nos informamos.\",\"sameAs\":[\"http:\\\/\\\/www.isletasnoticias.com.ar\"],\"url\":\"https:\\\/\\\/informelitoral.com.ar\\\/author\\\/gonzalo\\\/\"}]}<\/script>","yoast_head_json":{"title":"Proponen la instalaci\u00f3n de paneles solares en galpones de pollos para disminuir costos energ\u00e9ticos - Informe Litoral","robots":{"index":"index","follow":"follow","max-snippet":"max-snippet:-1","max-image-preview":"max-image-preview:large","max-video-preview":"max-video-preview:-1"},"canonical":"https:\/\/informelitoral.com.ar\/proponen-la-instalacion-de-paneles-solares-en-galpones-de-pollos-para-disminuir-costos-energeticos\/","og_locale":"es_ES","og_type":"article","og_title":"Proponen la instalaci\u00f3n de paneles solares en galpones de pollos para disminuir costos energ\u00e9ticos - Informe Litoral","og_description":"El gobernador Gustavo Bordet recibi\u00f3 a representantes de la C\u00e1mara Argentina de Productores Integrados de Pollos y de la fundaci\u00f3n Hugo del Carril quienes le presentaron un proyecto para incorporar paneles de energ\u00eda solar a galpones de pollos para disminuir costos energ\u00e9ticos.","og_url":"https:\/\/informelitoral.com.ar\/proponen-la-instalacion-de-paneles-solares-en-galpones-de-pollos-para-disminuir-costos-energeticos\/","og_site_name":"Informe Litoral","article_publisher":"https:\/\/www.facebook.com\/informelitoral\/","article_published_time":"2018-11-16T10:47:19+00:00","article_modified_time":"2018-11-16T10:54:10+00:00","og_image":[{"width":3150,"height":2102,"url":"https:\/\/informelitoral.com.ar\/%77%70%2d%63%6f%6e%74%65%6e%74\/uploads\/2018\/11\/1542317690jpg.jpg","type":"image\/jpeg"}],"author":"Gonzalo Schmidt","twitter_card":"summary_large_image","twitter_creator":"@InformeLitoral","twitter_site":"@InformeLitoral","twitter_misc":{"Escrito por":"Gonzalo Schmidt","Tiempo de lectura":"2 minutos"},"schema":{"@context":"https:\/\/schema.org","@graph":[{"@type":"Article","@id":"https:\/\/informelitoral.com.ar\/proponen-la-instalacion-de-paneles-solares-en-galpones-de-pollos-para-disminuir-costos-energeticos\/#article","isPartOf":{"@id":"https:\/\/informelitoral.com.ar\/proponen-la-instalacion-de-paneles-solares-en-galpones-de-pollos-para-disminuir-costos-energeticos\/"},"author":{"name":"Gonzalo Schmidt","@id":"https:\/\/informelitoral.com.ar\/#\/schema\/person\/b9d00407c836482871ef1d57bf8e3180"},"headline":"Proponen la instalaci\u00f3n de paneles solares en galpones de pollos para disminuir costos energ\u00e9ticos","datePublished":"2018-11-16T10:47:19+00:00","dateModified":"2018-11-16T10:54:10+00:00","mainEntityOfPage":{"@id":"https:\/\/informelitoral.com.ar\/proponen-la-instalacion-de-paneles-solares-en-galpones-de-pollos-para-disminuir-costos-energeticos\/"},"wordCount":391,"commentCount":0,"publisher":{"@id":"https:\/\/informelitoral.com.ar\/#organization"},"image":{"@id":"https:\/\/informelitoral.com.ar\/proponen-la-instalacion-de-paneles-solares-en-galpones-de-pollos-para-disminuir-costos-energeticos\/#primaryimage"},"thumbnailUrl":"https:\/\/informelitoral.com.ar\/%77%70%2d%63%6f%6e%74%65%6e%74\/uploads\/2018\/11\/1542317690jpg.jpg","keywords":["Avicultura","Entre R\u00edos","Gobierno provincial","Producci\u00f3n"],"articleSection":["Campo","Entre R\u00edos"],"inLanguage":"es","potentialAction":[{"@type":"CommentAction","name":"Comment","target":["https:\/\/informelitoral.com.ar\/proponen-la-instalacion-de-paneles-solares-en-galpones-de-pollos-para-disminuir-costos-energeticos\/#respond"]}]},{"@type":"WebPage","@id":"https:\/\/informelitoral.com.ar\/proponen-la-instalacion-de-paneles-solares-en-galpones-de-pollos-para-disminuir-costos-energeticos\/","url":"https:\/\/informelitoral.com.ar\/proponen-la-instalacion-de-paneles-solares-en-galpones-de-pollos-para-disminuir-costos-energeticos\/","name":"Proponen la instalaci\u00f3n de paneles solares en galpones de pollos para disminuir costos energ\u00e9ticos - Informe Litoral","isPartOf":{"@id":"https:\/\/informelitoral.com.ar\/#website"},"primaryImageOfPage":{"@id":"https:\/\/informelitoral.com.ar\/proponen-la-instalacion-de-paneles-solares-en-galpones-de-pollos-para-disminuir-costos-energeticos\/#primaryimage"},"image":{"@id":"https:\/\/informelitoral.com.ar\/proponen-la-instalacion-de-paneles-solares-en-galpones-de-pollos-para-disminuir-costos-energeticos\/#primaryimage"},"thumbnailUrl":"https:\/\/informelitoral.com.ar\/%77%70%2d%63%6f%6e%74%65%6e%74\/uploads\/2018\/11\/1542317690jpg.jpg","datePublished":"2018-11-16T10:47:19+00:00","dateModified":"2018-11-16T10:54:10+00:00","breadcrumb":{"@id":"https:\/\/informelitoral.com.ar\/proponen-la-instalacion-de-paneles-solares-en-galpones-de-pollos-para-disminuir-costos-energeticos\/#breadcrumb"},"inLanguage":"es","potentialAction":[{"@type":"ReadAction","target":["https:\/\/informelitoral.com.ar\/proponen-la-instalacion-de-paneles-solares-en-galpones-de-pollos-para-disminuir-costos-energeticos\/"]}]},{"@type":"ImageObject","inLanguage":"es","@id":"https:\/\/informelitoral.com.ar\/proponen-la-instalacion-de-paneles-solares-en-galpones-de-pollos-para-disminuir-costos-energeticos\/#primaryimage","url":"https:\/\/informelitoral.com.ar\/%77%70%2d%63%6f%6e%74%65%6e%74\/uploads\/2018\/11\/1542317690jpg.jpg","contentUrl":"https:\/\/informelitoral.com.ar\/%77%70%2d%63%6f%6e%74%65%6e%74\/uploads\/2018\/11\/1542317690jpg.jpg","width":3150,"height":2102},{"@type":"BreadcrumbList","@id":"https:\/\/informelitoral.com.ar\/proponen-la-instalacion-de-paneles-solares-en-galpones-de-pollos-para-disminuir-costos-energeticos\/#breadcrumb","itemListElement":[{"@type":"ListItem","position":1,"name":"Portada","item":"https:\/\/informelitoral.com.ar\/"},{"@type":"ListItem","position":2,"name":"Proponen la instalaci\u00f3n de paneles solares en galpones de pollos para disminuir costos energ\u00e9ticos"}]},{"@type":"WebSite","@id":"https:\/\/informelitoral.com.ar\/#website","url":"https:\/\/informelitoral.com.ar\/","name":"Informe Litoral","description":"&quot;Nos informamos&quot; ","publisher":{"@id":"https:\/\/informelitoral.com.ar\/#organization"},"potentialAction":[{"@type":"SearchAction","target":{"@type":"EntryPoint","urlTemplate":"https:\/\/informelitoral.com.ar\/?s={search_term_string}"},"query-input":{"@type":"PropertyValueSpecification","valueRequired":true,"valueName":"search_term_string"}}],"inLanguage":"es"},{"@type":"Organization","@id":"https:\/\/informelitoral.com.ar\/#organization","name":"Informe Litoral","url":"https:\/\/informelitoral.com.ar\/","logo":{"@type":"ImageObject","inLanguage":"es","@id":"https:\/\/informelitoral.com.ar\/#\/schema\/logo\/image\/","url":"https:\/\/informelitoral.com.ar\/%77%70%2d%63%6f%6e%74%65%6e%74\/uploads\/2021\/01\/circulo.png","contentUrl":"https:\/\/informelitoral.com.ar\/%77%70%2d%63%6f%6e%74%65%6e%74\/uploads\/2021\/01\/circulo.png","width":723,"height":731,"caption":"Informe Litoral"},"image":{"@id":"https:\/\/informelitoral.com.ar\/#\/schema\/logo\/image\/"},"sameAs":["https:\/\/www.facebook.com\/informelitoral\/","https:\/\/x.com\/InformeLitoral","https:\/\/www.instagram.com\/informelitoral\/","https:\/\/www.youtube.com\/channel\/UCua4Qvz8Icb6MYqhoq9xLXw"]},{"@type":"Person","@id":"https:\/\/informelitoral.com.ar\/#\/schema\/person\/b9d00407c836482871ef1d57bf8e3180","name":"Gonzalo Schmidt","image":{"@type":"ImageObject","inLanguage":"es","@id":"https:\/\/secure.gravatar.com\/avatar\/31a1a7b66ff2de83bd0e9fd79d026630d2d99e55e8bfe501287647b4fd9743de?s=96&d=mm&r=g","url":"https:\/\/secure.gravatar.com\/avatar\/31a1a7b66ff2de83bd0e9fd79d026630d2d99e55e8bfe501287647b4fd9743de?s=96&d=mm&r=g","contentUrl":"https:\/\/secure.gravatar.com\/avatar\/31a1a7b66ff2de83bd0e9fd79d026630d2d99e55e8bfe501287647b4fd9743de?s=96&d=mm&r=g","caption":"Gonzalo Schmidt"},"description":"Sitio web de noticias de la provincia de Entre R\u00edos, Argentina. Informaci\u00f3n y entretenimiento. Informe Litoral, nos informamos.","sameAs":["http:\/\/www.isletasnoticias.com.ar"],"url":"https:\/\/informelitoral.com.ar\/author\/gonzalo\/"}]}},"_links":{"self":[{"href":"https:\/\/informelitoral.com.ar\/%77%70%2d%6a%73%6f%6e\/wp\/v2\/posts\/30633","targetHints":{"allow":["GET"]}}],"collection":[{"href":"https:\/\/informelitoral.com.ar\/%77%70%2d%6a%73%6f%6e\/wp\/v2\/posts"}],"about":[{"href":"https:\/\/informelitoral.com.ar\/%77%70%2d%6a%73%6f%6e\/wp\/v2\/types\/post"}],"author":[{"embeddable":true,"href":"https:\/\/informelitoral.com.ar\/%77%70%2d%6a%73%6f%6e\/wp\/v2\/users\/2"}],"replies":[{"embeddable":true,"href":"https:\/\/informelitoral.com.ar\/%77%70%2d%6a%73%6f%6e\/wp\/v2\/comments?post=30633"}],"version-history":[{"count":0,"href":"https:\/\/informelitoral.com.ar\/%77%70%2d%6a%73%6f%6e\/wp\/v2\/posts\/30633\/revisions"}],"wp:featuredmedia":[{"embeddable":true,"href":"https:\/\/informelitoral.com.ar\/%77%70%2d%6a%73%6f%6e\/wp\/v2\/media\/30634"}],"wp:attachment":[{"href":"https:\/\/informelitoral.com.ar\/%77%70%2d%6a%73%6f%6e\/wp\/v2\/media?parent=30633"}],"wp:term":[{"taxonomy":"category","embeddable":true,"href":"https:\/\/informelitoral.com.ar\/%77%70%2d%6a%73%6f%6e\/wp\/v2\/categories?post=30633"},{"taxonomy":"post_tag","embeddable":true,"href":"https:\/\/informelitoral.com.ar\/%77%70%2d%6a%73%6f%6e\/wp\/v2\/tags?post=30633"}],"curies":[{"name":"wp","href":"https:\/\/api.w.org\/{rel}","templated":true}]}}