{"id":30567,"date":"2018-11-13T08:06:30","date_gmt":"2018-11-13T11:06:30","guid":{"rendered":"https:\/\/www.isletasnoticias.com.ar\/?p=30567"},"modified":"2018-11-13T08:06:30","modified_gmt":"2018-11-13T11:06:30","slug":"las-claves-del-bono-de-fin-de-ano-que-se-publico-en-el-boletin-oficial","status":"publish","type":"post","link":"https:\/\/informelitoral.com.ar\/las-claves-del-bono-de-fin-de-ano-que-se-publico-en-el-boletin-oficial\/","title":{"rendered":"Las claves del bono de fin de a\u00f1o que se public\u00f3 en el Bolet\u00edn Oficial"},"content":{"rendered":"<div class=\"row pb-content-type-text\">\n<div class=\"col-xs-12 col-print-12\">\n<p class=\"element element-paragraph\">Es un hecho. Luego de varios d\u00edas de negociaciones con gremios y entidades de representaci\u00f3n empresaria, el Gobierno public\u00f3 este martes en el Bolet\u00edn Oficial\u00a0<strong>el decreto presidencial por el cual los privados deber\u00e1n pagar un bono de fin de a\u00f1o de hasta $5.000 en dos cuotas.<\/strong><\/p>\n<p class=\"element element-paragraph\">En los considerandos del decreto se habla que las recientes mediciones del Indec sobre el aumento de la inflaci\u00f3n produjeron un \u00abimpacto socio-econ\u00f3mico\u00bb, y se define como \u00aburgente y necesario\u00bb el hecho de tomar medidas r\u00e1pidas para que\u00a0<strong>\u00abse mantengan los est\u00e1ndares adquisitivos de las remuneraciones\u00bb<\/strong>.<\/p>\n<\/div>\n<\/div>\n<div class=\"row pb-content-type-text\">\n<div class=\"col-xs-12 col-print-12\">\n<p class=\"element element-paragraph\">De esa manera, se determina que es\u00a0<strong>\u00abprocedente establecer una asignaci\u00f3n no remunerativa para los trabajadores del sector privado\u00bb<\/strong>, aunque se aclara que la decisi\u00f3n no afecta otros derechos de negociaci\u00f3n colectiva.<\/p>\n<p class=\"element element-paragraph\">Sin embargo, hay algunos puntos no del todo claros a\u00fan. Si bien el monto es fijo \u2013no \u00abhasta\u00bb $5.000 como se ven\u00eda hablando hasta ahora\u2013 la norma habla de posibilidades de adecuaci\u00f3n para compa\u00f1\u00edas en \u00abcrisis\u00bb o en \u00abdeclinaci\u00f3n productiva\u00bb.\u00a0<strong>No se describen, al menos en texto formal del decreto, los detalles y las condiciones de la adecuaci\u00f3n, ni los valores de esa declinaci\u00f3n.<\/strong><\/p>\n<\/div>\n<\/div>\n<div class=\"row pb-content-type-text\">\n<div class=\"col-xs-12 col-print-12\">\n<h3 class=\"element element-paragraph\"><strong>Las claves del decreto:\u00a0<\/strong><\/h3>\n<\/div>\n<\/div>\n<div class=\"row pb-content-type-text\">\n<div class=\"col-xs-12 col-print-12\">\n<p class=\"element element-paragraph\"><strong>1 \u2013 Pago.<\/strong>\u00a0La norma destaca que desde el primer d\u00eda de noviembre\u00a0<strong>se pagar\u00e1 una asignaci\u00f3n no remunerativa para empleados en relaci\u00f3n del sector privado<\/strong>.<\/p>\n<\/div>\n<\/div>\n<div class=\"row pb-content-type-text\">\n<div class=\"col-xs-12 col-print-12\">\n<p class=\"element element-paragraph\"><strong>2 \u2013 Monto.<\/strong>\u00a0<strong>Son $5.000 que se pagar\u00e1n de la siguiente manera: la mitad con los salarios de noviembre<\/strong>\u00a0(que se pagan en diciembre)<strong>\u00a0y la otra con los de enero del a\u00f1o pr\u00f3ximo<\/strong>\u00a0(en febrero).<\/p>\n<\/div>\n<\/div>\n<div class=\"row pb-content-type-text\">\n<div class=\"col-xs-12 col-print-12\">\n<p class=\"element element-paragraph\"><strong>3 \u2013 Empresas en crisis.<\/strong>\u00a0Se destaca que las empresas \u00abpodr\u00e1n adecuar la implementaci\u00f3n\u00bb del pago en cuanto a plazos y montos para las\u00a0<strong>\u00abactividades o sectores que se encuentren especialmente en crisis o declinaci\u00f3n productiva\u00bb.<\/strong><\/p>\n<\/div>\n<\/div>\n<div class=\"row pb-content-type-text\">\n<div class=\"col-xs-12 col-print-12\">\n<p class=\"element element-paragraph\"><strong>4 \u2013 A cuenta de aumentos ya dados.<\/strong>\u00a0Se destaca que los empleadores pueden determinar que\u00a0<strong>el bono est\u00e9 a cuenta de paritarias futuras o compensar parcialmente con aumentos otorgados<\/strong>\u00a0como parte de la paritaria vigente o por fuera de ella a los largo de 2018<\/p>\n<\/div>\n<\/div>\n<div class=\"row pb-content-type-text\">\n<div class=\"col-xs-12 col-print-12\">\n<p class=\"element element-paragraph\"><strong>5 \u2013 Empleados p\u00fablicos.\u00a0<\/strong>Este decreto excluye expresamente a los empleados del sector p\u00fablico nacional, provincial y municipal, que ser\u00e1n incluidos en otra norma\u00a0($5.000 para diciembre y dos aumentos de 5% en enero y febrero).<\/p>\n<p><em>Fuente: Infobae<\/em><\/p>\n<\/div>\n<\/div>\n","protected":false},"excerpt":{"rendered":"<p>Los detalles de la norma por medio de la que se implementa el pago extra a empleados del sector privado.<\/p>\n","protected":false},"author":2,"featured_media":30568,"comment_status":"open","ping_status":"open","sticky":false,"template":"","format":"standard","meta":{"fifu_image_url":"","fifu_image_alt":"","footnotes":""},"categories":[7],"tags":[486,233,250],"class_list":{"0":"post-30567","1":"post","2":"type-post","3":"status-publish","4":"format-standard","5":"has-post-thumbnail","7":"category-nacionales","8":"tag-empresas","9":"tag-gobierno-nacional","10":"tag-gremios"},"yoast_head":"<title>Las claves del bono de fin de a\u00f1o que se public\u00f3 en el Bolet\u00edn Oficial - Informe Litoral<\/title>\n<meta name=\"robots\" content=\"index, follow, max-snippet:-1, max-image-preview:large, max-video-preview:-1\" \/>\n<link rel=\"canonical\" href=\"https:\/\/informelitoral.com.ar\/las-claves-del-bono-de-fin-de-ano-que-se-publico-en-el-boletin-oficial\/\" \/>\n<meta property=\"og:locale\" content=\"es_ES\" \/>\n<meta property=\"og:type\" content=\"article\" \/>\n<meta property=\"og:title\" content=\"Las claves del bono de fin de a\u00f1o que se public\u00f3 en el Bolet\u00edn Oficial - Informe Litoral\" \/>\n<meta property=\"og:description\" content=\"Los detalles de la norma por medio de la que se implementa el pago extra a empleados del sector privado.\" \/>\n<meta property=\"og:url\" content=\"https:\/\/informelitoral.com.ar\/las-claves-del-bono-de-fin-de-ano-que-se-publico-en-el-boletin-oficial\/\" \/>\n<meta property=\"og:site_name\" content=\"Informe Litoral\" \/>\n<meta property=\"article:publisher\" content=\"https:\/\/www.facebook.com\/informelitoral\/\" \/>\n<meta property=\"article:published_time\" content=\"2018-11-13T11:06:30+00:00\" \/>\n<meta property=\"og:image\" content=\"https:\/\/informelitoral.com.ar\/%77%70%2d%63%6f%6e%74%65%6e%74\/uploads\/2018\/11\/0029531119.jpg\" \/>\n\t<meta property=\"og:image:width\" content=\"1140\" \/>\n\t<meta property=\"og:image:height\" content=\"640\" \/>\n\t<meta property=\"og:image:type\" content=\"image\/jpeg\" \/>\n<meta name=\"author\" content=\"Gonzalo Schmidt\" \/>\n<meta name=\"twitter:card\" content=\"summary_large_image\" \/>\n<meta name=\"twitter:creator\" content=\"@InformeLitoral\" \/>\n<meta name=\"twitter:site\" content=\"@InformeLitoral\" \/>\n<meta name=\"twitter:label1\" content=\"Escrito por\" \/>\n\t<meta name=\"twitter:data1\" content=\"Gonzalo Schmidt\" \/>\n\t<meta name=\"twitter:label2\" content=\"Tiempo de lectura\" \/>\n\t<meta name=\"twitter:data2\" content=\"2 minutos\" \/>\n<script type=\"application\/ld+json\" class=\"yoast-schema-graph\">{\"@context\":\"https:\\\/\\\/schema.org\",\"@graph\":[{\"@type\":\"Article\",\"@id\":\"https:\\\/\\\/informelitoral.com.ar\\\/las-claves-del-bono-de-fin-de-ano-que-se-publico-en-el-boletin-oficial\\\/#article\",\"isPartOf\":{\"@id\":\"https:\\\/\\\/informelitoral.com.ar\\\/las-claves-del-bono-de-fin-de-ano-que-se-publico-en-el-boletin-oficial\\\/\"},\"author\":{\"name\":\"Gonzalo Schmidt\",\"@id\":\"https:\\\/\\\/informelitoral.com.ar\\\/#\\\/schema\\\/person\\\/b9d00407c836482871ef1d57bf8e3180\"},\"headline\":\"Las claves del bono de fin de a\u00f1o que se public\u00f3 en el Bolet\u00edn Oficial\",\"datePublished\":\"2018-11-13T11:06:30+00:00\",\"mainEntityOfPage\":{\"@id\":\"https:\\\/\\\/informelitoral.com.ar\\\/las-claves-del-bono-de-fin-de-ano-que-se-publico-en-el-boletin-oficial\\\/\"},\"wordCount\":407,\"commentCount\":0,\"publisher\":{\"@id\":\"https:\\\/\\\/informelitoral.com.ar\\\/#organization\"},\"image\":{\"@id\":\"https:\\\/\\\/informelitoral.com.ar\\\/las-claves-del-bono-de-fin-de-ano-que-se-publico-en-el-boletin-oficial\\\/#primaryimage\"},\"thumbnailUrl\":\"https:\\\/\\\/informelitoral.com.ar\\\/%77%70%2d%63%6f%6e%74%65%6e%74\\\/uploads\\\/2018\\\/11\\\/0029531119.jpg\",\"keywords\":[\"Empresas\",\"Gobierno nacional\",\"Gremios\"],\"articleSection\":[\"Nacionales\"],\"inLanguage\":\"es\",\"potentialAction\":[{\"@type\":\"CommentAction\",\"name\":\"Comment\",\"target\":[\"https:\\\/\\\/informelitoral.com.ar\\\/las-claves-del-bono-de-fin-de-ano-que-se-publico-en-el-boletin-oficial\\\/#respond\"]}]},{\"@type\":\"WebPage\",\"@id\":\"https:\\\/\\\/informelitoral.com.ar\\\/las-claves-del-bono-de-fin-de-ano-que-se-publico-en-el-boletin-oficial\\\/\",\"url\":\"https:\\\/\\\/informelitoral.com.ar\\\/las-claves-del-bono-de-fin-de-ano-que-se-publico-en-el-boletin-oficial\\\/\",\"name\":\"Las claves del bono de fin de a\u00f1o que se public\u00f3 en el Bolet\u00edn Oficial - Informe Litoral\",\"isPartOf\":{\"@id\":\"https:\\\/\\\/informelitoral.com.ar\\\/#website\"},\"primaryImageOfPage\":{\"@id\":\"https:\\\/\\\/informelitoral.com.ar\\\/las-claves-del-bono-de-fin-de-ano-que-se-publico-en-el-boletin-oficial\\\/#primaryimage\"},\"image\":{\"@id\":\"https:\\\/\\\/informelitoral.com.ar\\\/las-claves-del-bono-de-fin-de-ano-que-se-publico-en-el-boletin-oficial\\\/#primaryimage\"},\"thumbnailUrl\":\"https:\\\/\\\/informelitoral.com.ar\\\/%77%70%2d%63%6f%6e%74%65%6e%74\\\/uploads\\\/2018\\\/11\\\/0029531119.jpg\",\"datePublished\":\"2018-11-13T11:06:30+00:00\",\"breadcrumb\":{\"@id\":\"https:\\\/\\\/informelitoral.com.ar\\\/las-claves-del-bono-de-fin-de-ano-que-se-publico-en-el-boletin-oficial\\\/#breadcrumb\"},\"inLanguage\":\"es\",\"potentialAction\":[{\"@type\":\"ReadAction\",\"target\":[\"https:\\\/\\\/informelitoral.com.ar\\\/las-claves-del-bono-de-fin-de-ano-que-se-publico-en-el-boletin-oficial\\\/\"]}]},{\"@type\":\"ImageObject\",\"inLanguage\":\"es\",\"@id\":\"https:\\\/\\\/informelitoral.com.ar\\\/las-claves-del-bono-de-fin-de-ano-que-se-publico-en-el-boletin-oficial\\\/#primaryimage\",\"url\":\"https:\\\/\\\/informelitoral.com.ar\\\/%77%70%2d%63%6f%6e%74%65%6e%74\\\/uploads\\\/2018\\\/11\\\/0029531119.jpg\",\"contentUrl\":\"https:\\\/\\\/informelitoral.com.ar\\\/%77%70%2d%63%6f%6e%74%65%6e%74\\\/uploads\\\/2018\\\/11\\\/0029531119.jpg\",\"width\":1140,\"height\":640},{\"@type\":\"BreadcrumbList\",\"@id\":\"https:\\\/\\\/informelitoral.com.ar\\\/las-claves-del-bono-de-fin-de-ano-que-se-publico-en-el-boletin-oficial\\\/#breadcrumb\",\"itemListElement\":[{\"@type\":\"ListItem\",\"position\":1,\"name\":\"Portada\",\"item\":\"https:\\\/\\\/informelitoral.com.ar\\\/\"},{\"@type\":\"ListItem\",\"position\":2,\"name\":\"Las claves del bono de fin de a\u00f1o que se public\u00f3 en el Bolet\u00edn Oficial\"}]},{\"@type\":\"WebSite\",\"@id\":\"https:\\\/\\\/informelitoral.com.ar\\\/#website\",\"url\":\"https:\\\/\\\/informelitoral.com.ar\\\/\",\"name\":\"Informe Litoral\",\"description\":\"&quot;Nos informamos&quot; \",\"publisher\":{\"@id\":\"https:\\\/\\\/informelitoral.com.ar\\\/#organization\"},\"potentialAction\":[{\"@type\":\"SearchAction\",\"target\":{\"@type\":\"EntryPoint\",\"urlTemplate\":\"https:\\\/\\\/informelitoral.com.ar\\\/?s={search_term_string}\"},\"query-input\":{\"@type\":\"PropertyValueSpecification\",\"valueRequired\":true,\"valueName\":\"search_term_string\"}}],\"inLanguage\":\"es\"},{\"@type\":\"Organization\",\"@id\":\"https:\\\/\\\/informelitoral.com.ar\\\/#organization\",\"name\":\"Informe Litoral\",\"url\":\"https:\\\/\\\/informelitoral.com.ar\\\/\",\"logo\":{\"@type\":\"ImageObject\",\"inLanguage\":\"es\",\"@id\":\"https:\\\/\\\/informelitoral.com.ar\\\/#\\\/schema\\\/logo\\\/image\\\/\",\"url\":\"https:\\\/\\\/informelitoral.com.ar\\\/%77%70%2d%63%6f%6e%74%65%6e%74\\\/uploads\\\/2021\\\/01\\\/circulo.png\",\"contentUrl\":\"https:\\\/\\\/informelitoral.com.ar\\\/%77%70%2d%63%6f%6e%74%65%6e%74\\\/uploads\\\/2021\\\/01\\\/circulo.png\",\"width\":723,\"height\":731,\"caption\":\"Informe Litoral\"},\"image\":{\"@id\":\"https:\\\/\\\/informelitoral.com.ar\\\/#\\\/schema\\\/logo\\\/image\\\/\"},\"sameAs\":[\"https:\\\/\\\/www.facebook.com\\\/informelitoral\\\/\",\"https:\\\/\\\/x.com\\\/InformeLitoral\",\"https:\\\/\\\/www.instagram.com\\\/informelitoral\\\/\",\"https:\\\/\\\/www.youtube.com\\\/channel\\\/UCua4Qvz8Icb6MYqhoq9xLXw\"]},{\"@type\":\"Person\",\"@id\":\"https:\\\/\\\/informelitoral.com.ar\\\/#\\\/schema\\\/person\\\/b9d00407c836482871ef1d57bf8e3180\",\"name\":\"Gonzalo Schmidt\",\"image\":{\"@type\":\"ImageObject\",\"inLanguage\":\"es\",\"@id\":\"https:\\\/\\\/secure.gravatar.com\\\/avatar\\\/31a1a7b66ff2de83bd0e9fd79d026630d2d99e55e8bfe501287647b4fd9743de?s=96&d=mm&r=g\",\"url\":\"https:\\\/\\\/secure.gravatar.com\\\/avatar\\\/31a1a7b66ff2de83bd0e9fd79d026630d2d99e55e8bfe501287647b4fd9743de?s=96&d=mm&r=g\",\"contentUrl\":\"https:\\\/\\\/secure.gravatar.com\\\/avatar\\\/31a1a7b66ff2de83bd0e9fd79d026630d2d99e55e8bfe501287647b4fd9743de?s=96&d=mm&r=g\",\"caption\":\"Gonzalo Schmidt\"},\"description\":\"Sitio web de noticias de la provincia de Entre R\u00edos, Argentina. Informaci\u00f3n y entretenimiento. Informe Litoral, nos informamos.\",\"sameAs\":[\"http:\\\/\\\/www.isletasnoticias.com.ar\"],\"url\":\"https:\\\/\\\/informelitoral.com.ar\\\/author\\\/gonzalo\\\/\"}]}<\/script>","yoast_head_json":{"title":"Las claves del bono de fin de a\u00f1o que se public\u00f3 en el Bolet\u00edn Oficial - Informe Litoral","robots":{"index":"index","follow":"follow","max-snippet":"max-snippet:-1","max-image-preview":"max-image-preview:large","max-video-preview":"max-video-preview:-1"},"canonical":"https:\/\/informelitoral.com.ar\/las-claves-del-bono-de-fin-de-ano-que-se-publico-en-el-boletin-oficial\/","og_locale":"es_ES","og_type":"article","og_title":"Las claves del bono de fin de a\u00f1o que se public\u00f3 en el Bolet\u00edn Oficial - Informe Litoral","og_description":"Los detalles de la norma por medio de la que se implementa el pago extra a empleados del sector privado.","og_url":"https:\/\/informelitoral.com.ar\/las-claves-del-bono-de-fin-de-ano-que-se-publico-en-el-boletin-oficial\/","og_site_name":"Informe Litoral","article_publisher":"https:\/\/www.facebook.com\/informelitoral\/","article_published_time":"2018-11-13T11:06:30+00:00","og_image":[{"width":1140,"height":640,"url":"https:\/\/informelitoral.com.ar\/%77%70%2d%63%6f%6e%74%65%6e%74\/uploads\/2018\/11\/0029531119.jpg","type":"image\/jpeg"}],"author":"Gonzalo Schmidt","twitter_card":"summary_large_image","twitter_creator":"@InformeLitoral","twitter_site":"@InformeLitoral","twitter_misc":{"Escrito por":"Gonzalo Schmidt","Tiempo de lectura":"2 minutos"},"schema":{"@context":"https:\/\/schema.org","@graph":[{"@type":"Article","@id":"https:\/\/informelitoral.com.ar\/las-claves-del-bono-de-fin-de-ano-que-se-publico-en-el-boletin-oficial\/#article","isPartOf":{"@id":"https:\/\/informelitoral.com.ar\/las-claves-del-bono-de-fin-de-ano-que-se-publico-en-el-boletin-oficial\/"},"author":{"name":"Gonzalo Schmidt","@id":"https:\/\/informelitoral.com.ar\/#\/schema\/person\/b9d00407c836482871ef1d57bf8e3180"},"headline":"Las claves del bono de fin de a\u00f1o que se public\u00f3 en el Bolet\u00edn Oficial","datePublished":"2018-11-13T11:06:30+00:00","mainEntityOfPage":{"@id":"https:\/\/informelitoral.com.ar\/las-claves-del-bono-de-fin-de-ano-que-se-publico-en-el-boletin-oficial\/"},"wordCount":407,"commentCount":0,"publisher":{"@id":"https:\/\/informelitoral.com.ar\/#organization"},"image":{"@id":"https:\/\/informelitoral.com.ar\/las-claves-del-bono-de-fin-de-ano-que-se-publico-en-el-boletin-oficial\/#primaryimage"},"thumbnailUrl":"https:\/\/informelitoral.com.ar\/%77%70%2d%63%6f%6e%74%65%6e%74\/uploads\/2018\/11\/0029531119.jpg","keywords":["Empresas","Gobierno nacional","Gremios"],"articleSection":["Nacionales"],"inLanguage":"es","potentialAction":[{"@type":"CommentAction","name":"Comment","target":["https:\/\/informelitoral.com.ar\/las-claves-del-bono-de-fin-de-ano-que-se-publico-en-el-boletin-oficial\/#respond"]}]},{"@type":"WebPage","@id":"https:\/\/informelitoral.com.ar\/las-claves-del-bono-de-fin-de-ano-que-se-publico-en-el-boletin-oficial\/","url":"https:\/\/informelitoral.com.ar\/las-claves-del-bono-de-fin-de-ano-que-se-publico-en-el-boletin-oficial\/","name":"Las claves del bono de fin de a\u00f1o que se public\u00f3 en el Bolet\u00edn Oficial - Informe Litoral","isPartOf":{"@id":"https:\/\/informelitoral.com.ar\/#website"},"primaryImageOfPage":{"@id":"https:\/\/informelitoral.com.ar\/las-claves-del-bono-de-fin-de-ano-que-se-publico-en-el-boletin-oficial\/#primaryimage"},"image":{"@id":"https:\/\/informelitoral.com.ar\/las-claves-del-bono-de-fin-de-ano-que-se-publico-en-el-boletin-oficial\/#primaryimage"},"thumbnailUrl":"https:\/\/informelitoral.com.ar\/%77%70%2d%63%6f%6e%74%65%6e%74\/uploads\/2018\/11\/0029531119.jpg","datePublished":"2018-11-13T11:06:30+00:00","breadcrumb":{"@id":"https:\/\/informelitoral.com.ar\/las-claves-del-bono-de-fin-de-ano-que-se-publico-en-el-boletin-oficial\/#breadcrumb"},"inLanguage":"es","potentialAction":[{"@type":"ReadAction","target":["https:\/\/informelitoral.com.ar\/las-claves-del-bono-de-fin-de-ano-que-se-publico-en-el-boletin-oficial\/"]}]},{"@type":"ImageObject","inLanguage":"es","@id":"https:\/\/informelitoral.com.ar\/las-claves-del-bono-de-fin-de-ano-que-se-publico-en-el-boletin-oficial\/#primaryimage","url":"https:\/\/informelitoral.com.ar\/%77%70%2d%63%6f%6e%74%65%6e%74\/uploads\/2018\/11\/0029531119.jpg","contentUrl":"https:\/\/informelitoral.com.ar\/%77%70%2d%63%6f%6e%74%65%6e%74\/uploads\/2018\/11\/0029531119.jpg","width":1140,"height":640},{"@type":"BreadcrumbList","@id":"https:\/\/informelitoral.com.ar\/las-claves-del-bono-de-fin-de-ano-que-se-publico-en-el-boletin-oficial\/#breadcrumb","itemListElement":[{"@type":"ListItem","position":1,"name":"Portada","item":"https:\/\/informelitoral.com.ar\/"},{"@type":"ListItem","position":2,"name":"Las claves del bono de fin de a\u00f1o que se public\u00f3 en el Bolet\u00edn Oficial"}]},{"@type":"WebSite","@id":"https:\/\/informelitoral.com.ar\/#website","url":"https:\/\/informelitoral.com.ar\/","name":"Informe Litoral","description":"&quot;Nos informamos&quot; ","publisher":{"@id":"https:\/\/informelitoral.com.ar\/#organization"},"potentialAction":[{"@type":"SearchAction","target":{"@type":"EntryPoint","urlTemplate":"https:\/\/informelitoral.com.ar\/?s={search_term_string}"},"query-input":{"@type":"PropertyValueSpecification","valueRequired":true,"valueName":"search_term_string"}}],"inLanguage":"es"},{"@type":"Organization","@id":"https:\/\/informelitoral.com.ar\/#organization","name":"Informe Litoral","url":"https:\/\/informelitoral.com.ar\/","logo":{"@type":"ImageObject","inLanguage":"es","@id":"https:\/\/informelitoral.com.ar\/#\/schema\/logo\/image\/","url":"https:\/\/informelitoral.com.ar\/%77%70%2d%63%6f%6e%74%65%6e%74\/uploads\/2021\/01\/circulo.png","contentUrl":"https:\/\/informelitoral.com.ar\/%77%70%2d%63%6f%6e%74%65%6e%74\/uploads\/2021\/01\/circulo.png","width":723,"height":731,"caption":"Informe Litoral"},"image":{"@id":"https:\/\/informelitoral.com.ar\/#\/schema\/logo\/image\/"},"sameAs":["https:\/\/www.facebook.com\/informelitoral\/","https:\/\/x.com\/InformeLitoral","https:\/\/www.instagram.com\/informelitoral\/","https:\/\/www.youtube.com\/channel\/UCua4Qvz8Icb6MYqhoq9xLXw"]},{"@type":"Person","@id":"https:\/\/informelitoral.com.ar\/#\/schema\/person\/b9d00407c836482871ef1d57bf8e3180","name":"Gonzalo Schmidt","image":{"@type":"ImageObject","inLanguage":"es","@id":"https:\/\/secure.gravatar.com\/avatar\/31a1a7b66ff2de83bd0e9fd79d026630d2d99e55e8bfe501287647b4fd9743de?s=96&d=mm&r=g","url":"https:\/\/secure.gravatar.com\/avatar\/31a1a7b66ff2de83bd0e9fd79d026630d2d99e55e8bfe501287647b4fd9743de?s=96&d=mm&r=g","contentUrl":"https:\/\/secure.gravatar.com\/avatar\/31a1a7b66ff2de83bd0e9fd79d026630d2d99e55e8bfe501287647b4fd9743de?s=96&d=mm&r=g","caption":"Gonzalo Schmidt"},"description":"Sitio web de noticias de la provincia de Entre R\u00edos, Argentina. Informaci\u00f3n y entretenimiento. Informe Litoral, nos informamos.","sameAs":["http:\/\/www.isletasnoticias.com.ar"],"url":"https:\/\/informelitoral.com.ar\/author\/gonzalo\/"}]}},"_links":{"self":[{"href":"https:\/\/informelitoral.com.ar\/%77%70%2d%6a%73%6f%6e\/wp\/v2\/posts\/30567","targetHints":{"allow":["GET"]}}],"collection":[{"href":"https:\/\/informelitoral.com.ar\/%77%70%2d%6a%73%6f%6e\/wp\/v2\/posts"}],"about":[{"href":"https:\/\/informelitoral.com.ar\/%77%70%2d%6a%73%6f%6e\/wp\/v2\/types\/post"}],"author":[{"embeddable":true,"href":"https:\/\/informelitoral.com.ar\/%77%70%2d%6a%73%6f%6e\/wp\/v2\/users\/2"}],"replies":[{"embeddable":true,"href":"https:\/\/informelitoral.com.ar\/%77%70%2d%6a%73%6f%6e\/wp\/v2\/comments?post=30567"}],"version-history":[{"count":0,"href":"https:\/\/informelitoral.com.ar\/%77%70%2d%6a%73%6f%6e\/wp\/v2\/posts\/30567\/revisions"}],"wp:featuredmedia":[{"embeddable":true,"href":"https:\/\/informelitoral.com.ar\/%77%70%2d%6a%73%6f%6e\/wp\/v2\/media\/30568"}],"wp:attachment":[{"href":"https:\/\/informelitoral.com.ar\/%77%70%2d%6a%73%6f%6e\/wp\/v2\/media?parent=30567"}],"wp:term":[{"taxonomy":"category","embeddable":true,"href":"https:\/\/informelitoral.com.ar\/%77%70%2d%6a%73%6f%6e\/wp\/v2\/categories?post=30567"},{"taxonomy":"post_tag","embeddable":true,"href":"https:\/\/informelitoral.com.ar\/%77%70%2d%6a%73%6f%6e\/wp\/v2\/tags?post=30567"}],"curies":[{"name":"wp","href":"https:\/\/api.w.org\/{rel}","templated":true}]}}