{"id":30564,"date":"2018-11-13T07:52:09","date_gmt":"2018-11-13T10:52:09","guid":{"rendered":"https:\/\/www.isletasnoticias.com.ar\/?p=30564"},"modified":"2018-11-13T07:52:09","modified_gmt":"2018-11-13T10:52:09","slug":"por-los-limites-a-las-fumigaciones-productores-se-movilizarian-a-parana","status":"publish","type":"post","link":"https:\/\/informelitoral.com.ar\/por-los-limites-a-las-fumigaciones-productores-se-movilizarian-a-parana\/","title":{"rendered":"Por los l\u00edmites a las fumigaciones, productores se movilizar\u00edan a Paran\u00e1"},"content":{"rendered":"<p>Productores entrerrianos afectados por el fallo de la Justicia de Entre R\u00edos que prohibi\u00f3 las fumigaciones terrestres con fitosanitarios en un radio de 1.000 metros alrededor de las escuelas rurales y las aspersiones a\u00e9reas a menos de 3.000 mil metros de las mismas, se reunieron el viernes en un establecimiento rural del departamento Gualeguaych\u00fa.<\/p>\n<p>En el documento indicaron: \u00abNuestro sector agropecuario se encuentra hoy amenazado, ya no s\u00f3lo por todos las dificultades conocidas, como lo son el clima, los mercados, la falta de rentabilidad, los problemas de infraestructura, entre otros, sino que desde hace alg\u00fan tiempo por el accionar de algunos sectores docentes y ambientalistas, un grupo de dirigentes pol\u00edticos y tambi\u00e9n ahora por la justicia\u00bb.<\/p>\n<p>\u00abPor esto estamos hoy ac\u00e1, para expresarnos, para decir a todos los vientos que no somos c\u00f3mplices del deterioro del medio ambiente. Tampoco es verdad que privilegiamos el lucro, por sobre la salud y la vida. Intentan enfrentarnos con nuestros vecinos, con nuestros hermanos, sin fundamento alguno y con el s\u00f3lo objetivo de sacar miserables r\u00e9ditos personales y sectoriales\u00bb, agrega el texto.<\/p>\n<p>\u00abSin dudas, muchos de los que estamos afectados por el fallo de la justicia, tendremos graves problemas para poder sostener nuestras familias, nuestras estructuras productivas, desmoron\u00e1ndose as\u00ed una pir\u00e1mide de efectos positivos que conlleva esta actividad. Y en lo inmediato, a lo largo y ancho de la provincia nos encontramos con miles de productores que ya han sembrado y perder\u00e1n sus cosechas por no poder realizar aplicaciones, arrendatarios con contratos en marcha, otros que no podr\u00e1n hacer frente a los cr\u00e9ditos solicitados porque les han prohibido producir de la noche a la ma\u00f1ana, entre otras realidades\u00bb, a\u00f1aden.<\/p>\n<figure class=\"embed\"><img decoding=\"async\" class=\"aligncenter\" title=\"\" src=\"https:\/\/elonce-media.elonce.com\/fotos-nuevo\/2018\/11\/11\/o_1541935701.jpg\" alt=\"\" width=\"640\" \/><\/figure>\n<p>\u00abHoy debemos apelar a las autoridades provinciales para pedirles que act\u00faen con urgencia, que adopten las medidas necesarias para lograr un poco de razonabilidad en las decisiones que toman, y buscar el punto de equilibrio que nunca se debi\u00f3 perder entre la sustentabilidad social, econ\u00f3mica y ambiental\u00bb, reclama.<\/p>\n<p>\u00abEste fallo proscriptivo, mas all\u00e1 de no tener fundamento, en cierta medida deja un resquicio del que se aferran los jueces y es por la ausencia de una ley de fitosanitarios moderna como la que estuvo por ser sancionada por la legislatura provincial este a\u00f1o -en el Senado se aprob\u00f3, previo trabajo de una bicameral durante un a\u00f1o y medio- y que por mezquinas especulaciones pol\u00edticas, fue lisa y llanamente cajoneada en la C\u00e1mara de Diputados provincial. Privar a los entrerrianos de esa norma, fue un acto de absoluta irresponsabilidad y necesita ser reparado con urgencia\u00bb, consigna.<\/p>\n<p>\u00abResulta perentorio que el Estado asuma su papel con firmeza y determinaci\u00f3n, ya que esta decisi\u00f3n judicial significa que la prohibici\u00f3n de fumigaci\u00f3n equivale a una prohibici\u00f3n de producci\u00f3n. Estamos hablando de que este fallo discrecional y arbitrario, sin argumentos cient\u00edficos ni t\u00e9cnicos, deja sin la producir a miles de productores y a alrededor de 300 mil hect\u00e1reas\u00bb, precisa.<\/p>\n<p>\u00abNunca estuvimos en contra de los controles. Es un claro rol del Estado el ejercicio del poder de polic\u00eda, es por esto que tambi\u00e9n se debe avanzar en un esquema espec\u00edfico de controles y un programa provincial de buenas pr\u00e1cticas agr\u00edcolas. Tambi\u00e9n resulta necesario que el Estado entrerriano reglamente la ley a la que adhiri\u00f3 respecto de los Centro de Almacenamiento Transitorio (CAT), para un eficiente descarte de los bidones de fitosanitarios, entre otras acciones\u00bb, puntualiza.<\/p>\n<p>\u00abHay un elemento central en el que muy pocos reparan: somos parte del entorno rural, muchos vivimos en el mismo campo, o bien todos los d\u00edas trabajamos en el mismo. \u00bfC\u00f3mo no vamos a ser los primeros en cuidar nuestro lugar en el mundo, donde criamos a nuestros hijos? Y tengan por seguro que m\u00e1s all\u00e1 de las adversidades seguiremos haciendo lo que elegimos y sabemos hacer: trabajar, producir, generar empleo y riqueza. Eso no quita que levantemos la voz, que reclamemos por nuestros derechos. El campo merece y debe ser escuchado. Hay un pasado, un presente y seguramente un futuro, con los productores como protagonistas de la historia de esta provincia y de este pa\u00eds. Pero el hoy, necesita de una clara y f\u00e9rrea decisi\u00f3n pol\u00edtica. La reparaci\u00f3n de esta situaci\u00f3n no est\u00e1 en nuestras manos. Es la hora de la grandeza y la lucidez de nuestros gobernantes\u00bb, concluye.<\/p>\n<p>Participaron de la reuni\u00f3n convocada por la Mesa de Enlace Gualeguaych\u00fa -con el fuerte respaldo de su hom\u00f3nima a nivel provincial-, el presidente de la Sociedad Rural Gualeguaych\u00fa, Jos\u00e9 Colombatto; el titular de la Federaci\u00f3n Agraria Argentina de Entre R\u00edos, Mat\u00edas Martiarena; el presidente de FARER, Ra\u00fal Boc-Ho; de Sociedad Rural Argentina, distrito Entre R\u00edos, Walter Feldkamp; el vicepresidente de Federaci\u00f3n Agraria Argentina. Elvio Gu\u00eda; productores y dirigentes de distintos lugares de la provincia y vecinos en general.<\/p>\n<p><em><strong>LEER M\u00c1S:<\/strong><\/em><\/p>\n<blockquote class=\"wp-embedded-content\" data-secret=\"BJMQZhjjdX\"><p><a href=\"https:\/\/www.isletasnoticias.com.ar\/quedo-firme-la-prohibicion-de-fumigar-en-inmediaciones-de-escuelas-rurales\/\">Qued\u00f3 firme la prohibici\u00f3n de fumigar en inmediaciones de escuelas rurales<\/a><\/p><\/blockquote>\n<p><iframe loading=\"lazy\" class=\"wp-embedded-content\" sandbox=\"allow-scripts\" security=\"restricted\" style=\"position: absolute; clip: rect(1px, 1px, 1px, 1px);\" src=\"https:\/\/www.isletasnoticias.com.ar\/quedo-firme-la-prohibicion-de-fumigar-en-inmediaciones-de-escuelas-rurales\/embed\/#?secret=BJMQZhjjdX\" data-secret=\"BJMQZhjjdX\" width=\"600\" height=\"338\" title=\"&#8220;Qued\u00f3 firme la prohibici\u00f3n de fumigar en inmediaciones de escuelas rurales&#8221; &#8212; Isletas Noticias\" frameborder=\"0\" marginwidth=\"0\" marginheight=\"0\" scrolling=\"no\"><\/iframe><\/p>\n","protected":false},"excerpt":{"rendered":"<p>a Mesa de Enlace de Gualeguaych\u00fa expres\u00f3 que el malestar de los productores \u00abes muy fuerte\u00bb y advirtieron que si no hay decisiones \u00abclaras\u00bb por parte del gobierno antes del d\u00eda mi\u00e9rcoles \u00abse decidi\u00f3 realizar una movilizaci\u00f3n.<\/p>\n","protected":false},"author":2,"featured_media":30565,"comment_status":"open","ping_status":"open","sticky":false,"template":"","format":"standard","meta":{"fifu_image_url":"","fifu_image_alt":"","footnotes":""},"categories":[10],"tags":[81,236,120,818],"class_list":{"0":"post-30564","1":"post","2":"type-post","3":"status-publish","4":"format-standard","5":"has-post-thumbnail","7":"category-campo","8":"tag-entre-rios","9":"tag-fumigaciones","10":"tag-produccion","11":"tag-productores"},"yoast_head":"<title>Por los l\u00edmites a las fumigaciones, productores se movilizar\u00edan a Paran\u00e1 - Informe Litoral<\/title>\n<meta name=\"robots\" content=\"index, follow, max-snippet:-1, max-image-preview:large, max-video-preview:-1\" \/>\n<link rel=\"canonical\" href=\"https:\/\/informelitoral.com.ar\/por-los-limites-a-las-fumigaciones-productores-se-movilizarian-a-parana\/\" \/>\n<meta property=\"og:locale\" content=\"es_ES\" \/>\n<meta property=\"og:type\" content=\"article\" \/>\n<meta property=\"og:title\" content=\"Por los l\u00edmites a las fumigaciones, productores se movilizar\u00edan a Paran\u00e1 - Informe Litoral\" \/>\n<meta property=\"og:description\" content=\"a Mesa de Enlace de Gualeguaych\u00fa expres\u00f3 que el malestar de los productores &quot;es muy fuerte&quot; y advirtieron que si no hay decisiones &quot;claras&quot; por parte del gobierno antes del d\u00eda mi\u00e9rcoles &quot;se decidi\u00f3 realizar una movilizaci\u00f3n.\" \/>\n<meta property=\"og:url\" content=\"https:\/\/informelitoral.com.ar\/por-los-limites-a-las-fumigaciones-productores-se-movilizarian-a-parana\/\" \/>\n<meta property=\"og:site_name\" content=\"Informe Litoral\" \/>\n<meta property=\"article:publisher\" content=\"https:\/\/www.facebook.com\/informelitoral\/\" \/>\n<meta property=\"article:published_time\" content=\"2018-11-13T10:52:09+00:00\" \/>\n<meta property=\"og:image\" content=\"https:\/\/informelitoral.com.ar\/%77%70%2d%63%6f%6e%74%65%6e%74\/uploads\/2018\/11\/o_1541935654.jpg\" \/>\n\t<meta property=\"og:image:width\" content=\"800\" \/>\n\t<meta property=\"og:image:height\" content=\"450\" \/>\n\t<meta property=\"og:image:type\" content=\"image\/jpeg\" \/>\n<meta name=\"author\" content=\"Gonzalo Schmidt\" \/>\n<meta name=\"twitter:card\" content=\"summary_large_image\" \/>\n<meta name=\"twitter:creator\" content=\"@InformeLitoral\" \/>\n<meta name=\"twitter:site\" content=\"@InformeLitoral\" \/>\n<meta name=\"twitter:label1\" content=\"Escrito por\" \/>\n\t<meta name=\"twitter:data1\" content=\"Gonzalo Schmidt\" \/>\n\t<meta name=\"twitter:label2\" content=\"Tiempo de lectura\" \/>\n\t<meta name=\"twitter:data2\" content=\"4 minutos\" \/>\n<script type=\"application\/ld+json\" class=\"yoast-schema-graph\">{\"@context\":\"https:\\\/\\\/schema.org\",\"@graph\":[{\"@type\":\"Article\",\"@id\":\"https:\\\/\\\/informelitoral.com.ar\\\/por-los-limites-a-las-fumigaciones-productores-se-movilizarian-a-parana\\\/#article\",\"isPartOf\":{\"@id\":\"https:\\\/\\\/informelitoral.com.ar\\\/por-los-limites-a-las-fumigaciones-productores-se-movilizarian-a-parana\\\/\"},\"author\":{\"name\":\"Gonzalo Schmidt\",\"@id\":\"https:\\\/\\\/informelitoral.com.ar\\\/#\\\/schema\\\/person\\\/b9d00407c836482871ef1d57bf8e3180\"},\"headline\":\"Por los l\u00edmites a las fumigaciones, productores se movilizar\u00edan a Paran\u00e1\",\"datePublished\":\"2018-11-13T10:52:09+00:00\",\"mainEntityOfPage\":{\"@id\":\"https:\\\/\\\/informelitoral.com.ar\\\/por-los-limites-a-las-fumigaciones-productores-se-movilizarian-a-parana\\\/\"},\"wordCount\":859,\"commentCount\":0,\"publisher\":{\"@id\":\"https:\\\/\\\/informelitoral.com.ar\\\/#organization\"},\"image\":{\"@id\":\"https:\\\/\\\/informelitoral.com.ar\\\/por-los-limites-a-las-fumigaciones-productores-se-movilizarian-a-parana\\\/#primaryimage\"},\"thumbnailUrl\":\"https:\\\/\\\/informelitoral.com.ar\\\/%77%70%2d%63%6f%6e%74%65%6e%74\\\/uploads\\\/2018\\\/11\\\/o_1541935654.jpg\",\"keywords\":[\"Entre R\u00edos\",\"Fumigaciones\",\"Producci\u00f3n\",\"Productores\"],\"articleSection\":[\"Campo\"],\"inLanguage\":\"es\",\"potentialAction\":[{\"@type\":\"CommentAction\",\"name\":\"Comment\",\"target\":[\"https:\\\/\\\/informelitoral.com.ar\\\/por-los-limites-a-las-fumigaciones-productores-se-movilizarian-a-parana\\\/#respond\"]}]},{\"@type\":\"WebPage\",\"@id\":\"https:\\\/\\\/informelitoral.com.ar\\\/por-los-limites-a-las-fumigaciones-productores-se-movilizarian-a-parana\\\/\",\"url\":\"https:\\\/\\\/informelitoral.com.ar\\\/por-los-limites-a-las-fumigaciones-productores-se-movilizarian-a-parana\\\/\",\"name\":\"Por los l\u00edmites a las fumigaciones, productores se movilizar\u00edan a Paran\u00e1 - Informe Litoral\",\"isPartOf\":{\"@id\":\"https:\\\/\\\/informelitoral.com.ar\\\/#website\"},\"primaryImageOfPage\":{\"@id\":\"https:\\\/\\\/informelitoral.com.ar\\\/por-los-limites-a-las-fumigaciones-productores-se-movilizarian-a-parana\\\/#primaryimage\"},\"image\":{\"@id\":\"https:\\\/\\\/informelitoral.com.ar\\\/por-los-limites-a-las-fumigaciones-productores-se-movilizarian-a-parana\\\/#primaryimage\"},\"thumbnailUrl\":\"https:\\\/\\\/informelitoral.com.ar\\\/%77%70%2d%63%6f%6e%74%65%6e%74\\\/uploads\\\/2018\\\/11\\\/o_1541935654.jpg\",\"datePublished\":\"2018-11-13T10:52:09+00:00\",\"breadcrumb\":{\"@id\":\"https:\\\/\\\/informelitoral.com.ar\\\/por-los-limites-a-las-fumigaciones-productores-se-movilizarian-a-parana\\\/#breadcrumb\"},\"inLanguage\":\"es\",\"potentialAction\":[{\"@type\":\"ReadAction\",\"target\":[\"https:\\\/\\\/informelitoral.com.ar\\\/por-los-limites-a-las-fumigaciones-productores-se-movilizarian-a-parana\\\/\"]}]},{\"@type\":\"ImageObject\",\"inLanguage\":\"es\",\"@id\":\"https:\\\/\\\/informelitoral.com.ar\\\/por-los-limites-a-las-fumigaciones-productores-se-movilizarian-a-parana\\\/#primaryimage\",\"url\":\"https:\\\/\\\/informelitoral.com.ar\\\/%77%70%2d%63%6f%6e%74%65%6e%74\\\/uploads\\\/2018\\\/11\\\/o_1541935654.jpg\",\"contentUrl\":\"https:\\\/\\\/informelitoral.com.ar\\\/%77%70%2d%63%6f%6e%74%65%6e%74\\\/uploads\\\/2018\\\/11\\\/o_1541935654.jpg\",\"width\":800,\"height\":450},{\"@type\":\"BreadcrumbList\",\"@id\":\"https:\\\/\\\/informelitoral.com.ar\\\/por-los-limites-a-las-fumigaciones-productores-se-movilizarian-a-parana\\\/#breadcrumb\",\"itemListElement\":[{\"@type\":\"ListItem\",\"position\":1,\"name\":\"Portada\",\"item\":\"https:\\\/\\\/informelitoral.com.ar\\\/\"},{\"@type\":\"ListItem\",\"position\":2,\"name\":\"Por los l\u00edmites a las fumigaciones, productores se movilizar\u00edan a Paran\u00e1\"}]},{\"@type\":\"WebSite\",\"@id\":\"https:\\\/\\\/informelitoral.com.ar\\\/#website\",\"url\":\"https:\\\/\\\/informelitoral.com.ar\\\/\",\"name\":\"Informe Litoral\",\"description\":\"&quot;Nos informamos&quot; \",\"publisher\":{\"@id\":\"https:\\\/\\\/informelitoral.com.ar\\\/#organization\"},\"potentialAction\":[{\"@type\":\"SearchAction\",\"target\":{\"@type\":\"EntryPoint\",\"urlTemplate\":\"https:\\\/\\\/informelitoral.com.ar\\\/?s={search_term_string}\"},\"query-input\":{\"@type\":\"PropertyValueSpecification\",\"valueRequired\":true,\"valueName\":\"search_term_string\"}}],\"inLanguage\":\"es\"},{\"@type\":\"Organization\",\"@id\":\"https:\\\/\\\/informelitoral.com.ar\\\/#organization\",\"name\":\"Informe Litoral\",\"url\":\"https:\\\/\\\/informelitoral.com.ar\\\/\",\"logo\":{\"@type\":\"ImageObject\",\"inLanguage\":\"es\",\"@id\":\"https:\\\/\\\/informelitoral.com.ar\\\/#\\\/schema\\\/logo\\\/image\\\/\",\"url\":\"https:\\\/\\\/informelitoral.com.ar\\\/%77%70%2d%63%6f%6e%74%65%6e%74\\\/uploads\\\/2021\\\/01\\\/circulo.png\",\"contentUrl\":\"https:\\\/\\\/informelitoral.com.ar\\\/%77%70%2d%63%6f%6e%74%65%6e%74\\\/uploads\\\/2021\\\/01\\\/circulo.png\",\"width\":723,\"height\":731,\"caption\":\"Informe Litoral\"},\"image\":{\"@id\":\"https:\\\/\\\/informelitoral.com.ar\\\/#\\\/schema\\\/logo\\\/image\\\/\"},\"sameAs\":[\"https:\\\/\\\/www.facebook.com\\\/informelitoral\\\/\",\"https:\\\/\\\/x.com\\\/InformeLitoral\",\"https:\\\/\\\/www.instagram.com\\\/informelitoral\\\/\",\"https:\\\/\\\/www.youtube.com\\\/channel\\\/UCua4Qvz8Icb6MYqhoq9xLXw\"]},{\"@type\":\"Person\",\"@id\":\"https:\\\/\\\/informelitoral.com.ar\\\/#\\\/schema\\\/person\\\/b9d00407c836482871ef1d57bf8e3180\",\"name\":\"Gonzalo Schmidt\",\"image\":{\"@type\":\"ImageObject\",\"inLanguage\":\"es\",\"@id\":\"https:\\\/\\\/secure.gravatar.com\\\/avatar\\\/31a1a7b66ff2de83bd0e9fd79d026630d2d99e55e8bfe501287647b4fd9743de?s=96&d=mm&r=g\",\"url\":\"https:\\\/\\\/secure.gravatar.com\\\/avatar\\\/31a1a7b66ff2de83bd0e9fd79d026630d2d99e55e8bfe501287647b4fd9743de?s=96&d=mm&r=g\",\"contentUrl\":\"https:\\\/\\\/secure.gravatar.com\\\/avatar\\\/31a1a7b66ff2de83bd0e9fd79d026630d2d99e55e8bfe501287647b4fd9743de?s=96&d=mm&r=g\",\"caption\":\"Gonzalo Schmidt\"},\"description\":\"Sitio web de noticias de la provincia de Entre R\u00edos, Argentina. Informaci\u00f3n y entretenimiento. Informe Litoral, nos informamos.\",\"sameAs\":[\"http:\\\/\\\/www.isletasnoticias.com.ar\"],\"url\":\"https:\\\/\\\/informelitoral.com.ar\\\/author\\\/gonzalo\\\/\"}]}<\/script>","yoast_head_json":{"title":"Por los l\u00edmites a las fumigaciones, productores se movilizar\u00edan a Paran\u00e1 - Informe Litoral","robots":{"index":"index","follow":"follow","max-snippet":"max-snippet:-1","max-image-preview":"max-image-preview:large","max-video-preview":"max-video-preview:-1"},"canonical":"https:\/\/informelitoral.com.ar\/por-los-limites-a-las-fumigaciones-productores-se-movilizarian-a-parana\/","og_locale":"es_ES","og_type":"article","og_title":"Por los l\u00edmites a las fumigaciones, productores se movilizar\u00edan a Paran\u00e1 - Informe Litoral","og_description":"a Mesa de Enlace de Gualeguaych\u00fa expres\u00f3 que el malestar de los productores \"es muy fuerte\" y advirtieron que si no hay decisiones \"claras\" por parte del gobierno antes del d\u00eda mi\u00e9rcoles \"se decidi\u00f3 realizar una movilizaci\u00f3n.","og_url":"https:\/\/informelitoral.com.ar\/por-los-limites-a-las-fumigaciones-productores-se-movilizarian-a-parana\/","og_site_name":"Informe Litoral","article_publisher":"https:\/\/www.facebook.com\/informelitoral\/","article_published_time":"2018-11-13T10:52:09+00:00","og_image":[{"width":800,"height":450,"url":"https:\/\/informelitoral.com.ar\/%77%70%2d%63%6f%6e%74%65%6e%74\/uploads\/2018\/11\/o_1541935654.jpg","type":"image\/jpeg"}],"author":"Gonzalo Schmidt","twitter_card":"summary_large_image","twitter_creator":"@InformeLitoral","twitter_site":"@InformeLitoral","twitter_misc":{"Escrito por":"Gonzalo Schmidt","Tiempo de lectura":"4 minutos"},"schema":{"@context":"https:\/\/schema.org","@graph":[{"@type":"Article","@id":"https:\/\/informelitoral.com.ar\/por-los-limites-a-las-fumigaciones-productores-se-movilizarian-a-parana\/#article","isPartOf":{"@id":"https:\/\/informelitoral.com.ar\/por-los-limites-a-las-fumigaciones-productores-se-movilizarian-a-parana\/"},"author":{"name":"Gonzalo Schmidt","@id":"https:\/\/informelitoral.com.ar\/#\/schema\/person\/b9d00407c836482871ef1d57bf8e3180"},"headline":"Por los l\u00edmites a las fumigaciones, productores se movilizar\u00edan a Paran\u00e1","datePublished":"2018-11-13T10:52:09+00:00","mainEntityOfPage":{"@id":"https:\/\/informelitoral.com.ar\/por-los-limites-a-las-fumigaciones-productores-se-movilizarian-a-parana\/"},"wordCount":859,"commentCount":0,"publisher":{"@id":"https:\/\/informelitoral.com.ar\/#organization"},"image":{"@id":"https:\/\/informelitoral.com.ar\/por-los-limites-a-las-fumigaciones-productores-se-movilizarian-a-parana\/#primaryimage"},"thumbnailUrl":"https:\/\/informelitoral.com.ar\/%77%70%2d%63%6f%6e%74%65%6e%74\/uploads\/2018\/11\/o_1541935654.jpg","keywords":["Entre R\u00edos","Fumigaciones","Producci\u00f3n","Productores"],"articleSection":["Campo"],"inLanguage":"es","potentialAction":[{"@type":"CommentAction","name":"Comment","target":["https:\/\/informelitoral.com.ar\/por-los-limites-a-las-fumigaciones-productores-se-movilizarian-a-parana\/#respond"]}]},{"@type":"WebPage","@id":"https:\/\/informelitoral.com.ar\/por-los-limites-a-las-fumigaciones-productores-se-movilizarian-a-parana\/","url":"https:\/\/informelitoral.com.ar\/por-los-limites-a-las-fumigaciones-productores-se-movilizarian-a-parana\/","name":"Por los l\u00edmites a las fumigaciones, productores se movilizar\u00edan a Paran\u00e1 - Informe Litoral","isPartOf":{"@id":"https:\/\/informelitoral.com.ar\/#website"},"primaryImageOfPage":{"@id":"https:\/\/informelitoral.com.ar\/por-los-limites-a-las-fumigaciones-productores-se-movilizarian-a-parana\/#primaryimage"},"image":{"@id":"https:\/\/informelitoral.com.ar\/por-los-limites-a-las-fumigaciones-productores-se-movilizarian-a-parana\/#primaryimage"},"thumbnailUrl":"https:\/\/informelitoral.com.ar\/%77%70%2d%63%6f%6e%74%65%6e%74\/uploads\/2018\/11\/o_1541935654.jpg","datePublished":"2018-11-13T10:52:09+00:00","breadcrumb":{"@id":"https:\/\/informelitoral.com.ar\/por-los-limites-a-las-fumigaciones-productores-se-movilizarian-a-parana\/#breadcrumb"},"inLanguage":"es","potentialAction":[{"@type":"ReadAction","target":["https:\/\/informelitoral.com.ar\/por-los-limites-a-las-fumigaciones-productores-se-movilizarian-a-parana\/"]}]},{"@type":"ImageObject","inLanguage":"es","@id":"https:\/\/informelitoral.com.ar\/por-los-limites-a-las-fumigaciones-productores-se-movilizarian-a-parana\/#primaryimage","url":"https:\/\/informelitoral.com.ar\/%77%70%2d%63%6f%6e%74%65%6e%74\/uploads\/2018\/11\/o_1541935654.jpg","contentUrl":"https:\/\/informelitoral.com.ar\/%77%70%2d%63%6f%6e%74%65%6e%74\/uploads\/2018\/11\/o_1541935654.jpg","width":800,"height":450},{"@type":"BreadcrumbList","@id":"https:\/\/informelitoral.com.ar\/por-los-limites-a-las-fumigaciones-productores-se-movilizarian-a-parana\/#breadcrumb","itemListElement":[{"@type":"ListItem","position":1,"name":"Portada","item":"https:\/\/informelitoral.com.ar\/"},{"@type":"ListItem","position":2,"name":"Por los l\u00edmites a las fumigaciones, productores se movilizar\u00edan a Paran\u00e1"}]},{"@type":"WebSite","@id":"https:\/\/informelitoral.com.ar\/#website","url":"https:\/\/informelitoral.com.ar\/","name":"Informe Litoral","description":"&quot;Nos informamos&quot; ","publisher":{"@id":"https:\/\/informelitoral.com.ar\/#organization"},"potentialAction":[{"@type":"SearchAction","target":{"@type":"EntryPoint","urlTemplate":"https:\/\/informelitoral.com.ar\/?s={search_term_string}"},"query-input":{"@type":"PropertyValueSpecification","valueRequired":true,"valueName":"search_term_string"}}],"inLanguage":"es"},{"@type":"Organization","@id":"https:\/\/informelitoral.com.ar\/#organization","name":"Informe Litoral","url":"https:\/\/informelitoral.com.ar\/","logo":{"@type":"ImageObject","inLanguage":"es","@id":"https:\/\/informelitoral.com.ar\/#\/schema\/logo\/image\/","url":"https:\/\/informelitoral.com.ar\/%77%70%2d%63%6f%6e%74%65%6e%74\/uploads\/2021\/01\/circulo.png","contentUrl":"https:\/\/informelitoral.com.ar\/%77%70%2d%63%6f%6e%74%65%6e%74\/uploads\/2021\/01\/circulo.png","width":723,"height":731,"caption":"Informe Litoral"},"image":{"@id":"https:\/\/informelitoral.com.ar\/#\/schema\/logo\/image\/"},"sameAs":["https:\/\/www.facebook.com\/informelitoral\/","https:\/\/x.com\/InformeLitoral","https:\/\/www.instagram.com\/informelitoral\/","https:\/\/www.youtube.com\/channel\/UCua4Qvz8Icb6MYqhoq9xLXw"]},{"@type":"Person","@id":"https:\/\/informelitoral.com.ar\/#\/schema\/person\/b9d00407c836482871ef1d57bf8e3180","name":"Gonzalo Schmidt","image":{"@type":"ImageObject","inLanguage":"es","@id":"https:\/\/secure.gravatar.com\/avatar\/31a1a7b66ff2de83bd0e9fd79d026630d2d99e55e8bfe501287647b4fd9743de?s=96&d=mm&r=g","url":"https:\/\/secure.gravatar.com\/avatar\/31a1a7b66ff2de83bd0e9fd79d026630d2d99e55e8bfe501287647b4fd9743de?s=96&d=mm&r=g","contentUrl":"https:\/\/secure.gravatar.com\/avatar\/31a1a7b66ff2de83bd0e9fd79d026630d2d99e55e8bfe501287647b4fd9743de?s=96&d=mm&r=g","caption":"Gonzalo Schmidt"},"description":"Sitio web de noticias de la provincia de Entre R\u00edos, Argentina. Informaci\u00f3n y entretenimiento. Informe Litoral, nos informamos.","sameAs":["http:\/\/www.isletasnoticias.com.ar"],"url":"https:\/\/informelitoral.com.ar\/author\/gonzalo\/"}]}},"_links":{"self":[{"href":"https:\/\/informelitoral.com.ar\/%77%70%2d%6a%73%6f%6e\/wp\/v2\/posts\/30564","targetHints":{"allow":["GET"]}}],"collection":[{"href":"https:\/\/informelitoral.com.ar\/%77%70%2d%6a%73%6f%6e\/wp\/v2\/posts"}],"about":[{"href":"https:\/\/informelitoral.com.ar\/%77%70%2d%6a%73%6f%6e\/wp\/v2\/types\/post"}],"author":[{"embeddable":true,"href":"https:\/\/informelitoral.com.ar\/%77%70%2d%6a%73%6f%6e\/wp\/v2\/users\/2"}],"replies":[{"embeddable":true,"href":"https:\/\/informelitoral.com.ar\/%77%70%2d%6a%73%6f%6e\/wp\/v2\/comments?post=30564"}],"version-history":[{"count":0,"href":"https:\/\/informelitoral.com.ar\/%77%70%2d%6a%73%6f%6e\/wp\/v2\/posts\/30564\/revisions"}],"wp:featuredmedia":[{"embeddable":true,"href":"https:\/\/informelitoral.com.ar\/%77%70%2d%6a%73%6f%6e\/wp\/v2\/media\/30565"}],"wp:attachment":[{"href":"https:\/\/informelitoral.com.ar\/%77%70%2d%6a%73%6f%6e\/wp\/v2\/media?parent=30564"}],"wp:term":[{"taxonomy":"category","embeddable":true,"href":"https:\/\/informelitoral.com.ar\/%77%70%2d%6a%73%6f%6e\/wp\/v2\/categories?post=30564"},{"taxonomy":"post_tag","embeddable":true,"href":"https:\/\/informelitoral.com.ar\/%77%70%2d%6a%73%6f%6e\/wp\/v2\/tags?post=30564"}],"curies":[{"name":"wp","href":"https:\/\/api.w.org\/{rel}","templated":true}]}}