{"id":3056,"date":"2013-09-03T21:18:50","date_gmt":"2013-09-04T00:18:50","guid":{"rendered":"http:\/\/www.isletasnoticias.com.ar\/?p=3056"},"modified":"2013-09-03T21:25:23","modified_gmt":"2013-09-04T00:25:23","slug":"motoencuentro-internacional-diamante-en-unas-horas-la-meca-comienza-a-vibrar","status":"publish","type":"post","link":"https:\/\/informelitoral.com.ar\/motoencuentro-internacional-diamante-en-unas-horas-la-meca-comienza-a-vibrar\/","title":{"rendered":"Motoencuentro Internacional Diamante: faltan horas para que &#8216;La Meca&#8217; comience a vibrar"},"content":{"rendered":"<p><strong>La XVIII Edici\u00f3n del Motoencuentro Internacional de Diamante tendr\u00e1 como figura destacada femenina, a la modelo y conductora <em>Alejandra Maglietti<\/em>. Es el evento de este tipo m\u00e1s grande de Sudam\u00e9rica y se extender\u00e1 del 4 al 8 de septiembre. La tradicional caravana ser\u00e1 el s\u00e1bado 7, a las 17:00.<\/strong><\/p>\n<p style=\"text-align: center;\"><img loading=\"lazy\" decoding=\"async\" class=\"size-medium wp-image-3057 aligncenter\" title=\"La tradicional caravana ser\u00e1 el s\u00e1bado a las 17:00.\" alt=\"motoencuentro 1\" src=\"http:\/\/www.isletasnoticias.com.ar\/%77%70%2d%63%6f%6e%74%65%6e%74\/uploads\/2013\/09\/motoencuentro-1-300x174.jpg\" width=\"300\" height=\"174\" srcset=\"https:\/\/informelitoral.com.ar\/%77%70%2d%63%6f%6e%74%65%6e%74\/uploads\/2013\/09\/motoencuentro-1-300x174.jpg 300w, https:\/\/informelitoral.com.ar\/%77%70%2d%63%6f%6e%74%65%6e%74\/uploads\/2013\/09\/motoencuentro-1.jpg 599w\" sizes=\"auto, (max-width: 300px) 100vw, 300px\" \/><\/p>\n<p style=\"text-align: left;\">La ciudad blanca se prepara para recibir miles de\u00a0motoviajeros de todos los rincones del pa\u00eds y del extranjero. Este mi\u00e9rcoles comienza la decimoctava edici\u00f3n del Motoencuentro Internacional.<\/p>\n<p><a href=\"http:\/\/www.isletasnoticias.com.ar\/%77%70%2d%63%6f%6e%74%65%6e%74\/uploads\/2013\/09\/moto2.jpg\"><img loading=\"lazy\" decoding=\"async\" class=\"size-medium wp-image-3058 alignleft\" title=\"Foto: Uno por Semana.\" alt=\"moto2\" src=\"http:\/\/www.isletasnoticias.com.ar\/%77%70%2d%63%6f%6e%74%65%6e%74\/uploads\/2013\/09\/moto2-300x225.jpg\" width=\"300\" height=\"225\" srcset=\"https:\/\/informelitoral.com.ar\/%77%70%2d%63%6f%6e%74%65%6e%74\/uploads\/2013\/09\/moto2-300x225.jpg 300w, https:\/\/informelitoral.com.ar\/%77%70%2d%63%6f%6e%74%65%6e%74\/uploads\/2013\/09\/moto2.jpg 960w\" sizes=\"auto, (max-width: 300px) 100vw, 300px\" \/><\/a><\/p>\n<p style=\"text-align: left;\">En ese marco, a las 15.00, en Plaza San Mart\u00edn, se ubicar\u00e1 nuevamente en su lugar de origen el monumento que recuerda a los inmigrantes alemanes aprovechando el D\u00eda del Inmigrante. Adem\u00e1s de comidas t\u00edpicas y asado con cuero que har\u00e1 en el mismo lugar la Diamcatur, habr\u00e1 bailes y m\u00fasica, con el cierre a cargo de la Banda Estrella.<\/p>\n<p style=\"text-align: left;\"><strong>Visitas<\/strong><\/p>\n<p style=\"text-align: left;\">El s\u00e1bado, d\u00eda central del Motoencuentro, una figura de renombre visitar\u00e1 el Complejo Tur\u00edstico Valle de la Ensenada.<\/p>\n<p><img loading=\"lazy\" decoding=\"async\" class=\"size-medium wp-image-3060 alignright\" title=\"Alejandra Maglietti estar\u00e1 el s\u00e1bado en Diamante.\" alt=\"motoenciuetro\" src=\"http:\/\/www.isletasnoticias.com.ar\/%77%70%2d%63%6f%6e%74%65%6e%74\/uploads\/2013\/09\/motoenciuetro-300x168.jpg\" width=\"300\" height=\"168\" srcset=\"https:\/\/informelitoral.com.ar\/%77%70%2d%63%6f%6e%74%65%6e%74\/uploads\/2013\/09\/motoenciuetro-300x168.jpg 300w, https:\/\/informelitoral.com.ar\/%77%70%2d%63%6f%6e%74%65%6e%74\/uploads\/2013\/09\/motoenciuetro.jpg 640w\" sizes=\"auto, (max-width: 300px) 100vw, 300px\" \/><\/p>\n<p style=\"text-align: left;\">Se trata de la modelo y conductora <strong>Alejandra Maglietti<\/strong>, como figura femenina destacada, quien acaparar\u00e1 la atenci\u00f3n del p\u00fablico masculino. La conductora de <em>Kubik<\/em>\u00a0-Am\u00e9rica TV- y panelista de <em>Bendita TV<\/em>\u00a0-Canal 9-, recorrer\u00e1 el predio saludando a los moteros, participar\u00e1 de una producci\u00f3n especial con los medios de comunicaci\u00f3n acreditados, encabezar\u00e1 la caravana m\u00e1s grande de Sudam\u00e9rica por las calles de la ciudad y se subir\u00e1 al escenario durante las premiaciones.<\/p>\n<p><strong>Actividades<\/strong><br \/>\nLas atracciones diurnas que ofrecer\u00e1 la edici\u00f3n de este a\u00f1o el Motoencuentro estar\u00e1n centradas en la visita de<strong> Ramiro Gamuza Benaglia<\/strong>. Cultor de disciplinas como Street-Fighter o Free-Style, que consiste en realizar distintos tipo de acrobacias en moto, subir\u00e1 a su Honda CBR 600 cc y su Kawasaki Vulcan 500 cc para realizar exhibiciones. Ser\u00e1 el jueves a las 16.00. Previamente, a las 14.00, habr\u00e1 juegos de destreza.<\/p>\n<p>Sumando nuevos atractivos, volver\u00e1n a estar por segundo a\u00f1o consecutivo los<strong> hermanos Navarro<\/strong> para hacer su show de acrobacias a\u00e9reas. Este a\u00f1o, presentar\u00e1n a un amigo que har\u00e1 quemar cauchos con su moto pistera. Esta actividad, prevista para el viernes a las 16.00 se realizar\u00e1 en la playa de estacionamiento de camiones de Strobel. Previamente, a las 14.00 en el Complejo Tur\u00edstico habr\u00e1 tambi\u00e9n los tradicionales juegos de destreza.<\/p>\n<p>La otra atracci\u00f3n ser\u00e1 el rosarino <strong>Daniel Echeverr\u00eda<\/strong>, que asistir\u00e1 con su moto medieval Excalibur, con la que recorri\u00f3 el mundo y particip\u00f3 de programas especiales de televisi\u00f3n como <em>American Chopper<\/em>, que emite Discovery Channel. La exhibici\u00f3n ser\u00e1 el s\u00e1bado a las 20.00. Ese d\u00eda a las 10.00 ser\u00e1 la Caravana Solidaria al Hospital Colonia, y la excursi\u00f3n al <a href=\"http:\/\/www.isletasnoticias.com.ar\/%77%70%2d%63%6f%6e%74%65%6e%74\/uploads\/2013\/09\/moto3.jpg\"><img loading=\"lazy\" decoding=\"async\" class=\"size-medium wp-image-3059 alignleft\" title=\"Foto: Uno por Semana.\" alt=\"\" src=\"http:\/\/www.isletasnoticias.com.ar\/%77%70%2d%63%6f%6e%74%65%6e%74\/uploads\/2013\/09\/moto3-300x225.jpg\" width=\"300\" height=\"225\" srcset=\"https:\/\/informelitoral.com.ar\/%77%70%2d%63%6f%6e%74%65%6e%74\/uploads\/2013\/09\/moto3-300x225.jpg 300w, https:\/\/informelitoral.com.ar\/%77%70%2d%63%6f%6e%74%65%6e%74\/uploads\/2013\/09\/moto3.jpg 960w\" sizes=\"auto, (max-width: 300px) 100vw, 300px\" \/><\/a>Parque Nacional Pre Delta y un recorrido por el\u00a0Paseo de la Ribera y el Cristo Pescador.<\/p>\n<p style=\"text-align: left;\">La tradicional caravana del s\u00e1bado ser\u00e1 a las 17.00, y a las 19.00 ser\u00e1 la entrega de premios y menciones.<br \/>\n<strong><br \/>\nM\u00e1s oferta<\/strong><br \/>\nEste a\u00f1o, el Motoencuentro Internacional montar\u00e1 nuevamente un taller de motos. \u201cSe trata de un servicio requerido por los visitantes\u201d, reconoci\u00f3 el subsecretario de Turismo,<strong> Alejandro Richardet.<\/strong><\/p>\n<p style=\"text-align: left;\">El funcionario tambi\u00e9n adelant\u00f3 que habr\u00e1 un espacio de lavadero de motos, lo que sumar\u00e1 servicios para que los motoviajeros se sientan a gusto en el predio donde se desarrolla el evento.<\/p>\n","protected":false},"excerpt":{"rendered":"<p>La XVIII Edici&oacute;n del Motoencuentro Internacional de Diamante tendr&aacute; como figura destacada femenina, a la modelo y conductora Alejandra Maglietti. Es el evento de este tipo m&aacute;s grande de Sudam&eacute;rica y se extender&aacute; del 4 al 8 de septiembre. La tradicional caravana ser&aacute; el s&aacute;bado 7, a las 17:00. La ciudad blanca se prepara para [&hellip;]<\/p>\n","protected":false},"author":2,"featured_media":0,"comment_status":"open","ping_status":"open","sticky":false,"template":"","format":"standard","meta":{"fifu_image_url":"","fifu_image_alt":"","footnotes":""},"categories":[5,6],"tags":[],"class_list":{"0":"post-3056","1":"post","2":"type-post","3":"status-publish","4":"format-standard","6":"category-zonales","7":"category-entre-rios"},"yoast_head":"<title>Motoencuentro Internacional Diamante: faltan horas para que &#039;La Meca&#039; comience a vibrar  - Informe Litoral<\/title>\n<meta name=\"robots\" content=\"index, follow, max-snippet:-1, max-image-preview:large, max-video-preview:-1\" \/>\n<link rel=\"canonical\" href=\"https:\/\/informelitoral.com.ar\/motoencuentro-internacional-diamante-en-unas-horas-la-meca-comienza-a-vibrar\/\" \/>\n<meta property=\"og:locale\" content=\"es_ES\" \/>\n<meta property=\"og:type\" content=\"article\" \/>\n<meta property=\"og:title\" content=\"Motoencuentro Internacional Diamante: faltan horas para que &#039;La Meca&#039; comience a vibrar  - Informe Litoral\" \/>\n<meta property=\"og:description\" content=\"La XVIII Edici&oacute;n del Motoencuentro Internacional de Diamante tendr&aacute; como figura destacada femenina, a la modelo y conductora Alejandra Maglietti. Es el evento de este tipo m&aacute;s grande de Sudam&eacute;rica y se extender&aacute; del 4 al 8 de septiembre. La tradicional caravana ser&aacute; el s&aacute;bado 7, a las 17:00. La ciudad blanca se prepara para [&hellip;]\" \/>\n<meta property=\"og:url\" content=\"https:\/\/informelitoral.com.ar\/motoencuentro-internacional-diamante-en-unas-horas-la-meca-comienza-a-vibrar\/\" \/>\n<meta property=\"og:site_name\" content=\"Informe Litoral\" \/>\n<meta property=\"article:publisher\" content=\"https:\/\/www.facebook.com\/informelitoral\/\" \/>\n<meta property=\"article:published_time\" content=\"2013-09-04T00:18:50+00:00\" \/>\n<meta property=\"article:modified_time\" content=\"2013-09-04T00:25:23+00:00\" \/>\n<meta property=\"og:image\" content=\"https:\/\/informelitoral.com.ar\/%77%70%2d%63%6f%6e%74%65%6e%74\/uploads\/2013\/09\/motoencuentro-1.jpg\" \/>\n\t<meta property=\"og:image:width\" content=\"599\" \/>\n\t<meta property=\"og:image:height\" content=\"349\" \/>\n\t<meta property=\"og:image:type\" content=\"image\/jpeg\" \/>\n<meta name=\"author\" content=\"Gonzalo Schmidt\" \/>\n<meta name=\"twitter:card\" content=\"summary_large_image\" \/>\n<meta name=\"twitter:creator\" content=\"@InformeLitoral\" \/>\n<meta name=\"twitter:site\" content=\"@InformeLitoral\" \/>\n<meta name=\"twitter:label1\" content=\"Escrito por\" \/>\n\t<meta name=\"twitter:data1\" content=\"Gonzalo Schmidt\" \/>\n\t<meta name=\"twitter:label2\" content=\"Tiempo de lectura\" \/>\n\t<meta name=\"twitter:data2\" content=\"3 minutos\" \/>\n<script type=\"application\/ld+json\" class=\"yoast-schema-graph\">{\"@context\":\"https:\\\/\\\/schema.org\",\"@graph\":[{\"@type\":\"Article\",\"@id\":\"https:\\\/\\\/informelitoral.com.ar\\\/motoencuentro-internacional-diamante-en-unas-horas-la-meca-comienza-a-vibrar\\\/#article\",\"isPartOf\":{\"@id\":\"https:\\\/\\\/informelitoral.com.ar\\\/motoencuentro-internacional-diamante-en-unas-horas-la-meca-comienza-a-vibrar\\\/\"},\"author\":{\"name\":\"Gonzalo Schmidt\",\"@id\":\"https:\\\/\\\/informelitoral.com.ar\\\/#\\\/schema\\\/person\\\/b9d00407c836482871ef1d57bf8e3180\"},\"headline\":\"Motoencuentro Internacional Diamante: faltan horas para que &#8216;La Meca&#8217; comience a vibrar\",\"datePublished\":\"2013-09-04T00:18:50+00:00\",\"dateModified\":\"2013-09-04T00:25:23+00:00\",\"mainEntityOfPage\":{\"@id\":\"https:\\\/\\\/informelitoral.com.ar\\\/motoencuentro-internacional-diamante-en-unas-horas-la-meca-comienza-a-vibrar\\\/\"},\"wordCount\":563,\"commentCount\":0,\"publisher\":{\"@id\":\"https:\\\/\\\/informelitoral.com.ar\\\/#organization\"},\"image\":{\"@id\":\"https:\\\/\\\/informelitoral.com.ar\\\/motoencuentro-internacional-diamante-en-unas-horas-la-meca-comienza-a-vibrar\\\/#primaryimage\"},\"thumbnailUrl\":\"http:\\\/\\\/www.isletasnoticias.com.ar\\\/%77%70%2d%63%6f%6e%74%65%6e%74\\\/uploads\\\/2013\\\/09\\\/motoencuentro-1-300x174.jpg\",\"articleSection\":[\"Departamento Diamante\",\"Entre R\u00edos\"],\"inLanguage\":\"es\",\"potentialAction\":[{\"@type\":\"CommentAction\",\"name\":\"Comment\",\"target\":[\"https:\\\/\\\/informelitoral.com.ar\\\/motoencuentro-internacional-diamante-en-unas-horas-la-meca-comienza-a-vibrar\\\/#respond\"]}]},{\"@type\":\"WebPage\",\"@id\":\"https:\\\/\\\/informelitoral.com.ar\\\/motoencuentro-internacional-diamante-en-unas-horas-la-meca-comienza-a-vibrar\\\/\",\"url\":\"https:\\\/\\\/informelitoral.com.ar\\\/motoencuentro-internacional-diamante-en-unas-horas-la-meca-comienza-a-vibrar\\\/\",\"name\":\"Motoencuentro Internacional Diamante: faltan horas para que 'La Meca' comience a vibrar - Informe Litoral\",\"isPartOf\":{\"@id\":\"https:\\\/\\\/informelitoral.com.ar\\\/#website\"},\"primaryImageOfPage\":{\"@id\":\"https:\\\/\\\/informelitoral.com.ar\\\/motoencuentro-internacional-diamante-en-unas-horas-la-meca-comienza-a-vibrar\\\/#primaryimage\"},\"image\":{\"@id\":\"https:\\\/\\\/informelitoral.com.ar\\\/motoencuentro-internacional-diamante-en-unas-horas-la-meca-comienza-a-vibrar\\\/#primaryimage\"},\"thumbnailUrl\":\"http:\\\/\\\/www.isletasnoticias.com.ar\\\/%77%70%2d%63%6f%6e%74%65%6e%74\\\/uploads\\\/2013\\\/09\\\/motoencuentro-1-300x174.jpg\",\"datePublished\":\"2013-09-04T00:18:50+00:00\",\"dateModified\":\"2013-09-04T00:25:23+00:00\",\"breadcrumb\":{\"@id\":\"https:\\\/\\\/informelitoral.com.ar\\\/motoencuentro-internacional-diamante-en-unas-horas-la-meca-comienza-a-vibrar\\\/#breadcrumb\"},\"inLanguage\":\"es\",\"potentialAction\":[{\"@type\":\"ReadAction\",\"target\":[\"https:\\\/\\\/informelitoral.com.ar\\\/motoencuentro-internacional-diamante-en-unas-horas-la-meca-comienza-a-vibrar\\\/\"]}]},{\"@type\":\"ImageObject\",\"inLanguage\":\"es\",\"@id\":\"https:\\\/\\\/informelitoral.com.ar\\\/motoencuentro-internacional-diamante-en-unas-horas-la-meca-comienza-a-vibrar\\\/#primaryimage\",\"url\":\"http:\\\/\\\/www.isletasnoticias.com.ar\\\/%77%70%2d%63%6f%6e%74%65%6e%74\\\/uploads\\\/2013\\\/09\\\/motoencuentro-1-300x174.jpg\",\"contentUrl\":\"http:\\\/\\\/www.isletasnoticias.com.ar\\\/%77%70%2d%63%6f%6e%74%65%6e%74\\\/uploads\\\/2013\\\/09\\\/motoencuentro-1-300x174.jpg\"},{\"@type\":\"BreadcrumbList\",\"@id\":\"https:\\\/\\\/informelitoral.com.ar\\\/motoencuentro-internacional-diamante-en-unas-horas-la-meca-comienza-a-vibrar\\\/#breadcrumb\",\"itemListElement\":[{\"@type\":\"ListItem\",\"position\":1,\"name\":\"Portada\",\"item\":\"https:\\\/\\\/informelitoral.com.ar\\\/\"},{\"@type\":\"ListItem\",\"position\":2,\"name\":\"Motoencuentro Internacional Diamante: faltan horas para que &#8216;La Meca&#8217; comience a vibrar\"}]},{\"@type\":\"WebSite\",\"@id\":\"https:\\\/\\\/informelitoral.com.ar\\\/#website\",\"url\":\"https:\\\/\\\/informelitoral.com.ar\\\/\",\"name\":\"Informe Litoral\",\"description\":\"&quot;Nos informamos&quot; \",\"publisher\":{\"@id\":\"https:\\\/\\\/informelitoral.com.ar\\\/#organization\"},\"potentialAction\":[{\"@type\":\"SearchAction\",\"target\":{\"@type\":\"EntryPoint\",\"urlTemplate\":\"https:\\\/\\\/informelitoral.com.ar\\\/?s={search_term_string}\"},\"query-input\":{\"@type\":\"PropertyValueSpecification\",\"valueRequired\":true,\"valueName\":\"search_term_string\"}}],\"inLanguage\":\"es\"},{\"@type\":\"Organization\",\"@id\":\"https:\\\/\\\/informelitoral.com.ar\\\/#organization\",\"name\":\"Informe Litoral\",\"url\":\"https:\\\/\\\/informelitoral.com.ar\\\/\",\"logo\":{\"@type\":\"ImageObject\",\"inLanguage\":\"es\",\"@id\":\"https:\\\/\\\/informelitoral.com.ar\\\/#\\\/schema\\\/logo\\\/image\\\/\",\"url\":\"https:\\\/\\\/informelitoral.com.ar\\\/%77%70%2d%63%6f%6e%74%65%6e%74\\\/uploads\\\/2021\\\/01\\\/circulo.png\",\"contentUrl\":\"https:\\\/\\\/informelitoral.com.ar\\\/%77%70%2d%63%6f%6e%74%65%6e%74\\\/uploads\\\/2021\\\/01\\\/circulo.png\",\"width\":723,\"height\":731,\"caption\":\"Informe Litoral\"},\"image\":{\"@id\":\"https:\\\/\\\/informelitoral.com.ar\\\/#\\\/schema\\\/logo\\\/image\\\/\"},\"sameAs\":[\"https:\\\/\\\/www.facebook.com\\\/informelitoral\\\/\",\"https:\\\/\\\/x.com\\\/InformeLitoral\",\"https:\\\/\\\/www.instagram.com\\\/informelitoral\\\/\",\"https:\\\/\\\/www.youtube.com\\\/channel\\\/UCua4Qvz8Icb6MYqhoq9xLXw\"]},{\"@type\":\"Person\",\"@id\":\"https:\\\/\\\/informelitoral.com.ar\\\/#\\\/schema\\\/person\\\/b9d00407c836482871ef1d57bf8e3180\",\"name\":\"Gonzalo Schmidt\",\"image\":{\"@type\":\"ImageObject\",\"inLanguage\":\"es\",\"@id\":\"https:\\\/\\\/secure.gravatar.com\\\/avatar\\\/31a1a7b66ff2de83bd0e9fd79d026630d2d99e55e8bfe501287647b4fd9743de?s=96&d=mm&r=g\",\"url\":\"https:\\\/\\\/secure.gravatar.com\\\/avatar\\\/31a1a7b66ff2de83bd0e9fd79d026630d2d99e55e8bfe501287647b4fd9743de?s=96&d=mm&r=g\",\"contentUrl\":\"https:\\\/\\\/secure.gravatar.com\\\/avatar\\\/31a1a7b66ff2de83bd0e9fd79d026630d2d99e55e8bfe501287647b4fd9743de?s=96&d=mm&r=g\",\"caption\":\"Gonzalo Schmidt\"},\"description\":\"Sitio web de noticias de la provincia de Entre R\u00edos, Argentina. Informaci\u00f3n y entretenimiento. Informe Litoral, nos informamos.\",\"sameAs\":[\"http:\\\/\\\/www.isletasnoticias.com.ar\"],\"url\":\"https:\\\/\\\/informelitoral.com.ar\\\/author\\\/gonzalo\\\/\"}]}<\/script>","yoast_head_json":{"title":"Motoencuentro Internacional Diamante: faltan horas para que 'La Meca' comience a vibrar  - Informe Litoral","robots":{"index":"index","follow":"follow","max-snippet":"max-snippet:-1","max-image-preview":"max-image-preview:large","max-video-preview":"max-video-preview:-1"},"canonical":"https:\/\/informelitoral.com.ar\/motoencuentro-internacional-diamante-en-unas-horas-la-meca-comienza-a-vibrar\/","og_locale":"es_ES","og_type":"article","og_title":"Motoencuentro Internacional Diamante: faltan horas para que 'La Meca' comience a vibrar  - Informe Litoral","og_description":"La XVIII Edici&oacute;n del Motoencuentro Internacional de Diamante tendr&aacute; como figura destacada femenina, a la modelo y conductora Alejandra Maglietti. Es el evento de este tipo m&aacute;s grande de Sudam&eacute;rica y se extender&aacute; del 4 al 8 de septiembre. La tradicional caravana ser&aacute; el s&aacute;bado 7, a las 17:00. La ciudad blanca se prepara para [&hellip;]","og_url":"https:\/\/informelitoral.com.ar\/motoencuentro-internacional-diamante-en-unas-horas-la-meca-comienza-a-vibrar\/","og_site_name":"Informe Litoral","article_publisher":"https:\/\/www.facebook.com\/informelitoral\/","article_published_time":"2013-09-04T00:18:50+00:00","article_modified_time":"2013-09-04T00:25:23+00:00","og_image":[{"width":599,"height":349,"url":"https:\/\/informelitoral.com.ar\/%77%70%2d%63%6f%6e%74%65%6e%74\/uploads\/2013\/09\/motoencuentro-1.jpg","type":"image\/jpeg"}],"author":"Gonzalo Schmidt","twitter_card":"summary_large_image","twitter_creator":"@InformeLitoral","twitter_site":"@InformeLitoral","twitter_misc":{"Escrito por":"Gonzalo Schmidt","Tiempo de lectura":"3 minutos"},"schema":{"@context":"https:\/\/schema.org","@graph":[{"@type":"Article","@id":"https:\/\/informelitoral.com.ar\/motoencuentro-internacional-diamante-en-unas-horas-la-meca-comienza-a-vibrar\/#article","isPartOf":{"@id":"https:\/\/informelitoral.com.ar\/motoencuentro-internacional-diamante-en-unas-horas-la-meca-comienza-a-vibrar\/"},"author":{"name":"Gonzalo Schmidt","@id":"https:\/\/informelitoral.com.ar\/#\/schema\/person\/b9d00407c836482871ef1d57bf8e3180"},"headline":"Motoencuentro Internacional Diamante: faltan horas para que &#8216;La Meca&#8217; comience a vibrar","datePublished":"2013-09-04T00:18:50+00:00","dateModified":"2013-09-04T00:25:23+00:00","mainEntityOfPage":{"@id":"https:\/\/informelitoral.com.ar\/motoencuentro-internacional-diamante-en-unas-horas-la-meca-comienza-a-vibrar\/"},"wordCount":563,"commentCount":0,"publisher":{"@id":"https:\/\/informelitoral.com.ar\/#organization"},"image":{"@id":"https:\/\/informelitoral.com.ar\/motoencuentro-internacional-diamante-en-unas-horas-la-meca-comienza-a-vibrar\/#primaryimage"},"thumbnailUrl":"http:\/\/www.isletasnoticias.com.ar\/%77%70%2d%63%6f%6e%74%65%6e%74\/uploads\/2013\/09\/motoencuentro-1-300x174.jpg","articleSection":["Departamento Diamante","Entre R\u00edos"],"inLanguage":"es","potentialAction":[{"@type":"CommentAction","name":"Comment","target":["https:\/\/informelitoral.com.ar\/motoencuentro-internacional-diamante-en-unas-horas-la-meca-comienza-a-vibrar\/#respond"]}]},{"@type":"WebPage","@id":"https:\/\/informelitoral.com.ar\/motoencuentro-internacional-diamante-en-unas-horas-la-meca-comienza-a-vibrar\/","url":"https:\/\/informelitoral.com.ar\/motoencuentro-internacional-diamante-en-unas-horas-la-meca-comienza-a-vibrar\/","name":"Motoencuentro Internacional Diamante: faltan horas para que 'La Meca' comience a vibrar - Informe Litoral","isPartOf":{"@id":"https:\/\/informelitoral.com.ar\/#website"},"primaryImageOfPage":{"@id":"https:\/\/informelitoral.com.ar\/motoencuentro-internacional-diamante-en-unas-horas-la-meca-comienza-a-vibrar\/#primaryimage"},"image":{"@id":"https:\/\/informelitoral.com.ar\/motoencuentro-internacional-diamante-en-unas-horas-la-meca-comienza-a-vibrar\/#primaryimage"},"thumbnailUrl":"http:\/\/www.isletasnoticias.com.ar\/%77%70%2d%63%6f%6e%74%65%6e%74\/uploads\/2013\/09\/motoencuentro-1-300x174.jpg","datePublished":"2013-09-04T00:18:50+00:00","dateModified":"2013-09-04T00:25:23+00:00","breadcrumb":{"@id":"https:\/\/informelitoral.com.ar\/motoencuentro-internacional-diamante-en-unas-horas-la-meca-comienza-a-vibrar\/#breadcrumb"},"inLanguage":"es","potentialAction":[{"@type":"ReadAction","target":["https:\/\/informelitoral.com.ar\/motoencuentro-internacional-diamante-en-unas-horas-la-meca-comienza-a-vibrar\/"]}]},{"@type":"ImageObject","inLanguage":"es","@id":"https:\/\/informelitoral.com.ar\/motoencuentro-internacional-diamante-en-unas-horas-la-meca-comienza-a-vibrar\/#primaryimage","url":"http:\/\/www.isletasnoticias.com.ar\/%77%70%2d%63%6f%6e%74%65%6e%74\/uploads\/2013\/09\/motoencuentro-1-300x174.jpg","contentUrl":"http:\/\/www.isletasnoticias.com.ar\/%77%70%2d%63%6f%6e%74%65%6e%74\/uploads\/2013\/09\/motoencuentro-1-300x174.jpg"},{"@type":"BreadcrumbList","@id":"https:\/\/informelitoral.com.ar\/motoencuentro-internacional-diamante-en-unas-horas-la-meca-comienza-a-vibrar\/#breadcrumb","itemListElement":[{"@type":"ListItem","position":1,"name":"Portada","item":"https:\/\/informelitoral.com.ar\/"},{"@type":"ListItem","position":2,"name":"Motoencuentro Internacional Diamante: faltan horas para que &#8216;La Meca&#8217; comience a vibrar"}]},{"@type":"WebSite","@id":"https:\/\/informelitoral.com.ar\/#website","url":"https:\/\/informelitoral.com.ar\/","name":"Informe Litoral","description":"&quot;Nos informamos&quot; ","publisher":{"@id":"https:\/\/informelitoral.com.ar\/#organization"},"potentialAction":[{"@type":"SearchAction","target":{"@type":"EntryPoint","urlTemplate":"https:\/\/informelitoral.com.ar\/?s={search_term_string}"},"query-input":{"@type":"PropertyValueSpecification","valueRequired":true,"valueName":"search_term_string"}}],"inLanguage":"es"},{"@type":"Organization","@id":"https:\/\/informelitoral.com.ar\/#organization","name":"Informe Litoral","url":"https:\/\/informelitoral.com.ar\/","logo":{"@type":"ImageObject","inLanguage":"es","@id":"https:\/\/informelitoral.com.ar\/#\/schema\/logo\/image\/","url":"https:\/\/informelitoral.com.ar\/%77%70%2d%63%6f%6e%74%65%6e%74\/uploads\/2021\/01\/circulo.png","contentUrl":"https:\/\/informelitoral.com.ar\/%77%70%2d%63%6f%6e%74%65%6e%74\/uploads\/2021\/01\/circulo.png","width":723,"height":731,"caption":"Informe Litoral"},"image":{"@id":"https:\/\/informelitoral.com.ar\/#\/schema\/logo\/image\/"},"sameAs":["https:\/\/www.facebook.com\/informelitoral\/","https:\/\/x.com\/InformeLitoral","https:\/\/www.instagram.com\/informelitoral\/","https:\/\/www.youtube.com\/channel\/UCua4Qvz8Icb6MYqhoq9xLXw"]},{"@type":"Person","@id":"https:\/\/informelitoral.com.ar\/#\/schema\/person\/b9d00407c836482871ef1d57bf8e3180","name":"Gonzalo Schmidt","image":{"@type":"ImageObject","inLanguage":"es","@id":"https:\/\/secure.gravatar.com\/avatar\/31a1a7b66ff2de83bd0e9fd79d026630d2d99e55e8bfe501287647b4fd9743de?s=96&d=mm&r=g","url":"https:\/\/secure.gravatar.com\/avatar\/31a1a7b66ff2de83bd0e9fd79d026630d2d99e55e8bfe501287647b4fd9743de?s=96&d=mm&r=g","contentUrl":"https:\/\/secure.gravatar.com\/avatar\/31a1a7b66ff2de83bd0e9fd79d026630d2d99e55e8bfe501287647b4fd9743de?s=96&d=mm&r=g","caption":"Gonzalo Schmidt"},"description":"Sitio web de noticias de la provincia de Entre R\u00edos, Argentina. Informaci\u00f3n y entretenimiento. Informe Litoral, nos informamos.","sameAs":["http:\/\/www.isletasnoticias.com.ar"],"url":"https:\/\/informelitoral.com.ar\/author\/gonzalo\/"}]}},"_links":{"self":[{"href":"https:\/\/informelitoral.com.ar\/%77%70%2d%6a%73%6f%6e\/wp\/v2\/posts\/3056","targetHints":{"allow":["GET"]}}],"collection":[{"href":"https:\/\/informelitoral.com.ar\/%77%70%2d%6a%73%6f%6e\/wp\/v2\/posts"}],"about":[{"href":"https:\/\/informelitoral.com.ar\/%77%70%2d%6a%73%6f%6e\/wp\/v2\/types\/post"}],"author":[{"embeddable":true,"href":"https:\/\/informelitoral.com.ar\/%77%70%2d%6a%73%6f%6e\/wp\/v2\/users\/2"}],"replies":[{"embeddable":true,"href":"https:\/\/informelitoral.com.ar\/%77%70%2d%6a%73%6f%6e\/wp\/v2\/comments?post=3056"}],"version-history":[{"count":0,"href":"https:\/\/informelitoral.com.ar\/%77%70%2d%6a%73%6f%6e\/wp\/v2\/posts\/3056\/revisions"}],"wp:attachment":[{"href":"https:\/\/informelitoral.com.ar\/%77%70%2d%6a%73%6f%6e\/wp\/v2\/media?parent=3056"}],"wp:term":[{"taxonomy":"category","embeddable":true,"href":"https:\/\/informelitoral.com.ar\/%77%70%2d%6a%73%6f%6e\/wp\/v2\/categories?post=3056"},{"taxonomy":"post_tag","embeddable":true,"href":"https:\/\/informelitoral.com.ar\/%77%70%2d%6a%73%6f%6e\/wp\/v2\/tags?post=3056"}],"curies":[{"name":"wp","href":"https:\/\/api.w.org\/{rel}","templated":true}]}}