{"id":30475,"date":"2018-11-07T08:00:16","date_gmt":"2018-11-07T11:00:16","guid":{"rendered":"https:\/\/www.isletasnoticias.com.ar\/?p=30475"},"modified":"2018-11-07T08:00:16","modified_gmt":"2018-11-07T11:00:16","slug":"en-2019-desaparecera-la-categoria-ternera-del-sistema-de-tipificacion-de-hacienda","status":"publish","type":"post","link":"https:\/\/informelitoral.com.ar\/en-2019-desaparecera-la-categoria-ternera-del-sistema-de-tipificacion-de-hacienda\/","title":{"rendered":"En 2019 desaparecer\u00e1 la categor\u00eda \u201cternera\u201d del sistema de tipificaci\u00f3n de hacienda"},"content":{"rendered":"<p>Tanto en supermercados como en carnicer\u00edas la carne categorizada como \u201cternera\u201d suele ofrecerse a un valor superior respecto del novillito o novillo al considerar que se trata de un producto con mayor terneza. Pero esa pr\u00e1ctica desaparecer\u00e1 a partir del a\u00f1o que viene porque ya no ser\u00e1 posible faenar m\u00e1s terneros o terneras dado que esa categor\u00eda desaparecer\u00e1.<\/p>\n<p>Las autoridades de la Secretar\u00eda de Agroindustria \u2013tal como se anticip\u00f3 a mediados de este a\u00f1o\u2013 dispusieron que a partir del 1 de enero de 2019 entrar\u00e1 en vigencia un nuevo sistema de tipificaci\u00f3n de hacienda y reses bovinas que incluye par\u00e1metros de dentici\u00f3n combinados con el peso del animal.<\/p>\n<p>La gran novedad, public\u00f3 el sitio\u00a0<em>Valor Soja,<\/em> es que el nuevo sistema de tipificaci\u00f3n no incluir\u00e1 la categor\u00eda ternero o ternera, las cuales ser\u00e1n reemplazadas por novillito y vaquillona livianos (con un peso de hasta 390 kilos).<\/p>\n<p>La eliminaci\u00f3n del concepto de ternero\/ra durante el proceso de faena, que deber\u00e1 tener un correlato en la cadena comercial, est\u00e1 dise\u00f1ada para educar al consumidor, dado que la calidad de un corte de carne bovina no necesariamente est\u00e1 relacionado con la necesidad de sacrificar a un ejemplar de muy corta edad.<\/p>\n<p>El nuevo sistema indica que los establecimientos faenadores deber\u00e1n comenzar a registrar la dentici\u00f3n del animal, de manera tal de identificar las categor\u00edas 2D (hasta dos incisivos permanentes), 4D (m\u00e1s de dos y hasta cuatro incisivos permanentes), 6D, 8D y +8D (ocho incisivos permanentes con desgaste).<\/p>\n<p>De esa manera, por ejemplo, las vacas especiales comenzar\u00e1n a categorizarse como \u201cjoven\u201d (seis dientes) o \u201cadulta\u201d (m\u00e1s de ocho dientes), para luego subcategorizarla como \u201clivianas\u201d (hasta 430 kilos) o \u201cpesadas\u201d (m\u00e1s de 430 kilos). El nuevo esquema completo de categor\u00edas puede verse aqu\u00ed.<\/p>\n<p>El nuevo sistema de tipificaci\u00f3n \u2013seg\u00fan indica la resoluci\u00f3n 32\/18 publicada en el Bolet\u00edn Oficial\u2013 \u201cdebe servir de base para el pago diferencial del producto por parte de los consumidores y dicho precio diferencial trasladarse hacia atr\u00e1s de la cadena, incentivando econ\u00f3micamente a todos los operadores a utilizar herramientas de selecci\u00f3n objetivas que aumenten la cantidad y calidad de la carne, desde el productor hasta la venta minorista\u201d.<\/p>\n<p>En una segunda etapa, el nuevo sistema incluir\u00e1 adem\u00e1s factores relativos a la calidad de la carne \u2013tales como \u00e1rea de ojo de bife, marmoreado, pH del producto y color de la grasa y de la carne\u2013, de manera tal de crear un sistema unificado que permita rastrear el origen de la hacienda con los atributos m\u00e1s destacados para los diferentes perfiles de consumidores tanto locales como internacionales.<\/p>\n<p>El sistema de clasificaci\u00f3n de vacunos vigente, que fue establecido en 1973 por la entonces Junta Nacional de Carnes, solamente tiene en cuenta el peso, sexo y conformaci\u00f3n de los animales (esto \u00faltimo a partir de una serie de criterios subjetivos no asimilables con par\u00e1metros presentantes en otras naciones exportadoras de carne vacuna).<\/p>\n","protected":false},"excerpt":{"rendered":"<p>Autoridades de la Secretar\u00eda de Agroindustria dispusieron que a partir del 1 de enero de 2019 entrar\u00e1 en vigencia un nuevo sistema de tipificaci\u00f3n de hacienda y reses bovinas que incluye par\u00e1metros de dentici\u00f3n combinados con el peso del animal.<\/p>\n","protected":false},"author":2,"featured_media":30476,"comment_status":"open","ping_status":"open","sticky":false,"template":"","format":"standard","meta":{"fifu_image_url":"","fifu_image_alt":"","footnotes":""},"categories":[10],"tags":[],"class_list":{"0":"post-30475","1":"post","2":"type-post","3":"status-publish","4":"format-standard","5":"has-post-thumbnail","7":"category-campo"},"yoast_head":"<title>En 2019 desaparecer\u00e1 la categor\u00eda \u201cternera\u201d del sistema de tipificaci\u00f3n de hacienda - Informe Litoral<\/title>\n<meta name=\"robots\" content=\"index, follow, max-snippet:-1, max-image-preview:large, max-video-preview:-1\" \/>\n<link rel=\"canonical\" href=\"https:\/\/informelitoral.com.ar\/en-2019-desaparecera-la-categoria-ternera-del-sistema-de-tipificacion-de-hacienda\/\" \/>\n<meta property=\"og:locale\" content=\"es_ES\" \/>\n<meta property=\"og:type\" content=\"article\" \/>\n<meta property=\"og:title\" content=\"En 2019 desaparecer\u00e1 la categor\u00eda \u201cternera\u201d del sistema de tipificaci\u00f3n de hacienda - Informe Litoral\" \/>\n<meta property=\"og:description\" content=\"Autoridades de la Secretar\u00eda de Agroindustria dispusieron que a partir del 1 de enero de 2019 entrar\u00e1 en vigencia un nuevo sistema de tipificaci\u00f3n de hacienda y reses bovinas que incluye par\u00e1metros de dentici\u00f3n combinados con el peso del animal.\" \/>\n<meta property=\"og:url\" content=\"https:\/\/informelitoral.com.ar\/en-2019-desaparecera-la-categoria-ternera-del-sistema-de-tipificacion-de-hacienda\/\" \/>\n<meta property=\"og:site_name\" content=\"Informe Litoral\" \/>\n<meta property=\"article:publisher\" content=\"https:\/\/www.facebook.com\/informelitoral\/\" \/>\n<meta property=\"article:published_time\" content=\"2018-11-07T11:00:16+00:00\" \/>\n<meta property=\"og:image\" content=\"https:\/\/informelitoral.com.ar\/%77%70%2d%63%6f%6e%74%65%6e%74\/uploads\/2018\/11\/ternera.jpg\" \/>\n\t<meta property=\"og:image:width\" content=\"620\" \/>\n\t<meta property=\"og:image:height\" content=\"375\" \/>\n\t<meta property=\"og:image:type\" content=\"image\/jpeg\" \/>\n<meta name=\"author\" content=\"Gonzalo Schmidt\" \/>\n<meta name=\"twitter:card\" content=\"summary_large_image\" \/>\n<meta name=\"twitter:creator\" content=\"@InformeLitoral\" \/>\n<meta name=\"twitter:site\" content=\"@InformeLitoral\" \/>\n<meta name=\"twitter:label1\" content=\"Escrito por\" \/>\n\t<meta name=\"twitter:data1\" content=\"Gonzalo Schmidt\" \/>\n\t<meta name=\"twitter:label2\" content=\"Tiempo de lectura\" \/>\n\t<meta name=\"twitter:data2\" content=\"3 minutos\" \/>\n<script type=\"application\/ld+json\" class=\"yoast-schema-graph\">{\"@context\":\"https:\\\/\\\/schema.org\",\"@graph\":[{\"@type\":\"Article\",\"@id\":\"https:\\\/\\\/informelitoral.com.ar\\\/en-2019-desaparecera-la-categoria-ternera-del-sistema-de-tipificacion-de-hacienda\\\/#article\",\"isPartOf\":{\"@id\":\"https:\\\/\\\/informelitoral.com.ar\\\/en-2019-desaparecera-la-categoria-ternera-del-sistema-de-tipificacion-de-hacienda\\\/\"},\"author\":{\"name\":\"Gonzalo Schmidt\",\"@id\":\"https:\\\/\\\/informelitoral.com.ar\\\/#\\\/schema\\\/person\\\/b9d00407c836482871ef1d57bf8e3180\"},\"headline\":\"En 2019 desaparecer\u00e1 la categor\u00eda \u201cternera\u201d del sistema de tipificaci\u00f3n de hacienda\",\"datePublished\":\"2018-11-07T11:00:16+00:00\",\"mainEntityOfPage\":{\"@id\":\"https:\\\/\\\/informelitoral.com.ar\\\/en-2019-desaparecera-la-categoria-ternera-del-sistema-de-tipificacion-de-hacienda\\\/\"},\"wordCount\":519,\"commentCount\":0,\"publisher\":{\"@id\":\"https:\\\/\\\/informelitoral.com.ar\\\/#organization\"},\"image\":{\"@id\":\"https:\\\/\\\/informelitoral.com.ar\\\/en-2019-desaparecera-la-categoria-ternera-del-sistema-de-tipificacion-de-hacienda\\\/#primaryimage\"},\"thumbnailUrl\":\"https:\\\/\\\/informelitoral.com.ar\\\/%77%70%2d%63%6f%6e%74%65%6e%74\\\/uploads\\\/2018\\\/11\\\/ternera.jpg\",\"articleSection\":[\"Campo\"],\"inLanguage\":\"es\",\"potentialAction\":[{\"@type\":\"CommentAction\",\"name\":\"Comment\",\"target\":[\"https:\\\/\\\/informelitoral.com.ar\\\/en-2019-desaparecera-la-categoria-ternera-del-sistema-de-tipificacion-de-hacienda\\\/#respond\"]}]},{\"@type\":\"WebPage\",\"@id\":\"https:\\\/\\\/informelitoral.com.ar\\\/en-2019-desaparecera-la-categoria-ternera-del-sistema-de-tipificacion-de-hacienda\\\/\",\"url\":\"https:\\\/\\\/informelitoral.com.ar\\\/en-2019-desaparecera-la-categoria-ternera-del-sistema-de-tipificacion-de-hacienda\\\/\",\"name\":\"En 2019 desaparecer\u00e1 la categor\u00eda \u201cternera\u201d del sistema de tipificaci\u00f3n de hacienda - Informe Litoral\",\"isPartOf\":{\"@id\":\"https:\\\/\\\/informelitoral.com.ar\\\/#website\"},\"primaryImageOfPage\":{\"@id\":\"https:\\\/\\\/informelitoral.com.ar\\\/en-2019-desaparecera-la-categoria-ternera-del-sistema-de-tipificacion-de-hacienda\\\/#primaryimage\"},\"image\":{\"@id\":\"https:\\\/\\\/informelitoral.com.ar\\\/en-2019-desaparecera-la-categoria-ternera-del-sistema-de-tipificacion-de-hacienda\\\/#primaryimage\"},\"thumbnailUrl\":\"https:\\\/\\\/informelitoral.com.ar\\\/%77%70%2d%63%6f%6e%74%65%6e%74\\\/uploads\\\/2018\\\/11\\\/ternera.jpg\",\"datePublished\":\"2018-11-07T11:00:16+00:00\",\"breadcrumb\":{\"@id\":\"https:\\\/\\\/informelitoral.com.ar\\\/en-2019-desaparecera-la-categoria-ternera-del-sistema-de-tipificacion-de-hacienda\\\/#breadcrumb\"},\"inLanguage\":\"es\",\"potentialAction\":[{\"@type\":\"ReadAction\",\"target\":[\"https:\\\/\\\/informelitoral.com.ar\\\/en-2019-desaparecera-la-categoria-ternera-del-sistema-de-tipificacion-de-hacienda\\\/\"]}]},{\"@type\":\"ImageObject\",\"inLanguage\":\"es\",\"@id\":\"https:\\\/\\\/informelitoral.com.ar\\\/en-2019-desaparecera-la-categoria-ternera-del-sistema-de-tipificacion-de-hacienda\\\/#primaryimage\",\"url\":\"https:\\\/\\\/informelitoral.com.ar\\\/%77%70%2d%63%6f%6e%74%65%6e%74\\\/uploads\\\/2018\\\/11\\\/ternera.jpg\",\"contentUrl\":\"https:\\\/\\\/informelitoral.com.ar\\\/%77%70%2d%63%6f%6e%74%65%6e%74\\\/uploads\\\/2018\\\/11\\\/ternera.jpg\",\"width\":620,\"height\":375},{\"@type\":\"BreadcrumbList\",\"@id\":\"https:\\\/\\\/informelitoral.com.ar\\\/en-2019-desaparecera-la-categoria-ternera-del-sistema-de-tipificacion-de-hacienda\\\/#breadcrumb\",\"itemListElement\":[{\"@type\":\"ListItem\",\"position\":1,\"name\":\"Portada\",\"item\":\"https:\\\/\\\/informelitoral.com.ar\\\/\"},{\"@type\":\"ListItem\",\"position\":2,\"name\":\"En 2019 desaparecer\u00e1 la categor\u00eda \u201cternera\u201d del sistema de tipificaci\u00f3n de hacienda\"}]},{\"@type\":\"WebSite\",\"@id\":\"https:\\\/\\\/informelitoral.com.ar\\\/#website\",\"url\":\"https:\\\/\\\/informelitoral.com.ar\\\/\",\"name\":\"Informe Litoral\",\"description\":\"&quot;Nos informamos&quot; \",\"publisher\":{\"@id\":\"https:\\\/\\\/informelitoral.com.ar\\\/#organization\"},\"potentialAction\":[{\"@type\":\"SearchAction\",\"target\":{\"@type\":\"EntryPoint\",\"urlTemplate\":\"https:\\\/\\\/informelitoral.com.ar\\\/?s={search_term_string}\"},\"query-input\":{\"@type\":\"PropertyValueSpecification\",\"valueRequired\":true,\"valueName\":\"search_term_string\"}}],\"inLanguage\":\"es\"},{\"@type\":\"Organization\",\"@id\":\"https:\\\/\\\/informelitoral.com.ar\\\/#organization\",\"name\":\"Informe Litoral\",\"url\":\"https:\\\/\\\/informelitoral.com.ar\\\/\",\"logo\":{\"@type\":\"ImageObject\",\"inLanguage\":\"es\",\"@id\":\"https:\\\/\\\/informelitoral.com.ar\\\/#\\\/schema\\\/logo\\\/image\\\/\",\"url\":\"https:\\\/\\\/informelitoral.com.ar\\\/%77%70%2d%63%6f%6e%74%65%6e%74\\\/uploads\\\/2021\\\/01\\\/circulo.png\",\"contentUrl\":\"https:\\\/\\\/informelitoral.com.ar\\\/%77%70%2d%63%6f%6e%74%65%6e%74\\\/uploads\\\/2021\\\/01\\\/circulo.png\",\"width\":723,\"height\":731,\"caption\":\"Informe Litoral\"},\"image\":{\"@id\":\"https:\\\/\\\/informelitoral.com.ar\\\/#\\\/schema\\\/logo\\\/image\\\/\"},\"sameAs\":[\"https:\\\/\\\/www.facebook.com\\\/informelitoral\\\/\",\"https:\\\/\\\/x.com\\\/InformeLitoral\",\"https:\\\/\\\/www.instagram.com\\\/informelitoral\\\/\",\"https:\\\/\\\/www.youtube.com\\\/channel\\\/UCua4Qvz8Icb6MYqhoq9xLXw\"]},{\"@type\":\"Person\",\"@id\":\"https:\\\/\\\/informelitoral.com.ar\\\/#\\\/schema\\\/person\\\/b9d00407c836482871ef1d57bf8e3180\",\"name\":\"Gonzalo Schmidt\",\"image\":{\"@type\":\"ImageObject\",\"inLanguage\":\"es\",\"@id\":\"https:\\\/\\\/secure.gravatar.com\\\/avatar\\\/31a1a7b66ff2de83bd0e9fd79d026630d2d99e55e8bfe501287647b4fd9743de?s=96&d=mm&r=g\",\"url\":\"https:\\\/\\\/secure.gravatar.com\\\/avatar\\\/31a1a7b66ff2de83bd0e9fd79d026630d2d99e55e8bfe501287647b4fd9743de?s=96&d=mm&r=g\",\"contentUrl\":\"https:\\\/\\\/secure.gravatar.com\\\/avatar\\\/31a1a7b66ff2de83bd0e9fd79d026630d2d99e55e8bfe501287647b4fd9743de?s=96&d=mm&r=g\",\"caption\":\"Gonzalo Schmidt\"},\"description\":\"Sitio web de noticias de la provincia de Entre R\u00edos, Argentina. Informaci\u00f3n y entretenimiento. Informe Litoral, nos informamos.\",\"sameAs\":[\"http:\\\/\\\/www.isletasnoticias.com.ar\"],\"url\":\"https:\\\/\\\/informelitoral.com.ar\\\/author\\\/gonzalo\\\/\"}]}<\/script>","yoast_head_json":{"title":"En 2019 desaparecer\u00e1 la categor\u00eda \u201cternera\u201d del sistema de tipificaci\u00f3n de hacienda - Informe Litoral","robots":{"index":"index","follow":"follow","max-snippet":"max-snippet:-1","max-image-preview":"max-image-preview:large","max-video-preview":"max-video-preview:-1"},"canonical":"https:\/\/informelitoral.com.ar\/en-2019-desaparecera-la-categoria-ternera-del-sistema-de-tipificacion-de-hacienda\/","og_locale":"es_ES","og_type":"article","og_title":"En 2019 desaparecer\u00e1 la categor\u00eda \u201cternera\u201d del sistema de tipificaci\u00f3n de hacienda - Informe Litoral","og_description":"Autoridades de la Secretar\u00eda de Agroindustria dispusieron que a partir del 1 de enero de 2019 entrar\u00e1 en vigencia un nuevo sistema de tipificaci\u00f3n de hacienda y reses bovinas que incluye par\u00e1metros de dentici\u00f3n combinados con el peso del animal.","og_url":"https:\/\/informelitoral.com.ar\/en-2019-desaparecera-la-categoria-ternera-del-sistema-de-tipificacion-de-hacienda\/","og_site_name":"Informe Litoral","article_publisher":"https:\/\/www.facebook.com\/informelitoral\/","article_published_time":"2018-11-07T11:00:16+00:00","og_image":[{"width":620,"height":375,"url":"https:\/\/informelitoral.com.ar\/%77%70%2d%63%6f%6e%74%65%6e%74\/uploads\/2018\/11\/ternera.jpg","type":"image\/jpeg"}],"author":"Gonzalo Schmidt","twitter_card":"summary_large_image","twitter_creator":"@InformeLitoral","twitter_site":"@InformeLitoral","twitter_misc":{"Escrito por":"Gonzalo Schmidt","Tiempo de lectura":"3 minutos"},"schema":{"@context":"https:\/\/schema.org","@graph":[{"@type":"Article","@id":"https:\/\/informelitoral.com.ar\/en-2019-desaparecera-la-categoria-ternera-del-sistema-de-tipificacion-de-hacienda\/#article","isPartOf":{"@id":"https:\/\/informelitoral.com.ar\/en-2019-desaparecera-la-categoria-ternera-del-sistema-de-tipificacion-de-hacienda\/"},"author":{"name":"Gonzalo Schmidt","@id":"https:\/\/informelitoral.com.ar\/#\/schema\/person\/b9d00407c836482871ef1d57bf8e3180"},"headline":"En 2019 desaparecer\u00e1 la categor\u00eda \u201cternera\u201d del sistema de tipificaci\u00f3n de hacienda","datePublished":"2018-11-07T11:00:16+00:00","mainEntityOfPage":{"@id":"https:\/\/informelitoral.com.ar\/en-2019-desaparecera-la-categoria-ternera-del-sistema-de-tipificacion-de-hacienda\/"},"wordCount":519,"commentCount":0,"publisher":{"@id":"https:\/\/informelitoral.com.ar\/#organization"},"image":{"@id":"https:\/\/informelitoral.com.ar\/en-2019-desaparecera-la-categoria-ternera-del-sistema-de-tipificacion-de-hacienda\/#primaryimage"},"thumbnailUrl":"https:\/\/informelitoral.com.ar\/%77%70%2d%63%6f%6e%74%65%6e%74\/uploads\/2018\/11\/ternera.jpg","articleSection":["Campo"],"inLanguage":"es","potentialAction":[{"@type":"CommentAction","name":"Comment","target":["https:\/\/informelitoral.com.ar\/en-2019-desaparecera-la-categoria-ternera-del-sistema-de-tipificacion-de-hacienda\/#respond"]}]},{"@type":"WebPage","@id":"https:\/\/informelitoral.com.ar\/en-2019-desaparecera-la-categoria-ternera-del-sistema-de-tipificacion-de-hacienda\/","url":"https:\/\/informelitoral.com.ar\/en-2019-desaparecera-la-categoria-ternera-del-sistema-de-tipificacion-de-hacienda\/","name":"En 2019 desaparecer\u00e1 la categor\u00eda \u201cternera\u201d del sistema de tipificaci\u00f3n de hacienda - Informe Litoral","isPartOf":{"@id":"https:\/\/informelitoral.com.ar\/#website"},"primaryImageOfPage":{"@id":"https:\/\/informelitoral.com.ar\/en-2019-desaparecera-la-categoria-ternera-del-sistema-de-tipificacion-de-hacienda\/#primaryimage"},"image":{"@id":"https:\/\/informelitoral.com.ar\/en-2019-desaparecera-la-categoria-ternera-del-sistema-de-tipificacion-de-hacienda\/#primaryimage"},"thumbnailUrl":"https:\/\/informelitoral.com.ar\/%77%70%2d%63%6f%6e%74%65%6e%74\/uploads\/2018\/11\/ternera.jpg","datePublished":"2018-11-07T11:00:16+00:00","breadcrumb":{"@id":"https:\/\/informelitoral.com.ar\/en-2019-desaparecera-la-categoria-ternera-del-sistema-de-tipificacion-de-hacienda\/#breadcrumb"},"inLanguage":"es","potentialAction":[{"@type":"ReadAction","target":["https:\/\/informelitoral.com.ar\/en-2019-desaparecera-la-categoria-ternera-del-sistema-de-tipificacion-de-hacienda\/"]}]},{"@type":"ImageObject","inLanguage":"es","@id":"https:\/\/informelitoral.com.ar\/en-2019-desaparecera-la-categoria-ternera-del-sistema-de-tipificacion-de-hacienda\/#primaryimage","url":"https:\/\/informelitoral.com.ar\/%77%70%2d%63%6f%6e%74%65%6e%74\/uploads\/2018\/11\/ternera.jpg","contentUrl":"https:\/\/informelitoral.com.ar\/%77%70%2d%63%6f%6e%74%65%6e%74\/uploads\/2018\/11\/ternera.jpg","width":620,"height":375},{"@type":"BreadcrumbList","@id":"https:\/\/informelitoral.com.ar\/en-2019-desaparecera-la-categoria-ternera-del-sistema-de-tipificacion-de-hacienda\/#breadcrumb","itemListElement":[{"@type":"ListItem","position":1,"name":"Portada","item":"https:\/\/informelitoral.com.ar\/"},{"@type":"ListItem","position":2,"name":"En 2019 desaparecer\u00e1 la categor\u00eda \u201cternera\u201d del sistema de tipificaci\u00f3n de hacienda"}]},{"@type":"WebSite","@id":"https:\/\/informelitoral.com.ar\/#website","url":"https:\/\/informelitoral.com.ar\/","name":"Informe Litoral","description":"&quot;Nos informamos&quot; ","publisher":{"@id":"https:\/\/informelitoral.com.ar\/#organization"},"potentialAction":[{"@type":"SearchAction","target":{"@type":"EntryPoint","urlTemplate":"https:\/\/informelitoral.com.ar\/?s={search_term_string}"},"query-input":{"@type":"PropertyValueSpecification","valueRequired":true,"valueName":"search_term_string"}}],"inLanguage":"es"},{"@type":"Organization","@id":"https:\/\/informelitoral.com.ar\/#organization","name":"Informe Litoral","url":"https:\/\/informelitoral.com.ar\/","logo":{"@type":"ImageObject","inLanguage":"es","@id":"https:\/\/informelitoral.com.ar\/#\/schema\/logo\/image\/","url":"https:\/\/informelitoral.com.ar\/%77%70%2d%63%6f%6e%74%65%6e%74\/uploads\/2021\/01\/circulo.png","contentUrl":"https:\/\/informelitoral.com.ar\/%77%70%2d%63%6f%6e%74%65%6e%74\/uploads\/2021\/01\/circulo.png","width":723,"height":731,"caption":"Informe Litoral"},"image":{"@id":"https:\/\/informelitoral.com.ar\/#\/schema\/logo\/image\/"},"sameAs":["https:\/\/www.facebook.com\/informelitoral\/","https:\/\/x.com\/InformeLitoral","https:\/\/www.instagram.com\/informelitoral\/","https:\/\/www.youtube.com\/channel\/UCua4Qvz8Icb6MYqhoq9xLXw"]},{"@type":"Person","@id":"https:\/\/informelitoral.com.ar\/#\/schema\/person\/b9d00407c836482871ef1d57bf8e3180","name":"Gonzalo Schmidt","image":{"@type":"ImageObject","inLanguage":"es","@id":"https:\/\/secure.gravatar.com\/avatar\/31a1a7b66ff2de83bd0e9fd79d026630d2d99e55e8bfe501287647b4fd9743de?s=96&d=mm&r=g","url":"https:\/\/secure.gravatar.com\/avatar\/31a1a7b66ff2de83bd0e9fd79d026630d2d99e55e8bfe501287647b4fd9743de?s=96&d=mm&r=g","contentUrl":"https:\/\/secure.gravatar.com\/avatar\/31a1a7b66ff2de83bd0e9fd79d026630d2d99e55e8bfe501287647b4fd9743de?s=96&d=mm&r=g","caption":"Gonzalo Schmidt"},"description":"Sitio web de noticias de la provincia de Entre R\u00edos, Argentina. Informaci\u00f3n y entretenimiento. Informe Litoral, nos informamos.","sameAs":["http:\/\/www.isletasnoticias.com.ar"],"url":"https:\/\/informelitoral.com.ar\/author\/gonzalo\/"}]}},"_links":{"self":[{"href":"https:\/\/informelitoral.com.ar\/%77%70%2d%6a%73%6f%6e\/wp\/v2\/posts\/30475","targetHints":{"allow":["GET"]}}],"collection":[{"href":"https:\/\/informelitoral.com.ar\/%77%70%2d%6a%73%6f%6e\/wp\/v2\/posts"}],"about":[{"href":"https:\/\/informelitoral.com.ar\/%77%70%2d%6a%73%6f%6e\/wp\/v2\/types\/post"}],"author":[{"embeddable":true,"href":"https:\/\/informelitoral.com.ar\/%77%70%2d%6a%73%6f%6e\/wp\/v2\/users\/2"}],"replies":[{"embeddable":true,"href":"https:\/\/informelitoral.com.ar\/%77%70%2d%6a%73%6f%6e\/wp\/v2\/comments?post=30475"}],"version-history":[{"count":0,"href":"https:\/\/informelitoral.com.ar\/%77%70%2d%6a%73%6f%6e\/wp\/v2\/posts\/30475\/revisions"}],"wp:featuredmedia":[{"embeddable":true,"href":"https:\/\/informelitoral.com.ar\/%77%70%2d%6a%73%6f%6e\/wp\/v2\/media\/30476"}],"wp:attachment":[{"href":"https:\/\/informelitoral.com.ar\/%77%70%2d%6a%73%6f%6e\/wp\/v2\/media?parent=30475"}],"wp:term":[{"taxonomy":"category","embeddable":true,"href":"https:\/\/informelitoral.com.ar\/%77%70%2d%6a%73%6f%6e\/wp\/v2\/categories?post=30475"},{"taxonomy":"post_tag","embeddable":true,"href":"https:\/\/informelitoral.com.ar\/%77%70%2d%6a%73%6f%6e\/wp\/v2\/tags?post=30475"}],"curies":[{"name":"wp","href":"https:\/\/api.w.org\/{rel}","templated":true}]}}