{"id":30467,"date":"2018-11-06T11:40:28","date_gmt":"2018-11-06T14:40:28","guid":{"rendered":"https:\/\/www.isletasnoticias.com.ar\/?p=30467"},"modified":"2018-11-06T11:40:28","modified_gmt":"2018-11-06T14:40:28","slug":"libertador-san-martin-le-pidio-matrimonio-en-el-lugar-menos-pensado","status":"publish","type":"post","link":"https:\/\/informelitoral.com.ar\/libertador-san-martin-le-pidio-matrimonio-en-el-lugar-menos-pensado\/","title":{"rendered":"Libertador San Mart\u00edn: le pidi\u00f3 matrimonio en el lugar menos pensado"},"content":{"rendered":"<p class=\"p1\"><span class=\"s1\">El domingo, durante el acto de graduaci\u00f3n de los estudiantes de Medicina de la Universidad Adventista del Plata, se produjo un hecho sorprendente, in\u00e9dito y emocionante.<\/span><\/p>\n<p class=\"p1\"><span class=\"s1\">En el Auditorio Mayor, frente a graduados, familias, y autoridades de de la Iglesia Adventista, una estudiante brasile\u00f1a que recib\u00eda su t\u00edtulo, fue sorprendida por su novio con un p\u00fablico y sorprendente pedido de matrimonio.<\/span><\/p>\n<p class=\"p1\"><span class=\"s1\">Seg\u00fan publica <em>Paralelo 32,<\/em> la protagonista de esta historia es Mariana, una chica nacida en San Pablo, y radicada junto a su familia en Porto Alegre (Brasil).<\/span><\/p>\n<p class=\"p1\"><span class=\"s1\">En Libertador San Mart\u00edn, Mariana curs\u00f3 la carrera de medicina y fue quien tuvo a su cargo la lectura del discurso de gratitud en el marco del acto de entrega de t\u00edtulos.<\/span><\/p>\n<p class=\"p1\"><span class=\"s1\">Una vez que termin\u00f3 con la presentaci\u00f3n, el Mag. Horacio Rizzo, rector de la UAP se acerc\u00f3 para preguntarle quienes la estaban acompa\u00f1ando, a lo que la graduada indic\u00f3 que \u201cvino toda mi familia; mi padre, mi madre, mi hermana, mi hermano, mi cu\u00f1ado y mi novio\u201d. Seguidamente la pregunta fue si su novio era argentino, a lo que contest\u00f3 que \u201cno, no es de aqu\u00ed, es brasilero\u201d.<\/span><\/p>\n<p class=\"p1\"><span class=\"s1\">As\u00ed fue que Rizzo invit\u00f3 a Gustavo, a subir al escenario para que todos los presentes conocieran al novio de esta nueva profesional. Al subir al estrado, quien mediaba de presentador del momento le realiz\u00f3 algunas preguntas al enamorado, que permitieron una r\u00e1pida presentaci\u00f3n ante el p\u00fablico para seguidamente indicar que \u201cacredito que Gustavo tiene algo para decirte a vos\u201d.<\/span><\/p>\n<p class=\"p1\"><span class=\"s1\">Acto seguido el novio expres\u00f3 por micr\u00f3fono que \u201cyo no hablo espa\u00f1ol, entonces voy a hablar en portugu\u00e9s\u201d, y mir\u00e1ndola a los ojos le dijo que \u201cllevamos mucho tiempo juntos; y s\u00e9 que este es un lugar especial para ti, s\u00e9 que est\u00e1s con personas que son especiales para ti, y que este es el fin de una etapa que da comienzo a una nueva etapa. Y sabiendo que eso es especial para ti, quiero que este sea un momento especial para ambos\u2026\u201d, y fue el momento en que sacando del bolsillo interno de su abrigo de jean, una peque\u00f1a caja, se arrodill\u00f3 frente a su amada declar\u00e1ndole su amor incondicional al pedirle casamiento. La respuesta recibida fue un \u201csi, acepto casarme contigo\u201d.<\/span><\/p>\n<p class=\"p1\"><span class=\"s1\">La respuesta fue celebrada con un cerrado aplauso por parte de todos los presentes.<\/span><\/p>\n","protected":false},"excerpt":{"rendered":"<p>La incre\u00edble historia de amor de una estudiante brasile\u00f1a y su novio en el seno de la Universidad Adventista del Plata.<\/p>\n","protected":false},"author":2,"featured_media":30468,"comment_status":"open","ping_status":"open","sticky":false,"template":"","format":"standard","meta":{"fifu_image_url":"","fifu_image_alt":"","footnotes":""},"categories":[5,9],"tags":[],"class_list":{"0":"post-30467","1":"post","2":"type-post","3":"status-publish","4":"format-standard","5":"has-post-thumbnail","7":"category-zonales","8":"category-sociedad"},"yoast_head":"<title>Libertador San Mart\u00edn: le pidi\u00f3 matrimonio en el lugar menos pensado - Informe Litoral<\/title>\n<meta name=\"robots\" content=\"index, follow, max-snippet:-1, max-image-preview:large, max-video-preview:-1\" \/>\n<link rel=\"canonical\" href=\"https:\/\/informelitoral.com.ar\/libertador-san-martin-le-pidio-matrimonio-en-el-lugar-menos-pensado\/\" \/>\n<meta property=\"og:locale\" content=\"es_ES\" \/>\n<meta property=\"og:type\" content=\"article\" \/>\n<meta property=\"og:title\" content=\"Libertador San Mart\u00edn: le pidi\u00f3 matrimonio en el lugar menos pensado - Informe Litoral\" \/>\n<meta property=\"og:description\" content=\"La incre\u00edble historia de amor de una estudiante brasile\u00f1a y su novio en el seno de la Universidad Adventista del Plata.\" \/>\n<meta property=\"og:url\" content=\"https:\/\/informelitoral.com.ar\/libertador-san-martin-le-pidio-matrimonio-en-el-lugar-menos-pensado\/\" \/>\n<meta property=\"og:site_name\" content=\"Informe Litoral\" \/>\n<meta property=\"article:publisher\" content=\"https:\/\/www.facebook.com\/informelitoral\/\" \/>\n<meta property=\"article:published_time\" content=\"2018-11-06T14:40:28+00:00\" \/>\n<meta property=\"og:image\" content=\"https:\/\/informelitoral.com.ar\/%77%70%2d%63%6f%6e%74%65%6e%74\/uploads\/2018\/11\/Le-propuso-matrimonio-en-la-facultada-696x397.jpg\" \/>\n\t<meta property=\"og:image:width\" content=\"696\" \/>\n\t<meta property=\"og:image:height\" content=\"397\" \/>\n\t<meta property=\"og:image:type\" content=\"image\/jpeg\" \/>\n<meta name=\"author\" content=\"Gonzalo Schmidt\" \/>\n<meta name=\"twitter:card\" content=\"summary_large_image\" \/>\n<meta name=\"twitter:creator\" content=\"@InformeLitoral\" \/>\n<meta name=\"twitter:site\" content=\"@InformeLitoral\" \/>\n<meta name=\"twitter:label1\" content=\"Escrito por\" \/>\n\t<meta name=\"twitter:data1\" content=\"Gonzalo Schmidt\" \/>\n\t<meta name=\"twitter:label2\" content=\"Tiempo de lectura\" \/>\n\t<meta name=\"twitter:data2\" content=\"2 minutos\" \/>\n<script type=\"application\/ld+json\" class=\"yoast-schema-graph\">{\"@context\":\"https:\\\/\\\/schema.org\",\"@graph\":[{\"@type\":\"Article\",\"@id\":\"https:\\\/\\\/informelitoral.com.ar\\\/libertador-san-martin-le-pidio-matrimonio-en-el-lugar-menos-pensado\\\/#article\",\"isPartOf\":{\"@id\":\"https:\\\/\\\/informelitoral.com.ar\\\/libertador-san-martin-le-pidio-matrimonio-en-el-lugar-menos-pensado\\\/\"},\"author\":{\"name\":\"Gonzalo Schmidt\",\"@id\":\"https:\\\/\\\/informelitoral.com.ar\\\/#\\\/schema\\\/person\\\/b9d00407c836482871ef1d57bf8e3180\"},\"headline\":\"Libertador San Mart\u00edn: le pidi\u00f3 matrimonio en el lugar menos pensado\",\"datePublished\":\"2018-11-06T14:40:28+00:00\",\"mainEntityOfPage\":{\"@id\":\"https:\\\/\\\/informelitoral.com.ar\\\/libertador-san-martin-le-pidio-matrimonio-en-el-lugar-menos-pensado\\\/\"},\"wordCount\":418,\"commentCount\":0,\"publisher\":{\"@id\":\"https:\\\/\\\/informelitoral.com.ar\\\/#organization\"},\"image\":{\"@id\":\"https:\\\/\\\/informelitoral.com.ar\\\/libertador-san-martin-le-pidio-matrimonio-en-el-lugar-menos-pensado\\\/#primaryimage\"},\"thumbnailUrl\":\"https:\\\/\\\/informelitoral.com.ar\\\/%77%70%2d%63%6f%6e%74%65%6e%74\\\/uploads\\\/2018\\\/11\\\/Le-propuso-matrimonio-en-la-facultada-696x397.jpg\",\"articleSection\":[\"Departamento Diamante\",\"Sociedad\"],\"inLanguage\":\"es\",\"potentialAction\":[{\"@type\":\"CommentAction\",\"name\":\"Comment\",\"target\":[\"https:\\\/\\\/informelitoral.com.ar\\\/libertador-san-martin-le-pidio-matrimonio-en-el-lugar-menos-pensado\\\/#respond\"]}]},{\"@type\":\"WebPage\",\"@id\":\"https:\\\/\\\/informelitoral.com.ar\\\/libertador-san-martin-le-pidio-matrimonio-en-el-lugar-menos-pensado\\\/\",\"url\":\"https:\\\/\\\/informelitoral.com.ar\\\/libertador-san-martin-le-pidio-matrimonio-en-el-lugar-menos-pensado\\\/\",\"name\":\"Libertador San Mart\u00edn: le pidi\u00f3 matrimonio en el lugar menos pensado - Informe Litoral\",\"isPartOf\":{\"@id\":\"https:\\\/\\\/informelitoral.com.ar\\\/#website\"},\"primaryImageOfPage\":{\"@id\":\"https:\\\/\\\/informelitoral.com.ar\\\/libertador-san-martin-le-pidio-matrimonio-en-el-lugar-menos-pensado\\\/#primaryimage\"},\"image\":{\"@id\":\"https:\\\/\\\/informelitoral.com.ar\\\/libertador-san-martin-le-pidio-matrimonio-en-el-lugar-menos-pensado\\\/#primaryimage\"},\"thumbnailUrl\":\"https:\\\/\\\/informelitoral.com.ar\\\/%77%70%2d%63%6f%6e%74%65%6e%74\\\/uploads\\\/2018\\\/11\\\/Le-propuso-matrimonio-en-la-facultada-696x397.jpg\",\"datePublished\":\"2018-11-06T14:40:28+00:00\",\"breadcrumb\":{\"@id\":\"https:\\\/\\\/informelitoral.com.ar\\\/libertador-san-martin-le-pidio-matrimonio-en-el-lugar-menos-pensado\\\/#breadcrumb\"},\"inLanguage\":\"es\",\"potentialAction\":[{\"@type\":\"ReadAction\",\"target\":[\"https:\\\/\\\/informelitoral.com.ar\\\/libertador-san-martin-le-pidio-matrimonio-en-el-lugar-menos-pensado\\\/\"]}]},{\"@type\":\"ImageObject\",\"inLanguage\":\"es\",\"@id\":\"https:\\\/\\\/informelitoral.com.ar\\\/libertador-san-martin-le-pidio-matrimonio-en-el-lugar-menos-pensado\\\/#primaryimage\",\"url\":\"https:\\\/\\\/informelitoral.com.ar\\\/%77%70%2d%63%6f%6e%74%65%6e%74\\\/uploads\\\/2018\\\/11\\\/Le-propuso-matrimonio-en-la-facultada-696x397.jpg\",\"contentUrl\":\"https:\\\/\\\/informelitoral.com.ar\\\/%77%70%2d%63%6f%6e%74%65%6e%74\\\/uploads\\\/2018\\\/11\\\/Le-propuso-matrimonio-en-la-facultada-696x397.jpg\",\"width\":696,\"height\":397},{\"@type\":\"BreadcrumbList\",\"@id\":\"https:\\\/\\\/informelitoral.com.ar\\\/libertador-san-martin-le-pidio-matrimonio-en-el-lugar-menos-pensado\\\/#breadcrumb\",\"itemListElement\":[{\"@type\":\"ListItem\",\"position\":1,\"name\":\"Portada\",\"item\":\"https:\\\/\\\/informelitoral.com.ar\\\/\"},{\"@type\":\"ListItem\",\"position\":2,\"name\":\"Libertador San Mart\u00edn: le pidi\u00f3 matrimonio en el lugar menos pensado\"}]},{\"@type\":\"WebSite\",\"@id\":\"https:\\\/\\\/informelitoral.com.ar\\\/#website\",\"url\":\"https:\\\/\\\/informelitoral.com.ar\\\/\",\"name\":\"Informe Litoral\",\"description\":\"&quot;Nos informamos&quot; \",\"publisher\":{\"@id\":\"https:\\\/\\\/informelitoral.com.ar\\\/#organization\"},\"potentialAction\":[{\"@type\":\"SearchAction\",\"target\":{\"@type\":\"EntryPoint\",\"urlTemplate\":\"https:\\\/\\\/informelitoral.com.ar\\\/?s={search_term_string}\"},\"query-input\":{\"@type\":\"PropertyValueSpecification\",\"valueRequired\":true,\"valueName\":\"search_term_string\"}}],\"inLanguage\":\"es\"},{\"@type\":\"Organization\",\"@id\":\"https:\\\/\\\/informelitoral.com.ar\\\/#organization\",\"name\":\"Informe Litoral\",\"url\":\"https:\\\/\\\/informelitoral.com.ar\\\/\",\"logo\":{\"@type\":\"ImageObject\",\"inLanguage\":\"es\",\"@id\":\"https:\\\/\\\/informelitoral.com.ar\\\/#\\\/schema\\\/logo\\\/image\\\/\",\"url\":\"https:\\\/\\\/informelitoral.com.ar\\\/%77%70%2d%63%6f%6e%74%65%6e%74\\\/uploads\\\/2021\\\/01\\\/circulo.png\",\"contentUrl\":\"https:\\\/\\\/informelitoral.com.ar\\\/%77%70%2d%63%6f%6e%74%65%6e%74\\\/uploads\\\/2021\\\/01\\\/circulo.png\",\"width\":723,\"height\":731,\"caption\":\"Informe Litoral\"},\"image\":{\"@id\":\"https:\\\/\\\/informelitoral.com.ar\\\/#\\\/schema\\\/logo\\\/image\\\/\"},\"sameAs\":[\"https:\\\/\\\/www.facebook.com\\\/informelitoral\\\/\",\"https:\\\/\\\/x.com\\\/InformeLitoral\",\"https:\\\/\\\/www.instagram.com\\\/informelitoral\\\/\",\"https:\\\/\\\/www.youtube.com\\\/channel\\\/UCua4Qvz8Icb6MYqhoq9xLXw\"]},{\"@type\":\"Person\",\"@id\":\"https:\\\/\\\/informelitoral.com.ar\\\/#\\\/schema\\\/person\\\/b9d00407c836482871ef1d57bf8e3180\",\"name\":\"Gonzalo Schmidt\",\"image\":{\"@type\":\"ImageObject\",\"inLanguage\":\"es\",\"@id\":\"https:\\\/\\\/secure.gravatar.com\\\/avatar\\\/31a1a7b66ff2de83bd0e9fd79d026630d2d99e55e8bfe501287647b4fd9743de?s=96&d=mm&r=g\",\"url\":\"https:\\\/\\\/secure.gravatar.com\\\/avatar\\\/31a1a7b66ff2de83bd0e9fd79d026630d2d99e55e8bfe501287647b4fd9743de?s=96&d=mm&r=g\",\"contentUrl\":\"https:\\\/\\\/secure.gravatar.com\\\/avatar\\\/31a1a7b66ff2de83bd0e9fd79d026630d2d99e55e8bfe501287647b4fd9743de?s=96&d=mm&r=g\",\"caption\":\"Gonzalo Schmidt\"},\"description\":\"Sitio web de noticias de la provincia de Entre R\u00edos, Argentina. Informaci\u00f3n y entretenimiento. Informe Litoral, nos informamos.\",\"sameAs\":[\"http:\\\/\\\/www.isletasnoticias.com.ar\"],\"url\":\"https:\\\/\\\/informelitoral.com.ar\\\/author\\\/gonzalo\\\/\"}]}<\/script>","yoast_head_json":{"title":"Libertador San Mart\u00edn: le pidi\u00f3 matrimonio en el lugar menos pensado - Informe Litoral","robots":{"index":"index","follow":"follow","max-snippet":"max-snippet:-1","max-image-preview":"max-image-preview:large","max-video-preview":"max-video-preview:-1"},"canonical":"https:\/\/informelitoral.com.ar\/libertador-san-martin-le-pidio-matrimonio-en-el-lugar-menos-pensado\/","og_locale":"es_ES","og_type":"article","og_title":"Libertador San Mart\u00edn: le pidi\u00f3 matrimonio en el lugar menos pensado - Informe Litoral","og_description":"La incre\u00edble historia de amor de una estudiante brasile\u00f1a y su novio en el seno de la Universidad Adventista del Plata.","og_url":"https:\/\/informelitoral.com.ar\/libertador-san-martin-le-pidio-matrimonio-en-el-lugar-menos-pensado\/","og_site_name":"Informe Litoral","article_publisher":"https:\/\/www.facebook.com\/informelitoral\/","article_published_time":"2018-11-06T14:40:28+00:00","og_image":[{"width":696,"height":397,"url":"https:\/\/informelitoral.com.ar\/%77%70%2d%63%6f%6e%74%65%6e%74\/uploads\/2018\/11\/Le-propuso-matrimonio-en-la-facultada-696x397.jpg","type":"image\/jpeg"}],"author":"Gonzalo Schmidt","twitter_card":"summary_large_image","twitter_creator":"@InformeLitoral","twitter_site":"@InformeLitoral","twitter_misc":{"Escrito por":"Gonzalo Schmidt","Tiempo de lectura":"2 minutos"},"schema":{"@context":"https:\/\/schema.org","@graph":[{"@type":"Article","@id":"https:\/\/informelitoral.com.ar\/libertador-san-martin-le-pidio-matrimonio-en-el-lugar-menos-pensado\/#article","isPartOf":{"@id":"https:\/\/informelitoral.com.ar\/libertador-san-martin-le-pidio-matrimonio-en-el-lugar-menos-pensado\/"},"author":{"name":"Gonzalo Schmidt","@id":"https:\/\/informelitoral.com.ar\/#\/schema\/person\/b9d00407c836482871ef1d57bf8e3180"},"headline":"Libertador San Mart\u00edn: le pidi\u00f3 matrimonio en el lugar menos pensado","datePublished":"2018-11-06T14:40:28+00:00","mainEntityOfPage":{"@id":"https:\/\/informelitoral.com.ar\/libertador-san-martin-le-pidio-matrimonio-en-el-lugar-menos-pensado\/"},"wordCount":418,"commentCount":0,"publisher":{"@id":"https:\/\/informelitoral.com.ar\/#organization"},"image":{"@id":"https:\/\/informelitoral.com.ar\/libertador-san-martin-le-pidio-matrimonio-en-el-lugar-menos-pensado\/#primaryimage"},"thumbnailUrl":"https:\/\/informelitoral.com.ar\/%77%70%2d%63%6f%6e%74%65%6e%74\/uploads\/2018\/11\/Le-propuso-matrimonio-en-la-facultada-696x397.jpg","articleSection":["Departamento Diamante","Sociedad"],"inLanguage":"es","potentialAction":[{"@type":"CommentAction","name":"Comment","target":["https:\/\/informelitoral.com.ar\/libertador-san-martin-le-pidio-matrimonio-en-el-lugar-menos-pensado\/#respond"]}]},{"@type":"WebPage","@id":"https:\/\/informelitoral.com.ar\/libertador-san-martin-le-pidio-matrimonio-en-el-lugar-menos-pensado\/","url":"https:\/\/informelitoral.com.ar\/libertador-san-martin-le-pidio-matrimonio-en-el-lugar-menos-pensado\/","name":"Libertador San Mart\u00edn: le pidi\u00f3 matrimonio en el lugar menos pensado - Informe Litoral","isPartOf":{"@id":"https:\/\/informelitoral.com.ar\/#website"},"primaryImageOfPage":{"@id":"https:\/\/informelitoral.com.ar\/libertador-san-martin-le-pidio-matrimonio-en-el-lugar-menos-pensado\/#primaryimage"},"image":{"@id":"https:\/\/informelitoral.com.ar\/libertador-san-martin-le-pidio-matrimonio-en-el-lugar-menos-pensado\/#primaryimage"},"thumbnailUrl":"https:\/\/informelitoral.com.ar\/%77%70%2d%63%6f%6e%74%65%6e%74\/uploads\/2018\/11\/Le-propuso-matrimonio-en-la-facultada-696x397.jpg","datePublished":"2018-11-06T14:40:28+00:00","breadcrumb":{"@id":"https:\/\/informelitoral.com.ar\/libertador-san-martin-le-pidio-matrimonio-en-el-lugar-menos-pensado\/#breadcrumb"},"inLanguage":"es","potentialAction":[{"@type":"ReadAction","target":["https:\/\/informelitoral.com.ar\/libertador-san-martin-le-pidio-matrimonio-en-el-lugar-menos-pensado\/"]}]},{"@type":"ImageObject","inLanguage":"es","@id":"https:\/\/informelitoral.com.ar\/libertador-san-martin-le-pidio-matrimonio-en-el-lugar-menos-pensado\/#primaryimage","url":"https:\/\/informelitoral.com.ar\/%77%70%2d%63%6f%6e%74%65%6e%74\/uploads\/2018\/11\/Le-propuso-matrimonio-en-la-facultada-696x397.jpg","contentUrl":"https:\/\/informelitoral.com.ar\/%77%70%2d%63%6f%6e%74%65%6e%74\/uploads\/2018\/11\/Le-propuso-matrimonio-en-la-facultada-696x397.jpg","width":696,"height":397},{"@type":"BreadcrumbList","@id":"https:\/\/informelitoral.com.ar\/libertador-san-martin-le-pidio-matrimonio-en-el-lugar-menos-pensado\/#breadcrumb","itemListElement":[{"@type":"ListItem","position":1,"name":"Portada","item":"https:\/\/informelitoral.com.ar\/"},{"@type":"ListItem","position":2,"name":"Libertador San Mart\u00edn: le pidi\u00f3 matrimonio en el lugar menos pensado"}]},{"@type":"WebSite","@id":"https:\/\/informelitoral.com.ar\/#website","url":"https:\/\/informelitoral.com.ar\/","name":"Informe Litoral","description":"&quot;Nos informamos&quot; ","publisher":{"@id":"https:\/\/informelitoral.com.ar\/#organization"},"potentialAction":[{"@type":"SearchAction","target":{"@type":"EntryPoint","urlTemplate":"https:\/\/informelitoral.com.ar\/?s={search_term_string}"},"query-input":{"@type":"PropertyValueSpecification","valueRequired":true,"valueName":"search_term_string"}}],"inLanguage":"es"},{"@type":"Organization","@id":"https:\/\/informelitoral.com.ar\/#organization","name":"Informe Litoral","url":"https:\/\/informelitoral.com.ar\/","logo":{"@type":"ImageObject","inLanguage":"es","@id":"https:\/\/informelitoral.com.ar\/#\/schema\/logo\/image\/","url":"https:\/\/informelitoral.com.ar\/%77%70%2d%63%6f%6e%74%65%6e%74\/uploads\/2021\/01\/circulo.png","contentUrl":"https:\/\/informelitoral.com.ar\/%77%70%2d%63%6f%6e%74%65%6e%74\/uploads\/2021\/01\/circulo.png","width":723,"height":731,"caption":"Informe Litoral"},"image":{"@id":"https:\/\/informelitoral.com.ar\/#\/schema\/logo\/image\/"},"sameAs":["https:\/\/www.facebook.com\/informelitoral\/","https:\/\/x.com\/InformeLitoral","https:\/\/www.instagram.com\/informelitoral\/","https:\/\/www.youtube.com\/channel\/UCua4Qvz8Icb6MYqhoq9xLXw"]},{"@type":"Person","@id":"https:\/\/informelitoral.com.ar\/#\/schema\/person\/b9d00407c836482871ef1d57bf8e3180","name":"Gonzalo Schmidt","image":{"@type":"ImageObject","inLanguage":"es","@id":"https:\/\/secure.gravatar.com\/avatar\/31a1a7b66ff2de83bd0e9fd79d026630d2d99e55e8bfe501287647b4fd9743de?s=96&d=mm&r=g","url":"https:\/\/secure.gravatar.com\/avatar\/31a1a7b66ff2de83bd0e9fd79d026630d2d99e55e8bfe501287647b4fd9743de?s=96&d=mm&r=g","contentUrl":"https:\/\/secure.gravatar.com\/avatar\/31a1a7b66ff2de83bd0e9fd79d026630d2d99e55e8bfe501287647b4fd9743de?s=96&d=mm&r=g","caption":"Gonzalo Schmidt"},"description":"Sitio web de noticias de la provincia de Entre R\u00edos, Argentina. Informaci\u00f3n y entretenimiento. Informe Litoral, nos informamos.","sameAs":["http:\/\/www.isletasnoticias.com.ar"],"url":"https:\/\/informelitoral.com.ar\/author\/gonzalo\/"}]}},"_links":{"self":[{"href":"https:\/\/informelitoral.com.ar\/%77%70%2d%6a%73%6f%6e\/wp\/v2\/posts\/30467","targetHints":{"allow":["GET"]}}],"collection":[{"href":"https:\/\/informelitoral.com.ar\/%77%70%2d%6a%73%6f%6e\/wp\/v2\/posts"}],"about":[{"href":"https:\/\/informelitoral.com.ar\/%77%70%2d%6a%73%6f%6e\/wp\/v2\/types\/post"}],"author":[{"embeddable":true,"href":"https:\/\/informelitoral.com.ar\/%77%70%2d%6a%73%6f%6e\/wp\/v2\/users\/2"}],"replies":[{"embeddable":true,"href":"https:\/\/informelitoral.com.ar\/%77%70%2d%6a%73%6f%6e\/wp\/v2\/comments?post=30467"}],"version-history":[{"count":0,"href":"https:\/\/informelitoral.com.ar\/%77%70%2d%6a%73%6f%6e\/wp\/v2\/posts\/30467\/revisions"}],"wp:featuredmedia":[{"embeddable":true,"href":"https:\/\/informelitoral.com.ar\/%77%70%2d%6a%73%6f%6e\/wp\/v2\/media\/30468"}],"wp:attachment":[{"href":"https:\/\/informelitoral.com.ar\/%77%70%2d%6a%73%6f%6e\/wp\/v2\/media?parent=30467"}],"wp:term":[{"taxonomy":"category","embeddable":true,"href":"https:\/\/informelitoral.com.ar\/%77%70%2d%6a%73%6f%6e\/wp\/v2\/categories?post=30467"},{"taxonomy":"post_tag","embeddable":true,"href":"https:\/\/informelitoral.com.ar\/%77%70%2d%6a%73%6f%6e\/wp\/v2\/tags?post=30467"}],"curies":[{"name":"wp","href":"https:\/\/api.w.org\/{rel}","templated":true}]}}