{"id":30460,"date":"2018-11-06T10:05:43","date_gmt":"2018-11-06T13:05:43","guid":{"rendered":"https:\/\/www.isletasnoticias.com.ar\/?p=30460"},"modified":"2018-11-06T10:05:43","modified_gmt":"2018-11-06T13:05:43","slug":"ramirez-el-canoero-participo-de-una-jornada-sobre-concientizacion-ambiental","status":"publish","type":"post","link":"https:\/\/informelitoral.com.ar\/ramirez-el-canoero-participo-de-una-jornada-sobre-concientizacion-ambiental\/","title":{"rendered":"Ram\u00edrez: El Canoero particip\u00f3 de una jornada sobre concientizaci\u00f3n ambiental"},"content":{"rendered":"<p>Despu\u00e9s de varios meses de actividad por los barrios de<strong> Ram\u00edrez<\/strong>, el <strong>taller de sensibilidad ambiental<\/strong> lleg\u00f3 a su final bajo la organizaci\u00f3n de la Municipalidad y la Fundaci\u00f3n Eco Urbano.<\/p>\n<p>Fue \u00abuna campa\u00f1a que tuvo como protagonistas a los ni\u00f1os y ni\u00f1as de las escuelas primarias de nuestra ciudad. Ellos tuvieron la noble tarea de recorrer casa por casa para comentarles a los vecinos sobre los beneficios de la separaci\u00f3n de residuos. Pero antes los alumnos se capacitaron intensamente para poder diferenciar los residuos reciclables de los que son considerados basura\u00bb, indicaron desde el municipio.<a href=\"https:\/\/www.isletasnoticias.com.ar\/%77%70%2d%63%6f%6e%74%65%6e%74\/uploads\/2018\/11\/45361687_1157588514392069_4461817395241025536_n.jpg\"><img loading=\"lazy\" decoding=\"async\" class=\"aligncenter wp-image-30463 size-full\" src=\"https:\/\/www.isletasnoticias.com.ar\/%77%70%2d%63%6f%6e%74%65%6e%74\/uploads\/2018\/11\/45361687_1157588514392069_4461817395241025536_n.jpg\" alt=\"\" width=\"960\" height=\"640\" srcset=\"https:\/\/informelitoral.com.ar\/%77%70%2d%63%6f%6e%74%65%6e%74\/uploads\/2018\/11\/45361687_1157588514392069_4461817395241025536_n.jpg 960w, https:\/\/informelitoral.com.ar\/%77%70%2d%63%6f%6e%74%65%6e%74\/uploads\/2018\/11\/45361687_1157588514392069_4461817395241025536_n-300x200.jpg 300w, https:\/\/informelitoral.com.ar\/%77%70%2d%63%6f%6e%74%65%6e%74\/uploads\/2018\/11\/45361687_1157588514392069_4461817395241025536_n-768x512.jpg 768w, https:\/\/informelitoral.com.ar\/%77%70%2d%63%6f%6e%74%65%6e%74\/uploads\/2018\/11\/45361687_1157588514392069_4461817395241025536_n-696x464.jpg 696w, https:\/\/informelitoral.com.ar\/%77%70%2d%63%6f%6e%74%65%6e%74\/uploads\/2018\/11\/45361687_1157588514392069_4461817395241025536_n-630x420.jpg 630w\" sizes=\"auto, (max-width: 960px) 100vw, 960px\" \/><\/a><\/p>\n<p>En este sentido, para celebrar los logros obtenidos durante este tiempo, se llev\u00f3 adelante una <strong>jornada concientizadora en la Casa Municipal de la Cultura con todos los sextos grado<\/strong>. El n\u00famero central estuvo a cargo del reconocido m\u00fasico y compositor <strong>El<\/strong>\u00a0<strong>Canoero<\/strong>, un amante y defensor de la vida en la naturaleza. \u00abPosteriormente se entregaron los certificados a todos los chicos, que con mucho entusiasmo aportaron su granito de arena para cambiar el mundo. Finalmente, la Escuela de Educaci\u00f3n Integral N\u00b05, Alborada present\u00f3 la canci\u00f3n &#8216;Cumbia pa\u2019 reciclar&#8217;, a cargo del profesor Javier Schmidt\u00bb, se inform\u00f3.<\/p>\n<p>\u201cDecidimos reunirnos y volvernos a encontrar con todos los chicos con quienes trabajamos en los talleres de la Fundaci\u00f3n Eco Urbano. Desde abril comenzamos un trabajo muy intenso y estamos contentos con el resultado. Este es el primer paso por lo que continuaremos el a\u00f1o que viene\u201d, expres\u00f3 la secretaria de Relaciones con la Comunidad, <strong>Flavia Pamberger.<a href=\"https:\/\/www.isletasnoticias.com.ar\/%77%70%2d%63%6f%6e%74%65%6e%74\/uploads\/2018\/11\/45442011_1157588507725403_8783709497622265856_n.jpg\"><img loading=\"lazy\" decoding=\"async\" class=\"aligncenter wp-image-30462 size-full\" src=\"https:\/\/www.isletasnoticias.com.ar\/%77%70%2d%63%6f%6e%74%65%6e%74\/uploads\/2018\/11\/45442011_1157588507725403_8783709497622265856_n.jpg\" alt=\"\" width=\"960\" height=\"640\" srcset=\"https:\/\/informelitoral.com.ar\/%77%70%2d%63%6f%6e%74%65%6e%74\/uploads\/2018\/11\/45442011_1157588507725403_8783709497622265856_n.jpg 960w, https:\/\/informelitoral.com.ar\/%77%70%2d%63%6f%6e%74%65%6e%74\/uploads\/2018\/11\/45442011_1157588507725403_8783709497622265856_n-300x200.jpg 300w, https:\/\/informelitoral.com.ar\/%77%70%2d%63%6f%6e%74%65%6e%74\/uploads\/2018\/11\/45442011_1157588507725403_8783709497622265856_n-768x512.jpg 768w, https:\/\/informelitoral.com.ar\/%77%70%2d%63%6f%6e%74%65%6e%74\/uploads\/2018\/11\/45442011_1157588507725403_8783709497622265856_n-696x464.jpg 696w, https:\/\/informelitoral.com.ar\/%77%70%2d%63%6f%6e%74%65%6e%74\/uploads\/2018\/11\/45442011_1157588507725403_8783709497622265856_n-630x420.jpg 630w\" sizes=\"auto, (max-width: 960px) 100vw, 960px\" \/><\/a><\/strong><\/p>\n<p>En este sentido, la responsable del \u00c1rea de Educaci\u00f3n Ambiental de dicha fundaci\u00f3n, <strong>Vanesa Zehnder<\/strong>, dej\u00f3 en claro que \u201cfue un a\u00f1o muy intenso y estamos m\u00e1s que contentos porque la respuesta ha sido excelente de parte de las escuelas, directivos, docentes y los protagonistas que son los ni\u00f1os. La escuela se convirti\u00f3, de alguna manera, en una usina de proyectos y propuestas que se vuelcan en la comunidad. Sin lugar a dudas, los residuos no son cualquier tema porque sabemos que nos atraviesa como comunidad\u201d.<\/p>\n<p>\u201cEstamos comprometidos con el medio ambiente porque es la herencia m\u00e1s importante que le podemos dejar a nuestros hijos. Todo lo que haga uno cuenta. Creo que lo m\u00e1s importante es tomar la iniciativa de los gurises\u201d, concluy\u00f3 el Canoero.<a href=\"https:\/\/www.isletasnoticias.com.ar\/%77%70%2d%63%6f%6e%74%65%6e%74\/uploads\/2018\/11\/45493674_1157587524392168_5974047862307160064_n.jpg\"><img loading=\"lazy\" decoding=\"async\" class=\"aligncenter wp-image-30465 size-full\" src=\"https:\/\/www.isletasnoticias.com.ar\/%77%70%2d%63%6f%6e%74%65%6e%74\/uploads\/2018\/11\/45493674_1157587524392168_5974047862307160064_n.jpg\" alt=\"\" width=\"960\" height=\"640\" srcset=\"https:\/\/informelitoral.com.ar\/%77%70%2d%63%6f%6e%74%65%6e%74\/uploads\/2018\/11\/45493674_1157587524392168_5974047862307160064_n.jpg 960w, https:\/\/informelitoral.com.ar\/%77%70%2d%63%6f%6e%74%65%6e%74\/uploads\/2018\/11\/45493674_1157587524392168_5974047862307160064_n-300x200.jpg 300w, https:\/\/informelitoral.com.ar\/%77%70%2d%63%6f%6e%74%65%6e%74\/uploads\/2018\/11\/45493674_1157587524392168_5974047862307160064_n-768x512.jpg 768w, https:\/\/informelitoral.com.ar\/%77%70%2d%63%6f%6e%74%65%6e%74\/uploads\/2018\/11\/45493674_1157587524392168_5974047862307160064_n-696x464.jpg 696w, https:\/\/informelitoral.com.ar\/%77%70%2d%63%6f%6e%74%65%6e%74\/uploads\/2018\/11\/45493674_1157587524392168_5974047862307160064_n-630x420.jpg 630w\" sizes=\"auto, (max-width: 960px) 100vw, 960px\" \/><\/a><\/p>\n<p>En el encuentro tambi\u00e9n se hicieron presentes los recolectores de residuos, quienes \u00abllevan adelante una labor important\u00edsima en la separaci\u00f3n\u00bb.<\/p>\n<p>Desde la Municipalidad agradecen \u00abla predisposici\u00f3n de los establecimientos educativos para llevar adelante este proyecto que, en definitiva, nos afecta a todos\u00bb, concluye el comunicado.<\/p>\n","protected":false},"excerpt":{"rendered":"<p>El cantautor fue parte de una jornada desarrollada en la Casa Municipal de la Cultura y participaron los alumnos de sexto grado. <\/p>\n","protected":false},"author":2,"featured_media":30464,"comment_status":"open","ping_status":"open","sticky":false,"template":"","format":"standard","meta":{"fifu_image_url":"","fifu_image_alt":"","footnotes":""},"categories":[5],"tags":[46,173,27],"class_list":{"0":"post-30460","1":"post","2":"type-post","3":"status-publish","4":"format-standard","5":"has-post-thumbnail","7":"category-zonales","8":"tag-ambiente","9":"tag-municipio","10":"tag-ramirez"},"yoast_head":"<title>Ram\u00edrez: El Canoero particip\u00f3 de una jornada sobre concientizaci\u00f3n ambiental - Informe Litoral<\/title>\n<meta name=\"robots\" content=\"index, follow, max-snippet:-1, max-image-preview:large, max-video-preview:-1\" \/>\n<link rel=\"canonical\" href=\"https:\/\/informelitoral.com.ar\/ramirez-el-canoero-participo-de-una-jornada-sobre-concientizacion-ambiental\/\" \/>\n<meta property=\"og:locale\" content=\"es_ES\" \/>\n<meta property=\"og:type\" content=\"article\" \/>\n<meta property=\"og:title\" content=\"Ram\u00edrez: El Canoero particip\u00f3 de una jornada sobre concientizaci\u00f3n ambiental - Informe Litoral\" \/>\n<meta property=\"og:description\" content=\"El cantautor fue parte de una jornada desarrollada en la Casa Municipal de la Cultura y participaron los alumnos de sexto grado.\" \/>\n<meta property=\"og:url\" content=\"https:\/\/informelitoral.com.ar\/ramirez-el-canoero-participo-de-una-jornada-sobre-concientizacion-ambiental\/\" \/>\n<meta property=\"og:site_name\" content=\"Informe Litoral\" \/>\n<meta property=\"article:publisher\" content=\"https:\/\/www.facebook.com\/informelitoral\/\" \/>\n<meta property=\"article:published_time\" content=\"2018-11-06T13:05:43+00:00\" \/>\n<meta property=\"og:image\" content=\"https:\/\/informelitoral.com.ar\/%77%70%2d%63%6f%6e%74%65%6e%74\/uploads\/2018\/11\/45493701_1157588621058725_5940381602243674112_n.jpg\" \/>\n\t<meta property=\"og:image:width\" content=\"960\" \/>\n\t<meta property=\"og:image:height\" content=\"640\" \/>\n\t<meta property=\"og:image:type\" content=\"image\/jpeg\" \/>\n<meta name=\"author\" content=\"Gonzalo Schmidt\" \/>\n<meta name=\"twitter:card\" content=\"summary_large_image\" \/>\n<meta name=\"twitter:creator\" content=\"@InformeLitoral\" \/>\n<meta name=\"twitter:site\" content=\"@InformeLitoral\" \/>\n<meta name=\"twitter:label1\" content=\"Escrito por\" \/>\n\t<meta name=\"twitter:data1\" content=\"Gonzalo Schmidt\" \/>\n\t<meta name=\"twitter:label2\" content=\"Tiempo de lectura\" \/>\n\t<meta name=\"twitter:data2\" content=\"2 minutos\" \/>\n<script type=\"application\/ld+json\" class=\"yoast-schema-graph\">{\"@context\":\"https:\\\/\\\/schema.org\",\"@graph\":[{\"@type\":\"Article\",\"@id\":\"https:\\\/\\\/informelitoral.com.ar\\\/ramirez-el-canoero-participo-de-una-jornada-sobre-concientizacion-ambiental\\\/#article\",\"isPartOf\":{\"@id\":\"https:\\\/\\\/informelitoral.com.ar\\\/ramirez-el-canoero-participo-de-una-jornada-sobre-concientizacion-ambiental\\\/\"},\"author\":{\"name\":\"Gonzalo Schmidt\",\"@id\":\"https:\\\/\\\/informelitoral.com.ar\\\/#\\\/schema\\\/person\\\/b9d00407c836482871ef1d57bf8e3180\"},\"headline\":\"Ram\u00edrez: El Canoero particip\u00f3 de una jornada sobre concientizaci\u00f3n ambiental\",\"datePublished\":\"2018-11-06T13:05:43+00:00\",\"mainEntityOfPage\":{\"@id\":\"https:\\\/\\\/informelitoral.com.ar\\\/ramirez-el-canoero-participo-de-una-jornada-sobre-concientizacion-ambiental\\\/\"},\"wordCount\":457,\"commentCount\":0,\"publisher\":{\"@id\":\"https:\\\/\\\/informelitoral.com.ar\\\/#organization\"},\"image\":{\"@id\":\"https:\\\/\\\/informelitoral.com.ar\\\/ramirez-el-canoero-participo-de-una-jornada-sobre-concientizacion-ambiental\\\/#primaryimage\"},\"thumbnailUrl\":\"https:\\\/\\\/informelitoral.com.ar\\\/%77%70%2d%63%6f%6e%74%65%6e%74\\\/uploads\\\/2018\\\/11\\\/45493701_1157588621058725_5940381602243674112_n.jpg\",\"keywords\":[\"Ambiente\",\"Municipio\",\"Ram\u00edrez\"],\"articleSection\":[\"Departamento Diamante\"],\"inLanguage\":\"es\",\"potentialAction\":[{\"@type\":\"CommentAction\",\"name\":\"Comment\",\"target\":[\"https:\\\/\\\/informelitoral.com.ar\\\/ramirez-el-canoero-participo-de-una-jornada-sobre-concientizacion-ambiental\\\/#respond\"]}]},{\"@type\":\"WebPage\",\"@id\":\"https:\\\/\\\/informelitoral.com.ar\\\/ramirez-el-canoero-participo-de-una-jornada-sobre-concientizacion-ambiental\\\/\",\"url\":\"https:\\\/\\\/informelitoral.com.ar\\\/ramirez-el-canoero-participo-de-una-jornada-sobre-concientizacion-ambiental\\\/\",\"name\":\"Ram\u00edrez: El Canoero particip\u00f3 de una jornada sobre concientizaci\u00f3n ambiental - Informe Litoral\",\"isPartOf\":{\"@id\":\"https:\\\/\\\/informelitoral.com.ar\\\/#website\"},\"primaryImageOfPage\":{\"@id\":\"https:\\\/\\\/informelitoral.com.ar\\\/ramirez-el-canoero-participo-de-una-jornada-sobre-concientizacion-ambiental\\\/#primaryimage\"},\"image\":{\"@id\":\"https:\\\/\\\/informelitoral.com.ar\\\/ramirez-el-canoero-participo-de-una-jornada-sobre-concientizacion-ambiental\\\/#primaryimage\"},\"thumbnailUrl\":\"https:\\\/\\\/informelitoral.com.ar\\\/%77%70%2d%63%6f%6e%74%65%6e%74\\\/uploads\\\/2018\\\/11\\\/45493701_1157588621058725_5940381602243674112_n.jpg\",\"datePublished\":\"2018-11-06T13:05:43+00:00\",\"breadcrumb\":{\"@id\":\"https:\\\/\\\/informelitoral.com.ar\\\/ramirez-el-canoero-participo-de-una-jornada-sobre-concientizacion-ambiental\\\/#breadcrumb\"},\"inLanguage\":\"es\",\"potentialAction\":[{\"@type\":\"ReadAction\",\"target\":[\"https:\\\/\\\/informelitoral.com.ar\\\/ramirez-el-canoero-participo-de-una-jornada-sobre-concientizacion-ambiental\\\/\"]}]},{\"@type\":\"ImageObject\",\"inLanguage\":\"es\",\"@id\":\"https:\\\/\\\/informelitoral.com.ar\\\/ramirez-el-canoero-participo-de-una-jornada-sobre-concientizacion-ambiental\\\/#primaryimage\",\"url\":\"https:\\\/\\\/informelitoral.com.ar\\\/%77%70%2d%63%6f%6e%74%65%6e%74\\\/uploads\\\/2018\\\/11\\\/45493701_1157588621058725_5940381602243674112_n.jpg\",\"contentUrl\":\"https:\\\/\\\/informelitoral.com.ar\\\/%77%70%2d%63%6f%6e%74%65%6e%74\\\/uploads\\\/2018\\\/11\\\/45493701_1157588621058725_5940381602243674112_n.jpg\",\"width\":960,\"height\":640},{\"@type\":\"BreadcrumbList\",\"@id\":\"https:\\\/\\\/informelitoral.com.ar\\\/ramirez-el-canoero-participo-de-una-jornada-sobre-concientizacion-ambiental\\\/#breadcrumb\",\"itemListElement\":[{\"@type\":\"ListItem\",\"position\":1,\"name\":\"Portada\",\"item\":\"https:\\\/\\\/informelitoral.com.ar\\\/\"},{\"@type\":\"ListItem\",\"position\":2,\"name\":\"Ram\u00edrez: El Canoero particip\u00f3 de una jornada sobre concientizaci\u00f3n ambiental\"}]},{\"@type\":\"WebSite\",\"@id\":\"https:\\\/\\\/informelitoral.com.ar\\\/#website\",\"url\":\"https:\\\/\\\/informelitoral.com.ar\\\/\",\"name\":\"Informe Litoral\",\"description\":\"&quot;Nos informamos&quot; \",\"publisher\":{\"@id\":\"https:\\\/\\\/informelitoral.com.ar\\\/#organization\"},\"potentialAction\":[{\"@type\":\"SearchAction\",\"target\":{\"@type\":\"EntryPoint\",\"urlTemplate\":\"https:\\\/\\\/informelitoral.com.ar\\\/?s={search_term_string}\"},\"query-input\":{\"@type\":\"PropertyValueSpecification\",\"valueRequired\":true,\"valueName\":\"search_term_string\"}}],\"inLanguage\":\"es\"},{\"@type\":\"Organization\",\"@id\":\"https:\\\/\\\/informelitoral.com.ar\\\/#organization\",\"name\":\"Informe Litoral\",\"url\":\"https:\\\/\\\/informelitoral.com.ar\\\/\",\"logo\":{\"@type\":\"ImageObject\",\"inLanguage\":\"es\",\"@id\":\"https:\\\/\\\/informelitoral.com.ar\\\/#\\\/schema\\\/logo\\\/image\\\/\",\"url\":\"https:\\\/\\\/informelitoral.com.ar\\\/%77%70%2d%63%6f%6e%74%65%6e%74\\\/uploads\\\/2021\\\/01\\\/circulo.png\",\"contentUrl\":\"https:\\\/\\\/informelitoral.com.ar\\\/%77%70%2d%63%6f%6e%74%65%6e%74\\\/uploads\\\/2021\\\/01\\\/circulo.png\",\"width\":723,\"height\":731,\"caption\":\"Informe Litoral\"},\"image\":{\"@id\":\"https:\\\/\\\/informelitoral.com.ar\\\/#\\\/schema\\\/logo\\\/image\\\/\"},\"sameAs\":[\"https:\\\/\\\/www.facebook.com\\\/informelitoral\\\/\",\"https:\\\/\\\/x.com\\\/InformeLitoral\",\"https:\\\/\\\/www.instagram.com\\\/informelitoral\\\/\",\"https:\\\/\\\/www.youtube.com\\\/channel\\\/UCua4Qvz8Icb6MYqhoq9xLXw\"]},{\"@type\":\"Person\",\"@id\":\"https:\\\/\\\/informelitoral.com.ar\\\/#\\\/schema\\\/person\\\/b9d00407c836482871ef1d57bf8e3180\",\"name\":\"Gonzalo Schmidt\",\"image\":{\"@type\":\"ImageObject\",\"inLanguage\":\"es\",\"@id\":\"https:\\\/\\\/secure.gravatar.com\\\/avatar\\\/31a1a7b66ff2de83bd0e9fd79d026630d2d99e55e8bfe501287647b4fd9743de?s=96&d=mm&r=g\",\"url\":\"https:\\\/\\\/secure.gravatar.com\\\/avatar\\\/31a1a7b66ff2de83bd0e9fd79d026630d2d99e55e8bfe501287647b4fd9743de?s=96&d=mm&r=g\",\"contentUrl\":\"https:\\\/\\\/secure.gravatar.com\\\/avatar\\\/31a1a7b66ff2de83bd0e9fd79d026630d2d99e55e8bfe501287647b4fd9743de?s=96&d=mm&r=g\",\"caption\":\"Gonzalo Schmidt\"},\"description\":\"Sitio web de noticias de la provincia de Entre R\u00edos, Argentina. Informaci\u00f3n y entretenimiento. Informe Litoral, nos informamos.\",\"sameAs\":[\"http:\\\/\\\/www.isletasnoticias.com.ar\"],\"url\":\"https:\\\/\\\/informelitoral.com.ar\\\/author\\\/gonzalo\\\/\"}]}<\/script>","yoast_head_json":{"title":"Ram\u00edrez: El Canoero particip\u00f3 de una jornada sobre concientizaci\u00f3n ambiental - Informe Litoral","robots":{"index":"index","follow":"follow","max-snippet":"max-snippet:-1","max-image-preview":"max-image-preview:large","max-video-preview":"max-video-preview:-1"},"canonical":"https:\/\/informelitoral.com.ar\/ramirez-el-canoero-participo-de-una-jornada-sobre-concientizacion-ambiental\/","og_locale":"es_ES","og_type":"article","og_title":"Ram\u00edrez: El Canoero particip\u00f3 de una jornada sobre concientizaci\u00f3n ambiental - Informe Litoral","og_description":"El cantautor fue parte de una jornada desarrollada en la Casa Municipal de la Cultura y participaron los alumnos de sexto grado.","og_url":"https:\/\/informelitoral.com.ar\/ramirez-el-canoero-participo-de-una-jornada-sobre-concientizacion-ambiental\/","og_site_name":"Informe Litoral","article_publisher":"https:\/\/www.facebook.com\/informelitoral\/","article_published_time":"2018-11-06T13:05:43+00:00","og_image":[{"width":960,"height":640,"url":"https:\/\/informelitoral.com.ar\/%77%70%2d%63%6f%6e%74%65%6e%74\/uploads\/2018\/11\/45493701_1157588621058725_5940381602243674112_n.jpg","type":"image\/jpeg"}],"author":"Gonzalo Schmidt","twitter_card":"summary_large_image","twitter_creator":"@InformeLitoral","twitter_site":"@InformeLitoral","twitter_misc":{"Escrito por":"Gonzalo Schmidt","Tiempo de lectura":"2 minutos"},"schema":{"@context":"https:\/\/schema.org","@graph":[{"@type":"Article","@id":"https:\/\/informelitoral.com.ar\/ramirez-el-canoero-participo-de-una-jornada-sobre-concientizacion-ambiental\/#article","isPartOf":{"@id":"https:\/\/informelitoral.com.ar\/ramirez-el-canoero-participo-de-una-jornada-sobre-concientizacion-ambiental\/"},"author":{"name":"Gonzalo Schmidt","@id":"https:\/\/informelitoral.com.ar\/#\/schema\/person\/b9d00407c836482871ef1d57bf8e3180"},"headline":"Ram\u00edrez: El Canoero particip\u00f3 de una jornada sobre concientizaci\u00f3n ambiental","datePublished":"2018-11-06T13:05:43+00:00","mainEntityOfPage":{"@id":"https:\/\/informelitoral.com.ar\/ramirez-el-canoero-participo-de-una-jornada-sobre-concientizacion-ambiental\/"},"wordCount":457,"commentCount":0,"publisher":{"@id":"https:\/\/informelitoral.com.ar\/#organization"},"image":{"@id":"https:\/\/informelitoral.com.ar\/ramirez-el-canoero-participo-de-una-jornada-sobre-concientizacion-ambiental\/#primaryimage"},"thumbnailUrl":"https:\/\/informelitoral.com.ar\/%77%70%2d%63%6f%6e%74%65%6e%74\/uploads\/2018\/11\/45493701_1157588621058725_5940381602243674112_n.jpg","keywords":["Ambiente","Municipio","Ram\u00edrez"],"articleSection":["Departamento Diamante"],"inLanguage":"es","potentialAction":[{"@type":"CommentAction","name":"Comment","target":["https:\/\/informelitoral.com.ar\/ramirez-el-canoero-participo-de-una-jornada-sobre-concientizacion-ambiental\/#respond"]}]},{"@type":"WebPage","@id":"https:\/\/informelitoral.com.ar\/ramirez-el-canoero-participo-de-una-jornada-sobre-concientizacion-ambiental\/","url":"https:\/\/informelitoral.com.ar\/ramirez-el-canoero-participo-de-una-jornada-sobre-concientizacion-ambiental\/","name":"Ram\u00edrez: El Canoero particip\u00f3 de una jornada sobre concientizaci\u00f3n ambiental - Informe Litoral","isPartOf":{"@id":"https:\/\/informelitoral.com.ar\/#website"},"primaryImageOfPage":{"@id":"https:\/\/informelitoral.com.ar\/ramirez-el-canoero-participo-de-una-jornada-sobre-concientizacion-ambiental\/#primaryimage"},"image":{"@id":"https:\/\/informelitoral.com.ar\/ramirez-el-canoero-participo-de-una-jornada-sobre-concientizacion-ambiental\/#primaryimage"},"thumbnailUrl":"https:\/\/informelitoral.com.ar\/%77%70%2d%63%6f%6e%74%65%6e%74\/uploads\/2018\/11\/45493701_1157588621058725_5940381602243674112_n.jpg","datePublished":"2018-11-06T13:05:43+00:00","breadcrumb":{"@id":"https:\/\/informelitoral.com.ar\/ramirez-el-canoero-participo-de-una-jornada-sobre-concientizacion-ambiental\/#breadcrumb"},"inLanguage":"es","potentialAction":[{"@type":"ReadAction","target":["https:\/\/informelitoral.com.ar\/ramirez-el-canoero-participo-de-una-jornada-sobre-concientizacion-ambiental\/"]}]},{"@type":"ImageObject","inLanguage":"es","@id":"https:\/\/informelitoral.com.ar\/ramirez-el-canoero-participo-de-una-jornada-sobre-concientizacion-ambiental\/#primaryimage","url":"https:\/\/informelitoral.com.ar\/%77%70%2d%63%6f%6e%74%65%6e%74\/uploads\/2018\/11\/45493701_1157588621058725_5940381602243674112_n.jpg","contentUrl":"https:\/\/informelitoral.com.ar\/%77%70%2d%63%6f%6e%74%65%6e%74\/uploads\/2018\/11\/45493701_1157588621058725_5940381602243674112_n.jpg","width":960,"height":640},{"@type":"BreadcrumbList","@id":"https:\/\/informelitoral.com.ar\/ramirez-el-canoero-participo-de-una-jornada-sobre-concientizacion-ambiental\/#breadcrumb","itemListElement":[{"@type":"ListItem","position":1,"name":"Portada","item":"https:\/\/informelitoral.com.ar\/"},{"@type":"ListItem","position":2,"name":"Ram\u00edrez: El Canoero particip\u00f3 de una jornada sobre concientizaci\u00f3n ambiental"}]},{"@type":"WebSite","@id":"https:\/\/informelitoral.com.ar\/#website","url":"https:\/\/informelitoral.com.ar\/","name":"Informe Litoral","description":"&quot;Nos informamos&quot; ","publisher":{"@id":"https:\/\/informelitoral.com.ar\/#organization"},"potentialAction":[{"@type":"SearchAction","target":{"@type":"EntryPoint","urlTemplate":"https:\/\/informelitoral.com.ar\/?s={search_term_string}"},"query-input":{"@type":"PropertyValueSpecification","valueRequired":true,"valueName":"search_term_string"}}],"inLanguage":"es"},{"@type":"Organization","@id":"https:\/\/informelitoral.com.ar\/#organization","name":"Informe Litoral","url":"https:\/\/informelitoral.com.ar\/","logo":{"@type":"ImageObject","inLanguage":"es","@id":"https:\/\/informelitoral.com.ar\/#\/schema\/logo\/image\/","url":"https:\/\/informelitoral.com.ar\/%77%70%2d%63%6f%6e%74%65%6e%74\/uploads\/2021\/01\/circulo.png","contentUrl":"https:\/\/informelitoral.com.ar\/%77%70%2d%63%6f%6e%74%65%6e%74\/uploads\/2021\/01\/circulo.png","width":723,"height":731,"caption":"Informe Litoral"},"image":{"@id":"https:\/\/informelitoral.com.ar\/#\/schema\/logo\/image\/"},"sameAs":["https:\/\/www.facebook.com\/informelitoral\/","https:\/\/x.com\/InformeLitoral","https:\/\/www.instagram.com\/informelitoral\/","https:\/\/www.youtube.com\/channel\/UCua4Qvz8Icb6MYqhoq9xLXw"]},{"@type":"Person","@id":"https:\/\/informelitoral.com.ar\/#\/schema\/person\/b9d00407c836482871ef1d57bf8e3180","name":"Gonzalo Schmidt","image":{"@type":"ImageObject","inLanguage":"es","@id":"https:\/\/secure.gravatar.com\/avatar\/31a1a7b66ff2de83bd0e9fd79d026630d2d99e55e8bfe501287647b4fd9743de?s=96&d=mm&r=g","url":"https:\/\/secure.gravatar.com\/avatar\/31a1a7b66ff2de83bd0e9fd79d026630d2d99e55e8bfe501287647b4fd9743de?s=96&d=mm&r=g","contentUrl":"https:\/\/secure.gravatar.com\/avatar\/31a1a7b66ff2de83bd0e9fd79d026630d2d99e55e8bfe501287647b4fd9743de?s=96&d=mm&r=g","caption":"Gonzalo Schmidt"},"description":"Sitio web de noticias de la provincia de Entre R\u00edos, Argentina. Informaci\u00f3n y entretenimiento. Informe Litoral, nos informamos.","sameAs":["http:\/\/www.isletasnoticias.com.ar"],"url":"https:\/\/informelitoral.com.ar\/author\/gonzalo\/"}]}},"_links":{"self":[{"href":"https:\/\/informelitoral.com.ar\/%77%70%2d%6a%73%6f%6e\/wp\/v2\/posts\/30460","targetHints":{"allow":["GET"]}}],"collection":[{"href":"https:\/\/informelitoral.com.ar\/%77%70%2d%6a%73%6f%6e\/wp\/v2\/posts"}],"about":[{"href":"https:\/\/informelitoral.com.ar\/%77%70%2d%6a%73%6f%6e\/wp\/v2\/types\/post"}],"author":[{"embeddable":true,"href":"https:\/\/informelitoral.com.ar\/%77%70%2d%6a%73%6f%6e\/wp\/v2\/users\/2"}],"replies":[{"embeddable":true,"href":"https:\/\/informelitoral.com.ar\/%77%70%2d%6a%73%6f%6e\/wp\/v2\/comments?post=30460"}],"version-history":[{"count":0,"href":"https:\/\/informelitoral.com.ar\/%77%70%2d%6a%73%6f%6e\/wp\/v2\/posts\/30460\/revisions"}],"wp:featuredmedia":[{"embeddable":true,"href":"https:\/\/informelitoral.com.ar\/%77%70%2d%6a%73%6f%6e\/wp\/v2\/media\/30464"}],"wp:attachment":[{"href":"https:\/\/informelitoral.com.ar\/%77%70%2d%6a%73%6f%6e\/wp\/v2\/media?parent=30460"}],"wp:term":[{"taxonomy":"category","embeddable":true,"href":"https:\/\/informelitoral.com.ar\/%77%70%2d%6a%73%6f%6e\/wp\/v2\/categories?post=30460"},{"taxonomy":"post_tag","embeddable":true,"href":"https:\/\/informelitoral.com.ar\/%77%70%2d%6a%73%6f%6e\/wp\/v2\/tags?post=30460"}],"curies":[{"name":"wp","href":"https:\/\/api.w.org\/{rel}","templated":true}]}}