{"id":3038,"date":"2013-09-03T00:31:17","date_gmt":"2013-09-03T03:31:17","guid":{"rendered":"http:\/\/www.isletasnoticias.com.ar\/?p=3038"},"modified":"2013-09-03T00:45:41","modified_gmt":"2013-09-03T03:45:41","slug":"encuestador-robustelli-el-radicalismo-va-a-seguir-siendo-la-segunda-fuerza-en-entre-rios","status":"publish","type":"post","link":"https:\/\/informelitoral.com.ar\/encuestador-robustelli-el-radicalismo-va-a-seguir-siendo-la-segunda-fuerza-en-entre-rios\/","title":{"rendered":"Encuestador Robustelli: \u00abEl radicalismo va a seguir siendo la segunda fuerza en Entre R\u00edos\u00bb"},"content":{"rendered":"<p style=\"text-align: left;\"><strong>En declaraciones a <em>ISLETAS NOTICIAS<\/em>, el e<\/strong><strong>ncuestador y analista pol\u00edtico santafesino, <em>Horacio Robustelli,<\/em>\u00a0afirm\u00f3 que en las PASO, el oficialismo obtuvo \u00abuna fuerte diferencia\u00bb, aunque reconoci\u00f3 que \u00aben pol\u00edtica nada es definitivo\u00bb. \u00a0De cara a octubre, el analista sostuvo que \u00abel escenario qued\u00f3 muy interesante entre el segundo y el tercero\u00bb. En tal sentido avizor\u00f3 que la UCR \u00abva a seguir siendo la segunda fuerza\u00bb, superando a Uni\u00f3n por Entre R\u00edos. Adem\u00e1<\/strong><strong>s, analiz\u00f3 que en cuanto a la intenci\u00f3n de votos, De Angeli perjudica al bustismo<strong>.<\/strong><\/strong><\/p>\n<p><img loading=\"lazy\" decoding=\"async\" class=\"size-medium wp-image-3039 aligncenter\" title=\"El encuestador y analista pol\u00edtico Horacio Robustelli, en di\u00e1logo con IN.\" alt=\"Foto0131\" src=\"http:\/\/www.isletasnoticias.com.ar\/%77%70%2d%63%6f%6e%74%65%6e%74\/uploads\/2013\/09\/Foto0131-300x225.jpg\" width=\"300\" height=\"225\" srcset=\"https:\/\/informelitoral.com.ar\/%77%70%2d%63%6f%6e%74%65%6e%74\/uploads\/2013\/09\/Foto0131-300x225.jpg 300w, https:\/\/informelitoral.com.ar\/%77%70%2d%63%6f%6e%74%65%6e%74\/uploads\/2013\/09\/Foto0131-1024x768.jpg 1024w, https:\/\/informelitoral.com.ar\/%77%70%2d%63%6f%6e%74%65%6e%74\/uploads\/2013\/09\/Foto0131.jpg 2048w\" sizes=\"auto, (max-width: 300px) 100vw, 300px\" \/>\u00a0 Con respecto al resultado de las elecciones\u00a0primarias abiertas simult\u00e1neas y obligatorias \u00a0(PASO)<strong>\u00a0<\/strong>en la provincia,<strong> Horacio Robustelli, <\/strong>analiz\u00f3 que <strong>\u00aben pol\u00edtica nada es definitivo\u00bb<\/strong>, aunque aclar\u00f3 que \u00abno hay encuestas realizadas despu\u00e9s del 11 de agosto, porque en general los sondeos se hacen en la primera quincena de septiembre\u00bb. En tal sentido, explic\u00f3 que la intenci\u00f3n de las mediciones de cara a las elecciones g<a href=\"http:\/\/www.isletasnoticias.com.ar\/%77%70%2d%63%6f%6e%74%65%6e%74\/uploads\/2013\/09\/robustelli.jpg\"><img loading=\"lazy\" decoding=\"async\" class=\"size-medium wp-image-3040 alignright\" title=\"Horacio Robustelli\" alt=\"\" src=\"http:\/\/www.isletasnoticias.com.ar\/%77%70%2d%63%6f%6e%74%65%6e%74\/uploads\/2013\/09\/robustelli-300x197.jpg\" width=\"300\" height=\"197\" srcset=\"https:\/\/informelitoral.com.ar\/%77%70%2d%63%6f%6e%74%65%6e%74\/uploads\/2013\/09\/robustelli-300x197.jpg 300w, https:\/\/informelitoral.com.ar\/%77%70%2d%63%6f%6e%74%65%6e%74\/uploads\/2013\/09\/robustelli.jpg 334w\" sizes=\"auto, (max-width: 300px) 100vw, 300px\" \/><\/a>enerales es observar \u00absi el electorado ha tenido alguna volatilidad o si se mantienen <strong>las diferencias entre el primero y el segundo, que son muy fuertes.<\/strong>\u00a0Si uno mira lo que sac\u00f3 cada uno, hay una ventaja de casi 15 puntos a favor del Frente para la Victoria, con lo cual es dif\u00edcil que el electorado se traslade\u00bb. Adelant\u00f3 Robustelli, pero dej\u00f3 en claro que \u00ab<strong>el escenario qued\u00f3 muy interesante entre el segundo (Uni\u00f3n por Entre R\u00edos) y el tercero (UCR)<\/strong>, donde hay muy poca diferencia de votos y es probable que haya un traslado de sufragios a favor de uno u otro. <strong>Habr\u00e1 que ver qui\u00e9n logra llegar a ese sector de la poblaci\u00f3n que queda librado y no es mucho<\/strong>\u00ab. Advirti\u00f3.<\/p>\n<p>Con respecto al triunfo del Frente para la Victoria en las primarias, el analista santafesino sostuvo: si bien <strong>es cierto que el oficialismo perdi\u00f3 muchos votos en relaci\u00f3n a la elecci\u00f3n anterior (de gobernador), es bastante com\u00fan que esto suceda en las legislativas<\/strong>. <strong>Creo que a octubre se llega con el justicialismo ganando la elecci\u00f3n<\/strong>\u00ab.<\/p>\n<p>En cuanto al posible escenario del pr\u00f3ximo 27 de octubre, entre el segundo y el tercero, Robustelli avizor\u00f3 un posible triunfo de la Uni\u00f3n C\u00edvica Radical, porque \u00bb tiene a su favor el aparato partidario, ya que cuenta con referentes en los grandes conglomerados y en los peque\u00f1os pueblos. Adem\u00e1s es un Partido centenario, que ha sido gobierno muchas veces en la provincia, por lo tanto <strong>el radicalismo tiene\u00a0<strong>muchas m\u00e1s posibilidades de pasar adelante, que Uni\u00f3n por Entre R\u00edos\u00bb. <\/strong><\/strong>Afirm\u00f3 el analista.<\/p>\n<p><strong>\u00a0<\/strong>En cuanto a las posibles causas de la derrota de la UCR en las PASO, el profesor santafecino analiz\u00f3:\u00a0<strong>\u00abEvidentemente\u00a0<strong>muchos de sus propios afiliados no lo votaron por una cuesti\u00f3n interna que en octubre va a quedar superada.<\/strong>\u00a0<strong>Creo que va a seguir siendo la segunda fuerza como lo ha sido siempre en Entre R\u00edos<\/strong>. Nunca una tercera agrupaci\u00f3n pudo romper este esquema\u00bb. <\/strong>Acot\u00f3 Robustelli.<\/p>\n<p><img loading=\"lazy\" decoding=\"async\" class=\"size-medium wp-image-3041 alignleft\" title=\"Para Robustelli, el radicalismo se recuperar\u00e1 en octubre y seguir\u00e1 siendo la segunda fuerza en Entre R\u00edos.\" alt=\"\" src=\"http:\/\/www.isletasnoticias.com.ar\/%77%70%2d%63%6f%6e%74%65%6e%74\/uploads\/2013\/09\/encuensta-300x176.jpg\" width=\"300\" height=\"176\" srcset=\"https:\/\/informelitoral.com.ar\/%77%70%2d%63%6f%6e%74%65%6e%74\/uploads\/2013\/09\/encuensta-300x176.jpg 300w, https:\/\/informelitoral.com.ar\/%77%70%2d%63%6f%6e%74%65%6e%74\/uploads\/2013\/09\/encuensta.jpg 468w\" sizes=\"auto, (max-width: 300px) 100vw, 300px\" \/><\/p>\n<p>Finalmente, al ser consultado sobre la situaci\u00f3n de Uni\u00f3n por Entre R\u00edos, el encuestador asegur\u00f3: \u00abDe Angeli tiene un piso. Nosotros cuando hicimos encuestas en Entre R\u00edos, observamos que hay casi un 75% que no lo votar\u00eda nunca, con lo cual me atrever\u00eda a decir que el dirigente perjudica a la gente de Busti y no al rev\u00e9s\u00bb. Culmin\u00f3 Robustelli.<\/p>\n","protected":false},"excerpt":{"rendered":"<p>En declaraciones a ISLETAS NOTICIAS, el encuestador y analista pol&iacute;tico santafesino, Horacio Robustelli,&nbsp;afirm&oacute; que en las PASO, el oficialismo obtuvo &laquo;una fuerte diferencia&raquo;, aunque reconoci&oacute; que &laquo;en pol&iacute;tica nada es definitivo&raquo;. &nbsp;De cara a octubre, el analista sostuvo que &laquo;el escenario qued&oacute; muy interesante entre el segundo y el tercero&raquo;. En tal sentido avizor&oacute; que [&hellip;]<\/p>\n","protected":false},"author":2,"featured_media":0,"comment_status":"open","ping_status":"open","sticky":false,"template":"","format":"standard","meta":{"fifu_image_url":"","fifu_image_alt":"","footnotes":""},"categories":[6,16],"tags":[],"class_list":{"0":"post-3038","1":"post","2":"type-post","3":"status-publish","4":"format-standard","6":"category-entre-rios","7":"category-politi"},"yoast_head":"<title>Encuestador Robustelli: &quot;El radicalismo va a seguir siendo la segunda fuerza en Entre R\u00edos&quot; - Informe Litoral<\/title>\n<meta name=\"robots\" content=\"index, follow, max-snippet:-1, max-image-preview:large, max-video-preview:-1\" \/>\n<link rel=\"canonical\" href=\"https:\/\/informelitoral.com.ar\/encuestador-robustelli-el-radicalismo-va-a-seguir-siendo-la-segunda-fuerza-en-entre-rios\/\" \/>\n<meta property=\"og:locale\" content=\"es_ES\" \/>\n<meta property=\"og:type\" content=\"article\" \/>\n<meta property=\"og:title\" content=\"Encuestador Robustelli: &quot;El radicalismo va a seguir siendo la segunda fuerza en Entre R\u00edos&quot; - Informe Litoral\" \/>\n<meta property=\"og:description\" content=\"En declaraciones a ISLETAS NOTICIAS, el encuestador y analista pol&iacute;tico santafesino, Horacio Robustelli,&nbsp;afirm&oacute; que en las PASO, el oficialismo obtuvo &laquo;una fuerte diferencia&raquo;, aunque reconoci&oacute; que &laquo;en pol&iacute;tica nada es definitivo&raquo;. &nbsp;De cara a octubre, el analista sostuvo que &laquo;el escenario qued&oacute; muy interesante entre el segundo y el tercero&raquo;. En tal sentido avizor&oacute; que [&hellip;]\" \/>\n<meta property=\"og:url\" content=\"https:\/\/informelitoral.com.ar\/encuestador-robustelli-el-radicalismo-va-a-seguir-siendo-la-segunda-fuerza-en-entre-rios\/\" \/>\n<meta property=\"og:site_name\" content=\"Informe Litoral\" \/>\n<meta property=\"article:publisher\" content=\"https:\/\/www.facebook.com\/informelitoral\/\" \/>\n<meta property=\"article:published_time\" content=\"2013-09-03T03:31:17+00:00\" \/>\n<meta property=\"article:modified_time\" content=\"2013-09-03T03:45:41+00:00\" \/>\n<meta property=\"og:image\" content=\"https:\/\/informelitoral.com.ar\/%77%70%2d%63%6f%6e%74%65%6e%74\/uploads\/2013\/09\/Foto0131.jpg\" \/>\n\t<meta property=\"og:image:width\" content=\"2048\" \/>\n\t<meta property=\"og:image:height\" content=\"1536\" \/>\n\t<meta property=\"og:image:type\" content=\"image\/jpeg\" \/>\n<meta name=\"author\" content=\"Gonzalo Schmidt\" \/>\n<meta name=\"twitter:card\" content=\"summary_large_image\" \/>\n<meta name=\"twitter:creator\" content=\"@InformeLitoral\" \/>\n<meta name=\"twitter:site\" content=\"@InformeLitoral\" \/>\n<meta name=\"twitter:label1\" content=\"Escrito por\" \/>\n\t<meta name=\"twitter:data1\" content=\"Gonzalo Schmidt\" \/>\n\t<meta name=\"twitter:label2\" content=\"Tiempo de lectura\" \/>\n\t<meta name=\"twitter:data2\" content=\"3 minutos\" \/>\n<script type=\"application\/ld+json\" class=\"yoast-schema-graph\">{\"@context\":\"https:\\\/\\\/schema.org\",\"@graph\":[{\"@type\":\"Article\",\"@id\":\"https:\\\/\\\/informelitoral.com.ar\\\/encuestador-robustelli-el-radicalismo-va-a-seguir-siendo-la-segunda-fuerza-en-entre-rios\\\/#article\",\"isPartOf\":{\"@id\":\"https:\\\/\\\/informelitoral.com.ar\\\/encuestador-robustelli-el-radicalismo-va-a-seguir-siendo-la-segunda-fuerza-en-entre-rios\\\/\"},\"author\":{\"name\":\"Gonzalo Schmidt\",\"@id\":\"https:\\\/\\\/informelitoral.com.ar\\\/#\\\/schema\\\/person\\\/b9d00407c836482871ef1d57bf8e3180\"},\"headline\":\"Encuestador Robustelli: \u00abEl radicalismo va a seguir siendo la segunda fuerza en Entre R\u00edos\u00bb\",\"datePublished\":\"2013-09-03T03:31:17+00:00\",\"dateModified\":\"2013-09-03T03:45:41+00:00\",\"mainEntityOfPage\":{\"@id\":\"https:\\\/\\\/informelitoral.com.ar\\\/encuestador-robustelli-el-radicalismo-va-a-seguir-siendo-la-segunda-fuerza-en-entre-rios\\\/\"},\"wordCount\":587,\"commentCount\":0,\"publisher\":{\"@id\":\"https:\\\/\\\/informelitoral.com.ar\\\/#organization\"},\"image\":{\"@id\":\"https:\\\/\\\/informelitoral.com.ar\\\/encuestador-robustelli-el-radicalismo-va-a-seguir-siendo-la-segunda-fuerza-en-entre-rios\\\/#primaryimage\"},\"thumbnailUrl\":\"http:\\\/\\\/www.isletasnoticias.com.ar\\\/%77%70%2d%63%6f%6e%74%65%6e%74\\\/uploads\\\/2013\\\/09\\\/Foto0131-300x225.jpg\",\"articleSection\":[\"Entre R\u00edos\",\"Politica\"],\"inLanguage\":\"es\",\"potentialAction\":[{\"@type\":\"CommentAction\",\"name\":\"Comment\",\"target\":[\"https:\\\/\\\/informelitoral.com.ar\\\/encuestador-robustelli-el-radicalismo-va-a-seguir-siendo-la-segunda-fuerza-en-entre-rios\\\/#respond\"]}]},{\"@type\":\"WebPage\",\"@id\":\"https:\\\/\\\/informelitoral.com.ar\\\/encuestador-robustelli-el-radicalismo-va-a-seguir-siendo-la-segunda-fuerza-en-entre-rios\\\/\",\"url\":\"https:\\\/\\\/informelitoral.com.ar\\\/encuestador-robustelli-el-radicalismo-va-a-seguir-siendo-la-segunda-fuerza-en-entre-rios\\\/\",\"name\":\"Encuestador Robustelli: \\\"El radicalismo va a seguir siendo la segunda fuerza en Entre R\u00edos\\\" - Informe Litoral\",\"isPartOf\":{\"@id\":\"https:\\\/\\\/informelitoral.com.ar\\\/#website\"},\"primaryImageOfPage\":{\"@id\":\"https:\\\/\\\/informelitoral.com.ar\\\/encuestador-robustelli-el-radicalismo-va-a-seguir-siendo-la-segunda-fuerza-en-entre-rios\\\/#primaryimage\"},\"image\":{\"@id\":\"https:\\\/\\\/informelitoral.com.ar\\\/encuestador-robustelli-el-radicalismo-va-a-seguir-siendo-la-segunda-fuerza-en-entre-rios\\\/#primaryimage\"},\"thumbnailUrl\":\"http:\\\/\\\/www.isletasnoticias.com.ar\\\/%77%70%2d%63%6f%6e%74%65%6e%74\\\/uploads\\\/2013\\\/09\\\/Foto0131-300x225.jpg\",\"datePublished\":\"2013-09-03T03:31:17+00:00\",\"dateModified\":\"2013-09-03T03:45:41+00:00\",\"breadcrumb\":{\"@id\":\"https:\\\/\\\/informelitoral.com.ar\\\/encuestador-robustelli-el-radicalismo-va-a-seguir-siendo-la-segunda-fuerza-en-entre-rios\\\/#breadcrumb\"},\"inLanguage\":\"es\",\"potentialAction\":[{\"@type\":\"ReadAction\",\"target\":[\"https:\\\/\\\/informelitoral.com.ar\\\/encuestador-robustelli-el-radicalismo-va-a-seguir-siendo-la-segunda-fuerza-en-entre-rios\\\/\"]}]},{\"@type\":\"ImageObject\",\"inLanguage\":\"es\",\"@id\":\"https:\\\/\\\/informelitoral.com.ar\\\/encuestador-robustelli-el-radicalismo-va-a-seguir-siendo-la-segunda-fuerza-en-entre-rios\\\/#primaryimage\",\"url\":\"http:\\\/\\\/www.isletasnoticias.com.ar\\\/%77%70%2d%63%6f%6e%74%65%6e%74\\\/uploads\\\/2013\\\/09\\\/Foto0131-300x225.jpg\",\"contentUrl\":\"http:\\\/\\\/www.isletasnoticias.com.ar\\\/%77%70%2d%63%6f%6e%74%65%6e%74\\\/uploads\\\/2013\\\/09\\\/Foto0131-300x225.jpg\"},{\"@type\":\"BreadcrumbList\",\"@id\":\"https:\\\/\\\/informelitoral.com.ar\\\/encuestador-robustelli-el-radicalismo-va-a-seguir-siendo-la-segunda-fuerza-en-entre-rios\\\/#breadcrumb\",\"itemListElement\":[{\"@type\":\"ListItem\",\"position\":1,\"name\":\"Portada\",\"item\":\"https:\\\/\\\/informelitoral.com.ar\\\/\"},{\"@type\":\"ListItem\",\"position\":2,\"name\":\"Encuestador Robustelli: \u00abEl radicalismo va a seguir siendo la segunda fuerza en Entre R\u00edos\u00bb\"}]},{\"@type\":\"WebSite\",\"@id\":\"https:\\\/\\\/informelitoral.com.ar\\\/#website\",\"url\":\"https:\\\/\\\/informelitoral.com.ar\\\/\",\"name\":\"Informe Litoral\",\"description\":\"&quot;Nos informamos&quot; \",\"publisher\":{\"@id\":\"https:\\\/\\\/informelitoral.com.ar\\\/#organization\"},\"potentialAction\":[{\"@type\":\"SearchAction\",\"target\":{\"@type\":\"EntryPoint\",\"urlTemplate\":\"https:\\\/\\\/informelitoral.com.ar\\\/?s={search_term_string}\"},\"query-input\":{\"@type\":\"PropertyValueSpecification\",\"valueRequired\":true,\"valueName\":\"search_term_string\"}}],\"inLanguage\":\"es\"},{\"@type\":\"Organization\",\"@id\":\"https:\\\/\\\/informelitoral.com.ar\\\/#organization\",\"name\":\"Informe Litoral\",\"url\":\"https:\\\/\\\/informelitoral.com.ar\\\/\",\"logo\":{\"@type\":\"ImageObject\",\"inLanguage\":\"es\",\"@id\":\"https:\\\/\\\/informelitoral.com.ar\\\/#\\\/schema\\\/logo\\\/image\\\/\",\"url\":\"https:\\\/\\\/informelitoral.com.ar\\\/%77%70%2d%63%6f%6e%74%65%6e%74\\\/uploads\\\/2021\\\/01\\\/circulo.png\",\"contentUrl\":\"https:\\\/\\\/informelitoral.com.ar\\\/%77%70%2d%63%6f%6e%74%65%6e%74\\\/uploads\\\/2021\\\/01\\\/circulo.png\",\"width\":723,\"height\":731,\"caption\":\"Informe Litoral\"},\"image\":{\"@id\":\"https:\\\/\\\/informelitoral.com.ar\\\/#\\\/schema\\\/logo\\\/image\\\/\"},\"sameAs\":[\"https:\\\/\\\/www.facebook.com\\\/informelitoral\\\/\",\"https:\\\/\\\/x.com\\\/InformeLitoral\",\"https:\\\/\\\/www.instagram.com\\\/informelitoral\\\/\",\"https:\\\/\\\/www.youtube.com\\\/channel\\\/UCua4Qvz8Icb6MYqhoq9xLXw\"]},{\"@type\":\"Person\",\"@id\":\"https:\\\/\\\/informelitoral.com.ar\\\/#\\\/schema\\\/person\\\/b9d00407c836482871ef1d57bf8e3180\",\"name\":\"Gonzalo Schmidt\",\"image\":{\"@type\":\"ImageObject\",\"inLanguage\":\"es\",\"@id\":\"https:\\\/\\\/secure.gravatar.com\\\/avatar\\\/31a1a7b66ff2de83bd0e9fd79d026630d2d99e55e8bfe501287647b4fd9743de?s=96&d=mm&r=g\",\"url\":\"https:\\\/\\\/secure.gravatar.com\\\/avatar\\\/31a1a7b66ff2de83bd0e9fd79d026630d2d99e55e8bfe501287647b4fd9743de?s=96&d=mm&r=g\",\"contentUrl\":\"https:\\\/\\\/secure.gravatar.com\\\/avatar\\\/31a1a7b66ff2de83bd0e9fd79d026630d2d99e55e8bfe501287647b4fd9743de?s=96&d=mm&r=g\",\"caption\":\"Gonzalo Schmidt\"},\"description\":\"Sitio web de noticias de la provincia de Entre R\u00edos, Argentina. Informaci\u00f3n y entretenimiento. Informe Litoral, nos informamos.\",\"sameAs\":[\"http:\\\/\\\/www.isletasnoticias.com.ar\"],\"url\":\"https:\\\/\\\/informelitoral.com.ar\\\/author\\\/gonzalo\\\/\"}]}<\/script>","yoast_head_json":{"title":"Encuestador Robustelli: \"El radicalismo va a seguir siendo la segunda fuerza en Entre R\u00edos\" - Informe Litoral","robots":{"index":"index","follow":"follow","max-snippet":"max-snippet:-1","max-image-preview":"max-image-preview:large","max-video-preview":"max-video-preview:-1"},"canonical":"https:\/\/informelitoral.com.ar\/encuestador-robustelli-el-radicalismo-va-a-seguir-siendo-la-segunda-fuerza-en-entre-rios\/","og_locale":"es_ES","og_type":"article","og_title":"Encuestador Robustelli: \"El radicalismo va a seguir siendo la segunda fuerza en Entre R\u00edos\" - Informe Litoral","og_description":"En declaraciones a ISLETAS NOTICIAS, el encuestador y analista pol&iacute;tico santafesino, Horacio Robustelli,&nbsp;afirm&oacute; que en las PASO, el oficialismo obtuvo &laquo;una fuerte diferencia&raquo;, aunque reconoci&oacute; que &laquo;en pol&iacute;tica nada es definitivo&raquo;. &nbsp;De cara a octubre, el analista sostuvo que &laquo;el escenario qued&oacute; muy interesante entre el segundo y el tercero&raquo;. En tal sentido avizor&oacute; que [&hellip;]","og_url":"https:\/\/informelitoral.com.ar\/encuestador-robustelli-el-radicalismo-va-a-seguir-siendo-la-segunda-fuerza-en-entre-rios\/","og_site_name":"Informe Litoral","article_publisher":"https:\/\/www.facebook.com\/informelitoral\/","article_published_time":"2013-09-03T03:31:17+00:00","article_modified_time":"2013-09-03T03:45:41+00:00","og_image":[{"width":2048,"height":1536,"url":"https:\/\/informelitoral.com.ar\/%77%70%2d%63%6f%6e%74%65%6e%74\/uploads\/2013\/09\/Foto0131.jpg","type":"image\/jpeg"}],"author":"Gonzalo Schmidt","twitter_card":"summary_large_image","twitter_creator":"@InformeLitoral","twitter_site":"@InformeLitoral","twitter_misc":{"Escrito por":"Gonzalo Schmidt","Tiempo de lectura":"3 minutos"},"schema":{"@context":"https:\/\/schema.org","@graph":[{"@type":"Article","@id":"https:\/\/informelitoral.com.ar\/encuestador-robustelli-el-radicalismo-va-a-seguir-siendo-la-segunda-fuerza-en-entre-rios\/#article","isPartOf":{"@id":"https:\/\/informelitoral.com.ar\/encuestador-robustelli-el-radicalismo-va-a-seguir-siendo-la-segunda-fuerza-en-entre-rios\/"},"author":{"name":"Gonzalo Schmidt","@id":"https:\/\/informelitoral.com.ar\/#\/schema\/person\/b9d00407c836482871ef1d57bf8e3180"},"headline":"Encuestador Robustelli: \u00abEl radicalismo va a seguir siendo la segunda fuerza en Entre R\u00edos\u00bb","datePublished":"2013-09-03T03:31:17+00:00","dateModified":"2013-09-03T03:45:41+00:00","mainEntityOfPage":{"@id":"https:\/\/informelitoral.com.ar\/encuestador-robustelli-el-radicalismo-va-a-seguir-siendo-la-segunda-fuerza-en-entre-rios\/"},"wordCount":587,"commentCount":0,"publisher":{"@id":"https:\/\/informelitoral.com.ar\/#organization"},"image":{"@id":"https:\/\/informelitoral.com.ar\/encuestador-robustelli-el-radicalismo-va-a-seguir-siendo-la-segunda-fuerza-en-entre-rios\/#primaryimage"},"thumbnailUrl":"http:\/\/www.isletasnoticias.com.ar\/%77%70%2d%63%6f%6e%74%65%6e%74\/uploads\/2013\/09\/Foto0131-300x225.jpg","articleSection":["Entre R\u00edos","Politica"],"inLanguage":"es","potentialAction":[{"@type":"CommentAction","name":"Comment","target":["https:\/\/informelitoral.com.ar\/encuestador-robustelli-el-radicalismo-va-a-seguir-siendo-la-segunda-fuerza-en-entre-rios\/#respond"]}]},{"@type":"WebPage","@id":"https:\/\/informelitoral.com.ar\/encuestador-robustelli-el-radicalismo-va-a-seguir-siendo-la-segunda-fuerza-en-entre-rios\/","url":"https:\/\/informelitoral.com.ar\/encuestador-robustelli-el-radicalismo-va-a-seguir-siendo-la-segunda-fuerza-en-entre-rios\/","name":"Encuestador Robustelli: \"El radicalismo va a seguir siendo la segunda fuerza en Entre R\u00edos\" - Informe Litoral","isPartOf":{"@id":"https:\/\/informelitoral.com.ar\/#website"},"primaryImageOfPage":{"@id":"https:\/\/informelitoral.com.ar\/encuestador-robustelli-el-radicalismo-va-a-seguir-siendo-la-segunda-fuerza-en-entre-rios\/#primaryimage"},"image":{"@id":"https:\/\/informelitoral.com.ar\/encuestador-robustelli-el-radicalismo-va-a-seguir-siendo-la-segunda-fuerza-en-entre-rios\/#primaryimage"},"thumbnailUrl":"http:\/\/www.isletasnoticias.com.ar\/%77%70%2d%63%6f%6e%74%65%6e%74\/uploads\/2013\/09\/Foto0131-300x225.jpg","datePublished":"2013-09-03T03:31:17+00:00","dateModified":"2013-09-03T03:45:41+00:00","breadcrumb":{"@id":"https:\/\/informelitoral.com.ar\/encuestador-robustelli-el-radicalismo-va-a-seguir-siendo-la-segunda-fuerza-en-entre-rios\/#breadcrumb"},"inLanguage":"es","potentialAction":[{"@type":"ReadAction","target":["https:\/\/informelitoral.com.ar\/encuestador-robustelli-el-radicalismo-va-a-seguir-siendo-la-segunda-fuerza-en-entre-rios\/"]}]},{"@type":"ImageObject","inLanguage":"es","@id":"https:\/\/informelitoral.com.ar\/encuestador-robustelli-el-radicalismo-va-a-seguir-siendo-la-segunda-fuerza-en-entre-rios\/#primaryimage","url":"http:\/\/www.isletasnoticias.com.ar\/%77%70%2d%63%6f%6e%74%65%6e%74\/uploads\/2013\/09\/Foto0131-300x225.jpg","contentUrl":"http:\/\/www.isletasnoticias.com.ar\/%77%70%2d%63%6f%6e%74%65%6e%74\/uploads\/2013\/09\/Foto0131-300x225.jpg"},{"@type":"BreadcrumbList","@id":"https:\/\/informelitoral.com.ar\/encuestador-robustelli-el-radicalismo-va-a-seguir-siendo-la-segunda-fuerza-en-entre-rios\/#breadcrumb","itemListElement":[{"@type":"ListItem","position":1,"name":"Portada","item":"https:\/\/informelitoral.com.ar\/"},{"@type":"ListItem","position":2,"name":"Encuestador Robustelli: \u00abEl radicalismo va a seguir siendo la segunda fuerza en Entre R\u00edos\u00bb"}]},{"@type":"WebSite","@id":"https:\/\/informelitoral.com.ar\/#website","url":"https:\/\/informelitoral.com.ar\/","name":"Informe Litoral","description":"&quot;Nos informamos&quot; ","publisher":{"@id":"https:\/\/informelitoral.com.ar\/#organization"},"potentialAction":[{"@type":"SearchAction","target":{"@type":"EntryPoint","urlTemplate":"https:\/\/informelitoral.com.ar\/?s={search_term_string}"},"query-input":{"@type":"PropertyValueSpecification","valueRequired":true,"valueName":"search_term_string"}}],"inLanguage":"es"},{"@type":"Organization","@id":"https:\/\/informelitoral.com.ar\/#organization","name":"Informe Litoral","url":"https:\/\/informelitoral.com.ar\/","logo":{"@type":"ImageObject","inLanguage":"es","@id":"https:\/\/informelitoral.com.ar\/#\/schema\/logo\/image\/","url":"https:\/\/informelitoral.com.ar\/%77%70%2d%63%6f%6e%74%65%6e%74\/uploads\/2021\/01\/circulo.png","contentUrl":"https:\/\/informelitoral.com.ar\/%77%70%2d%63%6f%6e%74%65%6e%74\/uploads\/2021\/01\/circulo.png","width":723,"height":731,"caption":"Informe Litoral"},"image":{"@id":"https:\/\/informelitoral.com.ar\/#\/schema\/logo\/image\/"},"sameAs":["https:\/\/www.facebook.com\/informelitoral\/","https:\/\/x.com\/InformeLitoral","https:\/\/www.instagram.com\/informelitoral\/","https:\/\/www.youtube.com\/channel\/UCua4Qvz8Icb6MYqhoq9xLXw"]},{"@type":"Person","@id":"https:\/\/informelitoral.com.ar\/#\/schema\/person\/b9d00407c836482871ef1d57bf8e3180","name":"Gonzalo Schmidt","image":{"@type":"ImageObject","inLanguage":"es","@id":"https:\/\/secure.gravatar.com\/avatar\/31a1a7b66ff2de83bd0e9fd79d026630d2d99e55e8bfe501287647b4fd9743de?s=96&d=mm&r=g","url":"https:\/\/secure.gravatar.com\/avatar\/31a1a7b66ff2de83bd0e9fd79d026630d2d99e55e8bfe501287647b4fd9743de?s=96&d=mm&r=g","contentUrl":"https:\/\/secure.gravatar.com\/avatar\/31a1a7b66ff2de83bd0e9fd79d026630d2d99e55e8bfe501287647b4fd9743de?s=96&d=mm&r=g","caption":"Gonzalo Schmidt"},"description":"Sitio web de noticias de la provincia de Entre R\u00edos, Argentina. Informaci\u00f3n y entretenimiento. Informe Litoral, nos informamos.","sameAs":["http:\/\/www.isletasnoticias.com.ar"],"url":"https:\/\/informelitoral.com.ar\/author\/gonzalo\/"}]}},"_links":{"self":[{"href":"https:\/\/informelitoral.com.ar\/%77%70%2d%6a%73%6f%6e\/wp\/v2\/posts\/3038","targetHints":{"allow":["GET"]}}],"collection":[{"href":"https:\/\/informelitoral.com.ar\/%77%70%2d%6a%73%6f%6e\/wp\/v2\/posts"}],"about":[{"href":"https:\/\/informelitoral.com.ar\/%77%70%2d%6a%73%6f%6e\/wp\/v2\/types\/post"}],"author":[{"embeddable":true,"href":"https:\/\/informelitoral.com.ar\/%77%70%2d%6a%73%6f%6e\/wp\/v2\/users\/2"}],"replies":[{"embeddable":true,"href":"https:\/\/informelitoral.com.ar\/%77%70%2d%6a%73%6f%6e\/wp\/v2\/comments?post=3038"}],"version-history":[{"count":0,"href":"https:\/\/informelitoral.com.ar\/%77%70%2d%6a%73%6f%6e\/wp\/v2\/posts\/3038\/revisions"}],"wp:attachment":[{"href":"https:\/\/informelitoral.com.ar\/%77%70%2d%6a%73%6f%6e\/wp\/v2\/media?parent=3038"}],"wp:term":[{"taxonomy":"category","embeddable":true,"href":"https:\/\/informelitoral.com.ar\/%77%70%2d%6a%73%6f%6e\/wp\/v2\/categories?post=3038"},{"taxonomy":"post_tag","embeddable":true,"href":"https:\/\/informelitoral.com.ar\/%77%70%2d%6a%73%6f%6e\/wp\/v2\/tags?post=3038"}],"curies":[{"name":"wp","href":"https:\/\/api.w.org\/{rel}","templated":true}]}}