{"id":3029,"date":"2013-09-02T10:39:56","date_gmt":"2013-09-02T13:39:56","guid":{"rendered":"http:\/\/www.isletasnoticias.com.ar\/?p=3029"},"modified":"2013-09-02T10:49:40","modified_gmt":"2013-09-02T13:49:40","slug":"madrugada-del-domingo-dos-accidentes-de-transito-en-diamante-y-uno-en-las-cuevas","status":"publish","type":"post","link":"https:\/\/informelitoral.com.ar\/madrugada-del-domingo-dos-accidentes-de-transito-en-diamante-y-uno-en-las-cuevas\/","title":{"rendered":"Madrugada del domingo: dos accidentes de tr\u00e1nsito en Diamante y uno en Las Cuevas"},"content":{"rendered":"<p><strong>Las emergencias fueron un vuelco de un auto en la ruta 11 (Las Cuevas), un choque en el Balneario Municipal y una colisi\u00f3n entre dos motocicletas en Diamante. Todos ocurrieron en la madrugada del domingo.<\/strong><\/p>\n<p style=\"text-align: center;\"><img loading=\"lazy\" decoding=\"async\" class=\"size-medium wp-image-3032 aligncenter\" title=\"Vuelco de un auto en ruta 11. Una mujer result\u00f3 gravemente herida. Foto: Neo Net Music. \" alt=\"20130901AccidenteLasCuevas\" src=\"http:\/\/www.isletasnoticias.com.ar\/%77%70%2d%63%6f%6e%74%65%6e%74\/uploads\/2013\/09\/20130901AccidenteLasCuevas-300x225.jpg\" width=\"300\" height=\"225\" srcset=\"https:\/\/informelitoral.com.ar\/%77%70%2d%63%6f%6e%74%65%6e%74\/uploads\/2013\/09\/20130901AccidenteLasCuevas-300x225.jpg 300w, https:\/\/informelitoral.com.ar\/%77%70%2d%63%6f%6e%74%65%6e%74\/uploads\/2013\/09\/20130901AccidenteLasCuevas.jpg 960w\" sizes=\"auto, (max-width: 300px) 100vw, 300px\" \/><\/p>\n<p>Una mujer result\u00f3 gravemente herida en un vuelco, en la madrugada del domingo, en la ruta provincial 11, a la altura de Las Cuevas, departamento Diamante.<\/p>\n<p style=\"text-align: left;\">Por motivos que se investigan un autom\u00f3vil VW Gol, conducido por una mujer mayor de edad, proveniente de Formosa, volc\u00f3 en el kil\u00f3metro 62, aproximadamente a las 2.25.<\/p>\n<p>El veh\u00edculo qued\u00f3 dentro de un campo, mientras la conductora, identificada como <strong>Marisa Casualde<\/strong>, de 40 a\u00f1os de edad, resulto con heridas graves por lo que fue trasladada al hospital San Jos\u00e9 de Diamante, donde se le diagnostic\u00f3 politraumatismos y fractura de om\u00f3plato.<\/p>\n<p>Intervino personal de la comisar\u00eda de Las Cuevas.<\/p>\n<p><strong>Choque de motos<\/strong><\/p>\n<p><strong><\/strong>Tambi\u00e9n a primeras horas del domingo, en Serrano y Marconi,\u00a0de Diamante, colisionaron dos motocicletas, una Beta 110 y una Appia Stronger.<\/p>\n<p><img loading=\"lazy\" decoding=\"async\" class=\"size-medium wp-image-3031 alignright\" title=\" En Serrano y Marconi, de Diamante, colisionaron dos motocicletas. Foto: Neo Net Music.\" alt=\"20130901AccidenteEnSerrano\" src=\"http:\/\/www.isletasnoticias.com.ar\/%77%70%2d%63%6f%6e%74%65%6e%74\/uploads\/2013\/09\/20130901AccidenteEnSerrano-300x225.jpg\" width=\"300\" height=\"225\" srcset=\"https:\/\/informelitoral.com.ar\/%77%70%2d%63%6f%6e%74%65%6e%74\/uploads\/2013\/09\/20130901AccidenteEnSerrano-300x225.jpg 300w, https:\/\/informelitoral.com.ar\/%77%70%2d%63%6f%6e%74%65%6e%74\/uploads\/2013\/09\/20130901AccidenteEnSerrano.jpg 960w\" sizes=\"auto, (max-width: 300px) 100vw, 300px\" \/><\/p>\n<p>La Beta circulaba conducida por un chico de 15 a\u00f1os, acompa\u00f1ado por otro menor de 17 por calle Serrano de norte a sur, bebiendo cerveza y sin luces, seg\u00fan testigos. Al llegar a la esquina de calle Marconi embistieron la Appia que circulaba por calle Marconi en el sentido del tr\u00e1nsito y era conducida por un joven de 22 a\u00f1os,<strong> Ariel Frickel<\/strong>, acompa\u00f1ado por<strong> Stefan\u00eda Bracamonte<\/strong>, de 18, quien sufri\u00f3 lesiones graves y debi\u00f3 ser derivada al hospital San Mart\u00edn, de Paran\u00e1.<\/p>\n<p><strong>Accidente en zona del Balneario Municipal<br \/>\n<\/strong>Tambi\u00e9n se produjo un accidente en inmediaciones del Balneario Municipal, donde dos personas resultaron heridas.<\/p>\n<p><img loading=\"lazy\" decoding=\"async\" class=\"size-medium wp-image-3030 alignleft\" title=\"Accidente en la zona del Balneario Municipal de Diamante. Imagen: Neo Net Music. \" alt=\"20130901AccidenteBalneario\" src=\"http:\/\/www.isletasnoticias.com.ar\/%77%70%2d%63%6f%6e%74%65%6e%74\/uploads\/2013\/09\/20130901AccidenteBalneario-300x225.jpg\" width=\"300\" height=\"225\" srcset=\"https:\/\/informelitoral.com.ar\/%77%70%2d%63%6f%6e%74%65%6e%74\/uploads\/2013\/09\/20130901AccidenteBalneario-300x225.jpg 300w, https:\/\/informelitoral.com.ar\/%77%70%2d%63%6f%6e%74%65%6e%74\/uploads\/2013\/09\/20130901AccidenteBalneario.jpg 960w\" sizes=\"auto, (max-width: 300px) 100vw, 300px\" \/><\/p>\n<p>Personal del Comando Radioel\u00e9ctrico, conjuntamente con personal de Comisar\u00eda Strobel, intervinieron en un accidente de Tr\u00e1nsito ocurrido en zona de Costanera a la altura del Camping Balneario Municipal Valle de la Ensenada, donde por causas que se tratan de establecer, un autom\u00f3vil marca Chevrolet Corsa, conducido por un ciudadano mayor de edad, con domicilio en la provincia de Buenos Aires, perdi\u00f3 el control del veh\u00edculo y fue a impactar contra una columna de hormig\u00f3n del alambrado perimetral de dicho paseo.<\/p>\n<p>Resultaron con lesiones dos de los ocupantes del rodado, uno de ellos de 16 a\u00f1os y el otro de 18, este \u00faltimo de car\u00e1cter grave con fractura en el om\u00f3plato.<\/p>\n<p>Fuente: Neo Net Music.<\/p>\n","protected":false},"excerpt":{"rendered":"<p>Las emergencias fueron un vuelco de un auto en la ruta 11 (Las Cuevas), un choque en el Balneario Municipal y una colisi&oacute;n entre dos motocicletas en Diamante. Todos ocurrieron en la madrugada del domingo. Una mujer result&oacute; gravemente herida en un vuelco, en la madrugada del domingo, en la ruta provincial 11, a la [&hellip;]<\/p>\n","protected":false},"author":2,"featured_media":0,"comment_status":"open","ping_status":"open","sticky":false,"template":"","format":"standard","meta":{"fifu_image_url":"","fifu_image_alt":"","footnotes":""},"categories":[5,14],"tags":[],"class_list":{"0":"post-3029","1":"post","2":"type-post","3":"status-publish","4":"format-standard","6":"category-zonales","7":"category-policiales"},"yoast_head":"<title>Madrugada del domingo: dos accidentes de tr\u00e1nsito en Diamante y uno en Las Cuevas - Informe Litoral<\/title>\n<meta name=\"robots\" content=\"index, follow, max-snippet:-1, max-image-preview:large, max-video-preview:-1\" \/>\n<link rel=\"canonical\" href=\"https:\/\/informelitoral.com.ar\/madrugada-del-domingo-dos-accidentes-de-transito-en-diamante-y-uno-en-las-cuevas\/\" \/>\n<meta property=\"og:locale\" content=\"es_ES\" \/>\n<meta property=\"og:type\" content=\"article\" \/>\n<meta property=\"og:title\" content=\"Madrugada del domingo: dos accidentes de tr\u00e1nsito en Diamante y uno en Las Cuevas - Informe Litoral\" \/>\n<meta property=\"og:description\" content=\"Las emergencias fueron un vuelco de un auto en la ruta 11 (Las Cuevas), un choque en el Balneario Municipal y una colisi&oacute;n entre dos motocicletas en Diamante. Todos ocurrieron en la madrugada del domingo. Una mujer result&oacute; gravemente herida en un vuelco, en la madrugada del domingo, en la ruta provincial 11, a la [&hellip;]\" \/>\n<meta property=\"og:url\" content=\"https:\/\/informelitoral.com.ar\/madrugada-del-domingo-dos-accidentes-de-transito-en-diamante-y-uno-en-las-cuevas\/\" \/>\n<meta property=\"og:site_name\" content=\"Informe Litoral\" \/>\n<meta property=\"article:publisher\" content=\"https:\/\/www.facebook.com\/informelitoral\/\" \/>\n<meta property=\"article:published_time\" content=\"2013-09-02T13:39:56+00:00\" \/>\n<meta property=\"article:modified_time\" content=\"2013-09-02T13:49:40+00:00\" \/>\n<meta property=\"og:image\" content=\"https:\/\/informelitoral.com.ar\/%77%70%2d%63%6f%6e%74%65%6e%74\/uploads\/2013\/09\/20130901AccidenteLasCuevas.jpg\" \/>\n\t<meta property=\"og:image:width\" content=\"960\" \/>\n\t<meta property=\"og:image:height\" content=\"720\" \/>\n\t<meta property=\"og:image:type\" content=\"image\/jpeg\" \/>\n<meta name=\"author\" content=\"Gonzalo Schmidt\" \/>\n<meta name=\"twitter:card\" content=\"summary_large_image\" \/>\n<meta name=\"twitter:creator\" content=\"@InformeLitoral\" \/>\n<meta name=\"twitter:site\" content=\"@InformeLitoral\" \/>\n<meta name=\"twitter:label1\" content=\"Escrito por\" \/>\n\t<meta name=\"twitter:data1\" content=\"Gonzalo Schmidt\" \/>\n\t<meta name=\"twitter:label2\" content=\"Tiempo de lectura\" \/>\n\t<meta name=\"twitter:data2\" content=\"2 minutos\" \/>\n<script type=\"application\/ld+json\" class=\"yoast-schema-graph\">{\"@context\":\"https:\\\/\\\/schema.org\",\"@graph\":[{\"@type\":\"Article\",\"@id\":\"https:\\\/\\\/informelitoral.com.ar\\\/madrugada-del-domingo-dos-accidentes-de-transito-en-diamante-y-uno-en-las-cuevas\\\/#article\",\"isPartOf\":{\"@id\":\"https:\\\/\\\/informelitoral.com.ar\\\/madrugada-del-domingo-dos-accidentes-de-transito-en-diamante-y-uno-en-las-cuevas\\\/\"},\"author\":{\"name\":\"Gonzalo Schmidt\",\"@id\":\"https:\\\/\\\/informelitoral.com.ar\\\/#\\\/schema\\\/person\\\/b9d00407c836482871ef1d57bf8e3180\"},\"headline\":\"Madrugada del domingo: dos accidentes de tr\u00e1nsito en Diamante y uno en Las Cuevas\",\"datePublished\":\"2013-09-02T13:39:56+00:00\",\"dateModified\":\"2013-09-02T13:49:40+00:00\",\"mainEntityOfPage\":{\"@id\":\"https:\\\/\\\/informelitoral.com.ar\\\/madrugada-del-domingo-dos-accidentes-de-transito-en-diamante-y-uno-en-las-cuevas\\\/\"},\"wordCount\":411,\"commentCount\":0,\"publisher\":{\"@id\":\"https:\\\/\\\/informelitoral.com.ar\\\/#organization\"},\"image\":{\"@id\":\"https:\\\/\\\/informelitoral.com.ar\\\/madrugada-del-domingo-dos-accidentes-de-transito-en-diamante-y-uno-en-las-cuevas\\\/#primaryimage\"},\"thumbnailUrl\":\"http:\\\/\\\/www.isletasnoticias.com.ar\\\/%77%70%2d%63%6f%6e%74%65%6e%74\\\/uploads\\\/2013\\\/09\\\/20130901AccidenteLasCuevas-300x225.jpg\",\"articleSection\":[\"Departamento Diamante\",\"Policiales\"],\"inLanguage\":\"es\",\"potentialAction\":[{\"@type\":\"CommentAction\",\"name\":\"Comment\",\"target\":[\"https:\\\/\\\/informelitoral.com.ar\\\/madrugada-del-domingo-dos-accidentes-de-transito-en-diamante-y-uno-en-las-cuevas\\\/#respond\"]}]},{\"@type\":\"WebPage\",\"@id\":\"https:\\\/\\\/informelitoral.com.ar\\\/madrugada-del-domingo-dos-accidentes-de-transito-en-diamante-y-uno-en-las-cuevas\\\/\",\"url\":\"https:\\\/\\\/informelitoral.com.ar\\\/madrugada-del-domingo-dos-accidentes-de-transito-en-diamante-y-uno-en-las-cuevas\\\/\",\"name\":\"Madrugada del domingo: dos accidentes de tr\u00e1nsito en Diamante y uno en Las Cuevas - Informe Litoral\",\"isPartOf\":{\"@id\":\"https:\\\/\\\/informelitoral.com.ar\\\/#website\"},\"primaryImageOfPage\":{\"@id\":\"https:\\\/\\\/informelitoral.com.ar\\\/madrugada-del-domingo-dos-accidentes-de-transito-en-diamante-y-uno-en-las-cuevas\\\/#primaryimage\"},\"image\":{\"@id\":\"https:\\\/\\\/informelitoral.com.ar\\\/madrugada-del-domingo-dos-accidentes-de-transito-en-diamante-y-uno-en-las-cuevas\\\/#primaryimage\"},\"thumbnailUrl\":\"http:\\\/\\\/www.isletasnoticias.com.ar\\\/%77%70%2d%63%6f%6e%74%65%6e%74\\\/uploads\\\/2013\\\/09\\\/20130901AccidenteLasCuevas-300x225.jpg\",\"datePublished\":\"2013-09-02T13:39:56+00:00\",\"dateModified\":\"2013-09-02T13:49:40+00:00\",\"breadcrumb\":{\"@id\":\"https:\\\/\\\/informelitoral.com.ar\\\/madrugada-del-domingo-dos-accidentes-de-transito-en-diamante-y-uno-en-las-cuevas\\\/#breadcrumb\"},\"inLanguage\":\"es\",\"potentialAction\":[{\"@type\":\"ReadAction\",\"target\":[\"https:\\\/\\\/informelitoral.com.ar\\\/madrugada-del-domingo-dos-accidentes-de-transito-en-diamante-y-uno-en-las-cuevas\\\/\"]}]},{\"@type\":\"ImageObject\",\"inLanguage\":\"es\",\"@id\":\"https:\\\/\\\/informelitoral.com.ar\\\/madrugada-del-domingo-dos-accidentes-de-transito-en-diamante-y-uno-en-las-cuevas\\\/#primaryimage\",\"url\":\"http:\\\/\\\/www.isletasnoticias.com.ar\\\/%77%70%2d%63%6f%6e%74%65%6e%74\\\/uploads\\\/2013\\\/09\\\/20130901AccidenteLasCuevas-300x225.jpg\",\"contentUrl\":\"http:\\\/\\\/www.isletasnoticias.com.ar\\\/%77%70%2d%63%6f%6e%74%65%6e%74\\\/uploads\\\/2013\\\/09\\\/20130901AccidenteLasCuevas-300x225.jpg\"},{\"@type\":\"BreadcrumbList\",\"@id\":\"https:\\\/\\\/informelitoral.com.ar\\\/madrugada-del-domingo-dos-accidentes-de-transito-en-diamante-y-uno-en-las-cuevas\\\/#breadcrumb\",\"itemListElement\":[{\"@type\":\"ListItem\",\"position\":1,\"name\":\"Portada\",\"item\":\"https:\\\/\\\/informelitoral.com.ar\\\/\"},{\"@type\":\"ListItem\",\"position\":2,\"name\":\"Madrugada del domingo: dos accidentes de tr\u00e1nsito en Diamante y uno en Las Cuevas\"}]},{\"@type\":\"WebSite\",\"@id\":\"https:\\\/\\\/informelitoral.com.ar\\\/#website\",\"url\":\"https:\\\/\\\/informelitoral.com.ar\\\/\",\"name\":\"Informe Litoral\",\"description\":\"&quot;Nos informamos&quot; \",\"publisher\":{\"@id\":\"https:\\\/\\\/informelitoral.com.ar\\\/#organization\"},\"potentialAction\":[{\"@type\":\"SearchAction\",\"target\":{\"@type\":\"EntryPoint\",\"urlTemplate\":\"https:\\\/\\\/informelitoral.com.ar\\\/?s={search_term_string}\"},\"query-input\":{\"@type\":\"PropertyValueSpecification\",\"valueRequired\":true,\"valueName\":\"search_term_string\"}}],\"inLanguage\":\"es\"},{\"@type\":\"Organization\",\"@id\":\"https:\\\/\\\/informelitoral.com.ar\\\/#organization\",\"name\":\"Informe Litoral\",\"url\":\"https:\\\/\\\/informelitoral.com.ar\\\/\",\"logo\":{\"@type\":\"ImageObject\",\"inLanguage\":\"es\",\"@id\":\"https:\\\/\\\/informelitoral.com.ar\\\/#\\\/schema\\\/logo\\\/image\\\/\",\"url\":\"https:\\\/\\\/informelitoral.com.ar\\\/%77%70%2d%63%6f%6e%74%65%6e%74\\\/uploads\\\/2021\\\/01\\\/circulo.png\",\"contentUrl\":\"https:\\\/\\\/informelitoral.com.ar\\\/%77%70%2d%63%6f%6e%74%65%6e%74\\\/uploads\\\/2021\\\/01\\\/circulo.png\",\"width\":723,\"height\":731,\"caption\":\"Informe Litoral\"},\"image\":{\"@id\":\"https:\\\/\\\/informelitoral.com.ar\\\/#\\\/schema\\\/logo\\\/image\\\/\"},\"sameAs\":[\"https:\\\/\\\/www.facebook.com\\\/informelitoral\\\/\",\"https:\\\/\\\/x.com\\\/InformeLitoral\",\"https:\\\/\\\/www.instagram.com\\\/informelitoral\\\/\",\"https:\\\/\\\/www.youtube.com\\\/channel\\\/UCua4Qvz8Icb6MYqhoq9xLXw\"]},{\"@type\":\"Person\",\"@id\":\"https:\\\/\\\/informelitoral.com.ar\\\/#\\\/schema\\\/person\\\/b9d00407c836482871ef1d57bf8e3180\",\"name\":\"Gonzalo Schmidt\",\"image\":{\"@type\":\"ImageObject\",\"inLanguage\":\"es\",\"@id\":\"https:\\\/\\\/secure.gravatar.com\\\/avatar\\\/31a1a7b66ff2de83bd0e9fd79d026630d2d99e55e8bfe501287647b4fd9743de?s=96&d=mm&r=g\",\"url\":\"https:\\\/\\\/secure.gravatar.com\\\/avatar\\\/31a1a7b66ff2de83bd0e9fd79d026630d2d99e55e8bfe501287647b4fd9743de?s=96&d=mm&r=g\",\"contentUrl\":\"https:\\\/\\\/secure.gravatar.com\\\/avatar\\\/31a1a7b66ff2de83bd0e9fd79d026630d2d99e55e8bfe501287647b4fd9743de?s=96&d=mm&r=g\",\"caption\":\"Gonzalo Schmidt\"},\"description\":\"Sitio web de noticias de la provincia de Entre R\u00edos, Argentina. Informaci\u00f3n y entretenimiento. Informe Litoral, nos informamos.\",\"sameAs\":[\"http:\\\/\\\/www.isletasnoticias.com.ar\"],\"url\":\"https:\\\/\\\/informelitoral.com.ar\\\/author\\\/gonzalo\\\/\"}]}<\/script>","yoast_head_json":{"title":"Madrugada del domingo: dos accidentes de tr\u00e1nsito en Diamante y uno en Las Cuevas - Informe Litoral","robots":{"index":"index","follow":"follow","max-snippet":"max-snippet:-1","max-image-preview":"max-image-preview:large","max-video-preview":"max-video-preview:-1"},"canonical":"https:\/\/informelitoral.com.ar\/madrugada-del-domingo-dos-accidentes-de-transito-en-diamante-y-uno-en-las-cuevas\/","og_locale":"es_ES","og_type":"article","og_title":"Madrugada del domingo: dos accidentes de tr\u00e1nsito en Diamante y uno en Las Cuevas - Informe Litoral","og_description":"Las emergencias fueron un vuelco de un auto en la ruta 11 (Las Cuevas), un choque en el Balneario Municipal y una colisi&oacute;n entre dos motocicletas en Diamante. Todos ocurrieron en la madrugada del domingo. Una mujer result&oacute; gravemente herida en un vuelco, en la madrugada del domingo, en la ruta provincial 11, a la [&hellip;]","og_url":"https:\/\/informelitoral.com.ar\/madrugada-del-domingo-dos-accidentes-de-transito-en-diamante-y-uno-en-las-cuevas\/","og_site_name":"Informe Litoral","article_publisher":"https:\/\/www.facebook.com\/informelitoral\/","article_published_time":"2013-09-02T13:39:56+00:00","article_modified_time":"2013-09-02T13:49:40+00:00","og_image":[{"width":960,"height":720,"url":"https:\/\/informelitoral.com.ar\/%77%70%2d%63%6f%6e%74%65%6e%74\/uploads\/2013\/09\/20130901AccidenteLasCuevas.jpg","type":"image\/jpeg"}],"author":"Gonzalo Schmidt","twitter_card":"summary_large_image","twitter_creator":"@InformeLitoral","twitter_site":"@InformeLitoral","twitter_misc":{"Escrito por":"Gonzalo Schmidt","Tiempo de lectura":"2 minutos"},"schema":{"@context":"https:\/\/schema.org","@graph":[{"@type":"Article","@id":"https:\/\/informelitoral.com.ar\/madrugada-del-domingo-dos-accidentes-de-transito-en-diamante-y-uno-en-las-cuevas\/#article","isPartOf":{"@id":"https:\/\/informelitoral.com.ar\/madrugada-del-domingo-dos-accidentes-de-transito-en-diamante-y-uno-en-las-cuevas\/"},"author":{"name":"Gonzalo Schmidt","@id":"https:\/\/informelitoral.com.ar\/#\/schema\/person\/b9d00407c836482871ef1d57bf8e3180"},"headline":"Madrugada del domingo: dos accidentes de tr\u00e1nsito en Diamante y uno en Las Cuevas","datePublished":"2013-09-02T13:39:56+00:00","dateModified":"2013-09-02T13:49:40+00:00","mainEntityOfPage":{"@id":"https:\/\/informelitoral.com.ar\/madrugada-del-domingo-dos-accidentes-de-transito-en-diamante-y-uno-en-las-cuevas\/"},"wordCount":411,"commentCount":0,"publisher":{"@id":"https:\/\/informelitoral.com.ar\/#organization"},"image":{"@id":"https:\/\/informelitoral.com.ar\/madrugada-del-domingo-dos-accidentes-de-transito-en-diamante-y-uno-en-las-cuevas\/#primaryimage"},"thumbnailUrl":"http:\/\/www.isletasnoticias.com.ar\/%77%70%2d%63%6f%6e%74%65%6e%74\/uploads\/2013\/09\/20130901AccidenteLasCuevas-300x225.jpg","articleSection":["Departamento Diamante","Policiales"],"inLanguage":"es","potentialAction":[{"@type":"CommentAction","name":"Comment","target":["https:\/\/informelitoral.com.ar\/madrugada-del-domingo-dos-accidentes-de-transito-en-diamante-y-uno-en-las-cuevas\/#respond"]}]},{"@type":"WebPage","@id":"https:\/\/informelitoral.com.ar\/madrugada-del-domingo-dos-accidentes-de-transito-en-diamante-y-uno-en-las-cuevas\/","url":"https:\/\/informelitoral.com.ar\/madrugada-del-domingo-dos-accidentes-de-transito-en-diamante-y-uno-en-las-cuevas\/","name":"Madrugada del domingo: dos accidentes de tr\u00e1nsito en Diamante y uno en Las Cuevas - Informe Litoral","isPartOf":{"@id":"https:\/\/informelitoral.com.ar\/#website"},"primaryImageOfPage":{"@id":"https:\/\/informelitoral.com.ar\/madrugada-del-domingo-dos-accidentes-de-transito-en-diamante-y-uno-en-las-cuevas\/#primaryimage"},"image":{"@id":"https:\/\/informelitoral.com.ar\/madrugada-del-domingo-dos-accidentes-de-transito-en-diamante-y-uno-en-las-cuevas\/#primaryimage"},"thumbnailUrl":"http:\/\/www.isletasnoticias.com.ar\/%77%70%2d%63%6f%6e%74%65%6e%74\/uploads\/2013\/09\/20130901AccidenteLasCuevas-300x225.jpg","datePublished":"2013-09-02T13:39:56+00:00","dateModified":"2013-09-02T13:49:40+00:00","breadcrumb":{"@id":"https:\/\/informelitoral.com.ar\/madrugada-del-domingo-dos-accidentes-de-transito-en-diamante-y-uno-en-las-cuevas\/#breadcrumb"},"inLanguage":"es","potentialAction":[{"@type":"ReadAction","target":["https:\/\/informelitoral.com.ar\/madrugada-del-domingo-dos-accidentes-de-transito-en-diamante-y-uno-en-las-cuevas\/"]}]},{"@type":"ImageObject","inLanguage":"es","@id":"https:\/\/informelitoral.com.ar\/madrugada-del-domingo-dos-accidentes-de-transito-en-diamante-y-uno-en-las-cuevas\/#primaryimage","url":"http:\/\/www.isletasnoticias.com.ar\/%77%70%2d%63%6f%6e%74%65%6e%74\/uploads\/2013\/09\/20130901AccidenteLasCuevas-300x225.jpg","contentUrl":"http:\/\/www.isletasnoticias.com.ar\/%77%70%2d%63%6f%6e%74%65%6e%74\/uploads\/2013\/09\/20130901AccidenteLasCuevas-300x225.jpg"},{"@type":"BreadcrumbList","@id":"https:\/\/informelitoral.com.ar\/madrugada-del-domingo-dos-accidentes-de-transito-en-diamante-y-uno-en-las-cuevas\/#breadcrumb","itemListElement":[{"@type":"ListItem","position":1,"name":"Portada","item":"https:\/\/informelitoral.com.ar\/"},{"@type":"ListItem","position":2,"name":"Madrugada del domingo: dos accidentes de tr\u00e1nsito en Diamante y uno en Las Cuevas"}]},{"@type":"WebSite","@id":"https:\/\/informelitoral.com.ar\/#website","url":"https:\/\/informelitoral.com.ar\/","name":"Informe Litoral","description":"&quot;Nos informamos&quot; ","publisher":{"@id":"https:\/\/informelitoral.com.ar\/#organization"},"potentialAction":[{"@type":"SearchAction","target":{"@type":"EntryPoint","urlTemplate":"https:\/\/informelitoral.com.ar\/?s={search_term_string}"},"query-input":{"@type":"PropertyValueSpecification","valueRequired":true,"valueName":"search_term_string"}}],"inLanguage":"es"},{"@type":"Organization","@id":"https:\/\/informelitoral.com.ar\/#organization","name":"Informe Litoral","url":"https:\/\/informelitoral.com.ar\/","logo":{"@type":"ImageObject","inLanguage":"es","@id":"https:\/\/informelitoral.com.ar\/#\/schema\/logo\/image\/","url":"https:\/\/informelitoral.com.ar\/%77%70%2d%63%6f%6e%74%65%6e%74\/uploads\/2021\/01\/circulo.png","contentUrl":"https:\/\/informelitoral.com.ar\/%77%70%2d%63%6f%6e%74%65%6e%74\/uploads\/2021\/01\/circulo.png","width":723,"height":731,"caption":"Informe Litoral"},"image":{"@id":"https:\/\/informelitoral.com.ar\/#\/schema\/logo\/image\/"},"sameAs":["https:\/\/www.facebook.com\/informelitoral\/","https:\/\/x.com\/InformeLitoral","https:\/\/www.instagram.com\/informelitoral\/","https:\/\/www.youtube.com\/channel\/UCua4Qvz8Icb6MYqhoq9xLXw"]},{"@type":"Person","@id":"https:\/\/informelitoral.com.ar\/#\/schema\/person\/b9d00407c836482871ef1d57bf8e3180","name":"Gonzalo Schmidt","image":{"@type":"ImageObject","inLanguage":"es","@id":"https:\/\/secure.gravatar.com\/avatar\/31a1a7b66ff2de83bd0e9fd79d026630d2d99e55e8bfe501287647b4fd9743de?s=96&d=mm&r=g","url":"https:\/\/secure.gravatar.com\/avatar\/31a1a7b66ff2de83bd0e9fd79d026630d2d99e55e8bfe501287647b4fd9743de?s=96&d=mm&r=g","contentUrl":"https:\/\/secure.gravatar.com\/avatar\/31a1a7b66ff2de83bd0e9fd79d026630d2d99e55e8bfe501287647b4fd9743de?s=96&d=mm&r=g","caption":"Gonzalo Schmidt"},"description":"Sitio web de noticias de la provincia de Entre R\u00edos, Argentina. Informaci\u00f3n y entretenimiento. Informe Litoral, nos informamos.","sameAs":["http:\/\/www.isletasnoticias.com.ar"],"url":"https:\/\/informelitoral.com.ar\/author\/gonzalo\/"}]}},"_links":{"self":[{"href":"https:\/\/informelitoral.com.ar\/%77%70%2d%6a%73%6f%6e\/wp\/v2\/posts\/3029","targetHints":{"allow":["GET"]}}],"collection":[{"href":"https:\/\/informelitoral.com.ar\/%77%70%2d%6a%73%6f%6e\/wp\/v2\/posts"}],"about":[{"href":"https:\/\/informelitoral.com.ar\/%77%70%2d%6a%73%6f%6e\/wp\/v2\/types\/post"}],"author":[{"embeddable":true,"href":"https:\/\/informelitoral.com.ar\/%77%70%2d%6a%73%6f%6e\/wp\/v2\/users\/2"}],"replies":[{"embeddable":true,"href":"https:\/\/informelitoral.com.ar\/%77%70%2d%6a%73%6f%6e\/wp\/v2\/comments?post=3029"}],"version-history":[{"count":0,"href":"https:\/\/informelitoral.com.ar\/%77%70%2d%6a%73%6f%6e\/wp\/v2\/posts\/3029\/revisions"}],"wp:attachment":[{"href":"https:\/\/informelitoral.com.ar\/%77%70%2d%6a%73%6f%6e\/wp\/v2\/media?parent=3029"}],"wp:term":[{"taxonomy":"category","embeddable":true,"href":"https:\/\/informelitoral.com.ar\/%77%70%2d%6a%73%6f%6e\/wp\/v2\/categories?post=3029"},{"taxonomy":"post_tag","embeddable":true,"href":"https:\/\/informelitoral.com.ar\/%77%70%2d%6a%73%6f%6e\/wp\/v2\/tags?post=3029"}],"curies":[{"name":"wp","href":"https:\/\/api.w.org\/{rel}","templated":true}]}}