{"id":3026,"date":"2013-09-02T10:02:48","date_gmt":"2013-09-02T13:02:48","guid":{"rendered":"http:\/\/www.isletasnoticias.com.ar\/?p=3026"},"modified":"2013-09-02T10:02:48","modified_gmt":"2013-09-02T13:02:48","slug":"gualeguyachu-sin-busti-de-angeli-y-leissa-marcharon-contra-upm","status":"publish","type":"post","link":"https:\/\/informelitoral.com.ar\/gualeguyachu-sin-busti-de-angeli-y-leissa-marcharon-contra-upm\/","title":{"rendered":"Gualeguyach\u00fa: sin Busti, De Angeli y Leissa marcharon contra UPM"},"content":{"rendered":"<p><strong>El ruralista y el referente de Nuevo Espacio estuvieron en la marcha contra la instalaci\u00f3n de la nueva pastera. En el comunicado enviado, no se menciona la presencia del ex gobernador entrerriano n<strong>i de su esposa Cremer. Qu\u00e9 dijeron.<\/strong><\/strong><\/p>\n<p style=\"text-align: center;\"><a style=\"text-align: center;\" href=\"http:\/\/www.isletasnoticias.com.ar\/%77%70%2d%63%6f%6e%74%65%6e%74\/uploads\/2013\/09\/gualeguaychu.jpg\"><img loading=\"lazy\" decoding=\"async\" class=\"size-medium wp-image-3027 aligncenter\" title=\"Busti y Leissa en Gualeguaych\u00fa. \" alt=\"gualeguaychu\" src=\"http:\/\/www.isletasnoticias.com.ar\/%77%70%2d%63%6f%6e%74%65%6e%74\/uploads\/2013\/09\/gualeguaychu-300x168.jpg\" width=\"300\" height=\"168\" srcset=\"https:\/\/informelitoral.com.ar\/%77%70%2d%63%6f%6e%74%65%6e%74\/uploads\/2013\/09\/gualeguaychu-300x168.jpg 300w, https:\/\/informelitoral.com.ar\/%77%70%2d%63%6f%6e%74%65%6e%74\/uploads\/2013\/09\/gualeguaychu.jpg 640w\" sizes=\"auto, (max-width: 300px) 100vw, 300px\" \/><\/a><\/p>\n<p style=\"text-align: left;\">El candidato a senador nacional<strong> Alfredo De Angeli<\/strong> y el segundo postulante a diputado <strong>Luis Leissa,<\/strong> estuvieron en Gualeguaych\u00fa participando de la caravana en protesta de la posible instalaci\u00f3n de una tercera pastera, en las orillas del r\u00edo Negro, afluente del r\u00edo Uruguay. Desde el sector de prensa del ruralista, no se menciona la presencia de <strong>Jorge Busti<\/strong> y ni de <strong>Cristina Cremer<\/strong> en la movilizaci\u00f3n.<\/p>\n<p>En ese marco, De Angeli hizo referencia a la postura del gobierno nacional: \u00abuna vez m\u00e1s, le estamos pidiendo que tome una definici\u00f3n firme y activa frente a la posibilidad de la construcci\u00f3n de una nueva pastera. A su vez, seguimos reclamando que se realicen los seguimientos y se implementen las medidas necesarias para terminar con la contaminaci\u00f3n de Botnia-UPM\u00bb.<br \/>\n<a href=\"http:\/\/www.isletasnoticias.com.ar\/%77%70%2d%63%6f%6e%74%65%6e%74\/uploads\/2013\/08\/botnia-2.jpg\"><img loading=\"lazy\" decoding=\"async\" class=\"size-medium wp-image-2949 alignright\" alt=\"botnia 2\" src=\"http:\/\/www.isletasnoticias.com.ar\/%77%70%2d%63%6f%6e%74%65%6e%74\/uploads\/2013\/08\/botnia-2-300x168.jpg\" width=\"300\" height=\"168\" srcset=\"https:\/\/informelitoral.com.ar\/%77%70%2d%63%6f%6e%74%65%6e%74\/uploads\/2013\/08\/botnia-2-300x168.jpg 300w, https:\/\/informelitoral.com.ar\/%77%70%2d%63%6f%6e%74%65%6e%74\/uploads\/2013\/08\/botnia-2.jpg 602w\" sizes=\"auto, (max-width: 300px) 100vw, 300px\" \/><\/a><\/p>\n<p style=\"text-align: left;\">Por su parte, el abogado de la Asamblea en momentos del conflicto y candidato a diputado nacional,<strong> Luis Leissa<\/strong>, se\u00f1al\u00f3 que \u00abel objetivo de la convocatoria es ratificar el rechazo a la posibilidad de una tercera pastera, que muestra la voluntad pol\u00edtica por parte de Uruguay y preocupa al pueblo de Gualeguaych\u00fa\u00bb.<\/p>\n<p>Sobre esta l\u00ednea<b>,<\/b>\u00a0Leissa explic\u00f3 que \u00abBotnia &#8211; UPM ya fue declarada ilegal y contaminante por la Corte Internacional de Justicia de La Haya y hoy la aduana ha verificado que est\u00e1 exportando un mill\u00f3n cien mil de toneladas m\u00e1s por encima de lo acordado por Argentina y Uruguay\u00bb.<\/p>\n<p>Ambos candidatos de Uni\u00f3n por Entre R\u00edos coincidieron en que \u00abla lucha no est\u00e1 terminada\u00bb.<\/p>\n<p>Fuente: Informe Digital.<\/p>\n","protected":false},"excerpt":{"rendered":"<p>El ruralista y el referente de Nuevo Espacio estuvieron en la marcha contra la instalaci&oacute;n de la nueva pastera. En el comunicado enviado, no se menciona la presencia del ex gobernador entrerriano ni de su esposa Cremer. Qu&eacute; dijeron. El candidato a senador nacional Alfredo De Angeli y el segundo postulante a diputado Luis Leissa, [&hellip;]<\/p>\n","protected":false},"author":2,"featured_media":0,"comment_status":"open","ping_status":"open","sticky":false,"template":"","format":"standard","meta":{"fifu_image_url":"","fifu_image_alt":"","footnotes":""},"categories":[6,16],"tags":[],"class_list":{"0":"post-3026","1":"post","2":"type-post","3":"status-publish","4":"format-standard","6":"category-entre-rios","7":"category-politi"},"yoast_head":"<title>Gualeguyach\u00fa: sin Busti, De Angeli y Leissa marcharon contra UPM - Informe Litoral<\/title>\n<meta name=\"robots\" content=\"index, follow, max-snippet:-1, max-image-preview:large, max-video-preview:-1\" \/>\n<link rel=\"canonical\" href=\"https:\/\/informelitoral.com.ar\/gualeguyachu-sin-busti-de-angeli-y-leissa-marcharon-contra-upm\/\" \/>\n<meta property=\"og:locale\" content=\"es_ES\" \/>\n<meta property=\"og:type\" content=\"article\" \/>\n<meta property=\"og:title\" content=\"Gualeguyach\u00fa: sin Busti, De Angeli y Leissa marcharon contra UPM - Informe Litoral\" \/>\n<meta property=\"og:description\" content=\"El ruralista y el referente de Nuevo Espacio estuvieron en la marcha contra la instalaci&oacute;n de la nueva pastera. En el comunicado enviado, no se menciona la presencia del ex gobernador entrerriano ni de su esposa Cremer. Qu&eacute; dijeron. El candidato a senador nacional Alfredo De Angeli y el segundo postulante a diputado Luis Leissa, [&hellip;]\" \/>\n<meta property=\"og:url\" content=\"https:\/\/informelitoral.com.ar\/gualeguyachu-sin-busti-de-angeli-y-leissa-marcharon-contra-upm\/\" \/>\n<meta property=\"og:site_name\" content=\"Informe Litoral\" \/>\n<meta property=\"article:publisher\" content=\"https:\/\/www.facebook.com\/informelitoral\/\" \/>\n<meta property=\"article:published_time\" content=\"2013-09-02T13:02:48+00:00\" \/>\n<meta property=\"og:image\" content=\"https:\/\/informelitoral.com.ar\/%77%70%2d%63%6f%6e%74%65%6e%74\/uploads\/2013\/09\/gualeguaychu.jpg\" \/>\n\t<meta property=\"og:image:width\" content=\"640\" \/>\n\t<meta property=\"og:image:height\" content=\"360\" \/>\n\t<meta property=\"og:image:type\" content=\"image\/jpeg\" \/>\n<meta name=\"author\" content=\"Gonzalo Schmidt\" \/>\n<meta name=\"twitter:card\" content=\"summary_large_image\" \/>\n<meta name=\"twitter:creator\" content=\"@InformeLitoral\" \/>\n<meta name=\"twitter:site\" content=\"@InformeLitoral\" \/>\n<meta name=\"twitter:label1\" content=\"Escrito por\" \/>\n\t<meta name=\"twitter:data1\" content=\"Gonzalo Schmidt\" \/>\n\t<meta name=\"twitter:label2\" content=\"Tiempo de lectura\" \/>\n\t<meta name=\"twitter:data2\" content=\"2 minutos\" \/>\n<script type=\"application\/ld+json\" class=\"yoast-schema-graph\">{\"@context\":\"https:\\\/\\\/schema.org\",\"@graph\":[{\"@type\":\"Article\",\"@id\":\"https:\\\/\\\/informelitoral.com.ar\\\/gualeguyachu-sin-busti-de-angeli-y-leissa-marcharon-contra-upm\\\/#article\",\"isPartOf\":{\"@id\":\"https:\\\/\\\/informelitoral.com.ar\\\/gualeguyachu-sin-busti-de-angeli-y-leissa-marcharon-contra-upm\\\/\"},\"author\":{\"name\":\"Gonzalo Schmidt\",\"@id\":\"https:\\\/\\\/informelitoral.com.ar\\\/#\\\/schema\\\/person\\\/b9d00407c836482871ef1d57bf8e3180\"},\"headline\":\"Gualeguyach\u00fa: sin Busti, De Angeli y Leissa marcharon contra UPM\",\"datePublished\":\"2013-09-02T13:02:48+00:00\",\"mainEntityOfPage\":{\"@id\":\"https:\\\/\\\/informelitoral.com.ar\\\/gualeguyachu-sin-busti-de-angeli-y-leissa-marcharon-contra-upm\\\/\"},\"wordCount\":310,\"commentCount\":0,\"publisher\":{\"@id\":\"https:\\\/\\\/informelitoral.com.ar\\\/#organization\"},\"image\":{\"@id\":\"https:\\\/\\\/informelitoral.com.ar\\\/gualeguyachu-sin-busti-de-angeli-y-leissa-marcharon-contra-upm\\\/#primaryimage\"},\"thumbnailUrl\":\"http:\\\/\\\/www.isletasnoticias.com.ar\\\/%77%70%2d%63%6f%6e%74%65%6e%74\\\/uploads\\\/2013\\\/09\\\/gualeguaychu-300x168.jpg\",\"articleSection\":[\"Entre R\u00edos\",\"Politica\"],\"inLanguage\":\"es\",\"potentialAction\":[{\"@type\":\"CommentAction\",\"name\":\"Comment\",\"target\":[\"https:\\\/\\\/informelitoral.com.ar\\\/gualeguyachu-sin-busti-de-angeli-y-leissa-marcharon-contra-upm\\\/#respond\"]}]},{\"@type\":\"WebPage\",\"@id\":\"https:\\\/\\\/informelitoral.com.ar\\\/gualeguyachu-sin-busti-de-angeli-y-leissa-marcharon-contra-upm\\\/\",\"url\":\"https:\\\/\\\/informelitoral.com.ar\\\/gualeguyachu-sin-busti-de-angeli-y-leissa-marcharon-contra-upm\\\/\",\"name\":\"Gualeguyach\u00fa: sin Busti, De Angeli y Leissa marcharon contra UPM - Informe Litoral\",\"isPartOf\":{\"@id\":\"https:\\\/\\\/informelitoral.com.ar\\\/#website\"},\"primaryImageOfPage\":{\"@id\":\"https:\\\/\\\/informelitoral.com.ar\\\/gualeguyachu-sin-busti-de-angeli-y-leissa-marcharon-contra-upm\\\/#primaryimage\"},\"image\":{\"@id\":\"https:\\\/\\\/informelitoral.com.ar\\\/gualeguyachu-sin-busti-de-angeli-y-leissa-marcharon-contra-upm\\\/#primaryimage\"},\"thumbnailUrl\":\"http:\\\/\\\/www.isletasnoticias.com.ar\\\/%77%70%2d%63%6f%6e%74%65%6e%74\\\/uploads\\\/2013\\\/09\\\/gualeguaychu-300x168.jpg\",\"datePublished\":\"2013-09-02T13:02:48+00:00\",\"breadcrumb\":{\"@id\":\"https:\\\/\\\/informelitoral.com.ar\\\/gualeguyachu-sin-busti-de-angeli-y-leissa-marcharon-contra-upm\\\/#breadcrumb\"},\"inLanguage\":\"es\",\"potentialAction\":[{\"@type\":\"ReadAction\",\"target\":[\"https:\\\/\\\/informelitoral.com.ar\\\/gualeguyachu-sin-busti-de-angeli-y-leissa-marcharon-contra-upm\\\/\"]}]},{\"@type\":\"ImageObject\",\"inLanguage\":\"es\",\"@id\":\"https:\\\/\\\/informelitoral.com.ar\\\/gualeguyachu-sin-busti-de-angeli-y-leissa-marcharon-contra-upm\\\/#primaryimage\",\"url\":\"http:\\\/\\\/www.isletasnoticias.com.ar\\\/%77%70%2d%63%6f%6e%74%65%6e%74\\\/uploads\\\/2013\\\/09\\\/gualeguaychu-300x168.jpg\",\"contentUrl\":\"http:\\\/\\\/www.isletasnoticias.com.ar\\\/%77%70%2d%63%6f%6e%74%65%6e%74\\\/uploads\\\/2013\\\/09\\\/gualeguaychu-300x168.jpg\"},{\"@type\":\"BreadcrumbList\",\"@id\":\"https:\\\/\\\/informelitoral.com.ar\\\/gualeguyachu-sin-busti-de-angeli-y-leissa-marcharon-contra-upm\\\/#breadcrumb\",\"itemListElement\":[{\"@type\":\"ListItem\",\"position\":1,\"name\":\"Portada\",\"item\":\"https:\\\/\\\/informelitoral.com.ar\\\/\"},{\"@type\":\"ListItem\",\"position\":2,\"name\":\"Gualeguyach\u00fa: sin Busti, De Angeli y Leissa marcharon contra UPM\"}]},{\"@type\":\"WebSite\",\"@id\":\"https:\\\/\\\/informelitoral.com.ar\\\/#website\",\"url\":\"https:\\\/\\\/informelitoral.com.ar\\\/\",\"name\":\"Informe Litoral\",\"description\":\"&quot;Nos informamos&quot; \",\"publisher\":{\"@id\":\"https:\\\/\\\/informelitoral.com.ar\\\/#organization\"},\"potentialAction\":[{\"@type\":\"SearchAction\",\"target\":{\"@type\":\"EntryPoint\",\"urlTemplate\":\"https:\\\/\\\/informelitoral.com.ar\\\/?s={search_term_string}\"},\"query-input\":{\"@type\":\"PropertyValueSpecification\",\"valueRequired\":true,\"valueName\":\"search_term_string\"}}],\"inLanguage\":\"es\"},{\"@type\":\"Organization\",\"@id\":\"https:\\\/\\\/informelitoral.com.ar\\\/#organization\",\"name\":\"Informe Litoral\",\"url\":\"https:\\\/\\\/informelitoral.com.ar\\\/\",\"logo\":{\"@type\":\"ImageObject\",\"inLanguage\":\"es\",\"@id\":\"https:\\\/\\\/informelitoral.com.ar\\\/#\\\/schema\\\/logo\\\/image\\\/\",\"url\":\"https:\\\/\\\/informelitoral.com.ar\\\/%77%70%2d%63%6f%6e%74%65%6e%74\\\/uploads\\\/2021\\\/01\\\/circulo.png\",\"contentUrl\":\"https:\\\/\\\/informelitoral.com.ar\\\/%77%70%2d%63%6f%6e%74%65%6e%74\\\/uploads\\\/2021\\\/01\\\/circulo.png\",\"width\":723,\"height\":731,\"caption\":\"Informe Litoral\"},\"image\":{\"@id\":\"https:\\\/\\\/informelitoral.com.ar\\\/#\\\/schema\\\/logo\\\/image\\\/\"},\"sameAs\":[\"https:\\\/\\\/www.facebook.com\\\/informelitoral\\\/\",\"https:\\\/\\\/x.com\\\/InformeLitoral\",\"https:\\\/\\\/www.instagram.com\\\/informelitoral\\\/\",\"https:\\\/\\\/www.youtube.com\\\/channel\\\/UCua4Qvz8Icb6MYqhoq9xLXw\"]},{\"@type\":\"Person\",\"@id\":\"https:\\\/\\\/informelitoral.com.ar\\\/#\\\/schema\\\/person\\\/b9d00407c836482871ef1d57bf8e3180\",\"name\":\"Gonzalo Schmidt\",\"image\":{\"@type\":\"ImageObject\",\"inLanguage\":\"es\",\"@id\":\"https:\\\/\\\/secure.gravatar.com\\\/avatar\\\/31a1a7b66ff2de83bd0e9fd79d026630d2d99e55e8bfe501287647b4fd9743de?s=96&d=mm&r=g\",\"url\":\"https:\\\/\\\/secure.gravatar.com\\\/avatar\\\/31a1a7b66ff2de83bd0e9fd79d026630d2d99e55e8bfe501287647b4fd9743de?s=96&d=mm&r=g\",\"contentUrl\":\"https:\\\/\\\/secure.gravatar.com\\\/avatar\\\/31a1a7b66ff2de83bd0e9fd79d026630d2d99e55e8bfe501287647b4fd9743de?s=96&d=mm&r=g\",\"caption\":\"Gonzalo Schmidt\"},\"description\":\"Sitio web de noticias de la provincia de Entre R\u00edos, Argentina. Informaci\u00f3n y entretenimiento. Informe Litoral, nos informamos.\",\"sameAs\":[\"http:\\\/\\\/www.isletasnoticias.com.ar\"],\"url\":\"https:\\\/\\\/informelitoral.com.ar\\\/author\\\/gonzalo\\\/\"}]}<\/script>","yoast_head_json":{"title":"Gualeguyach\u00fa: sin Busti, De Angeli y Leissa marcharon contra UPM - Informe Litoral","robots":{"index":"index","follow":"follow","max-snippet":"max-snippet:-1","max-image-preview":"max-image-preview:large","max-video-preview":"max-video-preview:-1"},"canonical":"https:\/\/informelitoral.com.ar\/gualeguyachu-sin-busti-de-angeli-y-leissa-marcharon-contra-upm\/","og_locale":"es_ES","og_type":"article","og_title":"Gualeguyach\u00fa: sin Busti, De Angeli y Leissa marcharon contra UPM - Informe Litoral","og_description":"El ruralista y el referente de Nuevo Espacio estuvieron en la marcha contra la instalaci&oacute;n de la nueva pastera. En el comunicado enviado, no se menciona la presencia del ex gobernador entrerriano ni de su esposa Cremer. Qu&eacute; dijeron. El candidato a senador nacional Alfredo De Angeli y el segundo postulante a diputado Luis Leissa, [&hellip;]","og_url":"https:\/\/informelitoral.com.ar\/gualeguyachu-sin-busti-de-angeli-y-leissa-marcharon-contra-upm\/","og_site_name":"Informe Litoral","article_publisher":"https:\/\/www.facebook.com\/informelitoral\/","article_published_time":"2013-09-02T13:02:48+00:00","og_image":[{"width":640,"height":360,"url":"https:\/\/informelitoral.com.ar\/%77%70%2d%63%6f%6e%74%65%6e%74\/uploads\/2013\/09\/gualeguaychu.jpg","type":"image\/jpeg"}],"author":"Gonzalo Schmidt","twitter_card":"summary_large_image","twitter_creator":"@InformeLitoral","twitter_site":"@InformeLitoral","twitter_misc":{"Escrito por":"Gonzalo Schmidt","Tiempo de lectura":"2 minutos"},"schema":{"@context":"https:\/\/schema.org","@graph":[{"@type":"Article","@id":"https:\/\/informelitoral.com.ar\/gualeguyachu-sin-busti-de-angeli-y-leissa-marcharon-contra-upm\/#article","isPartOf":{"@id":"https:\/\/informelitoral.com.ar\/gualeguyachu-sin-busti-de-angeli-y-leissa-marcharon-contra-upm\/"},"author":{"name":"Gonzalo Schmidt","@id":"https:\/\/informelitoral.com.ar\/#\/schema\/person\/b9d00407c836482871ef1d57bf8e3180"},"headline":"Gualeguyach\u00fa: sin Busti, De Angeli y Leissa marcharon contra UPM","datePublished":"2013-09-02T13:02:48+00:00","mainEntityOfPage":{"@id":"https:\/\/informelitoral.com.ar\/gualeguyachu-sin-busti-de-angeli-y-leissa-marcharon-contra-upm\/"},"wordCount":310,"commentCount":0,"publisher":{"@id":"https:\/\/informelitoral.com.ar\/#organization"},"image":{"@id":"https:\/\/informelitoral.com.ar\/gualeguyachu-sin-busti-de-angeli-y-leissa-marcharon-contra-upm\/#primaryimage"},"thumbnailUrl":"http:\/\/www.isletasnoticias.com.ar\/%77%70%2d%63%6f%6e%74%65%6e%74\/uploads\/2013\/09\/gualeguaychu-300x168.jpg","articleSection":["Entre R\u00edos","Politica"],"inLanguage":"es","potentialAction":[{"@type":"CommentAction","name":"Comment","target":["https:\/\/informelitoral.com.ar\/gualeguyachu-sin-busti-de-angeli-y-leissa-marcharon-contra-upm\/#respond"]}]},{"@type":"WebPage","@id":"https:\/\/informelitoral.com.ar\/gualeguyachu-sin-busti-de-angeli-y-leissa-marcharon-contra-upm\/","url":"https:\/\/informelitoral.com.ar\/gualeguyachu-sin-busti-de-angeli-y-leissa-marcharon-contra-upm\/","name":"Gualeguyach\u00fa: sin Busti, De Angeli y Leissa marcharon contra UPM - Informe Litoral","isPartOf":{"@id":"https:\/\/informelitoral.com.ar\/#website"},"primaryImageOfPage":{"@id":"https:\/\/informelitoral.com.ar\/gualeguyachu-sin-busti-de-angeli-y-leissa-marcharon-contra-upm\/#primaryimage"},"image":{"@id":"https:\/\/informelitoral.com.ar\/gualeguyachu-sin-busti-de-angeli-y-leissa-marcharon-contra-upm\/#primaryimage"},"thumbnailUrl":"http:\/\/www.isletasnoticias.com.ar\/%77%70%2d%63%6f%6e%74%65%6e%74\/uploads\/2013\/09\/gualeguaychu-300x168.jpg","datePublished":"2013-09-02T13:02:48+00:00","breadcrumb":{"@id":"https:\/\/informelitoral.com.ar\/gualeguyachu-sin-busti-de-angeli-y-leissa-marcharon-contra-upm\/#breadcrumb"},"inLanguage":"es","potentialAction":[{"@type":"ReadAction","target":["https:\/\/informelitoral.com.ar\/gualeguyachu-sin-busti-de-angeli-y-leissa-marcharon-contra-upm\/"]}]},{"@type":"ImageObject","inLanguage":"es","@id":"https:\/\/informelitoral.com.ar\/gualeguyachu-sin-busti-de-angeli-y-leissa-marcharon-contra-upm\/#primaryimage","url":"http:\/\/www.isletasnoticias.com.ar\/%77%70%2d%63%6f%6e%74%65%6e%74\/uploads\/2013\/09\/gualeguaychu-300x168.jpg","contentUrl":"http:\/\/www.isletasnoticias.com.ar\/%77%70%2d%63%6f%6e%74%65%6e%74\/uploads\/2013\/09\/gualeguaychu-300x168.jpg"},{"@type":"BreadcrumbList","@id":"https:\/\/informelitoral.com.ar\/gualeguyachu-sin-busti-de-angeli-y-leissa-marcharon-contra-upm\/#breadcrumb","itemListElement":[{"@type":"ListItem","position":1,"name":"Portada","item":"https:\/\/informelitoral.com.ar\/"},{"@type":"ListItem","position":2,"name":"Gualeguyach\u00fa: sin Busti, De Angeli y Leissa marcharon contra UPM"}]},{"@type":"WebSite","@id":"https:\/\/informelitoral.com.ar\/#website","url":"https:\/\/informelitoral.com.ar\/","name":"Informe Litoral","description":"&quot;Nos informamos&quot; ","publisher":{"@id":"https:\/\/informelitoral.com.ar\/#organization"},"potentialAction":[{"@type":"SearchAction","target":{"@type":"EntryPoint","urlTemplate":"https:\/\/informelitoral.com.ar\/?s={search_term_string}"},"query-input":{"@type":"PropertyValueSpecification","valueRequired":true,"valueName":"search_term_string"}}],"inLanguage":"es"},{"@type":"Organization","@id":"https:\/\/informelitoral.com.ar\/#organization","name":"Informe Litoral","url":"https:\/\/informelitoral.com.ar\/","logo":{"@type":"ImageObject","inLanguage":"es","@id":"https:\/\/informelitoral.com.ar\/#\/schema\/logo\/image\/","url":"https:\/\/informelitoral.com.ar\/%77%70%2d%63%6f%6e%74%65%6e%74\/uploads\/2021\/01\/circulo.png","contentUrl":"https:\/\/informelitoral.com.ar\/%77%70%2d%63%6f%6e%74%65%6e%74\/uploads\/2021\/01\/circulo.png","width":723,"height":731,"caption":"Informe Litoral"},"image":{"@id":"https:\/\/informelitoral.com.ar\/#\/schema\/logo\/image\/"},"sameAs":["https:\/\/www.facebook.com\/informelitoral\/","https:\/\/x.com\/InformeLitoral","https:\/\/www.instagram.com\/informelitoral\/","https:\/\/www.youtube.com\/channel\/UCua4Qvz8Icb6MYqhoq9xLXw"]},{"@type":"Person","@id":"https:\/\/informelitoral.com.ar\/#\/schema\/person\/b9d00407c836482871ef1d57bf8e3180","name":"Gonzalo Schmidt","image":{"@type":"ImageObject","inLanguage":"es","@id":"https:\/\/secure.gravatar.com\/avatar\/31a1a7b66ff2de83bd0e9fd79d026630d2d99e55e8bfe501287647b4fd9743de?s=96&d=mm&r=g","url":"https:\/\/secure.gravatar.com\/avatar\/31a1a7b66ff2de83bd0e9fd79d026630d2d99e55e8bfe501287647b4fd9743de?s=96&d=mm&r=g","contentUrl":"https:\/\/secure.gravatar.com\/avatar\/31a1a7b66ff2de83bd0e9fd79d026630d2d99e55e8bfe501287647b4fd9743de?s=96&d=mm&r=g","caption":"Gonzalo Schmidt"},"description":"Sitio web de noticias de la provincia de Entre R\u00edos, Argentina. Informaci\u00f3n y entretenimiento. Informe Litoral, nos informamos.","sameAs":["http:\/\/www.isletasnoticias.com.ar"],"url":"https:\/\/informelitoral.com.ar\/author\/gonzalo\/"}]}},"_links":{"self":[{"href":"https:\/\/informelitoral.com.ar\/%77%70%2d%6a%73%6f%6e\/wp\/v2\/posts\/3026","targetHints":{"allow":["GET"]}}],"collection":[{"href":"https:\/\/informelitoral.com.ar\/%77%70%2d%6a%73%6f%6e\/wp\/v2\/posts"}],"about":[{"href":"https:\/\/informelitoral.com.ar\/%77%70%2d%6a%73%6f%6e\/wp\/v2\/types\/post"}],"author":[{"embeddable":true,"href":"https:\/\/informelitoral.com.ar\/%77%70%2d%6a%73%6f%6e\/wp\/v2\/users\/2"}],"replies":[{"embeddable":true,"href":"https:\/\/informelitoral.com.ar\/%77%70%2d%6a%73%6f%6e\/wp\/v2\/comments?post=3026"}],"version-history":[{"count":0,"href":"https:\/\/informelitoral.com.ar\/%77%70%2d%6a%73%6f%6e\/wp\/v2\/posts\/3026\/revisions"}],"wp:attachment":[{"href":"https:\/\/informelitoral.com.ar\/%77%70%2d%6a%73%6f%6e\/wp\/v2\/media?parent=3026"}],"wp:term":[{"taxonomy":"category","embeddable":true,"href":"https:\/\/informelitoral.com.ar\/%77%70%2d%6a%73%6f%6e\/wp\/v2\/categories?post=3026"},{"taxonomy":"post_tag","embeddable":true,"href":"https:\/\/informelitoral.com.ar\/%77%70%2d%6a%73%6f%6e\/wp\/v2\/tags?post=3026"}],"curies":[{"name":"wp","href":"https:\/\/api.w.org\/{rel}","templated":true}]}}