{"id":3021,"date":"2013-09-02T09:49:57","date_gmt":"2013-09-02T12:49:57","guid":{"rendered":"http:\/\/www.isletasnoticias.com.ar\/?p=3021"},"modified":"2013-09-02T09:49:57","modified_gmt":"2013-09-02T12:49:57","slug":"sapag-tampoco-conoce-los-secretos-del-pacto-chevron-ypf-me-dieron-las-clausulas-publicas","status":"publish","type":"post","link":"https:\/\/informelitoral.com.ar\/sapag-tampoco-conoce-los-secretos-del-pacto-chevron-ypf-me-dieron-las-clausulas-publicas\/","title":{"rendered":"Sapag tampoco conoce los secretos del pacto Chevron-YPF: \u00abMe dieron las cl\u00e1usulas p\u00fablicas\u00bb"},"content":{"rendered":"<p><strong>El gobernador de Neuqu\u00e9n reiter\u00f3 que las cl\u00e1usulas confidenciales que a\u00fan no se conocen del acuerdo \u00abson un tema de YPF\u00bb. \u00abSi est\u00e1n preocupados, hay que preguntarle a YPF\u00bb, advirti\u00f3 el mandatario.<strong>\u00a0Adem\u00e1s,\u00a0apunt\u00f3\u00a0contra La C\u00e1mpora.<\/strong><\/strong><\/p>\n<p><img loading=\"lazy\" decoding=\"async\" class=\"size-medium wp-image-3022 aligncenter\" alt=\"gobernador 1\" src=\"http:\/\/www.isletasnoticias.com.ar\/%77%70%2d%63%6f%6e%74%65%6e%74\/uploads\/2013\/09\/gobernador-1-300x168.jpg\" width=\"300\" height=\"168\" srcset=\"https:\/\/informelitoral.com.ar\/%77%70%2d%63%6f%6e%74%65%6e%74\/uploads\/2013\/09\/gobernador-1-300x168.jpg 300w, https:\/\/informelitoral.com.ar\/%77%70%2d%63%6f%6e%74%65%6e%74\/uploads\/2013\/09\/gobernador-1.jpg 770w\" sizes=\"auto, (max-width: 300px) 100vw, 300px\" \/><\/p>\n<p>En medio de enfrentamiento entre los manifestantes y la polic\u00eda, la Legislatura de\u00a0Neuqu\u00e9n\u00a0aprob\u00f3 un convenio entre la provincia e\u00a0YPF\u00a0que permite a la petrolera estatal confirmar el acuerdo firmado con\u00a0Chevron\u00a0para que invierta en el yacimiento de Vaca Muerta. Hasta el momento, sin embargo, hay cl\u00e1usulas que se mantienen ocultas al p\u00fablico. Pero, al parecer, no s\u00f3lo la ciudadan\u00eda desconoce algunos \u00edtems del documento: el propio gobernador de la provincia en la\u00a0que se har\u00e1 la explotaci\u00f3n tampoco pudo leerlas.<\/p>\n<p><a href=\"http:\/\/www.isletasnoticias.com.ar\/%77%70%2d%63%6f%6e%74%65%6e%74\/uploads\/2013\/09\/gobernador-2.jpg\"><img loading=\"lazy\" decoding=\"async\" class=\"size-medium wp-image-3023 alignleft\" alt=\"gobernador 2\" src=\"http:\/\/www.isletasnoticias.com.ar\/%77%70%2d%63%6f%6e%74%65%6e%74\/uploads\/2013\/09\/gobernador-2-300x168.jpg\" width=\"300\" height=\"168\" srcset=\"https:\/\/informelitoral.com.ar\/%77%70%2d%63%6f%6e%74%65%6e%74\/uploads\/2013\/09\/gobernador-2-300x168.jpg 300w, https:\/\/informelitoral.com.ar\/%77%70%2d%63%6f%6e%74%65%6e%74\/uploads\/2013\/09\/gobernador-2.jpg 770w\" sizes=\"auto, (max-width: 300px) 100vw, 300px\" \/><\/a><\/p>\n<p>\u00abMe dieron del convenio todas las cl\u00e1usulas de derecho p\u00fablico\u00bb\u00bb, reconoci\u00f3\u00a0<b>Jorge Sapag<\/b>, que insisti\u00f3 en diferenciar las partes del acuerdo que son de inter\u00e9s para la provincia de las cl\u00e1usulas que ata\u00f1en a los intereses privados de ambas compa\u00f1\u00edas. Sin embargo, al record\u00e1rsele que se trata de una petrolera estatal, aleg\u00f3: \u00abSi est\u00e1n preocupados por las clausulas confidenciales, hay que preguntarle a YPF\u00bb.<\/p>\n<p>En di\u00e1logo con el programa <em>\u00abTierra de Locos\u00bb<\/em> por radio\u00a0<i>Rock &amp; Pop<\/i>, el gobernador de\u00a0Neuqu\u00e9n\u00a0sostuvo que \u00abno es un misterio de la humanidad\u00bb los puntos que a\u00fan hoy en d\u00eda se mantienen en secreto, pero ratific\u00f3 que son \u00abun problema de las empresas, no de derecho p\u00fablico\u00bb.<\/p>\n<p>\u00abA m\u00ed lo que me interesa es la inversi\u00f3n en la regi\u00f3n\u00bb, insisti\u00f3 Sapag, al tiempo que enumer\u00f3 los temas \u00abde derecho p\u00fablico que interesan a Neuqu\u00e9n, que es la due\u00f1a del recurso: montos de inversi\u00f3n, cantidad de pozos, tecnolog\u00eda que va a utilizarse para los pozos y temas ambientales\u00bb.<\/p>\n<p><img loading=\"lazy\" decoding=\"async\" class=\"size-medium wp-image-3024 alignright\" alt=\"gobernador 3\" src=\"http:\/\/www.isletasnoticias.com.ar\/%77%70%2d%63%6f%6e%74%65%6e%74\/uploads\/2013\/09\/gobernador-3-300x168.jpg\" width=\"300\" height=\"168\" srcset=\"https:\/\/informelitoral.com.ar\/%77%70%2d%63%6f%6e%74%65%6e%74\/uploads\/2013\/09\/gobernador-3-300x168.jpg 300w, https:\/\/informelitoral.com.ar\/%77%70%2d%63%6f%6e%74%65%6e%74\/uploads\/2013\/09\/gobernador-3.jpg 770w\" sizes=\"auto, (max-width: 300px) 100vw, 300px\" \/><\/p>\n<p>Por otra parte, el mandatario provincial aprovech\u00f3 para apuntar contra las cr\u00edticas que\u00a0La C\u00e1mpora\u00a0le realiz\u00f3 a la polic\u00eda neuquina por los incidentes ante la Legislatura. \u00abEst\u00e1n haciendo declaraciones en base a un relato que no es veraz\u00bb, advirti\u00f3.<\/p>\n<p>En ese sentido, Sapag insisti\u00f3 en que \u00ablos polic\u00edas no fueron con balas de plomo\u00bb a la marcha por una orden emitida por \u00e9l mismo, reiter\u00f3 que la bala de plomo que hiri\u00f3 a un docente no fue disparada por ellos y, por \u00faltimo, apunt\u00f3 contra los manifestantes: \u00abParece que hubieran querido un muerto\u00bb.<\/p>\n<p>Fuente: Infobae.<\/p>\n","protected":false},"excerpt":{"rendered":"<p>El gobernador de Neuqu&eacute;n reiter&oacute; que las cl&aacute;usulas confidenciales que a&uacute;n no se conocen del acuerdo &laquo;son un tema de YPF&raquo;. &laquo;Si est&aacute;n preocupados, hay que preguntarle a YPF&raquo;, advirti&oacute; el mandatario.&nbsp;Adem&aacute;s,&nbsp;apunt&oacute;&nbsp;contra La C&aacute;mpora. En medio de enfrentamiento entre los manifestantes y la polic&iacute;a, la Legislatura de&nbsp;Neuqu&eacute;n&nbsp;aprob&oacute; un convenio entre la provincia e&nbsp;YPF&nbsp;que permite a [&hellip;]<\/p>\n","protected":false},"author":2,"featured_media":0,"comment_status":"open","ping_status":"open","sticky":false,"template":"","format":"standard","meta":{"fifu_image_url":"","fifu_image_alt":"","footnotes":""},"categories":[7,16],"tags":[],"class_list":{"0":"post-3021","1":"post","2":"type-post","3":"status-publish","4":"format-standard","6":"category-nacionales","7":"category-politi"},"yoast_head":"<title>Sapag tampoco conoce los secretos del pacto Chevron-YPF: &quot;Me dieron las cl\u00e1usulas p\u00fablicas&quot; - Informe Litoral<\/title>\n<meta name=\"robots\" content=\"index, follow, max-snippet:-1, max-image-preview:large, max-video-preview:-1\" \/>\n<link rel=\"canonical\" href=\"https:\/\/informelitoral.com.ar\/sapag-tampoco-conoce-los-secretos-del-pacto-chevron-ypf-me-dieron-las-clausulas-publicas\/\" \/>\n<meta property=\"og:locale\" content=\"es_ES\" \/>\n<meta property=\"og:type\" content=\"article\" \/>\n<meta property=\"og:title\" content=\"Sapag tampoco conoce los secretos del pacto Chevron-YPF: &quot;Me dieron las cl\u00e1usulas p\u00fablicas&quot; - Informe Litoral\" \/>\n<meta property=\"og:description\" content=\"El gobernador de Neuqu&eacute;n reiter&oacute; que las cl&aacute;usulas confidenciales que a&uacute;n no se conocen del acuerdo &laquo;son un tema de YPF&raquo;. &laquo;Si est&aacute;n preocupados, hay que preguntarle a YPF&raquo;, advirti&oacute; el mandatario.&nbsp;Adem&aacute;s,&nbsp;apunt&oacute;&nbsp;contra La C&aacute;mpora. En medio de enfrentamiento entre los manifestantes y la polic&iacute;a, la Legislatura de&nbsp;Neuqu&eacute;n&nbsp;aprob&oacute; un convenio entre la provincia e&nbsp;YPF&nbsp;que permite a [&hellip;]\" \/>\n<meta property=\"og:url\" content=\"https:\/\/informelitoral.com.ar\/sapag-tampoco-conoce-los-secretos-del-pacto-chevron-ypf-me-dieron-las-clausulas-publicas\/\" \/>\n<meta property=\"og:site_name\" content=\"Informe Litoral\" \/>\n<meta property=\"article:publisher\" content=\"https:\/\/www.facebook.com\/informelitoral\/\" \/>\n<meta property=\"article:published_time\" content=\"2013-09-02T12:49:57+00:00\" \/>\n<meta property=\"og:image\" content=\"https:\/\/informelitoral.com.ar\/%77%70%2d%63%6f%6e%74%65%6e%74\/uploads\/2013\/09\/gobernador-1.jpg\" \/>\n\t<meta property=\"og:image:width\" content=\"770\" \/>\n\t<meta property=\"og:image:height\" content=\"433\" \/>\n\t<meta property=\"og:image:type\" content=\"image\/jpeg\" \/>\n<meta name=\"author\" content=\"Gonzalo Schmidt\" \/>\n<meta name=\"twitter:card\" content=\"summary_large_image\" \/>\n<meta name=\"twitter:creator\" content=\"@InformeLitoral\" \/>\n<meta name=\"twitter:site\" content=\"@InformeLitoral\" \/>\n<meta name=\"twitter:label1\" content=\"Escrito por\" \/>\n\t<meta name=\"twitter:data1\" content=\"Gonzalo Schmidt\" \/>\n\t<meta name=\"twitter:label2\" content=\"Tiempo de lectura\" \/>\n\t<meta name=\"twitter:data2\" content=\"2 minutos\" \/>\n<script type=\"application\/ld+json\" class=\"yoast-schema-graph\">{\"@context\":\"https:\\\/\\\/schema.org\",\"@graph\":[{\"@type\":\"Article\",\"@id\":\"https:\\\/\\\/informelitoral.com.ar\\\/sapag-tampoco-conoce-los-secretos-del-pacto-chevron-ypf-me-dieron-las-clausulas-publicas\\\/#article\",\"isPartOf\":{\"@id\":\"https:\\\/\\\/informelitoral.com.ar\\\/sapag-tampoco-conoce-los-secretos-del-pacto-chevron-ypf-me-dieron-las-clausulas-publicas\\\/\"},\"author\":{\"name\":\"Gonzalo Schmidt\",\"@id\":\"https:\\\/\\\/informelitoral.com.ar\\\/#\\\/schema\\\/person\\\/b9d00407c836482871ef1d57bf8e3180\"},\"headline\":\"Sapag tampoco conoce los secretos del pacto Chevron-YPF: \u00abMe dieron las cl\u00e1usulas p\u00fablicas\u00bb\",\"datePublished\":\"2013-09-02T12:49:57+00:00\",\"mainEntityOfPage\":{\"@id\":\"https:\\\/\\\/informelitoral.com.ar\\\/sapag-tampoco-conoce-los-secretos-del-pacto-chevron-ypf-me-dieron-las-clausulas-publicas\\\/\"},\"wordCount\":434,\"commentCount\":0,\"publisher\":{\"@id\":\"https:\\\/\\\/informelitoral.com.ar\\\/#organization\"},\"image\":{\"@id\":\"https:\\\/\\\/informelitoral.com.ar\\\/sapag-tampoco-conoce-los-secretos-del-pacto-chevron-ypf-me-dieron-las-clausulas-publicas\\\/#primaryimage\"},\"thumbnailUrl\":\"http:\\\/\\\/www.isletasnoticias.com.ar\\\/%77%70%2d%63%6f%6e%74%65%6e%74\\\/uploads\\\/2013\\\/09\\\/gobernador-1-300x168.jpg\",\"articleSection\":[\"Nacionales\",\"Politica\"],\"inLanguage\":\"es\",\"potentialAction\":[{\"@type\":\"CommentAction\",\"name\":\"Comment\",\"target\":[\"https:\\\/\\\/informelitoral.com.ar\\\/sapag-tampoco-conoce-los-secretos-del-pacto-chevron-ypf-me-dieron-las-clausulas-publicas\\\/#respond\"]}]},{\"@type\":\"WebPage\",\"@id\":\"https:\\\/\\\/informelitoral.com.ar\\\/sapag-tampoco-conoce-los-secretos-del-pacto-chevron-ypf-me-dieron-las-clausulas-publicas\\\/\",\"url\":\"https:\\\/\\\/informelitoral.com.ar\\\/sapag-tampoco-conoce-los-secretos-del-pacto-chevron-ypf-me-dieron-las-clausulas-publicas\\\/\",\"name\":\"Sapag tampoco conoce los secretos del pacto Chevron-YPF: \\\"Me dieron las cl\u00e1usulas p\u00fablicas\\\" - Informe Litoral\",\"isPartOf\":{\"@id\":\"https:\\\/\\\/informelitoral.com.ar\\\/#website\"},\"primaryImageOfPage\":{\"@id\":\"https:\\\/\\\/informelitoral.com.ar\\\/sapag-tampoco-conoce-los-secretos-del-pacto-chevron-ypf-me-dieron-las-clausulas-publicas\\\/#primaryimage\"},\"image\":{\"@id\":\"https:\\\/\\\/informelitoral.com.ar\\\/sapag-tampoco-conoce-los-secretos-del-pacto-chevron-ypf-me-dieron-las-clausulas-publicas\\\/#primaryimage\"},\"thumbnailUrl\":\"http:\\\/\\\/www.isletasnoticias.com.ar\\\/%77%70%2d%63%6f%6e%74%65%6e%74\\\/uploads\\\/2013\\\/09\\\/gobernador-1-300x168.jpg\",\"datePublished\":\"2013-09-02T12:49:57+00:00\",\"breadcrumb\":{\"@id\":\"https:\\\/\\\/informelitoral.com.ar\\\/sapag-tampoco-conoce-los-secretos-del-pacto-chevron-ypf-me-dieron-las-clausulas-publicas\\\/#breadcrumb\"},\"inLanguage\":\"es\",\"potentialAction\":[{\"@type\":\"ReadAction\",\"target\":[\"https:\\\/\\\/informelitoral.com.ar\\\/sapag-tampoco-conoce-los-secretos-del-pacto-chevron-ypf-me-dieron-las-clausulas-publicas\\\/\"]}]},{\"@type\":\"ImageObject\",\"inLanguage\":\"es\",\"@id\":\"https:\\\/\\\/informelitoral.com.ar\\\/sapag-tampoco-conoce-los-secretos-del-pacto-chevron-ypf-me-dieron-las-clausulas-publicas\\\/#primaryimage\",\"url\":\"http:\\\/\\\/www.isletasnoticias.com.ar\\\/%77%70%2d%63%6f%6e%74%65%6e%74\\\/uploads\\\/2013\\\/09\\\/gobernador-1-300x168.jpg\",\"contentUrl\":\"http:\\\/\\\/www.isletasnoticias.com.ar\\\/%77%70%2d%63%6f%6e%74%65%6e%74\\\/uploads\\\/2013\\\/09\\\/gobernador-1-300x168.jpg\"},{\"@type\":\"BreadcrumbList\",\"@id\":\"https:\\\/\\\/informelitoral.com.ar\\\/sapag-tampoco-conoce-los-secretos-del-pacto-chevron-ypf-me-dieron-las-clausulas-publicas\\\/#breadcrumb\",\"itemListElement\":[{\"@type\":\"ListItem\",\"position\":1,\"name\":\"Portada\",\"item\":\"https:\\\/\\\/informelitoral.com.ar\\\/\"},{\"@type\":\"ListItem\",\"position\":2,\"name\":\"Sapag tampoco conoce los secretos del pacto Chevron-YPF: \u00abMe dieron las cl\u00e1usulas p\u00fablicas\u00bb\"}]},{\"@type\":\"WebSite\",\"@id\":\"https:\\\/\\\/informelitoral.com.ar\\\/#website\",\"url\":\"https:\\\/\\\/informelitoral.com.ar\\\/\",\"name\":\"Informe Litoral\",\"description\":\"&quot;Nos informamos&quot; \",\"publisher\":{\"@id\":\"https:\\\/\\\/informelitoral.com.ar\\\/#organization\"},\"potentialAction\":[{\"@type\":\"SearchAction\",\"target\":{\"@type\":\"EntryPoint\",\"urlTemplate\":\"https:\\\/\\\/informelitoral.com.ar\\\/?s={search_term_string}\"},\"query-input\":{\"@type\":\"PropertyValueSpecification\",\"valueRequired\":true,\"valueName\":\"search_term_string\"}}],\"inLanguage\":\"es\"},{\"@type\":\"Organization\",\"@id\":\"https:\\\/\\\/informelitoral.com.ar\\\/#organization\",\"name\":\"Informe Litoral\",\"url\":\"https:\\\/\\\/informelitoral.com.ar\\\/\",\"logo\":{\"@type\":\"ImageObject\",\"inLanguage\":\"es\",\"@id\":\"https:\\\/\\\/informelitoral.com.ar\\\/#\\\/schema\\\/logo\\\/image\\\/\",\"url\":\"https:\\\/\\\/informelitoral.com.ar\\\/%77%70%2d%63%6f%6e%74%65%6e%74\\\/uploads\\\/2021\\\/01\\\/circulo.png\",\"contentUrl\":\"https:\\\/\\\/informelitoral.com.ar\\\/%77%70%2d%63%6f%6e%74%65%6e%74\\\/uploads\\\/2021\\\/01\\\/circulo.png\",\"width\":723,\"height\":731,\"caption\":\"Informe Litoral\"},\"image\":{\"@id\":\"https:\\\/\\\/informelitoral.com.ar\\\/#\\\/schema\\\/logo\\\/image\\\/\"},\"sameAs\":[\"https:\\\/\\\/www.facebook.com\\\/informelitoral\\\/\",\"https:\\\/\\\/x.com\\\/InformeLitoral\",\"https:\\\/\\\/www.instagram.com\\\/informelitoral\\\/\",\"https:\\\/\\\/www.youtube.com\\\/channel\\\/UCua4Qvz8Icb6MYqhoq9xLXw\"]},{\"@type\":\"Person\",\"@id\":\"https:\\\/\\\/informelitoral.com.ar\\\/#\\\/schema\\\/person\\\/b9d00407c836482871ef1d57bf8e3180\",\"name\":\"Gonzalo Schmidt\",\"image\":{\"@type\":\"ImageObject\",\"inLanguage\":\"es\",\"@id\":\"https:\\\/\\\/secure.gravatar.com\\\/avatar\\\/31a1a7b66ff2de83bd0e9fd79d026630d2d99e55e8bfe501287647b4fd9743de?s=96&d=mm&r=g\",\"url\":\"https:\\\/\\\/secure.gravatar.com\\\/avatar\\\/31a1a7b66ff2de83bd0e9fd79d026630d2d99e55e8bfe501287647b4fd9743de?s=96&d=mm&r=g\",\"contentUrl\":\"https:\\\/\\\/secure.gravatar.com\\\/avatar\\\/31a1a7b66ff2de83bd0e9fd79d026630d2d99e55e8bfe501287647b4fd9743de?s=96&d=mm&r=g\",\"caption\":\"Gonzalo Schmidt\"},\"description\":\"Sitio web de noticias de la provincia de Entre R\u00edos, Argentina. Informaci\u00f3n y entretenimiento. Informe Litoral, nos informamos.\",\"sameAs\":[\"http:\\\/\\\/www.isletasnoticias.com.ar\"],\"url\":\"https:\\\/\\\/informelitoral.com.ar\\\/author\\\/gonzalo\\\/\"}]}<\/script>","yoast_head_json":{"title":"Sapag tampoco conoce los secretos del pacto Chevron-YPF: \"Me dieron las cl\u00e1usulas p\u00fablicas\" - Informe Litoral","robots":{"index":"index","follow":"follow","max-snippet":"max-snippet:-1","max-image-preview":"max-image-preview:large","max-video-preview":"max-video-preview:-1"},"canonical":"https:\/\/informelitoral.com.ar\/sapag-tampoco-conoce-los-secretos-del-pacto-chevron-ypf-me-dieron-las-clausulas-publicas\/","og_locale":"es_ES","og_type":"article","og_title":"Sapag tampoco conoce los secretos del pacto Chevron-YPF: \"Me dieron las cl\u00e1usulas p\u00fablicas\" - Informe Litoral","og_description":"El gobernador de Neuqu&eacute;n reiter&oacute; que las cl&aacute;usulas confidenciales que a&uacute;n no se conocen del acuerdo &laquo;son un tema de YPF&raquo;. &laquo;Si est&aacute;n preocupados, hay que preguntarle a YPF&raquo;, advirti&oacute; el mandatario.&nbsp;Adem&aacute;s,&nbsp;apunt&oacute;&nbsp;contra La C&aacute;mpora. En medio de enfrentamiento entre los manifestantes y la polic&iacute;a, la Legislatura de&nbsp;Neuqu&eacute;n&nbsp;aprob&oacute; un convenio entre la provincia e&nbsp;YPF&nbsp;que permite a [&hellip;]","og_url":"https:\/\/informelitoral.com.ar\/sapag-tampoco-conoce-los-secretos-del-pacto-chevron-ypf-me-dieron-las-clausulas-publicas\/","og_site_name":"Informe Litoral","article_publisher":"https:\/\/www.facebook.com\/informelitoral\/","article_published_time":"2013-09-02T12:49:57+00:00","og_image":[{"width":770,"height":433,"url":"https:\/\/informelitoral.com.ar\/%77%70%2d%63%6f%6e%74%65%6e%74\/uploads\/2013\/09\/gobernador-1.jpg","type":"image\/jpeg"}],"author":"Gonzalo Schmidt","twitter_card":"summary_large_image","twitter_creator":"@InformeLitoral","twitter_site":"@InformeLitoral","twitter_misc":{"Escrito por":"Gonzalo Schmidt","Tiempo de lectura":"2 minutos"},"schema":{"@context":"https:\/\/schema.org","@graph":[{"@type":"Article","@id":"https:\/\/informelitoral.com.ar\/sapag-tampoco-conoce-los-secretos-del-pacto-chevron-ypf-me-dieron-las-clausulas-publicas\/#article","isPartOf":{"@id":"https:\/\/informelitoral.com.ar\/sapag-tampoco-conoce-los-secretos-del-pacto-chevron-ypf-me-dieron-las-clausulas-publicas\/"},"author":{"name":"Gonzalo Schmidt","@id":"https:\/\/informelitoral.com.ar\/#\/schema\/person\/b9d00407c836482871ef1d57bf8e3180"},"headline":"Sapag tampoco conoce los secretos del pacto Chevron-YPF: \u00abMe dieron las cl\u00e1usulas p\u00fablicas\u00bb","datePublished":"2013-09-02T12:49:57+00:00","mainEntityOfPage":{"@id":"https:\/\/informelitoral.com.ar\/sapag-tampoco-conoce-los-secretos-del-pacto-chevron-ypf-me-dieron-las-clausulas-publicas\/"},"wordCount":434,"commentCount":0,"publisher":{"@id":"https:\/\/informelitoral.com.ar\/#organization"},"image":{"@id":"https:\/\/informelitoral.com.ar\/sapag-tampoco-conoce-los-secretos-del-pacto-chevron-ypf-me-dieron-las-clausulas-publicas\/#primaryimage"},"thumbnailUrl":"http:\/\/www.isletasnoticias.com.ar\/%77%70%2d%63%6f%6e%74%65%6e%74\/uploads\/2013\/09\/gobernador-1-300x168.jpg","articleSection":["Nacionales","Politica"],"inLanguage":"es","potentialAction":[{"@type":"CommentAction","name":"Comment","target":["https:\/\/informelitoral.com.ar\/sapag-tampoco-conoce-los-secretos-del-pacto-chevron-ypf-me-dieron-las-clausulas-publicas\/#respond"]}]},{"@type":"WebPage","@id":"https:\/\/informelitoral.com.ar\/sapag-tampoco-conoce-los-secretos-del-pacto-chevron-ypf-me-dieron-las-clausulas-publicas\/","url":"https:\/\/informelitoral.com.ar\/sapag-tampoco-conoce-los-secretos-del-pacto-chevron-ypf-me-dieron-las-clausulas-publicas\/","name":"Sapag tampoco conoce los secretos del pacto Chevron-YPF: \"Me dieron las cl\u00e1usulas p\u00fablicas\" - Informe Litoral","isPartOf":{"@id":"https:\/\/informelitoral.com.ar\/#website"},"primaryImageOfPage":{"@id":"https:\/\/informelitoral.com.ar\/sapag-tampoco-conoce-los-secretos-del-pacto-chevron-ypf-me-dieron-las-clausulas-publicas\/#primaryimage"},"image":{"@id":"https:\/\/informelitoral.com.ar\/sapag-tampoco-conoce-los-secretos-del-pacto-chevron-ypf-me-dieron-las-clausulas-publicas\/#primaryimage"},"thumbnailUrl":"http:\/\/www.isletasnoticias.com.ar\/%77%70%2d%63%6f%6e%74%65%6e%74\/uploads\/2013\/09\/gobernador-1-300x168.jpg","datePublished":"2013-09-02T12:49:57+00:00","breadcrumb":{"@id":"https:\/\/informelitoral.com.ar\/sapag-tampoco-conoce-los-secretos-del-pacto-chevron-ypf-me-dieron-las-clausulas-publicas\/#breadcrumb"},"inLanguage":"es","potentialAction":[{"@type":"ReadAction","target":["https:\/\/informelitoral.com.ar\/sapag-tampoco-conoce-los-secretos-del-pacto-chevron-ypf-me-dieron-las-clausulas-publicas\/"]}]},{"@type":"ImageObject","inLanguage":"es","@id":"https:\/\/informelitoral.com.ar\/sapag-tampoco-conoce-los-secretos-del-pacto-chevron-ypf-me-dieron-las-clausulas-publicas\/#primaryimage","url":"http:\/\/www.isletasnoticias.com.ar\/%77%70%2d%63%6f%6e%74%65%6e%74\/uploads\/2013\/09\/gobernador-1-300x168.jpg","contentUrl":"http:\/\/www.isletasnoticias.com.ar\/%77%70%2d%63%6f%6e%74%65%6e%74\/uploads\/2013\/09\/gobernador-1-300x168.jpg"},{"@type":"BreadcrumbList","@id":"https:\/\/informelitoral.com.ar\/sapag-tampoco-conoce-los-secretos-del-pacto-chevron-ypf-me-dieron-las-clausulas-publicas\/#breadcrumb","itemListElement":[{"@type":"ListItem","position":1,"name":"Portada","item":"https:\/\/informelitoral.com.ar\/"},{"@type":"ListItem","position":2,"name":"Sapag tampoco conoce los secretos del pacto Chevron-YPF: \u00abMe dieron las cl\u00e1usulas p\u00fablicas\u00bb"}]},{"@type":"WebSite","@id":"https:\/\/informelitoral.com.ar\/#website","url":"https:\/\/informelitoral.com.ar\/","name":"Informe Litoral","description":"&quot;Nos informamos&quot; ","publisher":{"@id":"https:\/\/informelitoral.com.ar\/#organization"},"potentialAction":[{"@type":"SearchAction","target":{"@type":"EntryPoint","urlTemplate":"https:\/\/informelitoral.com.ar\/?s={search_term_string}"},"query-input":{"@type":"PropertyValueSpecification","valueRequired":true,"valueName":"search_term_string"}}],"inLanguage":"es"},{"@type":"Organization","@id":"https:\/\/informelitoral.com.ar\/#organization","name":"Informe Litoral","url":"https:\/\/informelitoral.com.ar\/","logo":{"@type":"ImageObject","inLanguage":"es","@id":"https:\/\/informelitoral.com.ar\/#\/schema\/logo\/image\/","url":"https:\/\/informelitoral.com.ar\/%77%70%2d%63%6f%6e%74%65%6e%74\/uploads\/2021\/01\/circulo.png","contentUrl":"https:\/\/informelitoral.com.ar\/%77%70%2d%63%6f%6e%74%65%6e%74\/uploads\/2021\/01\/circulo.png","width":723,"height":731,"caption":"Informe Litoral"},"image":{"@id":"https:\/\/informelitoral.com.ar\/#\/schema\/logo\/image\/"},"sameAs":["https:\/\/www.facebook.com\/informelitoral\/","https:\/\/x.com\/InformeLitoral","https:\/\/www.instagram.com\/informelitoral\/","https:\/\/www.youtube.com\/channel\/UCua4Qvz8Icb6MYqhoq9xLXw"]},{"@type":"Person","@id":"https:\/\/informelitoral.com.ar\/#\/schema\/person\/b9d00407c836482871ef1d57bf8e3180","name":"Gonzalo Schmidt","image":{"@type":"ImageObject","inLanguage":"es","@id":"https:\/\/secure.gravatar.com\/avatar\/31a1a7b66ff2de83bd0e9fd79d026630d2d99e55e8bfe501287647b4fd9743de?s=96&d=mm&r=g","url":"https:\/\/secure.gravatar.com\/avatar\/31a1a7b66ff2de83bd0e9fd79d026630d2d99e55e8bfe501287647b4fd9743de?s=96&d=mm&r=g","contentUrl":"https:\/\/secure.gravatar.com\/avatar\/31a1a7b66ff2de83bd0e9fd79d026630d2d99e55e8bfe501287647b4fd9743de?s=96&d=mm&r=g","caption":"Gonzalo Schmidt"},"description":"Sitio web de noticias de la provincia de Entre R\u00edos, Argentina. Informaci\u00f3n y entretenimiento. Informe Litoral, nos informamos.","sameAs":["http:\/\/www.isletasnoticias.com.ar"],"url":"https:\/\/informelitoral.com.ar\/author\/gonzalo\/"}]}},"_links":{"self":[{"href":"https:\/\/informelitoral.com.ar\/%77%70%2d%6a%73%6f%6e\/wp\/v2\/posts\/3021","targetHints":{"allow":["GET"]}}],"collection":[{"href":"https:\/\/informelitoral.com.ar\/%77%70%2d%6a%73%6f%6e\/wp\/v2\/posts"}],"about":[{"href":"https:\/\/informelitoral.com.ar\/%77%70%2d%6a%73%6f%6e\/wp\/v2\/types\/post"}],"author":[{"embeddable":true,"href":"https:\/\/informelitoral.com.ar\/%77%70%2d%6a%73%6f%6e\/wp\/v2\/users\/2"}],"replies":[{"embeddable":true,"href":"https:\/\/informelitoral.com.ar\/%77%70%2d%6a%73%6f%6e\/wp\/v2\/comments?post=3021"}],"version-history":[{"count":0,"href":"https:\/\/informelitoral.com.ar\/%77%70%2d%6a%73%6f%6e\/wp\/v2\/posts\/3021\/revisions"}],"wp:attachment":[{"href":"https:\/\/informelitoral.com.ar\/%77%70%2d%6a%73%6f%6e\/wp\/v2\/media?parent=3021"}],"wp:term":[{"taxonomy":"category","embeddable":true,"href":"https:\/\/informelitoral.com.ar\/%77%70%2d%6a%73%6f%6e\/wp\/v2\/categories?post=3021"},{"taxonomy":"post_tag","embeddable":true,"href":"https:\/\/informelitoral.com.ar\/%77%70%2d%6a%73%6f%6e\/wp\/v2\/tags?post=3021"}],"curies":[{"name":"wp","href":"https:\/\/api.w.org\/{rel}","templated":true}]}}