{"id":30189,"date":"2018-10-18T07:46:35","date_gmt":"2018-10-18T10:46:35","guid":{"rendered":"https:\/\/www.isletasnoticias.com.ar\/?p=30189"},"modified":"2018-10-18T07:46:35","modified_gmt":"2018-10-18T10:46:35","slug":"la-inflacion-de-septiembre-fue-del-65-y-acumula-324-en-solo-9-meses","status":"publish","type":"post","link":"https:\/\/informelitoral.com.ar\/la-inflacion-de-septiembre-fue-del-65-y-acumula-324-en-solo-9-meses\/","title":{"rendered":"La inflaci\u00f3n de septiembre fue del 6,5% y acumula 32,4% en s\u00f3lo 9 meses"},"content":{"rendered":"<div class=\"detail-body\">\n<article id=\"note-body\" class=\"note-body first\" data-twitter-link=\"https:\/\/twitter.com\/intent\/tweet?url=https:\/\/www.minutouno.com\/c3091787&amp;v\u00eda=minutounocom&amp;related=MinutoUno&amp;text=\">\n<div class=\"row\">\n<div class=\"inside-note col-xs-12\">\n<p>Los precios minoristas crecieron 6,5% en septiembre, el nivel m\u00e1s alto del a\u00f1o, y acumulan en el a\u00f1o 32,4%, inform\u00f3 este mi\u00e9rcoles por la tarde el\u00a0INDEC. En los \u00faltimos 12 meses el costo de vida subi\u00f3 40,5%, de acuerdo con el relevamiento del organismo oficial de estad\u00edsticas.<\/p>\n<p><strong>La inflaci\u00f3n m\u00e1s alta se hab\u00eda registrado en abril del 2016, con 6,7%, pero seg\u00fan la denominada \u00abinflaci\u00f3n Congreso\u00bb, ya que hasta ese mes los precios no eran medidos por el INDEC,<\/strong>\u00a0por la declaraci\u00f3n de la \u00abemergencia estad\u00edstica\u00bb ocurrida cuando asumi\u00f3 Mauricio Macri en diciembre de 2015.<\/p>\n<\/div>\n<\/div>\n<\/article>\n<\/div>\n<div class=\"detail-body \">\n<article id=\"note-body\" class=\"note-body\" data-twitter-link=\"https:\/\/twitter.com\/intent\/tweet?url=https:\/\/www.minutouno.com\/c3091787&amp;v\u00eda=minutounocom&amp;related=MinutoUno&amp;text=\">\n<div class=\"row\">\n<div class=\"inside-note col-xs-12\">\n<p>La nueva medici\u00f3n de precios oficial comenz\u00f3 en mayo de ese a\u00f1o, cuando se pudo reorganizar el organismo, que ven\u00eda siendo objeto de denuncias por manipulaci\u00f3n de las estad\u00edsticas.<\/p>\n<p>El costo de vida de los \u00faltimos doce meses a septiembre \u00faltimo se ubica apenas por debajo de la inflaci\u00f3n de 1992 (40,9%) y 2002 (41%).<\/p>\n<p>El rubro\u00a0<span id=\"saysCMSEmphasis8je54bxjav\" class=\"saysCMSEmphasis\">alimentos y bebidas experiment\u00f3 en septiembre una suba del 7%, acumulando en el a\u00f1o un incremento del 35,8%<\/span>.<\/p>\n<p>La suba m\u00e1s fuerte fue en el rubro transporte, con 10,4%, seguido de prendas de vestir y calzado, 9,8%, y equipamiento y mantenimiento del hogar, 9,7%.<\/p>\n<\/div>\n<\/div>\n<\/article>\n<\/div>\n","protected":false},"excerpt":{"rendered":"<p>La suba de precios es la m\u00e1s alta en la gesti\u00f3n de Macri medida por el INDEC. En abril de 2016 fue del 6,7% pero seg\u00fan consultoras privadas porque a\u00fan no estaba la medici\u00f3n oficial.<\/p>\n","protected":false},"author":2,"featured_media":4736,"comment_status":"open","ping_status":"open","sticky":false,"template":"","format":"standard","meta":{"fifu_image_url":"","fifu_image_alt":"","footnotes":""},"categories":[7],"tags":[393,78,95,32],"class_list":{"0":"post-30189","1":"post","2":"type-post","3":"status-publish","4":"format-standard","5":"has-post-thumbnail","7":"category-nacionales","8":"tag-consumo","9":"tag-indec","10":"tag-inflacion","11":"tag-precios"},"yoast_head":"<title>La inflaci\u00f3n de septiembre fue del 6,5% y acumula 32,4% en s\u00f3lo 9 meses - Informe Litoral<\/title>\n<meta name=\"robots\" content=\"index, follow, max-snippet:-1, max-image-preview:large, max-video-preview:-1\" \/>\n<link rel=\"canonical\" href=\"https:\/\/informelitoral.com.ar\/la-inflacion-de-septiembre-fue-del-65-y-acumula-324-en-solo-9-meses\/\" \/>\n<meta property=\"og:locale\" content=\"es_ES\" \/>\n<meta property=\"og:type\" content=\"article\" \/>\n<meta property=\"og:title\" content=\"La inflaci\u00f3n de septiembre fue del 6,5% y acumula 32,4% en s\u00f3lo 9 meses - Informe Litoral\" \/>\n<meta property=\"og:description\" content=\"La suba de precios es la m\u00e1s alta en la gesti\u00f3n de Macri medida por el INDEC. En abril de 2016 fue del 6,7% pero seg\u00fan consultoras privadas porque a\u00fan no estaba la medici\u00f3n oficial.\" \/>\n<meta property=\"og:url\" content=\"https:\/\/informelitoral.com.ar\/la-inflacion-de-septiembre-fue-del-65-y-acumula-324-en-solo-9-meses\/\" \/>\n<meta property=\"og:site_name\" content=\"Informe Litoral\" \/>\n<meta property=\"article:publisher\" content=\"https:\/\/www.facebook.com\/informelitoral\/\" \/>\n<meta property=\"article:published_time\" content=\"2018-10-18T10:46:35+00:00\" \/>\n<meta property=\"og:image\" content=\"https:\/\/informelitoral.com.ar\/%77%70%2d%63%6f%6e%74%65%6e%74\/uploads\/2013\/12\/inflacion.jpg\" \/>\n\t<meta property=\"og:image:width\" content=\"600\" \/>\n\t<meta property=\"og:image:height\" content=\"468\" \/>\n\t<meta property=\"og:image:type\" content=\"image\/jpeg\" \/>\n<meta name=\"author\" content=\"Gonzalo Schmidt\" \/>\n<meta name=\"twitter:card\" content=\"summary_large_image\" \/>\n<meta name=\"twitter:creator\" content=\"@InformeLitoral\" \/>\n<meta name=\"twitter:site\" content=\"@InformeLitoral\" \/>\n<meta name=\"twitter:label1\" content=\"Escrito por\" \/>\n\t<meta name=\"twitter:data1\" content=\"Gonzalo Schmidt\" \/>\n\t<meta name=\"twitter:label2\" content=\"Tiempo de lectura\" \/>\n\t<meta name=\"twitter:data2\" content=\"1 minuto\" \/>\n<script type=\"application\/ld+json\" class=\"yoast-schema-graph\">{\"@context\":\"https:\\\/\\\/schema.org\",\"@graph\":[{\"@type\":\"Article\",\"@id\":\"https:\\\/\\\/informelitoral.com.ar\\\/la-inflacion-de-septiembre-fue-del-65-y-acumula-324-en-solo-9-meses\\\/#article\",\"isPartOf\":{\"@id\":\"https:\\\/\\\/informelitoral.com.ar\\\/la-inflacion-de-septiembre-fue-del-65-y-acumula-324-en-solo-9-meses\\\/\"},\"author\":{\"name\":\"Gonzalo Schmidt\",\"@id\":\"https:\\\/\\\/informelitoral.com.ar\\\/#\\\/schema\\\/person\\\/b9d00407c836482871ef1d57bf8e3180\"},\"headline\":\"La inflaci\u00f3n de septiembre fue del 6,5% y acumula 32,4% en s\u00f3lo 9 meses\",\"datePublished\":\"2018-10-18T10:46:35+00:00\",\"mainEntityOfPage\":{\"@id\":\"https:\\\/\\\/informelitoral.com.ar\\\/la-inflacion-de-septiembre-fue-del-65-y-acumula-324-en-solo-9-meses\\\/\"},\"wordCount\":214,\"commentCount\":0,\"publisher\":{\"@id\":\"https:\\\/\\\/informelitoral.com.ar\\\/#organization\"},\"image\":{\"@id\":\"https:\\\/\\\/informelitoral.com.ar\\\/la-inflacion-de-septiembre-fue-del-65-y-acumula-324-en-solo-9-meses\\\/#primaryimage\"},\"thumbnailUrl\":\"https:\\\/\\\/informelitoral.com.ar\\\/%77%70%2d%63%6f%6e%74%65%6e%74\\\/uploads\\\/2013\\\/12\\\/inflacion.jpg\",\"keywords\":[\"Consumo\",\"Indec\",\"Inflaci\u00f3n\",\"precios\"],\"articleSection\":[\"Nacionales\"],\"inLanguage\":\"es\",\"potentialAction\":[{\"@type\":\"CommentAction\",\"name\":\"Comment\",\"target\":[\"https:\\\/\\\/informelitoral.com.ar\\\/la-inflacion-de-septiembre-fue-del-65-y-acumula-324-en-solo-9-meses\\\/#respond\"]}]},{\"@type\":\"WebPage\",\"@id\":\"https:\\\/\\\/informelitoral.com.ar\\\/la-inflacion-de-septiembre-fue-del-65-y-acumula-324-en-solo-9-meses\\\/\",\"url\":\"https:\\\/\\\/informelitoral.com.ar\\\/la-inflacion-de-septiembre-fue-del-65-y-acumula-324-en-solo-9-meses\\\/\",\"name\":\"La inflaci\u00f3n de septiembre fue del 6,5% y acumula 32,4% en s\u00f3lo 9 meses - Informe Litoral\",\"isPartOf\":{\"@id\":\"https:\\\/\\\/informelitoral.com.ar\\\/#website\"},\"primaryImageOfPage\":{\"@id\":\"https:\\\/\\\/informelitoral.com.ar\\\/la-inflacion-de-septiembre-fue-del-65-y-acumula-324-en-solo-9-meses\\\/#primaryimage\"},\"image\":{\"@id\":\"https:\\\/\\\/informelitoral.com.ar\\\/la-inflacion-de-septiembre-fue-del-65-y-acumula-324-en-solo-9-meses\\\/#primaryimage\"},\"thumbnailUrl\":\"https:\\\/\\\/informelitoral.com.ar\\\/%77%70%2d%63%6f%6e%74%65%6e%74\\\/uploads\\\/2013\\\/12\\\/inflacion.jpg\",\"datePublished\":\"2018-10-18T10:46:35+00:00\",\"breadcrumb\":{\"@id\":\"https:\\\/\\\/informelitoral.com.ar\\\/la-inflacion-de-septiembre-fue-del-65-y-acumula-324-en-solo-9-meses\\\/#breadcrumb\"},\"inLanguage\":\"es\",\"potentialAction\":[{\"@type\":\"ReadAction\",\"target\":[\"https:\\\/\\\/informelitoral.com.ar\\\/la-inflacion-de-septiembre-fue-del-65-y-acumula-324-en-solo-9-meses\\\/\"]}]},{\"@type\":\"ImageObject\",\"inLanguage\":\"es\",\"@id\":\"https:\\\/\\\/informelitoral.com.ar\\\/la-inflacion-de-septiembre-fue-del-65-y-acumula-324-en-solo-9-meses\\\/#primaryimage\",\"url\":\"https:\\\/\\\/informelitoral.com.ar\\\/%77%70%2d%63%6f%6e%74%65%6e%74\\\/uploads\\\/2013\\\/12\\\/inflacion.jpg\",\"contentUrl\":\"https:\\\/\\\/informelitoral.com.ar\\\/%77%70%2d%63%6f%6e%74%65%6e%74\\\/uploads\\\/2013\\\/12\\\/inflacion.jpg\",\"width\":600,\"height\":468},{\"@type\":\"BreadcrumbList\",\"@id\":\"https:\\\/\\\/informelitoral.com.ar\\\/la-inflacion-de-septiembre-fue-del-65-y-acumula-324-en-solo-9-meses\\\/#breadcrumb\",\"itemListElement\":[{\"@type\":\"ListItem\",\"position\":1,\"name\":\"Portada\",\"item\":\"https:\\\/\\\/informelitoral.com.ar\\\/\"},{\"@type\":\"ListItem\",\"position\":2,\"name\":\"La inflaci\u00f3n de septiembre fue del 6,5% y acumula 32,4% en s\u00f3lo 9 meses\"}]},{\"@type\":\"WebSite\",\"@id\":\"https:\\\/\\\/informelitoral.com.ar\\\/#website\",\"url\":\"https:\\\/\\\/informelitoral.com.ar\\\/\",\"name\":\"Informe Litoral\",\"description\":\"&quot;Nos informamos&quot; \",\"publisher\":{\"@id\":\"https:\\\/\\\/informelitoral.com.ar\\\/#organization\"},\"potentialAction\":[{\"@type\":\"SearchAction\",\"target\":{\"@type\":\"EntryPoint\",\"urlTemplate\":\"https:\\\/\\\/informelitoral.com.ar\\\/?s={search_term_string}\"},\"query-input\":{\"@type\":\"PropertyValueSpecification\",\"valueRequired\":true,\"valueName\":\"search_term_string\"}}],\"inLanguage\":\"es\"},{\"@type\":\"Organization\",\"@id\":\"https:\\\/\\\/informelitoral.com.ar\\\/#organization\",\"name\":\"Informe Litoral\",\"url\":\"https:\\\/\\\/informelitoral.com.ar\\\/\",\"logo\":{\"@type\":\"ImageObject\",\"inLanguage\":\"es\",\"@id\":\"https:\\\/\\\/informelitoral.com.ar\\\/#\\\/schema\\\/logo\\\/image\\\/\",\"url\":\"https:\\\/\\\/informelitoral.com.ar\\\/%77%70%2d%63%6f%6e%74%65%6e%74\\\/uploads\\\/2021\\\/01\\\/circulo.png\",\"contentUrl\":\"https:\\\/\\\/informelitoral.com.ar\\\/%77%70%2d%63%6f%6e%74%65%6e%74\\\/uploads\\\/2021\\\/01\\\/circulo.png\",\"width\":723,\"height\":731,\"caption\":\"Informe Litoral\"},\"image\":{\"@id\":\"https:\\\/\\\/informelitoral.com.ar\\\/#\\\/schema\\\/logo\\\/image\\\/\"},\"sameAs\":[\"https:\\\/\\\/www.facebook.com\\\/informelitoral\\\/\",\"https:\\\/\\\/x.com\\\/InformeLitoral\",\"https:\\\/\\\/www.instagram.com\\\/informelitoral\\\/\",\"https:\\\/\\\/www.youtube.com\\\/channel\\\/UCua4Qvz8Icb6MYqhoq9xLXw\"]},{\"@type\":\"Person\",\"@id\":\"https:\\\/\\\/informelitoral.com.ar\\\/#\\\/schema\\\/person\\\/b9d00407c836482871ef1d57bf8e3180\",\"name\":\"Gonzalo Schmidt\",\"image\":{\"@type\":\"ImageObject\",\"inLanguage\":\"es\",\"@id\":\"https:\\\/\\\/secure.gravatar.com\\\/avatar\\\/31a1a7b66ff2de83bd0e9fd79d026630d2d99e55e8bfe501287647b4fd9743de?s=96&d=mm&r=g\",\"url\":\"https:\\\/\\\/secure.gravatar.com\\\/avatar\\\/31a1a7b66ff2de83bd0e9fd79d026630d2d99e55e8bfe501287647b4fd9743de?s=96&d=mm&r=g\",\"contentUrl\":\"https:\\\/\\\/secure.gravatar.com\\\/avatar\\\/31a1a7b66ff2de83bd0e9fd79d026630d2d99e55e8bfe501287647b4fd9743de?s=96&d=mm&r=g\",\"caption\":\"Gonzalo Schmidt\"},\"description\":\"Sitio web de noticias de la provincia de Entre R\u00edos, Argentina. Informaci\u00f3n y entretenimiento. Informe Litoral, nos informamos.\",\"sameAs\":[\"http:\\\/\\\/www.isletasnoticias.com.ar\"],\"url\":\"https:\\\/\\\/informelitoral.com.ar\\\/author\\\/gonzalo\\\/\"}]}<\/script>","yoast_head_json":{"title":"La inflaci\u00f3n de septiembre fue del 6,5% y acumula 32,4% en s\u00f3lo 9 meses - Informe Litoral","robots":{"index":"index","follow":"follow","max-snippet":"max-snippet:-1","max-image-preview":"max-image-preview:large","max-video-preview":"max-video-preview:-1"},"canonical":"https:\/\/informelitoral.com.ar\/la-inflacion-de-septiembre-fue-del-65-y-acumula-324-en-solo-9-meses\/","og_locale":"es_ES","og_type":"article","og_title":"La inflaci\u00f3n de septiembre fue del 6,5% y acumula 32,4% en s\u00f3lo 9 meses - Informe Litoral","og_description":"La suba de precios es la m\u00e1s alta en la gesti\u00f3n de Macri medida por el INDEC. En abril de 2016 fue del 6,7% pero seg\u00fan consultoras privadas porque a\u00fan no estaba la medici\u00f3n oficial.","og_url":"https:\/\/informelitoral.com.ar\/la-inflacion-de-septiembre-fue-del-65-y-acumula-324-en-solo-9-meses\/","og_site_name":"Informe Litoral","article_publisher":"https:\/\/www.facebook.com\/informelitoral\/","article_published_time":"2018-10-18T10:46:35+00:00","og_image":[{"width":600,"height":468,"url":"https:\/\/informelitoral.com.ar\/%77%70%2d%63%6f%6e%74%65%6e%74\/uploads\/2013\/12\/inflacion.jpg","type":"image\/jpeg"}],"author":"Gonzalo Schmidt","twitter_card":"summary_large_image","twitter_creator":"@InformeLitoral","twitter_site":"@InformeLitoral","twitter_misc":{"Escrito por":"Gonzalo Schmidt","Tiempo de lectura":"1 minuto"},"schema":{"@context":"https:\/\/schema.org","@graph":[{"@type":"Article","@id":"https:\/\/informelitoral.com.ar\/la-inflacion-de-septiembre-fue-del-65-y-acumula-324-en-solo-9-meses\/#article","isPartOf":{"@id":"https:\/\/informelitoral.com.ar\/la-inflacion-de-septiembre-fue-del-65-y-acumula-324-en-solo-9-meses\/"},"author":{"name":"Gonzalo Schmidt","@id":"https:\/\/informelitoral.com.ar\/#\/schema\/person\/b9d00407c836482871ef1d57bf8e3180"},"headline":"La inflaci\u00f3n de septiembre fue del 6,5% y acumula 32,4% en s\u00f3lo 9 meses","datePublished":"2018-10-18T10:46:35+00:00","mainEntityOfPage":{"@id":"https:\/\/informelitoral.com.ar\/la-inflacion-de-septiembre-fue-del-65-y-acumula-324-en-solo-9-meses\/"},"wordCount":214,"commentCount":0,"publisher":{"@id":"https:\/\/informelitoral.com.ar\/#organization"},"image":{"@id":"https:\/\/informelitoral.com.ar\/la-inflacion-de-septiembre-fue-del-65-y-acumula-324-en-solo-9-meses\/#primaryimage"},"thumbnailUrl":"https:\/\/informelitoral.com.ar\/%77%70%2d%63%6f%6e%74%65%6e%74\/uploads\/2013\/12\/inflacion.jpg","keywords":["Consumo","Indec","Inflaci\u00f3n","precios"],"articleSection":["Nacionales"],"inLanguage":"es","potentialAction":[{"@type":"CommentAction","name":"Comment","target":["https:\/\/informelitoral.com.ar\/la-inflacion-de-septiembre-fue-del-65-y-acumula-324-en-solo-9-meses\/#respond"]}]},{"@type":"WebPage","@id":"https:\/\/informelitoral.com.ar\/la-inflacion-de-septiembre-fue-del-65-y-acumula-324-en-solo-9-meses\/","url":"https:\/\/informelitoral.com.ar\/la-inflacion-de-septiembre-fue-del-65-y-acumula-324-en-solo-9-meses\/","name":"La inflaci\u00f3n de septiembre fue del 6,5% y acumula 32,4% en s\u00f3lo 9 meses - Informe Litoral","isPartOf":{"@id":"https:\/\/informelitoral.com.ar\/#website"},"primaryImageOfPage":{"@id":"https:\/\/informelitoral.com.ar\/la-inflacion-de-septiembre-fue-del-65-y-acumula-324-en-solo-9-meses\/#primaryimage"},"image":{"@id":"https:\/\/informelitoral.com.ar\/la-inflacion-de-septiembre-fue-del-65-y-acumula-324-en-solo-9-meses\/#primaryimage"},"thumbnailUrl":"https:\/\/informelitoral.com.ar\/%77%70%2d%63%6f%6e%74%65%6e%74\/uploads\/2013\/12\/inflacion.jpg","datePublished":"2018-10-18T10:46:35+00:00","breadcrumb":{"@id":"https:\/\/informelitoral.com.ar\/la-inflacion-de-septiembre-fue-del-65-y-acumula-324-en-solo-9-meses\/#breadcrumb"},"inLanguage":"es","potentialAction":[{"@type":"ReadAction","target":["https:\/\/informelitoral.com.ar\/la-inflacion-de-septiembre-fue-del-65-y-acumula-324-en-solo-9-meses\/"]}]},{"@type":"ImageObject","inLanguage":"es","@id":"https:\/\/informelitoral.com.ar\/la-inflacion-de-septiembre-fue-del-65-y-acumula-324-en-solo-9-meses\/#primaryimage","url":"https:\/\/informelitoral.com.ar\/%77%70%2d%63%6f%6e%74%65%6e%74\/uploads\/2013\/12\/inflacion.jpg","contentUrl":"https:\/\/informelitoral.com.ar\/%77%70%2d%63%6f%6e%74%65%6e%74\/uploads\/2013\/12\/inflacion.jpg","width":600,"height":468},{"@type":"BreadcrumbList","@id":"https:\/\/informelitoral.com.ar\/la-inflacion-de-septiembre-fue-del-65-y-acumula-324-en-solo-9-meses\/#breadcrumb","itemListElement":[{"@type":"ListItem","position":1,"name":"Portada","item":"https:\/\/informelitoral.com.ar\/"},{"@type":"ListItem","position":2,"name":"La inflaci\u00f3n de septiembre fue del 6,5% y acumula 32,4% en s\u00f3lo 9 meses"}]},{"@type":"WebSite","@id":"https:\/\/informelitoral.com.ar\/#website","url":"https:\/\/informelitoral.com.ar\/","name":"Informe Litoral","description":"&quot;Nos informamos&quot; ","publisher":{"@id":"https:\/\/informelitoral.com.ar\/#organization"},"potentialAction":[{"@type":"SearchAction","target":{"@type":"EntryPoint","urlTemplate":"https:\/\/informelitoral.com.ar\/?s={search_term_string}"},"query-input":{"@type":"PropertyValueSpecification","valueRequired":true,"valueName":"search_term_string"}}],"inLanguage":"es"},{"@type":"Organization","@id":"https:\/\/informelitoral.com.ar\/#organization","name":"Informe Litoral","url":"https:\/\/informelitoral.com.ar\/","logo":{"@type":"ImageObject","inLanguage":"es","@id":"https:\/\/informelitoral.com.ar\/#\/schema\/logo\/image\/","url":"https:\/\/informelitoral.com.ar\/%77%70%2d%63%6f%6e%74%65%6e%74\/uploads\/2021\/01\/circulo.png","contentUrl":"https:\/\/informelitoral.com.ar\/%77%70%2d%63%6f%6e%74%65%6e%74\/uploads\/2021\/01\/circulo.png","width":723,"height":731,"caption":"Informe Litoral"},"image":{"@id":"https:\/\/informelitoral.com.ar\/#\/schema\/logo\/image\/"},"sameAs":["https:\/\/www.facebook.com\/informelitoral\/","https:\/\/x.com\/InformeLitoral","https:\/\/www.instagram.com\/informelitoral\/","https:\/\/www.youtube.com\/channel\/UCua4Qvz8Icb6MYqhoq9xLXw"]},{"@type":"Person","@id":"https:\/\/informelitoral.com.ar\/#\/schema\/person\/b9d00407c836482871ef1d57bf8e3180","name":"Gonzalo Schmidt","image":{"@type":"ImageObject","inLanguage":"es","@id":"https:\/\/secure.gravatar.com\/avatar\/31a1a7b66ff2de83bd0e9fd79d026630d2d99e55e8bfe501287647b4fd9743de?s=96&d=mm&r=g","url":"https:\/\/secure.gravatar.com\/avatar\/31a1a7b66ff2de83bd0e9fd79d026630d2d99e55e8bfe501287647b4fd9743de?s=96&d=mm&r=g","contentUrl":"https:\/\/secure.gravatar.com\/avatar\/31a1a7b66ff2de83bd0e9fd79d026630d2d99e55e8bfe501287647b4fd9743de?s=96&d=mm&r=g","caption":"Gonzalo Schmidt"},"description":"Sitio web de noticias de la provincia de Entre R\u00edos, Argentina. Informaci\u00f3n y entretenimiento. Informe Litoral, nos informamos.","sameAs":["http:\/\/www.isletasnoticias.com.ar"],"url":"https:\/\/informelitoral.com.ar\/author\/gonzalo\/"}]}},"_links":{"self":[{"href":"https:\/\/informelitoral.com.ar\/%77%70%2d%6a%73%6f%6e\/wp\/v2\/posts\/30189","targetHints":{"allow":["GET"]}}],"collection":[{"href":"https:\/\/informelitoral.com.ar\/%77%70%2d%6a%73%6f%6e\/wp\/v2\/posts"}],"about":[{"href":"https:\/\/informelitoral.com.ar\/%77%70%2d%6a%73%6f%6e\/wp\/v2\/types\/post"}],"author":[{"embeddable":true,"href":"https:\/\/informelitoral.com.ar\/%77%70%2d%6a%73%6f%6e\/wp\/v2\/users\/2"}],"replies":[{"embeddable":true,"href":"https:\/\/informelitoral.com.ar\/%77%70%2d%6a%73%6f%6e\/wp\/v2\/comments?post=30189"}],"version-history":[{"count":0,"href":"https:\/\/informelitoral.com.ar\/%77%70%2d%6a%73%6f%6e\/wp\/v2\/posts\/30189\/revisions"}],"wp:featuredmedia":[{"embeddable":true,"href":"https:\/\/informelitoral.com.ar\/%77%70%2d%6a%73%6f%6e\/wp\/v2\/media\/4736"}],"wp:attachment":[{"href":"https:\/\/informelitoral.com.ar\/%77%70%2d%6a%73%6f%6e\/wp\/v2\/media?parent=30189"}],"wp:term":[{"taxonomy":"category","embeddable":true,"href":"https:\/\/informelitoral.com.ar\/%77%70%2d%6a%73%6f%6e\/wp\/v2\/categories?post=30189"},{"taxonomy":"post_tag","embeddable":true,"href":"https:\/\/informelitoral.com.ar\/%77%70%2d%6a%73%6f%6e\/wp\/v2\/tags?post=30189"}],"curies":[{"name":"wp","href":"https:\/\/api.w.org\/{rel}","templated":true}]}}