{"id":2996,"date":"2013-08-29T15:16:13","date_gmt":"2013-08-29T18:16:13","guid":{"rendered":"http:\/\/www.isletasnoticias.com.ar\/?p=2996"},"modified":"2013-08-29T15:16:13","modified_gmt":"2013-08-29T18:16:13","slug":"gualeguaychu-se-vuelve-a-movilizar-por-la-ex-pastera-botnia","status":"publish","type":"post","link":"https:\/\/informelitoral.com.ar\/gualeguaychu-se-vuelve-a-movilizar-por-la-ex-pastera-botnia\/","title":{"rendered":"Gualeguaych\u00fa se vuelve a movilizar por la ex pastera Botnia"},"content":{"rendered":"<p style=\"text-align: left;\"><strong>En protesta por la iniciativa de instalar una nueva pastera. La concentraci\u00f3n se realizar\u00e1 este domingo en el emblem\u00e1tico Sitio Hist\u00f3rico Arroyo Verde. Se analiz\u00f3 la posibilidad de volver a cortar la ruta por tiempo\u00a0<strong>indeterminado.<\/strong><a href=\"http:\/\/www.isletasnoticias.com.ar\/%77%70%2d%63%6f%6e%74%65%6e%74\/uploads\/2013\/08\/gualeguychu.jpg\"><img loading=\"lazy\" decoding=\"async\" class=\"size-medium wp-image-2999 aligncenter\" title=\"Este domingo los ciudadanos de Gualeguaych\u00fa se movilizar\u00e1n. \" alt=\"gualeguychu\" src=\"http:\/\/www.isletasnoticias.com.ar\/%77%70%2d%63%6f%6e%74%65%6e%74\/uploads\/2013\/08\/gualeguychu-300x200.jpg\" width=\"300\" height=\"200\" srcset=\"https:\/\/informelitoral.com.ar\/%77%70%2d%63%6f%6e%74%65%6e%74\/uploads\/2013\/08\/gualeguychu-300x200.jpg 300w, https:\/\/informelitoral.com.ar\/%77%70%2d%63%6f%6e%74%65%6e%74\/uploads\/2013\/08\/gualeguychu.jpg 645w\" sizes=\"auto, (max-width: 300px) 100vw, 300px\" \/><\/a><\/strong><\/p>\n<p>Sin el servicio de justicia, excepto para criminalizar a los vecinos por su protesta; sin informes por los monitoreos desde agosto de 2010, con la convicci\u00f3n de que ya la pastera lleg\u00f3 al tope de su producci\u00f3n anual y a\u00fan quedan cuatro meses de este a\u00f1o, sumado a la amenaza de la instalaci\u00f3n de otra f\u00e1brica de celulosa, los \u00e1nimos en Gualeguaych\u00fa volvieron a caldearse.<\/p>\n<p>Al respecto, seg\u00fan public\u00f3 diario<em> El Argentino<\/em> de Gualeguaych\u00fa y reproduce<em> Informe Digital<\/em>, este domingo se expresar\u00e1 a trav\u00e9s de una caravana desde el emblem\u00e1tico Sitio Hist\u00f3rico Arroyo Verde hacia la zona del \u00f3valo en la cabecera del puente internaciona<a href=\"http:\/\/www.isletasnoticias.com.ar\/%77%70%2d%63%6f%6e%74%65%6e%74\/uploads\/2013\/08\/botnia-21.jpg\"><img loading=\"lazy\" decoding=\"async\" class=\"size-medium wp-image-2998 alignleft\" title=\"En varias oportunidades ya se hicieron reclamos por la contaminaci\u00f3n que generar\u00eda la actual planta.\" alt=\"botnia 2\" src=\"http:\/\/www.isletasnoticias.com.ar\/%77%70%2d%63%6f%6e%74%65%6e%74\/uploads\/2013\/08\/botnia-21-300x199.jpg\" width=\"300\" height=\"199\" srcset=\"https:\/\/informelitoral.com.ar\/%77%70%2d%63%6f%6e%74%65%6e%74\/uploads\/2013\/08\/botnia-21-300x199.jpg 300w, https:\/\/informelitoral.com.ar\/%77%70%2d%63%6f%6e%74%65%6e%74\/uploads\/2013\/08\/botnia-21.jpg 500w\" sizes=\"auto, (max-width: 300px) 100vw, 300px\" \/><\/a>l \u00abGeneral San Mart\u00edn\u00bb, para terminar en la zona de los Obeliscos con la lectura de una proclama.<\/p>\n<p>Otras mociones que se aprobaron casi por unanimidad, fue enviar varias notas solicitando audiencia. En ese contexto, se remitir\u00e1 una nota al intendente <strong>Juan Jos\u00e9 Bahillo<\/strong> y al gobernador <strong>Sergio Urribarri<\/strong> para que coordinen una reuni\u00f3n con el canciller <strong>H\u00e9ctor Timerman<\/strong> en Gualeguaych\u00fa, tal como una vez ocurri\u00f3 cuando era canciller<strong> Jorge Taiana<\/strong>.<br \/>\n<img loading=\"lazy\" decoding=\"async\" class=\"size-medium wp-image-2997 alignright\" title=\"Los asamble\u00edstas no descartan volver a la ruta.\" alt=\"botnia\" src=\"http:\/\/www.isletasnoticias.com.ar\/%77%70%2d%63%6f%6e%74%65%6e%74\/uploads\/2013\/08\/botnia1-300x225.jpg\" width=\"300\" height=\"225\" srcset=\"https:\/\/informelitoral.com.ar\/%77%70%2d%63%6f%6e%74%65%6e%74\/uploads\/2013\/08\/botnia1-300x225.jpg 300w, https:\/\/informelitoral.com.ar\/%77%70%2d%63%6f%6e%74%65%6e%74\/uploads\/2013\/08\/botnia1.jpg 600w\" sizes=\"auto, (max-width: 300px) 100vw, 300px\" \/><b><\/b><\/p>\n<p><b>Volver a la ruta<\/b><br \/>\nLa Asamblea Ciudadana volvi\u00f3 anoche a hablar de corte de ruta en repudio a todo lo que est\u00e1 pasando. Si bien por el momento se decidi\u00f3 esperar las gestiones de las autoridades provinciales para lograr la audiencia ante el canciller, la medida est\u00e1 lejos de haberse olvidado. \u00abSon ellos con su pasividad y el gobierno uruguayo con su provocaci\u00f3n, quienes nos est\u00e1n empujando de nuevo\u00a0a la ruta\u00bb, advirtieron.<\/p>\n","protected":false},"excerpt":{"rendered":"<p>En protesta por la iniciativa de instalar una nueva pastera. La concentraci&oacute;n se realizar&aacute; este domingo en el emblem&aacute;tico Sitio Hist&oacute;rico Arroyo Verde. Se analiz&oacute; la posibilidad de volver a cortar la ruta por tiempo&nbsp;indeterminado. Sin el servicio de justicia, excepto para criminalizar a los vecinos por su protesta; sin informes por los monitoreos desde [&hellip;]<\/p>\n","protected":false},"author":2,"featured_media":0,"comment_status":"open","ping_status":"open","sticky":false,"template":"","format":"standard","meta":{"fifu_image_url":"","fifu_image_alt":"","footnotes":""},"categories":[6],"tags":[],"class_list":{"0":"post-2996","1":"post","2":"type-post","3":"status-publish","4":"format-standard","6":"category-entre-rios"},"yoast_head":"<title>Gualeguaych\u00fa se vuelve a movilizar por la ex pastera Botnia - Informe Litoral<\/title>\n<meta name=\"robots\" content=\"index, follow, max-snippet:-1, max-image-preview:large, max-video-preview:-1\" \/>\n<link rel=\"canonical\" href=\"https:\/\/informelitoral.com.ar\/gualeguaychu-se-vuelve-a-movilizar-por-la-ex-pastera-botnia\/\" \/>\n<meta property=\"og:locale\" content=\"es_ES\" \/>\n<meta property=\"og:type\" content=\"article\" \/>\n<meta property=\"og:title\" content=\"Gualeguaych\u00fa se vuelve a movilizar por la ex pastera Botnia - Informe Litoral\" \/>\n<meta property=\"og:description\" content=\"En protesta por la iniciativa de instalar una nueva pastera. La concentraci&oacute;n se realizar&aacute; este domingo en el emblem&aacute;tico Sitio Hist&oacute;rico Arroyo Verde. Se analiz&oacute; la posibilidad de volver a cortar la ruta por tiempo&nbsp;indeterminado. Sin el servicio de justicia, excepto para criminalizar a los vecinos por su protesta; sin informes por los monitoreos desde [&hellip;]\" \/>\n<meta property=\"og:url\" content=\"https:\/\/informelitoral.com.ar\/gualeguaychu-se-vuelve-a-movilizar-por-la-ex-pastera-botnia\/\" \/>\n<meta property=\"og:site_name\" content=\"Informe Litoral\" \/>\n<meta property=\"article:publisher\" content=\"https:\/\/www.facebook.com\/informelitoral\/\" \/>\n<meta property=\"article:published_time\" content=\"2013-08-29T18:16:13+00:00\" \/>\n<meta property=\"og:image\" content=\"https:\/\/informelitoral.com.ar\/%77%70%2d%63%6f%6e%74%65%6e%74\/uploads\/2013\/08\/gualeguychu.jpg\" \/>\n\t<meta property=\"og:image:width\" content=\"645\" \/>\n\t<meta property=\"og:image:height\" content=\"430\" \/>\n\t<meta property=\"og:image:type\" content=\"image\/jpeg\" \/>\n<meta name=\"author\" content=\"Gonzalo Schmidt\" \/>\n<meta name=\"twitter:card\" content=\"summary_large_image\" \/>\n<meta name=\"twitter:creator\" content=\"@InformeLitoral\" \/>\n<meta name=\"twitter:site\" content=\"@InformeLitoral\" \/>\n<meta name=\"twitter:label1\" content=\"Escrito por\" \/>\n\t<meta name=\"twitter:data1\" content=\"Gonzalo Schmidt\" \/>\n\t<meta name=\"twitter:label2\" content=\"Tiempo de lectura\" \/>\n\t<meta name=\"twitter:data2\" content=\"2 minutos\" \/>\n<script type=\"application\/ld+json\" class=\"yoast-schema-graph\">{\"@context\":\"https:\\\/\\\/schema.org\",\"@graph\":[{\"@type\":\"Article\",\"@id\":\"https:\\\/\\\/informelitoral.com.ar\\\/gualeguaychu-se-vuelve-a-movilizar-por-la-ex-pastera-botnia\\\/#article\",\"isPartOf\":{\"@id\":\"https:\\\/\\\/informelitoral.com.ar\\\/gualeguaychu-se-vuelve-a-movilizar-por-la-ex-pastera-botnia\\\/\"},\"author\":{\"name\":\"Gonzalo Schmidt\",\"@id\":\"https:\\\/\\\/informelitoral.com.ar\\\/#\\\/schema\\\/person\\\/b9d00407c836482871ef1d57bf8e3180\"},\"headline\":\"Gualeguaych\u00fa se vuelve a movilizar por la ex pastera Botnia\",\"datePublished\":\"2013-08-29T18:16:13+00:00\",\"mainEntityOfPage\":{\"@id\":\"https:\\\/\\\/informelitoral.com.ar\\\/gualeguaychu-se-vuelve-a-movilizar-por-la-ex-pastera-botnia\\\/\"},\"wordCount\":312,\"commentCount\":0,\"publisher\":{\"@id\":\"https:\\\/\\\/informelitoral.com.ar\\\/#organization\"},\"image\":{\"@id\":\"https:\\\/\\\/informelitoral.com.ar\\\/gualeguaychu-se-vuelve-a-movilizar-por-la-ex-pastera-botnia\\\/#primaryimage\"},\"thumbnailUrl\":\"http:\\\/\\\/www.isletasnoticias.com.ar\\\/%77%70%2d%63%6f%6e%74%65%6e%74\\\/uploads\\\/2013\\\/08\\\/gualeguychu-300x200.jpg\",\"articleSection\":[\"Entre R\u00edos\"],\"inLanguage\":\"es\",\"potentialAction\":[{\"@type\":\"CommentAction\",\"name\":\"Comment\",\"target\":[\"https:\\\/\\\/informelitoral.com.ar\\\/gualeguaychu-se-vuelve-a-movilizar-por-la-ex-pastera-botnia\\\/#respond\"]}]},{\"@type\":\"WebPage\",\"@id\":\"https:\\\/\\\/informelitoral.com.ar\\\/gualeguaychu-se-vuelve-a-movilizar-por-la-ex-pastera-botnia\\\/\",\"url\":\"https:\\\/\\\/informelitoral.com.ar\\\/gualeguaychu-se-vuelve-a-movilizar-por-la-ex-pastera-botnia\\\/\",\"name\":\"Gualeguaych\u00fa se vuelve a movilizar por la ex pastera Botnia - Informe Litoral\",\"isPartOf\":{\"@id\":\"https:\\\/\\\/informelitoral.com.ar\\\/#website\"},\"primaryImageOfPage\":{\"@id\":\"https:\\\/\\\/informelitoral.com.ar\\\/gualeguaychu-se-vuelve-a-movilizar-por-la-ex-pastera-botnia\\\/#primaryimage\"},\"image\":{\"@id\":\"https:\\\/\\\/informelitoral.com.ar\\\/gualeguaychu-se-vuelve-a-movilizar-por-la-ex-pastera-botnia\\\/#primaryimage\"},\"thumbnailUrl\":\"http:\\\/\\\/www.isletasnoticias.com.ar\\\/%77%70%2d%63%6f%6e%74%65%6e%74\\\/uploads\\\/2013\\\/08\\\/gualeguychu-300x200.jpg\",\"datePublished\":\"2013-08-29T18:16:13+00:00\",\"breadcrumb\":{\"@id\":\"https:\\\/\\\/informelitoral.com.ar\\\/gualeguaychu-se-vuelve-a-movilizar-por-la-ex-pastera-botnia\\\/#breadcrumb\"},\"inLanguage\":\"es\",\"potentialAction\":[{\"@type\":\"ReadAction\",\"target\":[\"https:\\\/\\\/informelitoral.com.ar\\\/gualeguaychu-se-vuelve-a-movilizar-por-la-ex-pastera-botnia\\\/\"]}]},{\"@type\":\"ImageObject\",\"inLanguage\":\"es\",\"@id\":\"https:\\\/\\\/informelitoral.com.ar\\\/gualeguaychu-se-vuelve-a-movilizar-por-la-ex-pastera-botnia\\\/#primaryimage\",\"url\":\"http:\\\/\\\/www.isletasnoticias.com.ar\\\/%77%70%2d%63%6f%6e%74%65%6e%74\\\/uploads\\\/2013\\\/08\\\/gualeguychu-300x200.jpg\",\"contentUrl\":\"http:\\\/\\\/www.isletasnoticias.com.ar\\\/%77%70%2d%63%6f%6e%74%65%6e%74\\\/uploads\\\/2013\\\/08\\\/gualeguychu-300x200.jpg\"},{\"@type\":\"BreadcrumbList\",\"@id\":\"https:\\\/\\\/informelitoral.com.ar\\\/gualeguaychu-se-vuelve-a-movilizar-por-la-ex-pastera-botnia\\\/#breadcrumb\",\"itemListElement\":[{\"@type\":\"ListItem\",\"position\":1,\"name\":\"Portada\",\"item\":\"https:\\\/\\\/informelitoral.com.ar\\\/\"},{\"@type\":\"ListItem\",\"position\":2,\"name\":\"Gualeguaych\u00fa se vuelve a movilizar por la ex pastera Botnia\"}]},{\"@type\":\"WebSite\",\"@id\":\"https:\\\/\\\/informelitoral.com.ar\\\/#website\",\"url\":\"https:\\\/\\\/informelitoral.com.ar\\\/\",\"name\":\"Informe Litoral\",\"description\":\"&quot;Nos informamos&quot; \",\"publisher\":{\"@id\":\"https:\\\/\\\/informelitoral.com.ar\\\/#organization\"},\"potentialAction\":[{\"@type\":\"SearchAction\",\"target\":{\"@type\":\"EntryPoint\",\"urlTemplate\":\"https:\\\/\\\/informelitoral.com.ar\\\/?s={search_term_string}\"},\"query-input\":{\"@type\":\"PropertyValueSpecification\",\"valueRequired\":true,\"valueName\":\"search_term_string\"}}],\"inLanguage\":\"es\"},{\"@type\":\"Organization\",\"@id\":\"https:\\\/\\\/informelitoral.com.ar\\\/#organization\",\"name\":\"Informe Litoral\",\"url\":\"https:\\\/\\\/informelitoral.com.ar\\\/\",\"logo\":{\"@type\":\"ImageObject\",\"inLanguage\":\"es\",\"@id\":\"https:\\\/\\\/informelitoral.com.ar\\\/#\\\/schema\\\/logo\\\/image\\\/\",\"url\":\"https:\\\/\\\/informelitoral.com.ar\\\/%77%70%2d%63%6f%6e%74%65%6e%74\\\/uploads\\\/2021\\\/01\\\/circulo.png\",\"contentUrl\":\"https:\\\/\\\/informelitoral.com.ar\\\/%77%70%2d%63%6f%6e%74%65%6e%74\\\/uploads\\\/2021\\\/01\\\/circulo.png\",\"width\":723,\"height\":731,\"caption\":\"Informe Litoral\"},\"image\":{\"@id\":\"https:\\\/\\\/informelitoral.com.ar\\\/#\\\/schema\\\/logo\\\/image\\\/\"},\"sameAs\":[\"https:\\\/\\\/www.facebook.com\\\/informelitoral\\\/\",\"https:\\\/\\\/x.com\\\/InformeLitoral\",\"https:\\\/\\\/www.instagram.com\\\/informelitoral\\\/\",\"https:\\\/\\\/www.youtube.com\\\/channel\\\/UCua4Qvz8Icb6MYqhoq9xLXw\"]},{\"@type\":\"Person\",\"@id\":\"https:\\\/\\\/informelitoral.com.ar\\\/#\\\/schema\\\/person\\\/b9d00407c836482871ef1d57bf8e3180\",\"name\":\"Gonzalo Schmidt\",\"image\":{\"@type\":\"ImageObject\",\"inLanguage\":\"es\",\"@id\":\"https:\\\/\\\/secure.gravatar.com\\\/avatar\\\/31a1a7b66ff2de83bd0e9fd79d026630d2d99e55e8bfe501287647b4fd9743de?s=96&d=mm&r=g\",\"url\":\"https:\\\/\\\/secure.gravatar.com\\\/avatar\\\/31a1a7b66ff2de83bd0e9fd79d026630d2d99e55e8bfe501287647b4fd9743de?s=96&d=mm&r=g\",\"contentUrl\":\"https:\\\/\\\/secure.gravatar.com\\\/avatar\\\/31a1a7b66ff2de83bd0e9fd79d026630d2d99e55e8bfe501287647b4fd9743de?s=96&d=mm&r=g\",\"caption\":\"Gonzalo Schmidt\"},\"description\":\"Sitio web de noticias de la provincia de Entre R\u00edos, Argentina. Informaci\u00f3n y entretenimiento. Informe Litoral, nos informamos.\",\"sameAs\":[\"http:\\\/\\\/www.isletasnoticias.com.ar\"],\"url\":\"https:\\\/\\\/informelitoral.com.ar\\\/author\\\/gonzalo\\\/\"}]}<\/script>","yoast_head_json":{"title":"Gualeguaych\u00fa se vuelve a movilizar por la ex pastera Botnia - Informe Litoral","robots":{"index":"index","follow":"follow","max-snippet":"max-snippet:-1","max-image-preview":"max-image-preview:large","max-video-preview":"max-video-preview:-1"},"canonical":"https:\/\/informelitoral.com.ar\/gualeguaychu-se-vuelve-a-movilizar-por-la-ex-pastera-botnia\/","og_locale":"es_ES","og_type":"article","og_title":"Gualeguaych\u00fa se vuelve a movilizar por la ex pastera Botnia - Informe Litoral","og_description":"En protesta por la iniciativa de instalar una nueva pastera. La concentraci&oacute;n se realizar&aacute; este domingo en el emblem&aacute;tico Sitio Hist&oacute;rico Arroyo Verde. Se analiz&oacute; la posibilidad de volver a cortar la ruta por tiempo&nbsp;indeterminado. Sin el servicio de justicia, excepto para criminalizar a los vecinos por su protesta; sin informes por los monitoreos desde [&hellip;]","og_url":"https:\/\/informelitoral.com.ar\/gualeguaychu-se-vuelve-a-movilizar-por-la-ex-pastera-botnia\/","og_site_name":"Informe Litoral","article_publisher":"https:\/\/www.facebook.com\/informelitoral\/","article_published_time":"2013-08-29T18:16:13+00:00","og_image":[{"width":645,"height":430,"url":"https:\/\/informelitoral.com.ar\/%77%70%2d%63%6f%6e%74%65%6e%74\/uploads\/2013\/08\/gualeguychu.jpg","type":"image\/jpeg"}],"author":"Gonzalo Schmidt","twitter_card":"summary_large_image","twitter_creator":"@InformeLitoral","twitter_site":"@InformeLitoral","twitter_misc":{"Escrito por":"Gonzalo Schmidt","Tiempo de lectura":"2 minutos"},"schema":{"@context":"https:\/\/schema.org","@graph":[{"@type":"Article","@id":"https:\/\/informelitoral.com.ar\/gualeguaychu-se-vuelve-a-movilizar-por-la-ex-pastera-botnia\/#article","isPartOf":{"@id":"https:\/\/informelitoral.com.ar\/gualeguaychu-se-vuelve-a-movilizar-por-la-ex-pastera-botnia\/"},"author":{"name":"Gonzalo Schmidt","@id":"https:\/\/informelitoral.com.ar\/#\/schema\/person\/b9d00407c836482871ef1d57bf8e3180"},"headline":"Gualeguaych\u00fa se vuelve a movilizar por la ex pastera Botnia","datePublished":"2013-08-29T18:16:13+00:00","mainEntityOfPage":{"@id":"https:\/\/informelitoral.com.ar\/gualeguaychu-se-vuelve-a-movilizar-por-la-ex-pastera-botnia\/"},"wordCount":312,"commentCount":0,"publisher":{"@id":"https:\/\/informelitoral.com.ar\/#organization"},"image":{"@id":"https:\/\/informelitoral.com.ar\/gualeguaychu-se-vuelve-a-movilizar-por-la-ex-pastera-botnia\/#primaryimage"},"thumbnailUrl":"http:\/\/www.isletasnoticias.com.ar\/%77%70%2d%63%6f%6e%74%65%6e%74\/uploads\/2013\/08\/gualeguychu-300x200.jpg","articleSection":["Entre R\u00edos"],"inLanguage":"es","potentialAction":[{"@type":"CommentAction","name":"Comment","target":["https:\/\/informelitoral.com.ar\/gualeguaychu-se-vuelve-a-movilizar-por-la-ex-pastera-botnia\/#respond"]}]},{"@type":"WebPage","@id":"https:\/\/informelitoral.com.ar\/gualeguaychu-se-vuelve-a-movilizar-por-la-ex-pastera-botnia\/","url":"https:\/\/informelitoral.com.ar\/gualeguaychu-se-vuelve-a-movilizar-por-la-ex-pastera-botnia\/","name":"Gualeguaych\u00fa se vuelve a movilizar por la ex pastera Botnia - Informe Litoral","isPartOf":{"@id":"https:\/\/informelitoral.com.ar\/#website"},"primaryImageOfPage":{"@id":"https:\/\/informelitoral.com.ar\/gualeguaychu-se-vuelve-a-movilizar-por-la-ex-pastera-botnia\/#primaryimage"},"image":{"@id":"https:\/\/informelitoral.com.ar\/gualeguaychu-se-vuelve-a-movilizar-por-la-ex-pastera-botnia\/#primaryimage"},"thumbnailUrl":"http:\/\/www.isletasnoticias.com.ar\/%77%70%2d%63%6f%6e%74%65%6e%74\/uploads\/2013\/08\/gualeguychu-300x200.jpg","datePublished":"2013-08-29T18:16:13+00:00","breadcrumb":{"@id":"https:\/\/informelitoral.com.ar\/gualeguaychu-se-vuelve-a-movilizar-por-la-ex-pastera-botnia\/#breadcrumb"},"inLanguage":"es","potentialAction":[{"@type":"ReadAction","target":["https:\/\/informelitoral.com.ar\/gualeguaychu-se-vuelve-a-movilizar-por-la-ex-pastera-botnia\/"]}]},{"@type":"ImageObject","inLanguage":"es","@id":"https:\/\/informelitoral.com.ar\/gualeguaychu-se-vuelve-a-movilizar-por-la-ex-pastera-botnia\/#primaryimage","url":"http:\/\/www.isletasnoticias.com.ar\/%77%70%2d%63%6f%6e%74%65%6e%74\/uploads\/2013\/08\/gualeguychu-300x200.jpg","contentUrl":"http:\/\/www.isletasnoticias.com.ar\/%77%70%2d%63%6f%6e%74%65%6e%74\/uploads\/2013\/08\/gualeguychu-300x200.jpg"},{"@type":"BreadcrumbList","@id":"https:\/\/informelitoral.com.ar\/gualeguaychu-se-vuelve-a-movilizar-por-la-ex-pastera-botnia\/#breadcrumb","itemListElement":[{"@type":"ListItem","position":1,"name":"Portada","item":"https:\/\/informelitoral.com.ar\/"},{"@type":"ListItem","position":2,"name":"Gualeguaych\u00fa se vuelve a movilizar por la ex pastera Botnia"}]},{"@type":"WebSite","@id":"https:\/\/informelitoral.com.ar\/#website","url":"https:\/\/informelitoral.com.ar\/","name":"Informe Litoral","description":"&quot;Nos informamos&quot; ","publisher":{"@id":"https:\/\/informelitoral.com.ar\/#organization"},"potentialAction":[{"@type":"SearchAction","target":{"@type":"EntryPoint","urlTemplate":"https:\/\/informelitoral.com.ar\/?s={search_term_string}"},"query-input":{"@type":"PropertyValueSpecification","valueRequired":true,"valueName":"search_term_string"}}],"inLanguage":"es"},{"@type":"Organization","@id":"https:\/\/informelitoral.com.ar\/#organization","name":"Informe Litoral","url":"https:\/\/informelitoral.com.ar\/","logo":{"@type":"ImageObject","inLanguage":"es","@id":"https:\/\/informelitoral.com.ar\/#\/schema\/logo\/image\/","url":"https:\/\/informelitoral.com.ar\/%77%70%2d%63%6f%6e%74%65%6e%74\/uploads\/2021\/01\/circulo.png","contentUrl":"https:\/\/informelitoral.com.ar\/%77%70%2d%63%6f%6e%74%65%6e%74\/uploads\/2021\/01\/circulo.png","width":723,"height":731,"caption":"Informe Litoral"},"image":{"@id":"https:\/\/informelitoral.com.ar\/#\/schema\/logo\/image\/"},"sameAs":["https:\/\/www.facebook.com\/informelitoral\/","https:\/\/x.com\/InformeLitoral","https:\/\/www.instagram.com\/informelitoral\/","https:\/\/www.youtube.com\/channel\/UCua4Qvz8Icb6MYqhoq9xLXw"]},{"@type":"Person","@id":"https:\/\/informelitoral.com.ar\/#\/schema\/person\/b9d00407c836482871ef1d57bf8e3180","name":"Gonzalo Schmidt","image":{"@type":"ImageObject","inLanguage":"es","@id":"https:\/\/secure.gravatar.com\/avatar\/31a1a7b66ff2de83bd0e9fd79d026630d2d99e55e8bfe501287647b4fd9743de?s=96&d=mm&r=g","url":"https:\/\/secure.gravatar.com\/avatar\/31a1a7b66ff2de83bd0e9fd79d026630d2d99e55e8bfe501287647b4fd9743de?s=96&d=mm&r=g","contentUrl":"https:\/\/secure.gravatar.com\/avatar\/31a1a7b66ff2de83bd0e9fd79d026630d2d99e55e8bfe501287647b4fd9743de?s=96&d=mm&r=g","caption":"Gonzalo Schmidt"},"description":"Sitio web de noticias de la provincia de Entre R\u00edos, Argentina. Informaci\u00f3n y entretenimiento. Informe Litoral, nos informamos.","sameAs":["http:\/\/www.isletasnoticias.com.ar"],"url":"https:\/\/informelitoral.com.ar\/author\/gonzalo\/"}]}},"_links":{"self":[{"href":"https:\/\/informelitoral.com.ar\/%77%70%2d%6a%73%6f%6e\/wp\/v2\/posts\/2996","targetHints":{"allow":["GET"]}}],"collection":[{"href":"https:\/\/informelitoral.com.ar\/%77%70%2d%6a%73%6f%6e\/wp\/v2\/posts"}],"about":[{"href":"https:\/\/informelitoral.com.ar\/%77%70%2d%6a%73%6f%6e\/wp\/v2\/types\/post"}],"author":[{"embeddable":true,"href":"https:\/\/informelitoral.com.ar\/%77%70%2d%6a%73%6f%6e\/wp\/v2\/users\/2"}],"replies":[{"embeddable":true,"href":"https:\/\/informelitoral.com.ar\/%77%70%2d%6a%73%6f%6e\/wp\/v2\/comments?post=2996"}],"version-history":[{"count":0,"href":"https:\/\/informelitoral.com.ar\/%77%70%2d%6a%73%6f%6e\/wp\/v2\/posts\/2996\/revisions"}],"wp:attachment":[{"href":"https:\/\/informelitoral.com.ar\/%77%70%2d%6a%73%6f%6e\/wp\/v2\/media?parent=2996"}],"wp:term":[{"taxonomy":"category","embeddable":true,"href":"https:\/\/informelitoral.com.ar\/%77%70%2d%6a%73%6f%6e\/wp\/v2\/categories?post=2996"},{"taxonomy":"post_tag","embeddable":true,"href":"https:\/\/informelitoral.com.ar\/%77%70%2d%6a%73%6f%6e\/wp\/v2\/tags?post=2996"}],"curies":[{"name":"wp","href":"https:\/\/api.w.org\/{rel}","templated":true}]}}