{"id":2981,"date":"2013-08-28T23:02:09","date_gmt":"2013-08-29T02:02:09","guid":{"rendered":"http:\/\/www.isletasnoticias.com.ar\/?p=2981"},"modified":"2013-08-28T23:15:06","modified_gmt":"2013-08-29T02:15:06","slug":"breve-historia-de-la-escuela-n-33-de-isletas-a-75-anos-de-su-fundacion","status":"publish","type":"post","link":"https:\/\/informelitoral.com.ar\/breve-historia-de-la-escuela-n-33-de-isletas-a-75-anos-de-su-fundacion\/","title":{"rendered":"Breve historia de la Escuela N\u00b0 33 de Isletas, a 75 a\u00f1os de su fundaci\u00f3n"},"content":{"rendered":"<p><strong>Como ya lo ven\u00edamos informando, el pr\u00f3ximo domingo 1 de septiembre, la Escuela \u00a0N\u00b0 33 Nicol\u00e1s Avellaneda de Isletas, festejar\u00e1 su 75\u00b0 aniversario, junto a la segunda edici\u00f3n de la Fiesta del Tambero. Seg\u00fan coment\u00f3 a <em>ISLETAS NOTICIAS<\/em>, la directora de la instituci\u00f3n, <em>Norma Morales<\/em>,\u00a0esperan la presencia de autoridades locales, departamentales y provinciales. \u00a0<\/strong><\/p>\n<p><img loading=\"lazy\" decoding=\"async\" class=\"size-medium wp-image-2982 aligncenter\" title=\"La Escuela N\u00b0 33 cumple 75 a\u00f1os.\" alt=\"escuela 1\" src=\"http:\/\/www.isletasnoticias.com.ar\/%77%70%2d%63%6f%6e%74%65%6e%74\/uploads\/2013\/08\/escuela-1-300x225.jpg\" width=\"300\" height=\"225\" srcset=\"https:\/\/informelitoral.com.ar\/%77%70%2d%63%6f%6e%74%65%6e%74\/uploads\/2013\/08\/escuela-1-300x225.jpg 300w, https:\/\/informelitoral.com.ar\/%77%70%2d%63%6f%6e%74%65%6e%74\/uploads\/2013\/08\/escuela-1.jpg 960w\" sizes=\"auto, (max-width: 300px) 100vw, 300px\" \/><\/p>\n<p><strong>\u00a0Breve historia de la Escuela y el cambio de edificio<\/strong><\/p>\n<p>La Escuela N\u00b0 33 fue creada el a\u00f1o 1938, pero el actual edificio se comenz\u00f3 ocupar reci\u00e9n a fines de 1965 y se inaugur\u00f3 al comenzar el ciclo lectivo de 1966. El director en aquel momento era\u00a0<strong>Idelfonso Zapata<\/strong> . \u00a0Hace 46 a\u00f1os, que la entidad educativa funciona en el edificio actual.<\/p>\n<p><a href=\"http:\/\/www.isletasnoticias.com.ar\/%77%70%2d%63%6f%6e%74%65%6e%74\/uploads\/2013\/08\/alumnos.jpg\"><img loading=\"lazy\" decoding=\"async\" class=\"size-medium wp-image-2983 alignright\" title=\"Alumnos, durante el acto de inauguraci\u00f3n del actual edificio escolar. \" alt=\"alumnos\" src=\"http:\/\/www.isletasnoticias.com.ar\/%77%70%2d%63%6f%6e%74%65%6e%74\/uploads\/2013\/08\/alumnos-218x300.jpg\" width=\"218\" height=\"300\" srcset=\"https:\/\/informelitoral.com.ar\/%77%70%2d%63%6f%6e%74%65%6e%74\/uploads\/2013\/08\/alumnos-218x300.jpg 218w, https:\/\/informelitoral.com.ar\/%77%70%2d%63%6f%6e%74%65%6e%74\/uploads\/2013\/08\/alumnos.jpg 698w\" sizes=\"auto, (max-width: 218px) 100vw, 218px\" \/><\/a><\/p>\n<p>El 5 de septiembre de 1961, la\u00a0Asociaci\u00f3n Cooperadora, padres y vecinos, se dirigieron mediante una nota al por entonces gobernador de la Provincia <strong>Ra\u00fal Uranga,<\/strong> para solicitarle un edificio nuevo con casa para el director, ya que la escuela funcionaba en propiedad privada y la misma se encontraba en estado ruinoso.<\/p>\n<p>El nuevo edificio ser\u00eda construido en un terreno situado al frente, calle de por medio. El lote fue donado por\u00a0<strong>David M\u00fcller<\/strong>\u00a0en 1958 y ya se hab\u00edan mandado los documentos para su escrituraci\u00f3n a la escriban\u00eda mayor del gobierno.<\/p>\n<p><img loading=\"lazy\" decoding=\"async\" class=\"size-medium wp-image-2985 alignleft\" title=\"Primer edificio de la Escuela.\" alt=\"edificio\" src=\"http:\/\/www.isletasnoticias.com.ar\/%77%70%2d%63%6f%6e%74%65%6e%74\/uploads\/2013\/08\/edificio-300x218.jpg\" width=\"300\" height=\"218\" srcset=\"https:\/\/informelitoral.com.ar\/%77%70%2d%63%6f%6e%74%65%6e%74\/uploads\/2013\/08\/edificio-300x218.jpg 300w, https:\/\/informelitoral.com.ar\/%77%70%2d%63%6f%6e%74%65%6e%74\/uploads\/2013\/08\/edificio.jpg 960w\" sizes=\"auto, (max-width: 300px) 100vw, 300px\" \/><\/p>\n<p>&nbsp;<\/p>\n<p>&nbsp;<\/p>\n<p>&nbsp;<\/p>\n<p>El 3 de Diciembre de 1963 mediante la resoluci\u00f3n N\u00b0 910 del Concejo General de Educaci\u00f3n, bajo expediente 3-33-54 N\u00b0 79605 del 13 de noviembre del mismo a\u00f1o, se aprob\u00f3 la solicitud del beneficio de la Ley 3.841 a la Cooperadora, para construir el local propio del establecimiento escolar. \u00a0El mismo tendr\u00eda dos aulas, galer\u00eda y dos ba\u00f1os. Tambi\u00e9n contar\u00eda con casa para la direcci\u00f3n del establecimiento, con tres habitaciones, porch, cocina y ba\u00f1o.<\/p>\n<p>La contadur\u00eda del\u00a0C.G.E concedi\u00f3 a la la Cooperadora Escolar 244.000 mil pesos (moneda nacional) para la obra, y ya se contaba con $68.000 depositados en la sucursal del Banco de Entre R\u00edos de Crespo, por lo que se debi\u00f3 luego rendir a Contadur\u00eda $312.000.<\/p>\n<p>El 27 de noviembre de 1964 el presidente de Cooperadora Escolar \u00a0<strong>Roberto Schmidt<\/strong>, el secretario<strong> Eduardo Schmidt<\/strong> y tesorero<strong> Alberto Hetze,<\/strong> le pidieron al director de la instituci\u00f3n <strong>Idelfonso Zapata<\/strong>, que intervenga para que se ampl\u00eden los montos de los fondos solicitados al C.G.E, porque debido\u00a0a la suba en los costos\u00a0de materiales, no se pod\u00eda finalizar con la obra de la casa habitaci\u00f3n.<\/p>\n<p>El 8 de marzo de 1965 se\u00a0contrat\u00f3 a\u00a0<strong>David Elvig<\/strong>\u00a0para hacer revoques interiores y exteriores de las aulas, colocar cielorraso, pisos y hacer veredas, con un presupuesto de $54.000.<\/p>\n<p><img loading=\"lazy\" decoding=\"async\" class=\"size-medium wp-image-2984 alignright\" title=\"En los \u00faltimos tiempos se construy\u00f3 un tinglado, para realizar las distintas celebraciones.\" alt=\"\" src=\"http:\/\/www.isletasnoticias.com.ar\/%77%70%2d%63%6f%6e%74%65%6e%74\/uploads\/2013\/08\/techo-300x225.jpg\" width=\"300\" height=\"225\" srcset=\"https:\/\/informelitoral.com.ar\/%77%70%2d%63%6f%6e%74%65%6e%74\/uploads\/2013\/08\/techo-300x225.jpg 300w, https:\/\/informelitoral.com.ar\/%77%70%2d%63%6f%6e%74%65%6e%74\/uploads\/2013\/08\/techo.jpg 960w\" sizes=\"auto, (max-width: 300px) 100vw, 300px\" \/><\/p>\n<p>Finalmente, el 2 de Agosto de 1965 se recibi\u00f3 una nota de aprobaci\u00f3n del nuevo edificio.<\/p>\n<p>El 4 de Noviembre de 1965 se hizo entrega a \u00a0<strong>Alejandro Lungrin<\/strong> del edificio que ocupaba hasta ese momento la Escuela, el cual contaba con tres piezas y por las mejoras hechas en ellas, quedaba sin efecto el pago de alquiler de ese mes.<\/p>\n<p>A comienzos de 1966, comenz\u00f3 a funcionar el nuevo edificio escolar en el lugar que ocupa actualmente la instituci\u00f3n.<\/p>\n","protected":false},"excerpt":{"rendered":"<p>Como ya lo ven&iacute;amos informando, el pr&oacute;ximo domingo 1 de septiembre, la Escuela &nbsp;N&deg; 33 Nicol&aacute;s Avellaneda de Isletas, festejar&aacute; su 75&deg; aniversario, junto a la segunda edici&oacute;n de la Fiesta del Tambero. Seg&uacute;n coment&oacute; a ISLETAS NOTICIAS, la directora de la instituci&oacute;n, Norma Morales,&nbsp;esperan la presencia de autoridades locales, departamentales y provinciales. &nbsp; &nbsp;Breve [&hellip;]<\/p>\n","protected":false},"author":2,"featured_media":0,"comment_status":"open","ping_status":"open","sticky":false,"template":"","format":"standard","meta":{"fifu_image_url":"","fifu_image_alt":"","footnotes":""},"categories":[4,9],"tags":[],"class_list":{"0":"post-2981","1":"post","2":"type-post","3":"status-publish","4":"format-standard","6":"category-locales","7":"category-sociedad"},"yoast_head":"<title>Breve historia de la Escuela N\u00b0 33 de Isletas, a 75 a\u00f1os de su fundaci\u00f3n  - Informe Litoral<\/title>\n<meta name=\"robots\" content=\"index, follow, max-snippet:-1, max-image-preview:large, max-video-preview:-1\" \/>\n<link rel=\"canonical\" href=\"https:\/\/informelitoral.com.ar\/breve-historia-de-la-escuela-n-33-de-isletas-a-75-anos-de-su-fundacion\/\" \/>\n<meta property=\"og:locale\" content=\"es_ES\" \/>\n<meta property=\"og:type\" content=\"article\" \/>\n<meta property=\"og:title\" content=\"Breve historia de la Escuela N\u00b0 33 de Isletas, a 75 a\u00f1os de su fundaci\u00f3n  - Informe Litoral\" \/>\n<meta property=\"og:description\" content=\"Como ya lo ven&iacute;amos informando, el pr&oacute;ximo domingo 1 de septiembre, la Escuela &nbsp;N&deg; 33 Nicol&aacute;s Avellaneda de Isletas, festejar&aacute; su 75&deg; aniversario, junto a la segunda edici&oacute;n de la Fiesta del Tambero. Seg&uacute;n coment&oacute; a ISLETAS NOTICIAS, la directora de la instituci&oacute;n, Norma Morales,&nbsp;esperan la presencia de autoridades locales, departamentales y provinciales. &nbsp; &nbsp;Breve [&hellip;]\" \/>\n<meta property=\"og:url\" content=\"https:\/\/informelitoral.com.ar\/breve-historia-de-la-escuela-n-33-de-isletas-a-75-anos-de-su-fundacion\/\" \/>\n<meta property=\"og:site_name\" content=\"Informe Litoral\" \/>\n<meta property=\"article:publisher\" content=\"https:\/\/www.facebook.com\/informelitoral\/\" \/>\n<meta property=\"article:published_time\" content=\"2013-08-29T02:02:09+00:00\" \/>\n<meta property=\"article:modified_time\" content=\"2013-08-29T02:15:06+00:00\" \/>\n<meta property=\"og:image\" content=\"https:\/\/informelitoral.com.ar\/%77%70%2d%63%6f%6e%74%65%6e%74\/uploads\/2013\/08\/escuela-1.jpg\" \/>\n\t<meta property=\"og:image:width\" content=\"960\" \/>\n\t<meta property=\"og:image:height\" content=\"720\" \/>\n\t<meta property=\"og:image:type\" content=\"image\/jpeg\" \/>\n<meta name=\"author\" content=\"Gonzalo Schmidt\" \/>\n<meta name=\"twitter:card\" content=\"summary_large_image\" \/>\n<meta name=\"twitter:creator\" content=\"@InformeLitoral\" \/>\n<meta name=\"twitter:site\" content=\"@InformeLitoral\" \/>\n<meta name=\"twitter:label1\" content=\"Escrito por\" \/>\n\t<meta name=\"twitter:data1\" content=\"Gonzalo Schmidt\" \/>\n\t<meta name=\"twitter:label2\" content=\"Tiempo de lectura\" \/>\n\t<meta name=\"twitter:data2\" content=\"3 minutos\" \/>\n<script type=\"application\/ld+json\" class=\"yoast-schema-graph\">{\"@context\":\"https:\\\/\\\/schema.org\",\"@graph\":[{\"@type\":\"Article\",\"@id\":\"https:\\\/\\\/informelitoral.com.ar\\\/breve-historia-de-la-escuela-n-33-de-isletas-a-75-anos-de-su-fundacion\\\/#article\",\"isPartOf\":{\"@id\":\"https:\\\/\\\/informelitoral.com.ar\\\/breve-historia-de-la-escuela-n-33-de-isletas-a-75-anos-de-su-fundacion\\\/\"},\"author\":{\"name\":\"Gonzalo Schmidt\",\"@id\":\"https:\\\/\\\/informelitoral.com.ar\\\/#\\\/schema\\\/person\\\/b9d00407c836482871ef1d57bf8e3180\"},\"headline\":\"Breve historia de la Escuela N\u00b0 33 de Isletas, a 75 a\u00f1os de su fundaci\u00f3n\",\"datePublished\":\"2013-08-29T02:02:09+00:00\",\"dateModified\":\"2013-08-29T02:15:06+00:00\",\"mainEntityOfPage\":{\"@id\":\"https:\\\/\\\/informelitoral.com.ar\\\/breve-historia-de-la-escuela-n-33-de-isletas-a-75-anos-de-su-fundacion\\\/\"},\"wordCount\":529,\"commentCount\":0,\"publisher\":{\"@id\":\"https:\\\/\\\/informelitoral.com.ar\\\/#organization\"},\"image\":{\"@id\":\"https:\\\/\\\/informelitoral.com.ar\\\/breve-historia-de-la-escuela-n-33-de-isletas-a-75-anos-de-su-fundacion\\\/#primaryimage\"},\"thumbnailUrl\":\"http:\\\/\\\/www.isletasnoticias.com.ar\\\/%77%70%2d%63%6f%6e%74%65%6e%74\\\/uploads\\\/2013\\\/08\\\/escuela-1-300x225.jpg\",\"articleSection\":[\"Isletas\",\"Sociedad\"],\"inLanguage\":\"es\",\"potentialAction\":[{\"@type\":\"CommentAction\",\"name\":\"Comment\",\"target\":[\"https:\\\/\\\/informelitoral.com.ar\\\/breve-historia-de-la-escuela-n-33-de-isletas-a-75-anos-de-su-fundacion\\\/#respond\"]}]},{\"@type\":\"WebPage\",\"@id\":\"https:\\\/\\\/informelitoral.com.ar\\\/breve-historia-de-la-escuela-n-33-de-isletas-a-75-anos-de-su-fundacion\\\/\",\"url\":\"https:\\\/\\\/informelitoral.com.ar\\\/breve-historia-de-la-escuela-n-33-de-isletas-a-75-anos-de-su-fundacion\\\/\",\"name\":\"Breve historia de la Escuela N\u00b0 33 de Isletas, a 75 a\u00f1os de su fundaci\u00f3n - Informe Litoral\",\"isPartOf\":{\"@id\":\"https:\\\/\\\/informelitoral.com.ar\\\/#website\"},\"primaryImageOfPage\":{\"@id\":\"https:\\\/\\\/informelitoral.com.ar\\\/breve-historia-de-la-escuela-n-33-de-isletas-a-75-anos-de-su-fundacion\\\/#primaryimage\"},\"image\":{\"@id\":\"https:\\\/\\\/informelitoral.com.ar\\\/breve-historia-de-la-escuela-n-33-de-isletas-a-75-anos-de-su-fundacion\\\/#primaryimage\"},\"thumbnailUrl\":\"http:\\\/\\\/www.isletasnoticias.com.ar\\\/%77%70%2d%63%6f%6e%74%65%6e%74\\\/uploads\\\/2013\\\/08\\\/escuela-1-300x225.jpg\",\"datePublished\":\"2013-08-29T02:02:09+00:00\",\"dateModified\":\"2013-08-29T02:15:06+00:00\",\"breadcrumb\":{\"@id\":\"https:\\\/\\\/informelitoral.com.ar\\\/breve-historia-de-la-escuela-n-33-de-isletas-a-75-anos-de-su-fundacion\\\/#breadcrumb\"},\"inLanguage\":\"es\",\"potentialAction\":[{\"@type\":\"ReadAction\",\"target\":[\"https:\\\/\\\/informelitoral.com.ar\\\/breve-historia-de-la-escuela-n-33-de-isletas-a-75-anos-de-su-fundacion\\\/\"]}]},{\"@type\":\"ImageObject\",\"inLanguage\":\"es\",\"@id\":\"https:\\\/\\\/informelitoral.com.ar\\\/breve-historia-de-la-escuela-n-33-de-isletas-a-75-anos-de-su-fundacion\\\/#primaryimage\",\"url\":\"http:\\\/\\\/www.isletasnoticias.com.ar\\\/%77%70%2d%63%6f%6e%74%65%6e%74\\\/uploads\\\/2013\\\/08\\\/escuela-1-300x225.jpg\",\"contentUrl\":\"http:\\\/\\\/www.isletasnoticias.com.ar\\\/%77%70%2d%63%6f%6e%74%65%6e%74\\\/uploads\\\/2013\\\/08\\\/escuela-1-300x225.jpg\"},{\"@type\":\"BreadcrumbList\",\"@id\":\"https:\\\/\\\/informelitoral.com.ar\\\/breve-historia-de-la-escuela-n-33-de-isletas-a-75-anos-de-su-fundacion\\\/#breadcrumb\",\"itemListElement\":[{\"@type\":\"ListItem\",\"position\":1,\"name\":\"Portada\",\"item\":\"https:\\\/\\\/informelitoral.com.ar\\\/\"},{\"@type\":\"ListItem\",\"position\":2,\"name\":\"Breve historia de la Escuela N\u00b0 33 de Isletas, a 75 a\u00f1os de su fundaci\u00f3n\"}]},{\"@type\":\"WebSite\",\"@id\":\"https:\\\/\\\/informelitoral.com.ar\\\/#website\",\"url\":\"https:\\\/\\\/informelitoral.com.ar\\\/\",\"name\":\"Informe Litoral\",\"description\":\"&quot;Nos informamos&quot; \",\"publisher\":{\"@id\":\"https:\\\/\\\/informelitoral.com.ar\\\/#organization\"},\"potentialAction\":[{\"@type\":\"SearchAction\",\"target\":{\"@type\":\"EntryPoint\",\"urlTemplate\":\"https:\\\/\\\/informelitoral.com.ar\\\/?s={search_term_string}\"},\"query-input\":{\"@type\":\"PropertyValueSpecification\",\"valueRequired\":true,\"valueName\":\"search_term_string\"}}],\"inLanguage\":\"es\"},{\"@type\":\"Organization\",\"@id\":\"https:\\\/\\\/informelitoral.com.ar\\\/#organization\",\"name\":\"Informe Litoral\",\"url\":\"https:\\\/\\\/informelitoral.com.ar\\\/\",\"logo\":{\"@type\":\"ImageObject\",\"inLanguage\":\"es\",\"@id\":\"https:\\\/\\\/informelitoral.com.ar\\\/#\\\/schema\\\/logo\\\/image\\\/\",\"url\":\"https:\\\/\\\/informelitoral.com.ar\\\/%77%70%2d%63%6f%6e%74%65%6e%74\\\/uploads\\\/2021\\\/01\\\/circulo.png\",\"contentUrl\":\"https:\\\/\\\/informelitoral.com.ar\\\/%77%70%2d%63%6f%6e%74%65%6e%74\\\/uploads\\\/2021\\\/01\\\/circulo.png\",\"width\":723,\"height\":731,\"caption\":\"Informe Litoral\"},\"image\":{\"@id\":\"https:\\\/\\\/informelitoral.com.ar\\\/#\\\/schema\\\/logo\\\/image\\\/\"},\"sameAs\":[\"https:\\\/\\\/www.facebook.com\\\/informelitoral\\\/\",\"https:\\\/\\\/x.com\\\/InformeLitoral\",\"https:\\\/\\\/www.instagram.com\\\/informelitoral\\\/\",\"https:\\\/\\\/www.youtube.com\\\/channel\\\/UCua4Qvz8Icb6MYqhoq9xLXw\"]},{\"@type\":\"Person\",\"@id\":\"https:\\\/\\\/informelitoral.com.ar\\\/#\\\/schema\\\/person\\\/b9d00407c836482871ef1d57bf8e3180\",\"name\":\"Gonzalo Schmidt\",\"image\":{\"@type\":\"ImageObject\",\"inLanguage\":\"es\",\"@id\":\"https:\\\/\\\/secure.gravatar.com\\\/avatar\\\/31a1a7b66ff2de83bd0e9fd79d026630d2d99e55e8bfe501287647b4fd9743de?s=96&d=mm&r=g\",\"url\":\"https:\\\/\\\/secure.gravatar.com\\\/avatar\\\/31a1a7b66ff2de83bd0e9fd79d026630d2d99e55e8bfe501287647b4fd9743de?s=96&d=mm&r=g\",\"contentUrl\":\"https:\\\/\\\/secure.gravatar.com\\\/avatar\\\/31a1a7b66ff2de83bd0e9fd79d026630d2d99e55e8bfe501287647b4fd9743de?s=96&d=mm&r=g\",\"caption\":\"Gonzalo Schmidt\"},\"description\":\"Sitio web de noticias de la provincia de Entre R\u00edos, Argentina. Informaci\u00f3n y entretenimiento. Informe Litoral, nos informamos.\",\"sameAs\":[\"http:\\\/\\\/www.isletasnoticias.com.ar\"],\"url\":\"https:\\\/\\\/informelitoral.com.ar\\\/author\\\/gonzalo\\\/\"}]}<\/script>","yoast_head_json":{"title":"Breve historia de la Escuela N\u00b0 33 de Isletas, a 75 a\u00f1os de su fundaci\u00f3n  - Informe Litoral","robots":{"index":"index","follow":"follow","max-snippet":"max-snippet:-1","max-image-preview":"max-image-preview:large","max-video-preview":"max-video-preview:-1"},"canonical":"https:\/\/informelitoral.com.ar\/breve-historia-de-la-escuela-n-33-de-isletas-a-75-anos-de-su-fundacion\/","og_locale":"es_ES","og_type":"article","og_title":"Breve historia de la Escuela N\u00b0 33 de Isletas, a 75 a\u00f1os de su fundaci\u00f3n  - Informe Litoral","og_description":"Como ya lo ven&iacute;amos informando, el pr&oacute;ximo domingo 1 de septiembre, la Escuela &nbsp;N&deg; 33 Nicol&aacute;s Avellaneda de Isletas, festejar&aacute; su 75&deg; aniversario, junto a la segunda edici&oacute;n de la Fiesta del Tambero. Seg&uacute;n coment&oacute; a ISLETAS NOTICIAS, la directora de la instituci&oacute;n, Norma Morales,&nbsp;esperan la presencia de autoridades locales, departamentales y provinciales. &nbsp; &nbsp;Breve [&hellip;]","og_url":"https:\/\/informelitoral.com.ar\/breve-historia-de-la-escuela-n-33-de-isletas-a-75-anos-de-su-fundacion\/","og_site_name":"Informe Litoral","article_publisher":"https:\/\/www.facebook.com\/informelitoral\/","article_published_time":"2013-08-29T02:02:09+00:00","article_modified_time":"2013-08-29T02:15:06+00:00","og_image":[{"width":960,"height":720,"url":"https:\/\/informelitoral.com.ar\/%77%70%2d%63%6f%6e%74%65%6e%74\/uploads\/2013\/08\/escuela-1.jpg","type":"image\/jpeg"}],"author":"Gonzalo Schmidt","twitter_card":"summary_large_image","twitter_creator":"@InformeLitoral","twitter_site":"@InformeLitoral","twitter_misc":{"Escrito por":"Gonzalo Schmidt","Tiempo de lectura":"3 minutos"},"schema":{"@context":"https:\/\/schema.org","@graph":[{"@type":"Article","@id":"https:\/\/informelitoral.com.ar\/breve-historia-de-la-escuela-n-33-de-isletas-a-75-anos-de-su-fundacion\/#article","isPartOf":{"@id":"https:\/\/informelitoral.com.ar\/breve-historia-de-la-escuela-n-33-de-isletas-a-75-anos-de-su-fundacion\/"},"author":{"name":"Gonzalo Schmidt","@id":"https:\/\/informelitoral.com.ar\/#\/schema\/person\/b9d00407c836482871ef1d57bf8e3180"},"headline":"Breve historia de la Escuela N\u00b0 33 de Isletas, a 75 a\u00f1os de su fundaci\u00f3n","datePublished":"2013-08-29T02:02:09+00:00","dateModified":"2013-08-29T02:15:06+00:00","mainEntityOfPage":{"@id":"https:\/\/informelitoral.com.ar\/breve-historia-de-la-escuela-n-33-de-isletas-a-75-anos-de-su-fundacion\/"},"wordCount":529,"commentCount":0,"publisher":{"@id":"https:\/\/informelitoral.com.ar\/#organization"},"image":{"@id":"https:\/\/informelitoral.com.ar\/breve-historia-de-la-escuela-n-33-de-isletas-a-75-anos-de-su-fundacion\/#primaryimage"},"thumbnailUrl":"http:\/\/www.isletasnoticias.com.ar\/%77%70%2d%63%6f%6e%74%65%6e%74\/uploads\/2013\/08\/escuela-1-300x225.jpg","articleSection":["Isletas","Sociedad"],"inLanguage":"es","potentialAction":[{"@type":"CommentAction","name":"Comment","target":["https:\/\/informelitoral.com.ar\/breve-historia-de-la-escuela-n-33-de-isletas-a-75-anos-de-su-fundacion\/#respond"]}]},{"@type":"WebPage","@id":"https:\/\/informelitoral.com.ar\/breve-historia-de-la-escuela-n-33-de-isletas-a-75-anos-de-su-fundacion\/","url":"https:\/\/informelitoral.com.ar\/breve-historia-de-la-escuela-n-33-de-isletas-a-75-anos-de-su-fundacion\/","name":"Breve historia de la Escuela N\u00b0 33 de Isletas, a 75 a\u00f1os de su fundaci\u00f3n - Informe Litoral","isPartOf":{"@id":"https:\/\/informelitoral.com.ar\/#website"},"primaryImageOfPage":{"@id":"https:\/\/informelitoral.com.ar\/breve-historia-de-la-escuela-n-33-de-isletas-a-75-anos-de-su-fundacion\/#primaryimage"},"image":{"@id":"https:\/\/informelitoral.com.ar\/breve-historia-de-la-escuela-n-33-de-isletas-a-75-anos-de-su-fundacion\/#primaryimage"},"thumbnailUrl":"http:\/\/www.isletasnoticias.com.ar\/%77%70%2d%63%6f%6e%74%65%6e%74\/uploads\/2013\/08\/escuela-1-300x225.jpg","datePublished":"2013-08-29T02:02:09+00:00","dateModified":"2013-08-29T02:15:06+00:00","breadcrumb":{"@id":"https:\/\/informelitoral.com.ar\/breve-historia-de-la-escuela-n-33-de-isletas-a-75-anos-de-su-fundacion\/#breadcrumb"},"inLanguage":"es","potentialAction":[{"@type":"ReadAction","target":["https:\/\/informelitoral.com.ar\/breve-historia-de-la-escuela-n-33-de-isletas-a-75-anos-de-su-fundacion\/"]}]},{"@type":"ImageObject","inLanguage":"es","@id":"https:\/\/informelitoral.com.ar\/breve-historia-de-la-escuela-n-33-de-isletas-a-75-anos-de-su-fundacion\/#primaryimage","url":"http:\/\/www.isletasnoticias.com.ar\/%77%70%2d%63%6f%6e%74%65%6e%74\/uploads\/2013\/08\/escuela-1-300x225.jpg","contentUrl":"http:\/\/www.isletasnoticias.com.ar\/%77%70%2d%63%6f%6e%74%65%6e%74\/uploads\/2013\/08\/escuela-1-300x225.jpg"},{"@type":"BreadcrumbList","@id":"https:\/\/informelitoral.com.ar\/breve-historia-de-la-escuela-n-33-de-isletas-a-75-anos-de-su-fundacion\/#breadcrumb","itemListElement":[{"@type":"ListItem","position":1,"name":"Portada","item":"https:\/\/informelitoral.com.ar\/"},{"@type":"ListItem","position":2,"name":"Breve historia de la Escuela N\u00b0 33 de Isletas, a 75 a\u00f1os de su fundaci\u00f3n"}]},{"@type":"WebSite","@id":"https:\/\/informelitoral.com.ar\/#website","url":"https:\/\/informelitoral.com.ar\/","name":"Informe Litoral","description":"&quot;Nos informamos&quot; ","publisher":{"@id":"https:\/\/informelitoral.com.ar\/#organization"},"potentialAction":[{"@type":"SearchAction","target":{"@type":"EntryPoint","urlTemplate":"https:\/\/informelitoral.com.ar\/?s={search_term_string}"},"query-input":{"@type":"PropertyValueSpecification","valueRequired":true,"valueName":"search_term_string"}}],"inLanguage":"es"},{"@type":"Organization","@id":"https:\/\/informelitoral.com.ar\/#organization","name":"Informe Litoral","url":"https:\/\/informelitoral.com.ar\/","logo":{"@type":"ImageObject","inLanguage":"es","@id":"https:\/\/informelitoral.com.ar\/#\/schema\/logo\/image\/","url":"https:\/\/informelitoral.com.ar\/%77%70%2d%63%6f%6e%74%65%6e%74\/uploads\/2021\/01\/circulo.png","contentUrl":"https:\/\/informelitoral.com.ar\/%77%70%2d%63%6f%6e%74%65%6e%74\/uploads\/2021\/01\/circulo.png","width":723,"height":731,"caption":"Informe Litoral"},"image":{"@id":"https:\/\/informelitoral.com.ar\/#\/schema\/logo\/image\/"},"sameAs":["https:\/\/www.facebook.com\/informelitoral\/","https:\/\/x.com\/InformeLitoral","https:\/\/www.instagram.com\/informelitoral\/","https:\/\/www.youtube.com\/channel\/UCua4Qvz8Icb6MYqhoq9xLXw"]},{"@type":"Person","@id":"https:\/\/informelitoral.com.ar\/#\/schema\/person\/b9d00407c836482871ef1d57bf8e3180","name":"Gonzalo Schmidt","image":{"@type":"ImageObject","inLanguage":"es","@id":"https:\/\/secure.gravatar.com\/avatar\/31a1a7b66ff2de83bd0e9fd79d026630d2d99e55e8bfe501287647b4fd9743de?s=96&d=mm&r=g","url":"https:\/\/secure.gravatar.com\/avatar\/31a1a7b66ff2de83bd0e9fd79d026630d2d99e55e8bfe501287647b4fd9743de?s=96&d=mm&r=g","contentUrl":"https:\/\/secure.gravatar.com\/avatar\/31a1a7b66ff2de83bd0e9fd79d026630d2d99e55e8bfe501287647b4fd9743de?s=96&d=mm&r=g","caption":"Gonzalo Schmidt"},"description":"Sitio web de noticias de la provincia de Entre R\u00edos, Argentina. Informaci\u00f3n y entretenimiento. Informe Litoral, nos informamos.","sameAs":["http:\/\/www.isletasnoticias.com.ar"],"url":"https:\/\/informelitoral.com.ar\/author\/gonzalo\/"}]}},"_links":{"self":[{"href":"https:\/\/informelitoral.com.ar\/%77%70%2d%6a%73%6f%6e\/wp\/v2\/posts\/2981","targetHints":{"allow":["GET"]}}],"collection":[{"href":"https:\/\/informelitoral.com.ar\/%77%70%2d%6a%73%6f%6e\/wp\/v2\/posts"}],"about":[{"href":"https:\/\/informelitoral.com.ar\/%77%70%2d%6a%73%6f%6e\/wp\/v2\/types\/post"}],"author":[{"embeddable":true,"href":"https:\/\/informelitoral.com.ar\/%77%70%2d%6a%73%6f%6e\/wp\/v2\/users\/2"}],"replies":[{"embeddable":true,"href":"https:\/\/informelitoral.com.ar\/%77%70%2d%6a%73%6f%6e\/wp\/v2\/comments?post=2981"}],"version-history":[{"count":0,"href":"https:\/\/informelitoral.com.ar\/%77%70%2d%6a%73%6f%6e\/wp\/v2\/posts\/2981\/revisions"}],"wp:attachment":[{"href":"https:\/\/informelitoral.com.ar\/%77%70%2d%6a%73%6f%6e\/wp\/v2\/media?parent=2981"}],"wp:term":[{"taxonomy":"category","embeddable":true,"href":"https:\/\/informelitoral.com.ar\/%77%70%2d%6a%73%6f%6e\/wp\/v2\/categories?post=2981"},{"taxonomy":"post_tag","embeddable":true,"href":"https:\/\/informelitoral.com.ar\/%77%70%2d%6a%73%6f%6e\/wp\/v2\/tags?post=2981"}],"curies":[{"name":"wp","href":"https:\/\/api.w.org\/{rel}","templated":true}]}}