{"id":29446,"date":"2018-09-07T08:47:05","date_gmt":"2018-09-07T11:47:05","guid":{"rendered":"https:\/\/www.isletasnoticias.com.ar\/?p=29446"},"modified":"2018-09-07T09:01:21","modified_gmt":"2018-09-07T12:01:21","slug":"el-atacante-del-candidato-a-presidente-de-brasil-dijo-que-fue-por-orden-de-dios","status":"publish","type":"post","link":"https:\/\/informelitoral.com.ar\/el-atacante-del-candidato-a-presidente-de-brasil-dijo-que-fue-por-orden-de-dios\/","title":{"rendered":"El atacante del candidato a presidente de Brasil dijo que fue por \u00aborden de Dios\u00bb"},"content":{"rendered":"<div class=\"detail-body\">\n<article id=\"note-body\" class=\"note-body first\" data-twitter-link=\"https:\/\/twitter.com\/intent\/tweet?url=https:\/\/www.minutouno.com\/c3087036&amp;v\u00eda=minutounocom&amp;related=MinutoUno&amp;text=\">\n<div class=\"row\">\n<div class=\"inside-note col-xs-12\">\n<p>El autor de la pu\u00f1alada contra el candidato brasile\u00f1o de ultraderecha <strong>Jair Bolsonaro<\/strong> dijo que actu\u00f3 por \u00abmotivos personales\u00bb y \u00abpor orden de Dios\u00bb, seg\u00fan en el informe de la Polic\u00eda Militar.<\/p>\n<\/div>\n<\/div>\n<\/article>\n<\/div>\n<div class=\"detail-body \">\n<article id=\"note-body\" class=\"note-body\" data-twitter-link=\"https:\/\/twitter.com\/intent\/tweet?url=https:\/\/www.minutouno.com\/c3087036&amp;v\u00eda=minutounocom&amp;related=MinutoUno&amp;text=\">\n<div class=\"row\">\n<div class=\"inside-note col-xs-12\">\n<div id=\"2740734-1942379202_wrap\" class=\"embed_cont type_video no-epigrafe no-copyright\">\n<div id=\"2740734-1942379202_content\" class=\"embed_content\">\n<div id=\"2740734-1942379202_embed\">\n<div id=\"mediaPlayer_2740734-1942379202\"><iframe loading=\"lazy\" src=\"https:\/\/www.minutouno.com\/services\/embed.php?idAdjunto=2740734&amp;idAdjuntoTamano=&amp;width=622&amp;height=351&amp;tipo=video\" width=\"622\" height=\"351\" frameborder=\"0\" scrolling=\"no\" allowfullscreen=\"allowfullscreen\" data-mce-fragment=\"1\"><\/iframe><\/div>\n<\/div>\n<\/div>\n<\/div>\n<p>\u00ab<strong>Nos dijo que el motivo del intento se dio por motivos personales, los cuales no pudimos entender, diciendo tambi\u00e9n en ciertos momentos que fue por orden de Dios<\/strong>\u00ab, explica el informe de la Polic\u00eda Militar de Minas Gerais, divulgado tras el ataque contra el candidato de ultraderecha en Juiz de Fora.<\/p>\n<p>Seg\u00fan la reconstrucci\u00f3n de los hechos, pasadas las 15:00 del jueves, el agresor, identificado como Ad\u00e9lio Bispo de Oliveira, de 40 a\u00f1os de edad,\u00a0<strong>\u00absali\u00f3 de su casa con un cuchillo de uso personal<\/strong>\u00bb para integrarse en la caminata y \u00ab<strong>en el mejor momento que encontrase, atentar contra la vida del candidato<\/strong>\u00ab.<\/p>\n<p>Im\u00e1genes captadas con celulares muestran c\u00f3mo el agresor aprovech\u00f3 el momento en que Bolsonaro, llevado en andas por sus seguidores, pasaba a su lado y le asest\u00f3 una pu\u00f1alada en el abdomen.<a href=\"https:\/\/www.isletasnoticias.com.ar\/%77%70%2d%63%6f%6e%74%65%6e%74\/uploads\/2018\/09\/jair-bolsonaro-se-encuentra-estable-segun-los-ultimos-reportes-363952.jpg\"><img loading=\"lazy\" decoding=\"async\" class=\"aligncenter wp-image-29452 size-full\" src=\"https:\/\/www.isletasnoticias.com.ar\/%77%70%2d%63%6f%6e%74%65%6e%74\/uploads\/2018\/09\/jair-bolsonaro-se-encuentra-estable-segun-los-ultimos-reportes-363952.jpg\" alt=\"\" width=\"840\" height=\"472\" srcset=\"https:\/\/informelitoral.com.ar\/%77%70%2d%63%6f%6e%74%65%6e%74\/uploads\/2018\/09\/jair-bolsonaro-se-encuentra-estable-segun-los-ultimos-reportes-363952.jpg 840w, https:\/\/informelitoral.com.ar\/%77%70%2d%63%6f%6e%74%65%6e%74\/uploads\/2018\/09\/jair-bolsonaro-se-encuentra-estable-segun-los-ultimos-reportes-363952-300x169.jpg 300w, https:\/\/informelitoral.com.ar\/%77%70%2d%63%6f%6e%74%65%6e%74\/uploads\/2018\/09\/jair-bolsonaro-se-encuentra-estable-segun-los-ultimos-reportes-363952-768x432.jpg 768w, https:\/\/informelitoral.com.ar\/%77%70%2d%63%6f%6e%74%65%6e%74\/uploads\/2018\/09\/jair-bolsonaro-se-encuentra-estable-segun-los-ultimos-reportes-363952-696x391.jpg 696w, https:\/\/informelitoral.com.ar\/%77%70%2d%63%6f%6e%74%65%6e%74\/uploads\/2018\/09\/jair-bolsonaro-se-encuentra-estable-segun-los-ultimos-reportes-363952-747x420.jpg 747w\" sizes=\"auto, (max-width: 840px) 100vw, 840px\" \/><\/a><\/p>\n<p>En declaraciones a\u00a0<em>TV Globo<\/em>, el abogado de Bispo de Oliveira, Pedro Augusto Lima Possa, dijo que el agresor le asegur\u00f3 que actu\u00f3\u00a0<strong>\u00abpor motivaciones religiosas, de tipo pol\u00edtico y tambi\u00e9n en relaci\u00f3n al prejuicio que Bolsonaro siempre muestra cuando habla de raza, religi\u00f3n, incluso contra la mujer<\/strong>\u00ab.<\/p>\n<p>Ex capit\u00e1n del Ej\u00e9rcito y diputado federal, Jair Bolsonaro de 63 a\u00f1os, es un admirador de la \u00faltima dictadura militar ocurrida entre 1964 y 1985 y suele lanzar exabruptos racistas, mis\u00f3ginos y hom\u00f3fobos.<\/p>\n<p>Un testigo entrevistado por los agentes dijo que el agresor se aproxim\u00f3 a Bolsonaro \u00abcon el cuchillo enrollado en una de las manos, aparentemente en una camisa de color clara\u00bb.<\/p>\n<p>Tras el ataque, los agentes vieron \u00ab<strong>una gran multitud gritando &#8216;vas a morir&#8217; hacia el agresor, que fue primero reducido y golpeado por los manifestantes<\/strong>\u201d, seg\u00fan se ve en los videos, y luego trasladado a una comisar\u00eda de la Polic\u00eda Federal brasile\u00f1a. <em>(Minutouno)<\/em><\/p>\n<\/div>\n<\/div>\n<\/article>\n<\/div>\n","protected":false},"excerpt":{"rendered":"<p>Acusa a quien lidera las encuestas de nazi y falso cristiano. Dice que el cuchillazo que le aplic\u00f3 cuando se filtr\u00f2 entre la multitud tiene que ver con cuestiones religiosas.<\/p>\n","protected":false},"author":2,"featured_media":29447,"comment_status":"open","ping_status":"open","sticky":false,"template":"","format":"standard","meta":{"fifu_image_url":"","fifu_image_alt":"","footnotes":""},"categories":[8],"tags":[1023,118,1022],"class_list":{"0":"post-29446","1":"post","2":"type-post","3":"status-publish","4":"format-standard","5":"has-post-thumbnail","7":"category-internacionales","8":"tag-adelio-bispo-de-oliveira","9":"tag-brasil","10":"tag-jair-bolsonaro"},"yoast_head":"<title>El atacante del candidato a presidente de Brasil dijo que fue por &quot;orden de Dios&quot; - Informe Litoral<\/title>\n<meta name=\"robots\" content=\"index, follow, max-snippet:-1, max-image-preview:large, max-video-preview:-1\" \/>\n<link rel=\"canonical\" href=\"https:\/\/informelitoral.com.ar\/el-atacante-del-candidato-a-presidente-de-brasil-dijo-que-fue-por-orden-de-dios\/\" \/>\n<meta property=\"og:locale\" content=\"es_ES\" \/>\n<meta property=\"og:type\" content=\"article\" \/>\n<meta property=\"og:title\" content=\"El atacante del candidato a presidente de Brasil dijo que fue por &quot;orden de Dios&quot; - Informe Litoral\" \/>\n<meta property=\"og:description\" content=\"Acusa a quien lidera las encuestas de nazi y falso cristiano. Dice que el cuchillazo que le aplic\u00f3 cuando se filtr\u00f2 entre la multitud tiene que ver con cuestiones religiosas.\" \/>\n<meta property=\"og:url\" content=\"https:\/\/informelitoral.com.ar\/el-atacante-del-candidato-a-presidente-de-brasil-dijo-que-fue-por-orden-de-dios\/\" \/>\n<meta property=\"og:site_name\" content=\"Informe Litoral\" \/>\n<meta property=\"article:publisher\" content=\"https:\/\/www.facebook.com\/informelitoral\/\" \/>\n<meta property=\"article:published_time\" content=\"2018-09-07T11:47:05+00:00\" \/>\n<meta property=\"article:modified_time\" content=\"2018-09-07T12:01:21+00:00\" \/>\n<meta property=\"og:image\" content=\"https:\/\/informelitoral.com.ar\/%77%70%2d%63%6f%6e%74%65%6e%74\/uploads\/2018\/09\/0029400914.jpg\" \/>\n\t<meta property=\"og:image:width\" content=\"1140\" \/>\n\t<meta property=\"og:image:height\" content=\"640\" \/>\n\t<meta property=\"og:image:type\" content=\"image\/jpeg\" \/>\n<meta name=\"author\" content=\"Gonzalo Schmidt\" \/>\n<meta name=\"twitter:card\" content=\"summary_large_image\" \/>\n<meta name=\"twitter:creator\" content=\"@InformeLitoral\" \/>\n<meta name=\"twitter:site\" content=\"@InformeLitoral\" \/>\n<meta name=\"twitter:label1\" content=\"Escrito por\" \/>\n\t<meta name=\"twitter:data1\" content=\"Gonzalo Schmidt\" \/>\n\t<meta name=\"twitter:label2\" content=\"Tiempo de lectura\" \/>\n\t<meta name=\"twitter:data2\" content=\"2 minutos\" \/>\n<script type=\"application\/ld+json\" class=\"yoast-schema-graph\">{\"@context\":\"https:\\\/\\\/schema.org\",\"@graph\":[{\"@type\":\"Article\",\"@id\":\"https:\\\/\\\/informelitoral.com.ar\\\/el-atacante-del-candidato-a-presidente-de-brasil-dijo-que-fue-por-orden-de-dios\\\/#article\",\"isPartOf\":{\"@id\":\"https:\\\/\\\/informelitoral.com.ar\\\/el-atacante-del-candidato-a-presidente-de-brasil-dijo-que-fue-por-orden-de-dios\\\/\"},\"author\":{\"name\":\"Gonzalo Schmidt\",\"@id\":\"https:\\\/\\\/informelitoral.com.ar\\\/#\\\/schema\\\/person\\\/b9d00407c836482871ef1d57bf8e3180\"},\"headline\":\"El atacante del candidato a presidente de Brasil dijo que fue por \u00aborden de Dios\u00bb\",\"datePublished\":\"2018-09-07T11:47:05+00:00\",\"dateModified\":\"2018-09-07T12:01:21+00:00\",\"mainEntityOfPage\":{\"@id\":\"https:\\\/\\\/informelitoral.com.ar\\\/el-atacante-del-candidato-a-presidente-de-brasil-dijo-que-fue-por-orden-de-dios\\\/\"},\"wordCount\":357,\"commentCount\":0,\"publisher\":{\"@id\":\"https:\\\/\\\/informelitoral.com.ar\\\/#organization\"},\"image\":{\"@id\":\"https:\\\/\\\/informelitoral.com.ar\\\/el-atacante-del-candidato-a-presidente-de-brasil-dijo-que-fue-por-orden-de-dios\\\/#primaryimage\"},\"thumbnailUrl\":\"https:\\\/\\\/informelitoral.com.ar\\\/%77%70%2d%63%6f%6e%74%65%6e%74\\\/uploads\\\/2018\\\/09\\\/0029400914.jpg\",\"keywords\":[\"Ad\u00e9lio Bispo de Oliveira\",\"Brasil\",\"Jair Bolsonaro\"],\"articleSection\":[\"Internacionales\"],\"inLanguage\":\"es\",\"potentialAction\":[{\"@type\":\"CommentAction\",\"name\":\"Comment\",\"target\":[\"https:\\\/\\\/informelitoral.com.ar\\\/el-atacante-del-candidato-a-presidente-de-brasil-dijo-que-fue-por-orden-de-dios\\\/#respond\"]}]},{\"@type\":\"WebPage\",\"@id\":\"https:\\\/\\\/informelitoral.com.ar\\\/el-atacante-del-candidato-a-presidente-de-brasil-dijo-que-fue-por-orden-de-dios\\\/\",\"url\":\"https:\\\/\\\/informelitoral.com.ar\\\/el-atacante-del-candidato-a-presidente-de-brasil-dijo-que-fue-por-orden-de-dios\\\/\",\"name\":\"El atacante del candidato a presidente de Brasil dijo que fue por \\\"orden de Dios\\\" - Informe Litoral\",\"isPartOf\":{\"@id\":\"https:\\\/\\\/informelitoral.com.ar\\\/#website\"},\"primaryImageOfPage\":{\"@id\":\"https:\\\/\\\/informelitoral.com.ar\\\/el-atacante-del-candidato-a-presidente-de-brasil-dijo-que-fue-por-orden-de-dios\\\/#primaryimage\"},\"image\":{\"@id\":\"https:\\\/\\\/informelitoral.com.ar\\\/el-atacante-del-candidato-a-presidente-de-brasil-dijo-que-fue-por-orden-de-dios\\\/#primaryimage\"},\"thumbnailUrl\":\"https:\\\/\\\/informelitoral.com.ar\\\/%77%70%2d%63%6f%6e%74%65%6e%74\\\/uploads\\\/2018\\\/09\\\/0029400914.jpg\",\"datePublished\":\"2018-09-07T11:47:05+00:00\",\"dateModified\":\"2018-09-07T12:01:21+00:00\",\"breadcrumb\":{\"@id\":\"https:\\\/\\\/informelitoral.com.ar\\\/el-atacante-del-candidato-a-presidente-de-brasil-dijo-que-fue-por-orden-de-dios\\\/#breadcrumb\"},\"inLanguage\":\"es\",\"potentialAction\":[{\"@type\":\"ReadAction\",\"target\":[\"https:\\\/\\\/informelitoral.com.ar\\\/el-atacante-del-candidato-a-presidente-de-brasil-dijo-que-fue-por-orden-de-dios\\\/\"]}]},{\"@type\":\"ImageObject\",\"inLanguage\":\"es\",\"@id\":\"https:\\\/\\\/informelitoral.com.ar\\\/el-atacante-del-candidato-a-presidente-de-brasil-dijo-que-fue-por-orden-de-dios\\\/#primaryimage\",\"url\":\"https:\\\/\\\/informelitoral.com.ar\\\/%77%70%2d%63%6f%6e%74%65%6e%74\\\/uploads\\\/2018\\\/09\\\/0029400914.jpg\",\"contentUrl\":\"https:\\\/\\\/informelitoral.com.ar\\\/%77%70%2d%63%6f%6e%74%65%6e%74\\\/uploads\\\/2018\\\/09\\\/0029400914.jpg\",\"width\":1140,\"height\":640},{\"@type\":\"BreadcrumbList\",\"@id\":\"https:\\\/\\\/informelitoral.com.ar\\\/el-atacante-del-candidato-a-presidente-de-brasil-dijo-que-fue-por-orden-de-dios\\\/#breadcrumb\",\"itemListElement\":[{\"@type\":\"ListItem\",\"position\":1,\"name\":\"Portada\",\"item\":\"https:\\\/\\\/informelitoral.com.ar\\\/\"},{\"@type\":\"ListItem\",\"position\":2,\"name\":\"El atacante del candidato a presidente de Brasil dijo que fue por \u00aborden de Dios\u00bb\"}]},{\"@type\":\"WebSite\",\"@id\":\"https:\\\/\\\/informelitoral.com.ar\\\/#website\",\"url\":\"https:\\\/\\\/informelitoral.com.ar\\\/\",\"name\":\"Informe Litoral\",\"description\":\"&quot;Nos informamos&quot; \",\"publisher\":{\"@id\":\"https:\\\/\\\/informelitoral.com.ar\\\/#organization\"},\"potentialAction\":[{\"@type\":\"SearchAction\",\"target\":{\"@type\":\"EntryPoint\",\"urlTemplate\":\"https:\\\/\\\/informelitoral.com.ar\\\/?s={search_term_string}\"},\"query-input\":{\"@type\":\"PropertyValueSpecification\",\"valueRequired\":true,\"valueName\":\"search_term_string\"}}],\"inLanguage\":\"es\"},{\"@type\":\"Organization\",\"@id\":\"https:\\\/\\\/informelitoral.com.ar\\\/#organization\",\"name\":\"Informe Litoral\",\"url\":\"https:\\\/\\\/informelitoral.com.ar\\\/\",\"logo\":{\"@type\":\"ImageObject\",\"inLanguage\":\"es\",\"@id\":\"https:\\\/\\\/informelitoral.com.ar\\\/#\\\/schema\\\/logo\\\/image\\\/\",\"url\":\"https:\\\/\\\/informelitoral.com.ar\\\/%77%70%2d%63%6f%6e%74%65%6e%74\\\/uploads\\\/2021\\\/01\\\/circulo.png\",\"contentUrl\":\"https:\\\/\\\/informelitoral.com.ar\\\/%77%70%2d%63%6f%6e%74%65%6e%74\\\/uploads\\\/2021\\\/01\\\/circulo.png\",\"width\":723,\"height\":731,\"caption\":\"Informe Litoral\"},\"image\":{\"@id\":\"https:\\\/\\\/informelitoral.com.ar\\\/#\\\/schema\\\/logo\\\/image\\\/\"},\"sameAs\":[\"https:\\\/\\\/www.facebook.com\\\/informelitoral\\\/\",\"https:\\\/\\\/x.com\\\/InformeLitoral\",\"https:\\\/\\\/www.instagram.com\\\/informelitoral\\\/\",\"https:\\\/\\\/www.youtube.com\\\/channel\\\/UCua4Qvz8Icb6MYqhoq9xLXw\"]},{\"@type\":\"Person\",\"@id\":\"https:\\\/\\\/informelitoral.com.ar\\\/#\\\/schema\\\/person\\\/b9d00407c836482871ef1d57bf8e3180\",\"name\":\"Gonzalo Schmidt\",\"image\":{\"@type\":\"ImageObject\",\"inLanguage\":\"es\",\"@id\":\"https:\\\/\\\/secure.gravatar.com\\\/avatar\\\/31a1a7b66ff2de83bd0e9fd79d026630d2d99e55e8bfe501287647b4fd9743de?s=96&d=mm&r=g\",\"url\":\"https:\\\/\\\/secure.gravatar.com\\\/avatar\\\/31a1a7b66ff2de83bd0e9fd79d026630d2d99e55e8bfe501287647b4fd9743de?s=96&d=mm&r=g\",\"contentUrl\":\"https:\\\/\\\/secure.gravatar.com\\\/avatar\\\/31a1a7b66ff2de83bd0e9fd79d026630d2d99e55e8bfe501287647b4fd9743de?s=96&d=mm&r=g\",\"caption\":\"Gonzalo Schmidt\"},\"description\":\"Sitio web de noticias de la provincia de Entre R\u00edos, Argentina. Informaci\u00f3n y entretenimiento. Informe Litoral, nos informamos.\",\"sameAs\":[\"http:\\\/\\\/www.isletasnoticias.com.ar\"],\"url\":\"https:\\\/\\\/informelitoral.com.ar\\\/author\\\/gonzalo\\\/\"}]}<\/script>","yoast_head_json":{"title":"El atacante del candidato a presidente de Brasil dijo que fue por \"orden de Dios\" - Informe Litoral","robots":{"index":"index","follow":"follow","max-snippet":"max-snippet:-1","max-image-preview":"max-image-preview:large","max-video-preview":"max-video-preview:-1"},"canonical":"https:\/\/informelitoral.com.ar\/el-atacante-del-candidato-a-presidente-de-brasil-dijo-que-fue-por-orden-de-dios\/","og_locale":"es_ES","og_type":"article","og_title":"El atacante del candidato a presidente de Brasil dijo que fue por \"orden de Dios\" - Informe Litoral","og_description":"Acusa a quien lidera las encuestas de nazi y falso cristiano. Dice que el cuchillazo que le aplic\u00f3 cuando se filtr\u00f2 entre la multitud tiene que ver con cuestiones religiosas.","og_url":"https:\/\/informelitoral.com.ar\/el-atacante-del-candidato-a-presidente-de-brasil-dijo-que-fue-por-orden-de-dios\/","og_site_name":"Informe Litoral","article_publisher":"https:\/\/www.facebook.com\/informelitoral\/","article_published_time":"2018-09-07T11:47:05+00:00","article_modified_time":"2018-09-07T12:01:21+00:00","og_image":[{"width":1140,"height":640,"url":"https:\/\/informelitoral.com.ar\/%77%70%2d%63%6f%6e%74%65%6e%74\/uploads\/2018\/09\/0029400914.jpg","type":"image\/jpeg"}],"author":"Gonzalo Schmidt","twitter_card":"summary_large_image","twitter_creator":"@InformeLitoral","twitter_site":"@InformeLitoral","twitter_misc":{"Escrito por":"Gonzalo Schmidt","Tiempo de lectura":"2 minutos"},"schema":{"@context":"https:\/\/schema.org","@graph":[{"@type":"Article","@id":"https:\/\/informelitoral.com.ar\/el-atacante-del-candidato-a-presidente-de-brasil-dijo-que-fue-por-orden-de-dios\/#article","isPartOf":{"@id":"https:\/\/informelitoral.com.ar\/el-atacante-del-candidato-a-presidente-de-brasil-dijo-que-fue-por-orden-de-dios\/"},"author":{"name":"Gonzalo Schmidt","@id":"https:\/\/informelitoral.com.ar\/#\/schema\/person\/b9d00407c836482871ef1d57bf8e3180"},"headline":"El atacante del candidato a presidente de Brasil dijo que fue por \u00aborden de Dios\u00bb","datePublished":"2018-09-07T11:47:05+00:00","dateModified":"2018-09-07T12:01:21+00:00","mainEntityOfPage":{"@id":"https:\/\/informelitoral.com.ar\/el-atacante-del-candidato-a-presidente-de-brasil-dijo-que-fue-por-orden-de-dios\/"},"wordCount":357,"commentCount":0,"publisher":{"@id":"https:\/\/informelitoral.com.ar\/#organization"},"image":{"@id":"https:\/\/informelitoral.com.ar\/el-atacante-del-candidato-a-presidente-de-brasil-dijo-que-fue-por-orden-de-dios\/#primaryimage"},"thumbnailUrl":"https:\/\/informelitoral.com.ar\/%77%70%2d%63%6f%6e%74%65%6e%74\/uploads\/2018\/09\/0029400914.jpg","keywords":["Ad\u00e9lio Bispo de Oliveira","Brasil","Jair Bolsonaro"],"articleSection":["Internacionales"],"inLanguage":"es","potentialAction":[{"@type":"CommentAction","name":"Comment","target":["https:\/\/informelitoral.com.ar\/el-atacante-del-candidato-a-presidente-de-brasil-dijo-que-fue-por-orden-de-dios\/#respond"]}]},{"@type":"WebPage","@id":"https:\/\/informelitoral.com.ar\/el-atacante-del-candidato-a-presidente-de-brasil-dijo-que-fue-por-orden-de-dios\/","url":"https:\/\/informelitoral.com.ar\/el-atacante-del-candidato-a-presidente-de-brasil-dijo-que-fue-por-orden-de-dios\/","name":"El atacante del candidato a presidente de Brasil dijo que fue por \"orden de Dios\" - Informe Litoral","isPartOf":{"@id":"https:\/\/informelitoral.com.ar\/#website"},"primaryImageOfPage":{"@id":"https:\/\/informelitoral.com.ar\/el-atacante-del-candidato-a-presidente-de-brasil-dijo-que-fue-por-orden-de-dios\/#primaryimage"},"image":{"@id":"https:\/\/informelitoral.com.ar\/el-atacante-del-candidato-a-presidente-de-brasil-dijo-que-fue-por-orden-de-dios\/#primaryimage"},"thumbnailUrl":"https:\/\/informelitoral.com.ar\/%77%70%2d%63%6f%6e%74%65%6e%74\/uploads\/2018\/09\/0029400914.jpg","datePublished":"2018-09-07T11:47:05+00:00","dateModified":"2018-09-07T12:01:21+00:00","breadcrumb":{"@id":"https:\/\/informelitoral.com.ar\/el-atacante-del-candidato-a-presidente-de-brasil-dijo-que-fue-por-orden-de-dios\/#breadcrumb"},"inLanguage":"es","potentialAction":[{"@type":"ReadAction","target":["https:\/\/informelitoral.com.ar\/el-atacante-del-candidato-a-presidente-de-brasil-dijo-que-fue-por-orden-de-dios\/"]}]},{"@type":"ImageObject","inLanguage":"es","@id":"https:\/\/informelitoral.com.ar\/el-atacante-del-candidato-a-presidente-de-brasil-dijo-que-fue-por-orden-de-dios\/#primaryimage","url":"https:\/\/informelitoral.com.ar\/%77%70%2d%63%6f%6e%74%65%6e%74\/uploads\/2018\/09\/0029400914.jpg","contentUrl":"https:\/\/informelitoral.com.ar\/%77%70%2d%63%6f%6e%74%65%6e%74\/uploads\/2018\/09\/0029400914.jpg","width":1140,"height":640},{"@type":"BreadcrumbList","@id":"https:\/\/informelitoral.com.ar\/el-atacante-del-candidato-a-presidente-de-brasil-dijo-que-fue-por-orden-de-dios\/#breadcrumb","itemListElement":[{"@type":"ListItem","position":1,"name":"Portada","item":"https:\/\/informelitoral.com.ar\/"},{"@type":"ListItem","position":2,"name":"El atacante del candidato a presidente de Brasil dijo que fue por \u00aborden de Dios\u00bb"}]},{"@type":"WebSite","@id":"https:\/\/informelitoral.com.ar\/#website","url":"https:\/\/informelitoral.com.ar\/","name":"Informe Litoral","description":"&quot;Nos informamos&quot; ","publisher":{"@id":"https:\/\/informelitoral.com.ar\/#organization"},"potentialAction":[{"@type":"SearchAction","target":{"@type":"EntryPoint","urlTemplate":"https:\/\/informelitoral.com.ar\/?s={search_term_string}"},"query-input":{"@type":"PropertyValueSpecification","valueRequired":true,"valueName":"search_term_string"}}],"inLanguage":"es"},{"@type":"Organization","@id":"https:\/\/informelitoral.com.ar\/#organization","name":"Informe Litoral","url":"https:\/\/informelitoral.com.ar\/","logo":{"@type":"ImageObject","inLanguage":"es","@id":"https:\/\/informelitoral.com.ar\/#\/schema\/logo\/image\/","url":"https:\/\/informelitoral.com.ar\/%77%70%2d%63%6f%6e%74%65%6e%74\/uploads\/2021\/01\/circulo.png","contentUrl":"https:\/\/informelitoral.com.ar\/%77%70%2d%63%6f%6e%74%65%6e%74\/uploads\/2021\/01\/circulo.png","width":723,"height":731,"caption":"Informe Litoral"},"image":{"@id":"https:\/\/informelitoral.com.ar\/#\/schema\/logo\/image\/"},"sameAs":["https:\/\/www.facebook.com\/informelitoral\/","https:\/\/x.com\/InformeLitoral","https:\/\/www.instagram.com\/informelitoral\/","https:\/\/www.youtube.com\/channel\/UCua4Qvz8Icb6MYqhoq9xLXw"]},{"@type":"Person","@id":"https:\/\/informelitoral.com.ar\/#\/schema\/person\/b9d00407c836482871ef1d57bf8e3180","name":"Gonzalo Schmidt","image":{"@type":"ImageObject","inLanguage":"es","@id":"https:\/\/secure.gravatar.com\/avatar\/31a1a7b66ff2de83bd0e9fd79d026630d2d99e55e8bfe501287647b4fd9743de?s=96&d=mm&r=g","url":"https:\/\/secure.gravatar.com\/avatar\/31a1a7b66ff2de83bd0e9fd79d026630d2d99e55e8bfe501287647b4fd9743de?s=96&d=mm&r=g","contentUrl":"https:\/\/secure.gravatar.com\/avatar\/31a1a7b66ff2de83bd0e9fd79d026630d2d99e55e8bfe501287647b4fd9743de?s=96&d=mm&r=g","caption":"Gonzalo Schmidt"},"description":"Sitio web de noticias de la provincia de Entre R\u00edos, Argentina. Informaci\u00f3n y entretenimiento. Informe Litoral, nos informamos.","sameAs":["http:\/\/www.isletasnoticias.com.ar"],"url":"https:\/\/informelitoral.com.ar\/author\/gonzalo\/"}]}},"_links":{"self":[{"href":"https:\/\/informelitoral.com.ar\/%77%70%2d%6a%73%6f%6e\/wp\/v2\/posts\/29446","targetHints":{"allow":["GET"]}}],"collection":[{"href":"https:\/\/informelitoral.com.ar\/%77%70%2d%6a%73%6f%6e\/wp\/v2\/posts"}],"about":[{"href":"https:\/\/informelitoral.com.ar\/%77%70%2d%6a%73%6f%6e\/wp\/v2\/types\/post"}],"author":[{"embeddable":true,"href":"https:\/\/informelitoral.com.ar\/%77%70%2d%6a%73%6f%6e\/wp\/v2\/users\/2"}],"replies":[{"embeddable":true,"href":"https:\/\/informelitoral.com.ar\/%77%70%2d%6a%73%6f%6e\/wp\/v2\/comments?post=29446"}],"version-history":[{"count":0,"href":"https:\/\/informelitoral.com.ar\/%77%70%2d%6a%73%6f%6e\/wp\/v2\/posts\/29446\/revisions"}],"wp:featuredmedia":[{"embeddable":true,"href":"https:\/\/informelitoral.com.ar\/%77%70%2d%6a%73%6f%6e\/wp\/v2\/media\/29447"}],"wp:attachment":[{"href":"https:\/\/informelitoral.com.ar\/%77%70%2d%6a%73%6f%6e\/wp\/v2\/media?parent=29446"}],"wp:term":[{"taxonomy":"category","embeddable":true,"href":"https:\/\/informelitoral.com.ar\/%77%70%2d%6a%73%6f%6e\/wp\/v2\/categories?post=29446"},{"taxonomy":"post_tag","embeddable":true,"href":"https:\/\/informelitoral.com.ar\/%77%70%2d%6a%73%6f%6e\/wp\/v2\/tags?post=29446"}],"curies":[{"name":"wp","href":"https:\/\/api.w.org\/{rel}","templated":true}]}}