{"id":29130,"date":"2018-08-24T05:05:39","date_gmt":"2018-08-24T08:05:39","guid":{"rendered":"https:\/\/www.isletasnoticias.com.ar\/?p=29130"},"modified":"2018-08-24T10:13:36","modified_gmt":"2018-08-24T13:13:36","slug":"segui-realizaron-una-conferencia-nuevos-modelos-de-familia-cambios-y-valores","status":"publish","type":"post","link":"https:\/\/informelitoral.com.ar\/segui-realizaron-una-conferencia-nuevos-modelos-de-familia-cambios-y-valores\/","title":{"rendered":"Segu\u00ed: realizaron una conferencia \u201cNuevos modelos de familia, cambios y valores\u201d"},"content":{"rendered":"<p>Asistieron en esta ocasi\u00f3n 16 integrantes del <em><strong>Grupos de Damas \u201cEl Despertar\u201d<\/strong><\/em> de <strong>Cooperativa La Ganadera de General Ram\u00edrez Limitada<\/strong>, al evento organizado por las Mujeres Activas de la Cooperativa de Servicios P\u00fablicos de General Jos\u00e9 de San Mart\u00edn. El objetivo de la actividad fue <strong>recaudar productos de limpieza, higiene personal,<\/strong> entre otros, a beneficio del <strong>Hospital Lister<\/strong> de la localidad y en el marco de los festejos de \u201c50 a\u00f1os\u201d de <strong>Cooperativa General Jos\u00e9 de San Mart\u00edn.<\/strong><\/p>\n<p>Algunos de los<strong> temas abordados<\/strong> por el disertante fueron: los valores, herramientas para enfrentar las situaciones que se nos presenten y c\u00f3mo establecer l\u00edmites. Este destac\u00f3 que lleva adelante un programa para la familia donde se desarrollan en profundidad los conceptos mencionados, brindando ejemplos y comparando \u201cel rol de los padres\u201d hace 10 a\u00f1os atr\u00e1s y en la actualidad.<\/p>\n<p>Al finalizar la charla-debate las organizadoras agradecieron a los asistentes por compartir ese momento y colaborar con la instituci\u00f3n; destacaron adem\u00e1s que la actividad y los temas abordados fueron muy productivos.<\/p>\n","protected":false},"excerpt":{"rendered":"<p>El pasado mi\u00e9rcoles 15 de agosto en el Centro recreativo Belgrano de Segu\u00ed, se llev\u00f3 a cabo una conferencia abierta a la comunidad titulada \u201cNuevos modelos de familia, cambios y valores\u201d, la cual estuvo a cargo del T\u00e9cnico Universitario en Adicciones Luis Trossero.<\/p>\n","protected":false},"author":2,"featured_media":29131,"comment_status":"open","ping_status":"open","sticky":false,"template":"","format":"standard","meta":{"fifu_image_url":"","fifu_image_alt":"","footnotes":""},"categories":[9],"tags":[945,946,42,27,944,947],"class_list":{"0":"post-29130","1":"post","2":"type-post","3":"status-publish","4":"format-standard","5":"has-post-thumbnail","7":"category-sociedad","8":"tag-el-despertar","9":"tag-familia","10":"tag-mujeres","11":"tag-ramirez","12":"tag-segui","13":"tag-valores"},"yoast_head":"<title>Segu\u00ed: realizaron una conferencia \u201cNuevos modelos de familia, cambios y valores\u201d - Informe Litoral<\/title>\n<meta name=\"robots\" content=\"index, follow, max-snippet:-1, max-image-preview:large, max-video-preview:-1\" \/>\n<link rel=\"canonical\" href=\"https:\/\/informelitoral.com.ar\/segui-realizaron-una-conferencia-nuevos-modelos-de-familia-cambios-y-valores\/\" \/>\n<meta property=\"og:locale\" content=\"es_ES\" \/>\n<meta property=\"og:type\" content=\"article\" \/>\n<meta property=\"og:title\" content=\"Segu\u00ed: realizaron una conferencia \u201cNuevos modelos de familia, cambios y valores\u201d - Informe Litoral\" \/>\n<meta property=\"og:description\" content=\"El pasado mi\u00e9rcoles 15 de agosto en el Centro recreativo Belgrano de Segu\u00ed, se llev\u00f3 a cabo una conferencia abierta a la comunidad titulada \u201cNuevos modelos de familia, cambios y valores\u201d, la cual estuvo a cargo del T\u00e9cnico Universitario en Adicciones Luis Trossero.\" \/>\n<meta property=\"og:url\" content=\"https:\/\/informelitoral.com.ar\/segui-realizaron-una-conferencia-nuevos-modelos-de-familia-cambios-y-valores\/\" \/>\n<meta property=\"og:site_name\" content=\"Informe Litoral\" \/>\n<meta property=\"article:publisher\" content=\"https:\/\/www.facebook.com\/informelitoral\/\" \/>\n<meta property=\"article:published_time\" content=\"2018-08-24T08:05:39+00:00\" \/>\n<meta property=\"article:modified_time\" content=\"2018-08-24T13:13:36+00:00\" \/>\n<meta property=\"og:image\" content=\"https:\/\/informelitoral.com.ar\/%77%70%2d%63%6f%6e%74%65%6e%74\/uploads\/2018\/08\/Luis-Trossero-Segui-2018-08-15.jpeg\" \/>\n\t<meta property=\"og:image:width\" content=\"1280\" \/>\n\t<meta property=\"og:image:height\" content=\"960\" \/>\n\t<meta property=\"og:image:type\" content=\"image\/jpeg\" \/>\n<meta name=\"author\" content=\"Gonzalo Schmidt\" \/>\n<meta name=\"twitter:card\" content=\"summary_large_image\" \/>\n<meta name=\"twitter:creator\" content=\"@InformeLitoral\" \/>\n<meta name=\"twitter:site\" content=\"@InformeLitoral\" \/>\n<meta name=\"twitter:label1\" content=\"Escrito por\" \/>\n\t<meta name=\"twitter:data1\" content=\"Gonzalo Schmidt\" \/>\n\t<meta name=\"twitter:label2\" content=\"Tiempo de lectura\" \/>\n\t<meta name=\"twitter:data2\" content=\"1 minuto\" \/>\n<script type=\"application\/ld+json\" class=\"yoast-schema-graph\">{\"@context\":\"https:\\\/\\\/schema.org\",\"@graph\":[{\"@type\":\"Article\",\"@id\":\"https:\\\/\\\/informelitoral.com.ar\\\/segui-realizaron-una-conferencia-nuevos-modelos-de-familia-cambios-y-valores\\\/#article\",\"isPartOf\":{\"@id\":\"https:\\\/\\\/informelitoral.com.ar\\\/segui-realizaron-una-conferencia-nuevos-modelos-de-familia-cambios-y-valores\\\/\"},\"author\":{\"name\":\"Gonzalo Schmidt\",\"@id\":\"https:\\\/\\\/informelitoral.com.ar\\\/#\\\/schema\\\/person\\\/b9d00407c836482871ef1d57bf8e3180\"},\"headline\":\"Segu\u00ed: realizaron una conferencia \u201cNuevos modelos de familia, cambios y valores\u201d\",\"datePublished\":\"2018-08-24T08:05:39+00:00\",\"dateModified\":\"2018-08-24T13:13:36+00:00\",\"mainEntityOfPage\":{\"@id\":\"https:\\\/\\\/informelitoral.com.ar\\\/segui-realizaron-una-conferencia-nuevos-modelos-de-familia-cambios-y-valores\\\/\"},\"wordCount\":188,\"commentCount\":0,\"publisher\":{\"@id\":\"https:\\\/\\\/informelitoral.com.ar\\\/#organization\"},\"image\":{\"@id\":\"https:\\\/\\\/informelitoral.com.ar\\\/segui-realizaron-una-conferencia-nuevos-modelos-de-familia-cambios-y-valores\\\/#primaryimage\"},\"thumbnailUrl\":\"https:\\\/\\\/informelitoral.com.ar\\\/%77%70%2d%63%6f%6e%74%65%6e%74\\\/uploads\\\/2018\\\/08\\\/Luis-Trossero-Segui-2018-08-15.jpeg\",\"keywords\":[\"El Despertar\",\"Familia\",\"Mujeres\",\"Ram\u00edrez\",\"Segu\u00ed\",\"Valores\"],\"articleSection\":[\"Sociedad\"],\"inLanguage\":\"es\",\"potentialAction\":[{\"@type\":\"CommentAction\",\"name\":\"Comment\",\"target\":[\"https:\\\/\\\/informelitoral.com.ar\\\/segui-realizaron-una-conferencia-nuevos-modelos-de-familia-cambios-y-valores\\\/#respond\"]}]},{\"@type\":\"WebPage\",\"@id\":\"https:\\\/\\\/informelitoral.com.ar\\\/segui-realizaron-una-conferencia-nuevos-modelos-de-familia-cambios-y-valores\\\/\",\"url\":\"https:\\\/\\\/informelitoral.com.ar\\\/segui-realizaron-una-conferencia-nuevos-modelos-de-familia-cambios-y-valores\\\/\",\"name\":\"Segu\u00ed: realizaron una conferencia \u201cNuevos modelos de familia, cambios y valores\u201d - Informe Litoral\",\"isPartOf\":{\"@id\":\"https:\\\/\\\/informelitoral.com.ar\\\/#website\"},\"primaryImageOfPage\":{\"@id\":\"https:\\\/\\\/informelitoral.com.ar\\\/segui-realizaron-una-conferencia-nuevos-modelos-de-familia-cambios-y-valores\\\/#primaryimage\"},\"image\":{\"@id\":\"https:\\\/\\\/informelitoral.com.ar\\\/segui-realizaron-una-conferencia-nuevos-modelos-de-familia-cambios-y-valores\\\/#primaryimage\"},\"thumbnailUrl\":\"https:\\\/\\\/informelitoral.com.ar\\\/%77%70%2d%63%6f%6e%74%65%6e%74\\\/uploads\\\/2018\\\/08\\\/Luis-Trossero-Segui-2018-08-15.jpeg\",\"datePublished\":\"2018-08-24T08:05:39+00:00\",\"dateModified\":\"2018-08-24T13:13:36+00:00\",\"breadcrumb\":{\"@id\":\"https:\\\/\\\/informelitoral.com.ar\\\/segui-realizaron-una-conferencia-nuevos-modelos-de-familia-cambios-y-valores\\\/#breadcrumb\"},\"inLanguage\":\"es\",\"potentialAction\":[{\"@type\":\"ReadAction\",\"target\":[\"https:\\\/\\\/informelitoral.com.ar\\\/segui-realizaron-una-conferencia-nuevos-modelos-de-familia-cambios-y-valores\\\/\"]}]},{\"@type\":\"ImageObject\",\"inLanguage\":\"es\",\"@id\":\"https:\\\/\\\/informelitoral.com.ar\\\/segui-realizaron-una-conferencia-nuevos-modelos-de-familia-cambios-y-valores\\\/#primaryimage\",\"url\":\"https:\\\/\\\/informelitoral.com.ar\\\/%77%70%2d%63%6f%6e%74%65%6e%74\\\/uploads\\\/2018\\\/08\\\/Luis-Trossero-Segui-2018-08-15.jpeg\",\"contentUrl\":\"https:\\\/\\\/informelitoral.com.ar\\\/%77%70%2d%63%6f%6e%74%65%6e%74\\\/uploads\\\/2018\\\/08\\\/Luis-Trossero-Segui-2018-08-15.jpeg\",\"width\":1280,\"height\":960},{\"@type\":\"BreadcrumbList\",\"@id\":\"https:\\\/\\\/informelitoral.com.ar\\\/segui-realizaron-una-conferencia-nuevos-modelos-de-familia-cambios-y-valores\\\/#breadcrumb\",\"itemListElement\":[{\"@type\":\"ListItem\",\"position\":1,\"name\":\"Portada\",\"item\":\"https:\\\/\\\/informelitoral.com.ar\\\/\"},{\"@type\":\"ListItem\",\"position\":2,\"name\":\"Segu\u00ed: realizaron una conferencia \u201cNuevos modelos de familia, cambios y valores\u201d\"}]},{\"@type\":\"WebSite\",\"@id\":\"https:\\\/\\\/informelitoral.com.ar\\\/#website\",\"url\":\"https:\\\/\\\/informelitoral.com.ar\\\/\",\"name\":\"Informe Litoral\",\"description\":\"&quot;Nos informamos&quot; \",\"publisher\":{\"@id\":\"https:\\\/\\\/informelitoral.com.ar\\\/#organization\"},\"potentialAction\":[{\"@type\":\"SearchAction\",\"target\":{\"@type\":\"EntryPoint\",\"urlTemplate\":\"https:\\\/\\\/informelitoral.com.ar\\\/?s={search_term_string}\"},\"query-input\":{\"@type\":\"PropertyValueSpecification\",\"valueRequired\":true,\"valueName\":\"search_term_string\"}}],\"inLanguage\":\"es\"},{\"@type\":\"Organization\",\"@id\":\"https:\\\/\\\/informelitoral.com.ar\\\/#organization\",\"name\":\"Informe Litoral\",\"url\":\"https:\\\/\\\/informelitoral.com.ar\\\/\",\"logo\":{\"@type\":\"ImageObject\",\"inLanguage\":\"es\",\"@id\":\"https:\\\/\\\/informelitoral.com.ar\\\/#\\\/schema\\\/logo\\\/image\\\/\",\"url\":\"https:\\\/\\\/informelitoral.com.ar\\\/%77%70%2d%63%6f%6e%74%65%6e%74\\\/uploads\\\/2021\\\/01\\\/circulo.png\",\"contentUrl\":\"https:\\\/\\\/informelitoral.com.ar\\\/%77%70%2d%63%6f%6e%74%65%6e%74\\\/uploads\\\/2021\\\/01\\\/circulo.png\",\"width\":723,\"height\":731,\"caption\":\"Informe Litoral\"},\"image\":{\"@id\":\"https:\\\/\\\/informelitoral.com.ar\\\/#\\\/schema\\\/logo\\\/image\\\/\"},\"sameAs\":[\"https:\\\/\\\/www.facebook.com\\\/informelitoral\\\/\",\"https:\\\/\\\/x.com\\\/InformeLitoral\",\"https:\\\/\\\/www.instagram.com\\\/informelitoral\\\/\",\"https:\\\/\\\/www.youtube.com\\\/channel\\\/UCua4Qvz8Icb6MYqhoq9xLXw\"]},{\"@type\":\"Person\",\"@id\":\"https:\\\/\\\/informelitoral.com.ar\\\/#\\\/schema\\\/person\\\/b9d00407c836482871ef1d57bf8e3180\",\"name\":\"Gonzalo Schmidt\",\"image\":{\"@type\":\"ImageObject\",\"inLanguage\":\"es\",\"@id\":\"https:\\\/\\\/secure.gravatar.com\\\/avatar\\\/31a1a7b66ff2de83bd0e9fd79d026630d2d99e55e8bfe501287647b4fd9743de?s=96&d=mm&r=g\",\"url\":\"https:\\\/\\\/secure.gravatar.com\\\/avatar\\\/31a1a7b66ff2de83bd0e9fd79d026630d2d99e55e8bfe501287647b4fd9743de?s=96&d=mm&r=g\",\"contentUrl\":\"https:\\\/\\\/secure.gravatar.com\\\/avatar\\\/31a1a7b66ff2de83bd0e9fd79d026630d2d99e55e8bfe501287647b4fd9743de?s=96&d=mm&r=g\",\"caption\":\"Gonzalo Schmidt\"},\"description\":\"Sitio web de noticias de la provincia de Entre R\u00edos, Argentina. Informaci\u00f3n y entretenimiento. Informe Litoral, nos informamos.\",\"sameAs\":[\"http:\\\/\\\/www.isletasnoticias.com.ar\"],\"url\":\"https:\\\/\\\/informelitoral.com.ar\\\/author\\\/gonzalo\\\/\"}]}<\/script>","yoast_head_json":{"title":"Segu\u00ed: realizaron una conferencia \u201cNuevos modelos de familia, cambios y valores\u201d - Informe Litoral","robots":{"index":"index","follow":"follow","max-snippet":"max-snippet:-1","max-image-preview":"max-image-preview:large","max-video-preview":"max-video-preview:-1"},"canonical":"https:\/\/informelitoral.com.ar\/segui-realizaron-una-conferencia-nuevos-modelos-de-familia-cambios-y-valores\/","og_locale":"es_ES","og_type":"article","og_title":"Segu\u00ed: realizaron una conferencia \u201cNuevos modelos de familia, cambios y valores\u201d - Informe Litoral","og_description":"El pasado mi\u00e9rcoles 15 de agosto en el Centro recreativo Belgrano de Segu\u00ed, se llev\u00f3 a cabo una conferencia abierta a la comunidad titulada \u201cNuevos modelos de familia, cambios y valores\u201d, la cual estuvo a cargo del T\u00e9cnico Universitario en Adicciones Luis Trossero.","og_url":"https:\/\/informelitoral.com.ar\/segui-realizaron-una-conferencia-nuevos-modelos-de-familia-cambios-y-valores\/","og_site_name":"Informe Litoral","article_publisher":"https:\/\/www.facebook.com\/informelitoral\/","article_published_time":"2018-08-24T08:05:39+00:00","article_modified_time":"2018-08-24T13:13:36+00:00","og_image":[{"width":1280,"height":960,"url":"https:\/\/informelitoral.com.ar\/%77%70%2d%63%6f%6e%74%65%6e%74\/uploads\/2018\/08\/Luis-Trossero-Segui-2018-08-15.jpeg","type":"image\/jpeg"}],"author":"Gonzalo Schmidt","twitter_card":"summary_large_image","twitter_creator":"@InformeLitoral","twitter_site":"@InformeLitoral","twitter_misc":{"Escrito por":"Gonzalo Schmidt","Tiempo de lectura":"1 minuto"},"schema":{"@context":"https:\/\/schema.org","@graph":[{"@type":"Article","@id":"https:\/\/informelitoral.com.ar\/segui-realizaron-una-conferencia-nuevos-modelos-de-familia-cambios-y-valores\/#article","isPartOf":{"@id":"https:\/\/informelitoral.com.ar\/segui-realizaron-una-conferencia-nuevos-modelos-de-familia-cambios-y-valores\/"},"author":{"name":"Gonzalo Schmidt","@id":"https:\/\/informelitoral.com.ar\/#\/schema\/person\/b9d00407c836482871ef1d57bf8e3180"},"headline":"Segu\u00ed: realizaron una conferencia \u201cNuevos modelos de familia, cambios y valores\u201d","datePublished":"2018-08-24T08:05:39+00:00","dateModified":"2018-08-24T13:13:36+00:00","mainEntityOfPage":{"@id":"https:\/\/informelitoral.com.ar\/segui-realizaron-una-conferencia-nuevos-modelos-de-familia-cambios-y-valores\/"},"wordCount":188,"commentCount":0,"publisher":{"@id":"https:\/\/informelitoral.com.ar\/#organization"},"image":{"@id":"https:\/\/informelitoral.com.ar\/segui-realizaron-una-conferencia-nuevos-modelos-de-familia-cambios-y-valores\/#primaryimage"},"thumbnailUrl":"https:\/\/informelitoral.com.ar\/%77%70%2d%63%6f%6e%74%65%6e%74\/uploads\/2018\/08\/Luis-Trossero-Segui-2018-08-15.jpeg","keywords":["El Despertar","Familia","Mujeres","Ram\u00edrez","Segu\u00ed","Valores"],"articleSection":["Sociedad"],"inLanguage":"es","potentialAction":[{"@type":"CommentAction","name":"Comment","target":["https:\/\/informelitoral.com.ar\/segui-realizaron-una-conferencia-nuevos-modelos-de-familia-cambios-y-valores\/#respond"]}]},{"@type":"WebPage","@id":"https:\/\/informelitoral.com.ar\/segui-realizaron-una-conferencia-nuevos-modelos-de-familia-cambios-y-valores\/","url":"https:\/\/informelitoral.com.ar\/segui-realizaron-una-conferencia-nuevos-modelos-de-familia-cambios-y-valores\/","name":"Segu\u00ed: realizaron una conferencia \u201cNuevos modelos de familia, cambios y valores\u201d - Informe Litoral","isPartOf":{"@id":"https:\/\/informelitoral.com.ar\/#website"},"primaryImageOfPage":{"@id":"https:\/\/informelitoral.com.ar\/segui-realizaron-una-conferencia-nuevos-modelos-de-familia-cambios-y-valores\/#primaryimage"},"image":{"@id":"https:\/\/informelitoral.com.ar\/segui-realizaron-una-conferencia-nuevos-modelos-de-familia-cambios-y-valores\/#primaryimage"},"thumbnailUrl":"https:\/\/informelitoral.com.ar\/%77%70%2d%63%6f%6e%74%65%6e%74\/uploads\/2018\/08\/Luis-Trossero-Segui-2018-08-15.jpeg","datePublished":"2018-08-24T08:05:39+00:00","dateModified":"2018-08-24T13:13:36+00:00","breadcrumb":{"@id":"https:\/\/informelitoral.com.ar\/segui-realizaron-una-conferencia-nuevos-modelos-de-familia-cambios-y-valores\/#breadcrumb"},"inLanguage":"es","potentialAction":[{"@type":"ReadAction","target":["https:\/\/informelitoral.com.ar\/segui-realizaron-una-conferencia-nuevos-modelos-de-familia-cambios-y-valores\/"]}]},{"@type":"ImageObject","inLanguage":"es","@id":"https:\/\/informelitoral.com.ar\/segui-realizaron-una-conferencia-nuevos-modelos-de-familia-cambios-y-valores\/#primaryimage","url":"https:\/\/informelitoral.com.ar\/%77%70%2d%63%6f%6e%74%65%6e%74\/uploads\/2018\/08\/Luis-Trossero-Segui-2018-08-15.jpeg","contentUrl":"https:\/\/informelitoral.com.ar\/%77%70%2d%63%6f%6e%74%65%6e%74\/uploads\/2018\/08\/Luis-Trossero-Segui-2018-08-15.jpeg","width":1280,"height":960},{"@type":"BreadcrumbList","@id":"https:\/\/informelitoral.com.ar\/segui-realizaron-una-conferencia-nuevos-modelos-de-familia-cambios-y-valores\/#breadcrumb","itemListElement":[{"@type":"ListItem","position":1,"name":"Portada","item":"https:\/\/informelitoral.com.ar\/"},{"@type":"ListItem","position":2,"name":"Segu\u00ed: realizaron una conferencia \u201cNuevos modelos de familia, cambios y valores\u201d"}]},{"@type":"WebSite","@id":"https:\/\/informelitoral.com.ar\/#website","url":"https:\/\/informelitoral.com.ar\/","name":"Informe Litoral","description":"&quot;Nos informamos&quot; ","publisher":{"@id":"https:\/\/informelitoral.com.ar\/#organization"},"potentialAction":[{"@type":"SearchAction","target":{"@type":"EntryPoint","urlTemplate":"https:\/\/informelitoral.com.ar\/?s={search_term_string}"},"query-input":{"@type":"PropertyValueSpecification","valueRequired":true,"valueName":"search_term_string"}}],"inLanguage":"es"},{"@type":"Organization","@id":"https:\/\/informelitoral.com.ar\/#organization","name":"Informe Litoral","url":"https:\/\/informelitoral.com.ar\/","logo":{"@type":"ImageObject","inLanguage":"es","@id":"https:\/\/informelitoral.com.ar\/#\/schema\/logo\/image\/","url":"https:\/\/informelitoral.com.ar\/%77%70%2d%63%6f%6e%74%65%6e%74\/uploads\/2021\/01\/circulo.png","contentUrl":"https:\/\/informelitoral.com.ar\/%77%70%2d%63%6f%6e%74%65%6e%74\/uploads\/2021\/01\/circulo.png","width":723,"height":731,"caption":"Informe Litoral"},"image":{"@id":"https:\/\/informelitoral.com.ar\/#\/schema\/logo\/image\/"},"sameAs":["https:\/\/www.facebook.com\/informelitoral\/","https:\/\/x.com\/InformeLitoral","https:\/\/www.instagram.com\/informelitoral\/","https:\/\/www.youtube.com\/channel\/UCua4Qvz8Icb6MYqhoq9xLXw"]},{"@type":"Person","@id":"https:\/\/informelitoral.com.ar\/#\/schema\/person\/b9d00407c836482871ef1d57bf8e3180","name":"Gonzalo Schmidt","image":{"@type":"ImageObject","inLanguage":"es","@id":"https:\/\/secure.gravatar.com\/avatar\/31a1a7b66ff2de83bd0e9fd79d026630d2d99e55e8bfe501287647b4fd9743de?s=96&d=mm&r=g","url":"https:\/\/secure.gravatar.com\/avatar\/31a1a7b66ff2de83bd0e9fd79d026630d2d99e55e8bfe501287647b4fd9743de?s=96&d=mm&r=g","contentUrl":"https:\/\/secure.gravatar.com\/avatar\/31a1a7b66ff2de83bd0e9fd79d026630d2d99e55e8bfe501287647b4fd9743de?s=96&d=mm&r=g","caption":"Gonzalo Schmidt"},"description":"Sitio web de noticias de la provincia de Entre R\u00edos, Argentina. Informaci\u00f3n y entretenimiento. Informe Litoral, nos informamos.","sameAs":["http:\/\/www.isletasnoticias.com.ar"],"url":"https:\/\/informelitoral.com.ar\/author\/gonzalo\/"}]}},"_links":{"self":[{"href":"https:\/\/informelitoral.com.ar\/%77%70%2d%6a%73%6f%6e\/wp\/v2\/posts\/29130","targetHints":{"allow":["GET"]}}],"collection":[{"href":"https:\/\/informelitoral.com.ar\/%77%70%2d%6a%73%6f%6e\/wp\/v2\/posts"}],"about":[{"href":"https:\/\/informelitoral.com.ar\/%77%70%2d%6a%73%6f%6e\/wp\/v2\/types\/post"}],"author":[{"embeddable":true,"href":"https:\/\/informelitoral.com.ar\/%77%70%2d%6a%73%6f%6e\/wp\/v2\/users\/2"}],"replies":[{"embeddable":true,"href":"https:\/\/informelitoral.com.ar\/%77%70%2d%6a%73%6f%6e\/wp\/v2\/comments?post=29130"}],"version-history":[{"count":0,"href":"https:\/\/informelitoral.com.ar\/%77%70%2d%6a%73%6f%6e\/wp\/v2\/posts\/29130\/revisions"}],"wp:featuredmedia":[{"embeddable":true,"href":"https:\/\/informelitoral.com.ar\/%77%70%2d%6a%73%6f%6e\/wp\/v2\/media\/29131"}],"wp:attachment":[{"href":"https:\/\/informelitoral.com.ar\/%77%70%2d%6a%73%6f%6e\/wp\/v2\/media?parent=29130"}],"wp:term":[{"taxonomy":"category","embeddable":true,"href":"https:\/\/informelitoral.com.ar\/%77%70%2d%6a%73%6f%6e\/wp\/v2\/categories?post=29130"},{"taxonomy":"post_tag","embeddable":true,"href":"https:\/\/informelitoral.com.ar\/%77%70%2d%6a%73%6f%6e\/wp\/v2\/tags?post=29130"}],"curies":[{"name":"wp","href":"https:\/\/api.w.org\/{rel}","templated":true}]}}