{"id":29109,"date":"2018-08-24T06:03:14","date_gmt":"2018-08-24T09:03:14","guid":{"rendered":"https:\/\/www.isletasnoticias.com.ar\/?p=29109"},"modified":"2018-08-24T09:10:01","modified_gmt":"2018-08-24T12:10:01","slug":"ramirez-cerca-de-300-bailarines-participaron-del-baile-supremo","status":"publish","type":"post","link":"https:\/\/informelitoral.com.ar\/ramirez-cerca-de-300-bailarines-participaron-del-baile-supremo\/","title":{"rendered":"Ram\u00edrez: cerca de 300 bailarines participaron del Baile Supremo"},"content":{"rendered":"<div>El evento estuvo organizado por la <strong>Municipalidad de General Ram\u00edrez<\/strong> en conjunto con <strong>Escuela NINA N\u00b0 57 \u201cMaestro Linares Cardozo\u201d<\/strong> y cont\u00f3 con la presencia de tres destacados jurados, quienes se han desempe\u00f1ado en los festivales m\u00e1s importantes del pa\u00eds: <strong>Gabriela \u00c1valos<\/strong> (Chaco), <strong>Carlos Centuri\u00f3n<\/strong> (Corrientes) y<strong> Omar Fiordelmondo <\/strong>(<strong>S<\/strong>anta Fe) ex director del Ballet Folcl\u00f3rico Nacional.<a href=\"https:\/\/www.isletasnoticias.com.ar\/%77%70%2d%63%6f%6e%74%65%6e%74\/uploads\/2018\/08\/39944395_1107617032722551_7258957371232223232_o.jpg\"><img loading=\"lazy\" decoding=\"async\" class=\"aligncenter wp-image-29111 size-large\" src=\"https:\/\/www.isletasnoticias.com.ar\/%77%70%2d%63%6f%6e%74%65%6e%74\/uploads\/2018\/08\/39944395_1107617032722551_7258957371232223232_o-1024x683.jpg\" alt=\"\" width=\"696\" height=\"464\" srcset=\"https:\/\/informelitoral.com.ar\/%77%70%2d%63%6f%6e%74%65%6e%74\/uploads\/2018\/08\/39944395_1107617032722551_7258957371232223232_o-1024x683.jpg 1024w, https:\/\/informelitoral.com.ar\/%77%70%2d%63%6f%6e%74%65%6e%74\/uploads\/2018\/08\/39944395_1107617032722551_7258957371232223232_o-300x200.jpg 300w, https:\/\/informelitoral.com.ar\/%77%70%2d%63%6f%6e%74%65%6e%74\/uploads\/2018\/08\/39944395_1107617032722551_7258957371232223232_o-768x512.jpg 768w, https:\/\/informelitoral.com.ar\/%77%70%2d%63%6f%6e%74%65%6e%74\/uploads\/2018\/08\/39944395_1107617032722551_7258957371232223232_o-696x464.jpg 696w, https:\/\/informelitoral.com.ar\/%77%70%2d%63%6f%6e%74%65%6e%74\/uploads\/2018\/08\/39944395_1107617032722551_7258957371232223232_o-1068x713.jpg 1068w, https:\/\/informelitoral.com.ar\/%77%70%2d%63%6f%6e%74%65%6e%74\/uploads\/2018\/08\/39944395_1107617032722551_7258957371232223232_o-629x420.jpg 629w, https:\/\/informelitoral.com.ar\/%77%70%2d%63%6f%6e%74%65%6e%74\/uploads\/2018\/08\/39944395_1107617032722551_7258957371232223232_o.jpg 1686w\" sizes=\"auto, (max-width: 696px) 100vw, 696px\" \/><\/a><\/div>\n<div>El momento que captur\u00f3 todas las miradas fue la presentaci\u00f3n de los postulantes a <strong>Mejor Int\u00e9rprete de Danzas Litorale\u00f1as<\/strong>. \u201cEl rubro consisti\u00f3 en bailar ritmos de la regi\u00f3n litoral con compa\u00f1eras y m\u00fasica al azar. El bailar\u00edn solamente ven\u00eda con su ropa y sus ganas de bailar, luego a partir de un sorteo se formaban las parejas que interpretaban los distintos estilos en el escenario\u201d, coment\u00f3 el profesor<strong>\u00a0Fernando Gorosito<\/strong>, coordinador general del evento.<\/div>\n<div><\/div>\n<div>Seg\u00fan se inform\u00f3 a <em><strong>IN<\/strong><\/em>, en dicho rubro se bail\u00f3 ranchera,<strong> chamarrita, chamam\u00e9, rasguido doble<\/strong> y<strong> tanguito montielero<\/strong>. Los paranaenses <strong>Diego Abrard<\/strong> y <strong>Tamara Qui\u00f1onez<\/strong> fueron los ganadores. Por su parte, <strong>Alejandro Vivas<\/strong> y <strong>Ayrton Mart\u00ednez<\/strong> fueron elegidos como los mejores en el contrapunto de malambo. La mejor delegaci\u00f3n del certamen fue <strong>El Remanso<\/strong> de Aldea Mar\u00eda Luisa.<\/div>\n<div><\/div>\n<div>Desde la Subsecretar\u00eda de Pol\u00edticas Culturales agradecen a las distintas academias y bailarines participantes, la presencia de cada uno de ustedes en nuestra ciudad le da vida a este evento y permite afinazarlo de cara a las nuevas ediciones.<a href=\"https:\/\/www.isletasnoticias.com.ar\/%77%70%2d%63%6f%6e%74%65%6e%74\/uploads\/2018\/08\/39900030_1107615396056048_7240893301425963008_o.jpg\"><img loading=\"lazy\" decoding=\"async\" class=\"aligncenter wp-image-29113 size-large\" src=\"https:\/\/www.isletasnoticias.com.ar\/%77%70%2d%63%6f%6e%74%65%6e%74\/uploads\/2018\/08\/39900030_1107615396056048_7240893301425963008_o-1024x683.jpg\" alt=\"\" width=\"696\" height=\"464\" srcset=\"https:\/\/informelitoral.com.ar\/%77%70%2d%63%6f%6e%74%65%6e%74\/uploads\/2018\/08\/39900030_1107615396056048_7240893301425963008_o-1024x683.jpg 1024w, https:\/\/informelitoral.com.ar\/%77%70%2d%63%6f%6e%74%65%6e%74\/uploads\/2018\/08\/39900030_1107615396056048_7240893301425963008_o-300x200.jpg 300w, https:\/\/informelitoral.com.ar\/%77%70%2d%63%6f%6e%74%65%6e%74\/uploads\/2018\/08\/39900030_1107615396056048_7240893301425963008_o-768x512.jpg 768w, https:\/\/informelitoral.com.ar\/%77%70%2d%63%6f%6e%74%65%6e%74\/uploads\/2018\/08\/39900030_1107615396056048_7240893301425963008_o-696x464.jpg 696w, https:\/\/informelitoral.com.ar\/%77%70%2d%63%6f%6e%74%65%6e%74\/uploads\/2018\/08\/39900030_1107615396056048_7240893301425963008_o-1068x713.jpg 1068w, https:\/\/informelitoral.com.ar\/%77%70%2d%63%6f%6e%74%65%6e%74\/uploads\/2018\/08\/39900030_1107615396056048_7240893301425963008_o-629x420.jpg 629w, https:\/\/informelitoral.com.ar\/%77%70%2d%63%6f%6e%74%65%6e%74\/uploads\/2018\/08\/39900030_1107615396056048_7240893301425963008_o.jpg 1686w\" sizes=\"auto, (max-width: 696px) 100vw, 696px\" \/><\/a><\/div>\n<div><\/div>\n<div>Asimismo, \u00abqueremos destacar el trabajo de <strong>Sebasti\u00e1n Herbel<\/strong> y<strong> Fernando Gorosito<\/strong> en la organizaci\u00f3n general de este evento cuyo objetivo es fortalecer el patrimonio cultural desde la m\u00fasica y las danzas\u00bb, indicaron a este sitio.<\/div>\n<div><\/div>\n<div>Tambi\u00e9n agradecen a la <strong>Colectividad Alemana de General Ram\u00edrez<\/strong> por su importante colaboraci\u00f3n para la log\u00edstica del evento.<\/div>\n<div><\/div>\n<div><strong>TODOS LOS GANADORES DE LA JORNADA:<\/strong><\/div>\n<div><\/div>\n<div>PAREJA DE DANZA TRADICIONAL INFANTIL:<\/div>\n<div>1\u00ba Puesto: IMEFAA D<\/div>\n<div>2\u00ba Puesto: IMEFAA C<\/div>\n<div>3\u00ba Puesto: IMEFAA B<\/div>\n<div>Menci\u00f3n Especial: Ballet Nuevos Vientos<\/div>\n<div><\/div>\n<div>SOLISTA MALAMBO INFANTIL:<\/div>\n<div>1\u00ba Puesto: Renacer<\/div>\n<div>2\u00ba Puesto: Nuevos Vientos<\/div>\n<div><\/div>\n<div>CONJUNTO DE DANZA TRADICIONAL INFANTIL:<\/div>\n<div>1\u00ba Puesto: El Remanso<\/div>\n<div>2\u00ba Puesto: Presagio de mi tierra<\/div>\n<div>3\u00ba Puesto: Nuevos Vientos<\/div>\n<div><\/div>\n<div>COMBINADO DE MALAMBO INFANTIL:<\/div>\n<div>1\u00ba Puesto: IMEFAA<\/div>\n<div>2\u00ba Puesto: Nuevos Vientos<\/div>\n<div><\/div>\n<div>PAREJA TRADICIONAL MAYOR:<\/div>\n<div>1\u00ba Puesto: Su\u00e1rez-Mentil<\/div>\n<div>2\u00ba Puesto: Qui\u00f1onez-Paez\/ IMEFFA B (compartido)<\/div>\n<div>3\u00ba Puesto: Lorenzatti-Braco\/ Scheneider-Ladero (compartido)<\/div>\n<div>Menci\u00f3n especial: Escuela Municipal de Chajar\u00ed \/ Ellemberger-Nuz (compartido)<\/div>\n<div><\/div>\n<div>CONJUNTO DE DANZA ESTILIZADA INFANTIL:<\/div>\n<div>1\u00ba Puesto: IMEFAA<\/div>\n<div>2\u00ba Puesto: Nuevos Vientos<\/div>\n<div><\/div>\n<div>PAREJA DE DANZA TRADICIONAL ADULTO:<\/div>\n<div>1\u00ba Puesto: La Greda<\/div>\n<div>2\u00ba Puesto: Escuela Municipal de Chajar\u00ed<\/div>\n<div>3\u00ba Puesto: El Remanso<\/div>\n<div>Menci\u00f3n Especial: Reflejos de Tradici\u00f3n<\/div>\n<div><\/div>\n<div>CONJUNTO DE DANZA TRADICIONAL MAYOR:<\/div>\n<div>1\u00ba Puesto: Presagio<\/div>\n<div>2\u00ba Puesto: Grito Sagrado<\/div>\n<div>3\u00ba Puesto: Nuevos Vientos<\/div>\n<div><\/div>\n<div>PAREJA ESTILIZADA INFANTIL:<\/div>\n<div>1\u00ba Puesto: Nuevos Vientos<\/div>\n<div>2\u00ba Puesto: Presagios de mi tierra<\/div>\n<div><\/div>\n<div>CONJUNTO DE DANZA TRADICIONAL ADULTO:<\/div>\n<div>1\u00ba Puesto: El Remanso<\/div>\n<div>2\u00ba Puesto: Reflejos de Tradici\u00f3n<\/div>\n<div><\/div>\n<div>SOLISTA MALAMBO MAYOR:<\/div>\n<div>1\u00ba Puesto: Renacer A<\/div>\n<div>2\u00ba Puesto: Acu\u00f1a\/El Remanso (compartido)<\/div>\n<div>3\u00ba Puesto: Presagio<\/div>\n<div><\/div>\n<div>PAREJA DE DANZA ESTILIZADA MAYOR:<\/div>\n<div>1\u00ba Puesto: Grito Sagrado<\/div>\n<div>2\u00ba Puesto: Lorenzatti-Lorenzatti<\/div>\n<div>3\u00ba Puesto: Rojas-Mart\u00ednez<\/div>\n<div>Menci\u00f3n especial: El Remanso<\/div>\n<div><\/div>\n<div>COMBINADO DE MALAMBO MAYOR:<\/div>\n<div>1\u00ba Puesto: El Remanso<\/div>\n<div><\/div>\n<div>CONJUNTO DE DANZA FEMENINO:<\/div>\n<div>1\u00ba Puesto: El Remanso<\/div>\n<div>2\u00ba Puesto: Grito Sagrado<\/div>\n<div>3\u00ba Puesto: Nuevos Vientos<\/div>\n<div><\/div>\n<div>CONJUNTO DE DANZA ESTILIZADA MAYOR<\/div>\n<div>1\u00ba Puesto: Grito Sagrado<\/div>\n<div>2\u00ba Puesto: El Remanso<\/div>\n<div>3\u00ba Puesto: IMEFAA<\/div>\n<div>Menci\u00f3n especial: Nuevos Vientos<\/div>\n<div>Menci\u00f3n especial: Reflejos de Tradici\u00f3n<\/div>\n<div><\/div>\n<div>MEJOR BAILAR\u00cdN: Ricardo Lorenzatti<\/div>\n<div>MEJOR BAILARINA: Luc\u00eda Sack<\/div>\n<div><\/div>\n<div>CONTRAPUNTO DE MALAMBO:<\/div>\n<div>1\u00ba Puesto: Alejandro Vivas ($2000)<\/div>\n<div>2\u00ba Puesto: Ayrton Mart\u00ednez ($1000)<\/div>\n<div><\/div>\n<div>MEJOR INT\u00c9RPRETE DE DANZA LITORALE\u00d1A:<\/div>\n<div>&#8211; Tamara Qui\u00f1ones ($3500)<\/div>\n<div>&#8211; Diego Abrard ($3500)<\/div>\n<div><\/div>\n<div>MENCI\u00d3N ESPECIAL: Mar\u00eda Florencia Mansilla y Ezequiel Qui\u00f1ones<\/div>\n<div><\/div>\n<div>MEJOR DELEGACI\u00d3N DEL CERT\u00c1MEN BAILE SUPREMO:<\/div>\n<div>&#8211; El Remanso con 57 puntos ($5000)<\/div>\n","protected":false},"excerpt":{"rendered":"<p>Se llev\u00f3 adelante el domingo, la segunda edici\u00f3n del Certamen de Danzas Folcl\u00f3ricas \u201cBaile Supremo\u201d, que congreg\u00f3 a m\u00e1s de 300 bailarines de diversos puntos de la provincia y el pa\u00eds.<\/p>\n","protected":false},"author":2,"featured_media":29110,"comment_status":"open","ping_status":"open","sticky":false,"template":"","format":"standard","meta":{"fifu_image_url":"","fifu_image_alt":"","footnotes":""},"categories":[5],"tags":[],"class_list":{"0":"post-29109","1":"post","2":"type-post","3":"status-publish","4":"format-standard","5":"has-post-thumbnail","7":"category-zonales"},"yoast_head":"<title>Ram\u00edrez: cerca de 300 bailarines participaron del Baile Supremo - Informe Litoral<\/title>\n<meta name=\"robots\" content=\"index, follow, max-snippet:-1, max-image-preview:large, max-video-preview:-1\" \/>\n<link rel=\"canonical\" href=\"https:\/\/informelitoral.com.ar\/ramirez-cerca-de-300-bailarines-participaron-del-baile-supremo\/\" \/>\n<meta property=\"og:locale\" content=\"es_ES\" \/>\n<meta property=\"og:type\" content=\"article\" \/>\n<meta property=\"og:title\" content=\"Ram\u00edrez: cerca de 300 bailarines participaron del Baile Supremo - Informe Litoral\" \/>\n<meta property=\"og:description\" content=\"Se llev\u00f3 adelante el domingo, la segunda edici\u00f3n del Certamen de Danzas Folcl\u00f3ricas \u201cBaile Supremo\u201d, que congreg\u00f3 a m\u00e1s de 300 bailarines de diversos puntos de la provincia y el pa\u00eds.\" \/>\n<meta property=\"og:url\" content=\"https:\/\/informelitoral.com.ar\/ramirez-cerca-de-300-bailarines-participaron-del-baile-supremo\/\" \/>\n<meta property=\"og:site_name\" content=\"Informe Litoral\" \/>\n<meta property=\"article:publisher\" content=\"https:\/\/www.facebook.com\/informelitoral\/\" \/>\n<meta property=\"article:published_time\" content=\"2018-08-24T09:03:14+00:00\" \/>\n<meta property=\"article:modified_time\" content=\"2018-08-24T12:10:01+00:00\" \/>\n<meta property=\"og:image\" content=\"https:\/\/informelitoral.com.ar\/%77%70%2d%63%6f%6e%74%65%6e%74\/uploads\/2018\/08\/39937460_1107616656055922_8878220154186498048_o.jpg\" \/>\n\t<meta property=\"og:image:width\" content=\"1686\" \/>\n\t<meta property=\"og:image:height\" content=\"1125\" \/>\n\t<meta property=\"og:image:type\" content=\"image\/jpeg\" \/>\n<meta name=\"author\" content=\"Gonzalo Schmidt\" \/>\n<meta name=\"twitter:card\" content=\"summary_large_image\" \/>\n<meta name=\"twitter:creator\" content=\"@InformeLitoral\" \/>\n<meta name=\"twitter:site\" content=\"@InformeLitoral\" \/>\n<meta name=\"twitter:label1\" content=\"Escrito por\" \/>\n\t<meta name=\"twitter:data1\" content=\"Gonzalo Schmidt\" \/>\n\t<meta name=\"twitter:label2\" content=\"Tiempo de lectura\" \/>\n\t<meta name=\"twitter:data2\" content=\"3 minutos\" \/>\n<script type=\"application\/ld+json\" class=\"yoast-schema-graph\">{\"@context\":\"https:\\\/\\\/schema.org\",\"@graph\":[{\"@type\":\"Article\",\"@id\":\"https:\\\/\\\/informelitoral.com.ar\\\/ramirez-cerca-de-300-bailarines-participaron-del-baile-supremo\\\/#article\",\"isPartOf\":{\"@id\":\"https:\\\/\\\/informelitoral.com.ar\\\/ramirez-cerca-de-300-bailarines-participaron-del-baile-supremo\\\/\"},\"author\":{\"name\":\"Gonzalo Schmidt\",\"@id\":\"https:\\\/\\\/informelitoral.com.ar\\\/#\\\/schema\\\/person\\\/b9d00407c836482871ef1d57bf8e3180\"},\"headline\":\"Ram\u00edrez: cerca de 300 bailarines participaron del Baile Supremo\",\"datePublished\":\"2018-08-24T09:03:14+00:00\",\"dateModified\":\"2018-08-24T12:10:01+00:00\",\"mainEntityOfPage\":{\"@id\":\"https:\\\/\\\/informelitoral.com.ar\\\/ramirez-cerca-de-300-bailarines-participaron-del-baile-supremo\\\/\"},\"wordCount\":606,\"commentCount\":0,\"publisher\":{\"@id\":\"https:\\\/\\\/informelitoral.com.ar\\\/#organization\"},\"image\":{\"@id\":\"https:\\\/\\\/informelitoral.com.ar\\\/ramirez-cerca-de-300-bailarines-participaron-del-baile-supremo\\\/#primaryimage\"},\"thumbnailUrl\":\"https:\\\/\\\/informelitoral.com.ar\\\/%77%70%2d%63%6f%6e%74%65%6e%74\\\/uploads\\\/2018\\\/08\\\/39937460_1107616656055922_8878220154186498048_o.jpg\",\"articleSection\":[\"Departamento Diamante\"],\"inLanguage\":\"es\",\"potentialAction\":[{\"@type\":\"CommentAction\",\"name\":\"Comment\",\"target\":[\"https:\\\/\\\/informelitoral.com.ar\\\/ramirez-cerca-de-300-bailarines-participaron-del-baile-supremo\\\/#respond\"]}]},{\"@type\":\"WebPage\",\"@id\":\"https:\\\/\\\/informelitoral.com.ar\\\/ramirez-cerca-de-300-bailarines-participaron-del-baile-supremo\\\/\",\"url\":\"https:\\\/\\\/informelitoral.com.ar\\\/ramirez-cerca-de-300-bailarines-participaron-del-baile-supremo\\\/\",\"name\":\"Ram\u00edrez: cerca de 300 bailarines participaron del Baile Supremo - Informe Litoral\",\"isPartOf\":{\"@id\":\"https:\\\/\\\/informelitoral.com.ar\\\/#website\"},\"primaryImageOfPage\":{\"@id\":\"https:\\\/\\\/informelitoral.com.ar\\\/ramirez-cerca-de-300-bailarines-participaron-del-baile-supremo\\\/#primaryimage\"},\"image\":{\"@id\":\"https:\\\/\\\/informelitoral.com.ar\\\/ramirez-cerca-de-300-bailarines-participaron-del-baile-supremo\\\/#primaryimage\"},\"thumbnailUrl\":\"https:\\\/\\\/informelitoral.com.ar\\\/%77%70%2d%63%6f%6e%74%65%6e%74\\\/uploads\\\/2018\\\/08\\\/39937460_1107616656055922_8878220154186498048_o.jpg\",\"datePublished\":\"2018-08-24T09:03:14+00:00\",\"dateModified\":\"2018-08-24T12:10:01+00:00\",\"breadcrumb\":{\"@id\":\"https:\\\/\\\/informelitoral.com.ar\\\/ramirez-cerca-de-300-bailarines-participaron-del-baile-supremo\\\/#breadcrumb\"},\"inLanguage\":\"es\",\"potentialAction\":[{\"@type\":\"ReadAction\",\"target\":[\"https:\\\/\\\/informelitoral.com.ar\\\/ramirez-cerca-de-300-bailarines-participaron-del-baile-supremo\\\/\"]}]},{\"@type\":\"ImageObject\",\"inLanguage\":\"es\",\"@id\":\"https:\\\/\\\/informelitoral.com.ar\\\/ramirez-cerca-de-300-bailarines-participaron-del-baile-supremo\\\/#primaryimage\",\"url\":\"https:\\\/\\\/informelitoral.com.ar\\\/%77%70%2d%63%6f%6e%74%65%6e%74\\\/uploads\\\/2018\\\/08\\\/39937460_1107616656055922_8878220154186498048_o.jpg\",\"contentUrl\":\"https:\\\/\\\/informelitoral.com.ar\\\/%77%70%2d%63%6f%6e%74%65%6e%74\\\/uploads\\\/2018\\\/08\\\/39937460_1107616656055922_8878220154186498048_o.jpg\",\"width\":1686,\"height\":1125},{\"@type\":\"BreadcrumbList\",\"@id\":\"https:\\\/\\\/informelitoral.com.ar\\\/ramirez-cerca-de-300-bailarines-participaron-del-baile-supremo\\\/#breadcrumb\",\"itemListElement\":[{\"@type\":\"ListItem\",\"position\":1,\"name\":\"Portada\",\"item\":\"https:\\\/\\\/informelitoral.com.ar\\\/\"},{\"@type\":\"ListItem\",\"position\":2,\"name\":\"Ram\u00edrez: cerca de 300 bailarines participaron del Baile Supremo\"}]},{\"@type\":\"WebSite\",\"@id\":\"https:\\\/\\\/informelitoral.com.ar\\\/#website\",\"url\":\"https:\\\/\\\/informelitoral.com.ar\\\/\",\"name\":\"Informe Litoral\",\"description\":\"&quot;Nos informamos&quot; \",\"publisher\":{\"@id\":\"https:\\\/\\\/informelitoral.com.ar\\\/#organization\"},\"potentialAction\":[{\"@type\":\"SearchAction\",\"target\":{\"@type\":\"EntryPoint\",\"urlTemplate\":\"https:\\\/\\\/informelitoral.com.ar\\\/?s={search_term_string}\"},\"query-input\":{\"@type\":\"PropertyValueSpecification\",\"valueRequired\":true,\"valueName\":\"search_term_string\"}}],\"inLanguage\":\"es\"},{\"@type\":\"Organization\",\"@id\":\"https:\\\/\\\/informelitoral.com.ar\\\/#organization\",\"name\":\"Informe Litoral\",\"url\":\"https:\\\/\\\/informelitoral.com.ar\\\/\",\"logo\":{\"@type\":\"ImageObject\",\"inLanguage\":\"es\",\"@id\":\"https:\\\/\\\/informelitoral.com.ar\\\/#\\\/schema\\\/logo\\\/image\\\/\",\"url\":\"https:\\\/\\\/informelitoral.com.ar\\\/%77%70%2d%63%6f%6e%74%65%6e%74\\\/uploads\\\/2021\\\/01\\\/circulo.png\",\"contentUrl\":\"https:\\\/\\\/informelitoral.com.ar\\\/%77%70%2d%63%6f%6e%74%65%6e%74\\\/uploads\\\/2021\\\/01\\\/circulo.png\",\"width\":723,\"height\":731,\"caption\":\"Informe Litoral\"},\"image\":{\"@id\":\"https:\\\/\\\/informelitoral.com.ar\\\/#\\\/schema\\\/logo\\\/image\\\/\"},\"sameAs\":[\"https:\\\/\\\/www.facebook.com\\\/informelitoral\\\/\",\"https:\\\/\\\/x.com\\\/InformeLitoral\",\"https:\\\/\\\/www.instagram.com\\\/informelitoral\\\/\",\"https:\\\/\\\/www.youtube.com\\\/channel\\\/UCua4Qvz8Icb6MYqhoq9xLXw\"]},{\"@type\":\"Person\",\"@id\":\"https:\\\/\\\/informelitoral.com.ar\\\/#\\\/schema\\\/person\\\/b9d00407c836482871ef1d57bf8e3180\",\"name\":\"Gonzalo Schmidt\",\"image\":{\"@type\":\"ImageObject\",\"inLanguage\":\"es\",\"@id\":\"https:\\\/\\\/secure.gravatar.com\\\/avatar\\\/31a1a7b66ff2de83bd0e9fd79d026630d2d99e55e8bfe501287647b4fd9743de?s=96&d=mm&r=g\",\"url\":\"https:\\\/\\\/secure.gravatar.com\\\/avatar\\\/31a1a7b66ff2de83bd0e9fd79d026630d2d99e55e8bfe501287647b4fd9743de?s=96&d=mm&r=g\",\"contentUrl\":\"https:\\\/\\\/secure.gravatar.com\\\/avatar\\\/31a1a7b66ff2de83bd0e9fd79d026630d2d99e55e8bfe501287647b4fd9743de?s=96&d=mm&r=g\",\"caption\":\"Gonzalo Schmidt\"},\"description\":\"Sitio web de noticias de la provincia de Entre R\u00edos, Argentina. Informaci\u00f3n y entretenimiento. Informe Litoral, nos informamos.\",\"sameAs\":[\"http:\\\/\\\/www.isletasnoticias.com.ar\"],\"url\":\"https:\\\/\\\/informelitoral.com.ar\\\/author\\\/gonzalo\\\/\"}]}<\/script>","yoast_head_json":{"title":"Ram\u00edrez: cerca de 300 bailarines participaron del Baile Supremo - Informe Litoral","robots":{"index":"index","follow":"follow","max-snippet":"max-snippet:-1","max-image-preview":"max-image-preview:large","max-video-preview":"max-video-preview:-1"},"canonical":"https:\/\/informelitoral.com.ar\/ramirez-cerca-de-300-bailarines-participaron-del-baile-supremo\/","og_locale":"es_ES","og_type":"article","og_title":"Ram\u00edrez: cerca de 300 bailarines participaron del Baile Supremo - Informe Litoral","og_description":"Se llev\u00f3 adelante el domingo, la segunda edici\u00f3n del Certamen de Danzas Folcl\u00f3ricas \u201cBaile Supremo\u201d, que congreg\u00f3 a m\u00e1s de 300 bailarines de diversos puntos de la provincia y el pa\u00eds.","og_url":"https:\/\/informelitoral.com.ar\/ramirez-cerca-de-300-bailarines-participaron-del-baile-supremo\/","og_site_name":"Informe Litoral","article_publisher":"https:\/\/www.facebook.com\/informelitoral\/","article_published_time":"2018-08-24T09:03:14+00:00","article_modified_time":"2018-08-24T12:10:01+00:00","og_image":[{"width":1686,"height":1125,"url":"https:\/\/informelitoral.com.ar\/%77%70%2d%63%6f%6e%74%65%6e%74\/uploads\/2018\/08\/39937460_1107616656055922_8878220154186498048_o.jpg","type":"image\/jpeg"}],"author":"Gonzalo Schmidt","twitter_card":"summary_large_image","twitter_creator":"@InformeLitoral","twitter_site":"@InformeLitoral","twitter_misc":{"Escrito por":"Gonzalo Schmidt","Tiempo de lectura":"3 minutos"},"schema":{"@context":"https:\/\/schema.org","@graph":[{"@type":"Article","@id":"https:\/\/informelitoral.com.ar\/ramirez-cerca-de-300-bailarines-participaron-del-baile-supremo\/#article","isPartOf":{"@id":"https:\/\/informelitoral.com.ar\/ramirez-cerca-de-300-bailarines-participaron-del-baile-supremo\/"},"author":{"name":"Gonzalo Schmidt","@id":"https:\/\/informelitoral.com.ar\/#\/schema\/person\/b9d00407c836482871ef1d57bf8e3180"},"headline":"Ram\u00edrez: cerca de 300 bailarines participaron del Baile Supremo","datePublished":"2018-08-24T09:03:14+00:00","dateModified":"2018-08-24T12:10:01+00:00","mainEntityOfPage":{"@id":"https:\/\/informelitoral.com.ar\/ramirez-cerca-de-300-bailarines-participaron-del-baile-supremo\/"},"wordCount":606,"commentCount":0,"publisher":{"@id":"https:\/\/informelitoral.com.ar\/#organization"},"image":{"@id":"https:\/\/informelitoral.com.ar\/ramirez-cerca-de-300-bailarines-participaron-del-baile-supremo\/#primaryimage"},"thumbnailUrl":"https:\/\/informelitoral.com.ar\/%77%70%2d%63%6f%6e%74%65%6e%74\/uploads\/2018\/08\/39937460_1107616656055922_8878220154186498048_o.jpg","articleSection":["Departamento Diamante"],"inLanguage":"es","potentialAction":[{"@type":"CommentAction","name":"Comment","target":["https:\/\/informelitoral.com.ar\/ramirez-cerca-de-300-bailarines-participaron-del-baile-supremo\/#respond"]}]},{"@type":"WebPage","@id":"https:\/\/informelitoral.com.ar\/ramirez-cerca-de-300-bailarines-participaron-del-baile-supremo\/","url":"https:\/\/informelitoral.com.ar\/ramirez-cerca-de-300-bailarines-participaron-del-baile-supremo\/","name":"Ram\u00edrez: cerca de 300 bailarines participaron del Baile Supremo - Informe Litoral","isPartOf":{"@id":"https:\/\/informelitoral.com.ar\/#website"},"primaryImageOfPage":{"@id":"https:\/\/informelitoral.com.ar\/ramirez-cerca-de-300-bailarines-participaron-del-baile-supremo\/#primaryimage"},"image":{"@id":"https:\/\/informelitoral.com.ar\/ramirez-cerca-de-300-bailarines-participaron-del-baile-supremo\/#primaryimage"},"thumbnailUrl":"https:\/\/informelitoral.com.ar\/%77%70%2d%63%6f%6e%74%65%6e%74\/uploads\/2018\/08\/39937460_1107616656055922_8878220154186498048_o.jpg","datePublished":"2018-08-24T09:03:14+00:00","dateModified":"2018-08-24T12:10:01+00:00","breadcrumb":{"@id":"https:\/\/informelitoral.com.ar\/ramirez-cerca-de-300-bailarines-participaron-del-baile-supremo\/#breadcrumb"},"inLanguage":"es","potentialAction":[{"@type":"ReadAction","target":["https:\/\/informelitoral.com.ar\/ramirez-cerca-de-300-bailarines-participaron-del-baile-supremo\/"]}]},{"@type":"ImageObject","inLanguage":"es","@id":"https:\/\/informelitoral.com.ar\/ramirez-cerca-de-300-bailarines-participaron-del-baile-supremo\/#primaryimage","url":"https:\/\/informelitoral.com.ar\/%77%70%2d%63%6f%6e%74%65%6e%74\/uploads\/2018\/08\/39937460_1107616656055922_8878220154186498048_o.jpg","contentUrl":"https:\/\/informelitoral.com.ar\/%77%70%2d%63%6f%6e%74%65%6e%74\/uploads\/2018\/08\/39937460_1107616656055922_8878220154186498048_o.jpg","width":1686,"height":1125},{"@type":"BreadcrumbList","@id":"https:\/\/informelitoral.com.ar\/ramirez-cerca-de-300-bailarines-participaron-del-baile-supremo\/#breadcrumb","itemListElement":[{"@type":"ListItem","position":1,"name":"Portada","item":"https:\/\/informelitoral.com.ar\/"},{"@type":"ListItem","position":2,"name":"Ram\u00edrez: cerca de 300 bailarines participaron del Baile Supremo"}]},{"@type":"WebSite","@id":"https:\/\/informelitoral.com.ar\/#website","url":"https:\/\/informelitoral.com.ar\/","name":"Informe Litoral","description":"&quot;Nos informamos&quot; ","publisher":{"@id":"https:\/\/informelitoral.com.ar\/#organization"},"potentialAction":[{"@type":"SearchAction","target":{"@type":"EntryPoint","urlTemplate":"https:\/\/informelitoral.com.ar\/?s={search_term_string}"},"query-input":{"@type":"PropertyValueSpecification","valueRequired":true,"valueName":"search_term_string"}}],"inLanguage":"es"},{"@type":"Organization","@id":"https:\/\/informelitoral.com.ar\/#organization","name":"Informe Litoral","url":"https:\/\/informelitoral.com.ar\/","logo":{"@type":"ImageObject","inLanguage":"es","@id":"https:\/\/informelitoral.com.ar\/#\/schema\/logo\/image\/","url":"https:\/\/informelitoral.com.ar\/%77%70%2d%63%6f%6e%74%65%6e%74\/uploads\/2021\/01\/circulo.png","contentUrl":"https:\/\/informelitoral.com.ar\/%77%70%2d%63%6f%6e%74%65%6e%74\/uploads\/2021\/01\/circulo.png","width":723,"height":731,"caption":"Informe Litoral"},"image":{"@id":"https:\/\/informelitoral.com.ar\/#\/schema\/logo\/image\/"},"sameAs":["https:\/\/www.facebook.com\/informelitoral\/","https:\/\/x.com\/InformeLitoral","https:\/\/www.instagram.com\/informelitoral\/","https:\/\/www.youtube.com\/channel\/UCua4Qvz8Icb6MYqhoq9xLXw"]},{"@type":"Person","@id":"https:\/\/informelitoral.com.ar\/#\/schema\/person\/b9d00407c836482871ef1d57bf8e3180","name":"Gonzalo Schmidt","image":{"@type":"ImageObject","inLanguage":"es","@id":"https:\/\/secure.gravatar.com\/avatar\/31a1a7b66ff2de83bd0e9fd79d026630d2d99e55e8bfe501287647b4fd9743de?s=96&d=mm&r=g","url":"https:\/\/secure.gravatar.com\/avatar\/31a1a7b66ff2de83bd0e9fd79d026630d2d99e55e8bfe501287647b4fd9743de?s=96&d=mm&r=g","contentUrl":"https:\/\/secure.gravatar.com\/avatar\/31a1a7b66ff2de83bd0e9fd79d026630d2d99e55e8bfe501287647b4fd9743de?s=96&d=mm&r=g","caption":"Gonzalo Schmidt"},"description":"Sitio web de noticias de la provincia de Entre R\u00edos, Argentina. Informaci\u00f3n y entretenimiento. Informe Litoral, nos informamos.","sameAs":["http:\/\/www.isletasnoticias.com.ar"],"url":"https:\/\/informelitoral.com.ar\/author\/gonzalo\/"}]}},"_links":{"self":[{"href":"https:\/\/informelitoral.com.ar\/%77%70%2d%6a%73%6f%6e\/wp\/v2\/posts\/29109","targetHints":{"allow":["GET"]}}],"collection":[{"href":"https:\/\/informelitoral.com.ar\/%77%70%2d%6a%73%6f%6e\/wp\/v2\/posts"}],"about":[{"href":"https:\/\/informelitoral.com.ar\/%77%70%2d%6a%73%6f%6e\/wp\/v2\/types\/post"}],"author":[{"embeddable":true,"href":"https:\/\/informelitoral.com.ar\/%77%70%2d%6a%73%6f%6e\/wp\/v2\/users\/2"}],"replies":[{"embeddable":true,"href":"https:\/\/informelitoral.com.ar\/%77%70%2d%6a%73%6f%6e\/wp\/v2\/comments?post=29109"}],"version-history":[{"count":0,"href":"https:\/\/informelitoral.com.ar\/%77%70%2d%6a%73%6f%6e\/wp\/v2\/posts\/29109\/revisions"}],"wp:featuredmedia":[{"embeddable":true,"href":"https:\/\/informelitoral.com.ar\/%77%70%2d%6a%73%6f%6e\/wp\/v2\/media\/29110"}],"wp:attachment":[{"href":"https:\/\/informelitoral.com.ar\/%77%70%2d%6a%73%6f%6e\/wp\/v2\/media?parent=29109"}],"wp:term":[{"taxonomy":"category","embeddable":true,"href":"https:\/\/informelitoral.com.ar\/%77%70%2d%6a%73%6f%6e\/wp\/v2\/categories?post=29109"},{"taxonomy":"post_tag","embeddable":true,"href":"https:\/\/informelitoral.com.ar\/%77%70%2d%6a%73%6f%6e\/wp\/v2\/tags?post=29109"}],"curies":[{"name":"wp","href":"https:\/\/api.w.org\/{rel}","templated":true}]}}