{"id":29093,"date":"2018-08-24T07:55:11","date_gmt":"2018-08-24T10:55:11","guid":{"rendered":"https:\/\/www.isletasnoticias.com.ar\/?p=29093"},"modified":"2018-08-24T07:55:11","modified_gmt":"2018-08-24T10:55:11","slug":"lanzan-una-mesa-de-caminos-rurales","status":"publish","type":"post","link":"https:\/\/informelitoral.com.ar\/lanzan-una-mesa-de-caminos-rurales\/","title":{"rendered":"Lanzan una Mesa de Caminos Rurales"},"content":{"rendered":"<p>En esta Mesa se elaborar\u00e1n y ejecutar\u00e1n acciones concretas para aportar soluciones a la problem\u00e1tica de los caminos rurales. La intransitabilidad es un problema que afecta desde el trabajo diario de productores y transportistas, hasta familias y colegios de zonas rurales. En un sentido m\u00e1s amplio, impacta en las econom\u00edas rurales, la competitividad, el valor agregado, el acceso a salud, la educaci\u00f3n y hasta en el arraigo a zonas rurales.<\/p>\n<p>El objetivo de este espacio de trabajo es formar consensos sobre c\u00f3mo mejorar la gesti\u00f3n de los caminos rurales a nivel federal para unificar informaci\u00f3n, proponer soluciones y comunicar tanto la problem\u00e1tica de la transitabilidad de los caminos como los derechos de los usuarios.<\/p>\n<p>Como primera acci\u00f3n, se debati\u00f3 la elaboraci\u00f3n de un curso virtual de capacitaci\u00f3n para los responsables de reparaciones de los caminos. Y m\u00e1s adelante tambi\u00e9n, se elaborar\u00e1n estrategias para los usuarios de la red. En la Mesa est\u00e1n convencidos que la capacitaci\u00f3n de quienes gestionan y trabajan los caminos optimizan los recursos dedicados a este fin y la concientizaci\u00f3n de los usuarios alarga la vida \u00fatil de los arreglos de los caminos.<\/p>\n<p>La Mesa est\u00e1 conformada por la Asociaci\u00f3n Argentina de Carreteras (AAC), Confederaci\u00f3n Intercooperativa Agropecuaria (CONINAGRO), Confederaciones Rurales Argentina (CRA), Consorcios Regionales de Experimentaci\u00f3n Agr\u00edcola (CREA), Federaci\u00f3n Agraria Argentina (FAA), Federaci\u00f3n Argentina de Contratistas de Maquinaria Agr\u00edcola (FACMA), Federaci\u00f3n Argentina de Entidades Empresarias del Autotransporte de Cargas (FADEEAC), Fundaci\u00f3n Agropecuaria para el Desarrollo de Argentina (FADA), Fundaci\u00f3n Barbechando y Sociedad Rural Argentina (SRA).<\/p>\n<p>Todas las entidades hab\u00edan trabajado previamente para atender esta problem\u00e1tica, por lo que la mesa busca integrar todo el trabajo de cada uno de sus integrantes en un esfuerzo com\u00fan, as\u00ed como tambi\u00e9n coordinar con los sectores p\u00fablicos que tienen l\u00edneas de trabajo espec\u00edficas sobre este tema, tanto a nivel nacional como a nivel de las provincias y los municipios.<em> (Fuente: Agritotal)<\/em><\/p>\n","protected":false},"excerpt":{"rendered":"<p>Se lanz\u00f3 oficialmente la Mesa de Trabajo de Caminos Rurales. La problem\u00e1tica ya se hab\u00eda incorporado a la agenda nacional por la necesidad urgente de soluciones que reclamaban productores y habitantes de pueblos rurales.<\/p>\n","protected":false},"author":2,"featured_media":29094,"comment_status":"open","ping_status":"open","sticky":false,"template":"","format":"standard","meta":{"fifu_image_url":"","fifu_image_alt":"","footnotes":""},"categories":[10],"tags":[106,936,107,120],"class_list":{"0":"post-29093","1":"post","2":"type-post","3":"status-publish","4":"format-standard","5":"has-post-thumbnail","7":"category-campo","8":"tag-caminos","9":"tag-mesa-de-caminos-rurales","10":"tag-obras-viales","11":"tag-produccion"},"yoast_head":"<title>Lanzan una Mesa de Caminos Rurales - Informe Litoral<\/title>\n<meta name=\"robots\" content=\"index, follow, max-snippet:-1, max-image-preview:large, max-video-preview:-1\" \/>\n<link rel=\"canonical\" href=\"https:\/\/informelitoral.com.ar\/lanzan-una-mesa-de-caminos-rurales\/\" \/>\n<meta property=\"og:locale\" content=\"es_ES\" \/>\n<meta property=\"og:type\" content=\"article\" \/>\n<meta property=\"og:title\" content=\"Lanzan una Mesa de Caminos Rurales - Informe Litoral\" \/>\n<meta property=\"og:description\" content=\"Se lanz\u00f3 oficialmente la Mesa de Trabajo de Caminos Rurales. La problem\u00e1tica ya se hab\u00eda incorporado a la agenda nacional por la necesidad urgente de soluciones que reclamaban productores y habitantes de pueblos rurales.\" \/>\n<meta property=\"og:url\" content=\"https:\/\/informelitoral.com.ar\/lanzan-una-mesa-de-caminos-rurales\/\" \/>\n<meta property=\"og:site_name\" content=\"Informe Litoral\" \/>\n<meta property=\"article:publisher\" content=\"https:\/\/www.facebook.com\/informelitoral\/\" \/>\n<meta property=\"article:published_time\" content=\"2018-08-24T10:55:11+00:00\" \/>\n<meta property=\"og:image\" content=\"https:\/\/informelitoral.com.ar\/%77%70%2d%63%6f%6e%74%65%6e%74\/uploads\/2018\/08\/caminosrurales.jpg\" \/>\n\t<meta property=\"og:image:width\" content=\"640\" \/>\n\t<meta property=\"og:image:height\" content=\"462\" \/>\n\t<meta property=\"og:image:type\" content=\"image\/jpeg\" \/>\n<meta name=\"author\" content=\"Gonzalo Schmidt\" \/>\n<meta name=\"twitter:card\" content=\"summary_large_image\" \/>\n<meta name=\"twitter:creator\" content=\"@InformeLitoral\" \/>\n<meta name=\"twitter:site\" content=\"@InformeLitoral\" \/>\n<meta name=\"twitter:label1\" content=\"Escrito por\" \/>\n\t<meta name=\"twitter:data1\" content=\"Gonzalo Schmidt\" \/>\n\t<meta name=\"twitter:label2\" content=\"Tiempo de lectura\" \/>\n\t<meta name=\"twitter:data2\" content=\"2 minutos\" \/>\n<script type=\"application\/ld+json\" class=\"yoast-schema-graph\">{\"@context\":\"https:\\\/\\\/schema.org\",\"@graph\":[{\"@type\":\"Article\",\"@id\":\"https:\\\/\\\/informelitoral.com.ar\\\/lanzan-una-mesa-de-caminos-rurales\\\/#article\",\"isPartOf\":{\"@id\":\"https:\\\/\\\/informelitoral.com.ar\\\/lanzan-una-mesa-de-caminos-rurales\\\/\"},\"author\":{\"name\":\"Gonzalo Schmidt\",\"@id\":\"https:\\\/\\\/informelitoral.com.ar\\\/#\\\/schema\\\/person\\\/b9d00407c836482871ef1d57bf8e3180\"},\"headline\":\"Lanzan una Mesa de Caminos Rurales\",\"datePublished\":\"2018-08-24T10:55:11+00:00\",\"mainEntityOfPage\":{\"@id\":\"https:\\\/\\\/informelitoral.com.ar\\\/lanzan-una-mesa-de-caminos-rurales\\\/\"},\"wordCount\":352,\"commentCount\":0,\"publisher\":{\"@id\":\"https:\\\/\\\/informelitoral.com.ar\\\/#organization\"},\"image\":{\"@id\":\"https:\\\/\\\/informelitoral.com.ar\\\/lanzan-una-mesa-de-caminos-rurales\\\/#primaryimage\"},\"thumbnailUrl\":\"https:\\\/\\\/informelitoral.com.ar\\\/%77%70%2d%63%6f%6e%74%65%6e%74\\\/uploads\\\/2018\\\/08\\\/caminosrurales.jpg\",\"keywords\":[\"Caminos\",\"Mesa de Caminos Rurales\",\"Obras viales\",\"Producci\u00f3n\"],\"articleSection\":[\"Campo\"],\"inLanguage\":\"es\",\"potentialAction\":[{\"@type\":\"CommentAction\",\"name\":\"Comment\",\"target\":[\"https:\\\/\\\/informelitoral.com.ar\\\/lanzan-una-mesa-de-caminos-rurales\\\/#respond\"]}]},{\"@type\":\"WebPage\",\"@id\":\"https:\\\/\\\/informelitoral.com.ar\\\/lanzan-una-mesa-de-caminos-rurales\\\/\",\"url\":\"https:\\\/\\\/informelitoral.com.ar\\\/lanzan-una-mesa-de-caminos-rurales\\\/\",\"name\":\"Lanzan una Mesa de Caminos Rurales - Informe Litoral\",\"isPartOf\":{\"@id\":\"https:\\\/\\\/informelitoral.com.ar\\\/#website\"},\"primaryImageOfPage\":{\"@id\":\"https:\\\/\\\/informelitoral.com.ar\\\/lanzan-una-mesa-de-caminos-rurales\\\/#primaryimage\"},\"image\":{\"@id\":\"https:\\\/\\\/informelitoral.com.ar\\\/lanzan-una-mesa-de-caminos-rurales\\\/#primaryimage\"},\"thumbnailUrl\":\"https:\\\/\\\/informelitoral.com.ar\\\/%77%70%2d%63%6f%6e%74%65%6e%74\\\/uploads\\\/2018\\\/08\\\/caminosrurales.jpg\",\"datePublished\":\"2018-08-24T10:55:11+00:00\",\"breadcrumb\":{\"@id\":\"https:\\\/\\\/informelitoral.com.ar\\\/lanzan-una-mesa-de-caminos-rurales\\\/#breadcrumb\"},\"inLanguage\":\"es\",\"potentialAction\":[{\"@type\":\"ReadAction\",\"target\":[\"https:\\\/\\\/informelitoral.com.ar\\\/lanzan-una-mesa-de-caminos-rurales\\\/\"]}]},{\"@type\":\"ImageObject\",\"inLanguage\":\"es\",\"@id\":\"https:\\\/\\\/informelitoral.com.ar\\\/lanzan-una-mesa-de-caminos-rurales\\\/#primaryimage\",\"url\":\"https:\\\/\\\/informelitoral.com.ar\\\/%77%70%2d%63%6f%6e%74%65%6e%74\\\/uploads\\\/2018\\\/08\\\/caminosrurales.jpg\",\"contentUrl\":\"https:\\\/\\\/informelitoral.com.ar\\\/%77%70%2d%63%6f%6e%74%65%6e%74\\\/uploads\\\/2018\\\/08\\\/caminosrurales.jpg\",\"width\":640,\"height\":462},{\"@type\":\"BreadcrumbList\",\"@id\":\"https:\\\/\\\/informelitoral.com.ar\\\/lanzan-una-mesa-de-caminos-rurales\\\/#breadcrumb\",\"itemListElement\":[{\"@type\":\"ListItem\",\"position\":1,\"name\":\"Portada\",\"item\":\"https:\\\/\\\/informelitoral.com.ar\\\/\"},{\"@type\":\"ListItem\",\"position\":2,\"name\":\"Lanzan una Mesa de Caminos Rurales\"}]},{\"@type\":\"WebSite\",\"@id\":\"https:\\\/\\\/informelitoral.com.ar\\\/#website\",\"url\":\"https:\\\/\\\/informelitoral.com.ar\\\/\",\"name\":\"Informe Litoral\",\"description\":\"&quot;Nos informamos&quot; \",\"publisher\":{\"@id\":\"https:\\\/\\\/informelitoral.com.ar\\\/#organization\"},\"potentialAction\":[{\"@type\":\"SearchAction\",\"target\":{\"@type\":\"EntryPoint\",\"urlTemplate\":\"https:\\\/\\\/informelitoral.com.ar\\\/?s={search_term_string}\"},\"query-input\":{\"@type\":\"PropertyValueSpecification\",\"valueRequired\":true,\"valueName\":\"search_term_string\"}}],\"inLanguage\":\"es\"},{\"@type\":\"Organization\",\"@id\":\"https:\\\/\\\/informelitoral.com.ar\\\/#organization\",\"name\":\"Informe Litoral\",\"url\":\"https:\\\/\\\/informelitoral.com.ar\\\/\",\"logo\":{\"@type\":\"ImageObject\",\"inLanguage\":\"es\",\"@id\":\"https:\\\/\\\/informelitoral.com.ar\\\/#\\\/schema\\\/logo\\\/image\\\/\",\"url\":\"https:\\\/\\\/informelitoral.com.ar\\\/%77%70%2d%63%6f%6e%74%65%6e%74\\\/uploads\\\/2021\\\/01\\\/circulo.png\",\"contentUrl\":\"https:\\\/\\\/informelitoral.com.ar\\\/%77%70%2d%63%6f%6e%74%65%6e%74\\\/uploads\\\/2021\\\/01\\\/circulo.png\",\"width\":723,\"height\":731,\"caption\":\"Informe Litoral\"},\"image\":{\"@id\":\"https:\\\/\\\/informelitoral.com.ar\\\/#\\\/schema\\\/logo\\\/image\\\/\"},\"sameAs\":[\"https:\\\/\\\/www.facebook.com\\\/informelitoral\\\/\",\"https:\\\/\\\/x.com\\\/InformeLitoral\",\"https:\\\/\\\/www.instagram.com\\\/informelitoral\\\/\",\"https:\\\/\\\/www.youtube.com\\\/channel\\\/UCua4Qvz8Icb6MYqhoq9xLXw\"]},{\"@type\":\"Person\",\"@id\":\"https:\\\/\\\/informelitoral.com.ar\\\/#\\\/schema\\\/person\\\/b9d00407c836482871ef1d57bf8e3180\",\"name\":\"Gonzalo Schmidt\",\"image\":{\"@type\":\"ImageObject\",\"inLanguage\":\"es\",\"@id\":\"https:\\\/\\\/secure.gravatar.com\\\/avatar\\\/31a1a7b66ff2de83bd0e9fd79d026630d2d99e55e8bfe501287647b4fd9743de?s=96&d=mm&r=g\",\"url\":\"https:\\\/\\\/secure.gravatar.com\\\/avatar\\\/31a1a7b66ff2de83bd0e9fd79d026630d2d99e55e8bfe501287647b4fd9743de?s=96&d=mm&r=g\",\"contentUrl\":\"https:\\\/\\\/secure.gravatar.com\\\/avatar\\\/31a1a7b66ff2de83bd0e9fd79d026630d2d99e55e8bfe501287647b4fd9743de?s=96&d=mm&r=g\",\"caption\":\"Gonzalo Schmidt\"},\"description\":\"Sitio web de noticias de la provincia de Entre R\u00edos, Argentina. Informaci\u00f3n y entretenimiento. Informe Litoral, nos informamos.\",\"sameAs\":[\"http:\\\/\\\/www.isletasnoticias.com.ar\"],\"url\":\"https:\\\/\\\/informelitoral.com.ar\\\/author\\\/gonzalo\\\/\"}]}<\/script>","yoast_head_json":{"title":"Lanzan una Mesa de Caminos Rurales - Informe Litoral","robots":{"index":"index","follow":"follow","max-snippet":"max-snippet:-1","max-image-preview":"max-image-preview:large","max-video-preview":"max-video-preview:-1"},"canonical":"https:\/\/informelitoral.com.ar\/lanzan-una-mesa-de-caminos-rurales\/","og_locale":"es_ES","og_type":"article","og_title":"Lanzan una Mesa de Caminos Rurales - Informe Litoral","og_description":"Se lanz\u00f3 oficialmente la Mesa de Trabajo de Caminos Rurales. La problem\u00e1tica ya se hab\u00eda incorporado a la agenda nacional por la necesidad urgente de soluciones que reclamaban productores y habitantes de pueblos rurales.","og_url":"https:\/\/informelitoral.com.ar\/lanzan-una-mesa-de-caminos-rurales\/","og_site_name":"Informe Litoral","article_publisher":"https:\/\/www.facebook.com\/informelitoral\/","article_published_time":"2018-08-24T10:55:11+00:00","og_image":[{"width":640,"height":462,"url":"https:\/\/informelitoral.com.ar\/%77%70%2d%63%6f%6e%74%65%6e%74\/uploads\/2018\/08\/caminosrurales.jpg","type":"image\/jpeg"}],"author":"Gonzalo Schmidt","twitter_card":"summary_large_image","twitter_creator":"@InformeLitoral","twitter_site":"@InformeLitoral","twitter_misc":{"Escrito por":"Gonzalo Schmidt","Tiempo de lectura":"2 minutos"},"schema":{"@context":"https:\/\/schema.org","@graph":[{"@type":"Article","@id":"https:\/\/informelitoral.com.ar\/lanzan-una-mesa-de-caminos-rurales\/#article","isPartOf":{"@id":"https:\/\/informelitoral.com.ar\/lanzan-una-mesa-de-caminos-rurales\/"},"author":{"name":"Gonzalo Schmidt","@id":"https:\/\/informelitoral.com.ar\/#\/schema\/person\/b9d00407c836482871ef1d57bf8e3180"},"headline":"Lanzan una Mesa de Caminos Rurales","datePublished":"2018-08-24T10:55:11+00:00","mainEntityOfPage":{"@id":"https:\/\/informelitoral.com.ar\/lanzan-una-mesa-de-caminos-rurales\/"},"wordCount":352,"commentCount":0,"publisher":{"@id":"https:\/\/informelitoral.com.ar\/#organization"},"image":{"@id":"https:\/\/informelitoral.com.ar\/lanzan-una-mesa-de-caminos-rurales\/#primaryimage"},"thumbnailUrl":"https:\/\/informelitoral.com.ar\/%77%70%2d%63%6f%6e%74%65%6e%74\/uploads\/2018\/08\/caminosrurales.jpg","keywords":["Caminos","Mesa de Caminos Rurales","Obras viales","Producci\u00f3n"],"articleSection":["Campo"],"inLanguage":"es","potentialAction":[{"@type":"CommentAction","name":"Comment","target":["https:\/\/informelitoral.com.ar\/lanzan-una-mesa-de-caminos-rurales\/#respond"]}]},{"@type":"WebPage","@id":"https:\/\/informelitoral.com.ar\/lanzan-una-mesa-de-caminos-rurales\/","url":"https:\/\/informelitoral.com.ar\/lanzan-una-mesa-de-caminos-rurales\/","name":"Lanzan una Mesa de Caminos Rurales - Informe Litoral","isPartOf":{"@id":"https:\/\/informelitoral.com.ar\/#website"},"primaryImageOfPage":{"@id":"https:\/\/informelitoral.com.ar\/lanzan-una-mesa-de-caminos-rurales\/#primaryimage"},"image":{"@id":"https:\/\/informelitoral.com.ar\/lanzan-una-mesa-de-caminos-rurales\/#primaryimage"},"thumbnailUrl":"https:\/\/informelitoral.com.ar\/%77%70%2d%63%6f%6e%74%65%6e%74\/uploads\/2018\/08\/caminosrurales.jpg","datePublished":"2018-08-24T10:55:11+00:00","breadcrumb":{"@id":"https:\/\/informelitoral.com.ar\/lanzan-una-mesa-de-caminos-rurales\/#breadcrumb"},"inLanguage":"es","potentialAction":[{"@type":"ReadAction","target":["https:\/\/informelitoral.com.ar\/lanzan-una-mesa-de-caminos-rurales\/"]}]},{"@type":"ImageObject","inLanguage":"es","@id":"https:\/\/informelitoral.com.ar\/lanzan-una-mesa-de-caminos-rurales\/#primaryimage","url":"https:\/\/informelitoral.com.ar\/%77%70%2d%63%6f%6e%74%65%6e%74\/uploads\/2018\/08\/caminosrurales.jpg","contentUrl":"https:\/\/informelitoral.com.ar\/%77%70%2d%63%6f%6e%74%65%6e%74\/uploads\/2018\/08\/caminosrurales.jpg","width":640,"height":462},{"@type":"BreadcrumbList","@id":"https:\/\/informelitoral.com.ar\/lanzan-una-mesa-de-caminos-rurales\/#breadcrumb","itemListElement":[{"@type":"ListItem","position":1,"name":"Portada","item":"https:\/\/informelitoral.com.ar\/"},{"@type":"ListItem","position":2,"name":"Lanzan una Mesa de Caminos Rurales"}]},{"@type":"WebSite","@id":"https:\/\/informelitoral.com.ar\/#website","url":"https:\/\/informelitoral.com.ar\/","name":"Informe Litoral","description":"&quot;Nos informamos&quot; ","publisher":{"@id":"https:\/\/informelitoral.com.ar\/#organization"},"potentialAction":[{"@type":"SearchAction","target":{"@type":"EntryPoint","urlTemplate":"https:\/\/informelitoral.com.ar\/?s={search_term_string}"},"query-input":{"@type":"PropertyValueSpecification","valueRequired":true,"valueName":"search_term_string"}}],"inLanguage":"es"},{"@type":"Organization","@id":"https:\/\/informelitoral.com.ar\/#organization","name":"Informe Litoral","url":"https:\/\/informelitoral.com.ar\/","logo":{"@type":"ImageObject","inLanguage":"es","@id":"https:\/\/informelitoral.com.ar\/#\/schema\/logo\/image\/","url":"https:\/\/informelitoral.com.ar\/%77%70%2d%63%6f%6e%74%65%6e%74\/uploads\/2021\/01\/circulo.png","contentUrl":"https:\/\/informelitoral.com.ar\/%77%70%2d%63%6f%6e%74%65%6e%74\/uploads\/2021\/01\/circulo.png","width":723,"height":731,"caption":"Informe Litoral"},"image":{"@id":"https:\/\/informelitoral.com.ar\/#\/schema\/logo\/image\/"},"sameAs":["https:\/\/www.facebook.com\/informelitoral\/","https:\/\/x.com\/InformeLitoral","https:\/\/www.instagram.com\/informelitoral\/","https:\/\/www.youtube.com\/channel\/UCua4Qvz8Icb6MYqhoq9xLXw"]},{"@type":"Person","@id":"https:\/\/informelitoral.com.ar\/#\/schema\/person\/b9d00407c836482871ef1d57bf8e3180","name":"Gonzalo Schmidt","image":{"@type":"ImageObject","inLanguage":"es","@id":"https:\/\/secure.gravatar.com\/avatar\/31a1a7b66ff2de83bd0e9fd79d026630d2d99e55e8bfe501287647b4fd9743de?s=96&d=mm&r=g","url":"https:\/\/secure.gravatar.com\/avatar\/31a1a7b66ff2de83bd0e9fd79d026630d2d99e55e8bfe501287647b4fd9743de?s=96&d=mm&r=g","contentUrl":"https:\/\/secure.gravatar.com\/avatar\/31a1a7b66ff2de83bd0e9fd79d026630d2d99e55e8bfe501287647b4fd9743de?s=96&d=mm&r=g","caption":"Gonzalo Schmidt"},"description":"Sitio web de noticias de la provincia de Entre R\u00edos, Argentina. Informaci\u00f3n y entretenimiento. Informe Litoral, nos informamos.","sameAs":["http:\/\/www.isletasnoticias.com.ar"],"url":"https:\/\/informelitoral.com.ar\/author\/gonzalo\/"}]}},"_links":{"self":[{"href":"https:\/\/informelitoral.com.ar\/%77%70%2d%6a%73%6f%6e\/wp\/v2\/posts\/29093","targetHints":{"allow":["GET"]}}],"collection":[{"href":"https:\/\/informelitoral.com.ar\/%77%70%2d%6a%73%6f%6e\/wp\/v2\/posts"}],"about":[{"href":"https:\/\/informelitoral.com.ar\/%77%70%2d%6a%73%6f%6e\/wp\/v2\/types\/post"}],"author":[{"embeddable":true,"href":"https:\/\/informelitoral.com.ar\/%77%70%2d%6a%73%6f%6e\/wp\/v2\/users\/2"}],"replies":[{"embeddable":true,"href":"https:\/\/informelitoral.com.ar\/%77%70%2d%6a%73%6f%6e\/wp\/v2\/comments?post=29093"}],"version-history":[{"count":0,"href":"https:\/\/informelitoral.com.ar\/%77%70%2d%6a%73%6f%6e\/wp\/v2\/posts\/29093\/revisions"}],"wp:featuredmedia":[{"embeddable":true,"href":"https:\/\/informelitoral.com.ar\/%77%70%2d%6a%73%6f%6e\/wp\/v2\/media\/29094"}],"wp:attachment":[{"href":"https:\/\/informelitoral.com.ar\/%77%70%2d%6a%73%6f%6e\/wp\/v2\/media?parent=29093"}],"wp:term":[{"taxonomy":"category","embeddable":true,"href":"https:\/\/informelitoral.com.ar\/%77%70%2d%6a%73%6f%6e\/wp\/v2\/categories?post=29093"},{"taxonomy":"post_tag","embeddable":true,"href":"https:\/\/informelitoral.com.ar\/%77%70%2d%6a%73%6f%6e\/wp\/v2\/tags?post=29093"}],"curies":[{"name":"wp","href":"https:\/\/api.w.org\/{rel}","templated":true}]}}