{"id":287,"date":"2013-03-15T09:15:50","date_gmt":"2013-03-15T12:15:50","guid":{"rendered":"http:\/\/www.isletasnoticias.com.ar\/?p=287"},"modified":"2013-03-15T09:16:27","modified_gmt":"2013-03-15T12:16:27","slug":"este-sabado-16-fiesta-zonal-de-la-cerveza-en-la-escuela-n-20-de-isletas","status":"publish","type":"post","link":"https:\/\/informelitoral.com.ar\/este-sabado-16-fiesta-zonal-de-la-cerveza-en-la-escuela-n-20-de-isletas\/","title":{"rendered":"Este s\u00e1bado 16: Fiesta Zonal de la Cerveza en la Escuela N\u00b0 20 de Isletas"},"content":{"rendered":"<p><strong>Este s\u00e1bado 16 de marzo se realizar\u00e1 la Fiesta Zonal de la Cerveza en la Escuela N\u00b0 20 \u00abAcuerdo de San Nicol\u00e1s\u00bb de la localidad de Isletas. Habr\u00e1 venta de com<\/strong><strong>idas y actuar\u00e1n la Bandita Edelweiss y los Nuevos Waigandt. La entrada sale $30.<\/strong><\/p>\n<p><img loading=\"lazy\" decoding=\"async\" class=\"size-medium wp-image-288 alignright\" alt=\"\" src=\"http:\/\/www.isletasnoticias.com.ar\/%77%70%2d%63%6f%6e%74%65%6e%74\/uploads\/2013\/03\/esc-20-300x225.jpg\" width=\"300\" height=\"225\" srcset=\"https:\/\/informelitoral.com.ar\/%77%70%2d%63%6f%6e%74%65%6e%74\/uploads\/2013\/03\/esc-20-300x225.jpg 300w, https:\/\/informelitoral.com.ar\/%77%70%2d%63%6f%6e%74%65%6e%74\/uploads\/2013\/03\/esc-20.jpg 960w\" sizes=\"auto, (max-width: 300px) 100vw, 300px\" \/><strong>\u00a0<\/strong>Los organizadores ya comenzaron con los preparativos, porque este s\u00e1bado se viene la Fiesta Zonal de la Cerveza en la Escuela N\u00b0 20 de Isletas.<\/p>\n<p>A partir de las 21:00, habr\u00e1 venta de asado con cuero, pollo y ensaladas varias. Se solicita llevar cubiertos completos.<\/p>\n<p>En cuando a lo musical, se presentar\u00e1 la Bandita Edelweiss y Los Nuevos Waigandt de Crespo. La entrada tiene un valor de $30. Adem\u00e1s durante toda la noche habr\u00e1 venta de choripanes, torta, alfajores, helado, esmerado servicio de cantina y mucha cerveza.<\/p>\n","protected":false},"excerpt":{"rendered":"<p>Este s&aacute;bado 16 de marzo se realizar&aacute; la Fiesta Zonal de la Cerveza en la Escuela N&deg; 20 &laquo;Acuerdo de San Nicol&aacute;s&raquo; de la localidad de Isletas. Habr&aacute; venta de comidas y actuar&aacute;n la Bandita Edelweiss y los Nuevos Waigandt. La entrada sale $30. &nbsp;Los organizadores ya comenzaron con los preparativos, porque este s&aacute;bado se [&hellip;]<\/p>\n","protected":false},"author":2,"featured_media":0,"comment_status":"open","ping_status":"open","sticky":false,"template":"","format":"standard","meta":{"fifu_image_url":"","fifu_image_alt":"","footnotes":""},"categories":[4],"tags":[],"class_list":{"0":"post-287","1":"post","2":"type-post","3":"status-publish","4":"format-standard","6":"category-locales"},"yoast_head":"<title>Este s\u00e1bado 16: Fiesta Zonal de la Cerveza en la Escuela N\u00b0 20 de Isletas - Informe Litoral<\/title>\n<meta name=\"robots\" content=\"index, follow, max-snippet:-1, max-image-preview:large, max-video-preview:-1\" \/>\n<link rel=\"canonical\" href=\"https:\/\/informelitoral.com.ar\/este-sabado-16-fiesta-zonal-de-la-cerveza-en-la-escuela-n-20-de-isletas\/\" \/>\n<meta property=\"og:locale\" content=\"es_ES\" \/>\n<meta property=\"og:type\" content=\"article\" \/>\n<meta property=\"og:title\" content=\"Este s\u00e1bado 16: Fiesta Zonal de la Cerveza en la Escuela N\u00b0 20 de Isletas - Informe Litoral\" \/>\n<meta property=\"og:description\" content=\"Este s&aacute;bado 16 de marzo se realizar&aacute; la Fiesta Zonal de la Cerveza en la Escuela N&deg; 20 &laquo;Acuerdo de San Nicol&aacute;s&raquo; de la localidad de Isletas. Habr&aacute; venta de comidas y actuar&aacute;n la Bandita Edelweiss y los Nuevos Waigandt. La entrada sale $30. &nbsp;Los organizadores ya comenzaron con los preparativos, porque este s&aacute;bado se [&hellip;]\" \/>\n<meta property=\"og:url\" content=\"https:\/\/informelitoral.com.ar\/este-sabado-16-fiesta-zonal-de-la-cerveza-en-la-escuela-n-20-de-isletas\/\" \/>\n<meta property=\"og:site_name\" content=\"Informe Litoral\" \/>\n<meta property=\"article:publisher\" content=\"https:\/\/www.facebook.com\/informelitoral\/\" \/>\n<meta property=\"article:published_time\" content=\"2013-03-15T12:15:50+00:00\" \/>\n<meta property=\"article:modified_time\" content=\"2013-03-15T12:16:27+00:00\" \/>\n<meta property=\"og:image\" content=\"https:\/\/informelitoral.com.ar\/%77%70%2d%63%6f%6e%74%65%6e%74\/uploads\/2013\/03\/esc-20.jpg\" \/>\n\t<meta property=\"og:image:width\" content=\"960\" \/>\n\t<meta property=\"og:image:height\" content=\"720\" \/>\n\t<meta property=\"og:image:type\" content=\"image\/jpeg\" \/>\n<meta name=\"author\" content=\"Gonzalo Schmidt\" \/>\n<meta name=\"twitter:card\" content=\"summary_large_image\" \/>\n<meta name=\"twitter:creator\" content=\"@InformeLitoral\" \/>\n<meta name=\"twitter:site\" content=\"@InformeLitoral\" \/>\n<meta name=\"twitter:label1\" content=\"Escrito por\" \/>\n\t<meta name=\"twitter:data1\" content=\"Gonzalo Schmidt\" \/>\n\t<meta name=\"twitter:label2\" content=\"Tiempo de lectura\" \/>\n\t<meta name=\"twitter:data2\" content=\"1 minuto\" \/>\n<script type=\"application\/ld+json\" class=\"yoast-schema-graph\">{\"@context\":\"https:\\\/\\\/schema.org\",\"@graph\":[{\"@type\":\"Article\",\"@id\":\"https:\\\/\\\/informelitoral.com.ar\\\/este-sabado-16-fiesta-zonal-de-la-cerveza-en-la-escuela-n-20-de-isletas\\\/#article\",\"isPartOf\":{\"@id\":\"https:\\\/\\\/informelitoral.com.ar\\\/este-sabado-16-fiesta-zonal-de-la-cerveza-en-la-escuela-n-20-de-isletas\\\/\"},\"author\":{\"name\":\"Gonzalo Schmidt\",\"@id\":\"https:\\\/\\\/informelitoral.com.ar\\\/#\\\/schema\\\/person\\\/b9d00407c836482871ef1d57bf8e3180\"},\"headline\":\"Este s\u00e1bado 16: Fiesta Zonal de la Cerveza en la Escuela N\u00b0 20 de Isletas\",\"datePublished\":\"2013-03-15T12:15:50+00:00\",\"dateModified\":\"2013-03-15T12:16:27+00:00\",\"mainEntityOfPage\":{\"@id\":\"https:\\\/\\\/informelitoral.com.ar\\\/este-sabado-16-fiesta-zonal-de-la-cerveza-en-la-escuela-n-20-de-isletas\\\/\"},\"wordCount\":145,\"commentCount\":0,\"publisher\":{\"@id\":\"https:\\\/\\\/informelitoral.com.ar\\\/#organization\"},\"image\":{\"@id\":\"https:\\\/\\\/informelitoral.com.ar\\\/este-sabado-16-fiesta-zonal-de-la-cerveza-en-la-escuela-n-20-de-isletas\\\/#primaryimage\"},\"thumbnailUrl\":\"http:\\\/\\\/www.isletasnoticias.com.ar\\\/%77%70%2d%63%6f%6e%74%65%6e%74\\\/uploads\\\/2013\\\/03\\\/esc-20-300x225.jpg\",\"articleSection\":[\"Isletas\"],\"inLanguage\":\"es\",\"potentialAction\":[{\"@type\":\"CommentAction\",\"name\":\"Comment\",\"target\":[\"https:\\\/\\\/informelitoral.com.ar\\\/este-sabado-16-fiesta-zonal-de-la-cerveza-en-la-escuela-n-20-de-isletas\\\/#respond\"]}]},{\"@type\":\"WebPage\",\"@id\":\"https:\\\/\\\/informelitoral.com.ar\\\/este-sabado-16-fiesta-zonal-de-la-cerveza-en-la-escuela-n-20-de-isletas\\\/\",\"url\":\"https:\\\/\\\/informelitoral.com.ar\\\/este-sabado-16-fiesta-zonal-de-la-cerveza-en-la-escuela-n-20-de-isletas\\\/\",\"name\":\"Este s\u00e1bado 16: Fiesta Zonal de la Cerveza en la Escuela N\u00b0 20 de Isletas - Informe Litoral\",\"isPartOf\":{\"@id\":\"https:\\\/\\\/informelitoral.com.ar\\\/#website\"},\"primaryImageOfPage\":{\"@id\":\"https:\\\/\\\/informelitoral.com.ar\\\/este-sabado-16-fiesta-zonal-de-la-cerveza-en-la-escuela-n-20-de-isletas\\\/#primaryimage\"},\"image\":{\"@id\":\"https:\\\/\\\/informelitoral.com.ar\\\/este-sabado-16-fiesta-zonal-de-la-cerveza-en-la-escuela-n-20-de-isletas\\\/#primaryimage\"},\"thumbnailUrl\":\"http:\\\/\\\/www.isletasnoticias.com.ar\\\/%77%70%2d%63%6f%6e%74%65%6e%74\\\/uploads\\\/2013\\\/03\\\/esc-20-300x225.jpg\",\"datePublished\":\"2013-03-15T12:15:50+00:00\",\"dateModified\":\"2013-03-15T12:16:27+00:00\",\"breadcrumb\":{\"@id\":\"https:\\\/\\\/informelitoral.com.ar\\\/este-sabado-16-fiesta-zonal-de-la-cerveza-en-la-escuela-n-20-de-isletas\\\/#breadcrumb\"},\"inLanguage\":\"es\",\"potentialAction\":[{\"@type\":\"ReadAction\",\"target\":[\"https:\\\/\\\/informelitoral.com.ar\\\/este-sabado-16-fiesta-zonal-de-la-cerveza-en-la-escuela-n-20-de-isletas\\\/\"]}]},{\"@type\":\"ImageObject\",\"inLanguage\":\"es\",\"@id\":\"https:\\\/\\\/informelitoral.com.ar\\\/este-sabado-16-fiesta-zonal-de-la-cerveza-en-la-escuela-n-20-de-isletas\\\/#primaryimage\",\"url\":\"http:\\\/\\\/www.isletasnoticias.com.ar\\\/%77%70%2d%63%6f%6e%74%65%6e%74\\\/uploads\\\/2013\\\/03\\\/esc-20-300x225.jpg\",\"contentUrl\":\"http:\\\/\\\/www.isletasnoticias.com.ar\\\/%77%70%2d%63%6f%6e%74%65%6e%74\\\/uploads\\\/2013\\\/03\\\/esc-20-300x225.jpg\"},{\"@type\":\"BreadcrumbList\",\"@id\":\"https:\\\/\\\/informelitoral.com.ar\\\/este-sabado-16-fiesta-zonal-de-la-cerveza-en-la-escuela-n-20-de-isletas\\\/#breadcrumb\",\"itemListElement\":[{\"@type\":\"ListItem\",\"position\":1,\"name\":\"Portada\",\"item\":\"https:\\\/\\\/informelitoral.com.ar\\\/\"},{\"@type\":\"ListItem\",\"position\":2,\"name\":\"Este s\u00e1bado 16: Fiesta Zonal de la Cerveza en la Escuela N\u00b0 20 de Isletas\"}]},{\"@type\":\"WebSite\",\"@id\":\"https:\\\/\\\/informelitoral.com.ar\\\/#website\",\"url\":\"https:\\\/\\\/informelitoral.com.ar\\\/\",\"name\":\"Informe Litoral\",\"description\":\"&quot;Nos informamos&quot; \",\"publisher\":{\"@id\":\"https:\\\/\\\/informelitoral.com.ar\\\/#organization\"},\"potentialAction\":[{\"@type\":\"SearchAction\",\"target\":{\"@type\":\"EntryPoint\",\"urlTemplate\":\"https:\\\/\\\/informelitoral.com.ar\\\/?s={search_term_string}\"},\"query-input\":{\"@type\":\"PropertyValueSpecification\",\"valueRequired\":true,\"valueName\":\"search_term_string\"}}],\"inLanguage\":\"es\"},{\"@type\":\"Organization\",\"@id\":\"https:\\\/\\\/informelitoral.com.ar\\\/#organization\",\"name\":\"Informe Litoral\",\"url\":\"https:\\\/\\\/informelitoral.com.ar\\\/\",\"logo\":{\"@type\":\"ImageObject\",\"inLanguage\":\"es\",\"@id\":\"https:\\\/\\\/informelitoral.com.ar\\\/#\\\/schema\\\/logo\\\/image\\\/\",\"url\":\"https:\\\/\\\/informelitoral.com.ar\\\/%77%70%2d%63%6f%6e%74%65%6e%74\\\/uploads\\\/2021\\\/01\\\/circulo.png\",\"contentUrl\":\"https:\\\/\\\/informelitoral.com.ar\\\/%77%70%2d%63%6f%6e%74%65%6e%74\\\/uploads\\\/2021\\\/01\\\/circulo.png\",\"width\":723,\"height\":731,\"caption\":\"Informe Litoral\"},\"image\":{\"@id\":\"https:\\\/\\\/informelitoral.com.ar\\\/#\\\/schema\\\/logo\\\/image\\\/\"},\"sameAs\":[\"https:\\\/\\\/www.facebook.com\\\/informelitoral\\\/\",\"https:\\\/\\\/x.com\\\/InformeLitoral\",\"https:\\\/\\\/www.instagram.com\\\/informelitoral\\\/\",\"https:\\\/\\\/www.youtube.com\\\/channel\\\/UCua4Qvz8Icb6MYqhoq9xLXw\"]},{\"@type\":\"Person\",\"@id\":\"https:\\\/\\\/informelitoral.com.ar\\\/#\\\/schema\\\/person\\\/b9d00407c836482871ef1d57bf8e3180\",\"name\":\"Gonzalo Schmidt\",\"image\":{\"@type\":\"ImageObject\",\"inLanguage\":\"es\",\"@id\":\"https:\\\/\\\/secure.gravatar.com\\\/avatar\\\/31a1a7b66ff2de83bd0e9fd79d026630d2d99e55e8bfe501287647b4fd9743de?s=96&d=mm&r=g\",\"url\":\"https:\\\/\\\/secure.gravatar.com\\\/avatar\\\/31a1a7b66ff2de83bd0e9fd79d026630d2d99e55e8bfe501287647b4fd9743de?s=96&d=mm&r=g\",\"contentUrl\":\"https:\\\/\\\/secure.gravatar.com\\\/avatar\\\/31a1a7b66ff2de83bd0e9fd79d026630d2d99e55e8bfe501287647b4fd9743de?s=96&d=mm&r=g\",\"caption\":\"Gonzalo Schmidt\"},\"description\":\"Sitio web de noticias de la provincia de Entre R\u00edos, Argentina. Informaci\u00f3n y entretenimiento. Informe Litoral, nos informamos.\",\"sameAs\":[\"http:\\\/\\\/www.isletasnoticias.com.ar\"],\"url\":\"https:\\\/\\\/informelitoral.com.ar\\\/author\\\/gonzalo\\\/\"}]}<\/script>","yoast_head_json":{"title":"Este s\u00e1bado 16: Fiesta Zonal de la Cerveza en la Escuela N\u00b0 20 de Isletas - Informe Litoral","robots":{"index":"index","follow":"follow","max-snippet":"max-snippet:-1","max-image-preview":"max-image-preview:large","max-video-preview":"max-video-preview:-1"},"canonical":"https:\/\/informelitoral.com.ar\/este-sabado-16-fiesta-zonal-de-la-cerveza-en-la-escuela-n-20-de-isletas\/","og_locale":"es_ES","og_type":"article","og_title":"Este s\u00e1bado 16: Fiesta Zonal de la Cerveza en la Escuela N\u00b0 20 de Isletas - Informe Litoral","og_description":"Este s&aacute;bado 16 de marzo se realizar&aacute; la Fiesta Zonal de la Cerveza en la Escuela N&deg; 20 &laquo;Acuerdo de San Nicol&aacute;s&raquo; de la localidad de Isletas. Habr&aacute; venta de comidas y actuar&aacute;n la Bandita Edelweiss y los Nuevos Waigandt. La entrada sale $30. &nbsp;Los organizadores ya comenzaron con los preparativos, porque este s&aacute;bado se [&hellip;]","og_url":"https:\/\/informelitoral.com.ar\/este-sabado-16-fiesta-zonal-de-la-cerveza-en-la-escuela-n-20-de-isletas\/","og_site_name":"Informe Litoral","article_publisher":"https:\/\/www.facebook.com\/informelitoral\/","article_published_time":"2013-03-15T12:15:50+00:00","article_modified_time":"2013-03-15T12:16:27+00:00","og_image":[{"width":960,"height":720,"url":"https:\/\/informelitoral.com.ar\/%77%70%2d%63%6f%6e%74%65%6e%74\/uploads\/2013\/03\/esc-20.jpg","type":"image\/jpeg"}],"author":"Gonzalo Schmidt","twitter_card":"summary_large_image","twitter_creator":"@InformeLitoral","twitter_site":"@InformeLitoral","twitter_misc":{"Escrito por":"Gonzalo Schmidt","Tiempo de lectura":"1 minuto"},"schema":{"@context":"https:\/\/schema.org","@graph":[{"@type":"Article","@id":"https:\/\/informelitoral.com.ar\/este-sabado-16-fiesta-zonal-de-la-cerveza-en-la-escuela-n-20-de-isletas\/#article","isPartOf":{"@id":"https:\/\/informelitoral.com.ar\/este-sabado-16-fiesta-zonal-de-la-cerveza-en-la-escuela-n-20-de-isletas\/"},"author":{"name":"Gonzalo Schmidt","@id":"https:\/\/informelitoral.com.ar\/#\/schema\/person\/b9d00407c836482871ef1d57bf8e3180"},"headline":"Este s\u00e1bado 16: Fiesta Zonal de la Cerveza en la Escuela N\u00b0 20 de Isletas","datePublished":"2013-03-15T12:15:50+00:00","dateModified":"2013-03-15T12:16:27+00:00","mainEntityOfPage":{"@id":"https:\/\/informelitoral.com.ar\/este-sabado-16-fiesta-zonal-de-la-cerveza-en-la-escuela-n-20-de-isletas\/"},"wordCount":145,"commentCount":0,"publisher":{"@id":"https:\/\/informelitoral.com.ar\/#organization"},"image":{"@id":"https:\/\/informelitoral.com.ar\/este-sabado-16-fiesta-zonal-de-la-cerveza-en-la-escuela-n-20-de-isletas\/#primaryimage"},"thumbnailUrl":"http:\/\/www.isletasnoticias.com.ar\/%77%70%2d%63%6f%6e%74%65%6e%74\/uploads\/2013\/03\/esc-20-300x225.jpg","articleSection":["Isletas"],"inLanguage":"es","potentialAction":[{"@type":"CommentAction","name":"Comment","target":["https:\/\/informelitoral.com.ar\/este-sabado-16-fiesta-zonal-de-la-cerveza-en-la-escuela-n-20-de-isletas\/#respond"]}]},{"@type":"WebPage","@id":"https:\/\/informelitoral.com.ar\/este-sabado-16-fiesta-zonal-de-la-cerveza-en-la-escuela-n-20-de-isletas\/","url":"https:\/\/informelitoral.com.ar\/este-sabado-16-fiesta-zonal-de-la-cerveza-en-la-escuela-n-20-de-isletas\/","name":"Este s\u00e1bado 16: Fiesta Zonal de la Cerveza en la Escuela N\u00b0 20 de Isletas - Informe Litoral","isPartOf":{"@id":"https:\/\/informelitoral.com.ar\/#website"},"primaryImageOfPage":{"@id":"https:\/\/informelitoral.com.ar\/este-sabado-16-fiesta-zonal-de-la-cerveza-en-la-escuela-n-20-de-isletas\/#primaryimage"},"image":{"@id":"https:\/\/informelitoral.com.ar\/este-sabado-16-fiesta-zonal-de-la-cerveza-en-la-escuela-n-20-de-isletas\/#primaryimage"},"thumbnailUrl":"http:\/\/www.isletasnoticias.com.ar\/%77%70%2d%63%6f%6e%74%65%6e%74\/uploads\/2013\/03\/esc-20-300x225.jpg","datePublished":"2013-03-15T12:15:50+00:00","dateModified":"2013-03-15T12:16:27+00:00","breadcrumb":{"@id":"https:\/\/informelitoral.com.ar\/este-sabado-16-fiesta-zonal-de-la-cerveza-en-la-escuela-n-20-de-isletas\/#breadcrumb"},"inLanguage":"es","potentialAction":[{"@type":"ReadAction","target":["https:\/\/informelitoral.com.ar\/este-sabado-16-fiesta-zonal-de-la-cerveza-en-la-escuela-n-20-de-isletas\/"]}]},{"@type":"ImageObject","inLanguage":"es","@id":"https:\/\/informelitoral.com.ar\/este-sabado-16-fiesta-zonal-de-la-cerveza-en-la-escuela-n-20-de-isletas\/#primaryimage","url":"http:\/\/www.isletasnoticias.com.ar\/%77%70%2d%63%6f%6e%74%65%6e%74\/uploads\/2013\/03\/esc-20-300x225.jpg","contentUrl":"http:\/\/www.isletasnoticias.com.ar\/%77%70%2d%63%6f%6e%74%65%6e%74\/uploads\/2013\/03\/esc-20-300x225.jpg"},{"@type":"BreadcrumbList","@id":"https:\/\/informelitoral.com.ar\/este-sabado-16-fiesta-zonal-de-la-cerveza-en-la-escuela-n-20-de-isletas\/#breadcrumb","itemListElement":[{"@type":"ListItem","position":1,"name":"Portada","item":"https:\/\/informelitoral.com.ar\/"},{"@type":"ListItem","position":2,"name":"Este s\u00e1bado 16: Fiesta Zonal de la Cerveza en la Escuela N\u00b0 20 de Isletas"}]},{"@type":"WebSite","@id":"https:\/\/informelitoral.com.ar\/#website","url":"https:\/\/informelitoral.com.ar\/","name":"Informe Litoral","description":"&quot;Nos informamos&quot; ","publisher":{"@id":"https:\/\/informelitoral.com.ar\/#organization"},"potentialAction":[{"@type":"SearchAction","target":{"@type":"EntryPoint","urlTemplate":"https:\/\/informelitoral.com.ar\/?s={search_term_string}"},"query-input":{"@type":"PropertyValueSpecification","valueRequired":true,"valueName":"search_term_string"}}],"inLanguage":"es"},{"@type":"Organization","@id":"https:\/\/informelitoral.com.ar\/#organization","name":"Informe Litoral","url":"https:\/\/informelitoral.com.ar\/","logo":{"@type":"ImageObject","inLanguage":"es","@id":"https:\/\/informelitoral.com.ar\/#\/schema\/logo\/image\/","url":"https:\/\/informelitoral.com.ar\/%77%70%2d%63%6f%6e%74%65%6e%74\/uploads\/2021\/01\/circulo.png","contentUrl":"https:\/\/informelitoral.com.ar\/%77%70%2d%63%6f%6e%74%65%6e%74\/uploads\/2021\/01\/circulo.png","width":723,"height":731,"caption":"Informe Litoral"},"image":{"@id":"https:\/\/informelitoral.com.ar\/#\/schema\/logo\/image\/"},"sameAs":["https:\/\/www.facebook.com\/informelitoral\/","https:\/\/x.com\/InformeLitoral","https:\/\/www.instagram.com\/informelitoral\/","https:\/\/www.youtube.com\/channel\/UCua4Qvz8Icb6MYqhoq9xLXw"]},{"@type":"Person","@id":"https:\/\/informelitoral.com.ar\/#\/schema\/person\/b9d00407c836482871ef1d57bf8e3180","name":"Gonzalo Schmidt","image":{"@type":"ImageObject","inLanguage":"es","@id":"https:\/\/secure.gravatar.com\/avatar\/31a1a7b66ff2de83bd0e9fd79d026630d2d99e55e8bfe501287647b4fd9743de?s=96&d=mm&r=g","url":"https:\/\/secure.gravatar.com\/avatar\/31a1a7b66ff2de83bd0e9fd79d026630d2d99e55e8bfe501287647b4fd9743de?s=96&d=mm&r=g","contentUrl":"https:\/\/secure.gravatar.com\/avatar\/31a1a7b66ff2de83bd0e9fd79d026630d2d99e55e8bfe501287647b4fd9743de?s=96&d=mm&r=g","caption":"Gonzalo Schmidt"},"description":"Sitio web de noticias de la provincia de Entre R\u00edos, Argentina. Informaci\u00f3n y entretenimiento. Informe Litoral, nos informamos.","sameAs":["http:\/\/www.isletasnoticias.com.ar"],"url":"https:\/\/informelitoral.com.ar\/author\/gonzalo\/"}]}},"_links":{"self":[{"href":"https:\/\/informelitoral.com.ar\/%77%70%2d%6a%73%6f%6e\/wp\/v2\/posts\/287","targetHints":{"allow":["GET"]}}],"collection":[{"href":"https:\/\/informelitoral.com.ar\/%77%70%2d%6a%73%6f%6e\/wp\/v2\/posts"}],"about":[{"href":"https:\/\/informelitoral.com.ar\/%77%70%2d%6a%73%6f%6e\/wp\/v2\/types\/post"}],"author":[{"embeddable":true,"href":"https:\/\/informelitoral.com.ar\/%77%70%2d%6a%73%6f%6e\/wp\/v2\/users\/2"}],"replies":[{"embeddable":true,"href":"https:\/\/informelitoral.com.ar\/%77%70%2d%6a%73%6f%6e\/wp\/v2\/comments?post=287"}],"version-history":[{"count":0,"href":"https:\/\/informelitoral.com.ar\/%77%70%2d%6a%73%6f%6e\/wp\/v2\/posts\/287\/revisions"}],"wp:attachment":[{"href":"https:\/\/informelitoral.com.ar\/%77%70%2d%6a%73%6f%6e\/wp\/v2\/media?parent=287"}],"wp:term":[{"taxonomy":"category","embeddable":true,"href":"https:\/\/informelitoral.com.ar\/%77%70%2d%6a%73%6f%6e\/wp\/v2\/categories?post=287"},{"taxonomy":"post_tag","embeddable":true,"href":"https:\/\/informelitoral.com.ar\/%77%70%2d%6a%73%6f%6e\/wp\/v2\/tags?post=287"}],"curies":[{"name":"wp","href":"https:\/\/api.w.org\/{rel}","templated":true}]}}