{"id":28672,"date":"2018-08-02T23:23:23","date_gmt":"2018-08-03T02:23:23","guid":{"rendered":"https:\/\/www.isletasnoticias.com.ar\/?p=28672"},"modified":"2018-08-02T23:23:23","modified_gmt":"2018-08-03T02:23:23","slug":"el-10-vence-el-plazo-para-la-actualizacion-de-datos-del-monotributo-social-agropecuario","status":"publish","type":"post","link":"https:\/\/informelitoral.com.ar\/el-10-vence-el-plazo-para-la-actualizacion-de-datos-del-monotributo-social-agropecuario\/","title":{"rendered":"El 10 vence el plazo para la actualizaci\u00f3n de datos del Monotributo Social Agropecuario"},"content":{"rendered":"<p>El Ministerio de Agroindustria de la Naci\u00f3n record\u00f3 que hasta el 10 de agosto contin\u00faa vigente el reempadronamiento del Monotributo Social Agropecuario (MSA).<\/p>\n<p>Para dar inicio al tr\u00e1mite, y continuar con el subsidio del 50% del costo de la obra social hasta diciembre del 2018, es necesario \u00fanicamente presentarse con la copia del DNI (del titular y de sus adherentes) y comprobantes de facturaci\u00f3n del \u00faltimo a\u00f1o (copia de facturas) en la oficina de Agricultura Familiar de tu zona.<\/p>\n<p>Al respecto, el secretario de Agricultura Familiar, Coordinaci\u00f3n y Desarrollo Territorial, Santiago Hardie, sostuvo que: \u00abLuego de realizar un estudio sobre el MSA vimos que hab\u00eda gente inscripta que no utilizaba la herramienta para formalizar su actividad econ\u00f3mica. En algunos casos detectamos usuarios que nada tienen que ver con el sector de la agricultura familiar, pero pose\u00edan MSA\u00bb. Y agreg\u00f3 que, \u00abante este panorama, desde Agroindustria resolvimos hacer un actualizaci\u00f3n de datos de beneficiarios dando transparencia y haciendo, junto con el ministerio de Desarrollo Social un uso m\u00e1s eficiente de los instrumentos y recursos del Estado Nacional\u00bb.<\/p>\n<p>\u00abActualmente, m\u00e1s all\u00e1 de la campa\u00f1a comunicacional convocando a los productores, trabajamos y realizamos jornadas en todo el pa\u00eds mediante la acci\u00f3n de nuestros equipos t\u00e9cnicos en territorio, asistiendo al productor en el proceso de reempadronamiento\u00bb, se\u00f1al\u00f3 el Secretario.<\/p>\n<p>Por otra parte, cabe destacar que a partir del 1 de enero de 2019, los productores familiares mantendr\u00e1n su inclusi\u00f3n en el Registro de Efectores Sociales del Ministerio de Desarrollo Social de la Naci\u00f3n y ser\u00e1n beneficiarios del actual Monotributo Social, manteni\u00e9ndose as\u00ed el aporte del setenta y cinco por ciento (75%) del beneficio a cargo del Gobierno nacional o podr\u00e1n optar por darse de baja del r\u00e9gimen.<\/p>\n","protected":false},"excerpt":{"rendered":"<p>A partir del 1\u00b0 de enero de 2019, los productores familiares mantendr\u00e1n su inclusi\u00f3n en el Registro de Efectores Sociales del Ministerio de Desarrollo Social de la Naci\u00f3n y ser\u00e1n beneficiarios del actual Monotributo Social.<\/p>\n","protected":false},"author":2,"featured_media":28673,"comment_status":"open","ping_status":"open","sticky":false,"template":"","format":"standard","meta":{"fifu_image_url":"","fifu_image_alt":"","footnotes":""},"categories":[10],"tags":[817,120,818],"class_list":{"0":"post-28672","1":"post","2":"type-post","3":"status-publish","4":"format-standard","5":"has-post-thumbnail","7":"category-campo","8":"tag-monotributo-social-agropecuario","9":"tag-produccion","10":"tag-productores"},"yoast_head":"<title>El 10 vence el plazo para la actualizaci\u00f3n de datos del Monotributo Social Agropecuario - Informe Litoral<\/title>\n<meta name=\"robots\" content=\"index, follow, max-snippet:-1, max-image-preview:large, max-video-preview:-1\" \/>\n<link rel=\"canonical\" href=\"https:\/\/informelitoral.com.ar\/el-10-vence-el-plazo-para-la-actualizacion-de-datos-del-monotributo-social-agropecuario\/\" \/>\n<meta property=\"og:locale\" content=\"es_ES\" \/>\n<meta property=\"og:type\" content=\"article\" \/>\n<meta property=\"og:title\" content=\"El 10 vence el plazo para la actualizaci\u00f3n de datos del Monotributo Social Agropecuario - Informe Litoral\" \/>\n<meta property=\"og:description\" content=\"A partir del 1\u00b0 de enero de 2019, los productores familiares mantendr\u00e1n su inclusi\u00f3n en el Registro de Efectores Sociales del Ministerio de Desarrollo Social de la Naci\u00f3n y ser\u00e1n beneficiarios del actual Monotributo Social.\" \/>\n<meta property=\"og:url\" content=\"https:\/\/informelitoral.com.ar\/el-10-vence-el-plazo-para-la-actualizacion-de-datos-del-monotributo-social-agropecuario\/\" \/>\n<meta property=\"og:site_name\" content=\"Informe Litoral\" \/>\n<meta property=\"article:publisher\" content=\"https:\/\/www.facebook.com\/informelitoral\/\" \/>\n<meta property=\"article:published_time\" content=\"2018-08-03T02:23:23+00:00\" \/>\n<meta property=\"og:image\" content=\"https:\/\/informelitoral.com.ar\/%77%70%2d%63%6f%6e%74%65%6e%74\/uploads\/2018\/08\/141177.jpg\" \/>\n\t<meta property=\"og:image:width\" content=\"576\" \/>\n\t<meta property=\"og:image:height\" content=\"400\" \/>\n\t<meta property=\"og:image:type\" content=\"image\/jpeg\" \/>\n<meta name=\"author\" content=\"Gonzalo Schmidt\" \/>\n<meta name=\"twitter:card\" content=\"summary_large_image\" \/>\n<meta name=\"twitter:creator\" content=\"@InformeLitoral\" \/>\n<meta name=\"twitter:site\" content=\"@InformeLitoral\" \/>\n<meta name=\"twitter:label1\" content=\"Escrito por\" \/>\n\t<meta name=\"twitter:data1\" content=\"Gonzalo Schmidt\" \/>\n\t<meta name=\"twitter:label2\" content=\"Tiempo de lectura\" \/>\n\t<meta name=\"twitter:data2\" content=\"2 minutos\" \/>\n<script type=\"application\/ld+json\" class=\"yoast-schema-graph\">{\"@context\":\"https:\\\/\\\/schema.org\",\"@graph\":[{\"@type\":\"Article\",\"@id\":\"https:\\\/\\\/informelitoral.com.ar\\\/el-10-vence-el-plazo-para-la-actualizacion-de-datos-del-monotributo-social-agropecuario\\\/#article\",\"isPartOf\":{\"@id\":\"https:\\\/\\\/informelitoral.com.ar\\\/el-10-vence-el-plazo-para-la-actualizacion-de-datos-del-monotributo-social-agropecuario\\\/\"},\"author\":{\"name\":\"Gonzalo Schmidt\",\"@id\":\"https:\\\/\\\/informelitoral.com.ar\\\/#\\\/schema\\\/person\\\/b9d00407c836482871ef1d57bf8e3180\"},\"headline\":\"El 10 vence el plazo para la actualizaci\u00f3n de datos del Monotributo Social Agropecuario\",\"datePublished\":\"2018-08-03T02:23:23+00:00\",\"mainEntityOfPage\":{\"@id\":\"https:\\\/\\\/informelitoral.com.ar\\\/el-10-vence-el-plazo-para-la-actualizacion-de-datos-del-monotributo-social-agropecuario\\\/\"},\"wordCount\":315,\"commentCount\":0,\"publisher\":{\"@id\":\"https:\\\/\\\/informelitoral.com.ar\\\/#organization\"},\"image\":{\"@id\":\"https:\\\/\\\/informelitoral.com.ar\\\/el-10-vence-el-plazo-para-la-actualizacion-de-datos-del-monotributo-social-agropecuario\\\/#primaryimage\"},\"thumbnailUrl\":\"https:\\\/\\\/informelitoral.com.ar\\\/%77%70%2d%63%6f%6e%74%65%6e%74\\\/uploads\\\/2018\\\/08\\\/141177.jpg\",\"keywords\":[\"Monotributo Social Agropecuario\",\"Producci\u00f3n\",\"Productores\"],\"articleSection\":[\"Campo\"],\"inLanguage\":\"es\",\"potentialAction\":[{\"@type\":\"CommentAction\",\"name\":\"Comment\",\"target\":[\"https:\\\/\\\/informelitoral.com.ar\\\/el-10-vence-el-plazo-para-la-actualizacion-de-datos-del-monotributo-social-agropecuario\\\/#respond\"]}]},{\"@type\":\"WebPage\",\"@id\":\"https:\\\/\\\/informelitoral.com.ar\\\/el-10-vence-el-plazo-para-la-actualizacion-de-datos-del-monotributo-social-agropecuario\\\/\",\"url\":\"https:\\\/\\\/informelitoral.com.ar\\\/el-10-vence-el-plazo-para-la-actualizacion-de-datos-del-monotributo-social-agropecuario\\\/\",\"name\":\"El 10 vence el plazo para la actualizaci\u00f3n de datos del Monotributo Social Agropecuario - Informe Litoral\",\"isPartOf\":{\"@id\":\"https:\\\/\\\/informelitoral.com.ar\\\/#website\"},\"primaryImageOfPage\":{\"@id\":\"https:\\\/\\\/informelitoral.com.ar\\\/el-10-vence-el-plazo-para-la-actualizacion-de-datos-del-monotributo-social-agropecuario\\\/#primaryimage\"},\"image\":{\"@id\":\"https:\\\/\\\/informelitoral.com.ar\\\/el-10-vence-el-plazo-para-la-actualizacion-de-datos-del-monotributo-social-agropecuario\\\/#primaryimage\"},\"thumbnailUrl\":\"https:\\\/\\\/informelitoral.com.ar\\\/%77%70%2d%63%6f%6e%74%65%6e%74\\\/uploads\\\/2018\\\/08\\\/141177.jpg\",\"datePublished\":\"2018-08-03T02:23:23+00:00\",\"breadcrumb\":{\"@id\":\"https:\\\/\\\/informelitoral.com.ar\\\/el-10-vence-el-plazo-para-la-actualizacion-de-datos-del-monotributo-social-agropecuario\\\/#breadcrumb\"},\"inLanguage\":\"es\",\"potentialAction\":[{\"@type\":\"ReadAction\",\"target\":[\"https:\\\/\\\/informelitoral.com.ar\\\/el-10-vence-el-plazo-para-la-actualizacion-de-datos-del-monotributo-social-agropecuario\\\/\"]}]},{\"@type\":\"ImageObject\",\"inLanguage\":\"es\",\"@id\":\"https:\\\/\\\/informelitoral.com.ar\\\/el-10-vence-el-plazo-para-la-actualizacion-de-datos-del-monotributo-social-agropecuario\\\/#primaryimage\",\"url\":\"https:\\\/\\\/informelitoral.com.ar\\\/%77%70%2d%63%6f%6e%74%65%6e%74\\\/uploads\\\/2018\\\/08\\\/141177.jpg\",\"contentUrl\":\"https:\\\/\\\/informelitoral.com.ar\\\/%77%70%2d%63%6f%6e%74%65%6e%74\\\/uploads\\\/2018\\\/08\\\/141177.jpg\",\"width\":576,\"height\":400},{\"@type\":\"BreadcrumbList\",\"@id\":\"https:\\\/\\\/informelitoral.com.ar\\\/el-10-vence-el-plazo-para-la-actualizacion-de-datos-del-monotributo-social-agropecuario\\\/#breadcrumb\",\"itemListElement\":[{\"@type\":\"ListItem\",\"position\":1,\"name\":\"Portada\",\"item\":\"https:\\\/\\\/informelitoral.com.ar\\\/\"},{\"@type\":\"ListItem\",\"position\":2,\"name\":\"El 10 vence el plazo para la actualizaci\u00f3n de datos del Monotributo Social Agropecuario\"}]},{\"@type\":\"WebSite\",\"@id\":\"https:\\\/\\\/informelitoral.com.ar\\\/#website\",\"url\":\"https:\\\/\\\/informelitoral.com.ar\\\/\",\"name\":\"Informe Litoral\",\"description\":\"&quot;Nos informamos&quot; \",\"publisher\":{\"@id\":\"https:\\\/\\\/informelitoral.com.ar\\\/#organization\"},\"potentialAction\":[{\"@type\":\"SearchAction\",\"target\":{\"@type\":\"EntryPoint\",\"urlTemplate\":\"https:\\\/\\\/informelitoral.com.ar\\\/?s={search_term_string}\"},\"query-input\":{\"@type\":\"PropertyValueSpecification\",\"valueRequired\":true,\"valueName\":\"search_term_string\"}}],\"inLanguage\":\"es\"},{\"@type\":\"Organization\",\"@id\":\"https:\\\/\\\/informelitoral.com.ar\\\/#organization\",\"name\":\"Informe Litoral\",\"url\":\"https:\\\/\\\/informelitoral.com.ar\\\/\",\"logo\":{\"@type\":\"ImageObject\",\"inLanguage\":\"es\",\"@id\":\"https:\\\/\\\/informelitoral.com.ar\\\/#\\\/schema\\\/logo\\\/image\\\/\",\"url\":\"https:\\\/\\\/informelitoral.com.ar\\\/%77%70%2d%63%6f%6e%74%65%6e%74\\\/uploads\\\/2021\\\/01\\\/circulo.png\",\"contentUrl\":\"https:\\\/\\\/informelitoral.com.ar\\\/%77%70%2d%63%6f%6e%74%65%6e%74\\\/uploads\\\/2021\\\/01\\\/circulo.png\",\"width\":723,\"height\":731,\"caption\":\"Informe Litoral\"},\"image\":{\"@id\":\"https:\\\/\\\/informelitoral.com.ar\\\/#\\\/schema\\\/logo\\\/image\\\/\"},\"sameAs\":[\"https:\\\/\\\/www.facebook.com\\\/informelitoral\\\/\",\"https:\\\/\\\/x.com\\\/InformeLitoral\",\"https:\\\/\\\/www.instagram.com\\\/informelitoral\\\/\",\"https:\\\/\\\/www.youtube.com\\\/channel\\\/UCua4Qvz8Icb6MYqhoq9xLXw\"]},{\"@type\":\"Person\",\"@id\":\"https:\\\/\\\/informelitoral.com.ar\\\/#\\\/schema\\\/person\\\/b9d00407c836482871ef1d57bf8e3180\",\"name\":\"Gonzalo Schmidt\",\"image\":{\"@type\":\"ImageObject\",\"inLanguage\":\"es\",\"@id\":\"https:\\\/\\\/secure.gravatar.com\\\/avatar\\\/31a1a7b66ff2de83bd0e9fd79d026630d2d99e55e8bfe501287647b4fd9743de?s=96&d=mm&r=g\",\"url\":\"https:\\\/\\\/secure.gravatar.com\\\/avatar\\\/31a1a7b66ff2de83bd0e9fd79d026630d2d99e55e8bfe501287647b4fd9743de?s=96&d=mm&r=g\",\"contentUrl\":\"https:\\\/\\\/secure.gravatar.com\\\/avatar\\\/31a1a7b66ff2de83bd0e9fd79d026630d2d99e55e8bfe501287647b4fd9743de?s=96&d=mm&r=g\",\"caption\":\"Gonzalo Schmidt\"},\"description\":\"Sitio web de noticias de la provincia de Entre R\u00edos, Argentina. Informaci\u00f3n y entretenimiento. Informe Litoral, nos informamos.\",\"sameAs\":[\"http:\\\/\\\/www.isletasnoticias.com.ar\"],\"url\":\"https:\\\/\\\/informelitoral.com.ar\\\/author\\\/gonzalo\\\/\"}]}<\/script>","yoast_head_json":{"title":"El 10 vence el plazo para la actualizaci\u00f3n de datos del Monotributo Social Agropecuario - Informe Litoral","robots":{"index":"index","follow":"follow","max-snippet":"max-snippet:-1","max-image-preview":"max-image-preview:large","max-video-preview":"max-video-preview:-1"},"canonical":"https:\/\/informelitoral.com.ar\/el-10-vence-el-plazo-para-la-actualizacion-de-datos-del-monotributo-social-agropecuario\/","og_locale":"es_ES","og_type":"article","og_title":"El 10 vence el plazo para la actualizaci\u00f3n de datos del Monotributo Social Agropecuario - Informe Litoral","og_description":"A partir del 1\u00b0 de enero de 2019, los productores familiares mantendr\u00e1n su inclusi\u00f3n en el Registro de Efectores Sociales del Ministerio de Desarrollo Social de la Naci\u00f3n y ser\u00e1n beneficiarios del actual Monotributo Social.","og_url":"https:\/\/informelitoral.com.ar\/el-10-vence-el-plazo-para-la-actualizacion-de-datos-del-monotributo-social-agropecuario\/","og_site_name":"Informe Litoral","article_publisher":"https:\/\/www.facebook.com\/informelitoral\/","article_published_time":"2018-08-03T02:23:23+00:00","og_image":[{"width":576,"height":400,"url":"https:\/\/informelitoral.com.ar\/%77%70%2d%63%6f%6e%74%65%6e%74\/uploads\/2018\/08\/141177.jpg","type":"image\/jpeg"}],"author":"Gonzalo Schmidt","twitter_card":"summary_large_image","twitter_creator":"@InformeLitoral","twitter_site":"@InformeLitoral","twitter_misc":{"Escrito por":"Gonzalo Schmidt","Tiempo de lectura":"2 minutos"},"schema":{"@context":"https:\/\/schema.org","@graph":[{"@type":"Article","@id":"https:\/\/informelitoral.com.ar\/el-10-vence-el-plazo-para-la-actualizacion-de-datos-del-monotributo-social-agropecuario\/#article","isPartOf":{"@id":"https:\/\/informelitoral.com.ar\/el-10-vence-el-plazo-para-la-actualizacion-de-datos-del-monotributo-social-agropecuario\/"},"author":{"name":"Gonzalo Schmidt","@id":"https:\/\/informelitoral.com.ar\/#\/schema\/person\/b9d00407c836482871ef1d57bf8e3180"},"headline":"El 10 vence el plazo para la actualizaci\u00f3n de datos del Monotributo Social Agropecuario","datePublished":"2018-08-03T02:23:23+00:00","mainEntityOfPage":{"@id":"https:\/\/informelitoral.com.ar\/el-10-vence-el-plazo-para-la-actualizacion-de-datos-del-monotributo-social-agropecuario\/"},"wordCount":315,"commentCount":0,"publisher":{"@id":"https:\/\/informelitoral.com.ar\/#organization"},"image":{"@id":"https:\/\/informelitoral.com.ar\/el-10-vence-el-plazo-para-la-actualizacion-de-datos-del-monotributo-social-agropecuario\/#primaryimage"},"thumbnailUrl":"https:\/\/informelitoral.com.ar\/%77%70%2d%63%6f%6e%74%65%6e%74\/uploads\/2018\/08\/141177.jpg","keywords":["Monotributo Social Agropecuario","Producci\u00f3n","Productores"],"articleSection":["Campo"],"inLanguage":"es","potentialAction":[{"@type":"CommentAction","name":"Comment","target":["https:\/\/informelitoral.com.ar\/el-10-vence-el-plazo-para-la-actualizacion-de-datos-del-monotributo-social-agropecuario\/#respond"]}]},{"@type":"WebPage","@id":"https:\/\/informelitoral.com.ar\/el-10-vence-el-plazo-para-la-actualizacion-de-datos-del-monotributo-social-agropecuario\/","url":"https:\/\/informelitoral.com.ar\/el-10-vence-el-plazo-para-la-actualizacion-de-datos-del-monotributo-social-agropecuario\/","name":"El 10 vence el plazo para la actualizaci\u00f3n de datos del Monotributo Social Agropecuario - Informe Litoral","isPartOf":{"@id":"https:\/\/informelitoral.com.ar\/#website"},"primaryImageOfPage":{"@id":"https:\/\/informelitoral.com.ar\/el-10-vence-el-plazo-para-la-actualizacion-de-datos-del-monotributo-social-agropecuario\/#primaryimage"},"image":{"@id":"https:\/\/informelitoral.com.ar\/el-10-vence-el-plazo-para-la-actualizacion-de-datos-del-monotributo-social-agropecuario\/#primaryimage"},"thumbnailUrl":"https:\/\/informelitoral.com.ar\/%77%70%2d%63%6f%6e%74%65%6e%74\/uploads\/2018\/08\/141177.jpg","datePublished":"2018-08-03T02:23:23+00:00","breadcrumb":{"@id":"https:\/\/informelitoral.com.ar\/el-10-vence-el-plazo-para-la-actualizacion-de-datos-del-monotributo-social-agropecuario\/#breadcrumb"},"inLanguage":"es","potentialAction":[{"@type":"ReadAction","target":["https:\/\/informelitoral.com.ar\/el-10-vence-el-plazo-para-la-actualizacion-de-datos-del-monotributo-social-agropecuario\/"]}]},{"@type":"ImageObject","inLanguage":"es","@id":"https:\/\/informelitoral.com.ar\/el-10-vence-el-plazo-para-la-actualizacion-de-datos-del-monotributo-social-agropecuario\/#primaryimage","url":"https:\/\/informelitoral.com.ar\/%77%70%2d%63%6f%6e%74%65%6e%74\/uploads\/2018\/08\/141177.jpg","contentUrl":"https:\/\/informelitoral.com.ar\/%77%70%2d%63%6f%6e%74%65%6e%74\/uploads\/2018\/08\/141177.jpg","width":576,"height":400},{"@type":"BreadcrumbList","@id":"https:\/\/informelitoral.com.ar\/el-10-vence-el-plazo-para-la-actualizacion-de-datos-del-monotributo-social-agropecuario\/#breadcrumb","itemListElement":[{"@type":"ListItem","position":1,"name":"Portada","item":"https:\/\/informelitoral.com.ar\/"},{"@type":"ListItem","position":2,"name":"El 10 vence el plazo para la actualizaci\u00f3n de datos del Monotributo Social Agropecuario"}]},{"@type":"WebSite","@id":"https:\/\/informelitoral.com.ar\/#website","url":"https:\/\/informelitoral.com.ar\/","name":"Informe Litoral","description":"&quot;Nos informamos&quot; ","publisher":{"@id":"https:\/\/informelitoral.com.ar\/#organization"},"potentialAction":[{"@type":"SearchAction","target":{"@type":"EntryPoint","urlTemplate":"https:\/\/informelitoral.com.ar\/?s={search_term_string}"},"query-input":{"@type":"PropertyValueSpecification","valueRequired":true,"valueName":"search_term_string"}}],"inLanguage":"es"},{"@type":"Organization","@id":"https:\/\/informelitoral.com.ar\/#organization","name":"Informe Litoral","url":"https:\/\/informelitoral.com.ar\/","logo":{"@type":"ImageObject","inLanguage":"es","@id":"https:\/\/informelitoral.com.ar\/#\/schema\/logo\/image\/","url":"https:\/\/informelitoral.com.ar\/%77%70%2d%63%6f%6e%74%65%6e%74\/uploads\/2021\/01\/circulo.png","contentUrl":"https:\/\/informelitoral.com.ar\/%77%70%2d%63%6f%6e%74%65%6e%74\/uploads\/2021\/01\/circulo.png","width":723,"height":731,"caption":"Informe Litoral"},"image":{"@id":"https:\/\/informelitoral.com.ar\/#\/schema\/logo\/image\/"},"sameAs":["https:\/\/www.facebook.com\/informelitoral\/","https:\/\/x.com\/InformeLitoral","https:\/\/www.instagram.com\/informelitoral\/","https:\/\/www.youtube.com\/channel\/UCua4Qvz8Icb6MYqhoq9xLXw"]},{"@type":"Person","@id":"https:\/\/informelitoral.com.ar\/#\/schema\/person\/b9d00407c836482871ef1d57bf8e3180","name":"Gonzalo Schmidt","image":{"@type":"ImageObject","inLanguage":"es","@id":"https:\/\/secure.gravatar.com\/avatar\/31a1a7b66ff2de83bd0e9fd79d026630d2d99e55e8bfe501287647b4fd9743de?s=96&d=mm&r=g","url":"https:\/\/secure.gravatar.com\/avatar\/31a1a7b66ff2de83bd0e9fd79d026630d2d99e55e8bfe501287647b4fd9743de?s=96&d=mm&r=g","contentUrl":"https:\/\/secure.gravatar.com\/avatar\/31a1a7b66ff2de83bd0e9fd79d026630d2d99e55e8bfe501287647b4fd9743de?s=96&d=mm&r=g","caption":"Gonzalo Schmidt"},"description":"Sitio web de noticias de la provincia de Entre R\u00edos, Argentina. Informaci\u00f3n y entretenimiento. Informe Litoral, nos informamos.","sameAs":["http:\/\/www.isletasnoticias.com.ar"],"url":"https:\/\/informelitoral.com.ar\/author\/gonzalo\/"}]}},"_links":{"self":[{"href":"https:\/\/informelitoral.com.ar\/%77%70%2d%6a%73%6f%6e\/wp\/v2\/posts\/28672","targetHints":{"allow":["GET"]}}],"collection":[{"href":"https:\/\/informelitoral.com.ar\/%77%70%2d%6a%73%6f%6e\/wp\/v2\/posts"}],"about":[{"href":"https:\/\/informelitoral.com.ar\/%77%70%2d%6a%73%6f%6e\/wp\/v2\/types\/post"}],"author":[{"embeddable":true,"href":"https:\/\/informelitoral.com.ar\/%77%70%2d%6a%73%6f%6e\/wp\/v2\/users\/2"}],"replies":[{"embeddable":true,"href":"https:\/\/informelitoral.com.ar\/%77%70%2d%6a%73%6f%6e\/wp\/v2\/comments?post=28672"}],"version-history":[{"count":0,"href":"https:\/\/informelitoral.com.ar\/%77%70%2d%6a%73%6f%6e\/wp\/v2\/posts\/28672\/revisions"}],"wp:featuredmedia":[{"embeddable":true,"href":"https:\/\/informelitoral.com.ar\/%77%70%2d%6a%73%6f%6e\/wp\/v2\/media\/28673"}],"wp:attachment":[{"href":"https:\/\/informelitoral.com.ar\/%77%70%2d%6a%73%6f%6e\/wp\/v2\/media?parent=28672"}],"wp:term":[{"taxonomy":"category","embeddable":true,"href":"https:\/\/informelitoral.com.ar\/%77%70%2d%6a%73%6f%6e\/wp\/v2\/categories?post=28672"},{"taxonomy":"post_tag","embeddable":true,"href":"https:\/\/informelitoral.com.ar\/%77%70%2d%6a%73%6f%6e\/wp\/v2\/tags?post=28672"}],"curies":[{"name":"wp","href":"https:\/\/api.w.org\/{rel}","templated":true}]}}