{"id":28594,"date":"2018-07-31T08:43:15","date_gmt":"2018-07-31T11:43:15","guid":{"rendered":"https:\/\/www.isletasnoticias.com.ar\/?p=28594"},"modified":"2018-07-31T08:47:55","modified_gmt":"2018-07-31T11:47:55","slug":"28594-2","status":"publish","type":"post","link":"https:\/\/informelitoral.com.ar\/28594-2\/","title":{"rendered":"El gobierno provincial recibi\u00f3 a la Mesa de Enlace"},"content":{"rendered":"<p>\u201cEscuchamos las demandas del sector a nivel provincial porque el gobierno tiene un di\u00e1logo abierto, permeable y directo\u201d, resalt\u00f3 Gab\u00e1s al t\u00e9rmino del encuentro en el que particip\u00f3 el diputado provincial Juan Navarro. Adem\u00e1s, \u201cnos comprometimos a seguir trabajando de esta manera, mas asiduamente en torno a cada uno de los problemas que tiene el sector\u201d, agreg\u00f3.<\/p>\n<p>En ese marco, el funcionario se\u00f1al\u00f3 \u201cla p\u00e9rdida de competitividad\u201d a ra\u00edz del \u201caumento de los costos internos y de los precios\u201d.<\/p>\n<p>\u201cCada uno se tiene que hacer cargo de lo que corresponde\u201d, remarc\u00f3 Gab\u00e1s y puntualiz\u00f3 en el impacto de medidas macroecon\u00f3micas como la \u201csuba de la tasa de inter\u00e9s\u201d, \u201ccontracci\u00f3n monetaria y fiscal\u201d, y por lo tanto, la \u201cp\u00e9rdida del consumo interno\u201d.<\/p>\n<p>\u201cEsto genera mucho impacto negativo en la econom\u00eda entrerriana y en la econom\u00eda regional\u201d, advirti\u00f3 Gab\u00e1s, e indic\u00f3 adem\u00e1s el costo de \u201cla apertura econ\u00f3mica\u201d.<\/p>\n<p>\u201cSon todas pol\u00edticas macroecon\u00f3micas o macrofiscales que tienen un impacto directo con la provincia y que l\u00f3gicamente perjudica al sector agropecuario\u201d, sintetiz\u00f3 el secretario.<\/p>\n<p>Sin embargo, \u201cla provincia se hace cargo de un mont\u00f3n de cuestiones\u201d destac\u00f3 Gab\u00e1s y enumer\u00f3: \u201cPusimos en valor l\u00edneas de financiamiento a trav\u00e9s del Consejo Federal de Inversiones (CFI), que el propio gobernador de manera personal ha llevado adelante con tasas de inter\u00e9s del 19 por ciento, que hoy por hoy no existen en la Argentina. S\u00f3lo en Entre R\u00edos y para el sector productivo\u201d.<\/p>\n<p>Adem\u00e1s repasaron \u201calgunos programas de subsidios que tiene la provincia y que est\u00e1 llevando adelante de manera directa\u201d, narr\u00f3 Gab\u00e1s y record\u00f3: \u201cHace unas semanas presentamos el Prodaf, que es un programa de agricultura familiar para el sector tambero\u201d.<\/p>\n<p>La agenda de la reuni\u00f3n incluy\u00f3 \u201calgunas cuestiones impositivas\u201d y tambi\u00e9n se habl\u00f3 de \u201calgunas cuestiones fitosanitarias que ellos desconoc\u00edan donde la provincia est\u00e1 trabajando activamente, principalmente en la parte de capacitaci\u00f3n, de promoci\u00f3n de las buenas pr\u00e1cticas agr\u00edcolas\u201d, indic\u00f3 Gab\u00e1s y subray\u00f3 el \u201cplan de fiscalizaci\u00f3n y de control\u201d que lleva adelante el gobierno provincial.<\/p>\n<p>Tambi\u00e9n, \u201cfuimos la primera provincia en el pa\u00eds en decretar la emergencia agropecuaria, lo que implic\u00f3 resignar recursos del Estado provincial para el sector productivo\u201d, indic\u00f3 el funcionario, \u201clo cual deja en evidencia que la provincia est\u00e1 llevando adelante pol\u00edticas concretas para el sector productivo, y vamos a seguir trabajando de esta manera\u201d.<\/p>\n<p>Por \u00faltimo, Gab\u00e1s, tambi\u00e9n valor\u00f3: \u201cLe pedimos el apoyo al sector, y que quede materialmente plasmado en un esfuerzo mancomunado, colectivo, articulado. Esa es la forma que tiene este gobierno de trabajo, es la forma que queremos hacia el futuro tambi\u00e9n\u201d. Y anunci\u00f3 que se reunir\u00e1n de manera peri\u00f3dica.<\/p>\n<p><b>Reuni\u00f3n positiva<a href=\"https:\/\/www.isletasnoticias.com.ar\/%77%70%2d%63%6f%6e%74%65%6e%74\/uploads\/2018\/07\/x_1532980449.jpg\"><img loading=\"lazy\" decoding=\"async\" class=\"aligncenter wp-image-28596 size-large\" src=\"https:\/\/www.isletasnoticias.com.ar\/%77%70%2d%63%6f%6e%74%65%6e%74\/uploads\/2018\/07\/x_1532980449-1024x683.jpg\" alt=\"\" width=\"696\" height=\"464\" srcset=\"https:\/\/informelitoral.com.ar\/%77%70%2d%63%6f%6e%74%65%6e%74\/uploads\/2018\/07\/x_1532980449-1024x683.jpg 1024w, https:\/\/informelitoral.com.ar\/%77%70%2d%63%6f%6e%74%65%6e%74\/uploads\/2018\/07\/x_1532980449-300x200.jpg 300w, https:\/\/informelitoral.com.ar\/%77%70%2d%63%6f%6e%74%65%6e%74\/uploads\/2018\/07\/x_1532980449-768x512.jpg 768w, https:\/\/informelitoral.com.ar\/%77%70%2d%63%6f%6e%74%65%6e%74\/uploads\/2018\/07\/x_1532980449-696x464.jpg 696w, https:\/\/informelitoral.com.ar\/%77%70%2d%63%6f%6e%74%65%6e%74\/uploads\/2018\/07\/x_1532980449-1068x713.jpg 1068w, https:\/\/informelitoral.com.ar\/%77%70%2d%63%6f%6e%74%65%6e%74\/uploads\/2018\/07\/x_1532980449-629x420.jpg 629w\" sizes=\"auto, (max-width: 696px) 100vw, 696px\" \/><\/a><\/b>El presidente de la Federaci\u00f3n Entrerriana de Cooperativas, Daniel Kindebaluc, por su parte, consider\u00f3 que \u201cla reuni\u00f3n fue positiva en cuanto a que pudimos elevar nuestros planteos\u201d.<\/p>\n<p>El productor cooperativo se\u00f1al\u00f3 como los temas de la reuni\u00f3n \u201cel tema impositivo, la pr\u00f3rroga del impuesto inmobiliario\u201d y tambi\u00e9n \u201clos problemas que tiene con ATER\u201d donde \u201cquiz\u00e1s no haya habido un aumento en la al\u00edcuota de alg\u00fan impuesto pero si la forma de cobrarlo que es muy dr\u00e1stica\u201d.<\/p>\n<p>Tambi\u00e9n valor\u00f3 la presencia del diputado Navarro, ya que se habl\u00f3 del \u201ctema de caminos\u201d y de \u201cla cuesti\u00f3n fitosanitarios, que tenemos el respaldo de la provincia que se va a aplicar con toda la fuerza la ley vigente\u201d.<\/p>\n<p>En tanto, el director de la Federaci\u00f3n Agraria, Elvio Gu\u00eda, destac\u00f3 la apertura del secretario de Producci\u00f3n, \u00c1lvaro Gab\u00e1s, y pidi\u00f3 distinguir entre \u201clo urgente y lo importante\u201d.<\/p>\n<p>\u201cLo urgente es solucionar los problemas que tienen los productores hoy. Impuesto inmobiliario, tarifa el\u00e9ctrica en el caso del arroz y algunas otras cuestiones como es moratoria, o un plan de pagos\u201d, describi\u00f3. \u201cDespu\u00e9s tenemos lo importante que es ley de comunas, fitosanitarios y ley de suelos\u201d, agreg\u00f3.<\/p>\n<p>Entre otro de los temas charlados en el encuentro, est\u00e1 \u201cla tarifa el\u00e9ctrica del sector arrocero. Es una preocupaci\u00f3n que hay que buscar, que hay que ver\u201d, dijo Elvio Gu\u00eda y valor\u00f3 que \u201chay un principio de acuerdo\u201d.<\/p>\n<p>\u201cLa cuesti\u00f3n nacional tambi\u00e9n estuvo presente en la charla y lo que nos est\u00e1 pasando con la cuesti\u00f3n impositiva, con la cuesti\u00f3n tarifaria que tambi\u00e9n tiene una posici\u00f3n del gobierno nacional, esto tambi\u00e9n fue una discusi\u00f3n\u201d, se\u00f1al\u00f3 Gu\u00eda y agreg\u00f3 \u201clas dificultades crediticias que estamos teniendo\u201d.<\/p>\n<p>Del encuentro tambi\u00e9n participaron el presidente del Consejo Empresario de Entre R\u00edos, Juan Diego Etchevehere; el titular de la Federaci\u00f3n de Asociaciones Rurales de Entre R\u00edos (Farer), Ra\u00fal Boc H\u00f3; el director de Agricultura y Apicultura, Federico Giusti; el director de Ganader\u00eda, Exequiel Alvarenque; y el coordinador, Fernando Arbitelli.<\/p>\n<p><iframe loading=\"lazy\" width=\"696\" height=\"392\" src=\"https:\/\/www.youtube.com\/embed\/dXmL0IjFGk8?feature=oembed\" frameborder=\"0\" allow=\"autoplay; encrypted-media\" allowfullscreen><\/iframe><\/p>\n","protected":false},"excerpt":{"rendered":"<p>El secretario de Producci\u00f3n, \u00c1lvaro Gab\u00e1s, recibi\u00f3 este lunes a la mesa de enlace provincial. Repasaron los \u201crecursos del Estado provincial para el sector productivo\u201d, y c\u00f3mo el funcionamiento de la econom\u00eda nacional \u201cperjudica al sector agropecuario\u201d. Los ruralistas destacaron el di\u00e1logo.<\/p>\n","protected":false},"author":2,"featured_media":28595,"comment_status":"open","ping_status":"open","sticky":false,"template":"","format":"standard","meta":{"fifu_image_url":"","fifu_image_alt":"","footnotes":""},"categories":[6],"tags":[71,81,249,195,642],"class_list":{"0":"post-28594","1":"post","2":"type-post","3":"status-publish","4":"format-standard","5":"has-post-thumbnail","7":"category-entre-rios","8":"tag-campo","9":"tag-entre-rios","10":"tag-gobierno-provincial","11":"tag-mesa-de-enlace","12":"tag-reunion"},"yoast_head":"<title>El gobierno provincial recibi\u00f3 a la Mesa de Enlace - Informe Litoral<\/title>\n<meta name=\"robots\" content=\"index, follow, max-snippet:-1, max-image-preview:large, max-video-preview:-1\" \/>\n<link rel=\"canonical\" href=\"https:\/\/informelitoral.com.ar\/28594-2\/\" \/>\n<meta property=\"og:locale\" content=\"es_ES\" \/>\n<meta property=\"og:type\" content=\"article\" \/>\n<meta property=\"og:title\" content=\"El gobierno provincial recibi\u00f3 a la Mesa de Enlace - Informe Litoral\" \/>\n<meta property=\"og:description\" content=\"El secretario de Producci\u00f3n, \u00c1lvaro Gab\u00e1s, recibi\u00f3 este lunes a la mesa de enlace provincial. Repasaron los \u201crecursos del Estado provincial para el sector productivo\u201d, y c\u00f3mo el funcionamiento de la econom\u00eda nacional \u201cperjudica al sector agropecuario\u201d. Los ruralistas destacaron el di\u00e1logo.\" \/>\n<meta property=\"og:url\" content=\"https:\/\/informelitoral.com.ar\/28594-2\/\" \/>\n<meta property=\"og:site_name\" content=\"Informe Litoral\" \/>\n<meta property=\"article:publisher\" content=\"https:\/\/www.facebook.com\/informelitoral\/\" \/>\n<meta property=\"article:published_time\" content=\"2018-07-31T11:43:15+00:00\" \/>\n<meta property=\"article:modified_time\" content=\"2018-07-31T11:47:55+00:00\" \/>\n<meta property=\"og:image\" content=\"https:\/\/informelitoral.com.ar\/%77%70%2d%63%6f%6e%74%65%6e%74\/uploads\/2018\/07\/1532980426jpg.jpg\" \/>\n\t<meta property=\"og:image:width\" content=\"3150\" \/>\n\t<meta property=\"og:image:height\" content=\"2102\" \/>\n\t<meta property=\"og:image:type\" content=\"image\/jpeg\" \/>\n<meta name=\"author\" content=\"Gonzalo Schmidt\" \/>\n<meta name=\"twitter:card\" content=\"summary_large_image\" \/>\n<meta name=\"twitter:creator\" content=\"@InformeLitoral\" \/>\n<meta name=\"twitter:site\" content=\"@InformeLitoral\" \/>\n<meta name=\"twitter:label1\" content=\"Escrito por\" \/>\n\t<meta name=\"twitter:data1\" content=\"Gonzalo Schmidt\" \/>\n\t<meta name=\"twitter:label2\" content=\"Tiempo de lectura\" \/>\n\t<meta name=\"twitter:data2\" content=\"4 minutos\" \/>\n<script type=\"application\/ld+json\" class=\"yoast-schema-graph\">{\"@context\":\"https:\\\/\\\/schema.org\",\"@graph\":[{\"@type\":\"Article\",\"@id\":\"https:\\\/\\\/informelitoral.com.ar\\\/28594-2\\\/#article\",\"isPartOf\":{\"@id\":\"https:\\\/\\\/informelitoral.com.ar\\\/28594-2\\\/\"},\"author\":{\"name\":\"Gonzalo Schmidt\",\"@id\":\"https:\\\/\\\/informelitoral.com.ar\\\/#\\\/schema\\\/person\\\/b9d00407c836482871ef1d57bf8e3180\"},\"headline\":\"El gobierno provincial recibi\u00f3 a la Mesa de Enlace\",\"datePublished\":\"2018-07-31T11:43:15+00:00\",\"dateModified\":\"2018-07-31T11:47:55+00:00\",\"mainEntityOfPage\":{\"@id\":\"https:\\\/\\\/informelitoral.com.ar\\\/28594-2\\\/\"},\"wordCount\":858,\"commentCount\":0,\"publisher\":{\"@id\":\"https:\\\/\\\/informelitoral.com.ar\\\/#organization\"},\"image\":{\"@id\":\"https:\\\/\\\/informelitoral.com.ar\\\/28594-2\\\/#primaryimage\"},\"thumbnailUrl\":\"https:\\\/\\\/informelitoral.com.ar\\\/%77%70%2d%63%6f%6e%74%65%6e%74\\\/uploads\\\/2018\\\/07\\\/1532980426jpg.jpg\",\"keywords\":[\"Campo\",\"Entre R\u00edos\",\"Gobierno provincial\",\"Mesa de Enlace\",\"Reuni\u00f3n\"],\"articleSection\":[\"Entre R\u00edos\"],\"inLanguage\":\"es\",\"potentialAction\":[{\"@type\":\"CommentAction\",\"name\":\"Comment\",\"target\":[\"https:\\\/\\\/informelitoral.com.ar\\\/28594-2\\\/#respond\"]}]},{\"@type\":\"WebPage\",\"@id\":\"https:\\\/\\\/informelitoral.com.ar\\\/28594-2\\\/\",\"url\":\"https:\\\/\\\/informelitoral.com.ar\\\/28594-2\\\/\",\"name\":\"El gobierno provincial recibi\u00f3 a la Mesa de Enlace - Informe Litoral\",\"isPartOf\":{\"@id\":\"https:\\\/\\\/informelitoral.com.ar\\\/#website\"},\"primaryImageOfPage\":{\"@id\":\"https:\\\/\\\/informelitoral.com.ar\\\/28594-2\\\/#primaryimage\"},\"image\":{\"@id\":\"https:\\\/\\\/informelitoral.com.ar\\\/28594-2\\\/#primaryimage\"},\"thumbnailUrl\":\"https:\\\/\\\/informelitoral.com.ar\\\/%77%70%2d%63%6f%6e%74%65%6e%74\\\/uploads\\\/2018\\\/07\\\/1532980426jpg.jpg\",\"datePublished\":\"2018-07-31T11:43:15+00:00\",\"dateModified\":\"2018-07-31T11:47:55+00:00\",\"breadcrumb\":{\"@id\":\"https:\\\/\\\/informelitoral.com.ar\\\/28594-2\\\/#breadcrumb\"},\"inLanguage\":\"es\",\"potentialAction\":[{\"@type\":\"ReadAction\",\"target\":[\"https:\\\/\\\/informelitoral.com.ar\\\/28594-2\\\/\"]}]},{\"@type\":\"ImageObject\",\"inLanguage\":\"es\",\"@id\":\"https:\\\/\\\/informelitoral.com.ar\\\/28594-2\\\/#primaryimage\",\"url\":\"https:\\\/\\\/informelitoral.com.ar\\\/%77%70%2d%63%6f%6e%74%65%6e%74\\\/uploads\\\/2018\\\/07\\\/1532980426jpg.jpg\",\"contentUrl\":\"https:\\\/\\\/informelitoral.com.ar\\\/%77%70%2d%63%6f%6e%74%65%6e%74\\\/uploads\\\/2018\\\/07\\\/1532980426jpg.jpg\",\"width\":3150,\"height\":2102},{\"@type\":\"BreadcrumbList\",\"@id\":\"https:\\\/\\\/informelitoral.com.ar\\\/28594-2\\\/#breadcrumb\",\"itemListElement\":[{\"@type\":\"ListItem\",\"position\":1,\"name\":\"Portada\",\"item\":\"https:\\\/\\\/informelitoral.com.ar\\\/\"},{\"@type\":\"ListItem\",\"position\":2,\"name\":\"El gobierno provincial recibi\u00f3 a la Mesa de Enlace\"}]},{\"@type\":\"WebSite\",\"@id\":\"https:\\\/\\\/informelitoral.com.ar\\\/#website\",\"url\":\"https:\\\/\\\/informelitoral.com.ar\\\/\",\"name\":\"Informe Litoral\",\"description\":\"&quot;Nos informamos&quot; \",\"publisher\":{\"@id\":\"https:\\\/\\\/informelitoral.com.ar\\\/#organization\"},\"potentialAction\":[{\"@type\":\"SearchAction\",\"target\":{\"@type\":\"EntryPoint\",\"urlTemplate\":\"https:\\\/\\\/informelitoral.com.ar\\\/?s={search_term_string}\"},\"query-input\":{\"@type\":\"PropertyValueSpecification\",\"valueRequired\":true,\"valueName\":\"search_term_string\"}}],\"inLanguage\":\"es\"},{\"@type\":\"Organization\",\"@id\":\"https:\\\/\\\/informelitoral.com.ar\\\/#organization\",\"name\":\"Informe Litoral\",\"url\":\"https:\\\/\\\/informelitoral.com.ar\\\/\",\"logo\":{\"@type\":\"ImageObject\",\"inLanguage\":\"es\",\"@id\":\"https:\\\/\\\/informelitoral.com.ar\\\/#\\\/schema\\\/logo\\\/image\\\/\",\"url\":\"https:\\\/\\\/informelitoral.com.ar\\\/%77%70%2d%63%6f%6e%74%65%6e%74\\\/uploads\\\/2021\\\/01\\\/circulo.png\",\"contentUrl\":\"https:\\\/\\\/informelitoral.com.ar\\\/%77%70%2d%63%6f%6e%74%65%6e%74\\\/uploads\\\/2021\\\/01\\\/circulo.png\",\"width\":723,\"height\":731,\"caption\":\"Informe Litoral\"},\"image\":{\"@id\":\"https:\\\/\\\/informelitoral.com.ar\\\/#\\\/schema\\\/logo\\\/image\\\/\"},\"sameAs\":[\"https:\\\/\\\/www.facebook.com\\\/informelitoral\\\/\",\"https:\\\/\\\/x.com\\\/InformeLitoral\",\"https:\\\/\\\/www.instagram.com\\\/informelitoral\\\/\",\"https:\\\/\\\/www.youtube.com\\\/channel\\\/UCua4Qvz8Icb6MYqhoq9xLXw\"]},{\"@type\":\"Person\",\"@id\":\"https:\\\/\\\/informelitoral.com.ar\\\/#\\\/schema\\\/person\\\/b9d00407c836482871ef1d57bf8e3180\",\"name\":\"Gonzalo Schmidt\",\"image\":{\"@type\":\"ImageObject\",\"inLanguage\":\"es\",\"@id\":\"https:\\\/\\\/secure.gravatar.com\\\/avatar\\\/31a1a7b66ff2de83bd0e9fd79d026630d2d99e55e8bfe501287647b4fd9743de?s=96&d=mm&r=g\",\"url\":\"https:\\\/\\\/secure.gravatar.com\\\/avatar\\\/31a1a7b66ff2de83bd0e9fd79d026630d2d99e55e8bfe501287647b4fd9743de?s=96&d=mm&r=g\",\"contentUrl\":\"https:\\\/\\\/secure.gravatar.com\\\/avatar\\\/31a1a7b66ff2de83bd0e9fd79d026630d2d99e55e8bfe501287647b4fd9743de?s=96&d=mm&r=g\",\"caption\":\"Gonzalo Schmidt\"},\"description\":\"Sitio web de noticias de la provincia de Entre R\u00edos, Argentina. Informaci\u00f3n y entretenimiento. Informe Litoral, nos informamos.\",\"sameAs\":[\"http:\\\/\\\/www.isletasnoticias.com.ar\"],\"url\":\"https:\\\/\\\/informelitoral.com.ar\\\/author\\\/gonzalo\\\/\"}]}<\/script>","yoast_head_json":{"title":"El gobierno provincial recibi\u00f3 a la Mesa de Enlace - Informe Litoral","robots":{"index":"index","follow":"follow","max-snippet":"max-snippet:-1","max-image-preview":"max-image-preview:large","max-video-preview":"max-video-preview:-1"},"canonical":"https:\/\/informelitoral.com.ar\/28594-2\/","og_locale":"es_ES","og_type":"article","og_title":"El gobierno provincial recibi\u00f3 a la Mesa de Enlace - Informe Litoral","og_description":"El secretario de Producci\u00f3n, \u00c1lvaro Gab\u00e1s, recibi\u00f3 este lunes a la mesa de enlace provincial. Repasaron los \u201crecursos del Estado provincial para el sector productivo\u201d, y c\u00f3mo el funcionamiento de la econom\u00eda nacional \u201cperjudica al sector agropecuario\u201d. Los ruralistas destacaron el di\u00e1logo.","og_url":"https:\/\/informelitoral.com.ar\/28594-2\/","og_site_name":"Informe Litoral","article_publisher":"https:\/\/www.facebook.com\/informelitoral\/","article_published_time":"2018-07-31T11:43:15+00:00","article_modified_time":"2018-07-31T11:47:55+00:00","og_image":[{"width":3150,"height":2102,"url":"https:\/\/informelitoral.com.ar\/%77%70%2d%63%6f%6e%74%65%6e%74\/uploads\/2018\/07\/1532980426jpg.jpg","type":"image\/jpeg"}],"author":"Gonzalo Schmidt","twitter_card":"summary_large_image","twitter_creator":"@InformeLitoral","twitter_site":"@InformeLitoral","twitter_misc":{"Escrito por":"Gonzalo Schmidt","Tiempo de lectura":"4 minutos"},"schema":{"@context":"https:\/\/schema.org","@graph":[{"@type":"Article","@id":"https:\/\/informelitoral.com.ar\/28594-2\/#article","isPartOf":{"@id":"https:\/\/informelitoral.com.ar\/28594-2\/"},"author":{"name":"Gonzalo Schmidt","@id":"https:\/\/informelitoral.com.ar\/#\/schema\/person\/b9d00407c836482871ef1d57bf8e3180"},"headline":"El gobierno provincial recibi\u00f3 a la Mesa de Enlace","datePublished":"2018-07-31T11:43:15+00:00","dateModified":"2018-07-31T11:47:55+00:00","mainEntityOfPage":{"@id":"https:\/\/informelitoral.com.ar\/28594-2\/"},"wordCount":858,"commentCount":0,"publisher":{"@id":"https:\/\/informelitoral.com.ar\/#organization"},"image":{"@id":"https:\/\/informelitoral.com.ar\/28594-2\/#primaryimage"},"thumbnailUrl":"https:\/\/informelitoral.com.ar\/%77%70%2d%63%6f%6e%74%65%6e%74\/uploads\/2018\/07\/1532980426jpg.jpg","keywords":["Campo","Entre R\u00edos","Gobierno provincial","Mesa de Enlace","Reuni\u00f3n"],"articleSection":["Entre R\u00edos"],"inLanguage":"es","potentialAction":[{"@type":"CommentAction","name":"Comment","target":["https:\/\/informelitoral.com.ar\/28594-2\/#respond"]}]},{"@type":"WebPage","@id":"https:\/\/informelitoral.com.ar\/28594-2\/","url":"https:\/\/informelitoral.com.ar\/28594-2\/","name":"El gobierno provincial recibi\u00f3 a la Mesa de Enlace - Informe Litoral","isPartOf":{"@id":"https:\/\/informelitoral.com.ar\/#website"},"primaryImageOfPage":{"@id":"https:\/\/informelitoral.com.ar\/28594-2\/#primaryimage"},"image":{"@id":"https:\/\/informelitoral.com.ar\/28594-2\/#primaryimage"},"thumbnailUrl":"https:\/\/informelitoral.com.ar\/%77%70%2d%63%6f%6e%74%65%6e%74\/uploads\/2018\/07\/1532980426jpg.jpg","datePublished":"2018-07-31T11:43:15+00:00","dateModified":"2018-07-31T11:47:55+00:00","breadcrumb":{"@id":"https:\/\/informelitoral.com.ar\/28594-2\/#breadcrumb"},"inLanguage":"es","potentialAction":[{"@type":"ReadAction","target":["https:\/\/informelitoral.com.ar\/28594-2\/"]}]},{"@type":"ImageObject","inLanguage":"es","@id":"https:\/\/informelitoral.com.ar\/28594-2\/#primaryimage","url":"https:\/\/informelitoral.com.ar\/%77%70%2d%63%6f%6e%74%65%6e%74\/uploads\/2018\/07\/1532980426jpg.jpg","contentUrl":"https:\/\/informelitoral.com.ar\/%77%70%2d%63%6f%6e%74%65%6e%74\/uploads\/2018\/07\/1532980426jpg.jpg","width":3150,"height":2102},{"@type":"BreadcrumbList","@id":"https:\/\/informelitoral.com.ar\/28594-2\/#breadcrumb","itemListElement":[{"@type":"ListItem","position":1,"name":"Portada","item":"https:\/\/informelitoral.com.ar\/"},{"@type":"ListItem","position":2,"name":"El gobierno provincial recibi\u00f3 a la Mesa de Enlace"}]},{"@type":"WebSite","@id":"https:\/\/informelitoral.com.ar\/#website","url":"https:\/\/informelitoral.com.ar\/","name":"Informe Litoral","description":"&quot;Nos informamos&quot; ","publisher":{"@id":"https:\/\/informelitoral.com.ar\/#organization"},"potentialAction":[{"@type":"SearchAction","target":{"@type":"EntryPoint","urlTemplate":"https:\/\/informelitoral.com.ar\/?s={search_term_string}"},"query-input":{"@type":"PropertyValueSpecification","valueRequired":true,"valueName":"search_term_string"}}],"inLanguage":"es"},{"@type":"Organization","@id":"https:\/\/informelitoral.com.ar\/#organization","name":"Informe Litoral","url":"https:\/\/informelitoral.com.ar\/","logo":{"@type":"ImageObject","inLanguage":"es","@id":"https:\/\/informelitoral.com.ar\/#\/schema\/logo\/image\/","url":"https:\/\/informelitoral.com.ar\/%77%70%2d%63%6f%6e%74%65%6e%74\/uploads\/2021\/01\/circulo.png","contentUrl":"https:\/\/informelitoral.com.ar\/%77%70%2d%63%6f%6e%74%65%6e%74\/uploads\/2021\/01\/circulo.png","width":723,"height":731,"caption":"Informe Litoral"},"image":{"@id":"https:\/\/informelitoral.com.ar\/#\/schema\/logo\/image\/"},"sameAs":["https:\/\/www.facebook.com\/informelitoral\/","https:\/\/x.com\/InformeLitoral","https:\/\/www.instagram.com\/informelitoral\/","https:\/\/www.youtube.com\/channel\/UCua4Qvz8Icb6MYqhoq9xLXw"]},{"@type":"Person","@id":"https:\/\/informelitoral.com.ar\/#\/schema\/person\/b9d00407c836482871ef1d57bf8e3180","name":"Gonzalo Schmidt","image":{"@type":"ImageObject","inLanguage":"es","@id":"https:\/\/secure.gravatar.com\/avatar\/31a1a7b66ff2de83bd0e9fd79d026630d2d99e55e8bfe501287647b4fd9743de?s=96&d=mm&r=g","url":"https:\/\/secure.gravatar.com\/avatar\/31a1a7b66ff2de83bd0e9fd79d026630d2d99e55e8bfe501287647b4fd9743de?s=96&d=mm&r=g","contentUrl":"https:\/\/secure.gravatar.com\/avatar\/31a1a7b66ff2de83bd0e9fd79d026630d2d99e55e8bfe501287647b4fd9743de?s=96&d=mm&r=g","caption":"Gonzalo Schmidt"},"description":"Sitio web de noticias de la provincia de Entre R\u00edos, Argentina. Informaci\u00f3n y entretenimiento. Informe Litoral, nos informamos.","sameAs":["http:\/\/www.isletasnoticias.com.ar"],"url":"https:\/\/informelitoral.com.ar\/author\/gonzalo\/"}]}},"_links":{"self":[{"href":"https:\/\/informelitoral.com.ar\/%77%70%2d%6a%73%6f%6e\/wp\/v2\/posts\/28594","targetHints":{"allow":["GET"]}}],"collection":[{"href":"https:\/\/informelitoral.com.ar\/%77%70%2d%6a%73%6f%6e\/wp\/v2\/posts"}],"about":[{"href":"https:\/\/informelitoral.com.ar\/%77%70%2d%6a%73%6f%6e\/wp\/v2\/types\/post"}],"author":[{"embeddable":true,"href":"https:\/\/informelitoral.com.ar\/%77%70%2d%6a%73%6f%6e\/wp\/v2\/users\/2"}],"replies":[{"embeddable":true,"href":"https:\/\/informelitoral.com.ar\/%77%70%2d%6a%73%6f%6e\/wp\/v2\/comments?post=28594"}],"version-history":[{"count":0,"href":"https:\/\/informelitoral.com.ar\/%77%70%2d%6a%73%6f%6e\/wp\/v2\/posts\/28594\/revisions"}],"wp:featuredmedia":[{"embeddable":true,"href":"https:\/\/informelitoral.com.ar\/%77%70%2d%6a%73%6f%6e\/wp\/v2\/media\/28595"}],"wp:attachment":[{"href":"https:\/\/informelitoral.com.ar\/%77%70%2d%6a%73%6f%6e\/wp\/v2\/media?parent=28594"}],"wp:term":[{"taxonomy":"category","embeddable":true,"href":"https:\/\/informelitoral.com.ar\/%77%70%2d%6a%73%6f%6e\/wp\/v2\/categories?post=28594"},{"taxonomy":"post_tag","embeddable":true,"href":"https:\/\/informelitoral.com.ar\/%77%70%2d%6a%73%6f%6e\/wp\/v2\/tags?post=28594"}],"curies":[{"name":"wp","href":"https:\/\/api.w.org\/{rel}","templated":true}]}}