{"id":2830,"date":"2013-08-16T19:57:08","date_gmt":"2013-08-16T22:57:08","guid":{"rendered":"http:\/\/www.isletasnoticias.com.ar\/?p=2830"},"modified":"2013-08-16T19:57:28","modified_gmt":"2013-08-16T22:57:28","slug":"fin-de-semana-largo-en-entre-rios-la-reserva-hotelera-promedia-el-70","status":"publish","type":"post","link":"https:\/\/informelitoral.com.ar\/fin-de-semana-largo-en-entre-rios-la-reserva-hotelera-promedia-el-70\/","title":{"rendered":"Fin de semana largo: En Entre R\u00edos la reserva hotelera promedia el 70%"},"content":{"rendered":"<p><strong>La provincia de Entre R\u00edos se prepara para vivir un buen fin de semana largo. Con buenos\u00a0pron\u00f3sticos en cuanto al clima, muchas actividades y los mejores servicios y prestaciones, se aguarda la llegada de miles de visitantes, por lo que son muy buenas las expectativas para la actividad tur\u00edstica.<\/strong><\/p>\n<p><img loading=\"lazy\" decoding=\"async\" class=\"size-medium wp-image-2831 alignright\" alt=\"turismo\" src=\"http:\/\/www.isletasnoticias.com.ar\/%77%70%2d%63%6f%6e%74%65%6e%74\/uploads\/2013\/08\/turismo-300x225.jpg\" width=\"300\" height=\"225\" srcset=\"https:\/\/informelitoral.com.ar\/%77%70%2d%63%6f%6e%74%65%6e%74\/uploads\/2013\/08\/turismo-300x225.jpg 300w, https:\/\/informelitoral.com.ar\/%77%70%2d%63%6f%6e%74%65%6e%74\/uploads\/2013\/08\/turismo.jpg 492w\" sizes=\"auto, (max-width: 300px) 100vw, 300px\" \/><\/p>\n<p>Seg\u00fan lo confirmado por el Ministerio de Turismo de la provincia, muchas ciudades entrerrianas, tienen al d\u00eda jueves un destacado nivel de reservas, con un gran n\u00famero de consultas para los pr\u00f3ximos d\u00edas.<\/p>\n<p>Las condiciones clim\u00e1ticas con pron\u00f3sticos de d\u00edas plenos de sol y con temperaturas agradables, tambi\u00e9n son un incentivo para aquellos que deseen salir a recorrer la provincia y celebrar adem\u00e1s, el D\u00eda del Ni\u00f1o.<\/p>\n<p>En la ciudad de Paran\u00e1, el evento por excelencia es la Fiesta de Disfraces, que se realizar\u00e1 el domingo y que convoca cada vez m\u00e1s visitantes. En el marco de la fiesta, se har\u00e1 el s\u00e1bado el Laberinto del Disfraz con actividades y juegos para ni\u00f1os de todas las edades en la Rotonda del Puerto. En tanto que la Feria de Salta y Nogoy\u00e1 organiza la Feria se Disfraza!, con festejos para ni\u00f1os, espect\u00e1culos infantiles, lectura de cuentos y regalos.<\/p>\n<p>Por otra parte, en Oro Verde se presentar\u00e1 el compositor, pianista, arreglador y multi instrumentista entrerriano Carlos Aguirre, que se encuentra recorriendo las distintas regiones argentinas para presentar su nueva propuesta, dedicada esta vez exclusivamente a la m\u00fasica del Litoral. En ese marco estar\u00e1 en Oro Verde presentando su espect\u00e1culo La m\u00fasica del agua. Ser\u00e1 el s\u00e1bado 17 de agosto a las 21 en el Polideportivo Municipal. M\u00e1s temprano, a las 16, habr\u00e1 una mateada.<\/p>\n<p>Mientras tanto en San Jos\u00e9 De Feliciano vivir\u00e1 la Semana Del Ni\u00f1o , con juegos, diversi\u00f3n concurso y entretenimientos; el viernes 16, s\u00e1bado 17, domingo 18 se realiza la 68\u00b0 Exposici\u00f3n Feria de Ganader\u00eda, Industria Y Comercio; tambi\u00e9n durante el fin de semana, se celebran el 80\u00b0 aniversario del Juventud Futbol Club, por lo que tambi\u00e9n habr\u00e1 actividades en el marco de estos festejos.<\/p>\n<p>En La Paz el 17 y 18 de agosto se realizar\u00e1 la III Feria Artesanal del Parque Ber\u00f3n de Astrada, el 16, 17 y 18 se llevar\u00e1 a cabo la Muestra de Mu\u00f1ecas antiguas en el Museo Regional Alicia Gonz\u00e1lez Castrill\u00f3n y el 18 de agosto Ileana Calabr\u00f3, se presenta en el Teatro en el Cine Urquiza con su obra \u201cMi hijo, mi mama y mi cocina\u201d, escrita por el Chino Volpato. Adem\u00e1s, todos los d\u00edas hay actividades recreativas y musicales en las termas.<\/p>\n<p>Por otra parte en Villa Urquiza, habr\u00e1n visitas guiadas en el Museo Regional Casa Ace\u00f1olaza, el domgino 18 en el sal\u00f3n Padre Boxler dese las 9 hasta las 19 se realizar\u00e1 el encuentro de Taekwondo.<\/p>\n<p>En Bovril se llevar\u00e1 a cabo el s\u00e1bado 17 de agosto a las 15 el acto conmemorativo por el Aniversario de fallecimiento del General San Mart\u00edn, en el monumento de calle Francisco Ram\u00edrez y Avenida San Mart\u00edn con la actuaci\u00f3n del Coro de Bronce de la ciudad de Buenos Aires. Adem\u00e1s, el domingo 18 de agosto, se festeja el D\u00eda del Ni\u00f1o a partir de las 14, actuar\u00e1 la Banda Infantil de Villa Urquiza, se presentar\u00e1 el Coro de Bronce de Buenos Aires, habr\u00e1 peloteros, sorteos, disfraces infantiles y m\u00e1s.<\/p>\n<p>Mar\u00eda Grande propone la Exposici\u00f3n y venta de Artesan\u00edas en el Paseo de los artesanos, tambi\u00e9n se organizan juegos y entretenimientos para chicos y en el Cine-Teatro \u00abDon Santiago\u00bb se proyectar\u00e1 Mi villano favorito 2.<\/p>\n<p>En Diamante y con una completa programaci\u00f3n el evento m\u00e1s destacado ser\u00e1 Diamante en Teatro, del 16 al 18 de agosto. El domingo, se festejar\u00e1 el D\u00eda del Ni\u00f1o con dos obras infantiles en Plaza 9 de Julio.<\/p>\n<p>Por otra parte, en Nogoy\u00e1 el 17 y 18 se realizar\u00e1 la Competencia de karting en circuito Don Genaro, donde se espera la presencia de 150 competidores de toda la provincia.<\/p>\n<p>En San Jos\u00e9 se realizar\u00e1 durante el fin de semana Toribio Aventuras, un recorrido sobre el r\u00edo, avistaje de aves e islas en el Balneario San Jos\u00e9, adem\u00e1s de Arte de la Costa (artesan\u00edas, productos regionales, pinturas y esculturas), en el acceso a balneario San Jos\u00e9, frente a Termas. Tambi\u00e9n se llevar\u00e1 a cabo La Administraci\u00f3n de la Colonia (visitas, tareas de la queser\u00eda, orde\u00f1e, granja). En tanto que en el Museo Hist\u00f3rico Regional de la Colonia San Jos\u00e9 se podr\u00e1n disfrutar de Visitas Guiadas entre otras actividades, de 9 a 12 y de 15 a 18.<\/p>\n<p>Mientras tanto en Federaci\u00f3n el viernes 16 se realizar\u00e1n las Jornadas de Alfabetizaci\u00f3n de las Ciencias: El Hidr\u00f3geno como portador de energ\u00eda y combustible no contaminante, a cargo del Hugo Corso, cient\u00edfico del Instituto Balseiro. Ser\u00e1 en la sede del Club Social. Adem\u00e1s, se realizar\u00e1 la presentaci\u00f3n del blog de la Reserva Forestal de Chaviy\u00fa en la Biblioteca Popular Rivadavia. En tanto que el s\u00e1bado, en el marco del acto por el 163\u00ba Aniversario Fallecimiento del general don Jos\u00e9 de San Mart\u00edn se podr\u00e1 disfrutar del Encuentro Argentino-Uruguayo, con la participaci\u00f3n del Elenco Joven de Danzas Litorale\u00f1as dirigido por Pocho Siviero, la Murga Uruguaya Hacha y Tiza y el Ballet Uruguayo de Flamenco en Plaza Seca. Se ha organizado tambi\u00e9n para el d\u00eda domingo el Torneo de Pesca de Costa modalidad libre en Terrapl\u00e9n Sixto R\u00edos y la traves\u00eda kayakista desde costanera sur.<\/p>\n<p>En Concepci\u00f3n del Uruguay, se presentar\u00e1 el 17 y 18 la obra de teatro Las Gonz\u00e1lez, Amor de Memoria y el domingo, habr\u00e1 coros de ni\u00f1os en el Palacio San Jos\u00e9.<\/p>\n","protected":false},"excerpt":{"rendered":"<p>La provincia de Entre R&iacute;os se prepara para vivir un buen fin de semana largo. Con buenos&nbsp;pron&oacute;sticos en cuanto al clima, muchas actividades y los mejores servicios y prestaciones, se aguarda la llegada de miles de visitantes, por lo que son muy buenas las expectativas para la actividad tur&iacute;stica. Seg&uacute;n lo confirmado por el Ministerio [&hellip;]<\/p>\n","protected":false},"author":2,"featured_media":0,"comment_status":"open","ping_status":"open","sticky":false,"template":"","format":"standard","meta":{"fifu_image_url":"","fifu_image_alt":"","footnotes":""},"categories":[6],"tags":[],"class_list":{"0":"post-2830","1":"post","2":"type-post","3":"status-publish","4":"format-standard","6":"category-entre-rios"},"yoast_head":"<title>Fin de semana largo: En Entre R\u00edos la reserva hotelera promedia el 70% - Informe Litoral<\/title>\n<meta name=\"robots\" content=\"index, follow, max-snippet:-1, max-image-preview:large, max-video-preview:-1\" \/>\n<link rel=\"canonical\" href=\"https:\/\/informelitoral.com.ar\/fin-de-semana-largo-en-entre-rios-la-reserva-hotelera-promedia-el-70\/\" \/>\n<meta property=\"og:locale\" content=\"es_ES\" \/>\n<meta property=\"og:type\" content=\"article\" \/>\n<meta property=\"og:title\" content=\"Fin de semana largo: En Entre R\u00edos la reserva hotelera promedia el 70% - Informe Litoral\" \/>\n<meta property=\"og:description\" content=\"La provincia de Entre R&iacute;os se prepara para vivir un buen fin de semana largo. Con buenos&nbsp;pron&oacute;sticos en cuanto al clima, muchas actividades y los mejores servicios y prestaciones, se aguarda la llegada de miles de visitantes, por lo que son muy buenas las expectativas para la actividad tur&iacute;stica. Seg&uacute;n lo confirmado por el Ministerio [&hellip;]\" \/>\n<meta property=\"og:url\" content=\"https:\/\/informelitoral.com.ar\/fin-de-semana-largo-en-entre-rios-la-reserva-hotelera-promedia-el-70\/\" \/>\n<meta property=\"og:site_name\" content=\"Informe Litoral\" \/>\n<meta property=\"article:publisher\" content=\"https:\/\/www.facebook.com\/informelitoral\/\" \/>\n<meta property=\"article:published_time\" content=\"2013-08-16T22:57:08+00:00\" \/>\n<meta property=\"article:modified_time\" content=\"2013-08-16T22:57:28+00:00\" \/>\n<meta property=\"og:image\" content=\"https:\/\/informelitoral.com.ar\/%77%70%2d%63%6f%6e%74%65%6e%74\/uploads\/2013\/08\/turismo.jpg\" \/>\n\t<meta property=\"og:image:width\" content=\"492\" \/>\n\t<meta property=\"og:image:height\" content=\"369\" \/>\n\t<meta property=\"og:image:type\" content=\"image\/jpeg\" \/>\n<meta name=\"author\" content=\"Gonzalo Schmidt\" \/>\n<meta name=\"twitter:card\" content=\"summary_large_image\" \/>\n<meta name=\"twitter:creator\" content=\"@InformeLitoral\" \/>\n<meta name=\"twitter:site\" content=\"@InformeLitoral\" \/>\n<meta name=\"twitter:label1\" content=\"Escrito por\" \/>\n\t<meta name=\"twitter:data1\" content=\"Gonzalo Schmidt\" \/>\n\t<meta name=\"twitter:label2\" content=\"Tiempo de lectura\" \/>\n\t<meta name=\"twitter:data2\" content=\"5 minutos\" \/>\n<script type=\"application\/ld+json\" class=\"yoast-schema-graph\">{\"@context\":\"https:\\\/\\\/schema.org\",\"@graph\":[{\"@type\":\"Article\",\"@id\":\"https:\\\/\\\/informelitoral.com.ar\\\/fin-de-semana-largo-en-entre-rios-la-reserva-hotelera-promedia-el-70\\\/#article\",\"isPartOf\":{\"@id\":\"https:\\\/\\\/informelitoral.com.ar\\\/fin-de-semana-largo-en-entre-rios-la-reserva-hotelera-promedia-el-70\\\/\"},\"author\":{\"name\":\"Gonzalo Schmidt\",\"@id\":\"https:\\\/\\\/informelitoral.com.ar\\\/#\\\/schema\\\/person\\\/b9d00407c836482871ef1d57bf8e3180\"},\"headline\":\"Fin de semana largo: En Entre R\u00edos la reserva hotelera promedia el 70%\",\"datePublished\":\"2013-08-16T22:57:08+00:00\",\"dateModified\":\"2013-08-16T22:57:28+00:00\",\"mainEntityOfPage\":{\"@id\":\"https:\\\/\\\/informelitoral.com.ar\\\/fin-de-semana-largo-en-entre-rios-la-reserva-hotelera-promedia-el-70\\\/\"},\"wordCount\":983,\"commentCount\":0,\"publisher\":{\"@id\":\"https:\\\/\\\/informelitoral.com.ar\\\/#organization\"},\"image\":{\"@id\":\"https:\\\/\\\/informelitoral.com.ar\\\/fin-de-semana-largo-en-entre-rios-la-reserva-hotelera-promedia-el-70\\\/#primaryimage\"},\"thumbnailUrl\":\"http:\\\/\\\/www.isletasnoticias.com.ar\\\/%77%70%2d%63%6f%6e%74%65%6e%74\\\/uploads\\\/2013\\\/08\\\/turismo-300x225.jpg\",\"articleSection\":[\"Entre R\u00edos\"],\"inLanguage\":\"es\",\"potentialAction\":[{\"@type\":\"CommentAction\",\"name\":\"Comment\",\"target\":[\"https:\\\/\\\/informelitoral.com.ar\\\/fin-de-semana-largo-en-entre-rios-la-reserva-hotelera-promedia-el-70\\\/#respond\"]}]},{\"@type\":\"WebPage\",\"@id\":\"https:\\\/\\\/informelitoral.com.ar\\\/fin-de-semana-largo-en-entre-rios-la-reserva-hotelera-promedia-el-70\\\/\",\"url\":\"https:\\\/\\\/informelitoral.com.ar\\\/fin-de-semana-largo-en-entre-rios-la-reserva-hotelera-promedia-el-70\\\/\",\"name\":\"Fin de semana largo: En Entre R\u00edos la reserva hotelera promedia el 70% - Informe Litoral\",\"isPartOf\":{\"@id\":\"https:\\\/\\\/informelitoral.com.ar\\\/#website\"},\"primaryImageOfPage\":{\"@id\":\"https:\\\/\\\/informelitoral.com.ar\\\/fin-de-semana-largo-en-entre-rios-la-reserva-hotelera-promedia-el-70\\\/#primaryimage\"},\"image\":{\"@id\":\"https:\\\/\\\/informelitoral.com.ar\\\/fin-de-semana-largo-en-entre-rios-la-reserva-hotelera-promedia-el-70\\\/#primaryimage\"},\"thumbnailUrl\":\"http:\\\/\\\/www.isletasnoticias.com.ar\\\/%77%70%2d%63%6f%6e%74%65%6e%74\\\/uploads\\\/2013\\\/08\\\/turismo-300x225.jpg\",\"datePublished\":\"2013-08-16T22:57:08+00:00\",\"dateModified\":\"2013-08-16T22:57:28+00:00\",\"breadcrumb\":{\"@id\":\"https:\\\/\\\/informelitoral.com.ar\\\/fin-de-semana-largo-en-entre-rios-la-reserva-hotelera-promedia-el-70\\\/#breadcrumb\"},\"inLanguage\":\"es\",\"potentialAction\":[{\"@type\":\"ReadAction\",\"target\":[\"https:\\\/\\\/informelitoral.com.ar\\\/fin-de-semana-largo-en-entre-rios-la-reserva-hotelera-promedia-el-70\\\/\"]}]},{\"@type\":\"ImageObject\",\"inLanguage\":\"es\",\"@id\":\"https:\\\/\\\/informelitoral.com.ar\\\/fin-de-semana-largo-en-entre-rios-la-reserva-hotelera-promedia-el-70\\\/#primaryimage\",\"url\":\"http:\\\/\\\/www.isletasnoticias.com.ar\\\/%77%70%2d%63%6f%6e%74%65%6e%74\\\/uploads\\\/2013\\\/08\\\/turismo-300x225.jpg\",\"contentUrl\":\"http:\\\/\\\/www.isletasnoticias.com.ar\\\/%77%70%2d%63%6f%6e%74%65%6e%74\\\/uploads\\\/2013\\\/08\\\/turismo-300x225.jpg\"},{\"@type\":\"BreadcrumbList\",\"@id\":\"https:\\\/\\\/informelitoral.com.ar\\\/fin-de-semana-largo-en-entre-rios-la-reserva-hotelera-promedia-el-70\\\/#breadcrumb\",\"itemListElement\":[{\"@type\":\"ListItem\",\"position\":1,\"name\":\"Portada\",\"item\":\"https:\\\/\\\/informelitoral.com.ar\\\/\"},{\"@type\":\"ListItem\",\"position\":2,\"name\":\"Fin de semana largo: En Entre R\u00edos la reserva hotelera promedia el 70%\"}]},{\"@type\":\"WebSite\",\"@id\":\"https:\\\/\\\/informelitoral.com.ar\\\/#website\",\"url\":\"https:\\\/\\\/informelitoral.com.ar\\\/\",\"name\":\"Informe Litoral\",\"description\":\"&quot;Nos informamos&quot; \",\"publisher\":{\"@id\":\"https:\\\/\\\/informelitoral.com.ar\\\/#organization\"},\"potentialAction\":[{\"@type\":\"SearchAction\",\"target\":{\"@type\":\"EntryPoint\",\"urlTemplate\":\"https:\\\/\\\/informelitoral.com.ar\\\/?s={search_term_string}\"},\"query-input\":{\"@type\":\"PropertyValueSpecification\",\"valueRequired\":true,\"valueName\":\"search_term_string\"}}],\"inLanguage\":\"es\"},{\"@type\":\"Organization\",\"@id\":\"https:\\\/\\\/informelitoral.com.ar\\\/#organization\",\"name\":\"Informe Litoral\",\"url\":\"https:\\\/\\\/informelitoral.com.ar\\\/\",\"logo\":{\"@type\":\"ImageObject\",\"inLanguage\":\"es\",\"@id\":\"https:\\\/\\\/informelitoral.com.ar\\\/#\\\/schema\\\/logo\\\/image\\\/\",\"url\":\"https:\\\/\\\/informelitoral.com.ar\\\/%77%70%2d%63%6f%6e%74%65%6e%74\\\/uploads\\\/2021\\\/01\\\/circulo.png\",\"contentUrl\":\"https:\\\/\\\/informelitoral.com.ar\\\/%77%70%2d%63%6f%6e%74%65%6e%74\\\/uploads\\\/2021\\\/01\\\/circulo.png\",\"width\":723,\"height\":731,\"caption\":\"Informe Litoral\"},\"image\":{\"@id\":\"https:\\\/\\\/informelitoral.com.ar\\\/#\\\/schema\\\/logo\\\/image\\\/\"},\"sameAs\":[\"https:\\\/\\\/www.facebook.com\\\/informelitoral\\\/\",\"https:\\\/\\\/x.com\\\/InformeLitoral\",\"https:\\\/\\\/www.instagram.com\\\/informelitoral\\\/\",\"https:\\\/\\\/www.youtube.com\\\/channel\\\/UCua4Qvz8Icb6MYqhoq9xLXw\"]},{\"@type\":\"Person\",\"@id\":\"https:\\\/\\\/informelitoral.com.ar\\\/#\\\/schema\\\/person\\\/b9d00407c836482871ef1d57bf8e3180\",\"name\":\"Gonzalo Schmidt\",\"image\":{\"@type\":\"ImageObject\",\"inLanguage\":\"es\",\"@id\":\"https:\\\/\\\/secure.gravatar.com\\\/avatar\\\/31a1a7b66ff2de83bd0e9fd79d026630d2d99e55e8bfe501287647b4fd9743de?s=96&d=mm&r=g\",\"url\":\"https:\\\/\\\/secure.gravatar.com\\\/avatar\\\/31a1a7b66ff2de83bd0e9fd79d026630d2d99e55e8bfe501287647b4fd9743de?s=96&d=mm&r=g\",\"contentUrl\":\"https:\\\/\\\/secure.gravatar.com\\\/avatar\\\/31a1a7b66ff2de83bd0e9fd79d026630d2d99e55e8bfe501287647b4fd9743de?s=96&d=mm&r=g\",\"caption\":\"Gonzalo Schmidt\"},\"description\":\"Sitio web de noticias de la provincia de Entre R\u00edos, Argentina. Informaci\u00f3n y entretenimiento. Informe Litoral, nos informamos.\",\"sameAs\":[\"http:\\\/\\\/www.isletasnoticias.com.ar\"],\"url\":\"https:\\\/\\\/informelitoral.com.ar\\\/author\\\/gonzalo\\\/\"}]}<\/script>","yoast_head_json":{"title":"Fin de semana largo: En Entre R\u00edos la reserva hotelera promedia el 70% - Informe Litoral","robots":{"index":"index","follow":"follow","max-snippet":"max-snippet:-1","max-image-preview":"max-image-preview:large","max-video-preview":"max-video-preview:-1"},"canonical":"https:\/\/informelitoral.com.ar\/fin-de-semana-largo-en-entre-rios-la-reserva-hotelera-promedia-el-70\/","og_locale":"es_ES","og_type":"article","og_title":"Fin de semana largo: En Entre R\u00edos la reserva hotelera promedia el 70% - Informe Litoral","og_description":"La provincia de Entre R&iacute;os se prepara para vivir un buen fin de semana largo. Con buenos&nbsp;pron&oacute;sticos en cuanto al clima, muchas actividades y los mejores servicios y prestaciones, se aguarda la llegada de miles de visitantes, por lo que son muy buenas las expectativas para la actividad tur&iacute;stica. Seg&uacute;n lo confirmado por el Ministerio [&hellip;]","og_url":"https:\/\/informelitoral.com.ar\/fin-de-semana-largo-en-entre-rios-la-reserva-hotelera-promedia-el-70\/","og_site_name":"Informe Litoral","article_publisher":"https:\/\/www.facebook.com\/informelitoral\/","article_published_time":"2013-08-16T22:57:08+00:00","article_modified_time":"2013-08-16T22:57:28+00:00","og_image":[{"width":492,"height":369,"url":"https:\/\/informelitoral.com.ar\/%77%70%2d%63%6f%6e%74%65%6e%74\/uploads\/2013\/08\/turismo.jpg","type":"image\/jpeg"}],"author":"Gonzalo Schmidt","twitter_card":"summary_large_image","twitter_creator":"@InformeLitoral","twitter_site":"@InformeLitoral","twitter_misc":{"Escrito por":"Gonzalo Schmidt","Tiempo de lectura":"5 minutos"},"schema":{"@context":"https:\/\/schema.org","@graph":[{"@type":"Article","@id":"https:\/\/informelitoral.com.ar\/fin-de-semana-largo-en-entre-rios-la-reserva-hotelera-promedia-el-70\/#article","isPartOf":{"@id":"https:\/\/informelitoral.com.ar\/fin-de-semana-largo-en-entre-rios-la-reserva-hotelera-promedia-el-70\/"},"author":{"name":"Gonzalo Schmidt","@id":"https:\/\/informelitoral.com.ar\/#\/schema\/person\/b9d00407c836482871ef1d57bf8e3180"},"headline":"Fin de semana largo: En Entre R\u00edos la reserva hotelera promedia el 70%","datePublished":"2013-08-16T22:57:08+00:00","dateModified":"2013-08-16T22:57:28+00:00","mainEntityOfPage":{"@id":"https:\/\/informelitoral.com.ar\/fin-de-semana-largo-en-entre-rios-la-reserva-hotelera-promedia-el-70\/"},"wordCount":983,"commentCount":0,"publisher":{"@id":"https:\/\/informelitoral.com.ar\/#organization"},"image":{"@id":"https:\/\/informelitoral.com.ar\/fin-de-semana-largo-en-entre-rios-la-reserva-hotelera-promedia-el-70\/#primaryimage"},"thumbnailUrl":"http:\/\/www.isletasnoticias.com.ar\/%77%70%2d%63%6f%6e%74%65%6e%74\/uploads\/2013\/08\/turismo-300x225.jpg","articleSection":["Entre R\u00edos"],"inLanguage":"es","potentialAction":[{"@type":"CommentAction","name":"Comment","target":["https:\/\/informelitoral.com.ar\/fin-de-semana-largo-en-entre-rios-la-reserva-hotelera-promedia-el-70\/#respond"]}]},{"@type":"WebPage","@id":"https:\/\/informelitoral.com.ar\/fin-de-semana-largo-en-entre-rios-la-reserva-hotelera-promedia-el-70\/","url":"https:\/\/informelitoral.com.ar\/fin-de-semana-largo-en-entre-rios-la-reserva-hotelera-promedia-el-70\/","name":"Fin de semana largo: En Entre R\u00edos la reserva hotelera promedia el 70% - Informe Litoral","isPartOf":{"@id":"https:\/\/informelitoral.com.ar\/#website"},"primaryImageOfPage":{"@id":"https:\/\/informelitoral.com.ar\/fin-de-semana-largo-en-entre-rios-la-reserva-hotelera-promedia-el-70\/#primaryimage"},"image":{"@id":"https:\/\/informelitoral.com.ar\/fin-de-semana-largo-en-entre-rios-la-reserva-hotelera-promedia-el-70\/#primaryimage"},"thumbnailUrl":"http:\/\/www.isletasnoticias.com.ar\/%77%70%2d%63%6f%6e%74%65%6e%74\/uploads\/2013\/08\/turismo-300x225.jpg","datePublished":"2013-08-16T22:57:08+00:00","dateModified":"2013-08-16T22:57:28+00:00","breadcrumb":{"@id":"https:\/\/informelitoral.com.ar\/fin-de-semana-largo-en-entre-rios-la-reserva-hotelera-promedia-el-70\/#breadcrumb"},"inLanguage":"es","potentialAction":[{"@type":"ReadAction","target":["https:\/\/informelitoral.com.ar\/fin-de-semana-largo-en-entre-rios-la-reserva-hotelera-promedia-el-70\/"]}]},{"@type":"ImageObject","inLanguage":"es","@id":"https:\/\/informelitoral.com.ar\/fin-de-semana-largo-en-entre-rios-la-reserva-hotelera-promedia-el-70\/#primaryimage","url":"http:\/\/www.isletasnoticias.com.ar\/%77%70%2d%63%6f%6e%74%65%6e%74\/uploads\/2013\/08\/turismo-300x225.jpg","contentUrl":"http:\/\/www.isletasnoticias.com.ar\/%77%70%2d%63%6f%6e%74%65%6e%74\/uploads\/2013\/08\/turismo-300x225.jpg"},{"@type":"BreadcrumbList","@id":"https:\/\/informelitoral.com.ar\/fin-de-semana-largo-en-entre-rios-la-reserva-hotelera-promedia-el-70\/#breadcrumb","itemListElement":[{"@type":"ListItem","position":1,"name":"Portada","item":"https:\/\/informelitoral.com.ar\/"},{"@type":"ListItem","position":2,"name":"Fin de semana largo: En Entre R\u00edos la reserva hotelera promedia el 70%"}]},{"@type":"WebSite","@id":"https:\/\/informelitoral.com.ar\/#website","url":"https:\/\/informelitoral.com.ar\/","name":"Informe Litoral","description":"&quot;Nos informamos&quot; ","publisher":{"@id":"https:\/\/informelitoral.com.ar\/#organization"},"potentialAction":[{"@type":"SearchAction","target":{"@type":"EntryPoint","urlTemplate":"https:\/\/informelitoral.com.ar\/?s={search_term_string}"},"query-input":{"@type":"PropertyValueSpecification","valueRequired":true,"valueName":"search_term_string"}}],"inLanguage":"es"},{"@type":"Organization","@id":"https:\/\/informelitoral.com.ar\/#organization","name":"Informe Litoral","url":"https:\/\/informelitoral.com.ar\/","logo":{"@type":"ImageObject","inLanguage":"es","@id":"https:\/\/informelitoral.com.ar\/#\/schema\/logo\/image\/","url":"https:\/\/informelitoral.com.ar\/%77%70%2d%63%6f%6e%74%65%6e%74\/uploads\/2021\/01\/circulo.png","contentUrl":"https:\/\/informelitoral.com.ar\/%77%70%2d%63%6f%6e%74%65%6e%74\/uploads\/2021\/01\/circulo.png","width":723,"height":731,"caption":"Informe Litoral"},"image":{"@id":"https:\/\/informelitoral.com.ar\/#\/schema\/logo\/image\/"},"sameAs":["https:\/\/www.facebook.com\/informelitoral\/","https:\/\/x.com\/InformeLitoral","https:\/\/www.instagram.com\/informelitoral\/","https:\/\/www.youtube.com\/channel\/UCua4Qvz8Icb6MYqhoq9xLXw"]},{"@type":"Person","@id":"https:\/\/informelitoral.com.ar\/#\/schema\/person\/b9d00407c836482871ef1d57bf8e3180","name":"Gonzalo Schmidt","image":{"@type":"ImageObject","inLanguage":"es","@id":"https:\/\/secure.gravatar.com\/avatar\/31a1a7b66ff2de83bd0e9fd79d026630d2d99e55e8bfe501287647b4fd9743de?s=96&d=mm&r=g","url":"https:\/\/secure.gravatar.com\/avatar\/31a1a7b66ff2de83bd0e9fd79d026630d2d99e55e8bfe501287647b4fd9743de?s=96&d=mm&r=g","contentUrl":"https:\/\/secure.gravatar.com\/avatar\/31a1a7b66ff2de83bd0e9fd79d026630d2d99e55e8bfe501287647b4fd9743de?s=96&d=mm&r=g","caption":"Gonzalo Schmidt"},"description":"Sitio web de noticias de la provincia de Entre R\u00edos, Argentina. Informaci\u00f3n y entretenimiento. Informe Litoral, nos informamos.","sameAs":["http:\/\/www.isletasnoticias.com.ar"],"url":"https:\/\/informelitoral.com.ar\/author\/gonzalo\/"}]}},"_links":{"self":[{"href":"https:\/\/informelitoral.com.ar\/%77%70%2d%6a%73%6f%6e\/wp\/v2\/posts\/2830","targetHints":{"allow":["GET"]}}],"collection":[{"href":"https:\/\/informelitoral.com.ar\/%77%70%2d%6a%73%6f%6e\/wp\/v2\/posts"}],"about":[{"href":"https:\/\/informelitoral.com.ar\/%77%70%2d%6a%73%6f%6e\/wp\/v2\/types\/post"}],"author":[{"embeddable":true,"href":"https:\/\/informelitoral.com.ar\/%77%70%2d%6a%73%6f%6e\/wp\/v2\/users\/2"}],"replies":[{"embeddable":true,"href":"https:\/\/informelitoral.com.ar\/%77%70%2d%6a%73%6f%6e\/wp\/v2\/comments?post=2830"}],"version-history":[{"count":0,"href":"https:\/\/informelitoral.com.ar\/%77%70%2d%6a%73%6f%6e\/wp\/v2\/posts\/2830\/revisions"}],"wp:attachment":[{"href":"https:\/\/informelitoral.com.ar\/%77%70%2d%6a%73%6f%6e\/wp\/v2\/media?parent=2830"}],"wp:term":[{"taxonomy":"category","embeddable":true,"href":"https:\/\/informelitoral.com.ar\/%77%70%2d%6a%73%6f%6e\/wp\/v2\/categories?post=2830"},{"taxonomy":"post_tag","embeddable":true,"href":"https:\/\/informelitoral.com.ar\/%77%70%2d%6a%73%6f%6e\/wp\/v2\/tags?post=2830"}],"curies":[{"name":"wp","href":"https:\/\/api.w.org\/{rel}","templated":true}]}}