{"id":2828,"date":"2013-08-16T19:33:03","date_gmt":"2013-08-16T22:33:03","guid":{"rendered":"http:\/\/www.isletasnoticias.com.ar\/?p=2828"},"modified":"2013-08-16T19:33:03","modified_gmt":"2013-08-16T22:33:03","slug":"levantan-el-paro-de-micros-que-amenazaba-con-afectar-el-fin-de-semana-largo","status":"publish","type":"post","link":"https:\/\/informelitoral.com.ar\/levantan-el-paro-de-micros-que-amenazaba-con-afectar-el-fin-de-semana-largo\/","title":{"rendered":"Levantan el paro de micros que amenazaba con afectar el fin de semana largo"},"content":{"rendered":"<div>\n<p><strong><span style=\"color: #000000;\">El\u00a0<span style=\"color: #000000;\">Gobierno hab\u00eda desplegado a la<\/span><span style=\"color: #000000;\">\u00a0Gendarmer\u00eda<\/span>\u00a0para impedir eventuales bloqueos en la terminal de Retiro. Pero\u00a0las c\u00e1maras empresarias se comprometieron a pagar\u00a0los aumentos adeudados y\u00a0destrabaron el conflicto.<\/span><\/strong><\/p>\n<\/div>\n<p><span style=\"color: #000000;\"><img decoding=\"async\" alt=\"Levantan el paro de micros que amenazaba con afectar el fin de semana largo\" src=\"http:\/\/www.infobae.com\/adjuntos\/jpg\/2013\/08\/600x0_692885.jpg\" width=\"600\" \/><\/span><\/p>\n<div>\n<p><span style=\"color: #000000;\">Las c\u00e1maras empresarias y el gobierno nacional protagonizaron fuertes discusiones durante las \u00faltimas negociaciones paritarias del sindicato de choferes de \u00f3mnibus de larga distancia. Las compa\u00f1\u00edas insistieron una y otra vez en que\u00a0el sector no est\u00e1 en condiciones de afrontar aumentos\u00a0y se neg\u00f3 a acordar. Al final,\u00a0el Ministerio de Trabajo lo resolvi\u00f3 por decreto y orden\u00f3 una suba salarial del 23 por ciento. Ese conflicto sigue latente.<\/span><\/p>\n<p><span style=\"color: #000000;\">\u00abS\u00f3lo cobramos adelanto. Nunca nos pagaron todo lo firmado\u00bb, se quej\u00f3 ayer el titular de la disidente Uni\u00f3n de Conductores de la Rep\u00fablica Argentina (UCRA),\u00a0Silverio G\u00f3mez. Y\u00a0<span style=\"color: #000000;\">anunci\u00f3 un paro de 24 horas<\/span>\u00a0a partir de las 0 horas de hoy.<\/span><\/p>\n<p><span style=\"color: #000000;\">Sin embargo, fuentes oficiales del\u00a0Ministerio de Trabajo\u00a0confirmaron a\u00a0Infobae\u00a0que hubo un\u00a0\u201cacuerdo de caballeros\u201d\u00a0por el que\u00a0las c\u00e1maras empresarias se comprometieron a pagar los aumentos adeudados a partir de la semana pr\u00f3xima, lo que destrab\u00f3 el conflicto, al menos por el\u00a0fin de semana largo.<\/span><\/p>\n<p><span style=\"color: #000000;\">El empresariado alega que cuando el Gobierno decidi\u00f3 el aumento paritario les prometi\u00f3 medidas compensatorias.\u00a0\u201cAl d\u00eda de hoy no hay una soluci\u00f3n de fondo. Reci\u00e9n ahora est\u00e1 empezando a llegar la ayuda, que es menos de lo que se prometi\u00f3 p\u00fablicamente\u201d, desliz\u00f3 a\u00a0Infobae\u00a0una fuente del sector.<\/span><\/p>\n<p><span style=\"color: #000000;\">La UCRA es una facci\u00f3n disidente de la Uni\u00f3n Tranviaria Automotor \u2013el \u00fanico sindicato con personer\u00eda gremial\u2013 y est\u00e1 ligada a la Central de Trabajadores de Argentinos que conduce Pablo Micheli. La UTA particip\u00f3 de las negociaciones de hoy en la sede de la cartera laboral, donde hubo representantes de las c\u00e1maras empresariales y abogados de la UCRA.<\/span><\/p>\n<p><span style=\"color: #000000;\">Pese a la reuni\u00f3n, el secretario de Seguridad,\u00a0Sergio Berni, hab\u00eda desplegado un\u00a0megaoperativo para evitar un eventual \u00abpiquete\u00bb por parte de los sindicalistas en la terminal de Retiro, donde despleg\u00f3 a unos 350 gendarmes. Tambi\u00e9n ubic\u00f3 agentes en otras estaciones, como la de Liniers.\u00a0<\/span><\/p>\n<p>Fuente: Infobae.<\/p>\n<\/div>\n","protected":false},"excerpt":{"rendered":"<p>El&nbsp;Gobierno hab&iacute;a desplegado a la&nbsp;Gendarmer&iacute;a&nbsp;para impedir eventuales bloqueos en la terminal de Retiro. Pero&nbsp;las c&aacute;maras empresarias se comprometieron a pagar&nbsp;los aumentos adeudados y&nbsp;destrabaron el conflicto. Las c&aacute;maras empresarias y el gobierno nacional protagonizaron fuertes discusiones durante las &uacute;ltimas negociaciones paritarias del sindicato de choferes de &oacute;mnibus de larga distancia. Las compa&ntilde;&iacute;as insistieron una y otra [&hellip;]<\/p>\n","protected":false},"author":2,"featured_media":0,"comment_status":"open","ping_status":"open","sticky":false,"template":"","format":"standard","meta":{"fifu_image_url":"","fifu_image_alt":"","footnotes":""},"categories":[7],"tags":[],"class_list":{"0":"post-2828","1":"post","2":"type-post","3":"status-publish","4":"format-standard","6":"category-nacionales"},"yoast_head":"<title>Levantan el paro de micros que amenazaba con afectar el fin de semana largo - Informe Litoral<\/title>\n<meta name=\"robots\" content=\"index, follow, max-snippet:-1, max-image-preview:large, max-video-preview:-1\" \/>\n<link rel=\"canonical\" href=\"https:\/\/informelitoral.com.ar\/levantan-el-paro-de-micros-que-amenazaba-con-afectar-el-fin-de-semana-largo\/\" \/>\n<meta property=\"og:locale\" content=\"es_ES\" \/>\n<meta property=\"og:type\" content=\"article\" \/>\n<meta property=\"og:title\" content=\"Levantan el paro de micros que amenazaba con afectar el fin de semana largo - Informe Litoral\" \/>\n<meta property=\"og:description\" content=\"El&nbsp;Gobierno hab&iacute;a desplegado a la&nbsp;Gendarmer&iacute;a&nbsp;para impedir eventuales bloqueos en la terminal de Retiro. Pero&nbsp;las c&aacute;maras empresarias se comprometieron a pagar&nbsp;los aumentos adeudados y&nbsp;destrabaron el conflicto. Las c&aacute;maras empresarias y el gobierno nacional protagonizaron fuertes discusiones durante las &uacute;ltimas negociaciones paritarias del sindicato de choferes de &oacute;mnibus de larga distancia. Las compa&ntilde;&iacute;as insistieron una y otra [&hellip;]\" \/>\n<meta property=\"og:url\" content=\"https:\/\/informelitoral.com.ar\/levantan-el-paro-de-micros-que-amenazaba-con-afectar-el-fin-de-semana-largo\/\" \/>\n<meta property=\"og:site_name\" content=\"Informe Litoral\" \/>\n<meta property=\"article:publisher\" content=\"https:\/\/www.facebook.com\/informelitoral\/\" \/>\n<meta property=\"article:published_time\" content=\"2013-08-16T22:33:03+00:00\" \/>\n<meta property=\"og:image\" content=\"http:\/\/www.infobae.com\/adjuntos\/jpg\/2013\/08\/600x0_692885.jpg\" \/>\n<meta name=\"author\" content=\"Gonzalo Schmidt\" \/>\n<meta name=\"twitter:card\" content=\"summary_large_image\" \/>\n<meta name=\"twitter:creator\" content=\"@InformeLitoral\" \/>\n<meta name=\"twitter:site\" content=\"@InformeLitoral\" \/>\n<meta name=\"twitter:label1\" content=\"Escrito por\" \/>\n\t<meta name=\"twitter:data1\" content=\"Gonzalo Schmidt\" \/>\n\t<meta name=\"twitter:label2\" content=\"Tiempo de lectura\" \/>\n\t<meta name=\"twitter:data2\" content=\"2 minutos\" \/>\n<script type=\"application\/ld+json\" class=\"yoast-schema-graph\">{\"@context\":\"https:\\\/\\\/schema.org\",\"@graph\":[{\"@type\":\"Article\",\"@id\":\"https:\\\/\\\/informelitoral.com.ar\\\/levantan-el-paro-de-micros-que-amenazaba-con-afectar-el-fin-de-semana-largo\\\/#article\",\"isPartOf\":{\"@id\":\"https:\\\/\\\/informelitoral.com.ar\\\/levantan-el-paro-de-micros-que-amenazaba-con-afectar-el-fin-de-semana-largo\\\/\"},\"author\":{\"name\":\"Gonzalo Schmidt\",\"@id\":\"https:\\\/\\\/informelitoral.com.ar\\\/#\\\/schema\\\/person\\\/b9d00407c836482871ef1d57bf8e3180\"},\"headline\":\"Levantan el paro de micros que amenazaba con afectar el fin de semana largo\",\"datePublished\":\"2013-08-16T22:33:03+00:00\",\"mainEntityOfPage\":{\"@id\":\"https:\\\/\\\/informelitoral.com.ar\\\/levantan-el-paro-de-micros-que-amenazaba-con-afectar-el-fin-de-semana-largo\\\/\"},\"wordCount\":378,\"commentCount\":0,\"publisher\":{\"@id\":\"https:\\\/\\\/informelitoral.com.ar\\\/#organization\"},\"image\":{\"@id\":\"https:\\\/\\\/informelitoral.com.ar\\\/levantan-el-paro-de-micros-que-amenazaba-con-afectar-el-fin-de-semana-largo\\\/#primaryimage\"},\"thumbnailUrl\":\"http:\\\/\\\/www.infobae.com\\\/adjuntos\\\/jpg\\\/2013\\\/08\\\/600x0_692885.jpg\",\"articleSection\":[\"Nacionales\"],\"inLanguage\":\"es\",\"potentialAction\":[{\"@type\":\"CommentAction\",\"name\":\"Comment\",\"target\":[\"https:\\\/\\\/informelitoral.com.ar\\\/levantan-el-paro-de-micros-que-amenazaba-con-afectar-el-fin-de-semana-largo\\\/#respond\"]}]},{\"@type\":\"WebPage\",\"@id\":\"https:\\\/\\\/informelitoral.com.ar\\\/levantan-el-paro-de-micros-que-amenazaba-con-afectar-el-fin-de-semana-largo\\\/\",\"url\":\"https:\\\/\\\/informelitoral.com.ar\\\/levantan-el-paro-de-micros-que-amenazaba-con-afectar-el-fin-de-semana-largo\\\/\",\"name\":\"Levantan el paro de micros que amenazaba con afectar el fin de semana largo - Informe Litoral\",\"isPartOf\":{\"@id\":\"https:\\\/\\\/informelitoral.com.ar\\\/#website\"},\"primaryImageOfPage\":{\"@id\":\"https:\\\/\\\/informelitoral.com.ar\\\/levantan-el-paro-de-micros-que-amenazaba-con-afectar-el-fin-de-semana-largo\\\/#primaryimage\"},\"image\":{\"@id\":\"https:\\\/\\\/informelitoral.com.ar\\\/levantan-el-paro-de-micros-que-amenazaba-con-afectar-el-fin-de-semana-largo\\\/#primaryimage\"},\"thumbnailUrl\":\"http:\\\/\\\/www.infobae.com\\\/adjuntos\\\/jpg\\\/2013\\\/08\\\/600x0_692885.jpg\",\"datePublished\":\"2013-08-16T22:33:03+00:00\",\"breadcrumb\":{\"@id\":\"https:\\\/\\\/informelitoral.com.ar\\\/levantan-el-paro-de-micros-que-amenazaba-con-afectar-el-fin-de-semana-largo\\\/#breadcrumb\"},\"inLanguage\":\"es\",\"potentialAction\":[{\"@type\":\"ReadAction\",\"target\":[\"https:\\\/\\\/informelitoral.com.ar\\\/levantan-el-paro-de-micros-que-amenazaba-con-afectar-el-fin-de-semana-largo\\\/\"]}]},{\"@type\":\"ImageObject\",\"inLanguage\":\"es\",\"@id\":\"https:\\\/\\\/informelitoral.com.ar\\\/levantan-el-paro-de-micros-que-amenazaba-con-afectar-el-fin-de-semana-largo\\\/#primaryimage\",\"url\":\"http:\\\/\\\/www.infobae.com\\\/adjuntos\\\/jpg\\\/2013\\\/08\\\/600x0_692885.jpg\",\"contentUrl\":\"http:\\\/\\\/www.infobae.com\\\/adjuntos\\\/jpg\\\/2013\\\/08\\\/600x0_692885.jpg\"},{\"@type\":\"BreadcrumbList\",\"@id\":\"https:\\\/\\\/informelitoral.com.ar\\\/levantan-el-paro-de-micros-que-amenazaba-con-afectar-el-fin-de-semana-largo\\\/#breadcrumb\",\"itemListElement\":[{\"@type\":\"ListItem\",\"position\":1,\"name\":\"Portada\",\"item\":\"https:\\\/\\\/informelitoral.com.ar\\\/\"},{\"@type\":\"ListItem\",\"position\":2,\"name\":\"Levantan el paro de micros que amenazaba con afectar el fin de semana largo\"}]},{\"@type\":\"WebSite\",\"@id\":\"https:\\\/\\\/informelitoral.com.ar\\\/#website\",\"url\":\"https:\\\/\\\/informelitoral.com.ar\\\/\",\"name\":\"Informe Litoral\",\"description\":\"&quot;Nos informamos&quot; \",\"publisher\":{\"@id\":\"https:\\\/\\\/informelitoral.com.ar\\\/#organization\"},\"potentialAction\":[{\"@type\":\"SearchAction\",\"target\":{\"@type\":\"EntryPoint\",\"urlTemplate\":\"https:\\\/\\\/informelitoral.com.ar\\\/?s={search_term_string}\"},\"query-input\":{\"@type\":\"PropertyValueSpecification\",\"valueRequired\":true,\"valueName\":\"search_term_string\"}}],\"inLanguage\":\"es\"},{\"@type\":\"Organization\",\"@id\":\"https:\\\/\\\/informelitoral.com.ar\\\/#organization\",\"name\":\"Informe Litoral\",\"url\":\"https:\\\/\\\/informelitoral.com.ar\\\/\",\"logo\":{\"@type\":\"ImageObject\",\"inLanguage\":\"es\",\"@id\":\"https:\\\/\\\/informelitoral.com.ar\\\/#\\\/schema\\\/logo\\\/image\\\/\",\"url\":\"https:\\\/\\\/informelitoral.com.ar\\\/%77%70%2d%63%6f%6e%74%65%6e%74\\\/uploads\\\/2021\\\/01\\\/circulo.png\",\"contentUrl\":\"https:\\\/\\\/informelitoral.com.ar\\\/%77%70%2d%63%6f%6e%74%65%6e%74\\\/uploads\\\/2021\\\/01\\\/circulo.png\",\"width\":723,\"height\":731,\"caption\":\"Informe Litoral\"},\"image\":{\"@id\":\"https:\\\/\\\/informelitoral.com.ar\\\/#\\\/schema\\\/logo\\\/image\\\/\"},\"sameAs\":[\"https:\\\/\\\/www.facebook.com\\\/informelitoral\\\/\",\"https:\\\/\\\/x.com\\\/InformeLitoral\",\"https:\\\/\\\/www.instagram.com\\\/informelitoral\\\/\",\"https:\\\/\\\/www.youtube.com\\\/channel\\\/UCua4Qvz8Icb6MYqhoq9xLXw\"]},{\"@type\":\"Person\",\"@id\":\"https:\\\/\\\/informelitoral.com.ar\\\/#\\\/schema\\\/person\\\/b9d00407c836482871ef1d57bf8e3180\",\"name\":\"Gonzalo Schmidt\",\"image\":{\"@type\":\"ImageObject\",\"inLanguage\":\"es\",\"@id\":\"https:\\\/\\\/secure.gravatar.com\\\/avatar\\\/31a1a7b66ff2de83bd0e9fd79d026630d2d99e55e8bfe501287647b4fd9743de?s=96&d=mm&r=g\",\"url\":\"https:\\\/\\\/secure.gravatar.com\\\/avatar\\\/31a1a7b66ff2de83bd0e9fd79d026630d2d99e55e8bfe501287647b4fd9743de?s=96&d=mm&r=g\",\"contentUrl\":\"https:\\\/\\\/secure.gravatar.com\\\/avatar\\\/31a1a7b66ff2de83bd0e9fd79d026630d2d99e55e8bfe501287647b4fd9743de?s=96&d=mm&r=g\",\"caption\":\"Gonzalo Schmidt\"},\"description\":\"Sitio web de noticias de la provincia de Entre R\u00edos, Argentina. Informaci\u00f3n y entretenimiento. Informe Litoral, nos informamos.\",\"sameAs\":[\"http:\\\/\\\/www.isletasnoticias.com.ar\"],\"url\":\"https:\\\/\\\/informelitoral.com.ar\\\/author\\\/gonzalo\\\/\"}]}<\/script>","yoast_head_json":{"title":"Levantan el paro de micros que amenazaba con afectar el fin de semana largo - Informe Litoral","robots":{"index":"index","follow":"follow","max-snippet":"max-snippet:-1","max-image-preview":"max-image-preview:large","max-video-preview":"max-video-preview:-1"},"canonical":"https:\/\/informelitoral.com.ar\/levantan-el-paro-de-micros-que-amenazaba-con-afectar-el-fin-de-semana-largo\/","og_locale":"es_ES","og_type":"article","og_title":"Levantan el paro de micros que amenazaba con afectar el fin de semana largo - Informe Litoral","og_description":"El&nbsp;Gobierno hab&iacute;a desplegado a la&nbsp;Gendarmer&iacute;a&nbsp;para impedir eventuales bloqueos en la terminal de Retiro. Pero&nbsp;las c&aacute;maras empresarias se comprometieron a pagar&nbsp;los aumentos adeudados y&nbsp;destrabaron el conflicto. Las c&aacute;maras empresarias y el gobierno nacional protagonizaron fuertes discusiones durante las &uacute;ltimas negociaciones paritarias del sindicato de choferes de &oacute;mnibus de larga distancia. Las compa&ntilde;&iacute;as insistieron una y otra [&hellip;]","og_url":"https:\/\/informelitoral.com.ar\/levantan-el-paro-de-micros-que-amenazaba-con-afectar-el-fin-de-semana-largo\/","og_site_name":"Informe Litoral","article_publisher":"https:\/\/www.facebook.com\/informelitoral\/","article_published_time":"2013-08-16T22:33:03+00:00","og_image":[{"url":"http:\/\/www.infobae.com\/adjuntos\/jpg\/2013\/08\/600x0_692885.jpg","type":"","width":"","height":""}],"author":"Gonzalo Schmidt","twitter_card":"summary_large_image","twitter_creator":"@InformeLitoral","twitter_site":"@InformeLitoral","twitter_misc":{"Escrito por":"Gonzalo Schmidt","Tiempo de lectura":"2 minutos"},"schema":{"@context":"https:\/\/schema.org","@graph":[{"@type":"Article","@id":"https:\/\/informelitoral.com.ar\/levantan-el-paro-de-micros-que-amenazaba-con-afectar-el-fin-de-semana-largo\/#article","isPartOf":{"@id":"https:\/\/informelitoral.com.ar\/levantan-el-paro-de-micros-que-amenazaba-con-afectar-el-fin-de-semana-largo\/"},"author":{"name":"Gonzalo Schmidt","@id":"https:\/\/informelitoral.com.ar\/#\/schema\/person\/b9d00407c836482871ef1d57bf8e3180"},"headline":"Levantan el paro de micros que amenazaba con afectar el fin de semana largo","datePublished":"2013-08-16T22:33:03+00:00","mainEntityOfPage":{"@id":"https:\/\/informelitoral.com.ar\/levantan-el-paro-de-micros-que-amenazaba-con-afectar-el-fin-de-semana-largo\/"},"wordCount":378,"commentCount":0,"publisher":{"@id":"https:\/\/informelitoral.com.ar\/#organization"},"image":{"@id":"https:\/\/informelitoral.com.ar\/levantan-el-paro-de-micros-que-amenazaba-con-afectar-el-fin-de-semana-largo\/#primaryimage"},"thumbnailUrl":"http:\/\/www.infobae.com\/adjuntos\/jpg\/2013\/08\/600x0_692885.jpg","articleSection":["Nacionales"],"inLanguage":"es","potentialAction":[{"@type":"CommentAction","name":"Comment","target":["https:\/\/informelitoral.com.ar\/levantan-el-paro-de-micros-que-amenazaba-con-afectar-el-fin-de-semana-largo\/#respond"]}]},{"@type":"WebPage","@id":"https:\/\/informelitoral.com.ar\/levantan-el-paro-de-micros-que-amenazaba-con-afectar-el-fin-de-semana-largo\/","url":"https:\/\/informelitoral.com.ar\/levantan-el-paro-de-micros-que-amenazaba-con-afectar-el-fin-de-semana-largo\/","name":"Levantan el paro de micros que amenazaba con afectar el fin de semana largo - Informe Litoral","isPartOf":{"@id":"https:\/\/informelitoral.com.ar\/#website"},"primaryImageOfPage":{"@id":"https:\/\/informelitoral.com.ar\/levantan-el-paro-de-micros-que-amenazaba-con-afectar-el-fin-de-semana-largo\/#primaryimage"},"image":{"@id":"https:\/\/informelitoral.com.ar\/levantan-el-paro-de-micros-que-amenazaba-con-afectar-el-fin-de-semana-largo\/#primaryimage"},"thumbnailUrl":"http:\/\/www.infobae.com\/adjuntos\/jpg\/2013\/08\/600x0_692885.jpg","datePublished":"2013-08-16T22:33:03+00:00","breadcrumb":{"@id":"https:\/\/informelitoral.com.ar\/levantan-el-paro-de-micros-que-amenazaba-con-afectar-el-fin-de-semana-largo\/#breadcrumb"},"inLanguage":"es","potentialAction":[{"@type":"ReadAction","target":["https:\/\/informelitoral.com.ar\/levantan-el-paro-de-micros-que-amenazaba-con-afectar-el-fin-de-semana-largo\/"]}]},{"@type":"ImageObject","inLanguage":"es","@id":"https:\/\/informelitoral.com.ar\/levantan-el-paro-de-micros-que-amenazaba-con-afectar-el-fin-de-semana-largo\/#primaryimage","url":"http:\/\/www.infobae.com\/adjuntos\/jpg\/2013\/08\/600x0_692885.jpg","contentUrl":"http:\/\/www.infobae.com\/adjuntos\/jpg\/2013\/08\/600x0_692885.jpg"},{"@type":"BreadcrumbList","@id":"https:\/\/informelitoral.com.ar\/levantan-el-paro-de-micros-que-amenazaba-con-afectar-el-fin-de-semana-largo\/#breadcrumb","itemListElement":[{"@type":"ListItem","position":1,"name":"Portada","item":"https:\/\/informelitoral.com.ar\/"},{"@type":"ListItem","position":2,"name":"Levantan el paro de micros que amenazaba con afectar el fin de semana largo"}]},{"@type":"WebSite","@id":"https:\/\/informelitoral.com.ar\/#website","url":"https:\/\/informelitoral.com.ar\/","name":"Informe Litoral","description":"&quot;Nos informamos&quot; ","publisher":{"@id":"https:\/\/informelitoral.com.ar\/#organization"},"potentialAction":[{"@type":"SearchAction","target":{"@type":"EntryPoint","urlTemplate":"https:\/\/informelitoral.com.ar\/?s={search_term_string}"},"query-input":{"@type":"PropertyValueSpecification","valueRequired":true,"valueName":"search_term_string"}}],"inLanguage":"es"},{"@type":"Organization","@id":"https:\/\/informelitoral.com.ar\/#organization","name":"Informe Litoral","url":"https:\/\/informelitoral.com.ar\/","logo":{"@type":"ImageObject","inLanguage":"es","@id":"https:\/\/informelitoral.com.ar\/#\/schema\/logo\/image\/","url":"https:\/\/informelitoral.com.ar\/%77%70%2d%63%6f%6e%74%65%6e%74\/uploads\/2021\/01\/circulo.png","contentUrl":"https:\/\/informelitoral.com.ar\/%77%70%2d%63%6f%6e%74%65%6e%74\/uploads\/2021\/01\/circulo.png","width":723,"height":731,"caption":"Informe Litoral"},"image":{"@id":"https:\/\/informelitoral.com.ar\/#\/schema\/logo\/image\/"},"sameAs":["https:\/\/www.facebook.com\/informelitoral\/","https:\/\/x.com\/InformeLitoral","https:\/\/www.instagram.com\/informelitoral\/","https:\/\/www.youtube.com\/channel\/UCua4Qvz8Icb6MYqhoq9xLXw"]},{"@type":"Person","@id":"https:\/\/informelitoral.com.ar\/#\/schema\/person\/b9d00407c836482871ef1d57bf8e3180","name":"Gonzalo Schmidt","image":{"@type":"ImageObject","inLanguage":"es","@id":"https:\/\/secure.gravatar.com\/avatar\/31a1a7b66ff2de83bd0e9fd79d026630d2d99e55e8bfe501287647b4fd9743de?s=96&d=mm&r=g","url":"https:\/\/secure.gravatar.com\/avatar\/31a1a7b66ff2de83bd0e9fd79d026630d2d99e55e8bfe501287647b4fd9743de?s=96&d=mm&r=g","contentUrl":"https:\/\/secure.gravatar.com\/avatar\/31a1a7b66ff2de83bd0e9fd79d026630d2d99e55e8bfe501287647b4fd9743de?s=96&d=mm&r=g","caption":"Gonzalo Schmidt"},"description":"Sitio web de noticias de la provincia de Entre R\u00edos, Argentina. Informaci\u00f3n y entretenimiento. Informe Litoral, nos informamos.","sameAs":["http:\/\/www.isletasnoticias.com.ar"],"url":"https:\/\/informelitoral.com.ar\/author\/gonzalo\/"}]}},"_links":{"self":[{"href":"https:\/\/informelitoral.com.ar\/%77%70%2d%6a%73%6f%6e\/wp\/v2\/posts\/2828","targetHints":{"allow":["GET"]}}],"collection":[{"href":"https:\/\/informelitoral.com.ar\/%77%70%2d%6a%73%6f%6e\/wp\/v2\/posts"}],"about":[{"href":"https:\/\/informelitoral.com.ar\/%77%70%2d%6a%73%6f%6e\/wp\/v2\/types\/post"}],"author":[{"embeddable":true,"href":"https:\/\/informelitoral.com.ar\/%77%70%2d%6a%73%6f%6e\/wp\/v2\/users\/2"}],"replies":[{"embeddable":true,"href":"https:\/\/informelitoral.com.ar\/%77%70%2d%6a%73%6f%6e\/wp\/v2\/comments?post=2828"}],"version-history":[{"count":0,"href":"https:\/\/informelitoral.com.ar\/%77%70%2d%6a%73%6f%6e\/wp\/v2\/posts\/2828\/revisions"}],"wp:attachment":[{"href":"https:\/\/informelitoral.com.ar\/%77%70%2d%6a%73%6f%6e\/wp\/v2\/media?parent=2828"}],"wp:term":[{"taxonomy":"category","embeddable":true,"href":"https:\/\/informelitoral.com.ar\/%77%70%2d%6a%73%6f%6e\/wp\/v2\/categories?post=2828"},{"taxonomy":"post_tag","embeddable":true,"href":"https:\/\/informelitoral.com.ar\/%77%70%2d%6a%73%6f%6e\/wp\/v2\/tags?post=2828"}],"curies":[{"name":"wp","href":"https:\/\/api.w.org\/{rel}","templated":true}]}}