{"id":28262,"date":"2018-07-19T10:04:21","date_gmt":"2018-07-19T13:04:21","guid":{"rendered":"https:\/\/www.isletasnoticias.com.ar\/?p=28262"},"modified":"2018-07-19T10:04:21","modified_gmt":"2018-07-19T13:04:21","slug":"macri-la-inflacion-va-a-bajar-mas-de-10-puntos-el-ano-que-viene","status":"publish","type":"post","link":"https:\/\/informelitoral.com.ar\/macri-la-inflacion-va-a-bajar-mas-de-10-puntos-el-ano-que-viene\/","title":{"rendered":"Macri: \u00abLa inflaci\u00f3n va a bajar m\u00e1s de 10 puntos el a\u00f1o que viene\u00bb"},"content":{"rendered":"<p>El presidente <strong>Mauricio Macri<\/strong> asegur\u00f3 este mi\u00e9rcoles en conferencia de prensa que el pa\u00eds est\u00e1 atravesando una <strong>\u00abtormenta\u00bb<\/strong> y no una crisis \u00absimilar a otras del pasado\u00bb.<\/p>\n<p>El jefe de Estado prometi\u00f3 que<strong> la inflaci\u00f3n \u00abva a bajar m\u00e1s de 10 puntos\u00bb en 2019<\/strong> y sostuvo que, si bien<strong> el crecimiento \u00abva a disminuir\u00bb,<\/strong> su Gobierno \u00abest\u00e1 haciendo el esfuerzo correcto\u00bb y \u00abmantiene el rumbo\u00bb.<\/p>\n<p>\u00abMuchos argentinos sienten frente a la tormenta que estamos atravesando que estamos afrontando una crisis similar a otras del pasado, pero yo creo que no es as\u00ed: claramente estamos enfrentando una tormenta, pero hemos arriado las velas y estamos manteniendo el rumbo.<\/p>\n<p>Creo en el futuro que tenemos por delante y estamos haciendo el esfuerzo correcto\u00bb, sostuvo el mandatario al responder preguntas en una conferencia de prensa realizada en la Residencia Presidencial de Olivos.<\/p>\n<p>En este sentido, el l\u00edder de Cambiemos asegur\u00f3: \u00abVa a disminuir el crecimiento con el que ven\u00edamos, pero estoy convencido de que va a volver a generarse empleo as\u00ed como lo generamos en el 2017\u00bb, al tiempo que afirm\u00f3 que \u00abcada vez estamos con mejores herramientas para enfrentar este mundo vol\u00e1til en el cual convivimos. Y enfrentar problemas de d\u00e9cadas anteriores, no solo de gobiernos anteriores\u00bb.<\/p>\n<p>Al ser consultado acerca de la denuncia sobre el <strong>financiamiento de las campa\u00f1as de Cambiemos de 2015 y 2017,<\/strong> el presidente manifest\u00f3: \u00abSiempre hemos rendidos los gastos y seguiremos aportando toda la informaci\u00f3n a la Justicia y clarificando con una auditor\u00eda\u00bb.<\/p>\n<p>Asimismo insisti\u00f3 en la necesidad de trabajar en una nueva ley de financiamiento de los partidos: \u00abEsperamos que se materialice y modernice bancarizando todos los aportes\u00bb.<\/p>\n<p>Macri habl\u00f3 sobre el d\u00e9ficit primario, y fue tajante al sostener que \u00abtenemos que dejar de tener un Estado que gasta mucho m\u00e1s de lo que nosotros pagamos. Y no podemos pagar m\u00e1s impuestos porque los argentinos dejan de consumir\u00bb, sentenci\u00f3.<\/p>\n<p>Asimismo agreg\u00f3: \u00abHoy tenemos que pagar deudas, nuestros hijos y nuestros nietos por tener un Estado que gasta m\u00e1s de lo que tiene\u00bb.<\/p>\n<p><strong>Tarifas<\/strong><\/p>\n<p>\u00abTenemos que volver a pagar lo que valen los servicios porque nos est\u00e1bamos quedando sin energ\u00eda\u00bb, sostuvo el mandatario. En ese sentido asegur\u00f3 que \u00aben 3 a\u00f1os vamos a ser exportadores netos por Vaca Muerta donde trabajan mas de 30 mil personas. En un par de a\u00f1os van a ser medio mill\u00f3n de personas. El a\u00f1o que viene 80 mil\u00bb.<\/p>\n<p>Durante la conferencia, el jefe de Estado tambi\u00e9n fue interrogado acerca de los <strong>despidos en la agencia estatal T\u00e9lam<\/strong>: \u00abSoy el primero en lamentar cada argentino que pueda perder su trabajo o est\u00e9 por perderlo, pero a la vez desde el primer d\u00eda nos propusimos modernizar el Estado. Desde ese lugar, le he pedido a cada funcionario que su repartici\u00f3n funcione al servicio de los argentinos y lo que han decidido las autoridades de T\u00e9lam es que hab\u00eda una superpoblaci\u00f3n de gente\u00bb, subray\u00f3.<\/p>\n<p><strong>Inflaci\u00f3n<\/strong><\/p>\n<p>\u00abQueda claro que por m\u00e1s que no haya sido tan f\u00e1cil como pens\u00e1bamos domar la inflaci\u00f3n, por la historia, por la inflaci\u00f3n incubada por el cepo, por las tarifas y por esta tormenta que devalu\u00f3 la moneda, es una prioridad bajarla porque castiga al trabajador, a las pymes, a la industria\u00bb, sostuvo. \u00abVa a bajar m\u00e1s de diez puntos la inflaci\u00f3n para el a\u00f1o que viene y estaremos en un d\u00edgito para el otro\u00bb, indic\u00f3 el mandatario.<\/p>\n<p><strong>Retenciones<\/strong><\/p>\n<p>El presidente sostuvo que la Argentina debe \u00abfortalecer el perfil exportador\u00bb, por lo cual subray\u00f3 que las retenciones no son un \u00abimpuesto inteligente\u00bb. \u00abTenemos que exportar porque necesitamos generar trabajo. No creo que la retenci\u00f3n sea un impuesto inteligente\u00bb, analiz\u00f3. As\u00ed, afirm\u00f3: \u00abEstamos apuntando a decirle a todos \u00b4por favor, exporten\u00b4\u00bb. \u00abLas retenciones destruyen nuestro futuro\u00bb, consider\u00f3. <em>(Fuente <a title=\"Video | Mauricio Macri: \" href=\"http:\/\/www.perfil.com\/noticias\/politica\/mauricio-macri-hay-muchos-argentinos-que-sienten-angustia.phtml\" target=\"_blank\" rel=\"noopener\">www.perfil.com<\/a>).\u00a0<\/em><\/p>\n<p>&nbsp;<\/p>\n<p>&nbsp;<\/p>\n<p>(Fuente <a title=\"Video | Mauricio Macri: \" href=\"http:\/\/www.perfil.com\/noticias\/politica\/mauricio-macri-hay-muchos-argentinos-que-sienten-angustia.phtml\" target=\"_blank\" rel=\"noopener\">www.perfil.com<\/a>).<\/p>\n","protected":false},"excerpt":{"rendered":"<p>El presidente recibi\u00f3 a periodistas en la Quinta de Olivos, y habl\u00f3 de inflaci\u00f3n, aportantes, tarifas y despidos en T\u00e9lam, entre otros temas. \u00abEstamos enfrentando una tormenta, pero hemos arriado las velas\u00bb, asegur\u00f3.<\/p>\n","protected":false},"author":2,"featured_media":28263,"comment_status":"open","ping_status":"open","sticky":false,"template":"","format":"standard","meta":{"fifu_image_url":"","fifu_image_alt":"","footnotes":""},"categories":[16],"tags":[44,233,80],"class_list":{"0":"post-28262","1":"post","2":"type-post","3":"status-publish","4":"format-standard","5":"has-post-thumbnail","7":"category-politi","8":"tag-economia","9":"tag-gobierno-nacional","10":"tag-mauricio-macri"},"yoast_head":"<title>Macri: &quot;La inflaci\u00f3n va a bajar m\u00e1s de 10 puntos el a\u00f1o que viene&quot; - Informe Litoral<\/title>\n<meta name=\"robots\" content=\"index, follow, max-snippet:-1, max-image-preview:large, max-video-preview:-1\" \/>\n<link rel=\"canonical\" href=\"https:\/\/informelitoral.com.ar\/macri-la-inflacion-va-a-bajar-mas-de-10-puntos-el-ano-que-viene\/\" \/>\n<meta property=\"og:locale\" content=\"es_ES\" \/>\n<meta property=\"og:type\" content=\"article\" \/>\n<meta property=\"og:title\" content=\"Macri: &quot;La inflaci\u00f3n va a bajar m\u00e1s de 10 puntos el a\u00f1o que viene&quot; - Informe Litoral\" \/>\n<meta property=\"og:description\" content=\"El presidente recibi\u00f3 a periodistas en la Quinta de Olivos, y habl\u00f3 de inflaci\u00f3n, aportantes, tarifas y despidos en T\u00e9lam, entre otros temas. &quot;Estamos enfrentando una tormenta, pero hemos arriado las velas&quot;, asegur\u00f3.\" \/>\n<meta property=\"og:url\" content=\"https:\/\/informelitoral.com.ar\/macri-la-inflacion-va-a-bajar-mas-de-10-puntos-el-ano-que-viene\/\" \/>\n<meta property=\"og:site_name\" content=\"Informe Litoral\" \/>\n<meta property=\"article:publisher\" content=\"https:\/\/www.facebook.com\/informelitoral\/\" \/>\n<meta property=\"article:published_time\" content=\"2018-07-19T13:04:21+00:00\" \/>\n<meta property=\"og:image\" content=\"https:\/\/informelitoral.com.ar\/%77%70%2d%63%6f%6e%74%65%6e%74\/uploads\/2018\/07\/SJKKi4xNl_930x525.jpg\" \/>\n\t<meta property=\"og:image:width\" content=\"930\" \/>\n\t<meta property=\"og:image:height\" content=\"522\" \/>\n\t<meta property=\"og:image:type\" content=\"image\/jpeg\" \/>\n<meta name=\"author\" content=\"Gonzalo Schmidt\" \/>\n<meta name=\"twitter:card\" content=\"summary_large_image\" \/>\n<meta name=\"twitter:creator\" content=\"@InformeLitoral\" \/>\n<meta name=\"twitter:site\" content=\"@InformeLitoral\" \/>\n<meta name=\"twitter:label1\" content=\"Escrito por\" \/>\n\t<meta name=\"twitter:data1\" content=\"Gonzalo Schmidt\" \/>\n\t<meta name=\"twitter:label2\" content=\"Tiempo de lectura\" \/>\n\t<meta name=\"twitter:data2\" content=\"3 minutos\" \/>\n<script type=\"application\/ld+json\" class=\"yoast-schema-graph\">{\"@context\":\"https:\\\/\\\/schema.org\",\"@graph\":[{\"@type\":\"Article\",\"@id\":\"https:\\\/\\\/informelitoral.com.ar\\\/macri-la-inflacion-va-a-bajar-mas-de-10-puntos-el-ano-que-viene\\\/#article\",\"isPartOf\":{\"@id\":\"https:\\\/\\\/informelitoral.com.ar\\\/macri-la-inflacion-va-a-bajar-mas-de-10-puntos-el-ano-que-viene\\\/\"},\"author\":{\"name\":\"Gonzalo Schmidt\",\"@id\":\"https:\\\/\\\/informelitoral.com.ar\\\/#\\\/schema\\\/person\\\/b9d00407c836482871ef1d57bf8e3180\"},\"headline\":\"Macri: \u00abLa inflaci\u00f3n va a bajar m\u00e1s de 10 puntos el a\u00f1o que viene\u00bb\",\"datePublished\":\"2018-07-19T13:04:21+00:00\",\"mainEntityOfPage\":{\"@id\":\"https:\\\/\\\/informelitoral.com.ar\\\/macri-la-inflacion-va-a-bajar-mas-de-10-puntos-el-ano-que-viene\\\/\"},\"wordCount\":673,\"commentCount\":0,\"publisher\":{\"@id\":\"https:\\\/\\\/informelitoral.com.ar\\\/#organization\"},\"image\":{\"@id\":\"https:\\\/\\\/informelitoral.com.ar\\\/macri-la-inflacion-va-a-bajar-mas-de-10-puntos-el-ano-que-viene\\\/#primaryimage\"},\"thumbnailUrl\":\"https:\\\/\\\/informelitoral.com.ar\\\/%77%70%2d%63%6f%6e%74%65%6e%74\\\/uploads\\\/2018\\\/07\\\/SJKKi4xNl_930x525.jpg\",\"keywords\":[\"Econom\u00eda\",\"Gobierno nacional\",\"Mauricio Macri\"],\"articleSection\":[\"Politica\"],\"inLanguage\":\"es\",\"potentialAction\":[{\"@type\":\"CommentAction\",\"name\":\"Comment\",\"target\":[\"https:\\\/\\\/informelitoral.com.ar\\\/macri-la-inflacion-va-a-bajar-mas-de-10-puntos-el-ano-que-viene\\\/#respond\"]}]},{\"@type\":\"WebPage\",\"@id\":\"https:\\\/\\\/informelitoral.com.ar\\\/macri-la-inflacion-va-a-bajar-mas-de-10-puntos-el-ano-que-viene\\\/\",\"url\":\"https:\\\/\\\/informelitoral.com.ar\\\/macri-la-inflacion-va-a-bajar-mas-de-10-puntos-el-ano-que-viene\\\/\",\"name\":\"Macri: \\\"La inflaci\u00f3n va a bajar m\u00e1s de 10 puntos el a\u00f1o que viene\\\" - Informe Litoral\",\"isPartOf\":{\"@id\":\"https:\\\/\\\/informelitoral.com.ar\\\/#website\"},\"primaryImageOfPage\":{\"@id\":\"https:\\\/\\\/informelitoral.com.ar\\\/macri-la-inflacion-va-a-bajar-mas-de-10-puntos-el-ano-que-viene\\\/#primaryimage\"},\"image\":{\"@id\":\"https:\\\/\\\/informelitoral.com.ar\\\/macri-la-inflacion-va-a-bajar-mas-de-10-puntos-el-ano-que-viene\\\/#primaryimage\"},\"thumbnailUrl\":\"https:\\\/\\\/informelitoral.com.ar\\\/%77%70%2d%63%6f%6e%74%65%6e%74\\\/uploads\\\/2018\\\/07\\\/SJKKi4xNl_930x525.jpg\",\"datePublished\":\"2018-07-19T13:04:21+00:00\",\"breadcrumb\":{\"@id\":\"https:\\\/\\\/informelitoral.com.ar\\\/macri-la-inflacion-va-a-bajar-mas-de-10-puntos-el-ano-que-viene\\\/#breadcrumb\"},\"inLanguage\":\"es\",\"potentialAction\":[{\"@type\":\"ReadAction\",\"target\":[\"https:\\\/\\\/informelitoral.com.ar\\\/macri-la-inflacion-va-a-bajar-mas-de-10-puntos-el-ano-que-viene\\\/\"]}]},{\"@type\":\"ImageObject\",\"inLanguage\":\"es\",\"@id\":\"https:\\\/\\\/informelitoral.com.ar\\\/macri-la-inflacion-va-a-bajar-mas-de-10-puntos-el-ano-que-viene\\\/#primaryimage\",\"url\":\"https:\\\/\\\/informelitoral.com.ar\\\/%77%70%2d%63%6f%6e%74%65%6e%74\\\/uploads\\\/2018\\\/07\\\/SJKKi4xNl_930x525.jpg\",\"contentUrl\":\"https:\\\/\\\/informelitoral.com.ar\\\/%77%70%2d%63%6f%6e%74%65%6e%74\\\/uploads\\\/2018\\\/07\\\/SJKKi4xNl_930x525.jpg\",\"width\":930,\"height\":522},{\"@type\":\"BreadcrumbList\",\"@id\":\"https:\\\/\\\/informelitoral.com.ar\\\/macri-la-inflacion-va-a-bajar-mas-de-10-puntos-el-ano-que-viene\\\/#breadcrumb\",\"itemListElement\":[{\"@type\":\"ListItem\",\"position\":1,\"name\":\"Portada\",\"item\":\"https:\\\/\\\/informelitoral.com.ar\\\/\"},{\"@type\":\"ListItem\",\"position\":2,\"name\":\"Macri: \u00abLa inflaci\u00f3n va a bajar m\u00e1s de 10 puntos el a\u00f1o que viene\u00bb\"}]},{\"@type\":\"WebSite\",\"@id\":\"https:\\\/\\\/informelitoral.com.ar\\\/#website\",\"url\":\"https:\\\/\\\/informelitoral.com.ar\\\/\",\"name\":\"Informe Litoral\",\"description\":\"&quot;Nos informamos&quot; \",\"publisher\":{\"@id\":\"https:\\\/\\\/informelitoral.com.ar\\\/#organization\"},\"potentialAction\":[{\"@type\":\"SearchAction\",\"target\":{\"@type\":\"EntryPoint\",\"urlTemplate\":\"https:\\\/\\\/informelitoral.com.ar\\\/?s={search_term_string}\"},\"query-input\":{\"@type\":\"PropertyValueSpecification\",\"valueRequired\":true,\"valueName\":\"search_term_string\"}}],\"inLanguage\":\"es\"},{\"@type\":\"Organization\",\"@id\":\"https:\\\/\\\/informelitoral.com.ar\\\/#organization\",\"name\":\"Informe Litoral\",\"url\":\"https:\\\/\\\/informelitoral.com.ar\\\/\",\"logo\":{\"@type\":\"ImageObject\",\"inLanguage\":\"es\",\"@id\":\"https:\\\/\\\/informelitoral.com.ar\\\/#\\\/schema\\\/logo\\\/image\\\/\",\"url\":\"https:\\\/\\\/informelitoral.com.ar\\\/%77%70%2d%63%6f%6e%74%65%6e%74\\\/uploads\\\/2021\\\/01\\\/circulo.png\",\"contentUrl\":\"https:\\\/\\\/informelitoral.com.ar\\\/%77%70%2d%63%6f%6e%74%65%6e%74\\\/uploads\\\/2021\\\/01\\\/circulo.png\",\"width\":723,\"height\":731,\"caption\":\"Informe Litoral\"},\"image\":{\"@id\":\"https:\\\/\\\/informelitoral.com.ar\\\/#\\\/schema\\\/logo\\\/image\\\/\"},\"sameAs\":[\"https:\\\/\\\/www.facebook.com\\\/informelitoral\\\/\",\"https:\\\/\\\/x.com\\\/InformeLitoral\",\"https:\\\/\\\/www.instagram.com\\\/informelitoral\\\/\",\"https:\\\/\\\/www.youtube.com\\\/channel\\\/UCua4Qvz8Icb6MYqhoq9xLXw\"]},{\"@type\":\"Person\",\"@id\":\"https:\\\/\\\/informelitoral.com.ar\\\/#\\\/schema\\\/person\\\/b9d00407c836482871ef1d57bf8e3180\",\"name\":\"Gonzalo Schmidt\",\"image\":{\"@type\":\"ImageObject\",\"inLanguage\":\"es\",\"@id\":\"https:\\\/\\\/secure.gravatar.com\\\/avatar\\\/31a1a7b66ff2de83bd0e9fd79d026630d2d99e55e8bfe501287647b4fd9743de?s=96&d=mm&r=g\",\"url\":\"https:\\\/\\\/secure.gravatar.com\\\/avatar\\\/31a1a7b66ff2de83bd0e9fd79d026630d2d99e55e8bfe501287647b4fd9743de?s=96&d=mm&r=g\",\"contentUrl\":\"https:\\\/\\\/secure.gravatar.com\\\/avatar\\\/31a1a7b66ff2de83bd0e9fd79d026630d2d99e55e8bfe501287647b4fd9743de?s=96&d=mm&r=g\",\"caption\":\"Gonzalo Schmidt\"},\"description\":\"Sitio web de noticias de la provincia de Entre R\u00edos, Argentina. Informaci\u00f3n y entretenimiento. Informe Litoral, nos informamos.\",\"sameAs\":[\"http:\\\/\\\/www.isletasnoticias.com.ar\"],\"url\":\"https:\\\/\\\/informelitoral.com.ar\\\/author\\\/gonzalo\\\/\"}]}<\/script>","yoast_head_json":{"title":"Macri: \"La inflaci\u00f3n va a bajar m\u00e1s de 10 puntos el a\u00f1o que viene\" - Informe Litoral","robots":{"index":"index","follow":"follow","max-snippet":"max-snippet:-1","max-image-preview":"max-image-preview:large","max-video-preview":"max-video-preview:-1"},"canonical":"https:\/\/informelitoral.com.ar\/macri-la-inflacion-va-a-bajar-mas-de-10-puntos-el-ano-que-viene\/","og_locale":"es_ES","og_type":"article","og_title":"Macri: \"La inflaci\u00f3n va a bajar m\u00e1s de 10 puntos el a\u00f1o que viene\" - Informe Litoral","og_description":"El presidente recibi\u00f3 a periodistas en la Quinta de Olivos, y habl\u00f3 de inflaci\u00f3n, aportantes, tarifas y despidos en T\u00e9lam, entre otros temas. \"Estamos enfrentando una tormenta, pero hemos arriado las velas\", asegur\u00f3.","og_url":"https:\/\/informelitoral.com.ar\/macri-la-inflacion-va-a-bajar-mas-de-10-puntos-el-ano-que-viene\/","og_site_name":"Informe Litoral","article_publisher":"https:\/\/www.facebook.com\/informelitoral\/","article_published_time":"2018-07-19T13:04:21+00:00","og_image":[{"width":930,"height":522,"url":"https:\/\/informelitoral.com.ar\/%77%70%2d%63%6f%6e%74%65%6e%74\/uploads\/2018\/07\/SJKKi4xNl_930x525.jpg","type":"image\/jpeg"}],"author":"Gonzalo Schmidt","twitter_card":"summary_large_image","twitter_creator":"@InformeLitoral","twitter_site":"@InformeLitoral","twitter_misc":{"Escrito por":"Gonzalo Schmidt","Tiempo de lectura":"3 minutos"},"schema":{"@context":"https:\/\/schema.org","@graph":[{"@type":"Article","@id":"https:\/\/informelitoral.com.ar\/macri-la-inflacion-va-a-bajar-mas-de-10-puntos-el-ano-que-viene\/#article","isPartOf":{"@id":"https:\/\/informelitoral.com.ar\/macri-la-inflacion-va-a-bajar-mas-de-10-puntos-el-ano-que-viene\/"},"author":{"name":"Gonzalo Schmidt","@id":"https:\/\/informelitoral.com.ar\/#\/schema\/person\/b9d00407c836482871ef1d57bf8e3180"},"headline":"Macri: \u00abLa inflaci\u00f3n va a bajar m\u00e1s de 10 puntos el a\u00f1o que viene\u00bb","datePublished":"2018-07-19T13:04:21+00:00","mainEntityOfPage":{"@id":"https:\/\/informelitoral.com.ar\/macri-la-inflacion-va-a-bajar-mas-de-10-puntos-el-ano-que-viene\/"},"wordCount":673,"commentCount":0,"publisher":{"@id":"https:\/\/informelitoral.com.ar\/#organization"},"image":{"@id":"https:\/\/informelitoral.com.ar\/macri-la-inflacion-va-a-bajar-mas-de-10-puntos-el-ano-que-viene\/#primaryimage"},"thumbnailUrl":"https:\/\/informelitoral.com.ar\/%77%70%2d%63%6f%6e%74%65%6e%74\/uploads\/2018\/07\/SJKKi4xNl_930x525.jpg","keywords":["Econom\u00eda","Gobierno nacional","Mauricio Macri"],"articleSection":["Politica"],"inLanguage":"es","potentialAction":[{"@type":"CommentAction","name":"Comment","target":["https:\/\/informelitoral.com.ar\/macri-la-inflacion-va-a-bajar-mas-de-10-puntos-el-ano-que-viene\/#respond"]}]},{"@type":"WebPage","@id":"https:\/\/informelitoral.com.ar\/macri-la-inflacion-va-a-bajar-mas-de-10-puntos-el-ano-que-viene\/","url":"https:\/\/informelitoral.com.ar\/macri-la-inflacion-va-a-bajar-mas-de-10-puntos-el-ano-que-viene\/","name":"Macri: \"La inflaci\u00f3n va a bajar m\u00e1s de 10 puntos el a\u00f1o que viene\" - Informe Litoral","isPartOf":{"@id":"https:\/\/informelitoral.com.ar\/#website"},"primaryImageOfPage":{"@id":"https:\/\/informelitoral.com.ar\/macri-la-inflacion-va-a-bajar-mas-de-10-puntos-el-ano-que-viene\/#primaryimage"},"image":{"@id":"https:\/\/informelitoral.com.ar\/macri-la-inflacion-va-a-bajar-mas-de-10-puntos-el-ano-que-viene\/#primaryimage"},"thumbnailUrl":"https:\/\/informelitoral.com.ar\/%77%70%2d%63%6f%6e%74%65%6e%74\/uploads\/2018\/07\/SJKKi4xNl_930x525.jpg","datePublished":"2018-07-19T13:04:21+00:00","breadcrumb":{"@id":"https:\/\/informelitoral.com.ar\/macri-la-inflacion-va-a-bajar-mas-de-10-puntos-el-ano-que-viene\/#breadcrumb"},"inLanguage":"es","potentialAction":[{"@type":"ReadAction","target":["https:\/\/informelitoral.com.ar\/macri-la-inflacion-va-a-bajar-mas-de-10-puntos-el-ano-que-viene\/"]}]},{"@type":"ImageObject","inLanguage":"es","@id":"https:\/\/informelitoral.com.ar\/macri-la-inflacion-va-a-bajar-mas-de-10-puntos-el-ano-que-viene\/#primaryimage","url":"https:\/\/informelitoral.com.ar\/%77%70%2d%63%6f%6e%74%65%6e%74\/uploads\/2018\/07\/SJKKi4xNl_930x525.jpg","contentUrl":"https:\/\/informelitoral.com.ar\/%77%70%2d%63%6f%6e%74%65%6e%74\/uploads\/2018\/07\/SJKKi4xNl_930x525.jpg","width":930,"height":522},{"@type":"BreadcrumbList","@id":"https:\/\/informelitoral.com.ar\/macri-la-inflacion-va-a-bajar-mas-de-10-puntos-el-ano-que-viene\/#breadcrumb","itemListElement":[{"@type":"ListItem","position":1,"name":"Portada","item":"https:\/\/informelitoral.com.ar\/"},{"@type":"ListItem","position":2,"name":"Macri: \u00abLa inflaci\u00f3n va a bajar m\u00e1s de 10 puntos el a\u00f1o que viene\u00bb"}]},{"@type":"WebSite","@id":"https:\/\/informelitoral.com.ar\/#website","url":"https:\/\/informelitoral.com.ar\/","name":"Informe Litoral","description":"&quot;Nos informamos&quot; ","publisher":{"@id":"https:\/\/informelitoral.com.ar\/#organization"},"potentialAction":[{"@type":"SearchAction","target":{"@type":"EntryPoint","urlTemplate":"https:\/\/informelitoral.com.ar\/?s={search_term_string}"},"query-input":{"@type":"PropertyValueSpecification","valueRequired":true,"valueName":"search_term_string"}}],"inLanguage":"es"},{"@type":"Organization","@id":"https:\/\/informelitoral.com.ar\/#organization","name":"Informe Litoral","url":"https:\/\/informelitoral.com.ar\/","logo":{"@type":"ImageObject","inLanguage":"es","@id":"https:\/\/informelitoral.com.ar\/#\/schema\/logo\/image\/","url":"https:\/\/informelitoral.com.ar\/%77%70%2d%63%6f%6e%74%65%6e%74\/uploads\/2021\/01\/circulo.png","contentUrl":"https:\/\/informelitoral.com.ar\/%77%70%2d%63%6f%6e%74%65%6e%74\/uploads\/2021\/01\/circulo.png","width":723,"height":731,"caption":"Informe Litoral"},"image":{"@id":"https:\/\/informelitoral.com.ar\/#\/schema\/logo\/image\/"},"sameAs":["https:\/\/www.facebook.com\/informelitoral\/","https:\/\/x.com\/InformeLitoral","https:\/\/www.instagram.com\/informelitoral\/","https:\/\/www.youtube.com\/channel\/UCua4Qvz8Icb6MYqhoq9xLXw"]},{"@type":"Person","@id":"https:\/\/informelitoral.com.ar\/#\/schema\/person\/b9d00407c836482871ef1d57bf8e3180","name":"Gonzalo Schmidt","image":{"@type":"ImageObject","inLanguage":"es","@id":"https:\/\/secure.gravatar.com\/avatar\/31a1a7b66ff2de83bd0e9fd79d026630d2d99e55e8bfe501287647b4fd9743de?s=96&d=mm&r=g","url":"https:\/\/secure.gravatar.com\/avatar\/31a1a7b66ff2de83bd0e9fd79d026630d2d99e55e8bfe501287647b4fd9743de?s=96&d=mm&r=g","contentUrl":"https:\/\/secure.gravatar.com\/avatar\/31a1a7b66ff2de83bd0e9fd79d026630d2d99e55e8bfe501287647b4fd9743de?s=96&d=mm&r=g","caption":"Gonzalo Schmidt"},"description":"Sitio web de noticias de la provincia de Entre R\u00edos, Argentina. Informaci\u00f3n y entretenimiento. Informe Litoral, nos informamos.","sameAs":["http:\/\/www.isletasnoticias.com.ar"],"url":"https:\/\/informelitoral.com.ar\/author\/gonzalo\/"}]}},"_links":{"self":[{"href":"https:\/\/informelitoral.com.ar\/%77%70%2d%6a%73%6f%6e\/wp\/v2\/posts\/28262","targetHints":{"allow":["GET"]}}],"collection":[{"href":"https:\/\/informelitoral.com.ar\/%77%70%2d%6a%73%6f%6e\/wp\/v2\/posts"}],"about":[{"href":"https:\/\/informelitoral.com.ar\/%77%70%2d%6a%73%6f%6e\/wp\/v2\/types\/post"}],"author":[{"embeddable":true,"href":"https:\/\/informelitoral.com.ar\/%77%70%2d%6a%73%6f%6e\/wp\/v2\/users\/2"}],"replies":[{"embeddable":true,"href":"https:\/\/informelitoral.com.ar\/%77%70%2d%6a%73%6f%6e\/wp\/v2\/comments?post=28262"}],"version-history":[{"count":0,"href":"https:\/\/informelitoral.com.ar\/%77%70%2d%6a%73%6f%6e\/wp\/v2\/posts\/28262\/revisions"}],"wp:featuredmedia":[{"embeddable":true,"href":"https:\/\/informelitoral.com.ar\/%77%70%2d%6a%73%6f%6e\/wp\/v2\/media\/28263"}],"wp:attachment":[{"href":"https:\/\/informelitoral.com.ar\/%77%70%2d%6a%73%6f%6e\/wp\/v2\/media?parent=28262"}],"wp:term":[{"taxonomy":"category","embeddable":true,"href":"https:\/\/informelitoral.com.ar\/%77%70%2d%6a%73%6f%6e\/wp\/v2\/categories?post=28262"},{"taxonomy":"post_tag","embeddable":true,"href":"https:\/\/informelitoral.com.ar\/%77%70%2d%6a%73%6f%6e\/wp\/v2\/tags?post=28262"}],"curies":[{"name":"wp","href":"https:\/\/api.w.org\/{rel}","templated":true}]}}