{"id":2821,"date":"2013-08-15T22:26:38","date_gmt":"2013-08-16T01:26:38","guid":{"rendered":"http:\/\/www.isletasnoticias.com.ar\/?p=2821"},"modified":"2013-08-15T22:26:49","modified_gmt":"2013-08-16T01:26:49","slug":"diamante-secuestran-redes-de-pesca-en-zona-del-parque-nacional-pre-delta","status":"publish","type":"post","link":"https:\/\/informelitoral.com.ar\/diamante-secuestran-redes-de-pesca-en-zona-del-parque-nacional-pre-delta\/","title":{"rendered":"Diamante: Secuestran Redes de pesca en zona del Parque Nacional Pre Delta"},"content":{"rendered":"<div><strong>El Parque Nacional Pre Delta \/ Islas de Santa Fe informa que el pasado s\u00e1bado 10 de agosto se realiz\u00f3 un procedimiento contravencional por parte del Cuerpo de Guardaparques de esta \u00e1rea protegida en la Laguna El Varillal dentro de la jurisdicci\u00f3n del Parque Nacional Pre Delta.<\/strong><\/div>\n<div><em><strong>\u00a0<\/strong><\/em><\/div>\n<div><a href=\"http:\/\/www.isletasnoticias.com.ar\/%77%70%2d%63%6f%6e%74%65%6e%74\/uploads\/2013\/08\/20130815RedesPreDelta.jpg\"><img loading=\"lazy\" decoding=\"async\" class=\"size-medium wp-image-2822 alignright\" alt=\"20130815RedesPreDelta\" src=\"http:\/\/www.isletasnoticias.com.ar\/%77%70%2d%63%6f%6e%74%65%6e%74\/uploads\/2013\/08\/20130815RedesPreDelta-300x225.jpg\" width=\"300\" height=\"225\" srcset=\"https:\/\/informelitoral.com.ar\/%77%70%2d%63%6f%6e%74%65%6e%74\/uploads\/2013\/08\/20130815RedesPreDelta-300x225.jpg 300w, https:\/\/informelitoral.com.ar\/%77%70%2d%63%6f%6e%74%65%6e%74\/uploads\/2013\/08\/20130815RedesPreDelta.jpg 1024w\" sizes=\"auto, (max-width: 300px) 100vw, 300px\" \/><\/a><\/div>\n<div>\n<p>En una recorrida de rutina, dicho personal di\u00f3 con redes de pesca caladas en el citado cuerpo de agua, las cuales fueron secuestradas preventivamente.<\/p>\n<\/div>\n<p>En el lugar no se encontr\u00f3 a persona alguna que adujese la propiedad de las mismas, por lo cual se procedi\u00f3 al secuestro del total de 234 metros de redes de 1 metro de ancho y 12.5 cm de di\u00e1metro de malla, pudiendo devolverse al agua gran cantidad de ejemplares de diversas especies de peces que se encontraban atrapados, debido a que las redes fueron encontradas r\u00e1pidamente por el personal.<\/p>\n<p>Recordamos que las actividades de pesca se encuentran prohibidas dentro de la jurisdicci\u00f3n del Parque Nacional Pre Delta y del Parque Nacional Islas de Santa F\u00e9.<\/p>\n<p>Fuente: Neo Net Music.<\/p>\n","protected":false},"excerpt":{"rendered":"<p>El Parque Nacional Pre Delta \/ Islas de Santa Fe informa que el pasado s&aacute;bado 10 de agosto se realiz&oacute; un procedimiento contravencional por parte del Cuerpo de Guardaparques de esta &aacute;rea protegida en la Laguna El Varillal dentro de la jurisdicci&oacute;n del Parque Nacional Pre Delta. &nbsp; En una recorrida de rutina, dicho personal [&hellip;]<\/p>\n","protected":false},"author":2,"featured_media":0,"comment_status":"open","ping_status":"open","sticky":false,"template":"","format":"standard","meta":{"fifu_image_url":"","fifu_image_alt":"","footnotes":""},"categories":[5,14],"tags":[],"class_list":{"0":"post-2821","1":"post","2":"type-post","3":"status-publish","4":"format-standard","6":"category-zonales","7":"category-policiales"},"yoast_head":"<title>Diamante: Secuestran Redes de pesca en zona del Parque Nacional Pre Delta - Informe Litoral<\/title>\n<meta name=\"robots\" content=\"index, follow, max-snippet:-1, max-image-preview:large, max-video-preview:-1\" \/>\n<link rel=\"canonical\" href=\"https:\/\/informelitoral.com.ar\/diamante-secuestran-redes-de-pesca-en-zona-del-parque-nacional-pre-delta\/\" \/>\n<meta property=\"og:locale\" content=\"es_ES\" \/>\n<meta property=\"og:type\" content=\"article\" \/>\n<meta property=\"og:title\" content=\"Diamante: Secuestran Redes de pesca en zona del Parque Nacional Pre Delta - Informe Litoral\" \/>\n<meta property=\"og:description\" content=\"El Parque Nacional Pre Delta \/ Islas de Santa Fe informa que el pasado s&aacute;bado 10 de agosto se realiz&oacute; un procedimiento contravencional por parte del Cuerpo de Guardaparques de esta &aacute;rea protegida en la Laguna El Varillal dentro de la jurisdicci&oacute;n del Parque Nacional Pre Delta. &nbsp; En una recorrida de rutina, dicho personal [&hellip;]\" \/>\n<meta property=\"og:url\" content=\"https:\/\/informelitoral.com.ar\/diamante-secuestran-redes-de-pesca-en-zona-del-parque-nacional-pre-delta\/\" \/>\n<meta property=\"og:site_name\" content=\"Informe Litoral\" \/>\n<meta property=\"article:publisher\" content=\"https:\/\/www.facebook.com\/informelitoral\/\" \/>\n<meta property=\"article:published_time\" content=\"2013-08-16T01:26:38+00:00\" \/>\n<meta property=\"article:modified_time\" content=\"2013-08-16T01:26:49+00:00\" \/>\n<meta property=\"og:image\" content=\"https:\/\/informelitoral.com.ar\/%77%70%2d%63%6f%6e%74%65%6e%74\/uploads\/2013\/08\/20130815RedesPreDelta.jpg\" \/>\n\t<meta property=\"og:image:width\" content=\"1024\" \/>\n\t<meta property=\"og:image:height\" content=\"768\" \/>\n\t<meta property=\"og:image:type\" content=\"image\/jpeg\" \/>\n<meta name=\"author\" content=\"Gonzalo Schmidt\" \/>\n<meta name=\"twitter:card\" content=\"summary_large_image\" \/>\n<meta name=\"twitter:creator\" content=\"@InformeLitoral\" \/>\n<meta name=\"twitter:site\" content=\"@InformeLitoral\" \/>\n<meta name=\"twitter:label1\" content=\"Escrito por\" \/>\n\t<meta name=\"twitter:data1\" content=\"Gonzalo Schmidt\" \/>\n\t<meta name=\"twitter:label2\" content=\"Tiempo de lectura\" \/>\n\t<meta name=\"twitter:data2\" content=\"1 minuto\" \/>\n<script type=\"application\/ld+json\" class=\"yoast-schema-graph\">{\"@context\":\"https:\\\/\\\/schema.org\",\"@graph\":[{\"@type\":\"Article\",\"@id\":\"https:\\\/\\\/informelitoral.com.ar\\\/diamante-secuestran-redes-de-pesca-en-zona-del-parque-nacional-pre-delta\\\/#article\",\"isPartOf\":{\"@id\":\"https:\\\/\\\/informelitoral.com.ar\\\/diamante-secuestran-redes-de-pesca-en-zona-del-parque-nacional-pre-delta\\\/\"},\"author\":{\"name\":\"Gonzalo Schmidt\",\"@id\":\"https:\\\/\\\/informelitoral.com.ar\\\/#\\\/schema\\\/person\\\/b9d00407c836482871ef1d57bf8e3180\"},\"headline\":\"Diamante: Secuestran Redes de pesca en zona del Parque Nacional Pre Delta\",\"datePublished\":\"2013-08-16T01:26:38+00:00\",\"dateModified\":\"2013-08-16T01:26:49+00:00\",\"mainEntityOfPage\":{\"@id\":\"https:\\\/\\\/informelitoral.com.ar\\\/diamante-secuestran-redes-de-pesca-en-zona-del-parque-nacional-pre-delta\\\/\"},\"wordCount\":183,\"commentCount\":0,\"publisher\":{\"@id\":\"https:\\\/\\\/informelitoral.com.ar\\\/#organization\"},\"image\":{\"@id\":\"https:\\\/\\\/informelitoral.com.ar\\\/diamante-secuestran-redes-de-pesca-en-zona-del-parque-nacional-pre-delta\\\/#primaryimage\"},\"thumbnailUrl\":\"http:\\\/\\\/www.isletasnoticias.com.ar\\\/%77%70%2d%63%6f%6e%74%65%6e%74\\\/uploads\\\/2013\\\/08\\\/20130815RedesPreDelta-300x225.jpg\",\"articleSection\":[\"Departamento Diamante\",\"Policiales\"],\"inLanguage\":\"es\",\"potentialAction\":[{\"@type\":\"CommentAction\",\"name\":\"Comment\",\"target\":[\"https:\\\/\\\/informelitoral.com.ar\\\/diamante-secuestran-redes-de-pesca-en-zona-del-parque-nacional-pre-delta\\\/#respond\"]}]},{\"@type\":\"WebPage\",\"@id\":\"https:\\\/\\\/informelitoral.com.ar\\\/diamante-secuestran-redes-de-pesca-en-zona-del-parque-nacional-pre-delta\\\/\",\"url\":\"https:\\\/\\\/informelitoral.com.ar\\\/diamante-secuestran-redes-de-pesca-en-zona-del-parque-nacional-pre-delta\\\/\",\"name\":\"Diamante: Secuestran Redes de pesca en zona del Parque Nacional Pre Delta - Informe Litoral\",\"isPartOf\":{\"@id\":\"https:\\\/\\\/informelitoral.com.ar\\\/#website\"},\"primaryImageOfPage\":{\"@id\":\"https:\\\/\\\/informelitoral.com.ar\\\/diamante-secuestran-redes-de-pesca-en-zona-del-parque-nacional-pre-delta\\\/#primaryimage\"},\"image\":{\"@id\":\"https:\\\/\\\/informelitoral.com.ar\\\/diamante-secuestran-redes-de-pesca-en-zona-del-parque-nacional-pre-delta\\\/#primaryimage\"},\"thumbnailUrl\":\"http:\\\/\\\/www.isletasnoticias.com.ar\\\/%77%70%2d%63%6f%6e%74%65%6e%74\\\/uploads\\\/2013\\\/08\\\/20130815RedesPreDelta-300x225.jpg\",\"datePublished\":\"2013-08-16T01:26:38+00:00\",\"dateModified\":\"2013-08-16T01:26:49+00:00\",\"breadcrumb\":{\"@id\":\"https:\\\/\\\/informelitoral.com.ar\\\/diamante-secuestran-redes-de-pesca-en-zona-del-parque-nacional-pre-delta\\\/#breadcrumb\"},\"inLanguage\":\"es\",\"potentialAction\":[{\"@type\":\"ReadAction\",\"target\":[\"https:\\\/\\\/informelitoral.com.ar\\\/diamante-secuestran-redes-de-pesca-en-zona-del-parque-nacional-pre-delta\\\/\"]}]},{\"@type\":\"ImageObject\",\"inLanguage\":\"es\",\"@id\":\"https:\\\/\\\/informelitoral.com.ar\\\/diamante-secuestran-redes-de-pesca-en-zona-del-parque-nacional-pre-delta\\\/#primaryimage\",\"url\":\"http:\\\/\\\/www.isletasnoticias.com.ar\\\/%77%70%2d%63%6f%6e%74%65%6e%74\\\/uploads\\\/2013\\\/08\\\/20130815RedesPreDelta-300x225.jpg\",\"contentUrl\":\"http:\\\/\\\/www.isletasnoticias.com.ar\\\/%77%70%2d%63%6f%6e%74%65%6e%74\\\/uploads\\\/2013\\\/08\\\/20130815RedesPreDelta-300x225.jpg\"},{\"@type\":\"BreadcrumbList\",\"@id\":\"https:\\\/\\\/informelitoral.com.ar\\\/diamante-secuestran-redes-de-pesca-en-zona-del-parque-nacional-pre-delta\\\/#breadcrumb\",\"itemListElement\":[{\"@type\":\"ListItem\",\"position\":1,\"name\":\"Portada\",\"item\":\"https:\\\/\\\/informelitoral.com.ar\\\/\"},{\"@type\":\"ListItem\",\"position\":2,\"name\":\"Diamante: Secuestran Redes de pesca en zona del Parque Nacional Pre Delta\"}]},{\"@type\":\"WebSite\",\"@id\":\"https:\\\/\\\/informelitoral.com.ar\\\/#website\",\"url\":\"https:\\\/\\\/informelitoral.com.ar\\\/\",\"name\":\"Informe Litoral\",\"description\":\"&quot;Nos informamos&quot; \",\"publisher\":{\"@id\":\"https:\\\/\\\/informelitoral.com.ar\\\/#organization\"},\"potentialAction\":[{\"@type\":\"SearchAction\",\"target\":{\"@type\":\"EntryPoint\",\"urlTemplate\":\"https:\\\/\\\/informelitoral.com.ar\\\/?s={search_term_string}\"},\"query-input\":{\"@type\":\"PropertyValueSpecification\",\"valueRequired\":true,\"valueName\":\"search_term_string\"}}],\"inLanguage\":\"es\"},{\"@type\":\"Organization\",\"@id\":\"https:\\\/\\\/informelitoral.com.ar\\\/#organization\",\"name\":\"Informe Litoral\",\"url\":\"https:\\\/\\\/informelitoral.com.ar\\\/\",\"logo\":{\"@type\":\"ImageObject\",\"inLanguage\":\"es\",\"@id\":\"https:\\\/\\\/informelitoral.com.ar\\\/#\\\/schema\\\/logo\\\/image\\\/\",\"url\":\"https:\\\/\\\/informelitoral.com.ar\\\/%77%70%2d%63%6f%6e%74%65%6e%74\\\/uploads\\\/2021\\\/01\\\/circulo.png\",\"contentUrl\":\"https:\\\/\\\/informelitoral.com.ar\\\/%77%70%2d%63%6f%6e%74%65%6e%74\\\/uploads\\\/2021\\\/01\\\/circulo.png\",\"width\":723,\"height\":731,\"caption\":\"Informe Litoral\"},\"image\":{\"@id\":\"https:\\\/\\\/informelitoral.com.ar\\\/#\\\/schema\\\/logo\\\/image\\\/\"},\"sameAs\":[\"https:\\\/\\\/www.facebook.com\\\/informelitoral\\\/\",\"https:\\\/\\\/x.com\\\/InformeLitoral\",\"https:\\\/\\\/www.instagram.com\\\/informelitoral\\\/\",\"https:\\\/\\\/www.youtube.com\\\/channel\\\/UCua4Qvz8Icb6MYqhoq9xLXw\"]},{\"@type\":\"Person\",\"@id\":\"https:\\\/\\\/informelitoral.com.ar\\\/#\\\/schema\\\/person\\\/b9d00407c836482871ef1d57bf8e3180\",\"name\":\"Gonzalo Schmidt\",\"image\":{\"@type\":\"ImageObject\",\"inLanguage\":\"es\",\"@id\":\"https:\\\/\\\/secure.gravatar.com\\\/avatar\\\/31a1a7b66ff2de83bd0e9fd79d026630d2d99e55e8bfe501287647b4fd9743de?s=96&d=mm&r=g\",\"url\":\"https:\\\/\\\/secure.gravatar.com\\\/avatar\\\/31a1a7b66ff2de83bd0e9fd79d026630d2d99e55e8bfe501287647b4fd9743de?s=96&d=mm&r=g\",\"contentUrl\":\"https:\\\/\\\/secure.gravatar.com\\\/avatar\\\/31a1a7b66ff2de83bd0e9fd79d026630d2d99e55e8bfe501287647b4fd9743de?s=96&d=mm&r=g\",\"caption\":\"Gonzalo Schmidt\"},\"description\":\"Sitio web de noticias de la provincia de Entre R\u00edos, Argentina. Informaci\u00f3n y entretenimiento. Informe Litoral, nos informamos.\",\"sameAs\":[\"http:\\\/\\\/www.isletasnoticias.com.ar\"],\"url\":\"https:\\\/\\\/informelitoral.com.ar\\\/author\\\/gonzalo\\\/\"}]}<\/script>","yoast_head_json":{"title":"Diamante: Secuestran Redes de pesca en zona del Parque Nacional Pre Delta - Informe Litoral","robots":{"index":"index","follow":"follow","max-snippet":"max-snippet:-1","max-image-preview":"max-image-preview:large","max-video-preview":"max-video-preview:-1"},"canonical":"https:\/\/informelitoral.com.ar\/diamante-secuestran-redes-de-pesca-en-zona-del-parque-nacional-pre-delta\/","og_locale":"es_ES","og_type":"article","og_title":"Diamante: Secuestran Redes de pesca en zona del Parque Nacional Pre Delta - Informe Litoral","og_description":"El Parque Nacional Pre Delta \/ Islas de Santa Fe informa que el pasado s&aacute;bado 10 de agosto se realiz&oacute; un procedimiento contravencional por parte del Cuerpo de Guardaparques de esta &aacute;rea protegida en la Laguna El Varillal dentro de la jurisdicci&oacute;n del Parque Nacional Pre Delta. &nbsp; En una recorrida de rutina, dicho personal [&hellip;]","og_url":"https:\/\/informelitoral.com.ar\/diamante-secuestran-redes-de-pesca-en-zona-del-parque-nacional-pre-delta\/","og_site_name":"Informe Litoral","article_publisher":"https:\/\/www.facebook.com\/informelitoral\/","article_published_time":"2013-08-16T01:26:38+00:00","article_modified_time":"2013-08-16T01:26:49+00:00","og_image":[{"width":1024,"height":768,"url":"https:\/\/informelitoral.com.ar\/%77%70%2d%63%6f%6e%74%65%6e%74\/uploads\/2013\/08\/20130815RedesPreDelta.jpg","type":"image\/jpeg"}],"author":"Gonzalo Schmidt","twitter_card":"summary_large_image","twitter_creator":"@InformeLitoral","twitter_site":"@InformeLitoral","twitter_misc":{"Escrito por":"Gonzalo Schmidt","Tiempo de lectura":"1 minuto"},"schema":{"@context":"https:\/\/schema.org","@graph":[{"@type":"Article","@id":"https:\/\/informelitoral.com.ar\/diamante-secuestran-redes-de-pesca-en-zona-del-parque-nacional-pre-delta\/#article","isPartOf":{"@id":"https:\/\/informelitoral.com.ar\/diamante-secuestran-redes-de-pesca-en-zona-del-parque-nacional-pre-delta\/"},"author":{"name":"Gonzalo Schmidt","@id":"https:\/\/informelitoral.com.ar\/#\/schema\/person\/b9d00407c836482871ef1d57bf8e3180"},"headline":"Diamante: Secuestran Redes de pesca en zona del Parque Nacional Pre Delta","datePublished":"2013-08-16T01:26:38+00:00","dateModified":"2013-08-16T01:26:49+00:00","mainEntityOfPage":{"@id":"https:\/\/informelitoral.com.ar\/diamante-secuestran-redes-de-pesca-en-zona-del-parque-nacional-pre-delta\/"},"wordCount":183,"commentCount":0,"publisher":{"@id":"https:\/\/informelitoral.com.ar\/#organization"},"image":{"@id":"https:\/\/informelitoral.com.ar\/diamante-secuestran-redes-de-pesca-en-zona-del-parque-nacional-pre-delta\/#primaryimage"},"thumbnailUrl":"http:\/\/www.isletasnoticias.com.ar\/%77%70%2d%63%6f%6e%74%65%6e%74\/uploads\/2013\/08\/20130815RedesPreDelta-300x225.jpg","articleSection":["Departamento Diamante","Policiales"],"inLanguage":"es","potentialAction":[{"@type":"CommentAction","name":"Comment","target":["https:\/\/informelitoral.com.ar\/diamante-secuestran-redes-de-pesca-en-zona-del-parque-nacional-pre-delta\/#respond"]}]},{"@type":"WebPage","@id":"https:\/\/informelitoral.com.ar\/diamante-secuestran-redes-de-pesca-en-zona-del-parque-nacional-pre-delta\/","url":"https:\/\/informelitoral.com.ar\/diamante-secuestran-redes-de-pesca-en-zona-del-parque-nacional-pre-delta\/","name":"Diamante: Secuestran Redes de pesca en zona del Parque Nacional Pre Delta - Informe Litoral","isPartOf":{"@id":"https:\/\/informelitoral.com.ar\/#website"},"primaryImageOfPage":{"@id":"https:\/\/informelitoral.com.ar\/diamante-secuestran-redes-de-pesca-en-zona-del-parque-nacional-pre-delta\/#primaryimage"},"image":{"@id":"https:\/\/informelitoral.com.ar\/diamante-secuestran-redes-de-pesca-en-zona-del-parque-nacional-pre-delta\/#primaryimage"},"thumbnailUrl":"http:\/\/www.isletasnoticias.com.ar\/%77%70%2d%63%6f%6e%74%65%6e%74\/uploads\/2013\/08\/20130815RedesPreDelta-300x225.jpg","datePublished":"2013-08-16T01:26:38+00:00","dateModified":"2013-08-16T01:26:49+00:00","breadcrumb":{"@id":"https:\/\/informelitoral.com.ar\/diamante-secuestran-redes-de-pesca-en-zona-del-parque-nacional-pre-delta\/#breadcrumb"},"inLanguage":"es","potentialAction":[{"@type":"ReadAction","target":["https:\/\/informelitoral.com.ar\/diamante-secuestran-redes-de-pesca-en-zona-del-parque-nacional-pre-delta\/"]}]},{"@type":"ImageObject","inLanguage":"es","@id":"https:\/\/informelitoral.com.ar\/diamante-secuestran-redes-de-pesca-en-zona-del-parque-nacional-pre-delta\/#primaryimage","url":"http:\/\/www.isletasnoticias.com.ar\/%77%70%2d%63%6f%6e%74%65%6e%74\/uploads\/2013\/08\/20130815RedesPreDelta-300x225.jpg","contentUrl":"http:\/\/www.isletasnoticias.com.ar\/%77%70%2d%63%6f%6e%74%65%6e%74\/uploads\/2013\/08\/20130815RedesPreDelta-300x225.jpg"},{"@type":"BreadcrumbList","@id":"https:\/\/informelitoral.com.ar\/diamante-secuestran-redes-de-pesca-en-zona-del-parque-nacional-pre-delta\/#breadcrumb","itemListElement":[{"@type":"ListItem","position":1,"name":"Portada","item":"https:\/\/informelitoral.com.ar\/"},{"@type":"ListItem","position":2,"name":"Diamante: Secuestran Redes de pesca en zona del Parque Nacional Pre Delta"}]},{"@type":"WebSite","@id":"https:\/\/informelitoral.com.ar\/#website","url":"https:\/\/informelitoral.com.ar\/","name":"Informe Litoral","description":"&quot;Nos informamos&quot; ","publisher":{"@id":"https:\/\/informelitoral.com.ar\/#organization"},"potentialAction":[{"@type":"SearchAction","target":{"@type":"EntryPoint","urlTemplate":"https:\/\/informelitoral.com.ar\/?s={search_term_string}"},"query-input":{"@type":"PropertyValueSpecification","valueRequired":true,"valueName":"search_term_string"}}],"inLanguage":"es"},{"@type":"Organization","@id":"https:\/\/informelitoral.com.ar\/#organization","name":"Informe Litoral","url":"https:\/\/informelitoral.com.ar\/","logo":{"@type":"ImageObject","inLanguage":"es","@id":"https:\/\/informelitoral.com.ar\/#\/schema\/logo\/image\/","url":"https:\/\/informelitoral.com.ar\/%77%70%2d%63%6f%6e%74%65%6e%74\/uploads\/2021\/01\/circulo.png","contentUrl":"https:\/\/informelitoral.com.ar\/%77%70%2d%63%6f%6e%74%65%6e%74\/uploads\/2021\/01\/circulo.png","width":723,"height":731,"caption":"Informe Litoral"},"image":{"@id":"https:\/\/informelitoral.com.ar\/#\/schema\/logo\/image\/"},"sameAs":["https:\/\/www.facebook.com\/informelitoral\/","https:\/\/x.com\/InformeLitoral","https:\/\/www.instagram.com\/informelitoral\/","https:\/\/www.youtube.com\/channel\/UCua4Qvz8Icb6MYqhoq9xLXw"]},{"@type":"Person","@id":"https:\/\/informelitoral.com.ar\/#\/schema\/person\/b9d00407c836482871ef1d57bf8e3180","name":"Gonzalo Schmidt","image":{"@type":"ImageObject","inLanguage":"es","@id":"https:\/\/secure.gravatar.com\/avatar\/31a1a7b66ff2de83bd0e9fd79d026630d2d99e55e8bfe501287647b4fd9743de?s=96&d=mm&r=g","url":"https:\/\/secure.gravatar.com\/avatar\/31a1a7b66ff2de83bd0e9fd79d026630d2d99e55e8bfe501287647b4fd9743de?s=96&d=mm&r=g","contentUrl":"https:\/\/secure.gravatar.com\/avatar\/31a1a7b66ff2de83bd0e9fd79d026630d2d99e55e8bfe501287647b4fd9743de?s=96&d=mm&r=g","caption":"Gonzalo Schmidt"},"description":"Sitio web de noticias de la provincia de Entre R\u00edos, Argentina. Informaci\u00f3n y entretenimiento. Informe Litoral, nos informamos.","sameAs":["http:\/\/www.isletasnoticias.com.ar"],"url":"https:\/\/informelitoral.com.ar\/author\/gonzalo\/"}]}},"_links":{"self":[{"href":"https:\/\/informelitoral.com.ar\/%77%70%2d%6a%73%6f%6e\/wp\/v2\/posts\/2821","targetHints":{"allow":["GET"]}}],"collection":[{"href":"https:\/\/informelitoral.com.ar\/%77%70%2d%6a%73%6f%6e\/wp\/v2\/posts"}],"about":[{"href":"https:\/\/informelitoral.com.ar\/%77%70%2d%6a%73%6f%6e\/wp\/v2\/types\/post"}],"author":[{"embeddable":true,"href":"https:\/\/informelitoral.com.ar\/%77%70%2d%6a%73%6f%6e\/wp\/v2\/users\/2"}],"replies":[{"embeddable":true,"href":"https:\/\/informelitoral.com.ar\/%77%70%2d%6a%73%6f%6e\/wp\/v2\/comments?post=2821"}],"version-history":[{"count":0,"href":"https:\/\/informelitoral.com.ar\/%77%70%2d%6a%73%6f%6e\/wp\/v2\/posts\/2821\/revisions"}],"wp:attachment":[{"href":"https:\/\/informelitoral.com.ar\/%77%70%2d%6a%73%6f%6e\/wp\/v2\/media?parent=2821"}],"wp:term":[{"taxonomy":"category","embeddable":true,"href":"https:\/\/informelitoral.com.ar\/%77%70%2d%6a%73%6f%6e\/wp\/v2\/categories?post=2821"},{"taxonomy":"post_tag","embeddable":true,"href":"https:\/\/informelitoral.com.ar\/%77%70%2d%6a%73%6f%6e\/wp\/v2\/tags?post=2821"}],"curies":[{"name":"wp","href":"https:\/\/api.w.org\/{rel}","templated":true}]}}