{"id":27710,"date":"2018-06-28T07:35:44","date_gmt":"2018-06-28T10:35:44","guid":{"rendered":"https:\/\/www.isletasnoticias.com.ar\/?p=27710"},"modified":"2018-06-28T07:35:44","modified_gmt":"2018-06-28T10:35:44","slug":"santa-fe-extendio-el-plazo-para-acceder-a-la-emergencia-agropecuaria","status":"publish","type":"post","link":"https:\/\/informelitoral.com.ar\/santa-fe-extendio-el-plazo-para-acceder-a-la-emergencia-agropecuaria\/","title":{"rendered":"Santa Fe extendi\u00f3 el plazo para acceder a la Emergencia Agropecuaria"},"content":{"rendered":"<p>El\u00a0<strong>gobierno de Santa Fe<\/strong>\u00a0anunci\u00f3 la<strong>\u00a0extensi\u00f3n del plazo para la presentaci\u00f3n del formulario de declaraci\u00f3n jurada<\/strong>\u00a0a los productores que quieran obtener los beneficios de la\u00a0<strong>Emergencia Agropecuaria<\/strong>\u00a0del Decreto 0642\/2018.<\/p>\n<p>A partir de ahora, se podr\u00e1 realizar el tr\u00e1mite\u00a0<strong>hasta el 31 de julio de 2018<\/strong>\u00a0de manera<strong>\u00a0gratuita<\/strong>\u00a0y\u00a0<strong>online<\/strong>\u00a0a trav\u00e9s del apartado Emergencia Agropecuaria del\u00a0sitio web\u00a0de la provincia. All\u00ed,\u00a0se le deber\u00e1 anexar toda la\u00a0<strong>documentaci\u00f3n respaldatoria<\/strong>, dado que el formulario ser\u00e1 tomado como base para la emisi\u00f3n del certificado, en caso que corresponda, por parte del Ministerio de la Producci\u00f3n.<\/p>\n<p>El tr\u00e1mite tambi\u00e9n puede realizarse en los\u00a0<strong>municipios<\/strong>\u00a0y las\u00a0<strong>comunas<\/strong>\u00a0correspondientes a cada zona afectada o enviando el formulario completo y toda la documentaci\u00f3n respaldatoria a las sedes del Ministerio de la Producci\u00f3n en la ciudad de Santa Fe (bulevar Pellegrini 3100) o Rosario (Mitre 930, piso 3).<\/p>\n<p>Las comunas y municipios deber\u00e1n remitir las declaraciones juradas a la Mesa de Entrada de Emergencia Agropecuaria, en la planta baja del Ministerio de la Producci\u00f3n, en la ciudad de Santa Fe.<\/p>\n<p>Por consultas, los interesados deber\u00e1n comunicarse con la<strong>\u00a0subdirecci\u00f3n General de Emergencia Agropecuaria y Ordenamiento Territorial del Ministerio de la Producci\u00f3n<\/strong>telef\u00f3nicamente al 0342 4505300 (interno 4198) o v\u00eda e-mail a emergenciaagro@santafe.gob.ar.<\/p>\n<h5><strong>Zonas alcanzadas<\/strong><\/h5>\n<p>La declaraci\u00f3n de emergencia incluye a la totalidad de los distritos de los departamentos\u00a0<strong>9 de Julio, San Crist\u00f3bal, Las Colonias, Castellanos, San Justo, Vera, General Obligado, San Javier y San Mart\u00edn<\/strong>.<\/p>\n<p>En el departamento<strong>\u00a0La Capital<\/strong>\u00a0comprende a las localidades de Nelson, Cabal, La Emilia, Llambi Campbell, Campo Andino, Laguna Paiva, Arroyo Aguiar, Candioti y Recreo; en el departamento San Jer\u00f3nimo a L\u00f3pez, Larrechea, San Fabi\u00e1n, Barrancas, Gaboto, Maciel, Pueblo de Irigoyen, Casalegno, Estaci\u00f3n D\u00edaz, Monje y Gessler; y en el departamento Garay a Helvecia.<\/p>\n<p>En tanto, en el departamento<strong>\u00a0Rosario<\/strong>\u00a0incluye a Granadero Baigorria, Rosario, Funes, Zavalla, P\u00e9rez, Soldini, Villa Gobernador G\u00e1lvez, Pi\u00f1ero, \u00c1lvarez, Pueblo Mu\u00f1oz, Acebal, Carmen del Sauce, Coronel Dom\u00ednguez, Villa Amelia, Arroyo Seco, Fighiera, Coronel Bogado, Albarellos, Arminda, Ibarlucea, Alvear, Pueblo Uranga, Pueblo Ester y General Lagos.<\/p>\n<p>En el departamento<strong>\u00a0Constituci\u00f3n<\/strong>\u00a0comprende a Godoy, Cepeda, B Molina, Bombal, Alcorta, Juncal, M\u00e1ximo Paz, Pav\u00f3n Arriba, Santa Teresa, La Vanguardia, Sargento Cabral, Peyrano, Ca\u00f1ada Rica, General Gelly, Rueda, Empalme Villa Constituci\u00f3n, Theobald, Villa Constituci\u00f3n y Pav\u00f3n.<\/p>\n<p>En el departamento\u00a0<strong>Caseros<\/strong>\u00a0a Arteaga, San Jos\u00e9 de la Esquina, Arequito, Los Molinos, Casilda, Sanford, Bigand y Chab\u00e1s.<\/p>\n<p>En el departamento\u00a0<strong>Iriondo<\/strong>\u00a0a Salto Grande, Totoras, Bustinza,Oliveros, Pueblo Andino, Serodino, Lucio V L\u00f3pez, Correa , Villa Eloisa y J. Carrizales.<\/p>\n<p>En el departamento\u00a0<strong>San Lorenzo<\/strong>\u00a0a Luis Palacios, Fuentes, Timb\u00faes, Aldao, Carcara\u00f1\u00e1, San Jer\u00f3nimo Sud, Pujato, Rold\u00e1n, Coronel Arnold y Villa Mugueta.<\/p>\n<p>En el departamento<strong>\u00a0Belgrano<\/strong>, a Armstrong.<\/p>\n","protected":false},"excerpt":{"rendered":"<p>Los productores interesados podr\u00e1n realizar el tr\u00e1mite hasta el 31 de julio de manera gratuita y online o enviando el formulario y la documentaci\u00f3n a las sedes del Ministerio de la Producci\u00f3n de esa provincia. <\/p>\n","protected":false},"author":2,"featured_media":27711,"comment_status":"open","ping_status":"open","sticky":false,"template":"","format":"standard","meta":{"fifu_image_url":"","fifu_image_alt":"","footnotes":""},"categories":[10],"tags":[191,60,162,134,59],"class_list":{"0":"post-27710","1":"post","2":"type-post","3":"status-publish","4":"format-standard","5":"has-post-thumbnail","7":"category-campo","8":"tag-agricultura","9":"tag-emergencia-agropecuaria","10":"tag-ganaderia","11":"tag-santa-fe","12":"tag-sequia"},"yoast_head":"<title>Santa Fe extendi\u00f3 el plazo para acceder a la Emergencia Agropecuaria - Informe Litoral<\/title>\n<meta name=\"robots\" content=\"index, follow, max-snippet:-1, max-image-preview:large, max-video-preview:-1\" \/>\n<link rel=\"canonical\" href=\"https:\/\/informelitoral.com.ar\/santa-fe-extendio-el-plazo-para-acceder-a-la-emergencia-agropecuaria\/\" \/>\n<meta property=\"og:locale\" content=\"es_ES\" \/>\n<meta property=\"og:type\" content=\"article\" \/>\n<meta property=\"og:title\" content=\"Santa Fe extendi\u00f3 el plazo para acceder a la Emergencia Agropecuaria - Informe Litoral\" \/>\n<meta property=\"og:description\" content=\"Los productores interesados podr\u00e1n realizar el tr\u00e1mite hasta el 31 de julio de manera gratuita y online o enviando el formulario y la documentaci\u00f3n a las sedes del Ministerio de la Producci\u00f3n de esa provincia.\" \/>\n<meta property=\"og:url\" content=\"https:\/\/informelitoral.com.ar\/santa-fe-extendio-el-plazo-para-acceder-a-la-emergencia-agropecuaria\/\" \/>\n<meta property=\"og:site_name\" content=\"Informe Litoral\" \/>\n<meta property=\"article:publisher\" content=\"https:\/\/www.facebook.com\/informelitoral\/\" \/>\n<meta property=\"article:published_time\" content=\"2018-06-28T10:35:44+00:00\" \/>\n<meta property=\"og:image\" content=\"https:\/\/informelitoral.com.ar\/%77%70%2d%63%6f%6e%74%65%6e%74\/uploads\/2018\/06\/campo-santa-fe.jpg\" \/>\n\t<meta property=\"og:image:width\" content=\"640\" \/>\n\t<meta property=\"og:image:height\" content=\"363\" \/>\n\t<meta property=\"og:image:type\" content=\"image\/jpeg\" \/>\n<meta name=\"author\" content=\"Gonzalo Schmidt\" \/>\n<meta name=\"twitter:card\" content=\"summary_large_image\" \/>\n<meta name=\"twitter:creator\" content=\"@InformeLitoral\" \/>\n<meta name=\"twitter:site\" content=\"@InformeLitoral\" \/>\n<meta name=\"twitter:label1\" content=\"Escrito por\" \/>\n\t<meta name=\"twitter:data1\" content=\"Gonzalo Schmidt\" \/>\n\t<meta name=\"twitter:label2\" content=\"Tiempo de lectura\" \/>\n\t<meta name=\"twitter:data2\" content=\"2 minutos\" \/>\n<script type=\"application\/ld+json\" class=\"yoast-schema-graph\">{\"@context\":\"https:\\\/\\\/schema.org\",\"@graph\":[{\"@type\":\"Article\",\"@id\":\"https:\\\/\\\/informelitoral.com.ar\\\/santa-fe-extendio-el-plazo-para-acceder-a-la-emergencia-agropecuaria\\\/#article\",\"isPartOf\":{\"@id\":\"https:\\\/\\\/informelitoral.com.ar\\\/santa-fe-extendio-el-plazo-para-acceder-a-la-emergencia-agropecuaria\\\/\"},\"author\":{\"name\":\"Gonzalo Schmidt\",\"@id\":\"https:\\\/\\\/informelitoral.com.ar\\\/#\\\/schema\\\/person\\\/b9d00407c836482871ef1d57bf8e3180\"},\"headline\":\"Santa Fe extendi\u00f3 el plazo para acceder a la Emergencia Agropecuaria\",\"datePublished\":\"2018-06-28T10:35:44+00:00\",\"mainEntityOfPage\":{\"@id\":\"https:\\\/\\\/informelitoral.com.ar\\\/santa-fe-extendio-el-plazo-para-acceder-a-la-emergencia-agropecuaria\\\/\"},\"wordCount\":499,\"commentCount\":0,\"publisher\":{\"@id\":\"https:\\\/\\\/informelitoral.com.ar\\\/#organization\"},\"image\":{\"@id\":\"https:\\\/\\\/informelitoral.com.ar\\\/santa-fe-extendio-el-plazo-para-acceder-a-la-emergencia-agropecuaria\\\/#primaryimage\"},\"thumbnailUrl\":\"https:\\\/\\\/informelitoral.com.ar\\\/%77%70%2d%63%6f%6e%74%65%6e%74\\\/uploads\\\/2018\\\/06\\\/campo-santa-fe.jpg\",\"keywords\":[\"Agricultura\",\"Emergencia agropecuaria\",\"Ganader\u00eda\",\"Santa Fe\",\"Sequ\u00eda\"],\"articleSection\":[\"Campo\"],\"inLanguage\":\"es\",\"potentialAction\":[{\"@type\":\"CommentAction\",\"name\":\"Comment\",\"target\":[\"https:\\\/\\\/informelitoral.com.ar\\\/santa-fe-extendio-el-plazo-para-acceder-a-la-emergencia-agropecuaria\\\/#respond\"]}]},{\"@type\":\"WebPage\",\"@id\":\"https:\\\/\\\/informelitoral.com.ar\\\/santa-fe-extendio-el-plazo-para-acceder-a-la-emergencia-agropecuaria\\\/\",\"url\":\"https:\\\/\\\/informelitoral.com.ar\\\/santa-fe-extendio-el-plazo-para-acceder-a-la-emergencia-agropecuaria\\\/\",\"name\":\"Santa Fe extendi\u00f3 el plazo para acceder a la Emergencia Agropecuaria - Informe Litoral\",\"isPartOf\":{\"@id\":\"https:\\\/\\\/informelitoral.com.ar\\\/#website\"},\"primaryImageOfPage\":{\"@id\":\"https:\\\/\\\/informelitoral.com.ar\\\/santa-fe-extendio-el-plazo-para-acceder-a-la-emergencia-agropecuaria\\\/#primaryimage\"},\"image\":{\"@id\":\"https:\\\/\\\/informelitoral.com.ar\\\/santa-fe-extendio-el-plazo-para-acceder-a-la-emergencia-agropecuaria\\\/#primaryimage\"},\"thumbnailUrl\":\"https:\\\/\\\/informelitoral.com.ar\\\/%77%70%2d%63%6f%6e%74%65%6e%74\\\/uploads\\\/2018\\\/06\\\/campo-santa-fe.jpg\",\"datePublished\":\"2018-06-28T10:35:44+00:00\",\"breadcrumb\":{\"@id\":\"https:\\\/\\\/informelitoral.com.ar\\\/santa-fe-extendio-el-plazo-para-acceder-a-la-emergencia-agropecuaria\\\/#breadcrumb\"},\"inLanguage\":\"es\",\"potentialAction\":[{\"@type\":\"ReadAction\",\"target\":[\"https:\\\/\\\/informelitoral.com.ar\\\/santa-fe-extendio-el-plazo-para-acceder-a-la-emergencia-agropecuaria\\\/\"]}]},{\"@type\":\"ImageObject\",\"inLanguage\":\"es\",\"@id\":\"https:\\\/\\\/informelitoral.com.ar\\\/santa-fe-extendio-el-plazo-para-acceder-a-la-emergencia-agropecuaria\\\/#primaryimage\",\"url\":\"https:\\\/\\\/informelitoral.com.ar\\\/%77%70%2d%63%6f%6e%74%65%6e%74\\\/uploads\\\/2018\\\/06\\\/campo-santa-fe.jpg\",\"contentUrl\":\"https:\\\/\\\/informelitoral.com.ar\\\/%77%70%2d%63%6f%6e%74%65%6e%74\\\/uploads\\\/2018\\\/06\\\/campo-santa-fe.jpg\",\"width\":640,\"height\":363},{\"@type\":\"BreadcrumbList\",\"@id\":\"https:\\\/\\\/informelitoral.com.ar\\\/santa-fe-extendio-el-plazo-para-acceder-a-la-emergencia-agropecuaria\\\/#breadcrumb\",\"itemListElement\":[{\"@type\":\"ListItem\",\"position\":1,\"name\":\"Portada\",\"item\":\"https:\\\/\\\/informelitoral.com.ar\\\/\"},{\"@type\":\"ListItem\",\"position\":2,\"name\":\"Santa Fe extendi\u00f3 el plazo para acceder a la Emergencia Agropecuaria\"}]},{\"@type\":\"WebSite\",\"@id\":\"https:\\\/\\\/informelitoral.com.ar\\\/#website\",\"url\":\"https:\\\/\\\/informelitoral.com.ar\\\/\",\"name\":\"Informe Litoral\",\"description\":\"&quot;Nos informamos&quot; \",\"publisher\":{\"@id\":\"https:\\\/\\\/informelitoral.com.ar\\\/#organization\"},\"potentialAction\":[{\"@type\":\"SearchAction\",\"target\":{\"@type\":\"EntryPoint\",\"urlTemplate\":\"https:\\\/\\\/informelitoral.com.ar\\\/?s={search_term_string}\"},\"query-input\":{\"@type\":\"PropertyValueSpecification\",\"valueRequired\":true,\"valueName\":\"search_term_string\"}}],\"inLanguage\":\"es\"},{\"@type\":\"Organization\",\"@id\":\"https:\\\/\\\/informelitoral.com.ar\\\/#organization\",\"name\":\"Informe Litoral\",\"url\":\"https:\\\/\\\/informelitoral.com.ar\\\/\",\"logo\":{\"@type\":\"ImageObject\",\"inLanguage\":\"es\",\"@id\":\"https:\\\/\\\/informelitoral.com.ar\\\/#\\\/schema\\\/logo\\\/image\\\/\",\"url\":\"https:\\\/\\\/informelitoral.com.ar\\\/%77%70%2d%63%6f%6e%74%65%6e%74\\\/uploads\\\/2021\\\/01\\\/circulo.png\",\"contentUrl\":\"https:\\\/\\\/informelitoral.com.ar\\\/%77%70%2d%63%6f%6e%74%65%6e%74\\\/uploads\\\/2021\\\/01\\\/circulo.png\",\"width\":723,\"height\":731,\"caption\":\"Informe Litoral\"},\"image\":{\"@id\":\"https:\\\/\\\/informelitoral.com.ar\\\/#\\\/schema\\\/logo\\\/image\\\/\"},\"sameAs\":[\"https:\\\/\\\/www.facebook.com\\\/informelitoral\\\/\",\"https:\\\/\\\/x.com\\\/InformeLitoral\",\"https:\\\/\\\/www.instagram.com\\\/informelitoral\\\/\",\"https:\\\/\\\/www.youtube.com\\\/channel\\\/UCua4Qvz8Icb6MYqhoq9xLXw\"]},{\"@type\":\"Person\",\"@id\":\"https:\\\/\\\/informelitoral.com.ar\\\/#\\\/schema\\\/person\\\/b9d00407c836482871ef1d57bf8e3180\",\"name\":\"Gonzalo Schmidt\",\"image\":{\"@type\":\"ImageObject\",\"inLanguage\":\"es\",\"@id\":\"https:\\\/\\\/secure.gravatar.com\\\/avatar\\\/31a1a7b66ff2de83bd0e9fd79d026630d2d99e55e8bfe501287647b4fd9743de?s=96&d=mm&r=g\",\"url\":\"https:\\\/\\\/secure.gravatar.com\\\/avatar\\\/31a1a7b66ff2de83bd0e9fd79d026630d2d99e55e8bfe501287647b4fd9743de?s=96&d=mm&r=g\",\"contentUrl\":\"https:\\\/\\\/secure.gravatar.com\\\/avatar\\\/31a1a7b66ff2de83bd0e9fd79d026630d2d99e55e8bfe501287647b4fd9743de?s=96&d=mm&r=g\",\"caption\":\"Gonzalo Schmidt\"},\"description\":\"Sitio web de noticias de la provincia de Entre R\u00edos, Argentina. Informaci\u00f3n y entretenimiento. Informe Litoral, nos informamos.\",\"sameAs\":[\"http:\\\/\\\/www.isletasnoticias.com.ar\"],\"url\":\"https:\\\/\\\/informelitoral.com.ar\\\/author\\\/gonzalo\\\/\"}]}<\/script>","yoast_head_json":{"title":"Santa Fe extendi\u00f3 el plazo para acceder a la Emergencia Agropecuaria - Informe Litoral","robots":{"index":"index","follow":"follow","max-snippet":"max-snippet:-1","max-image-preview":"max-image-preview:large","max-video-preview":"max-video-preview:-1"},"canonical":"https:\/\/informelitoral.com.ar\/santa-fe-extendio-el-plazo-para-acceder-a-la-emergencia-agropecuaria\/","og_locale":"es_ES","og_type":"article","og_title":"Santa Fe extendi\u00f3 el plazo para acceder a la Emergencia Agropecuaria - Informe Litoral","og_description":"Los productores interesados podr\u00e1n realizar el tr\u00e1mite hasta el 31 de julio de manera gratuita y online o enviando el formulario y la documentaci\u00f3n a las sedes del Ministerio de la Producci\u00f3n de esa provincia.","og_url":"https:\/\/informelitoral.com.ar\/santa-fe-extendio-el-plazo-para-acceder-a-la-emergencia-agropecuaria\/","og_site_name":"Informe Litoral","article_publisher":"https:\/\/www.facebook.com\/informelitoral\/","article_published_time":"2018-06-28T10:35:44+00:00","og_image":[{"width":640,"height":363,"url":"https:\/\/informelitoral.com.ar\/%77%70%2d%63%6f%6e%74%65%6e%74\/uploads\/2018\/06\/campo-santa-fe.jpg","type":"image\/jpeg"}],"author":"Gonzalo Schmidt","twitter_card":"summary_large_image","twitter_creator":"@InformeLitoral","twitter_site":"@InformeLitoral","twitter_misc":{"Escrito por":"Gonzalo Schmidt","Tiempo de lectura":"2 minutos"},"schema":{"@context":"https:\/\/schema.org","@graph":[{"@type":"Article","@id":"https:\/\/informelitoral.com.ar\/santa-fe-extendio-el-plazo-para-acceder-a-la-emergencia-agropecuaria\/#article","isPartOf":{"@id":"https:\/\/informelitoral.com.ar\/santa-fe-extendio-el-plazo-para-acceder-a-la-emergencia-agropecuaria\/"},"author":{"name":"Gonzalo Schmidt","@id":"https:\/\/informelitoral.com.ar\/#\/schema\/person\/b9d00407c836482871ef1d57bf8e3180"},"headline":"Santa Fe extendi\u00f3 el plazo para acceder a la Emergencia Agropecuaria","datePublished":"2018-06-28T10:35:44+00:00","mainEntityOfPage":{"@id":"https:\/\/informelitoral.com.ar\/santa-fe-extendio-el-plazo-para-acceder-a-la-emergencia-agropecuaria\/"},"wordCount":499,"commentCount":0,"publisher":{"@id":"https:\/\/informelitoral.com.ar\/#organization"},"image":{"@id":"https:\/\/informelitoral.com.ar\/santa-fe-extendio-el-plazo-para-acceder-a-la-emergencia-agropecuaria\/#primaryimage"},"thumbnailUrl":"https:\/\/informelitoral.com.ar\/%77%70%2d%63%6f%6e%74%65%6e%74\/uploads\/2018\/06\/campo-santa-fe.jpg","keywords":["Agricultura","Emergencia agropecuaria","Ganader\u00eda","Santa Fe","Sequ\u00eda"],"articleSection":["Campo"],"inLanguage":"es","potentialAction":[{"@type":"CommentAction","name":"Comment","target":["https:\/\/informelitoral.com.ar\/santa-fe-extendio-el-plazo-para-acceder-a-la-emergencia-agropecuaria\/#respond"]}]},{"@type":"WebPage","@id":"https:\/\/informelitoral.com.ar\/santa-fe-extendio-el-plazo-para-acceder-a-la-emergencia-agropecuaria\/","url":"https:\/\/informelitoral.com.ar\/santa-fe-extendio-el-plazo-para-acceder-a-la-emergencia-agropecuaria\/","name":"Santa Fe extendi\u00f3 el plazo para acceder a la Emergencia Agropecuaria - Informe Litoral","isPartOf":{"@id":"https:\/\/informelitoral.com.ar\/#website"},"primaryImageOfPage":{"@id":"https:\/\/informelitoral.com.ar\/santa-fe-extendio-el-plazo-para-acceder-a-la-emergencia-agropecuaria\/#primaryimage"},"image":{"@id":"https:\/\/informelitoral.com.ar\/santa-fe-extendio-el-plazo-para-acceder-a-la-emergencia-agropecuaria\/#primaryimage"},"thumbnailUrl":"https:\/\/informelitoral.com.ar\/%77%70%2d%63%6f%6e%74%65%6e%74\/uploads\/2018\/06\/campo-santa-fe.jpg","datePublished":"2018-06-28T10:35:44+00:00","breadcrumb":{"@id":"https:\/\/informelitoral.com.ar\/santa-fe-extendio-el-plazo-para-acceder-a-la-emergencia-agropecuaria\/#breadcrumb"},"inLanguage":"es","potentialAction":[{"@type":"ReadAction","target":["https:\/\/informelitoral.com.ar\/santa-fe-extendio-el-plazo-para-acceder-a-la-emergencia-agropecuaria\/"]}]},{"@type":"ImageObject","inLanguage":"es","@id":"https:\/\/informelitoral.com.ar\/santa-fe-extendio-el-plazo-para-acceder-a-la-emergencia-agropecuaria\/#primaryimage","url":"https:\/\/informelitoral.com.ar\/%77%70%2d%63%6f%6e%74%65%6e%74\/uploads\/2018\/06\/campo-santa-fe.jpg","contentUrl":"https:\/\/informelitoral.com.ar\/%77%70%2d%63%6f%6e%74%65%6e%74\/uploads\/2018\/06\/campo-santa-fe.jpg","width":640,"height":363},{"@type":"BreadcrumbList","@id":"https:\/\/informelitoral.com.ar\/santa-fe-extendio-el-plazo-para-acceder-a-la-emergencia-agropecuaria\/#breadcrumb","itemListElement":[{"@type":"ListItem","position":1,"name":"Portada","item":"https:\/\/informelitoral.com.ar\/"},{"@type":"ListItem","position":2,"name":"Santa Fe extendi\u00f3 el plazo para acceder a la Emergencia Agropecuaria"}]},{"@type":"WebSite","@id":"https:\/\/informelitoral.com.ar\/#website","url":"https:\/\/informelitoral.com.ar\/","name":"Informe Litoral","description":"&quot;Nos informamos&quot; ","publisher":{"@id":"https:\/\/informelitoral.com.ar\/#organization"},"potentialAction":[{"@type":"SearchAction","target":{"@type":"EntryPoint","urlTemplate":"https:\/\/informelitoral.com.ar\/?s={search_term_string}"},"query-input":{"@type":"PropertyValueSpecification","valueRequired":true,"valueName":"search_term_string"}}],"inLanguage":"es"},{"@type":"Organization","@id":"https:\/\/informelitoral.com.ar\/#organization","name":"Informe Litoral","url":"https:\/\/informelitoral.com.ar\/","logo":{"@type":"ImageObject","inLanguage":"es","@id":"https:\/\/informelitoral.com.ar\/#\/schema\/logo\/image\/","url":"https:\/\/informelitoral.com.ar\/%77%70%2d%63%6f%6e%74%65%6e%74\/uploads\/2021\/01\/circulo.png","contentUrl":"https:\/\/informelitoral.com.ar\/%77%70%2d%63%6f%6e%74%65%6e%74\/uploads\/2021\/01\/circulo.png","width":723,"height":731,"caption":"Informe Litoral"},"image":{"@id":"https:\/\/informelitoral.com.ar\/#\/schema\/logo\/image\/"},"sameAs":["https:\/\/www.facebook.com\/informelitoral\/","https:\/\/x.com\/InformeLitoral","https:\/\/www.instagram.com\/informelitoral\/","https:\/\/www.youtube.com\/channel\/UCua4Qvz8Icb6MYqhoq9xLXw"]},{"@type":"Person","@id":"https:\/\/informelitoral.com.ar\/#\/schema\/person\/b9d00407c836482871ef1d57bf8e3180","name":"Gonzalo Schmidt","image":{"@type":"ImageObject","inLanguage":"es","@id":"https:\/\/secure.gravatar.com\/avatar\/31a1a7b66ff2de83bd0e9fd79d026630d2d99e55e8bfe501287647b4fd9743de?s=96&d=mm&r=g","url":"https:\/\/secure.gravatar.com\/avatar\/31a1a7b66ff2de83bd0e9fd79d026630d2d99e55e8bfe501287647b4fd9743de?s=96&d=mm&r=g","contentUrl":"https:\/\/secure.gravatar.com\/avatar\/31a1a7b66ff2de83bd0e9fd79d026630d2d99e55e8bfe501287647b4fd9743de?s=96&d=mm&r=g","caption":"Gonzalo Schmidt"},"description":"Sitio web de noticias de la provincia de Entre R\u00edos, Argentina. Informaci\u00f3n y entretenimiento. Informe Litoral, nos informamos.","sameAs":["http:\/\/www.isletasnoticias.com.ar"],"url":"https:\/\/informelitoral.com.ar\/author\/gonzalo\/"}]}},"_links":{"self":[{"href":"https:\/\/informelitoral.com.ar\/%77%70%2d%6a%73%6f%6e\/wp\/v2\/posts\/27710","targetHints":{"allow":["GET"]}}],"collection":[{"href":"https:\/\/informelitoral.com.ar\/%77%70%2d%6a%73%6f%6e\/wp\/v2\/posts"}],"about":[{"href":"https:\/\/informelitoral.com.ar\/%77%70%2d%6a%73%6f%6e\/wp\/v2\/types\/post"}],"author":[{"embeddable":true,"href":"https:\/\/informelitoral.com.ar\/%77%70%2d%6a%73%6f%6e\/wp\/v2\/users\/2"}],"replies":[{"embeddable":true,"href":"https:\/\/informelitoral.com.ar\/%77%70%2d%6a%73%6f%6e\/wp\/v2\/comments?post=27710"}],"version-history":[{"count":0,"href":"https:\/\/informelitoral.com.ar\/%77%70%2d%6a%73%6f%6e\/wp\/v2\/posts\/27710\/revisions"}],"wp:featuredmedia":[{"embeddable":true,"href":"https:\/\/informelitoral.com.ar\/%77%70%2d%6a%73%6f%6e\/wp\/v2\/media\/27711"}],"wp:attachment":[{"href":"https:\/\/informelitoral.com.ar\/%77%70%2d%6a%73%6f%6e\/wp\/v2\/media?parent=27710"}],"wp:term":[{"taxonomy":"category","embeddable":true,"href":"https:\/\/informelitoral.com.ar\/%77%70%2d%6a%73%6f%6e\/wp\/v2\/categories?post=27710"},{"taxonomy":"post_tag","embeddable":true,"href":"https:\/\/informelitoral.com.ar\/%77%70%2d%6a%73%6f%6e\/wp\/v2\/tags?post=27710"}],"curies":[{"name":"wp","href":"https:\/\/api.w.org\/{rel}","templated":true}]}}