{"id":2769,"date":"2013-08-12T11:46:38","date_gmt":"2013-08-12T14:46:38","guid":{"rendered":"http:\/\/www.isletasnoticias.com.ar\/?p=2769"},"modified":"2013-08-12T11:54:07","modified_gmt":"2013-08-12T14:54:07","slug":"el-oficialismo-fue-la-fuerza-mas-votada-en-las-primarias-desarrolladas-en-entre-rios","status":"publish","type":"post","link":"https:\/\/informelitoral.com.ar\/el-oficialismo-fue-la-fuerza-mas-votada-en-las-primarias-desarrolladas-en-entre-rios\/","title":{"rendered":"El oficialismo fue la fuerza m\u00e1s votada en las primarias desarrolladas en Entre R\u00edos"},"content":{"rendered":"<p><strong>Se impuso por algo menos de 20 puntos seg\u00fan el escrutinio provisorio. Hubo paridad en la pelea por el segundo lugar entre De \u00c1ngeli y el radicalismo.<\/strong><\/p>\n<p><img loading=\"lazy\" decoding=\"async\" class=\"size-medium wp-image-2770 alignright\" alt=\"urribarri\" src=\"http:\/\/www.isletasnoticias.com.ar\/%77%70%2d%63%6f%6e%74%65%6e%74\/uploads\/2013\/08\/urribarri-300x180.jpg\" width=\"300\" height=\"180\" srcset=\"https:\/\/informelitoral.com.ar\/%77%70%2d%63%6f%6e%74%65%6e%74\/uploads\/2013\/08\/urribarri-300x180.jpg 300w, https:\/\/informelitoral.com.ar\/%77%70%2d%63%6f%6e%74%65%6e%74\/uploads\/2013\/08\/urribarri.jpg 390w\" sizes=\"auto, (max-width: 300px) 100vw, 300px\" \/><\/p>\n<p>El oficialismo superaba anoche por poco menos de 20 puntos porcentuales al radicalismo y a Uni\u00f3n por Entre R\u00edos (UPER) en la comparaci\u00f3n del caudal de votantes que participaron en la elecci\u00f3n de los candidatos de cada fuerza pol\u00edtica, en el marco de las elecciones Primarias Abiertas Simult\u00e1neas y Obligatorias (PASO). El dato, en s\u00ed mismo, no deber\u00eda sorprender a nadie porque lo anticipaban las encuestas y era admitido incluso por los dirigentes opositores en plena campa\u00f1a.<\/p>\n<p>Otro aspecto en el que se corroboraron los anticipos fue la paridad de las opciones opositoras. Hubo que esperar hasta el final del escrutinio provisorio para corroborar que Alfredo De \u00c1ngeli, candidato a senador por UPER, obtuvo m\u00e1s sufragios que Atilio Benedetti, candidato del radicalismo.<\/p>\n<p>Lo mismo ocurri\u00f3 con la candidata a diputada Cristina Cremer de Busti (UPER) y el radical Jorge D\u2019Agostino.<\/p>\n<p>M\u00e1s all\u00e1 de que las PASO no son una competencia entre partidos, sino una forma de definir los candidatos de cada fuerza; la comparaci\u00f3n entre los caudales electorales implica una buena noticia para el oficialismo y una mala.<\/p>\n<p>La buena, est\u00e1 claro, es que gan\u00f3 esa comparaci\u00f3n con una ventaja importante. La mala es que la oposici\u00f3n -englobando en este t\u00e9rmino a todas las fuerzas no oficialistas- tendr\u00e1 una nueva chance dentro de dos meses y medio, cuando se realicen las elecciones generales el 27 de octubre.<\/p>\n<p><strong>\u00bfUn anticipo de octubre?<\/strong><br \/>\nVan a abundar las especulaciones sobre el comportamiento electoral de los entrerrianos que en octubre elijan no votar al oficialista Frente Justicialista Para la Victoria (FJPV). En ese sentido, esta nota forma parte de esas especulaciones period\u00edsticas. Tal vez lo m\u00e1s razonable sea suponer que por ser tan cerrada la diferencia entre la UCR y el partido de De \u00c1ngeli son menores las chances de un traslado masivo de votos del partido que sali\u00f3 tercero al que sali\u00f3 segundo.<\/p>\n<p>Esa mirada resulta favorable al oficialismo, en tanto y en cuanto resulta improbable que una de las dos principales fuerzas opositoras sume matem\u00e1ticamente a los votantes de la otra. Tambi\u00e9n ser\u00e1 dif\u00edcil para el oficialismo incrementar sustancialmente su porcentaje de votos en octubre, ya que deber\u00eda conseguirlo de quienes participaron ayer en la puja de las fuerzas opositoras.<\/p>\n<p>Por fuera de quienes fueron ayer a votar no queda demasiada gente tampoco. El porcentaje de votantes ayer fue alto: el 81%, seg\u00fan inform\u00f3 el gobierno provincial.<\/p>\n<p>Hasta ah\u00ed, podr\u00eda suponerse entonces que -con mucho menos margen que en 2011- el oficialismo se encaminar\u00eda a una victoria en octubre. Aunque la verdad se conocer\u00e1, obviamente, cuando se abran las urnas.<\/p>\n<p><strong>\u00a0Performance oficialista<\/strong><\/p>\n<p>El justicialismo se atalon\u00f3 ayer en Concordia, donde lograba aproximadamente el 56% de los votos emitidos. La cifra es harto generosa, pero no hay que perder de vista que en 2011 orill\u00f3 el 70%.<\/p>\n<p>Hubo sorpresa en Gualeguaych\u00fa, donde la lista de De \u00c1ngeli, Cremer y el exintendente Luis Leissa derrotaron al oficialismo.<br \/>\nEn el Departamento Uruguay -cuarto por su cantidad de electores- se impuso el oficialismo y tambi\u00e9n en el quinto distrito, que es Paran\u00e1 campa\u00f1a, donde la caracter\u00edstica saliente fue el buen resultado del radicalismo, que incluso dej\u00f3 tercero a De \u00c1ngeli en su Mar\u00eda Grande natal (Ver aparte).<\/p>\n<p>El justicialismo ganaba tambi\u00e9n en los departamentos La Paz, Victoria, Nogoy\u00e1, San Salvador, Col\u00f3n, Federaci\u00f3n, Gualeguay, Tala e Islas del Ibicuy.<\/p>\n<p>La sensaci\u00f3n que se palpaba ayer en dirigentes y militantes del oficialismo\u00a0era de emociones encontradas. La diferencia de 20 puntos contra cualquiera de las dos principales listas opositoras en la categor\u00eda de diputados nacionales, y un poco menos en la de senadores nacionales, se contrastaba con haber obtenido un porcentaje notoriamente menor al de 2011.<\/p>\n<p>Estaba claro que iba a resultar dif\u00edcil repetir el 57% de aquella elecci\u00f3n, pero se esperaba un porcentaje que se acercara al 50%, y al cierre de la edici\u00f3n el oficialismo consegu\u00eda un 44%.<\/p>\n<p><strong>\u00a0El sue\u00f1o entrerriano<\/strong><\/p>\n<p>Si bien el gobernador Sergio Urribarri rehus\u00f3 anoche referirse a su eventual proyecci\u00f3n nacional, el resultado conseguido por el oficialismo entrerriano se ubicaba por encima de la media nacional del oficialismo y dentro de un lote de provincias destacadas que -provisoriamente- encabezaba el kirchnerismo chaque\u00f1o con el 51% de los votos y donde tambi\u00e9n aparec\u00eda el oficialismo tucumano con 45% aproximadamente.<\/p>\n<p>El gobernador entrerriano destac\u00f3 que intentar\u00e1n mejorar el caudal electoral en octubre y que su principal preocupaci\u00f3n seguir\u00e1 siendo gobernar la provincia (Ver recuadro).<\/p>\n<p><strong>Las listas<\/strong><br \/>\n<strong>\u00a0<\/strong>Tras la elecci\u00f3n de ayer, los cinco partidos que participaron quedaron en condiciones de presentarse en las elecciones de octubre, ya que todas superaron el 1,5% del total de los votos v\u00e1lidos emitidos.<\/p>\n<p>En el caso de la UCR y de UPER no hubo novedades, ya que presentaron una lista \u00fanica. Alfredo De \u00c1ngeli y Cristina Cremer encabezar\u00e1n las listas de candidatos a senadores y a diputados del acuerdo entre el PRO, el bustimo y el Nuevo Espacio. Del mismo modo, Atilio Benedetti y Jorge D\u2019Agostino ir\u00e1n en primer lugar de la lista radical.<\/p>\n<p>Lo mismo ocurrir\u00e1 con Gabriel Geist y Luis Meiners, candidatos de la Nueva Izquierda, aunque en este caso la novedad es que esa fuerza alcanz\u00f3 el m\u00ednimo de votos para ir a octubre, lo que a priori aparec\u00eda como una posibilidad dudosa. Cuando se hab\u00eda escrutado el 88% de las mesas, el sector ya contaba con casi 17.000 votos mientras que el piso requerido se calculaba en algo m\u00e1s de 13.000.<\/p>\n<p>Sin sorpresas tampoco, las listas del oficialismo ser\u00e1n encabezadas por Pedro Guastavino y Jos\u00e9 Lauritto. El primero fue derrotado en su Gualeguaych\u00fa natal y el segundo gan\u00f3 en el Departamento Uruguay, de donde es oriundo, pero por una diferencia menor a la esperada. Fuera de competencia qued\u00f3 la lista que llevaba a H\u00e9ctor Maya como candidato a senador nacional y a An\u00edbal Vergara como candidato a diputado nacional.<\/p>\n<p>Finalmente, en la interna m\u00e1s disputada, la del Frente Amplio Progresista, se impusieron Lisandro Viale en la puja por la candidatura a senador, y Am\u00e9rico Schvartzman en la de la postulaci\u00f3n a diputado nacional.<\/p>\n<p>Viale les gan\u00f3 a Francisco Larocca y a Jorge Mart\u00ednez Arias. Schvartzman derrot\u00f3 a Osvaldo Fern\u00e1ndez y a N\u00e9stor L\u00f3pez.<\/p>\n<p><strong>Los n\u00fameros finales<\/strong><\/p>\n<p>A medianoche se hab\u00edan escrutado 2.801 mesas de un total de 2.968, esto es\u00a0un 94,37%.<\/p>\n<p>De acuerdo a ese resultado provisorio, el Frente Justicialista Para la Victoria ganaba la elecci\u00f3n para senadores nacionales con el 41,48% de los votos (294.003), a los que se sumaron 18.467 votos de la lista de Maya (2,61 %), con lo que el oficialismo sum\u00f3 para s\u00ed la participaci\u00f3n de 312.470 votantes.<\/p>\n<p>En segundo lugar se ubic\u00f3 Alfredo De \u00c1ngeli con 169.838 votos (23,96%) y tercero Atilio Benedetti con 151.814 votos, es decir 21,42% de los votos emitidos.<br \/>\nLisandro Viale gan\u00f3 la interna del Frente Amplio Progresista con 27.735 votos (3,91%), seguido por Jorge Mart\u00ednez Arias con 17.161 votos (2,42%) y Francisco Larocca con 11.906 votos (1,68%). Esa fuerza contabiliz\u00f3 56.802 sufragios.<\/p>\n<p>Finalmente la Nueva Izquierda logr\u00f3 17.873 votos (2,52%) para Gabriel Geist.<\/p>\n<p>Para diputados el oficialismo obtuvo 292.650 votos (41,73%) y la lista Basta (de Maya) 18.459 (2,63%) por lo que el FJPV concret\u00f3 311.109 votos. En esta categor\u00eda la lista del radical Jorge D\u2019Agostino se impon\u00eda a la de Cristina Cremer de Busti con 156.130 (22,26 %) frente a 155.877 votos (22,23 %) de la esposa del exgobernador Jorge Busti.<\/p>\n<p>La disputa del socialismo se resolvi\u00f3 en el mismo sentido que para la candidatura a senador, consagrando a Am\u00e9rico Schvartzman con 29.397 votos (4,19%) contra 17.662 votos (2,52%) de N\u00e9stor L\u00f3pez y 12.876 (1,84%) de Osvaldo Fern\u00e1ndez.<\/p>\n<p>La Nueva Izquierda, que candidate\u00f3 a Luis Meiners, obtuvo 18.302 votos (2,61%).<\/p>\n<p><strong>Urribarri: \u201cEl premio final se entrega el 27 de octubre\u201d<\/strong><\/p>\n<p>\u201cQuiero felicitar a todos los entrerrianos por su participaci\u00f3n masiva en estas\u00a0PASO. La verdad que hoy en todas las escuelas de la provincia se percibi\u00f3 esa energ\u00eda c\u00edvica de las grandes jornadas. Quiero agradecer muy especialmente a todos quienes nos han dado la confianza a trav\u00e9s de su voto. Soy consciente de todo lo que eso significa y tambi\u00e9n de todo lo que no significa. Que nos hayan votado significa la fe que los entrerrianos tienen en su provincia\u201d, se\u00f1al\u00f3 ayer el gobernador, Sergio Urribarri.<\/p>\n<p>\u201cTengo bien en claro que este apoyo significa confianza, pero no significan cheques en blanco para nada. Todo lo contrario, tomo esta confianza expresada en las urnas como\u00a0un aliciente para ser cada d\u00eda un mejor gobernador, que hace cada d\u00eda un esfuerzo por hacer un mejor gobierno\u201d, a\u00f1adi\u00f3.<\/p>\n<p>Luego sostuvo: \u201cTomo esta tremenda cantidad de votos como la expresi\u00f3n de esa energ\u00eda positiva que nos ha identificado a los entrerrianos en estos \u00faltimos a\u00f1os en el\u00a0pa\u00eds. E interpreto que mi rol es ser como el cable conductor de esa energ\u00eda para llevar esta provincia hacia un futuro de prosperidad, de justicia social y desarrollo humano.<\/p>\n<p>Siempre pienso que los triunfos deben volver a los hombres m\u00e1s humildes y no quiero perder la ocasi\u00f3n de demostrar en los hechos esa idea. Por eso, quiero expresar mis felicitaciones a todos los candidatos que se presentaron hoy, quiero reconocerles el valor c\u00edvico de poner la cara y ofrecerse al pueblo como alternativas democr\u00e1ticas. Eso es un m\u00e9rito\u00a0importante m\u00e1s all\u00e1 de los resultados y del acompa\u00f1amiento\u201d, explic\u00f3.<\/p>\n<p>Finalmente indic\u00f3: \u201cTambi\u00e9n, las gracias enormes a los que me votaron, sean o no peronistas. Y especialmente a mis compa\u00f1eros peronistas que me apoyan y me sostienen pol\u00edticamente. A ellos les digo que la jornada de hoy ha sido estupenda. Pero tambi\u00e9n les digo que el premio final se entrega el 27 de octubre\u201d.<\/p>\n<p><strong>El laberinto de Paran\u00e1 campa\u00f1a<\/strong><\/p>\n<p>Aunque no es un Departamento, funciona como tal a los fines electorales. Y es uno de los departamentos m\u00e1s complejos, ya que tiene 15 ciudades y algo menos de 40 juntas de gobierno. Esta vez, la caracter\u00edstica saliente fue el buen desempe\u00f1o de los radicales, como en las viejas \u00e9pocas.<\/p>\n<p>Al cierre de la edici\u00f3n era noticia el triunfo del Frente Justicialista Para la Victoria en San Benito, por una diferencia de un millar de votos aproximadamente, lo que volv\u00eda a poner al grupo capitaneado por el diputado provincial \u00c1ngel V\u00e1squez como el que hizo el mayor aporte en la zona.<br \/>\nTambi\u00e9n sum\u00f3 una ventaja de aproximadamente 700 sufragios en Crespo, donde, tras la zozobra inicial, el justicialismo super\u00f3 al radicalismo y tercero qued\u00f3 UPER.<\/p>\n<p>En Segu\u00ed la diferencia a favor del oficialismo fue de unos 600 votos y un dato particular fue Hernandarias, donde el partido de De \u00c1ngeli qued\u00f3 cuarto en cantidad de votantes, superado incluso por el Frente Amplio Progresista. All\u00ed gan\u00f3 el justicialismo liderado por el intendente, Miguel Torres.<br \/>\nOtro intendente peronista que gan\u00f3 fue Juan Carlos Kloss, por unos 200 votos.<\/p>\n<p>Sin dudas, el gran derrotado entre los oficialistas de la zona fue el intendente vialense Estelio Urchuegu\u00eda, ya que en su pueblo la UCR se qued\u00f3 con el primer lugar en la elecci\u00f3n de diputados, obtuvo 2.776 votos contra 2.676 del PJ y 1.241 votos de Cremer de Busti. Vale se\u00f1alar que el candidato radical Jorge D\u2019Agostino es oriundo de esa localidad. En cambio, para senadores la lista m\u00e1s votada fue la del justicialismo, por escasa diferencia.<\/p>\n<p>Dentro de los municipios vecinalistas se destac\u00f3 lo ocurrido en Cerrito, donde el justicialismo gan\u00f3 con 1.297 votos en su interna, frente a 1.212 del partido de De \u00c1ngeli y 917 de la UCR en la disputa por la candidatura a senador nacional. Para diputados los resultados tambi\u00e9n favorecieron al justicialismo con 1.283 votos, seguido por Cremer con 1.061 y la UCR con 993.<\/p>\n<p>El dato llamativo es que en 2011 el justicialismo obtuvo 1.200 votos y perdi\u00f3 la Intendencia a manos del vecinalismo capitaneado por Orlando Lovera. Esta vez gan\u00f3 con casi la misma cantidad de votos, pese a que se supon\u00eda que los vecinalistas apoyaban esa lista. Sin embargo, la que creci\u00f3 fue la alternativa de De \u00c1ngeli.<\/p>\n<p>En Oro Verde, el justicialismo fue la alternativa m\u00e1s votada, con 820 votos para senadores y 836 para diputados.<\/p>\n<p>Urribarri. Agradeci\u00f3 por haber sido la fuerza m\u00e1s votada en la provincia.<\/p>\n<p>Fuente: UNO. (Carlos Matteoda).<\/p>\n","protected":false},"excerpt":{"rendered":"<p>Se impuso por algo menos de 20 puntos seg&uacute;n el escrutinio provisorio. Hubo paridad en la pelea por el segundo lugar entre De &Aacute;ngeli y el radicalismo. El oficialismo superaba anoche por poco menos de 20 puntos porcentuales al radicalismo y a Uni&oacute;n por Entre R&iacute;os (UPER) en la comparaci&oacute;n del caudal de votantes que [&hellip;]<\/p>\n","protected":false},"author":2,"featured_media":0,"comment_status":"open","ping_status":"open","sticky":false,"template":"","format":"standard","meta":{"fifu_image_url":"","fifu_image_alt":"","footnotes":""},"categories":[6,16],"tags":[],"class_list":{"0":"post-2769","1":"post","2":"type-post","3":"status-publish","4":"format-standard","6":"category-entre-rios","7":"category-politi"},"yoast_head":"<title>El oficialismo fue la fuerza m\u00e1s votada en las primarias desarrolladas en Entre R\u00edos - Informe Litoral<\/title>\n<meta name=\"robots\" content=\"index, follow, max-snippet:-1, max-image-preview:large, max-video-preview:-1\" \/>\n<link rel=\"canonical\" href=\"https:\/\/informelitoral.com.ar\/el-oficialismo-fue-la-fuerza-mas-votada-en-las-primarias-desarrolladas-en-entre-rios\/\" \/>\n<meta property=\"og:locale\" content=\"es_ES\" \/>\n<meta property=\"og:type\" content=\"article\" \/>\n<meta property=\"og:title\" content=\"El oficialismo fue la fuerza m\u00e1s votada en las primarias desarrolladas en Entre R\u00edos - Informe Litoral\" \/>\n<meta property=\"og:description\" content=\"Se impuso por algo menos de 20 puntos seg&uacute;n el escrutinio provisorio. Hubo paridad en la pelea por el segundo lugar entre De &Aacute;ngeli y el radicalismo. El oficialismo superaba anoche por poco menos de 20 puntos porcentuales al radicalismo y a Uni&oacute;n por Entre R&iacute;os (UPER) en la comparaci&oacute;n del caudal de votantes que [&hellip;]\" \/>\n<meta property=\"og:url\" content=\"https:\/\/informelitoral.com.ar\/el-oficialismo-fue-la-fuerza-mas-votada-en-las-primarias-desarrolladas-en-entre-rios\/\" \/>\n<meta property=\"og:site_name\" content=\"Informe Litoral\" \/>\n<meta property=\"article:publisher\" content=\"https:\/\/www.facebook.com\/informelitoral\/\" \/>\n<meta property=\"article:published_time\" content=\"2013-08-12T14:46:38+00:00\" \/>\n<meta property=\"article:modified_time\" content=\"2013-08-12T14:54:07+00:00\" \/>\n<meta property=\"og:image\" content=\"https:\/\/informelitoral.com.ar\/%77%70%2d%63%6f%6e%74%65%6e%74\/uploads\/2013\/08\/urribarri.jpg\" \/>\n\t<meta property=\"og:image:width\" content=\"390\" \/>\n\t<meta property=\"og:image:height\" content=\"235\" \/>\n\t<meta property=\"og:image:type\" content=\"image\/jpeg\" \/>\n<meta name=\"author\" content=\"Gonzalo Schmidt\" \/>\n<meta name=\"twitter:card\" content=\"summary_large_image\" \/>\n<meta name=\"twitter:creator\" content=\"@InformeLitoral\" \/>\n<meta name=\"twitter:site\" content=\"@InformeLitoral\" \/>\n<meta name=\"twitter:label1\" content=\"Escrito por\" \/>\n\t<meta name=\"twitter:data1\" content=\"Gonzalo Schmidt\" \/>\n\t<meta name=\"twitter:label2\" content=\"Tiempo de lectura\" \/>\n\t<meta name=\"twitter:data2\" content=\"10 minutos\" \/>\n<script type=\"application\/ld+json\" class=\"yoast-schema-graph\">{\"@context\":\"https:\\\/\\\/schema.org\",\"@graph\":[{\"@type\":\"Article\",\"@id\":\"https:\\\/\\\/informelitoral.com.ar\\\/el-oficialismo-fue-la-fuerza-mas-votada-en-las-primarias-desarrolladas-en-entre-rios\\\/#article\",\"isPartOf\":{\"@id\":\"https:\\\/\\\/informelitoral.com.ar\\\/el-oficialismo-fue-la-fuerza-mas-votada-en-las-primarias-desarrolladas-en-entre-rios\\\/\"},\"author\":{\"name\":\"Gonzalo Schmidt\",\"@id\":\"https:\\\/\\\/informelitoral.com.ar\\\/#\\\/schema\\\/person\\\/b9d00407c836482871ef1d57bf8e3180\"},\"headline\":\"El oficialismo fue la fuerza m\u00e1s votada en las primarias desarrolladas en Entre R\u00edos\",\"datePublished\":\"2013-08-12T14:46:38+00:00\",\"dateModified\":\"2013-08-12T14:54:07+00:00\",\"mainEntityOfPage\":{\"@id\":\"https:\\\/\\\/informelitoral.com.ar\\\/el-oficialismo-fue-la-fuerza-mas-votada-en-las-primarias-desarrolladas-en-entre-rios\\\/\"},\"wordCount\":2100,\"commentCount\":0,\"publisher\":{\"@id\":\"https:\\\/\\\/informelitoral.com.ar\\\/#organization\"},\"image\":{\"@id\":\"https:\\\/\\\/informelitoral.com.ar\\\/el-oficialismo-fue-la-fuerza-mas-votada-en-las-primarias-desarrolladas-en-entre-rios\\\/#primaryimage\"},\"thumbnailUrl\":\"http:\\\/\\\/www.isletasnoticias.com.ar\\\/%77%70%2d%63%6f%6e%74%65%6e%74\\\/uploads\\\/2013\\\/08\\\/urribarri-300x180.jpg\",\"articleSection\":[\"Entre R\u00edos\",\"Politica\"],\"inLanguage\":\"es\",\"potentialAction\":[{\"@type\":\"CommentAction\",\"name\":\"Comment\",\"target\":[\"https:\\\/\\\/informelitoral.com.ar\\\/el-oficialismo-fue-la-fuerza-mas-votada-en-las-primarias-desarrolladas-en-entre-rios\\\/#respond\"]}]},{\"@type\":\"WebPage\",\"@id\":\"https:\\\/\\\/informelitoral.com.ar\\\/el-oficialismo-fue-la-fuerza-mas-votada-en-las-primarias-desarrolladas-en-entre-rios\\\/\",\"url\":\"https:\\\/\\\/informelitoral.com.ar\\\/el-oficialismo-fue-la-fuerza-mas-votada-en-las-primarias-desarrolladas-en-entre-rios\\\/\",\"name\":\"El oficialismo fue la fuerza m\u00e1s votada en las primarias desarrolladas en Entre R\u00edos - Informe Litoral\",\"isPartOf\":{\"@id\":\"https:\\\/\\\/informelitoral.com.ar\\\/#website\"},\"primaryImageOfPage\":{\"@id\":\"https:\\\/\\\/informelitoral.com.ar\\\/el-oficialismo-fue-la-fuerza-mas-votada-en-las-primarias-desarrolladas-en-entre-rios\\\/#primaryimage\"},\"image\":{\"@id\":\"https:\\\/\\\/informelitoral.com.ar\\\/el-oficialismo-fue-la-fuerza-mas-votada-en-las-primarias-desarrolladas-en-entre-rios\\\/#primaryimage\"},\"thumbnailUrl\":\"http:\\\/\\\/www.isletasnoticias.com.ar\\\/%77%70%2d%63%6f%6e%74%65%6e%74\\\/uploads\\\/2013\\\/08\\\/urribarri-300x180.jpg\",\"datePublished\":\"2013-08-12T14:46:38+00:00\",\"dateModified\":\"2013-08-12T14:54:07+00:00\",\"breadcrumb\":{\"@id\":\"https:\\\/\\\/informelitoral.com.ar\\\/el-oficialismo-fue-la-fuerza-mas-votada-en-las-primarias-desarrolladas-en-entre-rios\\\/#breadcrumb\"},\"inLanguage\":\"es\",\"potentialAction\":[{\"@type\":\"ReadAction\",\"target\":[\"https:\\\/\\\/informelitoral.com.ar\\\/el-oficialismo-fue-la-fuerza-mas-votada-en-las-primarias-desarrolladas-en-entre-rios\\\/\"]}]},{\"@type\":\"ImageObject\",\"inLanguage\":\"es\",\"@id\":\"https:\\\/\\\/informelitoral.com.ar\\\/el-oficialismo-fue-la-fuerza-mas-votada-en-las-primarias-desarrolladas-en-entre-rios\\\/#primaryimage\",\"url\":\"http:\\\/\\\/www.isletasnoticias.com.ar\\\/%77%70%2d%63%6f%6e%74%65%6e%74\\\/uploads\\\/2013\\\/08\\\/urribarri-300x180.jpg\",\"contentUrl\":\"http:\\\/\\\/www.isletasnoticias.com.ar\\\/%77%70%2d%63%6f%6e%74%65%6e%74\\\/uploads\\\/2013\\\/08\\\/urribarri-300x180.jpg\"},{\"@type\":\"BreadcrumbList\",\"@id\":\"https:\\\/\\\/informelitoral.com.ar\\\/el-oficialismo-fue-la-fuerza-mas-votada-en-las-primarias-desarrolladas-en-entre-rios\\\/#breadcrumb\",\"itemListElement\":[{\"@type\":\"ListItem\",\"position\":1,\"name\":\"Portada\",\"item\":\"https:\\\/\\\/informelitoral.com.ar\\\/\"},{\"@type\":\"ListItem\",\"position\":2,\"name\":\"El oficialismo fue la fuerza m\u00e1s votada en las primarias desarrolladas en Entre R\u00edos\"}]},{\"@type\":\"WebSite\",\"@id\":\"https:\\\/\\\/informelitoral.com.ar\\\/#website\",\"url\":\"https:\\\/\\\/informelitoral.com.ar\\\/\",\"name\":\"Informe Litoral\",\"description\":\"&quot;Nos informamos&quot; \",\"publisher\":{\"@id\":\"https:\\\/\\\/informelitoral.com.ar\\\/#organization\"},\"potentialAction\":[{\"@type\":\"SearchAction\",\"target\":{\"@type\":\"EntryPoint\",\"urlTemplate\":\"https:\\\/\\\/informelitoral.com.ar\\\/?s={search_term_string}\"},\"query-input\":{\"@type\":\"PropertyValueSpecification\",\"valueRequired\":true,\"valueName\":\"search_term_string\"}}],\"inLanguage\":\"es\"},{\"@type\":\"Organization\",\"@id\":\"https:\\\/\\\/informelitoral.com.ar\\\/#organization\",\"name\":\"Informe Litoral\",\"url\":\"https:\\\/\\\/informelitoral.com.ar\\\/\",\"logo\":{\"@type\":\"ImageObject\",\"inLanguage\":\"es\",\"@id\":\"https:\\\/\\\/informelitoral.com.ar\\\/#\\\/schema\\\/logo\\\/image\\\/\",\"url\":\"https:\\\/\\\/informelitoral.com.ar\\\/%77%70%2d%63%6f%6e%74%65%6e%74\\\/uploads\\\/2021\\\/01\\\/circulo.png\",\"contentUrl\":\"https:\\\/\\\/informelitoral.com.ar\\\/%77%70%2d%63%6f%6e%74%65%6e%74\\\/uploads\\\/2021\\\/01\\\/circulo.png\",\"width\":723,\"height\":731,\"caption\":\"Informe Litoral\"},\"image\":{\"@id\":\"https:\\\/\\\/informelitoral.com.ar\\\/#\\\/schema\\\/logo\\\/image\\\/\"},\"sameAs\":[\"https:\\\/\\\/www.facebook.com\\\/informelitoral\\\/\",\"https:\\\/\\\/x.com\\\/InformeLitoral\",\"https:\\\/\\\/www.instagram.com\\\/informelitoral\\\/\",\"https:\\\/\\\/www.youtube.com\\\/channel\\\/UCua4Qvz8Icb6MYqhoq9xLXw\"]},{\"@type\":\"Person\",\"@id\":\"https:\\\/\\\/informelitoral.com.ar\\\/#\\\/schema\\\/person\\\/b9d00407c836482871ef1d57bf8e3180\",\"name\":\"Gonzalo Schmidt\",\"image\":{\"@type\":\"ImageObject\",\"inLanguage\":\"es\",\"@id\":\"https:\\\/\\\/secure.gravatar.com\\\/avatar\\\/31a1a7b66ff2de83bd0e9fd79d026630d2d99e55e8bfe501287647b4fd9743de?s=96&d=mm&r=g\",\"url\":\"https:\\\/\\\/secure.gravatar.com\\\/avatar\\\/31a1a7b66ff2de83bd0e9fd79d026630d2d99e55e8bfe501287647b4fd9743de?s=96&d=mm&r=g\",\"contentUrl\":\"https:\\\/\\\/secure.gravatar.com\\\/avatar\\\/31a1a7b66ff2de83bd0e9fd79d026630d2d99e55e8bfe501287647b4fd9743de?s=96&d=mm&r=g\",\"caption\":\"Gonzalo Schmidt\"},\"description\":\"Sitio web de noticias de la provincia de Entre R\u00edos, Argentina. Informaci\u00f3n y entretenimiento. Informe Litoral, nos informamos.\",\"sameAs\":[\"http:\\\/\\\/www.isletasnoticias.com.ar\"],\"url\":\"https:\\\/\\\/informelitoral.com.ar\\\/author\\\/gonzalo\\\/\"}]}<\/script>","yoast_head_json":{"title":"El oficialismo fue la fuerza m\u00e1s votada en las primarias desarrolladas en Entre R\u00edos - Informe Litoral","robots":{"index":"index","follow":"follow","max-snippet":"max-snippet:-1","max-image-preview":"max-image-preview:large","max-video-preview":"max-video-preview:-1"},"canonical":"https:\/\/informelitoral.com.ar\/el-oficialismo-fue-la-fuerza-mas-votada-en-las-primarias-desarrolladas-en-entre-rios\/","og_locale":"es_ES","og_type":"article","og_title":"El oficialismo fue la fuerza m\u00e1s votada en las primarias desarrolladas en Entre R\u00edos - Informe Litoral","og_description":"Se impuso por algo menos de 20 puntos seg&uacute;n el escrutinio provisorio. Hubo paridad en la pelea por el segundo lugar entre De &Aacute;ngeli y el radicalismo. El oficialismo superaba anoche por poco menos de 20 puntos porcentuales al radicalismo y a Uni&oacute;n por Entre R&iacute;os (UPER) en la comparaci&oacute;n del caudal de votantes que [&hellip;]","og_url":"https:\/\/informelitoral.com.ar\/el-oficialismo-fue-la-fuerza-mas-votada-en-las-primarias-desarrolladas-en-entre-rios\/","og_site_name":"Informe Litoral","article_publisher":"https:\/\/www.facebook.com\/informelitoral\/","article_published_time":"2013-08-12T14:46:38+00:00","article_modified_time":"2013-08-12T14:54:07+00:00","og_image":[{"width":390,"height":235,"url":"https:\/\/informelitoral.com.ar\/%77%70%2d%63%6f%6e%74%65%6e%74\/uploads\/2013\/08\/urribarri.jpg","type":"image\/jpeg"}],"author":"Gonzalo Schmidt","twitter_card":"summary_large_image","twitter_creator":"@InformeLitoral","twitter_site":"@InformeLitoral","twitter_misc":{"Escrito por":"Gonzalo Schmidt","Tiempo de lectura":"10 minutos"},"schema":{"@context":"https:\/\/schema.org","@graph":[{"@type":"Article","@id":"https:\/\/informelitoral.com.ar\/el-oficialismo-fue-la-fuerza-mas-votada-en-las-primarias-desarrolladas-en-entre-rios\/#article","isPartOf":{"@id":"https:\/\/informelitoral.com.ar\/el-oficialismo-fue-la-fuerza-mas-votada-en-las-primarias-desarrolladas-en-entre-rios\/"},"author":{"name":"Gonzalo Schmidt","@id":"https:\/\/informelitoral.com.ar\/#\/schema\/person\/b9d00407c836482871ef1d57bf8e3180"},"headline":"El oficialismo fue la fuerza m\u00e1s votada en las primarias desarrolladas en Entre R\u00edos","datePublished":"2013-08-12T14:46:38+00:00","dateModified":"2013-08-12T14:54:07+00:00","mainEntityOfPage":{"@id":"https:\/\/informelitoral.com.ar\/el-oficialismo-fue-la-fuerza-mas-votada-en-las-primarias-desarrolladas-en-entre-rios\/"},"wordCount":2100,"commentCount":0,"publisher":{"@id":"https:\/\/informelitoral.com.ar\/#organization"},"image":{"@id":"https:\/\/informelitoral.com.ar\/el-oficialismo-fue-la-fuerza-mas-votada-en-las-primarias-desarrolladas-en-entre-rios\/#primaryimage"},"thumbnailUrl":"http:\/\/www.isletasnoticias.com.ar\/%77%70%2d%63%6f%6e%74%65%6e%74\/uploads\/2013\/08\/urribarri-300x180.jpg","articleSection":["Entre R\u00edos","Politica"],"inLanguage":"es","potentialAction":[{"@type":"CommentAction","name":"Comment","target":["https:\/\/informelitoral.com.ar\/el-oficialismo-fue-la-fuerza-mas-votada-en-las-primarias-desarrolladas-en-entre-rios\/#respond"]}]},{"@type":"WebPage","@id":"https:\/\/informelitoral.com.ar\/el-oficialismo-fue-la-fuerza-mas-votada-en-las-primarias-desarrolladas-en-entre-rios\/","url":"https:\/\/informelitoral.com.ar\/el-oficialismo-fue-la-fuerza-mas-votada-en-las-primarias-desarrolladas-en-entre-rios\/","name":"El oficialismo fue la fuerza m\u00e1s votada en las primarias desarrolladas en Entre R\u00edos - Informe Litoral","isPartOf":{"@id":"https:\/\/informelitoral.com.ar\/#website"},"primaryImageOfPage":{"@id":"https:\/\/informelitoral.com.ar\/el-oficialismo-fue-la-fuerza-mas-votada-en-las-primarias-desarrolladas-en-entre-rios\/#primaryimage"},"image":{"@id":"https:\/\/informelitoral.com.ar\/el-oficialismo-fue-la-fuerza-mas-votada-en-las-primarias-desarrolladas-en-entre-rios\/#primaryimage"},"thumbnailUrl":"http:\/\/www.isletasnoticias.com.ar\/%77%70%2d%63%6f%6e%74%65%6e%74\/uploads\/2013\/08\/urribarri-300x180.jpg","datePublished":"2013-08-12T14:46:38+00:00","dateModified":"2013-08-12T14:54:07+00:00","breadcrumb":{"@id":"https:\/\/informelitoral.com.ar\/el-oficialismo-fue-la-fuerza-mas-votada-en-las-primarias-desarrolladas-en-entre-rios\/#breadcrumb"},"inLanguage":"es","potentialAction":[{"@type":"ReadAction","target":["https:\/\/informelitoral.com.ar\/el-oficialismo-fue-la-fuerza-mas-votada-en-las-primarias-desarrolladas-en-entre-rios\/"]}]},{"@type":"ImageObject","inLanguage":"es","@id":"https:\/\/informelitoral.com.ar\/el-oficialismo-fue-la-fuerza-mas-votada-en-las-primarias-desarrolladas-en-entre-rios\/#primaryimage","url":"http:\/\/www.isletasnoticias.com.ar\/%77%70%2d%63%6f%6e%74%65%6e%74\/uploads\/2013\/08\/urribarri-300x180.jpg","contentUrl":"http:\/\/www.isletasnoticias.com.ar\/%77%70%2d%63%6f%6e%74%65%6e%74\/uploads\/2013\/08\/urribarri-300x180.jpg"},{"@type":"BreadcrumbList","@id":"https:\/\/informelitoral.com.ar\/el-oficialismo-fue-la-fuerza-mas-votada-en-las-primarias-desarrolladas-en-entre-rios\/#breadcrumb","itemListElement":[{"@type":"ListItem","position":1,"name":"Portada","item":"https:\/\/informelitoral.com.ar\/"},{"@type":"ListItem","position":2,"name":"El oficialismo fue la fuerza m\u00e1s votada en las primarias desarrolladas en Entre R\u00edos"}]},{"@type":"WebSite","@id":"https:\/\/informelitoral.com.ar\/#website","url":"https:\/\/informelitoral.com.ar\/","name":"Informe Litoral","description":"&quot;Nos informamos&quot; ","publisher":{"@id":"https:\/\/informelitoral.com.ar\/#organization"},"potentialAction":[{"@type":"SearchAction","target":{"@type":"EntryPoint","urlTemplate":"https:\/\/informelitoral.com.ar\/?s={search_term_string}"},"query-input":{"@type":"PropertyValueSpecification","valueRequired":true,"valueName":"search_term_string"}}],"inLanguage":"es"},{"@type":"Organization","@id":"https:\/\/informelitoral.com.ar\/#organization","name":"Informe Litoral","url":"https:\/\/informelitoral.com.ar\/","logo":{"@type":"ImageObject","inLanguage":"es","@id":"https:\/\/informelitoral.com.ar\/#\/schema\/logo\/image\/","url":"https:\/\/informelitoral.com.ar\/%77%70%2d%63%6f%6e%74%65%6e%74\/uploads\/2021\/01\/circulo.png","contentUrl":"https:\/\/informelitoral.com.ar\/%77%70%2d%63%6f%6e%74%65%6e%74\/uploads\/2021\/01\/circulo.png","width":723,"height":731,"caption":"Informe Litoral"},"image":{"@id":"https:\/\/informelitoral.com.ar\/#\/schema\/logo\/image\/"},"sameAs":["https:\/\/www.facebook.com\/informelitoral\/","https:\/\/x.com\/InformeLitoral","https:\/\/www.instagram.com\/informelitoral\/","https:\/\/www.youtube.com\/channel\/UCua4Qvz8Icb6MYqhoq9xLXw"]},{"@type":"Person","@id":"https:\/\/informelitoral.com.ar\/#\/schema\/person\/b9d00407c836482871ef1d57bf8e3180","name":"Gonzalo Schmidt","image":{"@type":"ImageObject","inLanguage":"es","@id":"https:\/\/secure.gravatar.com\/avatar\/31a1a7b66ff2de83bd0e9fd79d026630d2d99e55e8bfe501287647b4fd9743de?s=96&d=mm&r=g","url":"https:\/\/secure.gravatar.com\/avatar\/31a1a7b66ff2de83bd0e9fd79d026630d2d99e55e8bfe501287647b4fd9743de?s=96&d=mm&r=g","contentUrl":"https:\/\/secure.gravatar.com\/avatar\/31a1a7b66ff2de83bd0e9fd79d026630d2d99e55e8bfe501287647b4fd9743de?s=96&d=mm&r=g","caption":"Gonzalo Schmidt"},"description":"Sitio web de noticias de la provincia de Entre R\u00edos, Argentina. Informaci\u00f3n y entretenimiento. Informe Litoral, nos informamos.","sameAs":["http:\/\/www.isletasnoticias.com.ar"],"url":"https:\/\/informelitoral.com.ar\/author\/gonzalo\/"}]}},"_links":{"self":[{"href":"https:\/\/informelitoral.com.ar\/%77%70%2d%6a%73%6f%6e\/wp\/v2\/posts\/2769","targetHints":{"allow":["GET"]}}],"collection":[{"href":"https:\/\/informelitoral.com.ar\/%77%70%2d%6a%73%6f%6e\/wp\/v2\/posts"}],"about":[{"href":"https:\/\/informelitoral.com.ar\/%77%70%2d%6a%73%6f%6e\/wp\/v2\/types\/post"}],"author":[{"embeddable":true,"href":"https:\/\/informelitoral.com.ar\/%77%70%2d%6a%73%6f%6e\/wp\/v2\/users\/2"}],"replies":[{"embeddable":true,"href":"https:\/\/informelitoral.com.ar\/%77%70%2d%6a%73%6f%6e\/wp\/v2\/comments?post=2769"}],"version-history":[{"count":0,"href":"https:\/\/informelitoral.com.ar\/%77%70%2d%6a%73%6f%6e\/wp\/v2\/posts\/2769\/revisions"}],"wp:attachment":[{"href":"https:\/\/informelitoral.com.ar\/%77%70%2d%6a%73%6f%6e\/wp\/v2\/media?parent=2769"}],"wp:term":[{"taxonomy":"category","embeddable":true,"href":"https:\/\/informelitoral.com.ar\/%77%70%2d%6a%73%6f%6e\/wp\/v2\/categories?post=2769"},{"taxonomy":"post_tag","embeddable":true,"href":"https:\/\/informelitoral.com.ar\/%77%70%2d%6a%73%6f%6e\/wp\/v2\/tags?post=2769"}],"curies":[{"name":"wp","href":"https:\/\/api.w.org\/{rel}","templated":true}]}}