{"id":27491,"date":"2018-06-19T08:12:21","date_gmt":"2018-06-19T11:12:21","guid":{"rendered":"https:\/\/www.isletasnoticias.com.ar\/?p=27491"},"modified":"2018-06-19T08:12:21","modified_gmt":"2018-06-19T11:12:21","slug":"abrieron-la-convocatoria-a-programas-para-jovenes-emprendedores","status":"publish","type":"post","link":"https:\/\/informelitoral.com.ar\/abrieron-la-convocatoria-a-programas-para-jovenes-emprendedores\/","title":{"rendered":"Abrieron la convocatoria a programas para j\u00f3venes emprendedores"},"content":{"rendered":"<p>Oficialmente se realiz\u00f3 la convocatoria de J\u00f3venes Emprendedores y Apoyo al Comercio Emprendedor Entrerriano.<\/p>\n<p>El lunes por la ma\u00f1ana en el Sal\u00f3n de Periodistas de la Casa Gris, se realiz\u00f3 el lanzamiento de una nueva convocatoria de los programas J\u00f3venes Emprendedores y Apoyo al Comercio<br \/>\nEmprendedor Entrerriano.<\/p>\n<p>La ministra de Desarrollo Social salud\u00f3, agradeci\u00f3 la presencia de los funcionarios y asistentes, y explic\u00f3: \u201cEstos programas forman parte de la estrategia que lleva adelante el gobierno de Entre R\u00edos para fortalecer el emprendedurismo y la econom\u00eda social. Por eso destaco la decisi\u00f3n pol\u00edtica del gobernador, Gustavo Bordet, de trabajar en este \u00e1mbito, no solo en el plano del discurso sino en los hechos concretos\u201d.<\/p>\n<p>Stratta detall\u00f3: \u201cNo es solo la inversi\u00f3n econ\u00f3mica, sino tambi\u00e9n todo lo que significa acompa\u00f1amiento y asistencia t\u00e9cnica a los emprendedores. No se trata solamente de la entrega de una herramienta o un cr\u00e9dito, es la convicci\u00f3n de que nosotros creemos en ustedes, en sus habilidades y profesiones, por eso queremos que haya proyectos sustentables que mejoren la calidad de vida de cada uno, porque as\u00ed mejora la provincia y se genera empleo genuino\u201d.<\/p>\n<p>\u201cEl gobernador constantemente nos insta a profundizar las acciones del Ministerio en materia de desarrollo, con capacidad para generar programas y pol\u00edticas p\u00fablicas que nos permitan transformar una realidad que muchas veces duele, y generar oportunidades donde no las hay\u201d, concluy\u00f3 la titular de la cartera social.<\/p>\n<p>Por su parte, el subsecretario de Desarrollo Emprendedor, Pedro Gebhart, puntualiz\u00f3: \u201cEstamos presentando hoy las convocatorias 2018 de los Programas J\u00f3venes Emprendedores y Programa de Apoyo al Comercio Emprendedor Entrerriano. Se trata de dos herramientas dirigidas a los j\u00f3venes emprendedores de nuestra provincia, enmarcadas en la ley provincial 10.394 por medio de la cual crea el R\u00e9gimen de Promoci\u00f3n del Emprendedurismo Joven Entrerriano\u201d.<\/p>\n<p>Del lanzamiento participaron el presidente del IAFAS, Silvio Vivas; el gerente General, Aldo Lettieri; la presidenta del COPNAF, Marisa Paira; la titular del IPRODI, Cristina Ponce; el presidente del Ipcymer, Ricardo Etchemendy; el subdirector Ejecutivo del Instituto Becario, Lautaro Gervasoni; y la concejal de Paran\u00e1 Cristina Sosa, entre otras autoridades.<\/p>\n<p><b>J\u00f3venes emprendedores<a href=\"https:\/\/www.isletasnoticias.com.ar\/%77%70%2d%63%6f%6e%74%65%6e%74\/uploads\/2018\/06\/x_1529350650.jpg\"><img loading=\"lazy\" decoding=\"async\" class=\"aligncenter wp-image-27493 size-large\" src=\"https:\/\/www.isletasnoticias.com.ar\/%77%70%2d%63%6f%6e%74%65%6e%74\/uploads\/2018\/06\/x_1529350650-1024x683.jpg\" alt=\"\" width=\"696\" height=\"464\" srcset=\"https:\/\/informelitoral.com.ar\/%77%70%2d%63%6f%6e%74%65%6e%74\/uploads\/2018\/06\/x_1529350650-1024x683.jpg 1024w, https:\/\/informelitoral.com.ar\/%77%70%2d%63%6f%6e%74%65%6e%74\/uploads\/2018\/06\/x_1529350650-300x200.jpg 300w, https:\/\/informelitoral.com.ar\/%77%70%2d%63%6f%6e%74%65%6e%74\/uploads\/2018\/06\/x_1529350650-768x512.jpg 768w, https:\/\/informelitoral.com.ar\/%77%70%2d%63%6f%6e%74%65%6e%74\/uploads\/2018\/06\/x_1529350650-696x464.jpg 696w, https:\/\/informelitoral.com.ar\/%77%70%2d%63%6f%6e%74%65%6e%74\/uploads\/2018\/06\/x_1529350650-1068x712.jpg 1068w, https:\/\/informelitoral.com.ar\/%77%70%2d%63%6f%6e%74%65%6e%74\/uploads\/2018\/06\/x_1529350650-630x420.jpg 630w, https:\/\/informelitoral.com.ar\/%77%70%2d%63%6f%6e%74%65%6e%74\/uploads\/2018\/06\/x_1529350650.jpg 1920w\" sizes=\"auto, (max-width: 696px) 100vw, 696px\" \/><\/a><\/b>El programa J\u00f3venes Emprendedores brinda asistencia, capacitaci\u00f3n y financiamiento a emprendedores que presenten un proyecto productivo agropecuario, industrial o de servicios asociados a estos sectores, priorizando a aquellos que se destaquen por su innovaci\u00f3n y creatividad. El formato de financiamiento es \u201ccr\u00e9dito a honor\u201d, con tasa cero y un a\u00f1o de gracia para impulsar el emprendimiento, luego del cual se empiezan a pagar 24 cuotas mensuales fijas.<\/p>\n<p><b>Programa de Apoyo al Comercio Emprendedor Entrerriano<\/b><\/p>\n<p>Esta herramienta est\u00e1 destinada a quienes ya son emprendedores a los cuales se les brinda acompa\u00f1amiento, asesoramiento y financiamiento con el objetivo de que mejoren su estrategia comercial y su presencia en eventos espec\u00edficos. Puntualmente se efect\u00faa un plan de acci\u00f3n conjunto orientado a desarrollar un cronograma de trabajo, a brindar asesoramiento t\u00e9cnico personalizado en la estrategia de comercializaci\u00f3n, capacitaciones en mejorar la mejorar la participaci\u00f3n en eventos y ferias, y asesoramiento en cuestiones espec\u00edficas, con el objetivo de consolidar los emprendimientos.<\/p>\n<p><b>Sobre la inscripci\u00f3n<\/b><\/p>\n<p>Se realiza mediante una preinscripci\u00f3n en la p\u00e1gina web del Gobierno de Entre R\u00edos<br \/>\n(www.entrerios.gov.ar\/jovenesemprendedores). La convocatoria se encuentra abierta hasta el 29 de julio inclusive. Se contar\u00e1 con asesoramiento y capacitaciones, llevadas adelante desde la Subsecretar\u00eda de Desarrollo Emprendedor.<\/p>\n","protected":false},"excerpt":{"rendered":"<p>El Ministerio de Desarrollo Social, a trav\u00e9s de la Subsecretar\u00eda de Desarrollo Emprendedor, lanz\u00f3 dos programas destinados a acompa\u00f1ar y a fortalecer los proyectos productivos de j\u00f3venes emprendedores.<\/p>\n","protected":false},"author":2,"featured_media":27492,"comment_status":"open","ping_status":"open","sticky":false,"template":"","format":"standard","meta":{"fifu_image_url":"","fifu_image_alt":"","footnotes":""},"categories":[6],"tags":[553,552,81,551,120],"class_list":{"0":"post-27491","1":"post","2":"type-post","3":"status-publish","4":"format-standard","5":"has-post-thumbnail","7":"category-entre-rios","8":"tag-creditos","9":"tag-emprendedores","10":"tag-entre-rios","11":"tag-jovenes","12":"tag-produccion"},"yoast_head":"<title>Abrieron la convocatoria a programas para j\u00f3venes emprendedores - Informe Litoral<\/title>\n<meta name=\"robots\" content=\"index, follow, max-snippet:-1, max-image-preview:large, max-video-preview:-1\" \/>\n<link rel=\"canonical\" href=\"https:\/\/informelitoral.com.ar\/abrieron-la-convocatoria-a-programas-para-jovenes-emprendedores\/\" \/>\n<meta property=\"og:locale\" content=\"es_ES\" \/>\n<meta property=\"og:type\" content=\"article\" \/>\n<meta property=\"og:title\" content=\"Abrieron la convocatoria a programas para j\u00f3venes emprendedores - Informe Litoral\" \/>\n<meta property=\"og:description\" content=\"El Ministerio de Desarrollo Social, a trav\u00e9s de la Subsecretar\u00eda de Desarrollo Emprendedor, lanz\u00f3 dos programas destinados a acompa\u00f1ar y a fortalecer los proyectos productivos de j\u00f3venes emprendedores.\" \/>\n<meta property=\"og:url\" content=\"https:\/\/informelitoral.com.ar\/abrieron-la-convocatoria-a-programas-para-jovenes-emprendedores\/\" \/>\n<meta property=\"og:site_name\" content=\"Informe Litoral\" \/>\n<meta property=\"article:publisher\" content=\"https:\/\/www.facebook.com\/informelitoral\/\" \/>\n<meta property=\"article:published_time\" content=\"2018-06-19T11:12:21+00:00\" \/>\n<meta property=\"og:image\" content=\"https:\/\/informelitoral.com.ar\/%77%70%2d%63%6f%6e%74%65%6e%74\/uploads\/2018\/06\/x_1529350627.jpg\" \/>\n\t<meta property=\"og:image:width\" content=\"1920\" \/>\n\t<meta property=\"og:image:height\" content=\"1280\" \/>\n\t<meta property=\"og:image:type\" content=\"image\/jpeg\" \/>\n<meta name=\"author\" content=\"Gonzalo Schmidt\" \/>\n<meta name=\"twitter:card\" content=\"summary_large_image\" \/>\n<meta name=\"twitter:creator\" content=\"@InformeLitoral\" \/>\n<meta name=\"twitter:site\" content=\"@InformeLitoral\" \/>\n<meta name=\"twitter:label1\" content=\"Escrito por\" \/>\n\t<meta name=\"twitter:data1\" content=\"Gonzalo Schmidt\" \/>\n\t<meta name=\"twitter:label2\" content=\"Tiempo de lectura\" \/>\n\t<meta name=\"twitter:data2\" content=\"3 minutos\" \/>\n<script type=\"application\/ld+json\" class=\"yoast-schema-graph\">{\"@context\":\"https:\\\/\\\/schema.org\",\"@graph\":[{\"@type\":\"Article\",\"@id\":\"https:\\\/\\\/informelitoral.com.ar\\\/abrieron-la-convocatoria-a-programas-para-jovenes-emprendedores\\\/#article\",\"isPartOf\":{\"@id\":\"https:\\\/\\\/informelitoral.com.ar\\\/abrieron-la-convocatoria-a-programas-para-jovenes-emprendedores\\\/\"},\"author\":{\"name\":\"Gonzalo Schmidt\",\"@id\":\"https:\\\/\\\/informelitoral.com.ar\\\/#\\\/schema\\\/person\\\/b9d00407c836482871ef1d57bf8e3180\"},\"headline\":\"Abrieron la convocatoria a programas para j\u00f3venes emprendedores\",\"datePublished\":\"2018-06-19T11:12:21+00:00\",\"mainEntityOfPage\":{\"@id\":\"https:\\\/\\\/informelitoral.com.ar\\\/abrieron-la-convocatoria-a-programas-para-jovenes-emprendedores\\\/\"},\"wordCount\":597,\"commentCount\":0,\"publisher\":{\"@id\":\"https:\\\/\\\/informelitoral.com.ar\\\/#organization\"},\"image\":{\"@id\":\"https:\\\/\\\/informelitoral.com.ar\\\/abrieron-la-convocatoria-a-programas-para-jovenes-emprendedores\\\/#primaryimage\"},\"thumbnailUrl\":\"https:\\\/\\\/informelitoral.com.ar\\\/%77%70%2d%63%6f%6e%74%65%6e%74\\\/uploads\\\/2018\\\/06\\\/x_1529350627.jpg\",\"keywords\":[\"Cr\u00e9ditos\",\"Emprendedores\",\"Entre R\u00edos\",\"J\u00f3venes\",\"Producci\u00f3n\"],\"articleSection\":[\"Entre R\u00edos\"],\"inLanguage\":\"es\",\"potentialAction\":[{\"@type\":\"CommentAction\",\"name\":\"Comment\",\"target\":[\"https:\\\/\\\/informelitoral.com.ar\\\/abrieron-la-convocatoria-a-programas-para-jovenes-emprendedores\\\/#respond\"]}]},{\"@type\":\"WebPage\",\"@id\":\"https:\\\/\\\/informelitoral.com.ar\\\/abrieron-la-convocatoria-a-programas-para-jovenes-emprendedores\\\/\",\"url\":\"https:\\\/\\\/informelitoral.com.ar\\\/abrieron-la-convocatoria-a-programas-para-jovenes-emprendedores\\\/\",\"name\":\"Abrieron la convocatoria a programas para j\u00f3venes emprendedores - Informe Litoral\",\"isPartOf\":{\"@id\":\"https:\\\/\\\/informelitoral.com.ar\\\/#website\"},\"primaryImageOfPage\":{\"@id\":\"https:\\\/\\\/informelitoral.com.ar\\\/abrieron-la-convocatoria-a-programas-para-jovenes-emprendedores\\\/#primaryimage\"},\"image\":{\"@id\":\"https:\\\/\\\/informelitoral.com.ar\\\/abrieron-la-convocatoria-a-programas-para-jovenes-emprendedores\\\/#primaryimage\"},\"thumbnailUrl\":\"https:\\\/\\\/informelitoral.com.ar\\\/%77%70%2d%63%6f%6e%74%65%6e%74\\\/uploads\\\/2018\\\/06\\\/x_1529350627.jpg\",\"datePublished\":\"2018-06-19T11:12:21+00:00\",\"breadcrumb\":{\"@id\":\"https:\\\/\\\/informelitoral.com.ar\\\/abrieron-la-convocatoria-a-programas-para-jovenes-emprendedores\\\/#breadcrumb\"},\"inLanguage\":\"es\",\"potentialAction\":[{\"@type\":\"ReadAction\",\"target\":[\"https:\\\/\\\/informelitoral.com.ar\\\/abrieron-la-convocatoria-a-programas-para-jovenes-emprendedores\\\/\"]}]},{\"@type\":\"ImageObject\",\"inLanguage\":\"es\",\"@id\":\"https:\\\/\\\/informelitoral.com.ar\\\/abrieron-la-convocatoria-a-programas-para-jovenes-emprendedores\\\/#primaryimage\",\"url\":\"https:\\\/\\\/informelitoral.com.ar\\\/%77%70%2d%63%6f%6e%74%65%6e%74\\\/uploads\\\/2018\\\/06\\\/x_1529350627.jpg\",\"contentUrl\":\"https:\\\/\\\/informelitoral.com.ar\\\/%77%70%2d%63%6f%6e%74%65%6e%74\\\/uploads\\\/2018\\\/06\\\/x_1529350627.jpg\",\"width\":1920,\"height\":1280},{\"@type\":\"BreadcrumbList\",\"@id\":\"https:\\\/\\\/informelitoral.com.ar\\\/abrieron-la-convocatoria-a-programas-para-jovenes-emprendedores\\\/#breadcrumb\",\"itemListElement\":[{\"@type\":\"ListItem\",\"position\":1,\"name\":\"Portada\",\"item\":\"https:\\\/\\\/informelitoral.com.ar\\\/\"},{\"@type\":\"ListItem\",\"position\":2,\"name\":\"Abrieron la convocatoria a programas para j\u00f3venes emprendedores\"}]},{\"@type\":\"WebSite\",\"@id\":\"https:\\\/\\\/informelitoral.com.ar\\\/#website\",\"url\":\"https:\\\/\\\/informelitoral.com.ar\\\/\",\"name\":\"Informe Litoral\",\"description\":\"&quot;Nos informamos&quot; \",\"publisher\":{\"@id\":\"https:\\\/\\\/informelitoral.com.ar\\\/#organization\"},\"potentialAction\":[{\"@type\":\"SearchAction\",\"target\":{\"@type\":\"EntryPoint\",\"urlTemplate\":\"https:\\\/\\\/informelitoral.com.ar\\\/?s={search_term_string}\"},\"query-input\":{\"@type\":\"PropertyValueSpecification\",\"valueRequired\":true,\"valueName\":\"search_term_string\"}}],\"inLanguage\":\"es\"},{\"@type\":\"Organization\",\"@id\":\"https:\\\/\\\/informelitoral.com.ar\\\/#organization\",\"name\":\"Informe Litoral\",\"url\":\"https:\\\/\\\/informelitoral.com.ar\\\/\",\"logo\":{\"@type\":\"ImageObject\",\"inLanguage\":\"es\",\"@id\":\"https:\\\/\\\/informelitoral.com.ar\\\/#\\\/schema\\\/logo\\\/image\\\/\",\"url\":\"https:\\\/\\\/informelitoral.com.ar\\\/%77%70%2d%63%6f%6e%74%65%6e%74\\\/uploads\\\/2021\\\/01\\\/circulo.png\",\"contentUrl\":\"https:\\\/\\\/informelitoral.com.ar\\\/%77%70%2d%63%6f%6e%74%65%6e%74\\\/uploads\\\/2021\\\/01\\\/circulo.png\",\"width\":723,\"height\":731,\"caption\":\"Informe Litoral\"},\"image\":{\"@id\":\"https:\\\/\\\/informelitoral.com.ar\\\/#\\\/schema\\\/logo\\\/image\\\/\"},\"sameAs\":[\"https:\\\/\\\/www.facebook.com\\\/informelitoral\\\/\",\"https:\\\/\\\/x.com\\\/InformeLitoral\",\"https:\\\/\\\/www.instagram.com\\\/informelitoral\\\/\",\"https:\\\/\\\/www.youtube.com\\\/channel\\\/UCua4Qvz8Icb6MYqhoq9xLXw\"]},{\"@type\":\"Person\",\"@id\":\"https:\\\/\\\/informelitoral.com.ar\\\/#\\\/schema\\\/person\\\/b9d00407c836482871ef1d57bf8e3180\",\"name\":\"Gonzalo Schmidt\",\"image\":{\"@type\":\"ImageObject\",\"inLanguage\":\"es\",\"@id\":\"https:\\\/\\\/secure.gravatar.com\\\/avatar\\\/31a1a7b66ff2de83bd0e9fd79d026630d2d99e55e8bfe501287647b4fd9743de?s=96&d=mm&r=g\",\"url\":\"https:\\\/\\\/secure.gravatar.com\\\/avatar\\\/31a1a7b66ff2de83bd0e9fd79d026630d2d99e55e8bfe501287647b4fd9743de?s=96&d=mm&r=g\",\"contentUrl\":\"https:\\\/\\\/secure.gravatar.com\\\/avatar\\\/31a1a7b66ff2de83bd0e9fd79d026630d2d99e55e8bfe501287647b4fd9743de?s=96&d=mm&r=g\",\"caption\":\"Gonzalo Schmidt\"},\"description\":\"Sitio web de noticias de la provincia de Entre R\u00edos, Argentina. Informaci\u00f3n y entretenimiento. Informe Litoral, nos informamos.\",\"sameAs\":[\"http:\\\/\\\/www.isletasnoticias.com.ar\"],\"url\":\"https:\\\/\\\/informelitoral.com.ar\\\/author\\\/gonzalo\\\/\"}]}<\/script>","yoast_head_json":{"title":"Abrieron la convocatoria a programas para j\u00f3venes emprendedores - Informe Litoral","robots":{"index":"index","follow":"follow","max-snippet":"max-snippet:-1","max-image-preview":"max-image-preview:large","max-video-preview":"max-video-preview:-1"},"canonical":"https:\/\/informelitoral.com.ar\/abrieron-la-convocatoria-a-programas-para-jovenes-emprendedores\/","og_locale":"es_ES","og_type":"article","og_title":"Abrieron la convocatoria a programas para j\u00f3venes emprendedores - Informe Litoral","og_description":"El Ministerio de Desarrollo Social, a trav\u00e9s de la Subsecretar\u00eda de Desarrollo Emprendedor, lanz\u00f3 dos programas destinados a acompa\u00f1ar y a fortalecer los proyectos productivos de j\u00f3venes emprendedores.","og_url":"https:\/\/informelitoral.com.ar\/abrieron-la-convocatoria-a-programas-para-jovenes-emprendedores\/","og_site_name":"Informe Litoral","article_publisher":"https:\/\/www.facebook.com\/informelitoral\/","article_published_time":"2018-06-19T11:12:21+00:00","og_image":[{"width":1920,"height":1280,"url":"https:\/\/informelitoral.com.ar\/%77%70%2d%63%6f%6e%74%65%6e%74\/uploads\/2018\/06\/x_1529350627.jpg","type":"image\/jpeg"}],"author":"Gonzalo Schmidt","twitter_card":"summary_large_image","twitter_creator":"@InformeLitoral","twitter_site":"@InformeLitoral","twitter_misc":{"Escrito por":"Gonzalo Schmidt","Tiempo de lectura":"3 minutos"},"schema":{"@context":"https:\/\/schema.org","@graph":[{"@type":"Article","@id":"https:\/\/informelitoral.com.ar\/abrieron-la-convocatoria-a-programas-para-jovenes-emprendedores\/#article","isPartOf":{"@id":"https:\/\/informelitoral.com.ar\/abrieron-la-convocatoria-a-programas-para-jovenes-emprendedores\/"},"author":{"name":"Gonzalo Schmidt","@id":"https:\/\/informelitoral.com.ar\/#\/schema\/person\/b9d00407c836482871ef1d57bf8e3180"},"headline":"Abrieron la convocatoria a programas para j\u00f3venes emprendedores","datePublished":"2018-06-19T11:12:21+00:00","mainEntityOfPage":{"@id":"https:\/\/informelitoral.com.ar\/abrieron-la-convocatoria-a-programas-para-jovenes-emprendedores\/"},"wordCount":597,"commentCount":0,"publisher":{"@id":"https:\/\/informelitoral.com.ar\/#organization"},"image":{"@id":"https:\/\/informelitoral.com.ar\/abrieron-la-convocatoria-a-programas-para-jovenes-emprendedores\/#primaryimage"},"thumbnailUrl":"https:\/\/informelitoral.com.ar\/%77%70%2d%63%6f%6e%74%65%6e%74\/uploads\/2018\/06\/x_1529350627.jpg","keywords":["Cr\u00e9ditos","Emprendedores","Entre R\u00edos","J\u00f3venes","Producci\u00f3n"],"articleSection":["Entre R\u00edos"],"inLanguage":"es","potentialAction":[{"@type":"CommentAction","name":"Comment","target":["https:\/\/informelitoral.com.ar\/abrieron-la-convocatoria-a-programas-para-jovenes-emprendedores\/#respond"]}]},{"@type":"WebPage","@id":"https:\/\/informelitoral.com.ar\/abrieron-la-convocatoria-a-programas-para-jovenes-emprendedores\/","url":"https:\/\/informelitoral.com.ar\/abrieron-la-convocatoria-a-programas-para-jovenes-emprendedores\/","name":"Abrieron la convocatoria a programas para j\u00f3venes emprendedores - Informe Litoral","isPartOf":{"@id":"https:\/\/informelitoral.com.ar\/#website"},"primaryImageOfPage":{"@id":"https:\/\/informelitoral.com.ar\/abrieron-la-convocatoria-a-programas-para-jovenes-emprendedores\/#primaryimage"},"image":{"@id":"https:\/\/informelitoral.com.ar\/abrieron-la-convocatoria-a-programas-para-jovenes-emprendedores\/#primaryimage"},"thumbnailUrl":"https:\/\/informelitoral.com.ar\/%77%70%2d%63%6f%6e%74%65%6e%74\/uploads\/2018\/06\/x_1529350627.jpg","datePublished":"2018-06-19T11:12:21+00:00","breadcrumb":{"@id":"https:\/\/informelitoral.com.ar\/abrieron-la-convocatoria-a-programas-para-jovenes-emprendedores\/#breadcrumb"},"inLanguage":"es","potentialAction":[{"@type":"ReadAction","target":["https:\/\/informelitoral.com.ar\/abrieron-la-convocatoria-a-programas-para-jovenes-emprendedores\/"]}]},{"@type":"ImageObject","inLanguage":"es","@id":"https:\/\/informelitoral.com.ar\/abrieron-la-convocatoria-a-programas-para-jovenes-emprendedores\/#primaryimage","url":"https:\/\/informelitoral.com.ar\/%77%70%2d%63%6f%6e%74%65%6e%74\/uploads\/2018\/06\/x_1529350627.jpg","contentUrl":"https:\/\/informelitoral.com.ar\/%77%70%2d%63%6f%6e%74%65%6e%74\/uploads\/2018\/06\/x_1529350627.jpg","width":1920,"height":1280},{"@type":"BreadcrumbList","@id":"https:\/\/informelitoral.com.ar\/abrieron-la-convocatoria-a-programas-para-jovenes-emprendedores\/#breadcrumb","itemListElement":[{"@type":"ListItem","position":1,"name":"Portada","item":"https:\/\/informelitoral.com.ar\/"},{"@type":"ListItem","position":2,"name":"Abrieron la convocatoria a programas para j\u00f3venes emprendedores"}]},{"@type":"WebSite","@id":"https:\/\/informelitoral.com.ar\/#website","url":"https:\/\/informelitoral.com.ar\/","name":"Informe Litoral","description":"&quot;Nos informamos&quot; ","publisher":{"@id":"https:\/\/informelitoral.com.ar\/#organization"},"potentialAction":[{"@type":"SearchAction","target":{"@type":"EntryPoint","urlTemplate":"https:\/\/informelitoral.com.ar\/?s={search_term_string}"},"query-input":{"@type":"PropertyValueSpecification","valueRequired":true,"valueName":"search_term_string"}}],"inLanguage":"es"},{"@type":"Organization","@id":"https:\/\/informelitoral.com.ar\/#organization","name":"Informe Litoral","url":"https:\/\/informelitoral.com.ar\/","logo":{"@type":"ImageObject","inLanguage":"es","@id":"https:\/\/informelitoral.com.ar\/#\/schema\/logo\/image\/","url":"https:\/\/informelitoral.com.ar\/%77%70%2d%63%6f%6e%74%65%6e%74\/uploads\/2021\/01\/circulo.png","contentUrl":"https:\/\/informelitoral.com.ar\/%77%70%2d%63%6f%6e%74%65%6e%74\/uploads\/2021\/01\/circulo.png","width":723,"height":731,"caption":"Informe Litoral"},"image":{"@id":"https:\/\/informelitoral.com.ar\/#\/schema\/logo\/image\/"},"sameAs":["https:\/\/www.facebook.com\/informelitoral\/","https:\/\/x.com\/InformeLitoral","https:\/\/www.instagram.com\/informelitoral\/","https:\/\/www.youtube.com\/channel\/UCua4Qvz8Icb6MYqhoq9xLXw"]},{"@type":"Person","@id":"https:\/\/informelitoral.com.ar\/#\/schema\/person\/b9d00407c836482871ef1d57bf8e3180","name":"Gonzalo Schmidt","image":{"@type":"ImageObject","inLanguage":"es","@id":"https:\/\/secure.gravatar.com\/avatar\/31a1a7b66ff2de83bd0e9fd79d026630d2d99e55e8bfe501287647b4fd9743de?s=96&d=mm&r=g","url":"https:\/\/secure.gravatar.com\/avatar\/31a1a7b66ff2de83bd0e9fd79d026630d2d99e55e8bfe501287647b4fd9743de?s=96&d=mm&r=g","contentUrl":"https:\/\/secure.gravatar.com\/avatar\/31a1a7b66ff2de83bd0e9fd79d026630d2d99e55e8bfe501287647b4fd9743de?s=96&d=mm&r=g","caption":"Gonzalo Schmidt"},"description":"Sitio web de noticias de la provincia de Entre R\u00edos, Argentina. Informaci\u00f3n y entretenimiento. Informe Litoral, nos informamos.","sameAs":["http:\/\/www.isletasnoticias.com.ar"],"url":"https:\/\/informelitoral.com.ar\/author\/gonzalo\/"}]}},"_links":{"self":[{"href":"https:\/\/informelitoral.com.ar\/%77%70%2d%6a%73%6f%6e\/wp\/v2\/posts\/27491","targetHints":{"allow":["GET"]}}],"collection":[{"href":"https:\/\/informelitoral.com.ar\/%77%70%2d%6a%73%6f%6e\/wp\/v2\/posts"}],"about":[{"href":"https:\/\/informelitoral.com.ar\/%77%70%2d%6a%73%6f%6e\/wp\/v2\/types\/post"}],"author":[{"embeddable":true,"href":"https:\/\/informelitoral.com.ar\/%77%70%2d%6a%73%6f%6e\/wp\/v2\/users\/2"}],"replies":[{"embeddable":true,"href":"https:\/\/informelitoral.com.ar\/%77%70%2d%6a%73%6f%6e\/wp\/v2\/comments?post=27491"}],"version-history":[{"count":0,"href":"https:\/\/informelitoral.com.ar\/%77%70%2d%6a%73%6f%6e\/wp\/v2\/posts\/27491\/revisions"}],"wp:featuredmedia":[{"embeddable":true,"href":"https:\/\/informelitoral.com.ar\/%77%70%2d%6a%73%6f%6e\/wp\/v2\/media\/27492"}],"wp:attachment":[{"href":"https:\/\/informelitoral.com.ar\/%77%70%2d%6a%73%6f%6e\/wp\/v2\/media?parent=27491"}],"wp:term":[{"taxonomy":"category","embeddable":true,"href":"https:\/\/informelitoral.com.ar\/%77%70%2d%6a%73%6f%6e\/wp\/v2\/categories?post=27491"},{"taxonomy":"post_tag","embeddable":true,"href":"https:\/\/informelitoral.com.ar\/%77%70%2d%6a%73%6f%6e\/wp\/v2\/tags?post=27491"}],"curies":[{"name":"wp","href":"https:\/\/api.w.org\/{rel}","templated":true}]}}