{"id":2746,"date":"2013-08-10T15:28:54","date_gmt":"2013-08-10T18:28:54","guid":{"rendered":"http:\/\/www.isletasnoticias.com.ar\/?p=2746"},"modified":"2013-08-10T15:30:06","modified_gmt":"2013-08-10T18:30:06","slug":"isletas-501-ciudadanos-estan-habilitados-para-votar-en-las-primarias","status":"publish","type":"post","link":"https:\/\/informelitoral.com.ar\/isletas-501-ciudadanos-estan-habilitados-para-votar-en-las-primarias\/","title":{"rendered":"Isletas: 501 ciudadanos est\u00e1n habilitados para votar en las primarias"},"content":{"rendered":"<p><b>Este domingo 11 de agosto, hay 501 ciudadanos habilitados para votar con domicilio en Isletas, departamento Diamante. El lugar de votaci\u00f3n ser\u00e1 la Escuela N\u00b0 14 \u201cHip\u00f3litoVieytes\u201d.<\/b><\/p>\n<p><img loading=\"lazy\" decoding=\"async\" class=\"size-medium wp-image-2747 aligncenter\" title=\"501 ciudadanos est\u00e1n habilitados para votar en la Escuela N\u00b0 14.\" alt=\"Imagen0241\" src=\"http:\/\/www.isletasnoticias.com.ar\/%77%70%2d%63%6f%6e%74%65%6e%74\/uploads\/2013\/08\/Imagen0241-300x225.jpg\" width=\"300\" height=\"225\" srcset=\"https:\/\/informelitoral.com.ar\/%77%70%2d%63%6f%6e%74%65%6e%74\/uploads\/2013\/08\/Imagen0241-300x225.jpg 300w, https:\/\/informelitoral.com.ar\/%77%70%2d%63%6f%6e%74%65%6e%74\/uploads\/2013\/08\/Imagen0241-1024x768.jpg 1024w, https:\/\/informelitoral.com.ar\/%77%70%2d%63%6f%6e%74%65%6e%74\/uploads\/2013\/08\/Imagen0241.jpg 1600w\" sizes=\"auto, (max-width: 300px) 100vw, 300px\" \/><\/p>\n<p>Este domingo 11 de agosto, al igual que en e<a href=\"http:\/\/www.isletasnoticias.com.ar\/%77%70%2d%63%6f%6e%74%65%6e%74\/uploads\/2013\/08\/voto.jpg\"><img loading=\"lazy\" decoding=\"async\" class=\"size-medium wp-image-2748 alignright\" alt=\"voto\" src=\"http:\/\/www.isletasnoticias.com.ar\/%77%70%2d%63%6f%6e%74%65%6e%74\/uploads\/2013\/08\/voto-300x180.jpg\" width=\"300\" height=\"180\" srcset=\"https:\/\/informelitoral.com.ar\/%77%70%2d%63%6f%6e%74%65%6e%74\/uploads\/2013\/08\/voto-300x180.jpg 300w, https:\/\/informelitoral.com.ar\/%77%70%2d%63%6f%6e%74%65%6e%74\/uploads\/2013\/08\/voto.jpg 492w\" sizes=\"auto, (max-width: 300px) 100vw, 300px\" \/><\/a>l resto del pa\u00eds, se llevar\u00e1n a cabo<b> <\/b>las Elecciones Primarias Abiertas Simult\u00e1neas y Obligatorias (PASO), donde se elegir\u00e1n legisladores nacionales. En Isletas los comicios se desarrollar\u00e1n como siempre, en la Escuela N\u00b0 14 \u201cHip\u00f3lito Vieytes\u201d, donde habr\u00e1 dos mesas mixtas, con un total de 501 personas habilitadas para sufragar; 10 m\u00e1s que en 2011.<\/p>\n<p>La <b>MESA 1093,<\/b> tiene un total de 350 votantes; desde <b>Abrego Cecilia Ignacia<\/b>, hasta <b>Plem Amilcar Mart\u00edn<\/b> y la <b>MESA 1094, <\/b>cuenta con s\u00f3lo 151 ciudadanos habilitados para votar, desde <b>Quindt Silvia Mar\u00eda<\/b>, hasta <b>Zapata Rita Julia<\/b>.<\/p>\n<p style=\"text-align: left;\">\u00a0 Estas elecciones no concentran tanto la atenci\u00f3n de los vecinos, debido a que no se eligen autoridades de Junta de Gobierno. No obstante, teniendo en cuenta las condiciones clim\u00e1ticas favorables que se prev\u00e9n para el domingo, es previsible que haya un alto porcentaje de concurrencia a las urnas, al igual que en las \u00faltimas elecciones presidenciales.<\/p>\n","protected":false},"excerpt":{"rendered":"<p>Este domingo 11 de agosto, hay 501 ciudadanos habilitados para votar con domicilio en Isletas, departamento Diamante. El lugar de votaci&oacute;n ser&aacute; la Escuela N&deg; 14 &ldquo;Hip&oacute;litoVieytes&rdquo;. Este domingo 11 de agosto, al igual que en el resto del pa&iacute;s, se llevar&aacute;n a cabo las Elecciones Primarias Abiertas Simult&aacute;neas y Obligatorias (PASO), donde se elegir&aacute;n [&hellip;]<\/p>\n","protected":false},"author":2,"featured_media":0,"comment_status":"open","ping_status":"open","sticky":false,"template":"","format":"standard","meta":{"fifu_image_url":"","fifu_image_alt":"","footnotes":""},"categories":[4,16],"tags":[],"class_list":{"0":"post-2746","1":"post","2":"type-post","3":"status-publish","4":"format-standard","6":"category-locales","7":"category-politi"},"yoast_head":"<title>Isletas: 501 ciudadanos est\u00e1n habilitados para votar en las primarias - Informe Litoral<\/title>\n<meta name=\"robots\" content=\"index, follow, max-snippet:-1, max-image-preview:large, max-video-preview:-1\" \/>\n<link rel=\"canonical\" href=\"https:\/\/informelitoral.com.ar\/isletas-501-ciudadanos-estan-habilitados-para-votar-en-las-primarias\/\" \/>\n<meta property=\"og:locale\" content=\"es_ES\" \/>\n<meta property=\"og:type\" content=\"article\" \/>\n<meta property=\"og:title\" content=\"Isletas: 501 ciudadanos est\u00e1n habilitados para votar en las primarias - Informe Litoral\" \/>\n<meta property=\"og:description\" content=\"Este domingo 11 de agosto, hay 501 ciudadanos habilitados para votar con domicilio en Isletas, departamento Diamante. El lugar de votaci&oacute;n ser&aacute; la Escuela N&deg; 14 &ldquo;Hip&oacute;litoVieytes&rdquo;. Este domingo 11 de agosto, al igual que en el resto del pa&iacute;s, se llevar&aacute;n a cabo las Elecciones Primarias Abiertas Simult&aacute;neas y Obligatorias (PASO), donde se elegir&aacute;n [&hellip;]\" \/>\n<meta property=\"og:url\" content=\"https:\/\/informelitoral.com.ar\/isletas-501-ciudadanos-estan-habilitados-para-votar-en-las-primarias\/\" \/>\n<meta property=\"og:site_name\" content=\"Informe Litoral\" \/>\n<meta property=\"article:publisher\" content=\"https:\/\/www.facebook.com\/informelitoral\/\" \/>\n<meta property=\"article:published_time\" content=\"2013-08-10T18:28:54+00:00\" \/>\n<meta property=\"article:modified_time\" content=\"2013-08-10T18:30:06+00:00\" \/>\n<meta property=\"og:image\" content=\"https:\/\/informelitoral.com.ar\/%77%70%2d%63%6f%6e%74%65%6e%74\/uploads\/2013\/08\/Imagen0241.jpg\" \/>\n\t<meta property=\"og:image:width\" content=\"1600\" \/>\n\t<meta property=\"og:image:height\" content=\"1200\" \/>\n\t<meta property=\"og:image:type\" content=\"image\/jpeg\" \/>\n<meta name=\"author\" content=\"Gonzalo Schmidt\" \/>\n<meta name=\"twitter:card\" content=\"summary_large_image\" \/>\n<meta name=\"twitter:creator\" content=\"@InformeLitoral\" \/>\n<meta name=\"twitter:site\" content=\"@InformeLitoral\" \/>\n<meta name=\"twitter:label1\" content=\"Escrito por\" \/>\n\t<meta name=\"twitter:data1\" content=\"Gonzalo Schmidt\" \/>\n\t<meta name=\"twitter:label2\" content=\"Tiempo de lectura\" \/>\n\t<meta name=\"twitter:data2\" content=\"1 minuto\" \/>\n<script type=\"application\/ld+json\" class=\"yoast-schema-graph\">{\"@context\":\"https:\\\/\\\/schema.org\",\"@graph\":[{\"@type\":\"Article\",\"@id\":\"https:\\\/\\\/informelitoral.com.ar\\\/isletas-501-ciudadanos-estan-habilitados-para-votar-en-las-primarias\\\/#article\",\"isPartOf\":{\"@id\":\"https:\\\/\\\/informelitoral.com.ar\\\/isletas-501-ciudadanos-estan-habilitados-para-votar-en-las-primarias\\\/\"},\"author\":{\"name\":\"Gonzalo Schmidt\",\"@id\":\"https:\\\/\\\/informelitoral.com.ar\\\/#\\\/schema\\\/person\\\/b9d00407c836482871ef1d57bf8e3180\"},\"headline\":\"Isletas: 501 ciudadanos est\u00e1n habilitados para votar en las primarias\",\"datePublished\":\"2013-08-10T18:28:54+00:00\",\"dateModified\":\"2013-08-10T18:30:06+00:00\",\"mainEntityOfPage\":{\"@id\":\"https:\\\/\\\/informelitoral.com.ar\\\/isletas-501-ciudadanos-estan-habilitados-para-votar-en-las-primarias\\\/\"},\"wordCount\":198,\"commentCount\":0,\"publisher\":{\"@id\":\"https:\\\/\\\/informelitoral.com.ar\\\/#organization\"},\"image\":{\"@id\":\"https:\\\/\\\/informelitoral.com.ar\\\/isletas-501-ciudadanos-estan-habilitados-para-votar-en-las-primarias\\\/#primaryimage\"},\"thumbnailUrl\":\"http:\\\/\\\/www.isletasnoticias.com.ar\\\/%77%70%2d%63%6f%6e%74%65%6e%74\\\/uploads\\\/2013\\\/08\\\/Imagen0241-300x225.jpg\",\"articleSection\":[\"Isletas\",\"Politica\"],\"inLanguage\":\"es\",\"potentialAction\":[{\"@type\":\"CommentAction\",\"name\":\"Comment\",\"target\":[\"https:\\\/\\\/informelitoral.com.ar\\\/isletas-501-ciudadanos-estan-habilitados-para-votar-en-las-primarias\\\/#respond\"]}]},{\"@type\":\"WebPage\",\"@id\":\"https:\\\/\\\/informelitoral.com.ar\\\/isletas-501-ciudadanos-estan-habilitados-para-votar-en-las-primarias\\\/\",\"url\":\"https:\\\/\\\/informelitoral.com.ar\\\/isletas-501-ciudadanos-estan-habilitados-para-votar-en-las-primarias\\\/\",\"name\":\"Isletas: 501 ciudadanos est\u00e1n habilitados para votar en las primarias - Informe Litoral\",\"isPartOf\":{\"@id\":\"https:\\\/\\\/informelitoral.com.ar\\\/#website\"},\"primaryImageOfPage\":{\"@id\":\"https:\\\/\\\/informelitoral.com.ar\\\/isletas-501-ciudadanos-estan-habilitados-para-votar-en-las-primarias\\\/#primaryimage\"},\"image\":{\"@id\":\"https:\\\/\\\/informelitoral.com.ar\\\/isletas-501-ciudadanos-estan-habilitados-para-votar-en-las-primarias\\\/#primaryimage\"},\"thumbnailUrl\":\"http:\\\/\\\/www.isletasnoticias.com.ar\\\/%77%70%2d%63%6f%6e%74%65%6e%74\\\/uploads\\\/2013\\\/08\\\/Imagen0241-300x225.jpg\",\"datePublished\":\"2013-08-10T18:28:54+00:00\",\"dateModified\":\"2013-08-10T18:30:06+00:00\",\"breadcrumb\":{\"@id\":\"https:\\\/\\\/informelitoral.com.ar\\\/isletas-501-ciudadanos-estan-habilitados-para-votar-en-las-primarias\\\/#breadcrumb\"},\"inLanguage\":\"es\",\"potentialAction\":[{\"@type\":\"ReadAction\",\"target\":[\"https:\\\/\\\/informelitoral.com.ar\\\/isletas-501-ciudadanos-estan-habilitados-para-votar-en-las-primarias\\\/\"]}]},{\"@type\":\"ImageObject\",\"inLanguage\":\"es\",\"@id\":\"https:\\\/\\\/informelitoral.com.ar\\\/isletas-501-ciudadanos-estan-habilitados-para-votar-en-las-primarias\\\/#primaryimage\",\"url\":\"http:\\\/\\\/www.isletasnoticias.com.ar\\\/%77%70%2d%63%6f%6e%74%65%6e%74\\\/uploads\\\/2013\\\/08\\\/Imagen0241-300x225.jpg\",\"contentUrl\":\"http:\\\/\\\/www.isletasnoticias.com.ar\\\/%77%70%2d%63%6f%6e%74%65%6e%74\\\/uploads\\\/2013\\\/08\\\/Imagen0241-300x225.jpg\"},{\"@type\":\"BreadcrumbList\",\"@id\":\"https:\\\/\\\/informelitoral.com.ar\\\/isletas-501-ciudadanos-estan-habilitados-para-votar-en-las-primarias\\\/#breadcrumb\",\"itemListElement\":[{\"@type\":\"ListItem\",\"position\":1,\"name\":\"Portada\",\"item\":\"https:\\\/\\\/informelitoral.com.ar\\\/\"},{\"@type\":\"ListItem\",\"position\":2,\"name\":\"Isletas: 501 ciudadanos est\u00e1n habilitados para votar en las primarias\"}]},{\"@type\":\"WebSite\",\"@id\":\"https:\\\/\\\/informelitoral.com.ar\\\/#website\",\"url\":\"https:\\\/\\\/informelitoral.com.ar\\\/\",\"name\":\"Informe Litoral\",\"description\":\"&quot;Nos informamos&quot; \",\"publisher\":{\"@id\":\"https:\\\/\\\/informelitoral.com.ar\\\/#organization\"},\"potentialAction\":[{\"@type\":\"SearchAction\",\"target\":{\"@type\":\"EntryPoint\",\"urlTemplate\":\"https:\\\/\\\/informelitoral.com.ar\\\/?s={search_term_string}\"},\"query-input\":{\"@type\":\"PropertyValueSpecification\",\"valueRequired\":true,\"valueName\":\"search_term_string\"}}],\"inLanguage\":\"es\"},{\"@type\":\"Organization\",\"@id\":\"https:\\\/\\\/informelitoral.com.ar\\\/#organization\",\"name\":\"Informe Litoral\",\"url\":\"https:\\\/\\\/informelitoral.com.ar\\\/\",\"logo\":{\"@type\":\"ImageObject\",\"inLanguage\":\"es\",\"@id\":\"https:\\\/\\\/informelitoral.com.ar\\\/#\\\/schema\\\/logo\\\/image\\\/\",\"url\":\"https:\\\/\\\/informelitoral.com.ar\\\/%77%70%2d%63%6f%6e%74%65%6e%74\\\/uploads\\\/2021\\\/01\\\/circulo.png\",\"contentUrl\":\"https:\\\/\\\/informelitoral.com.ar\\\/%77%70%2d%63%6f%6e%74%65%6e%74\\\/uploads\\\/2021\\\/01\\\/circulo.png\",\"width\":723,\"height\":731,\"caption\":\"Informe Litoral\"},\"image\":{\"@id\":\"https:\\\/\\\/informelitoral.com.ar\\\/#\\\/schema\\\/logo\\\/image\\\/\"},\"sameAs\":[\"https:\\\/\\\/www.facebook.com\\\/informelitoral\\\/\",\"https:\\\/\\\/x.com\\\/InformeLitoral\",\"https:\\\/\\\/www.instagram.com\\\/informelitoral\\\/\",\"https:\\\/\\\/www.youtube.com\\\/channel\\\/UCua4Qvz8Icb6MYqhoq9xLXw\"]},{\"@type\":\"Person\",\"@id\":\"https:\\\/\\\/informelitoral.com.ar\\\/#\\\/schema\\\/person\\\/b9d00407c836482871ef1d57bf8e3180\",\"name\":\"Gonzalo Schmidt\",\"image\":{\"@type\":\"ImageObject\",\"inLanguage\":\"es\",\"@id\":\"https:\\\/\\\/secure.gravatar.com\\\/avatar\\\/31a1a7b66ff2de83bd0e9fd79d026630d2d99e55e8bfe501287647b4fd9743de?s=96&d=mm&r=g\",\"url\":\"https:\\\/\\\/secure.gravatar.com\\\/avatar\\\/31a1a7b66ff2de83bd0e9fd79d026630d2d99e55e8bfe501287647b4fd9743de?s=96&d=mm&r=g\",\"contentUrl\":\"https:\\\/\\\/secure.gravatar.com\\\/avatar\\\/31a1a7b66ff2de83bd0e9fd79d026630d2d99e55e8bfe501287647b4fd9743de?s=96&d=mm&r=g\",\"caption\":\"Gonzalo Schmidt\"},\"description\":\"Sitio web de noticias de la provincia de Entre R\u00edos, Argentina. Informaci\u00f3n y entretenimiento. Informe Litoral, nos informamos.\",\"sameAs\":[\"http:\\\/\\\/www.isletasnoticias.com.ar\"],\"url\":\"https:\\\/\\\/informelitoral.com.ar\\\/author\\\/gonzalo\\\/\"}]}<\/script>","yoast_head_json":{"title":"Isletas: 501 ciudadanos est\u00e1n habilitados para votar en las primarias - Informe Litoral","robots":{"index":"index","follow":"follow","max-snippet":"max-snippet:-1","max-image-preview":"max-image-preview:large","max-video-preview":"max-video-preview:-1"},"canonical":"https:\/\/informelitoral.com.ar\/isletas-501-ciudadanos-estan-habilitados-para-votar-en-las-primarias\/","og_locale":"es_ES","og_type":"article","og_title":"Isletas: 501 ciudadanos est\u00e1n habilitados para votar en las primarias - Informe Litoral","og_description":"Este domingo 11 de agosto, hay 501 ciudadanos habilitados para votar con domicilio en Isletas, departamento Diamante. El lugar de votaci&oacute;n ser&aacute; la Escuela N&deg; 14 &ldquo;Hip&oacute;litoVieytes&rdquo;. Este domingo 11 de agosto, al igual que en el resto del pa&iacute;s, se llevar&aacute;n a cabo las Elecciones Primarias Abiertas Simult&aacute;neas y Obligatorias (PASO), donde se elegir&aacute;n [&hellip;]","og_url":"https:\/\/informelitoral.com.ar\/isletas-501-ciudadanos-estan-habilitados-para-votar-en-las-primarias\/","og_site_name":"Informe Litoral","article_publisher":"https:\/\/www.facebook.com\/informelitoral\/","article_published_time":"2013-08-10T18:28:54+00:00","article_modified_time":"2013-08-10T18:30:06+00:00","og_image":[{"width":1600,"height":1200,"url":"https:\/\/informelitoral.com.ar\/%77%70%2d%63%6f%6e%74%65%6e%74\/uploads\/2013\/08\/Imagen0241.jpg","type":"image\/jpeg"}],"author":"Gonzalo Schmidt","twitter_card":"summary_large_image","twitter_creator":"@InformeLitoral","twitter_site":"@InformeLitoral","twitter_misc":{"Escrito por":"Gonzalo Schmidt","Tiempo de lectura":"1 minuto"},"schema":{"@context":"https:\/\/schema.org","@graph":[{"@type":"Article","@id":"https:\/\/informelitoral.com.ar\/isletas-501-ciudadanos-estan-habilitados-para-votar-en-las-primarias\/#article","isPartOf":{"@id":"https:\/\/informelitoral.com.ar\/isletas-501-ciudadanos-estan-habilitados-para-votar-en-las-primarias\/"},"author":{"name":"Gonzalo Schmidt","@id":"https:\/\/informelitoral.com.ar\/#\/schema\/person\/b9d00407c836482871ef1d57bf8e3180"},"headline":"Isletas: 501 ciudadanos est\u00e1n habilitados para votar en las primarias","datePublished":"2013-08-10T18:28:54+00:00","dateModified":"2013-08-10T18:30:06+00:00","mainEntityOfPage":{"@id":"https:\/\/informelitoral.com.ar\/isletas-501-ciudadanos-estan-habilitados-para-votar-en-las-primarias\/"},"wordCount":198,"commentCount":0,"publisher":{"@id":"https:\/\/informelitoral.com.ar\/#organization"},"image":{"@id":"https:\/\/informelitoral.com.ar\/isletas-501-ciudadanos-estan-habilitados-para-votar-en-las-primarias\/#primaryimage"},"thumbnailUrl":"http:\/\/www.isletasnoticias.com.ar\/%77%70%2d%63%6f%6e%74%65%6e%74\/uploads\/2013\/08\/Imagen0241-300x225.jpg","articleSection":["Isletas","Politica"],"inLanguage":"es","potentialAction":[{"@type":"CommentAction","name":"Comment","target":["https:\/\/informelitoral.com.ar\/isletas-501-ciudadanos-estan-habilitados-para-votar-en-las-primarias\/#respond"]}]},{"@type":"WebPage","@id":"https:\/\/informelitoral.com.ar\/isletas-501-ciudadanos-estan-habilitados-para-votar-en-las-primarias\/","url":"https:\/\/informelitoral.com.ar\/isletas-501-ciudadanos-estan-habilitados-para-votar-en-las-primarias\/","name":"Isletas: 501 ciudadanos est\u00e1n habilitados para votar en las primarias - Informe Litoral","isPartOf":{"@id":"https:\/\/informelitoral.com.ar\/#website"},"primaryImageOfPage":{"@id":"https:\/\/informelitoral.com.ar\/isletas-501-ciudadanos-estan-habilitados-para-votar-en-las-primarias\/#primaryimage"},"image":{"@id":"https:\/\/informelitoral.com.ar\/isletas-501-ciudadanos-estan-habilitados-para-votar-en-las-primarias\/#primaryimage"},"thumbnailUrl":"http:\/\/www.isletasnoticias.com.ar\/%77%70%2d%63%6f%6e%74%65%6e%74\/uploads\/2013\/08\/Imagen0241-300x225.jpg","datePublished":"2013-08-10T18:28:54+00:00","dateModified":"2013-08-10T18:30:06+00:00","breadcrumb":{"@id":"https:\/\/informelitoral.com.ar\/isletas-501-ciudadanos-estan-habilitados-para-votar-en-las-primarias\/#breadcrumb"},"inLanguage":"es","potentialAction":[{"@type":"ReadAction","target":["https:\/\/informelitoral.com.ar\/isletas-501-ciudadanos-estan-habilitados-para-votar-en-las-primarias\/"]}]},{"@type":"ImageObject","inLanguage":"es","@id":"https:\/\/informelitoral.com.ar\/isletas-501-ciudadanos-estan-habilitados-para-votar-en-las-primarias\/#primaryimage","url":"http:\/\/www.isletasnoticias.com.ar\/%77%70%2d%63%6f%6e%74%65%6e%74\/uploads\/2013\/08\/Imagen0241-300x225.jpg","contentUrl":"http:\/\/www.isletasnoticias.com.ar\/%77%70%2d%63%6f%6e%74%65%6e%74\/uploads\/2013\/08\/Imagen0241-300x225.jpg"},{"@type":"BreadcrumbList","@id":"https:\/\/informelitoral.com.ar\/isletas-501-ciudadanos-estan-habilitados-para-votar-en-las-primarias\/#breadcrumb","itemListElement":[{"@type":"ListItem","position":1,"name":"Portada","item":"https:\/\/informelitoral.com.ar\/"},{"@type":"ListItem","position":2,"name":"Isletas: 501 ciudadanos est\u00e1n habilitados para votar en las primarias"}]},{"@type":"WebSite","@id":"https:\/\/informelitoral.com.ar\/#website","url":"https:\/\/informelitoral.com.ar\/","name":"Informe Litoral","description":"&quot;Nos informamos&quot; ","publisher":{"@id":"https:\/\/informelitoral.com.ar\/#organization"},"potentialAction":[{"@type":"SearchAction","target":{"@type":"EntryPoint","urlTemplate":"https:\/\/informelitoral.com.ar\/?s={search_term_string}"},"query-input":{"@type":"PropertyValueSpecification","valueRequired":true,"valueName":"search_term_string"}}],"inLanguage":"es"},{"@type":"Organization","@id":"https:\/\/informelitoral.com.ar\/#organization","name":"Informe Litoral","url":"https:\/\/informelitoral.com.ar\/","logo":{"@type":"ImageObject","inLanguage":"es","@id":"https:\/\/informelitoral.com.ar\/#\/schema\/logo\/image\/","url":"https:\/\/informelitoral.com.ar\/%77%70%2d%63%6f%6e%74%65%6e%74\/uploads\/2021\/01\/circulo.png","contentUrl":"https:\/\/informelitoral.com.ar\/%77%70%2d%63%6f%6e%74%65%6e%74\/uploads\/2021\/01\/circulo.png","width":723,"height":731,"caption":"Informe Litoral"},"image":{"@id":"https:\/\/informelitoral.com.ar\/#\/schema\/logo\/image\/"},"sameAs":["https:\/\/www.facebook.com\/informelitoral\/","https:\/\/x.com\/InformeLitoral","https:\/\/www.instagram.com\/informelitoral\/","https:\/\/www.youtube.com\/channel\/UCua4Qvz8Icb6MYqhoq9xLXw"]},{"@type":"Person","@id":"https:\/\/informelitoral.com.ar\/#\/schema\/person\/b9d00407c836482871ef1d57bf8e3180","name":"Gonzalo Schmidt","image":{"@type":"ImageObject","inLanguage":"es","@id":"https:\/\/secure.gravatar.com\/avatar\/31a1a7b66ff2de83bd0e9fd79d026630d2d99e55e8bfe501287647b4fd9743de?s=96&d=mm&r=g","url":"https:\/\/secure.gravatar.com\/avatar\/31a1a7b66ff2de83bd0e9fd79d026630d2d99e55e8bfe501287647b4fd9743de?s=96&d=mm&r=g","contentUrl":"https:\/\/secure.gravatar.com\/avatar\/31a1a7b66ff2de83bd0e9fd79d026630d2d99e55e8bfe501287647b4fd9743de?s=96&d=mm&r=g","caption":"Gonzalo Schmidt"},"description":"Sitio web de noticias de la provincia de Entre R\u00edos, Argentina. Informaci\u00f3n y entretenimiento. Informe Litoral, nos informamos.","sameAs":["http:\/\/www.isletasnoticias.com.ar"],"url":"https:\/\/informelitoral.com.ar\/author\/gonzalo\/"}]}},"_links":{"self":[{"href":"https:\/\/informelitoral.com.ar\/%77%70%2d%6a%73%6f%6e\/wp\/v2\/posts\/2746","targetHints":{"allow":["GET"]}}],"collection":[{"href":"https:\/\/informelitoral.com.ar\/%77%70%2d%6a%73%6f%6e\/wp\/v2\/posts"}],"about":[{"href":"https:\/\/informelitoral.com.ar\/%77%70%2d%6a%73%6f%6e\/wp\/v2\/types\/post"}],"author":[{"embeddable":true,"href":"https:\/\/informelitoral.com.ar\/%77%70%2d%6a%73%6f%6e\/wp\/v2\/users\/2"}],"replies":[{"embeddable":true,"href":"https:\/\/informelitoral.com.ar\/%77%70%2d%6a%73%6f%6e\/wp\/v2\/comments?post=2746"}],"version-history":[{"count":0,"href":"https:\/\/informelitoral.com.ar\/%77%70%2d%6a%73%6f%6e\/wp\/v2\/posts\/2746\/revisions"}],"wp:attachment":[{"href":"https:\/\/informelitoral.com.ar\/%77%70%2d%6a%73%6f%6e\/wp\/v2\/media?parent=2746"}],"wp:term":[{"taxonomy":"category","embeddable":true,"href":"https:\/\/informelitoral.com.ar\/%77%70%2d%6a%73%6f%6e\/wp\/v2\/categories?post=2746"},{"taxonomy":"post_tag","embeddable":true,"href":"https:\/\/informelitoral.com.ar\/%77%70%2d%6a%73%6f%6e\/wp\/v2\/tags?post=2746"}],"curies":[{"name":"wp","href":"https:\/\/api.w.org\/{rel}","templated":true}]}}