{"id":2723,"date":"2013-08-06T16:20:46","date_gmt":"2013-08-06T19:20:46","guid":{"rendered":"http:\/\/www.isletasnoticias.com.ar\/?p=2723"},"modified":"2013-08-06T16:43:20","modified_gmt":"2013-08-06T19:43:20","slug":"declaraciones-de-jovenes-radicales-en-programa-radial","status":"publish","type":"post","link":"https:\/\/informelitoral.com.ar\/declaraciones-de-jovenes-radicales-en-programa-radial\/","title":{"rendered":"Declaraciones de j\u00f3venes radicales en programa radial"},"content":{"rendered":"<p><b>La presidente de la Juventud Radical de la provincia, <i>Alejandra Barboza<\/i>; el presidente del Comit\u00e9 del departamento Federal \u00a0y delegado nacional, <i>Lucas Mart\u00ednez<\/i>; adem\u00e1s de <i>Lucas Eichmann<\/i> y <i>Facundo Sosa<\/i>, presidente y tesorero de la Juventud Radical de Isletas, estuvieron en el programa radial <i>Uno por Semana<\/i>, de FM Eco 100.3 de Ram\u00edrez. En la oportunidad hablaron de distintos temas, referentes a sus lugares de origen y la militancia pol\u00edtica.<\/b><\/p>\n<p style=\"text-align: center;\"><img loading=\"lazy\" decoding=\"async\" class=\"size-medium wp-image-2724 aligncenter\" title=\"Las juventudes radicales colaboraron en el almuerzo partidario de Ram\u00edrez.\" alt=\"jrrrr\" src=\"http:\/\/www.isletasnoticias.com.ar\/%77%70%2d%63%6f%6e%74%65%6e%74\/uploads\/2013\/08\/jrrrr-300x200.jpg\" width=\"300\" height=\"200\" srcset=\"https:\/\/informelitoral.com.ar\/%77%70%2d%63%6f%6e%74%65%6e%74\/uploads\/2013\/08\/jrrrr-300x200.jpg 300w, https:\/\/informelitoral.com.ar\/%77%70%2d%63%6f%6e%74%65%6e%74\/uploads\/2013\/08\/jrrrr.jpg 960w\" sizes=\"auto, (max-width: 300px) 100vw, 300px\" \/><\/p>\n<p><b>\u00a0 Alejandra Barboza, <\/b>es oriunda de Villa Elisa, hija de militantes. \u00a0Trabaja como cajera en el supermercado de su padre y empleada dom\u00e9stica. Tambi\u00e9n es profesora de danzas y \u201cme faltan tres materias para recibirme como T\u00e9cnica en Administraci\u00f3n de Empresas\u201d. Cont\u00f3 en <i>Uno por Semana.<\/i> \u201cNunca acept\u00e9 un cargo pol\u00edtico porque no me gusta\u00a0 que se elijan a dedo y tampoco me sirve por los horarios, porque prefiero recorrer la provincia como militante\u201d. Afirm\u00f3 la presidente de la JR.<\/p>\n<p>Por otro lado, los j\u00f3venes destacaron el a<a href=\"http:\/\/www.isletasnoticias.com.ar\/%77%70%2d%63%6f%6e%74%65%6e%74\/uploads\/2013\/08\/alejandra-barboza.jpg\"><img loading=\"lazy\" decoding=\"async\" class=\"size-medium wp-image-2725 alignright\" title=\"Alejandra Barboza, presidente de la JR.\" alt=\"alejandra barboza\" src=\"http:\/\/www.isletasnoticias.com.ar\/%77%70%2d%63%6f%6e%74%65%6e%74\/uploads\/2013\/08\/alejandra-barboza-167x300.jpg\" width=\"167\" height=\"300\" srcset=\"https:\/\/informelitoral.com.ar\/%77%70%2d%63%6f%6e%74%65%6e%74\/uploads\/2013\/08\/alejandra-barboza-167x300.jpg 167w, https:\/\/informelitoral.com.ar\/%77%70%2d%63%6f%6e%74%65%6e%74\/uploads\/2013\/08\/alejandra-barboza.jpg 240w\" sizes=\"auto, (max-width: 167px) 100vw, 167px\" \/><\/a>poyo de sus respectivas familias. Barboza afirm\u00f3 al respecto: \u201cEstamos sumamente agradecidos a ellos porque nos comprenden y apoyan en todo momento\u201d. Destac\u00f3 la villaelisense y reconoci\u00f3: \u201cLa mayor\u00eda somos chicos que no tenemos veh\u00edculo, entonces el tema del transporte se nos hace dif\u00edcil\u201d, al tiempo que aclar\u00f3 que\u00a0 \u201ceste grupo tampoco tiene sueldo para militar, ni nada parecido, por eso a veces nos vamos a dedo a los distintos lugares\u201d. Adem\u00e1s agradeci\u00f3 a los integrantes de otras Juventudes Radicales de la provincia y amigos \u201cque nos bancan en cada lugar de la provincia\u201d.<\/p>\n<p>Respecto a su cargo, determin\u00f3 \u00a0que cualquiera podr\u00eda ocupar su lugar. \u201cSoy la presidente pero trabajamos todos a la par y la idea es que crezcamos todos juntos. Creo que esa es la manera de incentivar a los chicos nuevos, uno no puede ser dirigente de arriba del caballo\u201d. Enfatiz\u00f3.<\/p>\n<p>A su turno, <b>Lucas Mart\u00ednez<\/b>, oriundo de Federal, sostuvo que actualmente vive en \u201cla ciudad de Santa Fe y estoy cursando la etapa final de la carrera de Administraci\u00f3n Bancaria y Comercio Exterior. Me sostienen mi vieja y mi hermano, que siempre nos recalcan la importancia del sacrificio\u201d. Remarc\u00f3 el joven, que tambi\u00e9n proviene de una familia militante.<\/p>\n<p>Mientras que <b>Lucas Eichmann<\/b>, de la JR de Isletas, cont\u00f3 que est\u00e1 estudiando en Victoria, la Tecnicatura Superior en Producci\u00f3n Bobina y en Producci\u00f3n Vegetal. \u00a0\u201cEs el \u00faltimo a\u00f1o y a partir de ah\u00ed vamos a tener m\u00e1s tiempo para dedicarnos a la pol\u00edtica, militar y acompa\u00f1ar a los chicos en las actividades\u201d. Se entusiasm\u00f3 Eichmann y adelant\u00f3:\u00a0\u201cVamos a continuar en este camino, porque la verdad nos sentimos muy a gusto y a la vez es reconfortante\u201d. En otro sentido, reconoci\u00f3 que por el momento no se ve como presidente de la Junta de Gobierno.\u201cA eso lo debe decidir el partido y hablar de candidatura ahora es muy prematuro. Uno tiene que formarse, adquirir experiencia y trabajar a la par de todos los chicos. En el 2015 se ver\u00e1 qui\u00e9n o quienes encarar\u00e1n la lista, porque no se trata de personalismos\u201d. Dijo el isletense.<\/p>\n<p>Respecto al pedido que realizaron a la Junta de Gobierno para que se declare a la localidad \u201cLibre de Fracking\u201d, -solicitud que a\u00fan no fue aprobada por los integrantes del ente gubernamental-, sostuvo: \u00a0\u201cNos parece muy importante que se declare esto en nuestra localidad y hemos recibido el apoyo de la JR de la provincia.\u00a0 Ahora estamos a la espera de lo que resuelva la Junta de Gobierno\u201d. Sostuvo.<\/p>\n<p>En tanto, <b>Facundo Sosa<\/b> el tesorero de la agrupaci\u00f3n local, coment\u00f3 que \u201cal igual que la mayor\u00eda de los chicos estoy cursando el \u00faltimo a\u00f1o en la Escuela Agrot\u00e9cnica de Isletas, ya que somos todos muy j\u00f3venes\u201d.<\/p>\n<p>Al ser consultados sobre si aspiran a alguna candidatura en el futuro, Barboza en coincidencia con Eichmann, aclar\u00f3: \u201cEs algo que en alg\u00fan momento va a surgir, luego de que se hable y discuta en el grupo pol\u00edtico. No es una decisi\u00f3n personal de ninguno el hecho de ocupar un cargo, debe haber consenso\u201d. Expres\u00f3 la militante, aunque reconoci\u00f3 que la idea es que para el 2015 algunos j\u00f3venes se vayan formando para ocupar alg\u00fan cargo en el Concejo Deliberante de sus respectivas localidades.<\/p>\n<p>Tambi\u00e9n hablaron del rol que ocupan en la campa\u00f1a electoral de cara a las PASO de este domingo: \u201cEs una campa\u00f1a de todos. Al no tener internas, vamos encolumnados detr\u00e1s de los candidatos que hay y estamos muy contentos porque nos tuvieron en cuenta\u201d. Resalt\u00f3 Barboza, al tiempo que asegur\u00f3: \u201cHoy somos la primera opci\u00f3n opositora. No hay nada para recriminar y todos nos encontramos trabajando con mucho optimismo\u201d.<\/p>\n<p>Finalmente dijo que \u201cno he tenido enfrentamiento con otras ideolog\u00edas. Es m\u00e1s, tengo amigos con los que hemos discutido, pero siempre en buenos t\u00e9rminos. Me parece que hablando uno se entiende.\u201d Culmin\u00f3 la joven en el programa radial conducido por <b>Gonzalo Schmidt<\/b>.<\/p>\n","protected":false},"excerpt":{"rendered":"<p>La presidente de la Juventud Radical de la provincia, Alejandra Barboza; el presidente del Comit&eacute; del departamento Federal &nbsp;y delegado nacional, Lucas Mart&iacute;nez; adem&aacute;s de Lucas Eichmann y Facundo Sosa, presidente y tesorero de la Juventud Radical de Isletas, estuvieron en el programa radial Uno por Semana, de FM Eco 100.3 de Ram&iacute;rez. En la [&hellip;]<\/p>\n","protected":false},"author":2,"featured_media":0,"comment_status":"open","ping_status":"open","sticky":false,"template":"","format":"standard","meta":{"fifu_image_url":"","fifu_image_alt":"","footnotes":""},"categories":[6,4,16],"tags":[],"class_list":{"0":"post-2723","1":"post","2":"type-post","3":"status-publish","4":"format-standard","6":"category-entre-rios","7":"category-locales","8":"category-politi"},"yoast_head":"<title>Declaraciones de j\u00f3venes radicales en programa radial  - Informe Litoral<\/title>\n<meta name=\"robots\" content=\"index, follow, max-snippet:-1, max-image-preview:large, max-video-preview:-1\" \/>\n<link rel=\"canonical\" href=\"https:\/\/informelitoral.com.ar\/declaraciones-de-jovenes-radicales-en-programa-radial\/\" \/>\n<meta property=\"og:locale\" content=\"es_ES\" \/>\n<meta property=\"og:type\" content=\"article\" \/>\n<meta property=\"og:title\" content=\"Declaraciones de j\u00f3venes radicales en programa radial  - Informe Litoral\" \/>\n<meta property=\"og:description\" content=\"La presidente de la Juventud Radical de la provincia, Alejandra Barboza; el presidente del Comit&eacute; del departamento Federal &nbsp;y delegado nacional, Lucas Mart&iacute;nez; adem&aacute;s de Lucas Eichmann y Facundo Sosa, presidente y tesorero de la Juventud Radical de Isletas, estuvieron en el programa radial Uno por Semana, de FM Eco 100.3 de Ram&iacute;rez. En la [&hellip;]\" \/>\n<meta property=\"og:url\" content=\"https:\/\/informelitoral.com.ar\/declaraciones-de-jovenes-radicales-en-programa-radial\/\" \/>\n<meta property=\"og:site_name\" content=\"Informe Litoral\" \/>\n<meta property=\"article:publisher\" content=\"https:\/\/www.facebook.com\/informelitoral\/\" \/>\n<meta property=\"article:published_time\" content=\"2013-08-06T19:20:46+00:00\" \/>\n<meta property=\"article:modified_time\" content=\"2013-08-06T19:43:20+00:00\" \/>\n<meta property=\"og:image\" content=\"https:\/\/informelitoral.com.ar\/%77%70%2d%63%6f%6e%74%65%6e%74\/uploads\/2013\/08\/jrrrr.jpg\" \/>\n\t<meta property=\"og:image:width\" content=\"960\" \/>\n\t<meta property=\"og:image:height\" content=\"640\" \/>\n\t<meta property=\"og:image:type\" content=\"image\/jpeg\" \/>\n<meta name=\"author\" content=\"Gonzalo Schmidt\" \/>\n<meta name=\"twitter:card\" content=\"summary_large_image\" \/>\n<meta name=\"twitter:creator\" content=\"@InformeLitoral\" \/>\n<meta name=\"twitter:site\" content=\"@InformeLitoral\" \/>\n<meta name=\"twitter:label1\" content=\"Escrito por\" \/>\n\t<meta name=\"twitter:data1\" content=\"Gonzalo Schmidt\" \/>\n\t<meta name=\"twitter:label2\" content=\"Tiempo de lectura\" \/>\n\t<meta name=\"twitter:data2\" content=\"4 minutos\" \/>\n<script type=\"application\/ld+json\" class=\"yoast-schema-graph\">{\"@context\":\"https:\\\/\\\/schema.org\",\"@graph\":[{\"@type\":\"Article\",\"@id\":\"https:\\\/\\\/informelitoral.com.ar\\\/declaraciones-de-jovenes-radicales-en-programa-radial\\\/#article\",\"isPartOf\":{\"@id\":\"https:\\\/\\\/informelitoral.com.ar\\\/declaraciones-de-jovenes-radicales-en-programa-radial\\\/\"},\"author\":{\"name\":\"Gonzalo Schmidt\",\"@id\":\"https:\\\/\\\/informelitoral.com.ar\\\/#\\\/schema\\\/person\\\/b9d00407c836482871ef1d57bf8e3180\"},\"headline\":\"Declaraciones de j\u00f3venes radicales en programa radial\",\"datePublished\":\"2013-08-06T19:20:46+00:00\",\"dateModified\":\"2013-08-06T19:43:20+00:00\",\"mainEntityOfPage\":{\"@id\":\"https:\\\/\\\/informelitoral.com.ar\\\/declaraciones-de-jovenes-radicales-en-programa-radial\\\/\"},\"wordCount\":856,\"commentCount\":0,\"publisher\":{\"@id\":\"https:\\\/\\\/informelitoral.com.ar\\\/#organization\"},\"image\":{\"@id\":\"https:\\\/\\\/informelitoral.com.ar\\\/declaraciones-de-jovenes-radicales-en-programa-radial\\\/#primaryimage\"},\"thumbnailUrl\":\"http:\\\/\\\/www.isletasnoticias.com.ar\\\/%77%70%2d%63%6f%6e%74%65%6e%74\\\/uploads\\\/2013\\\/08\\\/jrrrr-300x200.jpg\",\"articleSection\":[\"Entre R\u00edos\",\"Isletas\",\"Politica\"],\"inLanguage\":\"es\",\"potentialAction\":[{\"@type\":\"CommentAction\",\"name\":\"Comment\",\"target\":[\"https:\\\/\\\/informelitoral.com.ar\\\/declaraciones-de-jovenes-radicales-en-programa-radial\\\/#respond\"]}]},{\"@type\":\"WebPage\",\"@id\":\"https:\\\/\\\/informelitoral.com.ar\\\/declaraciones-de-jovenes-radicales-en-programa-radial\\\/\",\"url\":\"https:\\\/\\\/informelitoral.com.ar\\\/declaraciones-de-jovenes-radicales-en-programa-radial\\\/\",\"name\":\"Declaraciones de j\u00f3venes radicales en programa radial - Informe Litoral\",\"isPartOf\":{\"@id\":\"https:\\\/\\\/informelitoral.com.ar\\\/#website\"},\"primaryImageOfPage\":{\"@id\":\"https:\\\/\\\/informelitoral.com.ar\\\/declaraciones-de-jovenes-radicales-en-programa-radial\\\/#primaryimage\"},\"image\":{\"@id\":\"https:\\\/\\\/informelitoral.com.ar\\\/declaraciones-de-jovenes-radicales-en-programa-radial\\\/#primaryimage\"},\"thumbnailUrl\":\"http:\\\/\\\/www.isletasnoticias.com.ar\\\/%77%70%2d%63%6f%6e%74%65%6e%74\\\/uploads\\\/2013\\\/08\\\/jrrrr-300x200.jpg\",\"datePublished\":\"2013-08-06T19:20:46+00:00\",\"dateModified\":\"2013-08-06T19:43:20+00:00\",\"breadcrumb\":{\"@id\":\"https:\\\/\\\/informelitoral.com.ar\\\/declaraciones-de-jovenes-radicales-en-programa-radial\\\/#breadcrumb\"},\"inLanguage\":\"es\",\"potentialAction\":[{\"@type\":\"ReadAction\",\"target\":[\"https:\\\/\\\/informelitoral.com.ar\\\/declaraciones-de-jovenes-radicales-en-programa-radial\\\/\"]}]},{\"@type\":\"ImageObject\",\"inLanguage\":\"es\",\"@id\":\"https:\\\/\\\/informelitoral.com.ar\\\/declaraciones-de-jovenes-radicales-en-programa-radial\\\/#primaryimage\",\"url\":\"http:\\\/\\\/www.isletasnoticias.com.ar\\\/%77%70%2d%63%6f%6e%74%65%6e%74\\\/uploads\\\/2013\\\/08\\\/jrrrr-300x200.jpg\",\"contentUrl\":\"http:\\\/\\\/www.isletasnoticias.com.ar\\\/%77%70%2d%63%6f%6e%74%65%6e%74\\\/uploads\\\/2013\\\/08\\\/jrrrr-300x200.jpg\"},{\"@type\":\"BreadcrumbList\",\"@id\":\"https:\\\/\\\/informelitoral.com.ar\\\/declaraciones-de-jovenes-radicales-en-programa-radial\\\/#breadcrumb\",\"itemListElement\":[{\"@type\":\"ListItem\",\"position\":1,\"name\":\"Portada\",\"item\":\"https:\\\/\\\/informelitoral.com.ar\\\/\"},{\"@type\":\"ListItem\",\"position\":2,\"name\":\"Declaraciones de j\u00f3venes radicales en programa radial\"}]},{\"@type\":\"WebSite\",\"@id\":\"https:\\\/\\\/informelitoral.com.ar\\\/#website\",\"url\":\"https:\\\/\\\/informelitoral.com.ar\\\/\",\"name\":\"Informe Litoral\",\"description\":\"&quot;Nos informamos&quot; \",\"publisher\":{\"@id\":\"https:\\\/\\\/informelitoral.com.ar\\\/#organization\"},\"potentialAction\":[{\"@type\":\"SearchAction\",\"target\":{\"@type\":\"EntryPoint\",\"urlTemplate\":\"https:\\\/\\\/informelitoral.com.ar\\\/?s={search_term_string}\"},\"query-input\":{\"@type\":\"PropertyValueSpecification\",\"valueRequired\":true,\"valueName\":\"search_term_string\"}}],\"inLanguage\":\"es\"},{\"@type\":\"Organization\",\"@id\":\"https:\\\/\\\/informelitoral.com.ar\\\/#organization\",\"name\":\"Informe Litoral\",\"url\":\"https:\\\/\\\/informelitoral.com.ar\\\/\",\"logo\":{\"@type\":\"ImageObject\",\"inLanguage\":\"es\",\"@id\":\"https:\\\/\\\/informelitoral.com.ar\\\/#\\\/schema\\\/logo\\\/image\\\/\",\"url\":\"https:\\\/\\\/informelitoral.com.ar\\\/%77%70%2d%63%6f%6e%74%65%6e%74\\\/uploads\\\/2021\\\/01\\\/circulo.png\",\"contentUrl\":\"https:\\\/\\\/informelitoral.com.ar\\\/%77%70%2d%63%6f%6e%74%65%6e%74\\\/uploads\\\/2021\\\/01\\\/circulo.png\",\"width\":723,\"height\":731,\"caption\":\"Informe Litoral\"},\"image\":{\"@id\":\"https:\\\/\\\/informelitoral.com.ar\\\/#\\\/schema\\\/logo\\\/image\\\/\"},\"sameAs\":[\"https:\\\/\\\/www.facebook.com\\\/informelitoral\\\/\",\"https:\\\/\\\/x.com\\\/InformeLitoral\",\"https:\\\/\\\/www.instagram.com\\\/informelitoral\\\/\",\"https:\\\/\\\/www.youtube.com\\\/channel\\\/UCua4Qvz8Icb6MYqhoq9xLXw\"]},{\"@type\":\"Person\",\"@id\":\"https:\\\/\\\/informelitoral.com.ar\\\/#\\\/schema\\\/person\\\/b9d00407c836482871ef1d57bf8e3180\",\"name\":\"Gonzalo Schmidt\",\"image\":{\"@type\":\"ImageObject\",\"inLanguage\":\"es\",\"@id\":\"https:\\\/\\\/secure.gravatar.com\\\/avatar\\\/31a1a7b66ff2de83bd0e9fd79d026630d2d99e55e8bfe501287647b4fd9743de?s=96&d=mm&r=g\",\"url\":\"https:\\\/\\\/secure.gravatar.com\\\/avatar\\\/31a1a7b66ff2de83bd0e9fd79d026630d2d99e55e8bfe501287647b4fd9743de?s=96&d=mm&r=g\",\"contentUrl\":\"https:\\\/\\\/secure.gravatar.com\\\/avatar\\\/31a1a7b66ff2de83bd0e9fd79d026630d2d99e55e8bfe501287647b4fd9743de?s=96&d=mm&r=g\",\"caption\":\"Gonzalo Schmidt\"},\"description\":\"Sitio web de noticias de la provincia de Entre R\u00edos, Argentina. Informaci\u00f3n y entretenimiento. Informe Litoral, nos informamos.\",\"sameAs\":[\"http:\\\/\\\/www.isletasnoticias.com.ar\"],\"url\":\"https:\\\/\\\/informelitoral.com.ar\\\/author\\\/gonzalo\\\/\"}]}<\/script>","yoast_head_json":{"title":"Declaraciones de j\u00f3venes radicales en programa radial  - Informe Litoral","robots":{"index":"index","follow":"follow","max-snippet":"max-snippet:-1","max-image-preview":"max-image-preview:large","max-video-preview":"max-video-preview:-1"},"canonical":"https:\/\/informelitoral.com.ar\/declaraciones-de-jovenes-radicales-en-programa-radial\/","og_locale":"es_ES","og_type":"article","og_title":"Declaraciones de j\u00f3venes radicales en programa radial  - Informe Litoral","og_description":"La presidente de la Juventud Radical de la provincia, Alejandra Barboza; el presidente del Comit&eacute; del departamento Federal &nbsp;y delegado nacional, Lucas Mart&iacute;nez; adem&aacute;s de Lucas Eichmann y Facundo Sosa, presidente y tesorero de la Juventud Radical de Isletas, estuvieron en el programa radial Uno por Semana, de FM Eco 100.3 de Ram&iacute;rez. En la [&hellip;]","og_url":"https:\/\/informelitoral.com.ar\/declaraciones-de-jovenes-radicales-en-programa-radial\/","og_site_name":"Informe Litoral","article_publisher":"https:\/\/www.facebook.com\/informelitoral\/","article_published_time":"2013-08-06T19:20:46+00:00","article_modified_time":"2013-08-06T19:43:20+00:00","og_image":[{"width":960,"height":640,"url":"https:\/\/informelitoral.com.ar\/%77%70%2d%63%6f%6e%74%65%6e%74\/uploads\/2013\/08\/jrrrr.jpg","type":"image\/jpeg"}],"author":"Gonzalo Schmidt","twitter_card":"summary_large_image","twitter_creator":"@InformeLitoral","twitter_site":"@InformeLitoral","twitter_misc":{"Escrito por":"Gonzalo Schmidt","Tiempo de lectura":"4 minutos"},"schema":{"@context":"https:\/\/schema.org","@graph":[{"@type":"Article","@id":"https:\/\/informelitoral.com.ar\/declaraciones-de-jovenes-radicales-en-programa-radial\/#article","isPartOf":{"@id":"https:\/\/informelitoral.com.ar\/declaraciones-de-jovenes-radicales-en-programa-radial\/"},"author":{"name":"Gonzalo Schmidt","@id":"https:\/\/informelitoral.com.ar\/#\/schema\/person\/b9d00407c836482871ef1d57bf8e3180"},"headline":"Declaraciones de j\u00f3venes radicales en programa radial","datePublished":"2013-08-06T19:20:46+00:00","dateModified":"2013-08-06T19:43:20+00:00","mainEntityOfPage":{"@id":"https:\/\/informelitoral.com.ar\/declaraciones-de-jovenes-radicales-en-programa-radial\/"},"wordCount":856,"commentCount":0,"publisher":{"@id":"https:\/\/informelitoral.com.ar\/#organization"},"image":{"@id":"https:\/\/informelitoral.com.ar\/declaraciones-de-jovenes-radicales-en-programa-radial\/#primaryimage"},"thumbnailUrl":"http:\/\/www.isletasnoticias.com.ar\/%77%70%2d%63%6f%6e%74%65%6e%74\/uploads\/2013\/08\/jrrrr-300x200.jpg","articleSection":["Entre R\u00edos","Isletas","Politica"],"inLanguage":"es","potentialAction":[{"@type":"CommentAction","name":"Comment","target":["https:\/\/informelitoral.com.ar\/declaraciones-de-jovenes-radicales-en-programa-radial\/#respond"]}]},{"@type":"WebPage","@id":"https:\/\/informelitoral.com.ar\/declaraciones-de-jovenes-radicales-en-programa-radial\/","url":"https:\/\/informelitoral.com.ar\/declaraciones-de-jovenes-radicales-en-programa-radial\/","name":"Declaraciones de j\u00f3venes radicales en programa radial - Informe Litoral","isPartOf":{"@id":"https:\/\/informelitoral.com.ar\/#website"},"primaryImageOfPage":{"@id":"https:\/\/informelitoral.com.ar\/declaraciones-de-jovenes-radicales-en-programa-radial\/#primaryimage"},"image":{"@id":"https:\/\/informelitoral.com.ar\/declaraciones-de-jovenes-radicales-en-programa-radial\/#primaryimage"},"thumbnailUrl":"http:\/\/www.isletasnoticias.com.ar\/%77%70%2d%63%6f%6e%74%65%6e%74\/uploads\/2013\/08\/jrrrr-300x200.jpg","datePublished":"2013-08-06T19:20:46+00:00","dateModified":"2013-08-06T19:43:20+00:00","breadcrumb":{"@id":"https:\/\/informelitoral.com.ar\/declaraciones-de-jovenes-radicales-en-programa-radial\/#breadcrumb"},"inLanguage":"es","potentialAction":[{"@type":"ReadAction","target":["https:\/\/informelitoral.com.ar\/declaraciones-de-jovenes-radicales-en-programa-radial\/"]}]},{"@type":"ImageObject","inLanguage":"es","@id":"https:\/\/informelitoral.com.ar\/declaraciones-de-jovenes-radicales-en-programa-radial\/#primaryimage","url":"http:\/\/www.isletasnoticias.com.ar\/%77%70%2d%63%6f%6e%74%65%6e%74\/uploads\/2013\/08\/jrrrr-300x200.jpg","contentUrl":"http:\/\/www.isletasnoticias.com.ar\/%77%70%2d%63%6f%6e%74%65%6e%74\/uploads\/2013\/08\/jrrrr-300x200.jpg"},{"@type":"BreadcrumbList","@id":"https:\/\/informelitoral.com.ar\/declaraciones-de-jovenes-radicales-en-programa-radial\/#breadcrumb","itemListElement":[{"@type":"ListItem","position":1,"name":"Portada","item":"https:\/\/informelitoral.com.ar\/"},{"@type":"ListItem","position":2,"name":"Declaraciones de j\u00f3venes radicales en programa radial"}]},{"@type":"WebSite","@id":"https:\/\/informelitoral.com.ar\/#website","url":"https:\/\/informelitoral.com.ar\/","name":"Informe Litoral","description":"&quot;Nos informamos&quot; ","publisher":{"@id":"https:\/\/informelitoral.com.ar\/#organization"},"potentialAction":[{"@type":"SearchAction","target":{"@type":"EntryPoint","urlTemplate":"https:\/\/informelitoral.com.ar\/?s={search_term_string}"},"query-input":{"@type":"PropertyValueSpecification","valueRequired":true,"valueName":"search_term_string"}}],"inLanguage":"es"},{"@type":"Organization","@id":"https:\/\/informelitoral.com.ar\/#organization","name":"Informe Litoral","url":"https:\/\/informelitoral.com.ar\/","logo":{"@type":"ImageObject","inLanguage":"es","@id":"https:\/\/informelitoral.com.ar\/#\/schema\/logo\/image\/","url":"https:\/\/informelitoral.com.ar\/%77%70%2d%63%6f%6e%74%65%6e%74\/uploads\/2021\/01\/circulo.png","contentUrl":"https:\/\/informelitoral.com.ar\/%77%70%2d%63%6f%6e%74%65%6e%74\/uploads\/2021\/01\/circulo.png","width":723,"height":731,"caption":"Informe Litoral"},"image":{"@id":"https:\/\/informelitoral.com.ar\/#\/schema\/logo\/image\/"},"sameAs":["https:\/\/www.facebook.com\/informelitoral\/","https:\/\/x.com\/InformeLitoral","https:\/\/www.instagram.com\/informelitoral\/","https:\/\/www.youtube.com\/channel\/UCua4Qvz8Icb6MYqhoq9xLXw"]},{"@type":"Person","@id":"https:\/\/informelitoral.com.ar\/#\/schema\/person\/b9d00407c836482871ef1d57bf8e3180","name":"Gonzalo Schmidt","image":{"@type":"ImageObject","inLanguage":"es","@id":"https:\/\/secure.gravatar.com\/avatar\/31a1a7b66ff2de83bd0e9fd79d026630d2d99e55e8bfe501287647b4fd9743de?s=96&d=mm&r=g","url":"https:\/\/secure.gravatar.com\/avatar\/31a1a7b66ff2de83bd0e9fd79d026630d2d99e55e8bfe501287647b4fd9743de?s=96&d=mm&r=g","contentUrl":"https:\/\/secure.gravatar.com\/avatar\/31a1a7b66ff2de83bd0e9fd79d026630d2d99e55e8bfe501287647b4fd9743de?s=96&d=mm&r=g","caption":"Gonzalo Schmidt"},"description":"Sitio web de noticias de la provincia de Entre R\u00edos, Argentina. Informaci\u00f3n y entretenimiento. Informe Litoral, nos informamos.","sameAs":["http:\/\/www.isletasnoticias.com.ar"],"url":"https:\/\/informelitoral.com.ar\/author\/gonzalo\/"}]}},"_links":{"self":[{"href":"https:\/\/informelitoral.com.ar\/%77%70%2d%6a%73%6f%6e\/wp\/v2\/posts\/2723","targetHints":{"allow":["GET"]}}],"collection":[{"href":"https:\/\/informelitoral.com.ar\/%77%70%2d%6a%73%6f%6e\/wp\/v2\/posts"}],"about":[{"href":"https:\/\/informelitoral.com.ar\/%77%70%2d%6a%73%6f%6e\/wp\/v2\/types\/post"}],"author":[{"embeddable":true,"href":"https:\/\/informelitoral.com.ar\/%77%70%2d%6a%73%6f%6e\/wp\/v2\/users\/2"}],"replies":[{"embeddable":true,"href":"https:\/\/informelitoral.com.ar\/%77%70%2d%6a%73%6f%6e\/wp\/v2\/comments?post=2723"}],"version-history":[{"count":0,"href":"https:\/\/informelitoral.com.ar\/%77%70%2d%6a%73%6f%6e\/wp\/v2\/posts\/2723\/revisions"}],"wp:attachment":[{"href":"https:\/\/informelitoral.com.ar\/%77%70%2d%6a%73%6f%6e\/wp\/v2\/media?parent=2723"}],"wp:term":[{"taxonomy":"category","embeddable":true,"href":"https:\/\/informelitoral.com.ar\/%77%70%2d%6a%73%6f%6e\/wp\/v2\/categories?post=2723"},{"taxonomy":"post_tag","embeddable":true,"href":"https:\/\/informelitoral.com.ar\/%77%70%2d%6a%73%6f%6e\/wp\/v2\/tags?post=2723"}],"curies":[{"name":"wp","href":"https:\/\/api.w.org\/{rel}","templated":true}]}}