{"id":2717,"date":"2013-08-06T11:52:10","date_gmt":"2013-08-06T14:52:10","guid":{"rendered":"http:\/\/www.isletasnoticias.com.ar\/?p=2717"},"modified":"2013-08-06T11:54:59","modified_gmt":"2013-08-06T14:54:59","slug":"paso-precandidatos-debatiran-en-la-facultad-de-ciencias-de-la-educacion-de-parana","status":"publish","type":"post","link":"https:\/\/informelitoral.com.ar\/paso-precandidatos-debatiran-en-la-facultad-de-ciencias-de-la-educacion-de-parana\/","title":{"rendered":"PASO: Precandidatos debatir\u00e1n en la Facultad de Ciencias de la Educaci\u00f3n de Paran\u00e1"},"content":{"rendered":"<p><strong>La actividad se realizar\u00e1 este martes a las 19: 00, en el Auditorio de la Facultad de Ciencias de la Educaci\u00f3n de la Universidad Nacional de Entre R\u00edos (UNER), y se espera que asistan representantes de todas las fuerz<strong>as, se indic\u00f3 des<strong><strong>de la casa de altos estudios.<\/strong><\/strong><\/strong><\/strong><\/p>\n<p><img loading=\"lazy\" decoding=\"async\" class=\"size-medium wp-image-2721 alignright\" alt=\"FCE UNER\" src=\"http:\/\/www.isletasnoticias.com.ar\/%77%70%2d%63%6f%6e%74%65%6e%74\/uploads\/2013\/08\/FCE-UNER1-225x300.jpg\" width=\"225\" height=\"300\" srcset=\"https:\/\/informelitoral.com.ar\/%77%70%2d%63%6f%6e%74%65%6e%74\/uploads\/2013\/08\/FCE-UNER1-225x300.jpg 225w, https:\/\/informelitoral.com.ar\/%77%70%2d%63%6f%6e%74%65%6e%74\/uploads\/2013\/08\/FCE-UNER1-768x1024.jpg 768w, https:\/\/informelitoral.com.ar\/%77%70%2d%63%6f%6e%74%65%6e%74\/uploads\/2013\/08\/FCE-UNER1.jpg 1200w\" sizes=\"auto, (max-width: 225px) 100vw, 225px\" \/><\/p>\n<p>Cada disertante tendr\u00e1 diez minutos, dentro de los cuales podr\u00e1 desarrollar libremente lo que su plataforma propone, sin restricci\u00f3n de tema. Luego de que finalice la ronda de oradores, los asistentes podr\u00e1n realizar las preguntas que consideren pertinentes.<\/p>\n<p>La posibilidad de efectuar este encuentro se origin\u00f3 en la \u00faltima reuni\u00f3n de Comisi\u00f3n Directiva del Centro de Estudiantes de la Facultad, gracias a una propuesta realizada desde la Secretar\u00eda de Prensa, coordinada por la Agrupaci\u00f3n Reformista Estudiantil (ARE), y cont\u00f3 con el apoyo del resto de las fuerzas estudiantiles.<\/p>\n","protected":false},"excerpt":{"rendered":"<p>La actividad se realizar&aacute; este martes a las 19: 00, en el Auditorio de la Facultad de Ciencias de la Educaci&oacute;n de la Universidad Nacional de Entre R&iacute;os (UNER), y se espera que asistan representantes de todas las fuerzas, se indic&oacute; desde la casa de altos estudios. Cada disertante tendr&aacute; diez minutos, dentro de los [&hellip;]<\/p>\n","protected":false},"author":2,"featured_media":0,"comment_status":"open","ping_status":"open","sticky":false,"template":"","format":"standard","meta":{"fifu_image_url":"","fifu_image_alt":"","footnotes":""},"categories":[6,16],"tags":[],"class_list":{"0":"post-2717","1":"post","2":"type-post","3":"status-publish","4":"format-standard","6":"category-entre-rios","7":"category-politi"},"yoast_head":"<title>PASO: Precandidatos debatir\u00e1n en la Facultad de Ciencias de la Educaci\u00f3n de Paran\u00e1  - Informe Litoral<\/title>\n<meta name=\"robots\" content=\"index, follow, max-snippet:-1, max-image-preview:large, max-video-preview:-1\" \/>\n<link rel=\"canonical\" href=\"https:\/\/informelitoral.com.ar\/paso-precandidatos-debatiran-en-la-facultad-de-ciencias-de-la-educacion-de-parana\/\" \/>\n<meta property=\"og:locale\" content=\"es_ES\" \/>\n<meta property=\"og:type\" content=\"article\" \/>\n<meta property=\"og:title\" content=\"PASO: Precandidatos debatir\u00e1n en la Facultad de Ciencias de la Educaci\u00f3n de Paran\u00e1  - Informe Litoral\" \/>\n<meta property=\"og:description\" content=\"La actividad se realizar&aacute; este martes a las 19: 00, en el Auditorio de la Facultad de Ciencias de la Educaci&oacute;n de la Universidad Nacional de Entre R&iacute;os (UNER), y se espera que asistan representantes de todas las fuerzas, se indic&oacute; desde la casa de altos estudios. Cada disertante tendr&aacute; diez minutos, dentro de los [&hellip;]\" \/>\n<meta property=\"og:url\" content=\"https:\/\/informelitoral.com.ar\/paso-precandidatos-debatiran-en-la-facultad-de-ciencias-de-la-educacion-de-parana\/\" \/>\n<meta property=\"og:site_name\" content=\"Informe Litoral\" \/>\n<meta property=\"article:publisher\" content=\"https:\/\/www.facebook.com\/informelitoral\/\" \/>\n<meta property=\"article:published_time\" content=\"2013-08-06T14:52:10+00:00\" \/>\n<meta property=\"article:modified_time\" content=\"2013-08-06T14:54:59+00:00\" \/>\n<meta property=\"og:image\" content=\"https:\/\/informelitoral.com.ar\/%77%70%2d%63%6f%6e%74%65%6e%74\/uploads\/2013\/08\/FCE-UNER1.jpg\" \/>\n\t<meta property=\"og:image:width\" content=\"1200\" \/>\n\t<meta property=\"og:image:height\" content=\"1600\" \/>\n\t<meta property=\"og:image:type\" content=\"image\/jpeg\" \/>\n<meta name=\"author\" content=\"Gonzalo Schmidt\" \/>\n<meta name=\"twitter:card\" content=\"summary_large_image\" \/>\n<meta name=\"twitter:creator\" content=\"@InformeLitoral\" \/>\n<meta name=\"twitter:site\" content=\"@InformeLitoral\" \/>\n<meta name=\"twitter:label1\" content=\"Escrito por\" \/>\n\t<meta name=\"twitter:data1\" content=\"Gonzalo Schmidt\" \/>\n\t<meta name=\"twitter:label2\" content=\"Tiempo de lectura\" \/>\n\t<meta name=\"twitter:data2\" content=\"1 minuto\" \/>\n<script type=\"application\/ld+json\" class=\"yoast-schema-graph\">{\"@context\":\"https:\\\/\\\/schema.org\",\"@graph\":[{\"@type\":\"Article\",\"@id\":\"https:\\\/\\\/informelitoral.com.ar\\\/paso-precandidatos-debatiran-en-la-facultad-de-ciencias-de-la-educacion-de-parana\\\/#article\",\"isPartOf\":{\"@id\":\"https:\\\/\\\/informelitoral.com.ar\\\/paso-precandidatos-debatiran-en-la-facultad-de-ciencias-de-la-educacion-de-parana\\\/\"},\"author\":{\"name\":\"Gonzalo Schmidt\",\"@id\":\"https:\\\/\\\/informelitoral.com.ar\\\/#\\\/schema\\\/person\\\/b9d00407c836482871ef1d57bf8e3180\"},\"headline\":\"PASO: Precandidatos debatir\u00e1n en la Facultad de Ciencias de la Educaci\u00f3n de Paran\u00e1\",\"datePublished\":\"2013-08-06T14:52:10+00:00\",\"dateModified\":\"2013-08-06T14:54:59+00:00\",\"mainEntityOfPage\":{\"@id\":\"https:\\\/\\\/informelitoral.com.ar\\\/paso-precandidatos-debatiran-en-la-facultad-de-ciencias-de-la-educacion-de-parana\\\/\"},\"wordCount\":157,\"commentCount\":0,\"publisher\":{\"@id\":\"https:\\\/\\\/informelitoral.com.ar\\\/#organization\"},\"image\":{\"@id\":\"https:\\\/\\\/informelitoral.com.ar\\\/paso-precandidatos-debatiran-en-la-facultad-de-ciencias-de-la-educacion-de-parana\\\/#primaryimage\"},\"thumbnailUrl\":\"http:\\\/\\\/www.isletasnoticias.com.ar\\\/%77%70%2d%63%6f%6e%74%65%6e%74\\\/uploads\\\/2013\\\/08\\\/FCE-UNER1-225x300.jpg\",\"articleSection\":[\"Entre R\u00edos\",\"Politica\"],\"inLanguage\":\"es\",\"potentialAction\":[{\"@type\":\"CommentAction\",\"name\":\"Comment\",\"target\":[\"https:\\\/\\\/informelitoral.com.ar\\\/paso-precandidatos-debatiran-en-la-facultad-de-ciencias-de-la-educacion-de-parana\\\/#respond\"]}]},{\"@type\":\"WebPage\",\"@id\":\"https:\\\/\\\/informelitoral.com.ar\\\/paso-precandidatos-debatiran-en-la-facultad-de-ciencias-de-la-educacion-de-parana\\\/\",\"url\":\"https:\\\/\\\/informelitoral.com.ar\\\/paso-precandidatos-debatiran-en-la-facultad-de-ciencias-de-la-educacion-de-parana\\\/\",\"name\":\"PASO: Precandidatos debatir\u00e1n en la Facultad de Ciencias de la Educaci\u00f3n de Paran\u00e1 - Informe Litoral\",\"isPartOf\":{\"@id\":\"https:\\\/\\\/informelitoral.com.ar\\\/#website\"},\"primaryImageOfPage\":{\"@id\":\"https:\\\/\\\/informelitoral.com.ar\\\/paso-precandidatos-debatiran-en-la-facultad-de-ciencias-de-la-educacion-de-parana\\\/#primaryimage\"},\"image\":{\"@id\":\"https:\\\/\\\/informelitoral.com.ar\\\/paso-precandidatos-debatiran-en-la-facultad-de-ciencias-de-la-educacion-de-parana\\\/#primaryimage\"},\"thumbnailUrl\":\"http:\\\/\\\/www.isletasnoticias.com.ar\\\/%77%70%2d%63%6f%6e%74%65%6e%74\\\/uploads\\\/2013\\\/08\\\/FCE-UNER1-225x300.jpg\",\"datePublished\":\"2013-08-06T14:52:10+00:00\",\"dateModified\":\"2013-08-06T14:54:59+00:00\",\"breadcrumb\":{\"@id\":\"https:\\\/\\\/informelitoral.com.ar\\\/paso-precandidatos-debatiran-en-la-facultad-de-ciencias-de-la-educacion-de-parana\\\/#breadcrumb\"},\"inLanguage\":\"es\",\"potentialAction\":[{\"@type\":\"ReadAction\",\"target\":[\"https:\\\/\\\/informelitoral.com.ar\\\/paso-precandidatos-debatiran-en-la-facultad-de-ciencias-de-la-educacion-de-parana\\\/\"]}]},{\"@type\":\"ImageObject\",\"inLanguage\":\"es\",\"@id\":\"https:\\\/\\\/informelitoral.com.ar\\\/paso-precandidatos-debatiran-en-la-facultad-de-ciencias-de-la-educacion-de-parana\\\/#primaryimage\",\"url\":\"http:\\\/\\\/www.isletasnoticias.com.ar\\\/%77%70%2d%63%6f%6e%74%65%6e%74\\\/uploads\\\/2013\\\/08\\\/FCE-UNER1-225x300.jpg\",\"contentUrl\":\"http:\\\/\\\/www.isletasnoticias.com.ar\\\/%77%70%2d%63%6f%6e%74%65%6e%74\\\/uploads\\\/2013\\\/08\\\/FCE-UNER1-225x300.jpg\"},{\"@type\":\"BreadcrumbList\",\"@id\":\"https:\\\/\\\/informelitoral.com.ar\\\/paso-precandidatos-debatiran-en-la-facultad-de-ciencias-de-la-educacion-de-parana\\\/#breadcrumb\",\"itemListElement\":[{\"@type\":\"ListItem\",\"position\":1,\"name\":\"Portada\",\"item\":\"https:\\\/\\\/informelitoral.com.ar\\\/\"},{\"@type\":\"ListItem\",\"position\":2,\"name\":\"PASO: Precandidatos debatir\u00e1n en la Facultad de Ciencias de la Educaci\u00f3n de Paran\u00e1\"}]},{\"@type\":\"WebSite\",\"@id\":\"https:\\\/\\\/informelitoral.com.ar\\\/#website\",\"url\":\"https:\\\/\\\/informelitoral.com.ar\\\/\",\"name\":\"Informe Litoral\",\"description\":\"&quot;Nos informamos&quot; \",\"publisher\":{\"@id\":\"https:\\\/\\\/informelitoral.com.ar\\\/#organization\"},\"potentialAction\":[{\"@type\":\"SearchAction\",\"target\":{\"@type\":\"EntryPoint\",\"urlTemplate\":\"https:\\\/\\\/informelitoral.com.ar\\\/?s={search_term_string}\"},\"query-input\":{\"@type\":\"PropertyValueSpecification\",\"valueRequired\":true,\"valueName\":\"search_term_string\"}}],\"inLanguage\":\"es\"},{\"@type\":\"Organization\",\"@id\":\"https:\\\/\\\/informelitoral.com.ar\\\/#organization\",\"name\":\"Informe Litoral\",\"url\":\"https:\\\/\\\/informelitoral.com.ar\\\/\",\"logo\":{\"@type\":\"ImageObject\",\"inLanguage\":\"es\",\"@id\":\"https:\\\/\\\/informelitoral.com.ar\\\/#\\\/schema\\\/logo\\\/image\\\/\",\"url\":\"https:\\\/\\\/informelitoral.com.ar\\\/%77%70%2d%63%6f%6e%74%65%6e%74\\\/uploads\\\/2021\\\/01\\\/circulo.png\",\"contentUrl\":\"https:\\\/\\\/informelitoral.com.ar\\\/%77%70%2d%63%6f%6e%74%65%6e%74\\\/uploads\\\/2021\\\/01\\\/circulo.png\",\"width\":723,\"height\":731,\"caption\":\"Informe Litoral\"},\"image\":{\"@id\":\"https:\\\/\\\/informelitoral.com.ar\\\/#\\\/schema\\\/logo\\\/image\\\/\"},\"sameAs\":[\"https:\\\/\\\/www.facebook.com\\\/informelitoral\\\/\",\"https:\\\/\\\/x.com\\\/InformeLitoral\",\"https:\\\/\\\/www.instagram.com\\\/informelitoral\\\/\",\"https:\\\/\\\/www.youtube.com\\\/channel\\\/UCua4Qvz8Icb6MYqhoq9xLXw\"]},{\"@type\":\"Person\",\"@id\":\"https:\\\/\\\/informelitoral.com.ar\\\/#\\\/schema\\\/person\\\/b9d00407c836482871ef1d57bf8e3180\",\"name\":\"Gonzalo Schmidt\",\"image\":{\"@type\":\"ImageObject\",\"inLanguage\":\"es\",\"@id\":\"https:\\\/\\\/secure.gravatar.com\\\/avatar\\\/31a1a7b66ff2de83bd0e9fd79d026630d2d99e55e8bfe501287647b4fd9743de?s=96&d=mm&r=g\",\"url\":\"https:\\\/\\\/secure.gravatar.com\\\/avatar\\\/31a1a7b66ff2de83bd0e9fd79d026630d2d99e55e8bfe501287647b4fd9743de?s=96&d=mm&r=g\",\"contentUrl\":\"https:\\\/\\\/secure.gravatar.com\\\/avatar\\\/31a1a7b66ff2de83bd0e9fd79d026630d2d99e55e8bfe501287647b4fd9743de?s=96&d=mm&r=g\",\"caption\":\"Gonzalo Schmidt\"},\"description\":\"Sitio web de noticias de la provincia de Entre R\u00edos, Argentina. Informaci\u00f3n y entretenimiento. Informe Litoral, nos informamos.\",\"sameAs\":[\"http:\\\/\\\/www.isletasnoticias.com.ar\"],\"url\":\"https:\\\/\\\/informelitoral.com.ar\\\/author\\\/gonzalo\\\/\"}]}<\/script>","yoast_head_json":{"title":"PASO: Precandidatos debatir\u00e1n en la Facultad de Ciencias de la Educaci\u00f3n de Paran\u00e1  - Informe Litoral","robots":{"index":"index","follow":"follow","max-snippet":"max-snippet:-1","max-image-preview":"max-image-preview:large","max-video-preview":"max-video-preview:-1"},"canonical":"https:\/\/informelitoral.com.ar\/paso-precandidatos-debatiran-en-la-facultad-de-ciencias-de-la-educacion-de-parana\/","og_locale":"es_ES","og_type":"article","og_title":"PASO: Precandidatos debatir\u00e1n en la Facultad de Ciencias de la Educaci\u00f3n de Paran\u00e1  - Informe Litoral","og_description":"La actividad se realizar&aacute; este martes a las 19: 00, en el Auditorio de la Facultad de Ciencias de la Educaci&oacute;n de la Universidad Nacional de Entre R&iacute;os (UNER), y se espera que asistan representantes de todas las fuerzas, se indic&oacute; desde la casa de altos estudios. Cada disertante tendr&aacute; diez minutos, dentro de los [&hellip;]","og_url":"https:\/\/informelitoral.com.ar\/paso-precandidatos-debatiran-en-la-facultad-de-ciencias-de-la-educacion-de-parana\/","og_site_name":"Informe Litoral","article_publisher":"https:\/\/www.facebook.com\/informelitoral\/","article_published_time":"2013-08-06T14:52:10+00:00","article_modified_time":"2013-08-06T14:54:59+00:00","og_image":[{"width":1200,"height":1600,"url":"https:\/\/informelitoral.com.ar\/%77%70%2d%63%6f%6e%74%65%6e%74\/uploads\/2013\/08\/FCE-UNER1.jpg","type":"image\/jpeg"}],"author":"Gonzalo Schmidt","twitter_card":"summary_large_image","twitter_creator":"@InformeLitoral","twitter_site":"@InformeLitoral","twitter_misc":{"Escrito por":"Gonzalo Schmidt","Tiempo de lectura":"1 minuto"},"schema":{"@context":"https:\/\/schema.org","@graph":[{"@type":"Article","@id":"https:\/\/informelitoral.com.ar\/paso-precandidatos-debatiran-en-la-facultad-de-ciencias-de-la-educacion-de-parana\/#article","isPartOf":{"@id":"https:\/\/informelitoral.com.ar\/paso-precandidatos-debatiran-en-la-facultad-de-ciencias-de-la-educacion-de-parana\/"},"author":{"name":"Gonzalo Schmidt","@id":"https:\/\/informelitoral.com.ar\/#\/schema\/person\/b9d00407c836482871ef1d57bf8e3180"},"headline":"PASO: Precandidatos debatir\u00e1n en la Facultad de Ciencias de la Educaci\u00f3n de Paran\u00e1","datePublished":"2013-08-06T14:52:10+00:00","dateModified":"2013-08-06T14:54:59+00:00","mainEntityOfPage":{"@id":"https:\/\/informelitoral.com.ar\/paso-precandidatos-debatiran-en-la-facultad-de-ciencias-de-la-educacion-de-parana\/"},"wordCount":157,"commentCount":0,"publisher":{"@id":"https:\/\/informelitoral.com.ar\/#organization"},"image":{"@id":"https:\/\/informelitoral.com.ar\/paso-precandidatos-debatiran-en-la-facultad-de-ciencias-de-la-educacion-de-parana\/#primaryimage"},"thumbnailUrl":"http:\/\/www.isletasnoticias.com.ar\/%77%70%2d%63%6f%6e%74%65%6e%74\/uploads\/2013\/08\/FCE-UNER1-225x300.jpg","articleSection":["Entre R\u00edos","Politica"],"inLanguage":"es","potentialAction":[{"@type":"CommentAction","name":"Comment","target":["https:\/\/informelitoral.com.ar\/paso-precandidatos-debatiran-en-la-facultad-de-ciencias-de-la-educacion-de-parana\/#respond"]}]},{"@type":"WebPage","@id":"https:\/\/informelitoral.com.ar\/paso-precandidatos-debatiran-en-la-facultad-de-ciencias-de-la-educacion-de-parana\/","url":"https:\/\/informelitoral.com.ar\/paso-precandidatos-debatiran-en-la-facultad-de-ciencias-de-la-educacion-de-parana\/","name":"PASO: Precandidatos debatir\u00e1n en la Facultad de Ciencias de la Educaci\u00f3n de Paran\u00e1 - Informe Litoral","isPartOf":{"@id":"https:\/\/informelitoral.com.ar\/#website"},"primaryImageOfPage":{"@id":"https:\/\/informelitoral.com.ar\/paso-precandidatos-debatiran-en-la-facultad-de-ciencias-de-la-educacion-de-parana\/#primaryimage"},"image":{"@id":"https:\/\/informelitoral.com.ar\/paso-precandidatos-debatiran-en-la-facultad-de-ciencias-de-la-educacion-de-parana\/#primaryimage"},"thumbnailUrl":"http:\/\/www.isletasnoticias.com.ar\/%77%70%2d%63%6f%6e%74%65%6e%74\/uploads\/2013\/08\/FCE-UNER1-225x300.jpg","datePublished":"2013-08-06T14:52:10+00:00","dateModified":"2013-08-06T14:54:59+00:00","breadcrumb":{"@id":"https:\/\/informelitoral.com.ar\/paso-precandidatos-debatiran-en-la-facultad-de-ciencias-de-la-educacion-de-parana\/#breadcrumb"},"inLanguage":"es","potentialAction":[{"@type":"ReadAction","target":["https:\/\/informelitoral.com.ar\/paso-precandidatos-debatiran-en-la-facultad-de-ciencias-de-la-educacion-de-parana\/"]}]},{"@type":"ImageObject","inLanguage":"es","@id":"https:\/\/informelitoral.com.ar\/paso-precandidatos-debatiran-en-la-facultad-de-ciencias-de-la-educacion-de-parana\/#primaryimage","url":"http:\/\/www.isletasnoticias.com.ar\/%77%70%2d%63%6f%6e%74%65%6e%74\/uploads\/2013\/08\/FCE-UNER1-225x300.jpg","contentUrl":"http:\/\/www.isletasnoticias.com.ar\/%77%70%2d%63%6f%6e%74%65%6e%74\/uploads\/2013\/08\/FCE-UNER1-225x300.jpg"},{"@type":"BreadcrumbList","@id":"https:\/\/informelitoral.com.ar\/paso-precandidatos-debatiran-en-la-facultad-de-ciencias-de-la-educacion-de-parana\/#breadcrumb","itemListElement":[{"@type":"ListItem","position":1,"name":"Portada","item":"https:\/\/informelitoral.com.ar\/"},{"@type":"ListItem","position":2,"name":"PASO: Precandidatos debatir\u00e1n en la Facultad de Ciencias de la Educaci\u00f3n de Paran\u00e1"}]},{"@type":"WebSite","@id":"https:\/\/informelitoral.com.ar\/#website","url":"https:\/\/informelitoral.com.ar\/","name":"Informe Litoral","description":"&quot;Nos informamos&quot; ","publisher":{"@id":"https:\/\/informelitoral.com.ar\/#organization"},"potentialAction":[{"@type":"SearchAction","target":{"@type":"EntryPoint","urlTemplate":"https:\/\/informelitoral.com.ar\/?s={search_term_string}"},"query-input":{"@type":"PropertyValueSpecification","valueRequired":true,"valueName":"search_term_string"}}],"inLanguage":"es"},{"@type":"Organization","@id":"https:\/\/informelitoral.com.ar\/#organization","name":"Informe Litoral","url":"https:\/\/informelitoral.com.ar\/","logo":{"@type":"ImageObject","inLanguage":"es","@id":"https:\/\/informelitoral.com.ar\/#\/schema\/logo\/image\/","url":"https:\/\/informelitoral.com.ar\/%77%70%2d%63%6f%6e%74%65%6e%74\/uploads\/2021\/01\/circulo.png","contentUrl":"https:\/\/informelitoral.com.ar\/%77%70%2d%63%6f%6e%74%65%6e%74\/uploads\/2021\/01\/circulo.png","width":723,"height":731,"caption":"Informe Litoral"},"image":{"@id":"https:\/\/informelitoral.com.ar\/#\/schema\/logo\/image\/"},"sameAs":["https:\/\/www.facebook.com\/informelitoral\/","https:\/\/x.com\/InformeLitoral","https:\/\/www.instagram.com\/informelitoral\/","https:\/\/www.youtube.com\/channel\/UCua4Qvz8Icb6MYqhoq9xLXw"]},{"@type":"Person","@id":"https:\/\/informelitoral.com.ar\/#\/schema\/person\/b9d00407c836482871ef1d57bf8e3180","name":"Gonzalo Schmidt","image":{"@type":"ImageObject","inLanguage":"es","@id":"https:\/\/secure.gravatar.com\/avatar\/31a1a7b66ff2de83bd0e9fd79d026630d2d99e55e8bfe501287647b4fd9743de?s=96&d=mm&r=g","url":"https:\/\/secure.gravatar.com\/avatar\/31a1a7b66ff2de83bd0e9fd79d026630d2d99e55e8bfe501287647b4fd9743de?s=96&d=mm&r=g","contentUrl":"https:\/\/secure.gravatar.com\/avatar\/31a1a7b66ff2de83bd0e9fd79d026630d2d99e55e8bfe501287647b4fd9743de?s=96&d=mm&r=g","caption":"Gonzalo Schmidt"},"description":"Sitio web de noticias de la provincia de Entre R\u00edos, Argentina. Informaci\u00f3n y entretenimiento. Informe Litoral, nos informamos.","sameAs":["http:\/\/www.isletasnoticias.com.ar"],"url":"https:\/\/informelitoral.com.ar\/author\/gonzalo\/"}]}},"_links":{"self":[{"href":"https:\/\/informelitoral.com.ar\/%77%70%2d%6a%73%6f%6e\/wp\/v2\/posts\/2717","targetHints":{"allow":["GET"]}}],"collection":[{"href":"https:\/\/informelitoral.com.ar\/%77%70%2d%6a%73%6f%6e\/wp\/v2\/posts"}],"about":[{"href":"https:\/\/informelitoral.com.ar\/%77%70%2d%6a%73%6f%6e\/wp\/v2\/types\/post"}],"author":[{"embeddable":true,"href":"https:\/\/informelitoral.com.ar\/%77%70%2d%6a%73%6f%6e\/wp\/v2\/users\/2"}],"replies":[{"embeddable":true,"href":"https:\/\/informelitoral.com.ar\/%77%70%2d%6a%73%6f%6e\/wp\/v2\/comments?post=2717"}],"version-history":[{"count":0,"href":"https:\/\/informelitoral.com.ar\/%77%70%2d%6a%73%6f%6e\/wp\/v2\/posts\/2717\/revisions"}],"wp:attachment":[{"href":"https:\/\/informelitoral.com.ar\/%77%70%2d%6a%73%6f%6e\/wp\/v2\/media?parent=2717"}],"wp:term":[{"taxonomy":"category","embeddable":true,"href":"https:\/\/informelitoral.com.ar\/%77%70%2d%6a%73%6f%6e\/wp\/v2\/categories?post=2717"},{"taxonomy":"post_tag","embeddable":true,"href":"https:\/\/informelitoral.com.ar\/%77%70%2d%6a%73%6f%6e\/wp\/v2\/tags?post=2717"}],"curies":[{"name":"wp","href":"https:\/\/api.w.org\/{rel}","templated":true}]}}