{"id":26845,"date":"2018-05-21T15:25:12","date_gmt":"2018-05-21T18:25:12","guid":{"rendered":"https:\/\/www.isletasnoticias.com.ar\/?p=26845"},"modified":"2018-05-21T15:26:03","modified_gmt":"2018-05-21T18:26:03","slug":"valle-maria-se-viene-otro-senderismo-y-campamento-bajo-la-luna-llena","status":"publish","type":"post","link":"https:\/\/informelitoral.com.ar\/valle-maria-se-viene-otro-senderismo-y-campamento-bajo-la-luna-llena\/","title":{"rendered":"Valle Mar\u00eda: se viene otro \u00absenderismo y campamento bajo la luna llena\u00bb"},"content":{"rendered":"<p><em>Senderos Valle Mar\u00ed<\/em>a est\u00e1 organizando una nuevo<strong>\u00a0\u00absenderismo y campamento bajo la luna\u00bb<\/strong> llena para el pr\u00f3ximo<strong> s\u00e1bado 26<\/strong> de mayo teniendo como punto de partida y llegada el balneario camping de <strong>Valle Mar\u00eda<\/strong>.<\/p>\n<p>El costo para participar es de <strong>350 pesos para mayores y 200 pesos para menores<\/strong> e incluye entrada al balneario, lugar para acampar, (v\u00e1lido por domingo todo el d\u00eda), recorrido por el sendero, seguro, agua, cena de campamento y agua saborizada.<a href=\"https:\/\/www.isletasnoticias.com.ar\/%77%70%2d%63%6f%6e%74%65%6e%74\/uploads\/2018\/05\/DSCN7095.jpg\"><img loading=\"lazy\" decoding=\"async\" class=\"aligncenter wp-image-26848 size-large\" src=\"https:\/\/www.isletasnoticias.com.ar\/%77%70%2d%63%6f%6e%74%65%6e%74\/uploads\/2018\/05\/DSCN7095-1024x684.jpg\" alt=\"\" width=\"1024\" height=\"684\" srcset=\"https:\/\/informelitoral.com.ar\/%77%70%2d%63%6f%6e%74%65%6e%74\/uploads\/2018\/05\/DSCN7095-1024x684.jpg 1024w, https:\/\/informelitoral.com.ar\/%77%70%2d%63%6f%6e%74%65%6e%74\/uploads\/2018\/05\/DSCN7095-300x200.jpg 300w, https:\/\/informelitoral.com.ar\/%77%70%2d%63%6f%6e%74%65%6e%74\/uploads\/2018\/05\/DSCN7095-768x513.jpg 768w, https:\/\/informelitoral.com.ar\/%77%70%2d%63%6f%6e%74%65%6e%74\/uploads\/2018\/05\/DSCN7095-400x267.jpg 400w, https:\/\/informelitoral.com.ar\/%77%70%2d%63%6f%6e%74%65%6e%74\/uploads\/2018\/05\/DSCN7095-899x600.jpg 899w\" sizes=\"auto, (max-width: 1024px) 100vw, 1024px\" \/><\/a><\/p>\n<p>Seg\u00fan se inform\u00f3 a <strong><em>IN<\/em><\/strong>, este recorrido est\u00e1 al alcance de cualquier persona ya que se recorren caminos transitables sin dificultades. Los menores desde los seis a\u00f1os pueden participar pagando solo seguro y gastos de comida, pero deben estar acompa\u00f1ados por un mayor.<\/p>\n<p>Para inscribirse comunicarse al <strong>3435073376 (whatsapp)<\/strong> o a trav\u00e9s de <strong>Facebook <a href=\"https:\/\/www.facebook.com\/Senderos.ValleMaria\/\">\u201cSenderos Valle Mar\u00eda\u201d<\/a><\/strong>. Los cupos son limitados.<\/p>\n","protected":false},"excerpt":{"rendered":"<p>Se realizar\u00e1 este s\u00e1bado 26 de mayo con un recorrido de 10 kil\u00f3metros en caminos rurales linderos al balneario de Valle Mar\u00eda. Desde la organizaci\u00f3n destacaron que es un senderismo que est\u00e1 al alcance de cualquier persona ya que se recorren caminos transitables sin dificultades.<\/p>\n","protected":false},"author":2,"featured_media":26846,"comment_status":"open","ping_status":"open","sticky":false,"template":"","format":"standard","meta":{"fifu_image_url":"","fifu_image_alt":"","footnotes":""},"categories":[5],"tags":[179,104,61],"class_list":{"0":"post-26845","1":"post","2":"type-post","3":"status-publish","4":"format-standard","5":"has-post-thumbnail","7":"category-zonales","8":"tag-senderismo","9":"tag-turismo","10":"tag-valle-maria"},"yoast_head":"<title>Valle Mar\u00eda: se viene otro &quot;senderismo y campamento bajo la luna llena&quot; - Informe Litoral<\/title>\n<meta name=\"robots\" content=\"index, follow, max-snippet:-1, max-image-preview:large, max-video-preview:-1\" \/>\n<link rel=\"canonical\" href=\"https:\/\/informelitoral.com.ar\/valle-maria-se-viene-otro-senderismo-y-campamento-bajo-la-luna-llena\/\" \/>\n<meta property=\"og:locale\" content=\"es_ES\" \/>\n<meta property=\"og:type\" content=\"article\" \/>\n<meta property=\"og:title\" content=\"Valle Mar\u00eda: se viene otro &quot;senderismo y campamento bajo la luna llena&quot; - Informe Litoral\" \/>\n<meta property=\"og:description\" content=\"Se realizar\u00e1 este s\u00e1bado 26 de mayo con un recorrido de 10 kil\u00f3metros en caminos rurales linderos al balneario de Valle Mar\u00eda. Desde la organizaci\u00f3n destacaron que es un senderismo que est\u00e1 al alcance de cualquier persona ya que se recorren caminos transitables sin dificultades.\" \/>\n<meta property=\"og:url\" content=\"https:\/\/informelitoral.com.ar\/valle-maria-se-viene-otro-senderismo-y-campamento-bajo-la-luna-llena\/\" \/>\n<meta property=\"og:site_name\" content=\"Informe Litoral\" \/>\n<meta property=\"article:publisher\" content=\"https:\/\/www.facebook.com\/informelitoral\/\" \/>\n<meta property=\"article:published_time\" content=\"2018-05-21T18:25:12+00:00\" \/>\n<meta property=\"article:modified_time\" content=\"2018-05-21T18:26:03+00:00\" \/>\n<meta property=\"og:image\" content=\"https:\/\/informelitoral.com.ar\/%77%70%2d%63%6f%6e%74%65%6e%74\/uploads\/2018\/05\/DSCN6990.jpg\" \/>\n\t<meta property=\"og:image:width\" content=\"3226\" \/>\n\t<meta property=\"og:image:height\" content=\"2155\" \/>\n\t<meta property=\"og:image:type\" content=\"image\/jpeg\" \/>\n<meta name=\"author\" content=\"Gonzalo Schmidt\" \/>\n<meta name=\"twitter:card\" content=\"summary_large_image\" \/>\n<meta name=\"twitter:creator\" content=\"@InformeLitoral\" \/>\n<meta name=\"twitter:site\" content=\"@InformeLitoral\" \/>\n<meta name=\"twitter:label1\" content=\"Escrito por\" \/>\n\t<meta name=\"twitter:data1\" content=\"Gonzalo Schmidt\" \/>\n\t<meta name=\"twitter:label2\" content=\"Tiempo de lectura\" \/>\n\t<meta name=\"twitter:data2\" content=\"1 minuto\" \/>\n<script type=\"application\/ld+json\" class=\"yoast-schema-graph\">{\"@context\":\"https:\\\/\\\/schema.org\",\"@graph\":[{\"@type\":\"Article\",\"@id\":\"https:\\\/\\\/informelitoral.com.ar\\\/valle-maria-se-viene-otro-senderismo-y-campamento-bajo-la-luna-llena\\\/#article\",\"isPartOf\":{\"@id\":\"https:\\\/\\\/informelitoral.com.ar\\\/valle-maria-se-viene-otro-senderismo-y-campamento-bajo-la-luna-llena\\\/\"},\"author\":{\"name\":\"Gonzalo Schmidt\",\"@id\":\"https:\\\/\\\/informelitoral.com.ar\\\/#\\\/schema\\\/person\\\/b9d00407c836482871ef1d57bf8e3180\"},\"headline\":\"Valle Mar\u00eda: se viene otro \u00absenderismo y campamento bajo la luna llena\u00bb\",\"datePublished\":\"2018-05-21T18:25:12+00:00\",\"dateModified\":\"2018-05-21T18:26:03+00:00\",\"mainEntityOfPage\":{\"@id\":\"https:\\\/\\\/informelitoral.com.ar\\\/valle-maria-se-viene-otro-senderismo-y-campamento-bajo-la-luna-llena\\\/\"},\"wordCount\":156,\"commentCount\":0,\"publisher\":{\"@id\":\"https:\\\/\\\/informelitoral.com.ar\\\/#organization\"},\"image\":{\"@id\":\"https:\\\/\\\/informelitoral.com.ar\\\/valle-maria-se-viene-otro-senderismo-y-campamento-bajo-la-luna-llena\\\/#primaryimage\"},\"thumbnailUrl\":\"https:\\\/\\\/informelitoral.com.ar\\\/%77%70%2d%63%6f%6e%74%65%6e%74\\\/uploads\\\/2018\\\/05\\\/DSCN6990.jpg\",\"keywords\":[\"Senderismo\",\"Turismo\",\"Valle Mar\u00eda\"],\"articleSection\":[\"Departamento Diamante\"],\"inLanguage\":\"es\",\"potentialAction\":[{\"@type\":\"CommentAction\",\"name\":\"Comment\",\"target\":[\"https:\\\/\\\/informelitoral.com.ar\\\/valle-maria-se-viene-otro-senderismo-y-campamento-bajo-la-luna-llena\\\/#respond\"]}]},{\"@type\":\"WebPage\",\"@id\":\"https:\\\/\\\/informelitoral.com.ar\\\/valle-maria-se-viene-otro-senderismo-y-campamento-bajo-la-luna-llena\\\/\",\"url\":\"https:\\\/\\\/informelitoral.com.ar\\\/valle-maria-se-viene-otro-senderismo-y-campamento-bajo-la-luna-llena\\\/\",\"name\":\"Valle Mar\u00eda: se viene otro \\\"senderismo y campamento bajo la luna llena\\\" - Informe Litoral\",\"isPartOf\":{\"@id\":\"https:\\\/\\\/informelitoral.com.ar\\\/#website\"},\"primaryImageOfPage\":{\"@id\":\"https:\\\/\\\/informelitoral.com.ar\\\/valle-maria-se-viene-otro-senderismo-y-campamento-bajo-la-luna-llena\\\/#primaryimage\"},\"image\":{\"@id\":\"https:\\\/\\\/informelitoral.com.ar\\\/valle-maria-se-viene-otro-senderismo-y-campamento-bajo-la-luna-llena\\\/#primaryimage\"},\"thumbnailUrl\":\"https:\\\/\\\/informelitoral.com.ar\\\/%77%70%2d%63%6f%6e%74%65%6e%74\\\/uploads\\\/2018\\\/05\\\/DSCN6990.jpg\",\"datePublished\":\"2018-05-21T18:25:12+00:00\",\"dateModified\":\"2018-05-21T18:26:03+00:00\",\"breadcrumb\":{\"@id\":\"https:\\\/\\\/informelitoral.com.ar\\\/valle-maria-se-viene-otro-senderismo-y-campamento-bajo-la-luna-llena\\\/#breadcrumb\"},\"inLanguage\":\"es\",\"potentialAction\":[{\"@type\":\"ReadAction\",\"target\":[\"https:\\\/\\\/informelitoral.com.ar\\\/valle-maria-se-viene-otro-senderismo-y-campamento-bajo-la-luna-llena\\\/\"]}]},{\"@type\":\"ImageObject\",\"inLanguage\":\"es\",\"@id\":\"https:\\\/\\\/informelitoral.com.ar\\\/valle-maria-se-viene-otro-senderismo-y-campamento-bajo-la-luna-llena\\\/#primaryimage\",\"url\":\"https:\\\/\\\/informelitoral.com.ar\\\/%77%70%2d%63%6f%6e%74%65%6e%74\\\/uploads\\\/2018\\\/05\\\/DSCN6990.jpg\",\"contentUrl\":\"https:\\\/\\\/informelitoral.com.ar\\\/%77%70%2d%63%6f%6e%74%65%6e%74\\\/uploads\\\/2018\\\/05\\\/DSCN6990.jpg\",\"width\":3226,\"height\":2155},{\"@type\":\"BreadcrumbList\",\"@id\":\"https:\\\/\\\/informelitoral.com.ar\\\/valle-maria-se-viene-otro-senderismo-y-campamento-bajo-la-luna-llena\\\/#breadcrumb\",\"itemListElement\":[{\"@type\":\"ListItem\",\"position\":1,\"name\":\"Portada\",\"item\":\"https:\\\/\\\/informelitoral.com.ar\\\/\"},{\"@type\":\"ListItem\",\"position\":2,\"name\":\"Valle Mar\u00eda: se viene otro \u00absenderismo y campamento bajo la luna llena\u00bb\"}]},{\"@type\":\"WebSite\",\"@id\":\"https:\\\/\\\/informelitoral.com.ar\\\/#website\",\"url\":\"https:\\\/\\\/informelitoral.com.ar\\\/\",\"name\":\"Informe Litoral\",\"description\":\"&quot;Nos informamos&quot; \",\"publisher\":{\"@id\":\"https:\\\/\\\/informelitoral.com.ar\\\/#organization\"},\"potentialAction\":[{\"@type\":\"SearchAction\",\"target\":{\"@type\":\"EntryPoint\",\"urlTemplate\":\"https:\\\/\\\/informelitoral.com.ar\\\/?s={search_term_string}\"},\"query-input\":{\"@type\":\"PropertyValueSpecification\",\"valueRequired\":true,\"valueName\":\"search_term_string\"}}],\"inLanguage\":\"es\"},{\"@type\":\"Organization\",\"@id\":\"https:\\\/\\\/informelitoral.com.ar\\\/#organization\",\"name\":\"Informe Litoral\",\"url\":\"https:\\\/\\\/informelitoral.com.ar\\\/\",\"logo\":{\"@type\":\"ImageObject\",\"inLanguage\":\"es\",\"@id\":\"https:\\\/\\\/informelitoral.com.ar\\\/#\\\/schema\\\/logo\\\/image\\\/\",\"url\":\"https:\\\/\\\/informelitoral.com.ar\\\/%77%70%2d%63%6f%6e%74%65%6e%74\\\/uploads\\\/2021\\\/01\\\/circulo.png\",\"contentUrl\":\"https:\\\/\\\/informelitoral.com.ar\\\/%77%70%2d%63%6f%6e%74%65%6e%74\\\/uploads\\\/2021\\\/01\\\/circulo.png\",\"width\":723,\"height\":731,\"caption\":\"Informe Litoral\"},\"image\":{\"@id\":\"https:\\\/\\\/informelitoral.com.ar\\\/#\\\/schema\\\/logo\\\/image\\\/\"},\"sameAs\":[\"https:\\\/\\\/www.facebook.com\\\/informelitoral\\\/\",\"https:\\\/\\\/x.com\\\/InformeLitoral\",\"https:\\\/\\\/www.instagram.com\\\/informelitoral\\\/\",\"https:\\\/\\\/www.youtube.com\\\/channel\\\/UCua4Qvz8Icb6MYqhoq9xLXw\"]},{\"@type\":\"Person\",\"@id\":\"https:\\\/\\\/informelitoral.com.ar\\\/#\\\/schema\\\/person\\\/b9d00407c836482871ef1d57bf8e3180\",\"name\":\"Gonzalo Schmidt\",\"image\":{\"@type\":\"ImageObject\",\"inLanguage\":\"es\",\"@id\":\"https:\\\/\\\/secure.gravatar.com\\\/avatar\\\/31a1a7b66ff2de83bd0e9fd79d026630d2d99e55e8bfe501287647b4fd9743de?s=96&d=mm&r=g\",\"url\":\"https:\\\/\\\/secure.gravatar.com\\\/avatar\\\/31a1a7b66ff2de83bd0e9fd79d026630d2d99e55e8bfe501287647b4fd9743de?s=96&d=mm&r=g\",\"contentUrl\":\"https:\\\/\\\/secure.gravatar.com\\\/avatar\\\/31a1a7b66ff2de83bd0e9fd79d026630d2d99e55e8bfe501287647b4fd9743de?s=96&d=mm&r=g\",\"caption\":\"Gonzalo Schmidt\"},\"description\":\"Sitio web de noticias de la provincia de Entre R\u00edos, Argentina. Informaci\u00f3n y entretenimiento. Informe Litoral, nos informamos.\",\"sameAs\":[\"http:\\\/\\\/www.isletasnoticias.com.ar\"],\"url\":\"https:\\\/\\\/informelitoral.com.ar\\\/author\\\/gonzalo\\\/\"}]}<\/script>","yoast_head_json":{"title":"Valle Mar\u00eda: se viene otro \"senderismo y campamento bajo la luna llena\" - Informe Litoral","robots":{"index":"index","follow":"follow","max-snippet":"max-snippet:-1","max-image-preview":"max-image-preview:large","max-video-preview":"max-video-preview:-1"},"canonical":"https:\/\/informelitoral.com.ar\/valle-maria-se-viene-otro-senderismo-y-campamento-bajo-la-luna-llena\/","og_locale":"es_ES","og_type":"article","og_title":"Valle Mar\u00eda: se viene otro \"senderismo y campamento bajo la luna llena\" - Informe Litoral","og_description":"Se realizar\u00e1 este s\u00e1bado 26 de mayo con un recorrido de 10 kil\u00f3metros en caminos rurales linderos al balneario de Valle Mar\u00eda. Desde la organizaci\u00f3n destacaron que es un senderismo que est\u00e1 al alcance de cualquier persona ya que se recorren caminos transitables sin dificultades.","og_url":"https:\/\/informelitoral.com.ar\/valle-maria-se-viene-otro-senderismo-y-campamento-bajo-la-luna-llena\/","og_site_name":"Informe Litoral","article_publisher":"https:\/\/www.facebook.com\/informelitoral\/","article_published_time":"2018-05-21T18:25:12+00:00","article_modified_time":"2018-05-21T18:26:03+00:00","og_image":[{"width":3226,"height":2155,"url":"https:\/\/informelitoral.com.ar\/%77%70%2d%63%6f%6e%74%65%6e%74\/uploads\/2018\/05\/DSCN6990.jpg","type":"image\/jpeg"}],"author":"Gonzalo Schmidt","twitter_card":"summary_large_image","twitter_creator":"@InformeLitoral","twitter_site":"@InformeLitoral","twitter_misc":{"Escrito por":"Gonzalo Schmidt","Tiempo de lectura":"1 minuto"},"schema":{"@context":"https:\/\/schema.org","@graph":[{"@type":"Article","@id":"https:\/\/informelitoral.com.ar\/valle-maria-se-viene-otro-senderismo-y-campamento-bajo-la-luna-llena\/#article","isPartOf":{"@id":"https:\/\/informelitoral.com.ar\/valle-maria-se-viene-otro-senderismo-y-campamento-bajo-la-luna-llena\/"},"author":{"name":"Gonzalo Schmidt","@id":"https:\/\/informelitoral.com.ar\/#\/schema\/person\/b9d00407c836482871ef1d57bf8e3180"},"headline":"Valle Mar\u00eda: se viene otro \u00absenderismo y campamento bajo la luna llena\u00bb","datePublished":"2018-05-21T18:25:12+00:00","dateModified":"2018-05-21T18:26:03+00:00","mainEntityOfPage":{"@id":"https:\/\/informelitoral.com.ar\/valle-maria-se-viene-otro-senderismo-y-campamento-bajo-la-luna-llena\/"},"wordCount":156,"commentCount":0,"publisher":{"@id":"https:\/\/informelitoral.com.ar\/#organization"},"image":{"@id":"https:\/\/informelitoral.com.ar\/valle-maria-se-viene-otro-senderismo-y-campamento-bajo-la-luna-llena\/#primaryimage"},"thumbnailUrl":"https:\/\/informelitoral.com.ar\/%77%70%2d%63%6f%6e%74%65%6e%74\/uploads\/2018\/05\/DSCN6990.jpg","keywords":["Senderismo","Turismo","Valle Mar\u00eda"],"articleSection":["Departamento Diamante"],"inLanguage":"es","potentialAction":[{"@type":"CommentAction","name":"Comment","target":["https:\/\/informelitoral.com.ar\/valle-maria-se-viene-otro-senderismo-y-campamento-bajo-la-luna-llena\/#respond"]}]},{"@type":"WebPage","@id":"https:\/\/informelitoral.com.ar\/valle-maria-se-viene-otro-senderismo-y-campamento-bajo-la-luna-llena\/","url":"https:\/\/informelitoral.com.ar\/valle-maria-se-viene-otro-senderismo-y-campamento-bajo-la-luna-llena\/","name":"Valle Mar\u00eda: se viene otro \"senderismo y campamento bajo la luna llena\" - Informe Litoral","isPartOf":{"@id":"https:\/\/informelitoral.com.ar\/#website"},"primaryImageOfPage":{"@id":"https:\/\/informelitoral.com.ar\/valle-maria-se-viene-otro-senderismo-y-campamento-bajo-la-luna-llena\/#primaryimage"},"image":{"@id":"https:\/\/informelitoral.com.ar\/valle-maria-se-viene-otro-senderismo-y-campamento-bajo-la-luna-llena\/#primaryimage"},"thumbnailUrl":"https:\/\/informelitoral.com.ar\/%77%70%2d%63%6f%6e%74%65%6e%74\/uploads\/2018\/05\/DSCN6990.jpg","datePublished":"2018-05-21T18:25:12+00:00","dateModified":"2018-05-21T18:26:03+00:00","breadcrumb":{"@id":"https:\/\/informelitoral.com.ar\/valle-maria-se-viene-otro-senderismo-y-campamento-bajo-la-luna-llena\/#breadcrumb"},"inLanguage":"es","potentialAction":[{"@type":"ReadAction","target":["https:\/\/informelitoral.com.ar\/valle-maria-se-viene-otro-senderismo-y-campamento-bajo-la-luna-llena\/"]}]},{"@type":"ImageObject","inLanguage":"es","@id":"https:\/\/informelitoral.com.ar\/valle-maria-se-viene-otro-senderismo-y-campamento-bajo-la-luna-llena\/#primaryimage","url":"https:\/\/informelitoral.com.ar\/%77%70%2d%63%6f%6e%74%65%6e%74\/uploads\/2018\/05\/DSCN6990.jpg","contentUrl":"https:\/\/informelitoral.com.ar\/%77%70%2d%63%6f%6e%74%65%6e%74\/uploads\/2018\/05\/DSCN6990.jpg","width":3226,"height":2155},{"@type":"BreadcrumbList","@id":"https:\/\/informelitoral.com.ar\/valle-maria-se-viene-otro-senderismo-y-campamento-bajo-la-luna-llena\/#breadcrumb","itemListElement":[{"@type":"ListItem","position":1,"name":"Portada","item":"https:\/\/informelitoral.com.ar\/"},{"@type":"ListItem","position":2,"name":"Valle Mar\u00eda: se viene otro \u00absenderismo y campamento bajo la luna llena\u00bb"}]},{"@type":"WebSite","@id":"https:\/\/informelitoral.com.ar\/#website","url":"https:\/\/informelitoral.com.ar\/","name":"Informe Litoral","description":"&quot;Nos informamos&quot; ","publisher":{"@id":"https:\/\/informelitoral.com.ar\/#organization"},"potentialAction":[{"@type":"SearchAction","target":{"@type":"EntryPoint","urlTemplate":"https:\/\/informelitoral.com.ar\/?s={search_term_string}"},"query-input":{"@type":"PropertyValueSpecification","valueRequired":true,"valueName":"search_term_string"}}],"inLanguage":"es"},{"@type":"Organization","@id":"https:\/\/informelitoral.com.ar\/#organization","name":"Informe Litoral","url":"https:\/\/informelitoral.com.ar\/","logo":{"@type":"ImageObject","inLanguage":"es","@id":"https:\/\/informelitoral.com.ar\/#\/schema\/logo\/image\/","url":"https:\/\/informelitoral.com.ar\/%77%70%2d%63%6f%6e%74%65%6e%74\/uploads\/2021\/01\/circulo.png","contentUrl":"https:\/\/informelitoral.com.ar\/%77%70%2d%63%6f%6e%74%65%6e%74\/uploads\/2021\/01\/circulo.png","width":723,"height":731,"caption":"Informe Litoral"},"image":{"@id":"https:\/\/informelitoral.com.ar\/#\/schema\/logo\/image\/"},"sameAs":["https:\/\/www.facebook.com\/informelitoral\/","https:\/\/x.com\/InformeLitoral","https:\/\/www.instagram.com\/informelitoral\/","https:\/\/www.youtube.com\/channel\/UCua4Qvz8Icb6MYqhoq9xLXw"]},{"@type":"Person","@id":"https:\/\/informelitoral.com.ar\/#\/schema\/person\/b9d00407c836482871ef1d57bf8e3180","name":"Gonzalo Schmidt","image":{"@type":"ImageObject","inLanguage":"es","@id":"https:\/\/secure.gravatar.com\/avatar\/31a1a7b66ff2de83bd0e9fd79d026630d2d99e55e8bfe501287647b4fd9743de?s=96&d=mm&r=g","url":"https:\/\/secure.gravatar.com\/avatar\/31a1a7b66ff2de83bd0e9fd79d026630d2d99e55e8bfe501287647b4fd9743de?s=96&d=mm&r=g","contentUrl":"https:\/\/secure.gravatar.com\/avatar\/31a1a7b66ff2de83bd0e9fd79d026630d2d99e55e8bfe501287647b4fd9743de?s=96&d=mm&r=g","caption":"Gonzalo Schmidt"},"description":"Sitio web de noticias de la provincia de Entre R\u00edos, Argentina. Informaci\u00f3n y entretenimiento. Informe Litoral, nos informamos.","sameAs":["http:\/\/www.isletasnoticias.com.ar"],"url":"https:\/\/informelitoral.com.ar\/author\/gonzalo\/"}]}},"_links":{"self":[{"href":"https:\/\/informelitoral.com.ar\/%77%70%2d%6a%73%6f%6e\/wp\/v2\/posts\/26845","targetHints":{"allow":["GET"]}}],"collection":[{"href":"https:\/\/informelitoral.com.ar\/%77%70%2d%6a%73%6f%6e\/wp\/v2\/posts"}],"about":[{"href":"https:\/\/informelitoral.com.ar\/%77%70%2d%6a%73%6f%6e\/wp\/v2\/types\/post"}],"author":[{"embeddable":true,"href":"https:\/\/informelitoral.com.ar\/%77%70%2d%6a%73%6f%6e\/wp\/v2\/users\/2"}],"replies":[{"embeddable":true,"href":"https:\/\/informelitoral.com.ar\/%77%70%2d%6a%73%6f%6e\/wp\/v2\/comments?post=26845"}],"version-history":[{"count":0,"href":"https:\/\/informelitoral.com.ar\/%77%70%2d%6a%73%6f%6e\/wp\/v2\/posts\/26845\/revisions"}],"wp:featuredmedia":[{"embeddable":true,"href":"https:\/\/informelitoral.com.ar\/%77%70%2d%6a%73%6f%6e\/wp\/v2\/media\/26846"}],"wp:attachment":[{"href":"https:\/\/informelitoral.com.ar\/%77%70%2d%6a%73%6f%6e\/wp\/v2\/media?parent=26845"}],"wp:term":[{"taxonomy":"category","embeddable":true,"href":"https:\/\/informelitoral.com.ar\/%77%70%2d%6a%73%6f%6e\/wp\/v2\/categories?post=26845"},{"taxonomy":"post_tag","embeddable":true,"href":"https:\/\/informelitoral.com.ar\/%77%70%2d%6a%73%6f%6e\/wp\/v2\/tags?post=26845"}],"curies":[{"name":"wp","href":"https:\/\/api.w.org\/{rel}","templated":true}]}}