{"id":26805,"date":"2018-05-19T18:00:22","date_gmt":"2018-05-19T21:00:22","guid":{"rendered":"https:\/\/www.isletasnoticias.com.ar\/?p=26805"},"modified":"2018-05-19T18:03:57","modified_gmt":"2018-05-19T21:03:57","slug":"parana-se-viene-el-show-de-los-palmeras-junto-a-la-filarmonica","status":"publish","type":"post","link":"https:\/\/informelitoral.com.ar\/parana-se-viene-el-show-de-los-palmeras-junto-a-la-filarmonica\/","title":{"rendered":"Paran\u00e1: se viene el show de Los Palmeras junto a la Filarm\u00f3nica"},"content":{"rendered":"<p>Paran\u00e1 se prepara para el espect\u00e1culo de Los Palmeras junto a la Filarm\u00f3nica de Santa Fe, prevista para este <strong>domingo 20<\/strong> sobre <strong>Plaza Mansilla<\/strong>, frente a Casa de Gobierno, con <strong>entrada libre y gratuita.\u00a0<\/strong><\/p>\n<p>En ese marco, la secretaria provincial de Turismo y Cultura, Carolina Gaillard, junto a Eduardo Rodr\u00edguez, coordinador de Espect\u00e1culos, dieron detalles del mismo, de cara a lo que ser\u00e1 el imponente show.<\/p>\n<p>\u00abEsta iniciativa de nuestro gobernador de traer un espect\u00e1culo tan importante a nivel nacional, como lo son Los Palmeras junto a la Filarm\u00f3nica, es en aras de fortalecer la integraci\u00f3n con Santa Fe y el posicionamiento tur\u00edstico de Entre R\u00edos a nivel regional y nacional\u00bb, argument\u00f3 la funcionaria provincial a<i>\u00a0Elonce TV<\/i>.<\/p>\n<p>\u00ab<strong>La Plaza Mansilla tiene una capacidad importante y estimamos que vendr\u00e1n unas 20 mil personas, no solo de Paran\u00e1, sino tambi\u00e9n de los alrededores<\/strong>\u00ab, confirm\u00f3.<\/p>\n<p>\u00abEs la curiosidad lo que atrae, porque nadie pensaba que se pod\u00eda fusionar la m\u00fasica tropical con la cl\u00e1sica, pero en este caso se dio perfectamente, porque hubo un trabajo que demand\u00f3 hasta ocho meses de ensayos previos, musicalizaci\u00f3n y arreglos orquestales\u00bb, hab\u00eda indicado\u00a0el cantante del l\u00edder del grupo de cumbia santafesino, Rub\u00e9n \u00abCacho\u00bb Deicas.<\/p>\n<p>El show, que se realizar\u00e1 este domingo a partir de las 17.30 en la plaza Mansilla de Paran\u00e1 con entrada libre y gratuita, <strong>consta de una selecci\u00f3n de 20 temas de la carrera de la banda santafesina<\/strong>, con arreglos del maestro Rub\u00e9n para ser interpretados por<strong> 40 m\u00fasicos quienes sumados a 12 coreutas completan el acompa\u00f1amiento del espect\u00e1culo.<\/strong><\/p>\n<figure class=\"embed\"><img decoding=\"async\" class=\"aligncenter\" title=\"\" src=\"https:\/\/elonce-media.elonce.com\/fotos-nuevo\/2018\/03\/12\/o_1520859988.jpg\" alt=\"\" width=\"640\" \/><\/figure>\n<p>\u00abSer\u00e1 un espect\u00e1culo inolvidable, estamos todos a disposici\u00f3n para que todos pasemos una tarde muy linda y en familia\u00bb, invit\u00f3 \u00abCacho\u00bb Deicas.<\/p>\n<h3>Sobre el operativo de seguridad y de tr\u00e1nsito<\/h3>\n<p>Durante todo el espect\u00e1culo habr\u00e1 agentes sanitarios, ambulancias, bomberos, m\u00e1s de 100 efectivos policiales y sistema de video vigilancia para el cuidado de los espectadores.<\/p>\n<p>Los<strong> ingresos y egreso al centro c\u00edvico<\/strong> se realizar\u00e1n por las calles Laprida, desde Buenos Aires; Santa Fe, desde Cervantes; C\u00f3rdoba, desde Cervantes, y Laprida desde Tucum\u00e1n, todas hacia Plaza Mansilla. No se permitir\u00e1 el ingreso y\/o transporte de bebidas alcoh\u00f3licas ni botellas de vidrio. Tampoco la instalaci\u00f3n de puestos de ventas fijos y ambulatorios dentro de la zona donde se llevar\u00e1 a cabo el recital.<\/p>\n<p>En cada uno de los ingresos se consignar\u00e1 personal policial para asesoramiento, control y seguridad del evento.<\/p>\n<p>Por otro lado, el domingo quedar\u00e1 restringida la circulaci\u00f3n de veh\u00edculos por un radio de 200 metros, alrededor de plaza Mansilla, por seguridad del p\u00fablico asistente. Desde las 8 la restricci\u00f3n ser\u00e1 parcial; y a partir de las 12 ya no se podr\u00e1 circular con veh\u00edculos por las siguientes calles: M\u00e9xico y Tucum\u00e1n; M\u00e9xico y C\u00f3rdoba; M\u00e9xico y Santa Fe; Alameda de la Federaci\u00f3n y C\u00f3rdoba; Alameda de la Federaci\u00f3n y Santa Fe; Laprida y Buenos Aires; Cervantes y Santa Fe; Cervantes y Tucum\u00e1n; Laprida y Tucum\u00e1n; y C\u00f3rdoba y Cervantes.<\/p>\n<p>A su vez, desde la municipalidad de Paran\u00e1 informaron que se realizar\u00e1 un cambio de recorrido del transporte urbano durante la jornada del domingo.<\/p>\n<p>Los colectivos que circulan por calle Laprida, doblar\u00e1n por Buenos Aires, retoman por 25 de Junio hasta calle Tucum\u00e1n y contin\u00faan con su recorrido habitual.<\/p>\n<p>Las l\u00edneas que habitualmente toman calle C\u00f3rdoba, contin\u00faan hasta Buenos Aires y prosiguen con su recorrido habitual.<\/p>\n<p>En cuanto al transporte que ingresan al centro c\u00edvico por calle Santa Fe, se desviar\u00e1n por 25 de Junio hasta Tucum\u00e1n, retomando sus recorridos habituales.<\/p>\n<p>En cuanto a la parada de taxis que se encuentra ubicada en Plaza Masilla, se trasladar\u00e1 a Plaza Alvear.<\/p>\n<figure class=\"embed\"><img decoding=\"async\" title=\"\" src=\"https:\/\/elonce-media.elonce.com\/fotos-emb\/2018\/05\/18\/o_1526649978.jpg\" alt=\"\" width=\"640\" \/><\/figure>\n<p><i>Fuente: Elonce.com<\/i><\/p>\n","protected":false},"excerpt":{"rendered":"<p>De cara a los que ser\u00e1 el imponente show, la Provincia diagrama un operativo de seguridad y de tr\u00e1nsito, el cual implicar\u00e1 adem\u00e1s, cortes de calles y cambios en los recorridos de las l\u00edneas de colectivos.<\/p>\n","protected":false},"author":2,"featured_media":26806,"comment_status":"open","ping_status":"open","sticky":false,"template":"","format":"standard","meta":{"fifu_image_url":"","fifu_image_alt":"","footnotes":""},"categories":[6,9],"tags":[331,330,212,45,409,408],"class_list":{"0":"post-26805","1":"post","2":"type-post","3":"status-publish","4":"format-standard","5":"has-post-thumbnail","7":"category-entre-rios","8":"category-sociedad","9":"tag-cumbia","10":"tag-los-palmeras","11":"tag-musica","12":"tag-parana","13":"tag-plaza-mansilla","14":"tag-show"},"yoast_head":"<title>Paran\u00e1: se viene el show de Los Palmeras junto a la Filarm\u00f3nica - Informe Litoral<\/title>\n<meta name=\"robots\" content=\"index, follow, max-snippet:-1, max-image-preview:large, max-video-preview:-1\" \/>\n<link rel=\"canonical\" href=\"https:\/\/informelitoral.com.ar\/parana-se-viene-el-show-de-los-palmeras-junto-a-la-filarmonica\/\" \/>\n<meta property=\"og:locale\" content=\"es_ES\" \/>\n<meta property=\"og:type\" content=\"article\" \/>\n<meta property=\"og:title\" content=\"Paran\u00e1: se viene el show de Los Palmeras junto a la Filarm\u00f3nica - Informe Litoral\" \/>\n<meta property=\"og:description\" content=\"De cara a los que ser\u00e1 el imponente show, la Provincia diagrama un operativo de seguridad y de tr\u00e1nsito, el cual implicar\u00e1 adem\u00e1s, cortes de calles y cambios en los recorridos de las l\u00edneas de colectivos.\" \/>\n<meta property=\"og:url\" content=\"https:\/\/informelitoral.com.ar\/parana-se-viene-el-show-de-los-palmeras-junto-a-la-filarmonica\/\" \/>\n<meta property=\"og:site_name\" content=\"Informe Litoral\" \/>\n<meta property=\"article:publisher\" content=\"https:\/\/www.facebook.com\/informelitoral\/\" \/>\n<meta property=\"article:published_time\" content=\"2018-05-19T21:00:22+00:00\" \/>\n<meta property=\"article:modified_time\" content=\"2018-05-19T21:03:57+00:00\" \/>\n<meta property=\"og:image\" content=\"https:\/\/informelitoral.com.ar\/%77%70%2d%63%6f%6e%74%65%6e%74\/uploads\/2018\/05\/los-palmeras-filarmonica.jpg\" \/>\n\t<meta property=\"og:image:width\" content=\"800\" \/>\n\t<meta property=\"og:image:height\" content=\"450\" \/>\n\t<meta property=\"og:image:type\" content=\"image\/jpeg\" \/>\n<meta name=\"author\" content=\"Gonzalo Schmidt\" \/>\n<meta name=\"twitter:card\" content=\"summary_large_image\" \/>\n<meta name=\"twitter:creator\" content=\"@InformeLitoral\" \/>\n<meta name=\"twitter:site\" content=\"@InformeLitoral\" \/>\n<meta name=\"twitter:label1\" content=\"Escrito por\" \/>\n\t<meta name=\"twitter:data1\" content=\"Gonzalo Schmidt\" \/>\n\t<meta name=\"twitter:label2\" content=\"Tiempo de lectura\" \/>\n\t<meta name=\"twitter:data2\" content=\"3 minutos\" \/>\n<script type=\"application\/ld+json\" class=\"yoast-schema-graph\">{\"@context\":\"https:\\\/\\\/schema.org\",\"@graph\":[{\"@type\":\"Article\",\"@id\":\"https:\\\/\\\/informelitoral.com.ar\\\/parana-se-viene-el-show-de-los-palmeras-junto-a-la-filarmonica\\\/#article\",\"isPartOf\":{\"@id\":\"https:\\\/\\\/informelitoral.com.ar\\\/parana-se-viene-el-show-de-los-palmeras-junto-a-la-filarmonica\\\/\"},\"author\":{\"name\":\"Gonzalo Schmidt\",\"@id\":\"https:\\\/\\\/informelitoral.com.ar\\\/#\\\/schema\\\/person\\\/b9d00407c836482871ef1d57bf8e3180\"},\"headline\":\"Paran\u00e1: se viene el show de Los Palmeras junto a la Filarm\u00f3nica\",\"datePublished\":\"2018-05-19T21:00:22+00:00\",\"dateModified\":\"2018-05-19T21:03:57+00:00\",\"mainEntityOfPage\":{\"@id\":\"https:\\\/\\\/informelitoral.com.ar\\\/parana-se-viene-el-show-de-los-palmeras-junto-a-la-filarmonica\\\/\"},\"wordCount\":660,\"commentCount\":0,\"publisher\":{\"@id\":\"https:\\\/\\\/informelitoral.com.ar\\\/#organization\"},\"image\":{\"@id\":\"https:\\\/\\\/informelitoral.com.ar\\\/parana-se-viene-el-show-de-los-palmeras-junto-a-la-filarmonica\\\/#primaryimage\"},\"thumbnailUrl\":\"https:\\\/\\\/informelitoral.com.ar\\\/%77%70%2d%63%6f%6e%74%65%6e%74\\\/uploads\\\/2018\\\/05\\\/los-palmeras-filarmonica.jpg\",\"keywords\":[\"Cumbia\",\"Los Palmeras\",\"M\u00fasica\",\"Paran\u00e1\",\"Plaza Mansilla\",\"Show\"],\"articleSection\":[\"Entre R\u00edos\",\"Sociedad\"],\"inLanguage\":\"es\",\"potentialAction\":[{\"@type\":\"CommentAction\",\"name\":\"Comment\",\"target\":[\"https:\\\/\\\/informelitoral.com.ar\\\/parana-se-viene-el-show-de-los-palmeras-junto-a-la-filarmonica\\\/#respond\"]}]},{\"@type\":\"WebPage\",\"@id\":\"https:\\\/\\\/informelitoral.com.ar\\\/parana-se-viene-el-show-de-los-palmeras-junto-a-la-filarmonica\\\/\",\"url\":\"https:\\\/\\\/informelitoral.com.ar\\\/parana-se-viene-el-show-de-los-palmeras-junto-a-la-filarmonica\\\/\",\"name\":\"Paran\u00e1: se viene el show de Los Palmeras junto a la Filarm\u00f3nica - Informe Litoral\",\"isPartOf\":{\"@id\":\"https:\\\/\\\/informelitoral.com.ar\\\/#website\"},\"primaryImageOfPage\":{\"@id\":\"https:\\\/\\\/informelitoral.com.ar\\\/parana-se-viene-el-show-de-los-palmeras-junto-a-la-filarmonica\\\/#primaryimage\"},\"image\":{\"@id\":\"https:\\\/\\\/informelitoral.com.ar\\\/parana-se-viene-el-show-de-los-palmeras-junto-a-la-filarmonica\\\/#primaryimage\"},\"thumbnailUrl\":\"https:\\\/\\\/informelitoral.com.ar\\\/%77%70%2d%63%6f%6e%74%65%6e%74\\\/uploads\\\/2018\\\/05\\\/los-palmeras-filarmonica.jpg\",\"datePublished\":\"2018-05-19T21:00:22+00:00\",\"dateModified\":\"2018-05-19T21:03:57+00:00\",\"breadcrumb\":{\"@id\":\"https:\\\/\\\/informelitoral.com.ar\\\/parana-se-viene-el-show-de-los-palmeras-junto-a-la-filarmonica\\\/#breadcrumb\"},\"inLanguage\":\"es\",\"potentialAction\":[{\"@type\":\"ReadAction\",\"target\":[\"https:\\\/\\\/informelitoral.com.ar\\\/parana-se-viene-el-show-de-los-palmeras-junto-a-la-filarmonica\\\/\"]}]},{\"@type\":\"ImageObject\",\"inLanguage\":\"es\",\"@id\":\"https:\\\/\\\/informelitoral.com.ar\\\/parana-se-viene-el-show-de-los-palmeras-junto-a-la-filarmonica\\\/#primaryimage\",\"url\":\"https:\\\/\\\/informelitoral.com.ar\\\/%77%70%2d%63%6f%6e%74%65%6e%74\\\/uploads\\\/2018\\\/05\\\/los-palmeras-filarmonica.jpg\",\"contentUrl\":\"https:\\\/\\\/informelitoral.com.ar\\\/%77%70%2d%63%6f%6e%74%65%6e%74\\\/uploads\\\/2018\\\/05\\\/los-palmeras-filarmonica.jpg\",\"width\":800,\"height\":450},{\"@type\":\"BreadcrumbList\",\"@id\":\"https:\\\/\\\/informelitoral.com.ar\\\/parana-se-viene-el-show-de-los-palmeras-junto-a-la-filarmonica\\\/#breadcrumb\",\"itemListElement\":[{\"@type\":\"ListItem\",\"position\":1,\"name\":\"Portada\",\"item\":\"https:\\\/\\\/informelitoral.com.ar\\\/\"},{\"@type\":\"ListItem\",\"position\":2,\"name\":\"Paran\u00e1: se viene el show de Los Palmeras junto a la Filarm\u00f3nica\"}]},{\"@type\":\"WebSite\",\"@id\":\"https:\\\/\\\/informelitoral.com.ar\\\/#website\",\"url\":\"https:\\\/\\\/informelitoral.com.ar\\\/\",\"name\":\"Informe Litoral\",\"description\":\"&quot;Nos informamos&quot; \",\"publisher\":{\"@id\":\"https:\\\/\\\/informelitoral.com.ar\\\/#organization\"},\"potentialAction\":[{\"@type\":\"SearchAction\",\"target\":{\"@type\":\"EntryPoint\",\"urlTemplate\":\"https:\\\/\\\/informelitoral.com.ar\\\/?s={search_term_string}\"},\"query-input\":{\"@type\":\"PropertyValueSpecification\",\"valueRequired\":true,\"valueName\":\"search_term_string\"}}],\"inLanguage\":\"es\"},{\"@type\":\"Organization\",\"@id\":\"https:\\\/\\\/informelitoral.com.ar\\\/#organization\",\"name\":\"Informe Litoral\",\"url\":\"https:\\\/\\\/informelitoral.com.ar\\\/\",\"logo\":{\"@type\":\"ImageObject\",\"inLanguage\":\"es\",\"@id\":\"https:\\\/\\\/informelitoral.com.ar\\\/#\\\/schema\\\/logo\\\/image\\\/\",\"url\":\"https:\\\/\\\/informelitoral.com.ar\\\/%77%70%2d%63%6f%6e%74%65%6e%74\\\/uploads\\\/2021\\\/01\\\/circulo.png\",\"contentUrl\":\"https:\\\/\\\/informelitoral.com.ar\\\/%77%70%2d%63%6f%6e%74%65%6e%74\\\/uploads\\\/2021\\\/01\\\/circulo.png\",\"width\":723,\"height\":731,\"caption\":\"Informe Litoral\"},\"image\":{\"@id\":\"https:\\\/\\\/informelitoral.com.ar\\\/#\\\/schema\\\/logo\\\/image\\\/\"},\"sameAs\":[\"https:\\\/\\\/www.facebook.com\\\/informelitoral\\\/\",\"https:\\\/\\\/x.com\\\/InformeLitoral\",\"https:\\\/\\\/www.instagram.com\\\/informelitoral\\\/\",\"https:\\\/\\\/www.youtube.com\\\/channel\\\/UCua4Qvz8Icb6MYqhoq9xLXw\"]},{\"@type\":\"Person\",\"@id\":\"https:\\\/\\\/informelitoral.com.ar\\\/#\\\/schema\\\/person\\\/b9d00407c836482871ef1d57bf8e3180\",\"name\":\"Gonzalo Schmidt\",\"image\":{\"@type\":\"ImageObject\",\"inLanguage\":\"es\",\"@id\":\"https:\\\/\\\/secure.gravatar.com\\\/avatar\\\/31a1a7b66ff2de83bd0e9fd79d026630d2d99e55e8bfe501287647b4fd9743de?s=96&d=mm&r=g\",\"url\":\"https:\\\/\\\/secure.gravatar.com\\\/avatar\\\/31a1a7b66ff2de83bd0e9fd79d026630d2d99e55e8bfe501287647b4fd9743de?s=96&d=mm&r=g\",\"contentUrl\":\"https:\\\/\\\/secure.gravatar.com\\\/avatar\\\/31a1a7b66ff2de83bd0e9fd79d026630d2d99e55e8bfe501287647b4fd9743de?s=96&d=mm&r=g\",\"caption\":\"Gonzalo Schmidt\"},\"description\":\"Sitio web de noticias de la provincia de Entre R\u00edos, Argentina. Informaci\u00f3n y entretenimiento. Informe Litoral, nos informamos.\",\"sameAs\":[\"http:\\\/\\\/www.isletasnoticias.com.ar\"],\"url\":\"https:\\\/\\\/informelitoral.com.ar\\\/author\\\/gonzalo\\\/\"}]}<\/script>","yoast_head_json":{"title":"Paran\u00e1: se viene el show de Los Palmeras junto a la Filarm\u00f3nica - Informe Litoral","robots":{"index":"index","follow":"follow","max-snippet":"max-snippet:-1","max-image-preview":"max-image-preview:large","max-video-preview":"max-video-preview:-1"},"canonical":"https:\/\/informelitoral.com.ar\/parana-se-viene-el-show-de-los-palmeras-junto-a-la-filarmonica\/","og_locale":"es_ES","og_type":"article","og_title":"Paran\u00e1: se viene el show de Los Palmeras junto a la Filarm\u00f3nica - Informe Litoral","og_description":"De cara a los que ser\u00e1 el imponente show, la Provincia diagrama un operativo de seguridad y de tr\u00e1nsito, el cual implicar\u00e1 adem\u00e1s, cortes de calles y cambios en los recorridos de las l\u00edneas de colectivos.","og_url":"https:\/\/informelitoral.com.ar\/parana-se-viene-el-show-de-los-palmeras-junto-a-la-filarmonica\/","og_site_name":"Informe Litoral","article_publisher":"https:\/\/www.facebook.com\/informelitoral\/","article_published_time":"2018-05-19T21:00:22+00:00","article_modified_time":"2018-05-19T21:03:57+00:00","og_image":[{"width":800,"height":450,"url":"https:\/\/informelitoral.com.ar\/%77%70%2d%63%6f%6e%74%65%6e%74\/uploads\/2018\/05\/los-palmeras-filarmonica.jpg","type":"image\/jpeg"}],"author":"Gonzalo Schmidt","twitter_card":"summary_large_image","twitter_creator":"@InformeLitoral","twitter_site":"@InformeLitoral","twitter_misc":{"Escrito por":"Gonzalo Schmidt","Tiempo de lectura":"3 minutos"},"schema":{"@context":"https:\/\/schema.org","@graph":[{"@type":"Article","@id":"https:\/\/informelitoral.com.ar\/parana-se-viene-el-show-de-los-palmeras-junto-a-la-filarmonica\/#article","isPartOf":{"@id":"https:\/\/informelitoral.com.ar\/parana-se-viene-el-show-de-los-palmeras-junto-a-la-filarmonica\/"},"author":{"name":"Gonzalo Schmidt","@id":"https:\/\/informelitoral.com.ar\/#\/schema\/person\/b9d00407c836482871ef1d57bf8e3180"},"headline":"Paran\u00e1: se viene el show de Los Palmeras junto a la Filarm\u00f3nica","datePublished":"2018-05-19T21:00:22+00:00","dateModified":"2018-05-19T21:03:57+00:00","mainEntityOfPage":{"@id":"https:\/\/informelitoral.com.ar\/parana-se-viene-el-show-de-los-palmeras-junto-a-la-filarmonica\/"},"wordCount":660,"commentCount":0,"publisher":{"@id":"https:\/\/informelitoral.com.ar\/#organization"},"image":{"@id":"https:\/\/informelitoral.com.ar\/parana-se-viene-el-show-de-los-palmeras-junto-a-la-filarmonica\/#primaryimage"},"thumbnailUrl":"https:\/\/informelitoral.com.ar\/%77%70%2d%63%6f%6e%74%65%6e%74\/uploads\/2018\/05\/los-palmeras-filarmonica.jpg","keywords":["Cumbia","Los Palmeras","M\u00fasica","Paran\u00e1","Plaza Mansilla","Show"],"articleSection":["Entre R\u00edos","Sociedad"],"inLanguage":"es","potentialAction":[{"@type":"CommentAction","name":"Comment","target":["https:\/\/informelitoral.com.ar\/parana-se-viene-el-show-de-los-palmeras-junto-a-la-filarmonica\/#respond"]}]},{"@type":"WebPage","@id":"https:\/\/informelitoral.com.ar\/parana-se-viene-el-show-de-los-palmeras-junto-a-la-filarmonica\/","url":"https:\/\/informelitoral.com.ar\/parana-se-viene-el-show-de-los-palmeras-junto-a-la-filarmonica\/","name":"Paran\u00e1: se viene el show de Los Palmeras junto a la Filarm\u00f3nica - Informe Litoral","isPartOf":{"@id":"https:\/\/informelitoral.com.ar\/#website"},"primaryImageOfPage":{"@id":"https:\/\/informelitoral.com.ar\/parana-se-viene-el-show-de-los-palmeras-junto-a-la-filarmonica\/#primaryimage"},"image":{"@id":"https:\/\/informelitoral.com.ar\/parana-se-viene-el-show-de-los-palmeras-junto-a-la-filarmonica\/#primaryimage"},"thumbnailUrl":"https:\/\/informelitoral.com.ar\/%77%70%2d%63%6f%6e%74%65%6e%74\/uploads\/2018\/05\/los-palmeras-filarmonica.jpg","datePublished":"2018-05-19T21:00:22+00:00","dateModified":"2018-05-19T21:03:57+00:00","breadcrumb":{"@id":"https:\/\/informelitoral.com.ar\/parana-se-viene-el-show-de-los-palmeras-junto-a-la-filarmonica\/#breadcrumb"},"inLanguage":"es","potentialAction":[{"@type":"ReadAction","target":["https:\/\/informelitoral.com.ar\/parana-se-viene-el-show-de-los-palmeras-junto-a-la-filarmonica\/"]}]},{"@type":"ImageObject","inLanguage":"es","@id":"https:\/\/informelitoral.com.ar\/parana-se-viene-el-show-de-los-palmeras-junto-a-la-filarmonica\/#primaryimage","url":"https:\/\/informelitoral.com.ar\/%77%70%2d%63%6f%6e%74%65%6e%74\/uploads\/2018\/05\/los-palmeras-filarmonica.jpg","contentUrl":"https:\/\/informelitoral.com.ar\/%77%70%2d%63%6f%6e%74%65%6e%74\/uploads\/2018\/05\/los-palmeras-filarmonica.jpg","width":800,"height":450},{"@type":"BreadcrumbList","@id":"https:\/\/informelitoral.com.ar\/parana-se-viene-el-show-de-los-palmeras-junto-a-la-filarmonica\/#breadcrumb","itemListElement":[{"@type":"ListItem","position":1,"name":"Portada","item":"https:\/\/informelitoral.com.ar\/"},{"@type":"ListItem","position":2,"name":"Paran\u00e1: se viene el show de Los Palmeras junto a la Filarm\u00f3nica"}]},{"@type":"WebSite","@id":"https:\/\/informelitoral.com.ar\/#website","url":"https:\/\/informelitoral.com.ar\/","name":"Informe Litoral","description":"&quot;Nos informamos&quot; ","publisher":{"@id":"https:\/\/informelitoral.com.ar\/#organization"},"potentialAction":[{"@type":"SearchAction","target":{"@type":"EntryPoint","urlTemplate":"https:\/\/informelitoral.com.ar\/?s={search_term_string}"},"query-input":{"@type":"PropertyValueSpecification","valueRequired":true,"valueName":"search_term_string"}}],"inLanguage":"es"},{"@type":"Organization","@id":"https:\/\/informelitoral.com.ar\/#organization","name":"Informe Litoral","url":"https:\/\/informelitoral.com.ar\/","logo":{"@type":"ImageObject","inLanguage":"es","@id":"https:\/\/informelitoral.com.ar\/#\/schema\/logo\/image\/","url":"https:\/\/informelitoral.com.ar\/%77%70%2d%63%6f%6e%74%65%6e%74\/uploads\/2021\/01\/circulo.png","contentUrl":"https:\/\/informelitoral.com.ar\/%77%70%2d%63%6f%6e%74%65%6e%74\/uploads\/2021\/01\/circulo.png","width":723,"height":731,"caption":"Informe Litoral"},"image":{"@id":"https:\/\/informelitoral.com.ar\/#\/schema\/logo\/image\/"},"sameAs":["https:\/\/www.facebook.com\/informelitoral\/","https:\/\/x.com\/InformeLitoral","https:\/\/www.instagram.com\/informelitoral\/","https:\/\/www.youtube.com\/channel\/UCua4Qvz8Icb6MYqhoq9xLXw"]},{"@type":"Person","@id":"https:\/\/informelitoral.com.ar\/#\/schema\/person\/b9d00407c836482871ef1d57bf8e3180","name":"Gonzalo Schmidt","image":{"@type":"ImageObject","inLanguage":"es","@id":"https:\/\/secure.gravatar.com\/avatar\/31a1a7b66ff2de83bd0e9fd79d026630d2d99e55e8bfe501287647b4fd9743de?s=96&d=mm&r=g","url":"https:\/\/secure.gravatar.com\/avatar\/31a1a7b66ff2de83bd0e9fd79d026630d2d99e55e8bfe501287647b4fd9743de?s=96&d=mm&r=g","contentUrl":"https:\/\/secure.gravatar.com\/avatar\/31a1a7b66ff2de83bd0e9fd79d026630d2d99e55e8bfe501287647b4fd9743de?s=96&d=mm&r=g","caption":"Gonzalo Schmidt"},"description":"Sitio web de noticias de la provincia de Entre R\u00edos, Argentina. Informaci\u00f3n y entretenimiento. Informe Litoral, nos informamos.","sameAs":["http:\/\/www.isletasnoticias.com.ar"],"url":"https:\/\/informelitoral.com.ar\/author\/gonzalo\/"}]}},"_links":{"self":[{"href":"https:\/\/informelitoral.com.ar\/%77%70%2d%6a%73%6f%6e\/wp\/v2\/posts\/26805","targetHints":{"allow":["GET"]}}],"collection":[{"href":"https:\/\/informelitoral.com.ar\/%77%70%2d%6a%73%6f%6e\/wp\/v2\/posts"}],"about":[{"href":"https:\/\/informelitoral.com.ar\/%77%70%2d%6a%73%6f%6e\/wp\/v2\/types\/post"}],"author":[{"embeddable":true,"href":"https:\/\/informelitoral.com.ar\/%77%70%2d%6a%73%6f%6e\/wp\/v2\/users\/2"}],"replies":[{"embeddable":true,"href":"https:\/\/informelitoral.com.ar\/%77%70%2d%6a%73%6f%6e\/wp\/v2\/comments?post=26805"}],"version-history":[{"count":0,"href":"https:\/\/informelitoral.com.ar\/%77%70%2d%6a%73%6f%6e\/wp\/v2\/posts\/26805\/revisions"}],"wp:featuredmedia":[{"embeddable":true,"href":"https:\/\/informelitoral.com.ar\/%77%70%2d%6a%73%6f%6e\/wp\/v2\/media\/26806"}],"wp:attachment":[{"href":"https:\/\/informelitoral.com.ar\/%77%70%2d%6a%73%6f%6e\/wp\/v2\/media?parent=26805"}],"wp:term":[{"taxonomy":"category","embeddable":true,"href":"https:\/\/informelitoral.com.ar\/%77%70%2d%6a%73%6f%6e\/wp\/v2\/categories?post=26805"},{"taxonomy":"post_tag","embeddable":true,"href":"https:\/\/informelitoral.com.ar\/%77%70%2d%6a%73%6f%6e\/wp\/v2\/tags?post=26805"}],"curies":[{"name":"wp","href":"https:\/\/api.w.org\/{rel}","templated":true}]}}